{"id":31567,"date":"2024-11-07T13:04:55","date_gmt":"2024-11-07T12:04:55","guid":{"rendered":"https:\/\/www.organisator.ch\/?p=31567"},"modified":"2024-11-06T13:07:40","modified_gmt":"2024-11-06T12:07:40","slug":"nachhaltiger-arbeitsplatz-kann-lebensspanne-von-endgeraeten-verdoppeln","status":"publish","type":"post","link":"https:\/\/www.organisator.ch\/it\/sustainability\/2024-11-07\/nachhaltiger-arbeitsplatz-kann-lebensspanne-von-endgeraeten-verdoppeln\/","title":{"rendered":"Un luogo di lavoro sostenibile pu\u00f2 raddoppiare la durata di vita dei dispositivi finali"},"content":{"rendered":"<figure id=\"attachment_31568\" aria-describedby=\"caption-attachment-31568\" style=\"width: 680px\" class=\"wp-caption alignnone\"><img loading=\"lazy\" decoding=\"async\" class=\"size-full wp-image-31568\" src=\"https:\/\/www.organisator.ch\/wp-content\/uploads\/2024\/11\/Atos-Studie_Bild1_ps.jpg\" alt=\"\" width=\"680\" height=\"454\" srcset=\"https:\/\/www.organisator.ch\/wp-content\/uploads\/2024\/11\/Atos-Studie_Bild1_ps.jpg 680w, https:\/\/www.organisator.ch\/wp-content\/uploads\/2024\/11\/Atos-Studie_Bild1_ps-18x12.jpg 18w, https:\/\/www.organisator.ch\/wp-content\/uploads\/2024\/11\/Atos-Studie_Bild1_ps-375x250.jpg 375w, https:\/\/www.organisator.ch\/wp-content\/uploads\/2024\/11\/Atos-Studie_Bild1_ps-524x350.jpg 524w\" sizes=\"auto, (max-width: 680px) 100vw, 680px\" \/><figcaption id=\"caption-attachment-31568\" class=\"wp-caption-text\">L'ultimo studio di Atos dimostra che l'implementazione di una gestione sostenibile, di processi sostenibili e dell'adattamento di pratiche comuni non deve essere necessariamente lunga o costosa. (Immagine: www.depositphotos.com)<\/figcaption><\/figure>\n<p>Poich\u00e9 il 79% dell'impronta di carbonio di un computer portatile viene creato durante la produzione, con 338 chilogrammi di CO2 gi\u00e0 prima del primo utilizzo, l'estensione del ciclo di vita del prodotto pu\u00f2 fare una grande differenza. Inoltre, secondo il nuovo studio, ci\u00f2 \u00e8 possibile senza alcun impatto sulla soddisfazione degli utenti. Le aziende che estendono il ciclo di aggiornamento da tre a quattro anni possono ridurre le emissioni associate del 25%. Un aggiornamento basato sui dati in combinazione con la rigenerazione pu\u00f2 addirittura aumentare il ciclo di vita del prodotto a otto-dieci anni.<\/p>\n<p>Lo studio di Atos ha anche rivelato che il 76% dei computer portatili delle grandi aziende \u00e8 adatto alla rigenerazione. Il restante 24% dei dispositivi potrebbe essere ricondizionato o riciclato.<\/p>\n<h3><strong>Le emissioni di CO2 possono cambiare pi\u00f9 volte nell'arco di una giornata <\/strong><\/h3>\n<p>Nello studio, Atos sottolinea anche il ruolo essenziale dei dipendenti nel raggiungimento degli obiettivi di sostenibilit\u00e0 IT. Il 75% dei dipendenti sarebbe disposto a lasciare il proprio laptop in funzione pi\u00f9 a lungo se fosse consapevole dei vantaggi ambientali. Tuttavia, la pratica comune di lasciare i computer portatili sempre accesi dimostra che gli utenti devono essere sensibilizzati all'uso del risparmio energetico. Le emissioni di CO2 di un dispositivo possono cambiare pi\u00f9 volte nel corso di una giornata. Informare automaticamente l'utente sul momento migliore per ricaricare la batteria pu\u00f2 aumentare l'efficienza energetica.<\/p>\n<p>I dati indicano che il 57% delle emissioni ICT \u00e8 causato dai dispositivi stessi e dall'ambiente di lavoro. Atos, leader globale nel digital workplace, ha analizzato un totale di 28,5 milioni di dispositivi in aziende di medie e grandi dimensioni e ha valutato i dati insieme ai suoi partner Nexthink, Tier1 e Circular Computing per ricavare importanti raccomandazioni per la sostenibilit\u00e0 dell'IT.<\/p>\n<p>Leon Gilbert, Senior Vice President Digital Workplace di Atos, afferma: \"Volevamo utilizzare la grande quantit\u00e0 di dati a nostra disposizione come Atos e i nostri partner per sfidare le precedenti convenzioni nella gestione dei dispositivi e identificare nuove opportunit\u00e0 per le aziende e i loro fornitori di servizi IT. Alcuni risultati hanno sorpreso anche i nostri esperti. Ora possiamo massimizzare il valore finanziario, ambientale e sociale di ogni dispositivo senza ridurre al minimo la soddisfazione degli utenti.\"<\/p>\n<p>David Welling, IT Sustainability Governance Lead di National Grid, aggiunge: \"Nella nostra organizzazione vogliamo utilizzare i dati per prendere decisioni pi\u00f9 sostenibili sull'utilizzo. Al giorno d'oggi, pochi di noi pensano di utilizzare i propri dispositivi in linea con l'utilizzo dei nostri fornitori di energia. Tuttavia, nessuno dubiterebbe che abbia senso caricare il proprio portatile di notte, quando la domanda \u00e8 pi\u00f9 bassa e le fonti energetiche sono pi\u00f9 rispettose dell'ambiente. Se combiniamo questa flessibilit\u00e0 con l'ICT, abbiamo una reale opportunit\u00e0 di ridurre le emissioni di gas serra dell'intero sistema energetico di interi Paesi\".<\/p>\n<h3><strong>Implementazione non lunga n\u00e9 costosa<\/strong><\/h3>\n<p>In sintesi, l'attuale studio di Atos dimostra che l'implementazione di una gestione sostenibile, di processi sostenibili e dell'adattamento di pratiche comuni non deve essere necessariamente lunga o costosa. Al contrario: le aziende possono trarre vantaggio dai risultati dello studio. Ci\u00f2 che possiamo misurare, possiamo anche cambiare, \u00e8 il motto di Atos, che sottolinea ancora una volta l'importanza di dati coerenti in tempo reale per il raggiungimento degli obiettivi ambientali.<\/p>\n<p>I team di Atos forniscono soluzioni end-to-end per l'esperienza dell'utente attraverso strumenti di collaborazione e produttivit\u00e0 digitale e soluzioni di assistenza clienti intelligenti. La Sustainable Digital Workplace Suite di Atos comprende oltre 20 servizi e soluzioni \"Tech for Good\" che si occupano di valore sociale e accessibilit\u00e0, nonch\u00e9 di analisi dei dati e interfacce utente. A marzo di quest'anno, Gartner ha nominato Atos Leader nel Magic Quadrant 2024 per i servizi di Outsourcing Digital Workplace (ODWS) per l'ottavo anno consecutivo.<\/p>\n<p><em>Fonte: <a href=\"http:\/\/www.atos.net\">www.atos.net<\/a><\/em><\/p>","protected":false},"excerpt":{"rendered":"<p>Un nuovo studio di Atos fornisce alle aziende una solida base di conoscenze per prendere decisioni migliori per la loro infrastruttura IT in linea con le loro strategie di CSR. Lo studio, intitolato \"Increasing Digital Workplace Sustainability: Data-driven Strategy to Accelerate Progress Together\" (Aumentare la sostenibilit\u00e0 del luogo di lavoro digitale: una strategia guidata dai dati per accelerare i progressi insieme), documenta le notevoli quantit\u00e0 di rifiuti elettronici generati nel settore IT ed espone le soluzioni proposte.<\/p>","protected":false},"author":80,"featured_media":31568,"comment_status":"closed","ping_status":"closed","sticky":false,"template":"","format":"standard","meta":{"_acf_changed":false,"_yoast_wpseo_focuskw":"Atos-Studie","_yoast_wpseo_metadesc":"Eine neue Atos-Studie liefert Unternehmen fundierte Erkenntnisse, um bessere Entscheidungen f\u00fcr ihre IT-Infrastruktur im Einklang mit den eigenen CSR-Strategien zu treffen.","articlekey":"","footnotes":""},"categories":[580],"tags":[50,286,1783,1787,492],"class_list":["post-31567","post","type-post","status-publish","format-standard","has-post-thumbnail","hentry","category-sustainability","tag-arbeitsplatz","tag-it","tag-nachhaltiges-management","tag-nachhaltigkeit","tag-unternehmen"],"acf":[],"yoast_head":"<!-- This site is optimized with the Yoast SEO plugin v27.5 - https:\/\/yoast.com\/product\/yoast-seo-wordpress\/ -->\n<title>Nachhaltiger Arbeitsplatz kann Lebensspanne von Endger\u00e4ten verdoppeln - Organisator<\/title>\n<meta name=\"description\" content=\"Eine neue Atos-Studie liefert Unternehmen fundierte Erkenntnisse, um bessere Entscheidungen f\u00fcr ihre IT-Infrastruktur im Einklang mit den eigenen CSR-Strategien zu treffen.\" \/>\n<meta name=\"robots\" content=\"index, follow, max-snippet:-1, max-image-preview:large, max-video-preview:-1\" \/>\n<link rel=\"canonical\" href=\"https:\/\/www.organisator.ch\/it\/sostenibilita\/2024-11-07\/nachhaltiger-arbeitsplatz-kann-lebensspanne-von-endgeraeten-verdoppeln\/\" \/>\n<meta property=\"og:locale\" content=\"it_IT\" \/>\n<meta property=\"og:type\" content=\"article\" \/>\n<meta property=\"og:title\" content=\"Nachhaltiger Arbeitsplatz kann Lebensspanne von Endger\u00e4ten verdoppeln\" \/>\n<meta property=\"og:description\" content=\"Eine neue Atos-Studie liefert Unternehmen fundierte Erkenntnisse, um bessere Entscheidungen f\u00fcr ihre IT-Infrastruktur im Einklang mit den eigenen CSR-Strategien zu treffen.\" \/>\n<meta property=\"og:url\" content=\"https:\/\/www.organisator.ch\/it\/sostenibilita\/2024-11-07\/nachhaltiger-arbeitsplatz-kann-lebensspanne-von-endgeraeten-verdoppeln\/\" \/>\n<meta property=\"og:site_name\" content=\"Organisator\" \/>\n<meta property=\"article:publisher\" content=\"https:\/\/www.facebook.com\/OrganisatorFachmagazin\" \/>\n<meta property=\"article:published_time\" content=\"2024-11-07T12:04:55+00:00\" \/>\n<meta property=\"og:image\" content=\"https:\/\/www.organisator.ch\/wp-content\/uploads\/2024\/11\/Atos-Studie_Bild1_ps.jpg\" \/>\n\t<meta property=\"og:image:width\" content=\"680\" \/>\n\t<meta property=\"og:image:height\" content=\"454\" \/>\n\t<meta property=\"og:image:type\" content=\"image\/jpeg\" \/>\n<meta name=\"author\" content=\"Dzana Muminovic\" \/>\n<meta name=\"twitter:card\" content=\"summary_large_image\" \/>\n<meta name=\"twitter:title\" content=\"Nachhaltiger Arbeitsplatz kann Lebensspanne von Endger\u00e4ten verdoppeln\" \/>\n<meta name=\"twitter:description\" content=\"Eine neue #Atos-#Studie liefert #Unternehmen fundierte Erkenntnisse, um bessere #Entscheidungen f\u00fcr ihre #IT-Infrastruktur im Einklang mit den eigenen #CSR-Strategien zu treffen.\" \/>\n<meta name=\"twitter:image\" content=\"https:\/\/www.organisator.ch\/wp-content\/uploads\/2024\/11\/Atos-Studie_Bild1_ps.jpg\" \/>\n<script type=\"application\/ld+json\" class=\"yoast-schema-graph\">{\"@context\":\"https:\\\/\\\/schema.org\",\"@graph\":[{\"@type\":\"Article\",\"@id\":\"https:\\\/\\\/www.organisator.ch\\\/sustainability\\\/2024-11-07\\\/nachhaltiger-arbeitsplatz-kann-lebensspanne-von-endgeraeten-verdoppeln\\\/#article\",\"isPartOf\":{\"@id\":\"https:\\\/\\\/www.organisator.ch\\\/sustainability\\\/2024-11-07\\\/nachhaltiger-arbeitsplatz-kann-lebensspanne-von-endgeraeten-verdoppeln\\\/\"},\"author\":{\"name\":\"Dzana Muminovic\",\"@id\":\"https:\\\/\\\/www.organisator.ch\\\/#\\\/schema\\\/person\\\/afccda3a71c06d4be2ed9100dd163db7\"},\"headline\":\"Nachhaltiger Arbeitsplatz kann Lebensspanne von Endger\u00e4ten verdoppeln\",\"datePublished\":\"2024-11-07T12:04:55+00:00\",\"mainEntityOfPage\":{\"@id\":\"https:\\\/\\\/www.organisator.ch\\\/sustainability\\\/2024-11-07\\\/nachhaltiger-arbeitsplatz-kann-lebensspanne-von-endgeraeten-verdoppeln\\\/\"},\"wordCount\":657,\"publisher\":{\"@id\":\"https:\\\/\\\/www.organisator.ch\\\/#organization\"},\"image\":{\"@id\":\"https:\\\/\\\/www.organisator.ch\\\/sustainability\\\/2024-11-07\\\/nachhaltiger-arbeitsplatz-kann-lebensspanne-von-endgeraeten-verdoppeln\\\/#primaryimage\"},\"thumbnailUrl\":\"https:\\\/\\\/www.organisator.ch\\\/wp-content\\\/uploads\\\/2024\\\/11\\\/Atos-Studie_Bild1_ps.jpg\",\"keywords\":[\"Arbeitsplatz\",\"IT\",\"Nachhaltiges Management\",\"Nachhaltigkeit\",\"Unternehmen\"],\"articleSection\":[\"SUSTAINABILITY\"],\"inLanguage\":\"it-IT\"},{\"@type\":\"WebPage\",\"@id\":\"https:\\\/\\\/www.organisator.ch\\\/sustainability\\\/2024-11-07\\\/nachhaltiger-arbeitsplatz-kann-lebensspanne-von-endgeraeten-verdoppeln\\\/\",\"url\":\"https:\\\/\\\/www.organisator.ch\\\/sustainability\\\/2024-11-07\\\/nachhaltiger-arbeitsplatz-kann-lebensspanne-von-endgeraeten-verdoppeln\\\/\",\"name\":\"Nachhaltiger Arbeitsplatz kann Lebensspanne von Endger\u00e4ten verdoppeln - Organisator\",\"isPartOf\":{\"@id\":\"https:\\\/\\\/www.organisator.ch\\\/#website\"},\"primaryImageOfPage\":{\"@id\":\"https:\\\/\\\/www.organisator.ch\\\/sustainability\\\/2024-11-07\\\/nachhaltiger-arbeitsplatz-kann-lebensspanne-von-endgeraeten-verdoppeln\\\/#primaryimage\"},\"image\":{\"@id\":\"https:\\\/\\\/www.organisator.ch\\\/sustainability\\\/2024-11-07\\\/nachhaltiger-arbeitsplatz-kann-lebensspanne-von-endgeraeten-verdoppeln\\\/#primaryimage\"},\"thumbnailUrl\":\"https:\\\/\\\/www.organisator.ch\\\/wp-content\\\/uploads\\\/2024\\\/11\\\/Atos-Studie_Bild1_ps.jpg\",\"datePublished\":\"2024-11-07T12:04:55+00:00\",\"description\":\"Eine neue Atos-Studie liefert Unternehmen fundierte Erkenntnisse, um bessere Entscheidungen f\u00fcr ihre IT-Infrastruktur im Einklang mit den eigenen CSR-Strategien zu treffen.\",\"breadcrumb\":{\"@id\":\"https:\\\/\\\/www.organisator.ch\\\/sustainability\\\/2024-11-07\\\/nachhaltiger-arbeitsplatz-kann-lebensspanne-von-endgeraeten-verdoppeln\\\/#breadcrumb\"},\"inLanguage\":\"it-IT\",\"potentialAction\":[{\"@type\":\"ReadAction\",\"target\":[\"https:\\\/\\\/www.organisator.ch\\\/sustainability\\\/2024-11-07\\\/nachhaltiger-arbeitsplatz-kann-lebensspanne-von-endgeraeten-verdoppeln\\\/\"]}]},{\"@type\":\"ImageObject\",\"inLanguage\":\"it-IT\",\"@id\":\"https:\\\/\\\/www.organisator.ch\\\/sustainability\\\/2024-11-07\\\/nachhaltiger-arbeitsplatz-kann-lebensspanne-von-endgeraeten-verdoppeln\\\/#primaryimage\",\"url\":\"https:\\\/\\\/www.organisator.ch\\\/wp-content\\\/uploads\\\/2024\\\/11\\\/Atos-Studie_Bild1_ps.jpg\",\"contentUrl\":\"https:\\\/\\\/www.organisator.ch\\\/wp-content\\\/uploads\\\/2024\\\/11\\\/Atos-Studie_Bild1_ps.jpg\",\"width\":680,\"height\":454,\"caption\":\"Die aktuelle Atos-Studie zeigt, dass die Umsetzung eines nachhaltigen Managements, nachhaltiger Prozesse und die Anpassung g\u00e4ngiger Praktiken weder langwierig noch teuer sein muss. (Bild: www.depositphotos.com)\"},{\"@type\":\"BreadcrumbList\",\"@id\":\"https:\\\/\\\/www.organisator.ch\\\/sustainability\\\/2024-11-07\\\/nachhaltiger-arbeitsplatz-kann-lebensspanne-von-endgeraeten-verdoppeln\\\/#breadcrumb\",\"itemListElement\":[{\"@type\":\"ListItem\",\"position\":1,\"name\":\"Home\",\"item\":\"https:\\\/\\\/www.organisator.ch\\\/\"},{\"@type\":\"ListItem\",\"position\":2,\"name\":\"Nachhaltiger Arbeitsplatz kann Lebensspanne von Endger\u00e4ten verdoppeln\"}]},{\"@type\":\"WebSite\",\"@id\":\"https:\\\/\\\/www.organisator.ch\\\/#website\",\"url\":\"https:\\\/\\\/www.organisator.ch\\\/\",\"name\":\"Organisator\",\"description\":\"Kompetent. Praxisnah. Der ORGANISATOR bereitet in 10 Ausgaben pro Jahr die wesentlichen Themen f\u00fcr F\u00fchrungskr\u00e4fte von KMU auf.\",\"publisher\":{\"@id\":\"https:\\\/\\\/www.organisator.ch\\\/#organization\"},\"potentialAction\":[{\"@type\":\"SearchAction\",\"target\":{\"@type\":\"EntryPoint\",\"urlTemplate\":\"https:\\\/\\\/www.organisator.ch\\\/?s={search_term_string}\"},\"query-input\":{\"@type\":\"PropertyValueSpecification\",\"valueRequired\":true,\"valueName\":\"search_term_string\"}}],\"inLanguage\":\"it-IT\"},{\"@type\":\"Organization\",\"@id\":\"https:\\\/\\\/www.organisator.ch\\\/#organization\",\"name\":\"Organisator\",\"url\":\"https:\\\/\\\/www.organisator.ch\\\/\",\"logo\":{\"@type\":\"ImageObject\",\"inLanguage\":\"it-IT\",\"@id\":\"https:\\\/\\\/www.organisator.ch\\\/#\\\/schema\\\/logo\\\/image\\\/\",\"url\":\"https:\\\/\\\/www.organisator.ch\\\/wp-content\\\/uploads\\\/2022\\\/01\\\/Logo_Organisator_Website.png\",\"contentUrl\":\"https:\\\/\\\/www.organisator.ch\\\/wp-content\\\/uploads\\\/2022\\\/01\\\/Logo_Organisator_Website.png\",\"width\":800,\"height\":77,\"caption\":\"Organisator\"},\"image\":{\"@id\":\"https:\\\/\\\/www.organisator.ch\\\/#\\\/schema\\\/logo\\\/image\\\/\"},\"sameAs\":[\"https:\\\/\\\/www.facebook.com\\\/OrganisatorFachmagazin\",\"https:\\\/\\\/www.linkedin.com\\\/showcase\\\/organisator-das-magazin-fr-kmu\",\"https:\\\/\\\/www.xing.com\\\/news\\\/pages\\\/organisator-ch-695\",\"https:\\\/\\\/www.youtube.com\\\/channel\\\/UCGP2Sq0iWaZwT3BdIAQFYpw\"]},{\"@type\":\"Person\",\"@id\":\"https:\\\/\\\/www.organisator.ch\\\/#\\\/schema\\\/person\\\/afccda3a71c06d4be2ed9100dd163db7\",\"name\":\"Dzana Muminovic\",\"image\":{\"@type\":\"ImageObject\",\"inLanguage\":\"it-IT\",\"@id\":\"https:\\\/\\\/secure.gravatar.com\\\/avatar\\\/909c5c71aff4b38e88686f2ab2f1ba152571f394f41ed8bae431ea56ced93050?s=96&d=mm&r=g\",\"url\":\"https:\\\/\\\/secure.gravatar.com\\\/avatar\\\/909c5c71aff4b38e88686f2ab2f1ba152571f394f41ed8bae431ea56ced93050?s=96&d=mm&r=g\",\"contentUrl\":\"https:\\\/\\\/secure.gravatar.com\\\/avatar\\\/909c5c71aff4b38e88686f2ab2f1ba152571f394f41ed8bae431ea56ced93050?s=96&d=mm&r=g\",\"caption\":\"Dzana Muminovic\"},\"url\":\"https:\\\/\\\/www.organisator.ch\\\/it\\\/author\\\/dzana-muminovic\\\/\"}]}<\/script>\n<!-- \/ Yoast SEO plugin. -->","yoast_head_json":{"title":"Un luogo di lavoro sostenibile pu\u00f2 raddoppiare la durata di vita dei dispositivi finali - Organizzatore","description":"Un nuovo studio di Atos fornisce alle aziende informazioni utili per prendere decisioni migliori per la loro infrastruttura IT in linea con le loro strategie di CSR.","robots":{"index":"index","follow":"follow","max-snippet":"max-snippet:-1","max-image-preview":"max-image-preview:large","max-video-preview":"max-video-preview:-1"},"canonical":"https:\/\/www.organisator.ch\/it\/sostenibilita\/2024-11-07\/nachhaltiger-arbeitsplatz-kann-lebensspanne-von-endgeraeten-verdoppeln\/","og_locale":"it_IT","og_type":"article","og_title":"Nachhaltiger Arbeitsplatz kann Lebensspanne von Endger\u00e4ten verdoppeln","og_description":"Eine neue Atos-Studie liefert Unternehmen fundierte Erkenntnisse, um bessere Entscheidungen f\u00fcr ihre IT-Infrastruktur im Einklang mit den eigenen CSR-Strategien zu treffen.","og_url":"https:\/\/www.organisator.ch\/it\/sostenibilita\/2024-11-07\/nachhaltiger-arbeitsplatz-kann-lebensspanne-von-endgeraeten-verdoppeln\/","og_site_name":"Organisator","article_publisher":"https:\/\/www.facebook.com\/OrganisatorFachmagazin","article_published_time":"2024-11-07T12:04:55+00:00","og_image":[{"width":680,"height":454,"url":"https:\/\/www.organisator.ch\/wp-content\/uploads\/2024\/11\/Atos-Studie_Bild1_ps.jpg","type":"image\/jpeg"}],"author":"Dzana Muminovic","twitter_card":"summary_large_image","twitter_title":"Nachhaltiger Arbeitsplatz kann Lebensspanne von Endger\u00e4ten verdoppeln","twitter_description":"Eine neue #Atos-#Studie liefert #Unternehmen fundierte Erkenntnisse, um bessere #Entscheidungen f\u00fcr ihre #IT-Infrastruktur im Einklang mit den eigenen #CSR-Strategien zu treffen.","twitter_image":"https:\/\/www.organisator.ch\/wp-content\/uploads\/2024\/11\/Atos-Studie_Bild1_ps.jpg","schema":{"@context":"https:\/\/schema.org","@graph":[{"@type":"Article","@id":"https:\/\/www.organisator.ch\/sustainability\/2024-11-07\/nachhaltiger-arbeitsplatz-kann-lebensspanne-von-endgeraeten-verdoppeln\/#article","isPartOf":{"@id":"https:\/\/www.organisator.ch\/sustainability\/2024-11-07\/nachhaltiger-arbeitsplatz-kann-lebensspanne-von-endgeraeten-verdoppeln\/"},"author":{"name":"Dzana Muminovic","@id":"https:\/\/www.organisator.ch\/#\/schema\/person\/afccda3a71c06d4be2ed9100dd163db7"},"headline":"Nachhaltiger Arbeitsplatz kann Lebensspanne von Endger\u00e4ten verdoppeln","datePublished":"2024-11-07T12:04:55+00:00","mainEntityOfPage":{"@id":"https:\/\/www.organisator.ch\/sustainability\/2024-11-07\/nachhaltiger-arbeitsplatz-kann-lebensspanne-von-endgeraeten-verdoppeln\/"},"wordCount":657,"publisher":{"@id":"https:\/\/www.organisator.ch\/#organization"},"image":{"@id":"https:\/\/www.organisator.ch\/sustainability\/2024-11-07\/nachhaltiger-arbeitsplatz-kann-lebensspanne-von-endgeraeten-verdoppeln\/#primaryimage"},"thumbnailUrl":"https:\/\/www.organisator.ch\/wp-content\/uploads\/2024\/11\/Atos-Studie_Bild1_ps.jpg","keywords":["Arbeitsplatz","IT","Nachhaltiges Management","Nachhaltigkeit","Unternehmen"],"articleSection":["SUSTAINABILITY"],"inLanguage":"it-IT"},{"@type":"WebPage","@id":"https:\/\/www.organisator.ch\/sustainability\/2024-11-07\/nachhaltiger-arbeitsplatz-kann-lebensspanne-von-endgeraeten-verdoppeln\/","url":"https:\/\/www.organisator.ch\/sustainability\/2024-11-07\/nachhaltiger-arbeitsplatz-kann-lebensspanne-von-endgeraeten-verdoppeln\/","name":"Un luogo di lavoro sostenibile pu\u00f2 raddoppiare la durata di vita dei dispositivi finali - Organizzatore","isPartOf":{"@id":"https:\/\/www.organisator.ch\/#website"},"primaryImageOfPage":{"@id":"https:\/\/www.organisator.ch\/sustainability\/2024-11-07\/nachhaltiger-arbeitsplatz-kann-lebensspanne-von-endgeraeten-verdoppeln\/#primaryimage"},"image":{"@id":"https:\/\/www.organisator.ch\/sustainability\/2024-11-07\/nachhaltiger-arbeitsplatz-kann-lebensspanne-von-endgeraeten-verdoppeln\/#primaryimage"},"thumbnailUrl":"https:\/\/www.organisator.ch\/wp-content\/uploads\/2024\/11\/Atos-Studie_Bild1_ps.jpg","datePublished":"2024-11-07T12:04:55+00:00","description":"Un nuovo studio di Atos fornisce alle aziende informazioni utili per prendere decisioni migliori per la loro infrastruttura IT in linea con le loro strategie di CSR.","breadcrumb":{"@id":"https:\/\/www.organisator.ch\/sustainability\/2024-11-07\/nachhaltiger-arbeitsplatz-kann-lebensspanne-von-endgeraeten-verdoppeln\/#breadcrumb"},"inLanguage":"it-IT","potentialAction":[{"@type":"ReadAction","target":["https:\/\/www.organisator.ch\/sustainability\/2024-11-07\/nachhaltiger-arbeitsplatz-kann-lebensspanne-von-endgeraeten-verdoppeln\/"]}]},{"@type":"ImageObject","inLanguage":"it-IT","@id":"https:\/\/www.organisator.ch\/sustainability\/2024-11-07\/nachhaltiger-arbeitsplatz-kann-lebensspanne-von-endgeraeten-verdoppeln\/#primaryimage","url":"https:\/\/www.organisator.ch\/wp-content\/uploads\/2024\/11\/Atos-Studie_Bild1_ps.jpg","contentUrl":"https:\/\/www.organisator.ch\/wp-content\/uploads\/2024\/11\/Atos-Studie_Bild1_ps.jpg","width":680,"height":454,"caption":"Die aktuelle Atos-Studie zeigt, dass die Umsetzung eines nachhaltigen Managements, nachhaltiger Prozesse und die Anpassung g\u00e4ngiger Praktiken weder langwierig noch teuer sein muss. (Bild: www.depositphotos.com)"},{"@type":"BreadcrumbList","@id":"https:\/\/www.organisator.ch\/sustainability\/2024-11-07\/nachhaltiger-arbeitsplatz-kann-lebensspanne-von-endgeraeten-verdoppeln\/#breadcrumb","itemListElement":[{"@type":"ListItem","position":1,"name":"Home","item":"https:\/\/www.organisator.ch\/"},{"@type":"ListItem","position":2,"name":"Nachhaltiger Arbeitsplatz kann Lebensspanne von Endger\u00e4ten verdoppeln"}]},{"@type":"WebSite","@id":"https:\/\/www.organisator.ch\/#website","url":"https:\/\/www.organisator.ch\/","name":"Organizzatore","description":"Competente. Pratico. In 10 numeri all'anno, ORGANISATOR presenta i temi essenziali per i manager delle PMI.","publisher":{"@id":"https:\/\/www.organisator.ch\/#organization"},"potentialAction":[{"@type":"SearchAction","target":{"@type":"EntryPoint","urlTemplate":"https:\/\/www.organisator.ch\/?s={search_term_string}"},"query-input":{"@type":"PropertyValueSpecification","valueRequired":true,"valueName":"search_term_string"}}],"inLanguage":"it-IT"},{"@type":"Organization","@id":"https:\/\/www.organisator.ch\/#organization","name":"Organizzatore","url":"https:\/\/www.organisator.ch\/","logo":{"@type":"ImageObject","inLanguage":"it-IT","@id":"https:\/\/www.organisator.ch\/#\/schema\/logo\/image\/","url":"https:\/\/www.organisator.ch\/wp-content\/uploads\/2022\/01\/Logo_Organisator_Website.png","contentUrl":"https:\/\/www.organisator.ch\/wp-content\/uploads\/2022\/01\/Logo_Organisator_Website.png","width":800,"height":77,"caption":"Organisator"},"image":{"@id":"https:\/\/www.organisator.ch\/#\/schema\/logo\/image\/"},"sameAs":["https:\/\/www.facebook.com\/OrganisatorFachmagazin","https:\/\/www.linkedin.com\/showcase\/organisator-das-magazin-fr-kmu","https:\/\/www.xing.com\/news\/pages\/organisator-ch-695","https:\/\/www.youtube.com\/channel\/UCGP2Sq0iWaZwT3BdIAQFYpw"]},{"@type":"Person","@id":"https:\/\/www.organisator.ch\/#\/schema\/person\/afccda3a71c06d4be2ed9100dd163db7","name":"Dzana Muminovic","image":{"@type":"ImageObject","inLanguage":"it-IT","@id":"https:\/\/secure.gravatar.com\/avatar\/909c5c71aff4b38e88686f2ab2f1ba152571f394f41ed8bae431ea56ced93050?s=96&d=mm&r=g","url":"https:\/\/secure.gravatar.com\/avatar\/909c5c71aff4b38e88686f2ab2f1ba152571f394f41ed8bae431ea56ced93050?s=96&d=mm&r=g","contentUrl":"https:\/\/secure.gravatar.com\/avatar\/909c5c71aff4b38e88686f2ab2f1ba152571f394f41ed8bae431ea56ced93050?s=96&d=mm&r=g","caption":"Dzana Muminovic"},"url":"https:\/\/www.organisator.ch\/it\/author\/dzana-muminovic\/"}]}},"_links":{"self":[{"href":"https:\/\/www.organisator.ch\/it\/wp-json\/wp\/v2\/posts\/31567","targetHints":{"allow":["GET"]}}],"collection":[{"href":"https:\/\/www.organisator.ch\/it\/wp-json\/wp\/v2\/posts"}],"about":[{"href":"https:\/\/www.organisator.ch\/it\/wp-json\/wp\/v2\/types\/post"}],"author":[{"embeddable":true,"href":"https:\/\/www.organisator.ch\/it\/wp-json\/wp\/v2\/users\/80"}],"replies":[{"embeddable":true,"href":"https:\/\/www.organisator.ch\/it\/wp-json\/wp\/v2\/comments?post=31567"}],"version-history":[{"count":3,"href":"https:\/\/www.organisator.ch\/it\/wp-json\/wp\/v2\/posts\/31567\/revisions"}],"predecessor-version":[{"id":31867,"href":"https:\/\/www.organisator.ch\/it\/wp-json\/wp\/v2\/posts\/31567\/revisions\/31867"}],"wp:featuredmedia":[{"embeddable":true,"href":"https:\/\/www.organisator.ch\/it\/wp-json\/wp\/v2\/media\/31568"}],"wp:attachment":[{"href":"https:\/\/www.organisator.ch\/it\/wp-json\/wp\/v2\/media?parent=31567"}],"wp:term":[{"taxonomy":"category","embeddable":true,"href":"https:\/\/www.organisator.ch\/it\/wp-json\/wp\/v2\/categories?post=31567"},{"taxonomy":"post_tag","embeddable":true,"href":"https:\/\/www.organisator.ch\/it\/wp-json\/wp\/v2\/tags?post=31567"}],"curies":[{"name":"wp","href":"https:\/\/api.w.org\/{rel}","templated":true}]}}