{"id":31782,"date":"2024-11-07T14:39:47","date_gmt":"2024-11-07T13:39:47","guid":{"rendered":"https:\/\/www.markt-kom.com\/?p=226270"},"modified":"2024-11-07T16:14:29","modified_gmt":"2024-11-07T15:14:29","slug":"audienzz-uebernimmt-digitalagentur-attackera","status":"publish","type":"post","link":"https:\/\/www.organisator.ch\/it\/marketing\/2024-11-07\/audienzz-uebernimmt-digitalagentur-attackera\/","title":{"rendered":"Audienzz rileva l'agenzia digitale Attackera"},"content":{"rendered":"<p><img class=\"alignnone wp-image-226278 size-full\" src=\"https:\/\/www.markt-kom.com\/wp-content\/uploads\/2024\/11\/audienzz-Logo-2017-205180.png\" alt=\"Pubblico\" width=\"588\" height=\"331\" \/>La societ\u00e0 madre Audienzz si concentra sulla commercializzazione di ambienti pubblicitari digitali e sulle sue tecnologie pubblicitarie specifiche come adconsole, semantIQ e Yaleo. L'unit\u00e0 di programmatic buying AdFact sar\u00e0 integrata nella controllata Attackera, specializzata in quest'area di business. Questo passo rafforzer\u00e0 le competenze di base di entrambe le societ\u00e0.<\/p>\r\n<p>Una componente chiave dell'acquisizione strategica \u00e8 rappresentata dagli effetti di sinergia nel settore tecnologico. L'esperienza di sviluppo del team di 40 ingegneri software di audienzz supporter\u00e0 in futuro anche l'attivit\u00e0 di agenzia digitale di Attackera. Ci\u00f2 consentir\u00e0 ad Attackera di assumere un ruolo di primo piano nel mercato della pubblicit\u00e0 digitale guidata dalla tecnologia, che subir\u00e0 un cambiamento duraturo, in particolare grazie agli sviluppi nel campo dell'intelligenza artificiale. Ci\u00f2 creer\u00e0 una chiara prospettiva di crescita sostenibile e di innovazione per Attackera. Attackera continuer\u00e0 a operare in modo indipendente sul mercato e a fornire servizi nelle sue competenze chiave di pubblicit\u00e0 digitale, analisi dei dati e consulenza strategica.<\/p>\r\n<p>Remo Baumeler, CEO di Audienzz, afferma: \"Acquisendo Attackera e concentrandoci sulle rispettive competenze chiave di audienzz e Attackera, ci assicuriamo di utilizzare al meglio le nostre risorse per raggiungere i nostri obiettivi strategici. Collaboriamo con successo con Attackera da molto tempo e apprezziamo il suo lavoro professionale. Siamo molto lieti di accogliere i nostri colleghi come parte della famiglia audienzz\".<\/p>\r\n<p>Stephan Frey, fondatore, ex azionista di maggioranza e CEO di Attackera, manterr\u00e0 il suo ruolo dirigenziale. Egli afferma: \"Con Audienzz abbiamo trovato il nuovo proprietario ideale per Attackera. Il nostro rapporto commerciale di lunga data funziona molto bene sia a livello professionale che personale. Non vedo l'ora di continuare la nostra collaborazione e sono convinto che l'agenzia sia in buone mani con Audienzz. Insieme, continueremo a realizzare il potenziale della pubblicit\u00e0 digitale e a contribuire al successo dei nostri clienti\".<\/p>\r\n<hr \/>\r\n<p><em>Audienzz \u00e8 uno dei principali specialisti nel campo della pubblicit\u00e0 digitale. Un team di oltre 100 esperti internazionali garantisce il successo di inserzionisti ed editori con un'efficace combinazione di tecnologia e competenze di marketing. audienzz \u00e8 stata fondata nel 2016. Attackera \u00e8 un'agenzia digitale con sede a Zurigo. \u00c8 specializzata in pubblicit\u00e0 digitale, analisi dei dati e consulenza strategica ed \u00e8 uno dei pionieri svizzeri della pubblicit\u00e0 programmatica.<\/em><\/p>","protected":false},"excerpt":{"rendered":"<p>Audienzz rileva l'agenzia digitale Attackera di Zurigo con effetto retroattivo dal 1\u00b0 ottobre.<\/p>","protected":false},"author":8,"featured_media":0,"comment_status":"closed","ping_status":"closed","sticky":false,"template":"","format":"standard","meta":{"_acf_changed":false,"_yoast_wpseo_focuskw":"Audienzz","_yoast_wpseo_metadesc":"Audienzz \u00fcbernimmt Attackera und st\u00e4rkt Kernkompetenzen in Digital Advertising. Strategische Synergien f\u00f6rdern nachhaltiges Wachstum.","articlekey":"","footnotes":""},"categories":[29],"tags":[4726,4345,4727],"class_list":["post-31782","post","type-post","status-publish","format-standard","hentry","category-marketing","tag-audienzz","tag-business","tag-programmatic-advertising"],"acf":[],"yoast_head":"<!-- This site is optimized with the Yoast SEO plugin v27.5 - https:\/\/yoast.com\/product\/yoast-seo-wordpress\/ -->\n<title>Audienzz \u00fcbernimmt Digitalagentur Attackera - Organisator<\/title>\n<meta name=\"description\" content=\"Audienzz \u00fcbernimmt Attackera und st\u00e4rkt Kernkompetenzen in Digital Advertising. Strategische Synergien f\u00f6rdern nachhaltiges Wachstum.\" \/>\n<meta name=\"robots\" content=\"index, follow, max-snippet:-1, max-image-preview:large, max-video-preview:-1\" \/>\n<link rel=\"canonical\" href=\"https:\/\/www.organisator.ch\/it\/marketing\/2024-11-07\/audienzz-uebernimmt-digitalagentur-attackera\/\" \/>\n<meta property=\"og:locale\" content=\"it_IT\" \/>\n<meta property=\"og:type\" content=\"article\" \/>\n<meta property=\"og:title\" content=\"Audienzz \u00fcbernimmt Digitalagentur Attackera - Organisator\" \/>\n<meta property=\"og:description\" content=\"Audienzz \u00fcbernimmt Attackera und st\u00e4rkt Kernkompetenzen in Digital Advertising. Strategische Synergien f\u00f6rdern nachhaltiges Wachstum.\" \/>\n<meta property=\"og:url\" content=\"https:\/\/www.organisator.ch\/it\/marketing\/2024-11-07\/audienzz-uebernimmt-digitalagentur-attackera\/\" \/>\n<meta property=\"og:site_name\" content=\"Organisator\" \/>\n<meta property=\"article:publisher\" content=\"https:\/\/www.facebook.com\/OrganisatorFachmagazin\" \/>\n<meta property=\"article:published_time\" content=\"2024-11-07T13:39:47+00:00\" \/>\n<meta property=\"article:modified_time\" content=\"2024-11-07T15:14:29+00:00\" \/>\n<meta property=\"og:image\" content=\"https:\/\/www.markt-kom.com\/wp-content\/uploads\/2024\/11\/audienzz-Logo-2017-205180.png\" \/>\n<meta name=\"author\" content=\"galledia\" \/>\n<meta name=\"twitter:card\" content=\"summary_large_image\" \/>\n<meta name=\"twitter:creator\" content=\"@admin\" \/>\n<script type=\"application\/ld+json\" class=\"yoast-schema-graph\">{\"@context\":\"https:\\\/\\\/schema.org\",\"@graph\":[{\"@type\":\"Article\",\"@id\":\"https:\\\/\\\/www.organisator.ch\\\/marketing\\\/2024-11-07\\\/audienzz-uebernimmt-digitalagentur-attackera\\\/#article\",\"isPartOf\":{\"@id\":\"https:\\\/\\\/www.organisator.ch\\\/marketing\\\/2024-11-07\\\/audienzz-uebernimmt-digitalagentur-attackera\\\/\"},\"author\":{\"name\":\"galledia\",\"@id\":\"https:\\\/\\\/www.organisator.ch\\\/#\\\/schema\\\/person\\\/4e51799071cd2dd1232ac003643ef5f0\"},\"headline\":\"Audienzz \u00fcbernimmt Digitalagentur Attackera\",\"datePublished\":\"2024-11-07T13:39:47+00:00\",\"dateModified\":\"2024-11-07T15:14:29+00:00\",\"mainEntityOfPage\":{\"@id\":\"https:\\\/\\\/www.organisator.ch\\\/marketing\\\/2024-11-07\\\/audienzz-uebernimmt-digitalagentur-attackera\\\/\"},\"wordCount\":372,\"publisher\":{\"@id\":\"https:\\\/\\\/www.organisator.ch\\\/#organization\"},\"image\":{\"@id\":\"https:\\\/\\\/www.organisator.ch\\\/marketing\\\/2024-11-07\\\/audienzz-uebernimmt-digitalagentur-attackera\\\/#primaryimage\"},\"thumbnailUrl\":\"https:\\\/\\\/www.markt-kom.com\\\/wp-content\\\/uploads\\\/2024\\\/11\\\/audienzz-Logo-2017-205180.png\",\"keywords\":[\"Audienzz\",\"Business\",\"Programmatic Advertising\"],\"articleSection\":[\"MARKETING\"],\"inLanguage\":\"it-IT\"},{\"@type\":\"WebPage\",\"@id\":\"https:\\\/\\\/www.organisator.ch\\\/marketing\\\/2024-11-07\\\/audienzz-uebernimmt-digitalagentur-attackera\\\/\",\"url\":\"https:\\\/\\\/www.organisator.ch\\\/marketing\\\/2024-11-07\\\/audienzz-uebernimmt-digitalagentur-attackera\\\/\",\"name\":\"Audienzz \u00fcbernimmt Digitalagentur Attackera - Organisator\",\"isPartOf\":{\"@id\":\"https:\\\/\\\/www.organisator.ch\\\/#website\"},\"primaryImageOfPage\":{\"@id\":\"https:\\\/\\\/www.organisator.ch\\\/marketing\\\/2024-11-07\\\/audienzz-uebernimmt-digitalagentur-attackera\\\/#primaryimage\"},\"image\":{\"@id\":\"https:\\\/\\\/www.organisator.ch\\\/marketing\\\/2024-11-07\\\/audienzz-uebernimmt-digitalagentur-attackera\\\/#primaryimage\"},\"thumbnailUrl\":\"https:\\\/\\\/www.markt-kom.com\\\/wp-content\\\/uploads\\\/2024\\\/11\\\/audienzz-Logo-2017-205180.png\",\"datePublished\":\"2024-11-07T13:39:47+00:00\",\"dateModified\":\"2024-11-07T15:14:29+00:00\",\"description\":\"Audienzz \u00fcbernimmt Attackera und st\u00e4rkt Kernkompetenzen in Digital Advertising. Strategische Synergien f\u00f6rdern nachhaltiges Wachstum.\",\"breadcrumb\":{\"@id\":\"https:\\\/\\\/www.organisator.ch\\\/marketing\\\/2024-11-07\\\/audienzz-uebernimmt-digitalagentur-attackera\\\/#breadcrumb\"},\"inLanguage\":\"it-IT\",\"potentialAction\":[{\"@type\":\"ReadAction\",\"target\":[\"https:\\\/\\\/www.organisator.ch\\\/marketing\\\/2024-11-07\\\/audienzz-uebernimmt-digitalagentur-attackera\\\/\"]}]},{\"@type\":\"ImageObject\",\"inLanguage\":\"it-IT\",\"@id\":\"https:\\\/\\\/www.organisator.ch\\\/marketing\\\/2024-11-07\\\/audienzz-uebernimmt-digitalagentur-attackera\\\/#primaryimage\",\"url\":\"https:\\\/\\\/www.markt-kom.com\\\/wp-content\\\/uploads\\\/2024\\\/11\\\/audienzz-Logo-2017-205180.png\",\"contentUrl\":\"https:\\\/\\\/www.markt-kom.com\\\/wp-content\\\/uploads\\\/2024\\\/11\\\/audienzz-Logo-2017-205180.png\"},{\"@type\":\"BreadcrumbList\",\"@id\":\"https:\\\/\\\/www.organisator.ch\\\/marketing\\\/2024-11-07\\\/audienzz-uebernimmt-digitalagentur-attackera\\\/#breadcrumb\",\"itemListElement\":[{\"@type\":\"ListItem\",\"position\":1,\"name\":\"Home\",\"item\":\"https:\\\/\\\/www.organisator.ch\\\/\"},{\"@type\":\"ListItem\",\"position\":2,\"name\":\"Audienzz \u00fcbernimmt Digitalagentur Attackera\"}]},{\"@type\":\"WebSite\",\"@id\":\"https:\\\/\\\/www.organisator.ch\\\/#website\",\"url\":\"https:\\\/\\\/www.organisator.ch\\\/\",\"name\":\"Organisator\",\"description\":\"Kompetent. Praxisnah. Der ORGANISATOR bereitet in 10 Ausgaben pro Jahr die wesentlichen Themen f\u00fcr F\u00fchrungskr\u00e4fte von KMU auf.\",\"publisher\":{\"@id\":\"https:\\\/\\\/www.organisator.ch\\\/#organization\"},\"potentialAction\":[{\"@type\":\"SearchAction\",\"target\":{\"@type\":\"EntryPoint\",\"urlTemplate\":\"https:\\\/\\\/www.organisator.ch\\\/?s={search_term_string}\"},\"query-input\":{\"@type\":\"PropertyValueSpecification\",\"valueRequired\":true,\"valueName\":\"search_term_string\"}}],\"inLanguage\":\"it-IT\"},{\"@type\":\"Organization\",\"@id\":\"https:\\\/\\\/www.organisator.ch\\\/#organization\",\"name\":\"Organisator\",\"url\":\"https:\\\/\\\/www.organisator.ch\\\/\",\"logo\":{\"@type\":\"ImageObject\",\"inLanguage\":\"it-IT\",\"@id\":\"https:\\\/\\\/www.organisator.ch\\\/#\\\/schema\\\/logo\\\/image\\\/\",\"url\":\"https:\\\/\\\/www.organisator.ch\\\/wp-content\\\/uploads\\\/2022\\\/01\\\/Logo_Organisator_Website.png\",\"contentUrl\":\"https:\\\/\\\/www.organisator.ch\\\/wp-content\\\/uploads\\\/2022\\\/01\\\/Logo_Organisator_Website.png\",\"width\":800,\"height\":77,\"caption\":\"Organisator\"},\"image\":{\"@id\":\"https:\\\/\\\/www.organisator.ch\\\/#\\\/schema\\\/logo\\\/image\\\/\"},\"sameAs\":[\"https:\\\/\\\/www.facebook.com\\\/OrganisatorFachmagazin\",\"https:\\\/\\\/www.linkedin.com\\\/showcase\\\/organisator-das-magazin-fr-kmu\",\"https:\\\/\\\/www.xing.com\\\/news\\\/pages\\\/organisator-ch-695\",\"https:\\\/\\\/www.youtube.com\\\/channel\\\/UCGP2Sq0iWaZwT3BdIAQFYpw\"]},{\"@type\":\"Person\",\"@id\":\"https:\\\/\\\/www.organisator.ch\\\/#\\\/schema\\\/person\\\/4e51799071cd2dd1232ac003643ef5f0\",\"name\":\"galledia\",\"image\":{\"@type\":\"ImageObject\",\"inLanguage\":\"it-IT\",\"@id\":\"https:\\\/\\\/secure.gravatar.com\\\/avatar\\\/78a7f90c01fc2bfc875782a0d4922b37cde2cf184ce347b91316d23cd7f69a36?s=96&d=mm&r=g\",\"url\":\"https:\\\/\\\/secure.gravatar.com\\\/avatar\\\/78a7f90c01fc2bfc875782a0d4922b37cde2cf184ce347b91316d23cd7f69a36?s=96&d=mm&r=g\",\"contentUrl\":\"https:\\\/\\\/secure.gravatar.com\\\/avatar\\\/78a7f90c01fc2bfc875782a0d4922b37cde2cf184ce347b91316d23cd7f69a36?s=96&d=mm&r=g\",\"caption\":\"galledia\"},\"sameAs\":[\"https:\\\/\\\/x.com\\\/admin\"],\"url\":\"https:\\\/\\\/www.organisator.ch\\\/it\\\/author\\\/galledia\\\/\"}]}<\/script>\n<!-- \/ Yoast SEO plugin. -->","yoast_head_json":{"title":"Audienzz rileva l'agenzia digitale Attackera - Organizzatore","description":"Audienzz acquisisce Attackera e rafforza le competenze chiave nella pubblicit\u00e0 digitale. Le sinergie strategiche promuovono una crescita sostenibile.","robots":{"index":"index","follow":"follow","max-snippet":"max-snippet:-1","max-image-preview":"max-image-preview:large","max-video-preview":"max-video-preview:-1"},"canonical":"https:\/\/www.organisator.ch\/it\/marketing\/2024-11-07\/audienzz-uebernimmt-digitalagentur-attackera\/","og_locale":"it_IT","og_type":"article","og_title":"Audienzz \u00fcbernimmt Digitalagentur Attackera - Organisator","og_description":"Audienzz \u00fcbernimmt Attackera und st\u00e4rkt Kernkompetenzen in Digital Advertising. Strategische Synergien f\u00f6rdern nachhaltiges Wachstum.","og_url":"https:\/\/www.organisator.ch\/it\/marketing\/2024-11-07\/audienzz-uebernimmt-digitalagentur-attackera\/","og_site_name":"Organisator","article_publisher":"https:\/\/www.facebook.com\/OrganisatorFachmagazin","article_published_time":"2024-11-07T13:39:47+00:00","article_modified_time":"2024-11-07T15:14:29+00:00","og_image":[{"url":"https:\/\/www.markt-kom.com\/wp-content\/uploads\/2024\/11\/audienzz-Logo-2017-205180.png","type":"","width":"","height":""}],"author":"galledia","twitter_card":"summary_large_image","twitter_creator":"@admin","schema":{"@context":"https:\/\/schema.org","@graph":[{"@type":"Article","@id":"https:\/\/www.organisator.ch\/marketing\/2024-11-07\/audienzz-uebernimmt-digitalagentur-attackera\/#article","isPartOf":{"@id":"https:\/\/www.organisator.ch\/marketing\/2024-11-07\/audienzz-uebernimmt-digitalagentur-attackera\/"},"author":{"name":"galledia","@id":"https:\/\/www.organisator.ch\/#\/schema\/person\/4e51799071cd2dd1232ac003643ef5f0"},"headline":"Audienzz \u00fcbernimmt Digitalagentur Attackera","datePublished":"2024-11-07T13:39:47+00:00","dateModified":"2024-11-07T15:14:29+00:00","mainEntityOfPage":{"@id":"https:\/\/www.organisator.ch\/marketing\/2024-11-07\/audienzz-uebernimmt-digitalagentur-attackera\/"},"wordCount":372,"publisher":{"@id":"https:\/\/www.organisator.ch\/#organization"},"image":{"@id":"https:\/\/www.organisator.ch\/marketing\/2024-11-07\/audienzz-uebernimmt-digitalagentur-attackera\/#primaryimage"},"thumbnailUrl":"https:\/\/www.markt-kom.com\/wp-content\/uploads\/2024\/11\/audienzz-Logo-2017-205180.png","keywords":["Audienzz","Business","Programmatic Advertising"],"articleSection":["MARKETING"],"inLanguage":"it-IT"},{"@type":"WebPage","@id":"https:\/\/www.organisator.ch\/marketing\/2024-11-07\/audienzz-uebernimmt-digitalagentur-attackera\/","url":"https:\/\/www.organisator.ch\/marketing\/2024-11-07\/audienzz-uebernimmt-digitalagentur-attackera\/","name":"Audienzz rileva l'agenzia digitale Attackera - Organizzatore","isPartOf":{"@id":"https:\/\/www.organisator.ch\/#website"},"primaryImageOfPage":{"@id":"https:\/\/www.organisator.ch\/marketing\/2024-11-07\/audienzz-uebernimmt-digitalagentur-attackera\/#primaryimage"},"image":{"@id":"https:\/\/www.organisator.ch\/marketing\/2024-11-07\/audienzz-uebernimmt-digitalagentur-attackera\/#primaryimage"},"thumbnailUrl":"https:\/\/www.markt-kom.com\/wp-content\/uploads\/2024\/11\/audienzz-Logo-2017-205180.png","datePublished":"2024-11-07T13:39:47+00:00","dateModified":"2024-11-07T15:14:29+00:00","description":"Audienzz acquisisce Attackera e rafforza le competenze chiave nella pubblicit\u00e0 digitale. Le sinergie strategiche promuovono una crescita sostenibile.","breadcrumb":{"@id":"https:\/\/www.organisator.ch\/marketing\/2024-11-07\/audienzz-uebernimmt-digitalagentur-attackera\/#breadcrumb"},"inLanguage":"it-IT","potentialAction":[{"@type":"ReadAction","target":["https:\/\/www.organisator.ch\/marketing\/2024-11-07\/audienzz-uebernimmt-digitalagentur-attackera\/"]}]},{"@type":"ImageObject","inLanguage":"it-IT","@id":"https:\/\/www.organisator.ch\/marketing\/2024-11-07\/audienzz-uebernimmt-digitalagentur-attackera\/#primaryimage","url":"https:\/\/www.markt-kom.com\/wp-content\/uploads\/2024\/11\/audienzz-Logo-2017-205180.png","contentUrl":"https:\/\/www.markt-kom.com\/wp-content\/uploads\/2024\/11\/audienzz-Logo-2017-205180.png"},{"@type":"BreadcrumbList","@id":"https:\/\/www.organisator.ch\/marketing\/2024-11-07\/audienzz-uebernimmt-digitalagentur-attackera\/#breadcrumb","itemListElement":[{"@type":"ListItem","position":1,"name":"Home","item":"https:\/\/www.organisator.ch\/"},{"@type":"ListItem","position":2,"name":"Audienzz \u00fcbernimmt Digitalagentur Attackera"}]},{"@type":"WebSite","@id":"https:\/\/www.organisator.ch\/#website","url":"https:\/\/www.organisator.ch\/","name":"Organizzatore","description":"Competente. Pratico. In 10 numeri all'anno, ORGANISATOR presenta i temi essenziali per i manager delle PMI.","publisher":{"@id":"https:\/\/www.organisator.ch\/#organization"},"potentialAction":[{"@type":"SearchAction","target":{"@type":"EntryPoint","urlTemplate":"https:\/\/www.organisator.ch\/?s={search_term_string}"},"query-input":{"@type":"PropertyValueSpecification","valueRequired":true,"valueName":"search_term_string"}}],"inLanguage":"it-IT"},{"@type":"Organization","@id":"https:\/\/www.organisator.ch\/#organization","name":"Organizzatore","url":"https:\/\/www.organisator.ch\/","logo":{"@type":"ImageObject","inLanguage":"it-IT","@id":"https:\/\/www.organisator.ch\/#\/schema\/logo\/image\/","url":"https:\/\/www.organisator.ch\/wp-content\/uploads\/2022\/01\/Logo_Organisator_Website.png","contentUrl":"https:\/\/www.organisator.ch\/wp-content\/uploads\/2022\/01\/Logo_Organisator_Website.png","width":800,"height":77,"caption":"Organisator"},"image":{"@id":"https:\/\/www.organisator.ch\/#\/schema\/logo\/image\/"},"sameAs":["https:\/\/www.facebook.com\/OrganisatorFachmagazin","https:\/\/www.linkedin.com\/showcase\/organisator-das-magazin-fr-kmu","https:\/\/www.xing.com\/news\/pages\/organisator-ch-695","https:\/\/www.youtube.com\/channel\/UCGP2Sq0iWaZwT3BdIAQFYpw"]},{"@type":"Person","@id":"https:\/\/www.organisator.ch\/#\/schema\/person\/4e51799071cd2dd1232ac003643ef5f0","name":"galledia","image":{"@type":"ImageObject","inLanguage":"it-IT","@id":"https:\/\/secure.gravatar.com\/avatar\/78a7f90c01fc2bfc875782a0d4922b37cde2cf184ce347b91316d23cd7f69a36?s=96&d=mm&r=g","url":"https:\/\/secure.gravatar.com\/avatar\/78a7f90c01fc2bfc875782a0d4922b37cde2cf184ce347b91316d23cd7f69a36?s=96&d=mm&r=g","contentUrl":"https:\/\/secure.gravatar.com\/avatar\/78a7f90c01fc2bfc875782a0d4922b37cde2cf184ce347b91316d23cd7f69a36?s=96&d=mm&r=g","caption":"galledia"},"sameAs":["https:\/\/x.com\/admin"],"url":"https:\/\/www.organisator.ch\/it\/author\/galledia\/"}]}},"_links":{"self":[{"href":"https:\/\/www.organisator.ch\/it\/wp-json\/wp\/v2\/posts\/31782","targetHints":{"allow":["GET"]}}],"collection":[{"href":"https:\/\/www.organisator.ch\/it\/wp-json\/wp\/v2\/posts"}],"about":[{"href":"https:\/\/www.organisator.ch\/it\/wp-json\/wp\/v2\/types\/post"}],"author":[{"embeddable":true,"href":"https:\/\/www.organisator.ch\/it\/wp-json\/wp\/v2\/users\/8"}],"replies":[{"embeddable":true,"href":"https:\/\/www.organisator.ch\/it\/wp-json\/wp\/v2\/comments?post=31782"}],"version-history":[{"count":4,"href":"https:\/\/www.organisator.ch\/it\/wp-json\/wp\/v2\/posts\/31782\/revisions"}],"predecessor-version":[{"id":31788,"href":"https:\/\/www.organisator.ch\/it\/wp-json\/wp\/v2\/posts\/31782\/revisions\/31788"}],"wp:attachment":[{"href":"https:\/\/www.organisator.ch\/it\/wp-json\/wp\/v2\/media?parent=31782"}],"wp:term":[{"taxonomy":"category","embeddable":true,"href":"https:\/\/www.organisator.ch\/it\/wp-json\/wp\/v2\/categories?post=31782"},{"taxonomy":"post_tag","embeddable":true,"href":"https:\/\/www.organisator.ch\/it\/wp-json\/wp\/v2\/tags?post=31782"}],"curies":[{"name":"wp","href":"https:\/\/api.w.org\/{rel}","templated":true}]}}