{"id":32055,"date":"2024-11-11T07:15:38","date_gmt":"2024-11-11T06:15:38","guid":{"rendered":"https:\/\/www.organisator.ch\/?p=32055"},"modified":"2024-11-08T15:26:10","modified_gmt":"2024-11-08T14:26:10","slug":"thurgauer-wirtschaftsforum-kreislaufwirtschaft-im-fokus","status":"publish","type":"post","link":"https:\/\/www.organisator.ch\/it\/management\/2024-11-11\/thurgauer-wirtschaftsforum-kreislaufwirtschaft-im-fokus\/","title":{"rendered":"Forum economico della Turgovia: Focus sull'economia circolare"},"content":{"rendered":"<figure id=\"attachment_32056\" aria-describedby=\"caption-attachment-32056\" style=\"width: 680px\" class=\"wp-caption alignnone\"><img loading=\"lazy\" decoding=\"async\" class=\"size-full wp-image-32056\" src=\"https:\/\/www.organisator.ch\/wp-content\/uploads\/2024\/11\/Christian-Voegtlin_Bild1_ps.jpg\" alt=\"\" width=\"680\" height=\"453\" srcset=\"https:\/\/www.organisator.ch\/wp-content\/uploads\/2024\/11\/Christian-Voegtlin_Bild1_ps.jpg 680w, https:\/\/www.organisator.ch\/wp-content\/uploads\/2024\/11\/Christian-Voegtlin_Bild1_ps-18x12.jpg 18w, https:\/\/www.organisator.ch\/wp-content\/uploads\/2024\/11\/Christian-Voegtlin_Bild1_ps-375x250.jpg 375w, https:\/\/www.organisator.ch\/wp-content\/uploads\/2024\/11\/Christian-Voegtlin_Bild1_ps-525x350.jpg 525w\" sizes=\"auto, (max-width: 680px) 100vw, 680px\" \/><figcaption id=\"caption-attachment-32056\" class=\"wp-caption-text\">Christian V\u00f6gtlin, co-responsabile del Centro per la responsabilit\u00e0 d'impresa della ZHAW, ha presentato l'importanza della sostenibilit\u00e0 per le aziende in Svizzera e a livello internazionale. (Immagine: www.galledia-event.ch)<\/figcaption><\/figure>\n<p>Daniel Wessner, responsabile dell'AWA Canton Thurgau, ha aperto la conferenza con una panoramica dell'attuale situazione economica del Canton Thurgau. Secondo Wessner, circa il 75% delle esportazioni del Cantone \u00e8 destinato alla Germania, una sfida data l'incerta situazione politica del Paese vicino. Wessner ha inoltre sottolineato il deficit di innovazione del Cantone, dovuto alla mancanza di un'universit\u00e0, alla scarsa attivit\u00e0 di start-up e alla riduzione delle domande di brevetto. Iniziative come il Fondo per l'innovazione e il Campus digitale sono destinate a rafforzare l'innovazione in futuro.<\/p>\n<h3><strong>La sostenibilit\u00e0 come opportunit\u00e0 per le aziende<\/strong><\/h3>\n<p>Christian V\u00f6gtlin, co-responsabile del Centro per la responsabilit\u00e0 d'impresa della ZHAW, ha presentato l'importanza della sostenibilit\u00e0 per le aziende in Svizzera e a livello internazionale. Sullo sfondo dei requisiti normativi in Svizzera e nell'UE, V\u00f6gtlin ha mostrato che le aziende che utilizzano la sostenibilit\u00e0 in modo strategico possono trarne vantaggio. Che si tratti di risparmi, di conservazione delle risorse, di una maggiore attrattiva come datore di lavoro o di una maggiore attrattiva per gli investitori.<\/p>\n<p>Albin K\u00e4lin ha quindi illustrato i principi fondamentali dell'economia circolare e il concetto di \"cradle-to-cradle\". Questo concetto mira a progettare i prodotti in modo tale che, dopo l'uso, possano essere reinseriti nei cicli naturali o tecnici. Aur\u00e8le Meyer del birrificio Locher ha fornito un esempio pratico: il birrificio utilizza gli scarti della produzione di birra per produrre prodotti alimentari come patatine, aceto e sostituti della carne. Melanie Diem ha mostrato come le aziende attuano una strategia aziendale sostenibile e ha fornito ai partecipanti preziosi consigli sull'attuazione pratica.<\/p>\n<h3><strong>\"Omnicrisi e nuovi approcci<\/strong><\/h3>\n<p>Nel suo discorso programmatico, il futurologo Tristan Horx ha parlato dell'attuale \"omnicrisi\", in cui numerose crisi economiche e sociali si verificano in parallelo e richiedono cambiamenti di vasta portata. In risposta a queste sfide, Horx ha presentato la visione della \"blue economy\", che sostituisce i modelli di produzione lineare con sistemi a ciclo chiuso, evitando cos\u00ec gli sprechi. Horx ha sottolineato l'importanza delle risorse locali e rinnovabili, che dovrebbero essere utilizzate in modo pi\u00f9 efficiente attraverso l'innovazione e l'iniziativa imprenditoriale. Un esempio lampante \u00e8 il vetro delle finestre, che pu\u00f2 fungere da pannello solare e quindi utilizzare direttamente l'energia solare.<\/p>\n<p>Annette Fetscherin, che la sera precedente era stata premiata dalla Thurgauer Zeitung come donna turgoviese dell'anno, non ha potuto partecipare di persona a causa di impegni di lavoro e ha inviato i suoi saluti al pubblico tramite videomessaggio.<\/p>\n<p><em>Fonte: <a href=\"http:\/\/www.galledia-event.ch\">www.galledia-event.ch<\/a><\/em><\/p>","protected":false},"excerpt":{"rendered":"<p>Il 28\u00b0 Forum economico della Turgovia si \u00e8 svolto il 7 novembre 2024 sul tema \"Ripensare l'economia: sostenibilit\u00e0 ed economia circolare come chiave del successo\". Quasi 300 partecipanti provenienti dal mondo dell'economia, della politica e della societ\u00e0 si sono riuniti e hanno acquisito conoscenze interessanti sulle strategie aziendali sostenibili e sugli approcci innovativi nel campo dell'economia circolare.<\/p>","protected":false},"author":80,"featured_media":32056,"comment_status":"closed","ping_status":"closed","sticky":false,"template":"","format":"standard","meta":{"_acf_changed":false,"_yoast_wpseo_focuskw":"Thurgauer Wirtschaftsforum","_yoast_wpseo_metadesc":"Das 28. Thurgauer Wirtschaftsforum hat am 7. November zum Thema \u00abWirtschaft neu denken: Nachhaltigkeit und Kreislaufwirtschaft als Schl\u00fcssel zum Erfolg\u00bb stattgefunden.","articlekey":"","footnotes":""},"categories":[28],"tags":[594,1787,424,492,2708],"class_list":["post-32055","post","type-post","status-publish","format-standard","has-post-thumbnail","hentry","category-management","tag-kreislaufwirtschaft","tag-nachhaltigkeit","tag-schweiz","tag-unternehmen","tag-wirtschaftsforum"],"acf":[],"yoast_head":"<!-- This site is optimized with the Yoast SEO plugin v27.5 - https:\/\/yoast.com\/product\/yoast-seo-wordpress\/ -->\n<title>Thurgauer Wirtschaftsforum: Kreislaufwirtschaft im Fokus - Organisator<\/title>\n<meta name=\"description\" content=\"Das 28. Thurgauer Wirtschaftsforum hat am 7. November zum Thema \u00abWirtschaft neu denken: Nachhaltigkeit und Kreislaufwirtschaft als Schl\u00fcssel zum Erfolg\u00bb stattgefunden.\" \/>\n<meta name=\"robots\" content=\"index, follow, max-snippet:-1, max-image-preview:large, max-video-preview:-1\" \/>\n<link rel=\"canonical\" href=\"https:\/\/www.organisator.ch\/it\/gestione-2\/2024-11-11\/thurgauer-wirtschaftsforum-kreislaufwirtschaft-im-fokus\/\" \/>\n<meta property=\"og:locale\" content=\"it_IT\" \/>\n<meta property=\"og:type\" content=\"article\" \/>\n<meta property=\"og:title\" content=\"Thurgauer Wirtschaftsforum: Kreislaufwirtschaft im Fokus\" \/>\n<meta property=\"og:description\" content=\"Das 28. Thurgauer Wirtschaftsforum hat am 7. November zum Thema \u00abWirtschaft neu denken: Nachhaltigkeit und Kreislaufwirtschaft als Schl\u00fcssel zum Erfolg\u00bb stattgefunden.\" \/>\n<meta property=\"og:url\" content=\"https:\/\/www.organisator.ch\/it\/gestione-2\/2024-11-11\/thurgauer-wirtschaftsforum-kreislaufwirtschaft-im-fokus\/\" \/>\n<meta property=\"og:site_name\" content=\"Organisator\" \/>\n<meta property=\"article:publisher\" content=\"https:\/\/www.facebook.com\/OrganisatorFachmagazin\" \/>\n<meta property=\"article:published_time\" content=\"2024-11-11T06:15:38+00:00\" \/>\n<meta property=\"og:image\" content=\"https:\/\/www.organisator.ch\/wp-content\/uploads\/2024\/11\/Christian-Voegtlin_Bild1_ps.jpg\" \/>\n\t<meta property=\"og:image:width\" content=\"680\" \/>\n\t<meta property=\"og:image:height\" content=\"453\" \/>\n\t<meta property=\"og:image:type\" content=\"image\/jpeg\" \/>\n<meta name=\"author\" content=\"Dzana Muminovic\" \/>\n<meta name=\"twitter:card\" content=\"summary_large_image\" \/>\n<meta name=\"twitter:title\" content=\"Thurgauer Wirtschaftsforum: Kreislaufwirtschaft im Fokus\" \/>\n<meta name=\"twitter:description\" content=\"Das 28. #Thurgauer #Wirtschaftsforum hat am 7. November zum Thema \u00ab#Wirtschaft neu denken: #Nachhaltigkeit und #Kreislaufwirtschaft als Schl\u00fcssel zum #Erfolg\u00bb stattgefunden.\" \/>\n<meta name=\"twitter:image\" content=\"https:\/\/www.organisator.ch\/wp-content\/uploads\/2024\/11\/Christian-Voegtlin_Bild1_ps.jpg\" \/>\n<script type=\"application\/ld+json\" class=\"yoast-schema-graph\">{\"@context\":\"https:\\\/\\\/schema.org\",\"@graph\":[{\"@type\":\"Article\",\"@id\":\"https:\\\/\\\/www.organisator.ch\\\/management\\\/2024-11-11\\\/thurgauer-wirtschaftsforum-kreislaufwirtschaft-im-fokus\\\/#article\",\"isPartOf\":{\"@id\":\"https:\\\/\\\/www.organisator.ch\\\/management\\\/2024-11-11\\\/thurgauer-wirtschaftsforum-kreislaufwirtschaft-im-fokus\\\/\"},\"author\":{\"name\":\"Dzana Muminovic\",\"@id\":\"https:\\\/\\\/www.organisator.ch\\\/#\\\/schema\\\/person\\\/afccda3a71c06d4be2ed9100dd163db7\"},\"headline\":\"Thurgauer Wirtschaftsforum: Kreislaufwirtschaft im Fokus\",\"datePublished\":\"2024-11-11T06:15:38+00:00\",\"mainEntityOfPage\":{\"@id\":\"https:\\\/\\\/www.organisator.ch\\\/management\\\/2024-11-11\\\/thurgauer-wirtschaftsforum-kreislaufwirtschaft-im-fokus\\\/\"},\"wordCount\":408,\"publisher\":{\"@id\":\"https:\\\/\\\/www.organisator.ch\\\/#organization\"},\"image\":{\"@id\":\"https:\\\/\\\/www.organisator.ch\\\/management\\\/2024-11-11\\\/thurgauer-wirtschaftsforum-kreislaufwirtschaft-im-fokus\\\/#primaryimage\"},\"thumbnailUrl\":\"https:\\\/\\\/www.organisator.ch\\\/wp-content\\\/uploads\\\/2024\\\/11\\\/Christian-Voegtlin_Bild1_ps.jpg\",\"keywords\":[\"Kreislaufwirtschaft\",\"Nachhaltigkeit\",\"Schweiz\",\"Unternehmen\",\"Wirtschaftsforum\"],\"articleSection\":[\"MANAGEMENT\"],\"inLanguage\":\"it-IT\"},{\"@type\":\"WebPage\",\"@id\":\"https:\\\/\\\/www.organisator.ch\\\/management\\\/2024-11-11\\\/thurgauer-wirtschaftsforum-kreislaufwirtschaft-im-fokus\\\/\",\"url\":\"https:\\\/\\\/www.organisator.ch\\\/management\\\/2024-11-11\\\/thurgauer-wirtschaftsforum-kreislaufwirtschaft-im-fokus\\\/\",\"name\":\"Thurgauer Wirtschaftsforum: Kreislaufwirtschaft im Fokus - Organisator\",\"isPartOf\":{\"@id\":\"https:\\\/\\\/www.organisator.ch\\\/#website\"},\"primaryImageOfPage\":{\"@id\":\"https:\\\/\\\/www.organisator.ch\\\/management\\\/2024-11-11\\\/thurgauer-wirtschaftsforum-kreislaufwirtschaft-im-fokus\\\/#primaryimage\"},\"image\":{\"@id\":\"https:\\\/\\\/www.organisator.ch\\\/management\\\/2024-11-11\\\/thurgauer-wirtschaftsforum-kreislaufwirtschaft-im-fokus\\\/#primaryimage\"},\"thumbnailUrl\":\"https:\\\/\\\/www.organisator.ch\\\/wp-content\\\/uploads\\\/2024\\\/11\\\/Christian-Voegtlin_Bild1_ps.jpg\",\"datePublished\":\"2024-11-11T06:15:38+00:00\",\"description\":\"Das 28. Thurgauer Wirtschaftsforum hat am 7. November zum Thema \u00abWirtschaft neu denken: Nachhaltigkeit und Kreislaufwirtschaft als Schl\u00fcssel zum Erfolg\u00bb stattgefunden.\",\"breadcrumb\":{\"@id\":\"https:\\\/\\\/www.organisator.ch\\\/management\\\/2024-11-11\\\/thurgauer-wirtschaftsforum-kreislaufwirtschaft-im-fokus\\\/#breadcrumb\"},\"inLanguage\":\"it-IT\",\"potentialAction\":[{\"@type\":\"ReadAction\",\"target\":[\"https:\\\/\\\/www.organisator.ch\\\/management\\\/2024-11-11\\\/thurgauer-wirtschaftsforum-kreislaufwirtschaft-im-fokus\\\/\"]}]},{\"@type\":\"ImageObject\",\"inLanguage\":\"it-IT\",\"@id\":\"https:\\\/\\\/www.organisator.ch\\\/management\\\/2024-11-11\\\/thurgauer-wirtschaftsforum-kreislaufwirtschaft-im-fokus\\\/#primaryimage\",\"url\":\"https:\\\/\\\/www.organisator.ch\\\/wp-content\\\/uploads\\\/2024\\\/11\\\/Christian-Voegtlin_Bild1_ps.jpg\",\"contentUrl\":\"https:\\\/\\\/www.organisator.ch\\\/wp-content\\\/uploads\\\/2024\\\/11\\\/Christian-Voegtlin_Bild1_ps.jpg\",\"width\":680,\"height\":453,\"caption\":\"Christian V\u00f6gtlin, Co-Leiter Center for Corporate Responsibility an der ZHAW, stellte die Bedeutung der Nachhaltigkeit f\u00fcr Unternehmen in der Schweiz und international dar. (Bild: www.galledia-event.ch)\"},{\"@type\":\"BreadcrumbList\",\"@id\":\"https:\\\/\\\/www.organisator.ch\\\/management\\\/2024-11-11\\\/thurgauer-wirtschaftsforum-kreislaufwirtschaft-im-fokus\\\/#breadcrumb\",\"itemListElement\":[{\"@type\":\"ListItem\",\"position\":1,\"name\":\"Home\",\"item\":\"https:\\\/\\\/www.organisator.ch\\\/\"},{\"@type\":\"ListItem\",\"position\":2,\"name\":\"Thurgauer Wirtschaftsforum: Kreislaufwirtschaft im Fokus\"}]},{\"@type\":\"WebSite\",\"@id\":\"https:\\\/\\\/www.organisator.ch\\\/#website\",\"url\":\"https:\\\/\\\/www.organisator.ch\\\/\",\"name\":\"Organisator\",\"description\":\"Kompetent. Praxisnah. Der ORGANISATOR bereitet in 10 Ausgaben pro Jahr die wesentlichen Themen f\u00fcr F\u00fchrungskr\u00e4fte von KMU auf.\",\"publisher\":{\"@id\":\"https:\\\/\\\/www.organisator.ch\\\/#organization\"},\"potentialAction\":[{\"@type\":\"SearchAction\",\"target\":{\"@type\":\"EntryPoint\",\"urlTemplate\":\"https:\\\/\\\/www.organisator.ch\\\/?s={search_term_string}\"},\"query-input\":{\"@type\":\"PropertyValueSpecification\",\"valueRequired\":true,\"valueName\":\"search_term_string\"}}],\"inLanguage\":\"it-IT\"},{\"@type\":\"Organization\",\"@id\":\"https:\\\/\\\/www.organisator.ch\\\/#organization\",\"name\":\"Organisator\",\"url\":\"https:\\\/\\\/www.organisator.ch\\\/\",\"logo\":{\"@type\":\"ImageObject\",\"inLanguage\":\"it-IT\",\"@id\":\"https:\\\/\\\/www.organisator.ch\\\/#\\\/schema\\\/logo\\\/image\\\/\",\"url\":\"https:\\\/\\\/www.organisator.ch\\\/wp-content\\\/uploads\\\/2022\\\/01\\\/Logo_Organisator_Website.png\",\"contentUrl\":\"https:\\\/\\\/www.organisator.ch\\\/wp-content\\\/uploads\\\/2022\\\/01\\\/Logo_Organisator_Website.png\",\"width\":800,\"height\":77,\"caption\":\"Organisator\"},\"image\":{\"@id\":\"https:\\\/\\\/www.organisator.ch\\\/#\\\/schema\\\/logo\\\/image\\\/\"},\"sameAs\":[\"https:\\\/\\\/www.facebook.com\\\/OrganisatorFachmagazin\",\"https:\\\/\\\/www.linkedin.com\\\/showcase\\\/organisator-das-magazin-fr-kmu\",\"https:\\\/\\\/www.xing.com\\\/news\\\/pages\\\/organisator-ch-695\",\"https:\\\/\\\/www.youtube.com\\\/channel\\\/UCGP2Sq0iWaZwT3BdIAQFYpw\"]},{\"@type\":\"Person\",\"@id\":\"https:\\\/\\\/www.organisator.ch\\\/#\\\/schema\\\/person\\\/afccda3a71c06d4be2ed9100dd163db7\",\"name\":\"Dzana Muminovic\",\"image\":{\"@type\":\"ImageObject\",\"inLanguage\":\"it-IT\",\"@id\":\"https:\\\/\\\/secure.gravatar.com\\\/avatar\\\/909c5c71aff4b38e88686f2ab2f1ba152571f394f41ed8bae431ea56ced93050?s=96&d=mm&r=g\",\"url\":\"https:\\\/\\\/secure.gravatar.com\\\/avatar\\\/909c5c71aff4b38e88686f2ab2f1ba152571f394f41ed8bae431ea56ced93050?s=96&d=mm&r=g\",\"contentUrl\":\"https:\\\/\\\/secure.gravatar.com\\\/avatar\\\/909c5c71aff4b38e88686f2ab2f1ba152571f394f41ed8bae431ea56ced93050?s=96&d=mm&r=g\",\"caption\":\"Dzana Muminovic\"},\"url\":\"https:\\\/\\\/www.organisator.ch\\\/it\\\/author\\\/dzana-muminovic\\\/\"}]}<\/script>\n<!-- \/ Yoast SEO plugin. -->","yoast_head_json":{"title":"Forum economico della Turgovia: Focus sull'economia circolare - Organizzatore","description":"Il 7 novembre si \u00e8 svolto il 28\u00b0 Forum economico della Turgovia sul tema \"Ripensare l'economia: sostenibilit\u00e0 ed economia circolare come chiave del successo\".","robots":{"index":"index","follow":"follow","max-snippet":"max-snippet:-1","max-image-preview":"max-image-preview:large","max-video-preview":"max-video-preview:-1"},"canonical":"https:\/\/www.organisator.ch\/it\/gestione-2\/2024-11-11\/thurgauer-wirtschaftsforum-kreislaufwirtschaft-im-fokus\/","og_locale":"it_IT","og_type":"article","og_title":"Thurgauer Wirtschaftsforum: Kreislaufwirtschaft im Fokus","og_description":"Das 28. Thurgauer Wirtschaftsforum hat am 7. November zum Thema \u00abWirtschaft neu denken: Nachhaltigkeit und Kreislaufwirtschaft als Schl\u00fcssel zum Erfolg\u00bb stattgefunden.","og_url":"https:\/\/www.organisator.ch\/it\/gestione-2\/2024-11-11\/thurgauer-wirtschaftsforum-kreislaufwirtschaft-im-fokus\/","og_site_name":"Organisator","article_publisher":"https:\/\/www.facebook.com\/OrganisatorFachmagazin","article_published_time":"2024-11-11T06:15:38+00:00","og_image":[{"width":680,"height":453,"url":"https:\/\/www.organisator.ch\/wp-content\/uploads\/2024\/11\/Christian-Voegtlin_Bild1_ps.jpg","type":"image\/jpeg"}],"author":"Dzana Muminovic","twitter_card":"summary_large_image","twitter_title":"Thurgauer Wirtschaftsforum: Kreislaufwirtschaft im Fokus","twitter_description":"Das 28. #Thurgauer #Wirtschaftsforum hat am 7. November zum Thema \u00ab#Wirtschaft neu denken: #Nachhaltigkeit und #Kreislaufwirtschaft als Schl\u00fcssel zum #Erfolg\u00bb stattgefunden.","twitter_image":"https:\/\/www.organisator.ch\/wp-content\/uploads\/2024\/11\/Christian-Voegtlin_Bild1_ps.jpg","schema":{"@context":"https:\/\/schema.org","@graph":[{"@type":"Article","@id":"https:\/\/www.organisator.ch\/management\/2024-11-11\/thurgauer-wirtschaftsforum-kreislaufwirtschaft-im-fokus\/#article","isPartOf":{"@id":"https:\/\/www.organisator.ch\/management\/2024-11-11\/thurgauer-wirtschaftsforum-kreislaufwirtschaft-im-fokus\/"},"author":{"name":"Dzana Muminovic","@id":"https:\/\/www.organisator.ch\/#\/schema\/person\/afccda3a71c06d4be2ed9100dd163db7"},"headline":"Thurgauer Wirtschaftsforum: Kreislaufwirtschaft im Fokus","datePublished":"2024-11-11T06:15:38+00:00","mainEntityOfPage":{"@id":"https:\/\/www.organisator.ch\/management\/2024-11-11\/thurgauer-wirtschaftsforum-kreislaufwirtschaft-im-fokus\/"},"wordCount":408,"publisher":{"@id":"https:\/\/www.organisator.ch\/#organization"},"image":{"@id":"https:\/\/www.organisator.ch\/management\/2024-11-11\/thurgauer-wirtschaftsforum-kreislaufwirtschaft-im-fokus\/#primaryimage"},"thumbnailUrl":"https:\/\/www.organisator.ch\/wp-content\/uploads\/2024\/11\/Christian-Voegtlin_Bild1_ps.jpg","keywords":["Kreislaufwirtschaft","Nachhaltigkeit","Schweiz","Unternehmen","Wirtschaftsforum"],"articleSection":["MANAGEMENT"],"inLanguage":"it-IT"},{"@type":"WebPage","@id":"https:\/\/www.organisator.ch\/management\/2024-11-11\/thurgauer-wirtschaftsforum-kreislaufwirtschaft-im-fokus\/","url":"https:\/\/www.organisator.ch\/management\/2024-11-11\/thurgauer-wirtschaftsforum-kreislaufwirtschaft-im-fokus\/","name":"Forum economico della Turgovia: Focus sull'economia circolare - Organizzatore","isPartOf":{"@id":"https:\/\/www.organisator.ch\/#website"},"primaryImageOfPage":{"@id":"https:\/\/www.organisator.ch\/management\/2024-11-11\/thurgauer-wirtschaftsforum-kreislaufwirtschaft-im-fokus\/#primaryimage"},"image":{"@id":"https:\/\/www.organisator.ch\/management\/2024-11-11\/thurgauer-wirtschaftsforum-kreislaufwirtschaft-im-fokus\/#primaryimage"},"thumbnailUrl":"https:\/\/www.organisator.ch\/wp-content\/uploads\/2024\/11\/Christian-Voegtlin_Bild1_ps.jpg","datePublished":"2024-11-11T06:15:38+00:00","description":"Il 7 novembre si \u00e8 svolto il 28\u00b0 Forum economico della Turgovia sul tema \"Ripensare l'economia: sostenibilit\u00e0 ed economia circolare come chiave del successo\".","breadcrumb":{"@id":"https:\/\/www.organisator.ch\/management\/2024-11-11\/thurgauer-wirtschaftsforum-kreislaufwirtschaft-im-fokus\/#breadcrumb"},"inLanguage":"it-IT","potentialAction":[{"@type":"ReadAction","target":["https:\/\/www.organisator.ch\/management\/2024-11-11\/thurgauer-wirtschaftsforum-kreislaufwirtschaft-im-fokus\/"]}]},{"@type":"ImageObject","inLanguage":"it-IT","@id":"https:\/\/www.organisator.ch\/management\/2024-11-11\/thurgauer-wirtschaftsforum-kreislaufwirtschaft-im-fokus\/#primaryimage","url":"https:\/\/www.organisator.ch\/wp-content\/uploads\/2024\/11\/Christian-Voegtlin_Bild1_ps.jpg","contentUrl":"https:\/\/www.organisator.ch\/wp-content\/uploads\/2024\/11\/Christian-Voegtlin_Bild1_ps.jpg","width":680,"height":453,"caption":"Christian V\u00f6gtlin, Co-Leiter Center for Corporate Responsibility an der ZHAW, stellte die Bedeutung der Nachhaltigkeit f\u00fcr Unternehmen in der Schweiz und international dar. (Bild: www.galledia-event.ch)"},{"@type":"BreadcrumbList","@id":"https:\/\/www.organisator.ch\/management\/2024-11-11\/thurgauer-wirtschaftsforum-kreislaufwirtschaft-im-fokus\/#breadcrumb","itemListElement":[{"@type":"ListItem","position":1,"name":"Home","item":"https:\/\/www.organisator.ch\/"},{"@type":"ListItem","position":2,"name":"Thurgauer Wirtschaftsforum: Kreislaufwirtschaft im Fokus"}]},{"@type":"WebSite","@id":"https:\/\/www.organisator.ch\/#website","url":"https:\/\/www.organisator.ch\/","name":"Organizzatore","description":"Competente. Pratico. In 10 numeri all'anno, ORGANISATOR presenta i temi essenziali per i manager delle PMI.","publisher":{"@id":"https:\/\/www.organisator.ch\/#organization"},"potentialAction":[{"@type":"SearchAction","target":{"@type":"EntryPoint","urlTemplate":"https:\/\/www.organisator.ch\/?s={search_term_string}"},"query-input":{"@type":"PropertyValueSpecification","valueRequired":true,"valueName":"search_term_string"}}],"inLanguage":"it-IT"},{"@type":"Organization","@id":"https:\/\/www.organisator.ch\/#organization","name":"Organizzatore","url":"https:\/\/www.organisator.ch\/","logo":{"@type":"ImageObject","inLanguage":"it-IT","@id":"https:\/\/www.organisator.ch\/#\/schema\/logo\/image\/","url":"https:\/\/www.organisator.ch\/wp-content\/uploads\/2022\/01\/Logo_Organisator_Website.png","contentUrl":"https:\/\/www.organisator.ch\/wp-content\/uploads\/2022\/01\/Logo_Organisator_Website.png","width":800,"height":77,"caption":"Organisator"},"image":{"@id":"https:\/\/www.organisator.ch\/#\/schema\/logo\/image\/"},"sameAs":["https:\/\/www.facebook.com\/OrganisatorFachmagazin","https:\/\/www.linkedin.com\/showcase\/organisator-das-magazin-fr-kmu","https:\/\/www.xing.com\/news\/pages\/organisator-ch-695","https:\/\/www.youtube.com\/channel\/UCGP2Sq0iWaZwT3BdIAQFYpw"]},{"@type":"Person","@id":"https:\/\/www.organisator.ch\/#\/schema\/person\/afccda3a71c06d4be2ed9100dd163db7","name":"Dzana Muminovic","image":{"@type":"ImageObject","inLanguage":"it-IT","@id":"https:\/\/secure.gravatar.com\/avatar\/909c5c71aff4b38e88686f2ab2f1ba152571f394f41ed8bae431ea56ced93050?s=96&d=mm&r=g","url":"https:\/\/secure.gravatar.com\/avatar\/909c5c71aff4b38e88686f2ab2f1ba152571f394f41ed8bae431ea56ced93050?s=96&d=mm&r=g","contentUrl":"https:\/\/secure.gravatar.com\/avatar\/909c5c71aff4b38e88686f2ab2f1ba152571f394f41ed8bae431ea56ced93050?s=96&d=mm&r=g","caption":"Dzana Muminovic"},"url":"https:\/\/www.organisator.ch\/it\/author\/dzana-muminovic\/"}]}},"_links":{"self":[{"href":"https:\/\/www.organisator.ch\/it\/wp-json\/wp\/v2\/posts\/32055","targetHints":{"allow":["GET"]}}],"collection":[{"href":"https:\/\/www.organisator.ch\/it\/wp-json\/wp\/v2\/posts"}],"about":[{"href":"https:\/\/www.organisator.ch\/it\/wp-json\/wp\/v2\/types\/post"}],"author":[{"embeddable":true,"href":"https:\/\/www.organisator.ch\/it\/wp-json\/wp\/v2\/users\/80"}],"replies":[{"embeddable":true,"href":"https:\/\/www.organisator.ch\/it\/wp-json\/wp\/v2\/comments?post=32055"}],"version-history":[{"count":3,"href":"https:\/\/www.organisator.ch\/it\/wp-json\/wp\/v2\/posts\/32055\/revisions"}],"predecessor-version":[{"id":32503,"href":"https:\/\/www.organisator.ch\/it\/wp-json\/wp\/v2\/posts\/32055\/revisions\/32503"}],"wp:featuredmedia":[{"embeddable":true,"href":"https:\/\/www.organisator.ch\/it\/wp-json\/wp\/v2\/media\/32056"}],"wp:attachment":[{"href":"https:\/\/www.organisator.ch\/it\/wp-json\/wp\/v2\/media?parent=32055"}],"wp:term":[{"taxonomy":"category","embeddable":true,"href":"https:\/\/www.organisator.ch\/it\/wp-json\/wp\/v2\/categories?post=32055"},{"taxonomy":"post_tag","embeddable":true,"href":"https:\/\/www.organisator.ch\/it\/wp-json\/wp\/v2\/tags?post=32055"}],"curies":[{"name":"wp","href":"https:\/\/api.w.org\/{rel}","templated":true}]}}