{"id":3213,"date":"2018-02-28T08:13:12","date_gmt":"2018-02-28T07:13:12","guid":{"rendered":"https:\/\/www.organisator.ch\/?p=3213"},"modified":"2018-02-28T08:13:12","modified_gmt":"2018-02-28T07:13:12","slug":"veranstaltungshinweis-blockchain-leadership-summit-am-9-maerz","status":"publish","type":"post","link":"https:\/\/www.organisator.ch\/it\/management\/finanzen_recht\/2018-02-28\/veranstaltungshinweis-blockchain-leadership-summit-am-9-maerz\/","title":{"rendered":"Nota dell'evento: Blockchain Leadership Summit il 9 marzo"},"content":{"rendered":"<p><img loading=\"lazy\" decoding=\"async\" class=\"alignnone size-full wp-image-3215\" src=\"https:\/\/www.organisator.ch\/wp-content\/uploads\/2018\/02\/Veranstaltungshinweis-Blockchain-Leadership-Summit_Organisator.jpg\" alt=\"\" width=\"640\" height=\"360\" srcset=\"https:\/\/www.organisator.ch\/wp-content\/uploads\/2018\/02\/Veranstaltungshinweis-Blockchain-Leadership-Summit_Organisator.jpg 640w, https:\/\/www.organisator.ch\/wp-content\/uploads\/2018\/02\/Veranstaltungshinweis-Blockchain-Leadership-Summit_Organisator-16x9.jpg 16w, https:\/\/www.organisator.ch\/wp-content\/uploads\/2018\/02\/Veranstaltungshinweis-Blockchain-Leadership-Summit_Organisator-311x175.jpg 311w, https:\/\/www.organisator.ch\/wp-content\/uploads\/2018\/02\/Veranstaltungshinweis-Blockchain-Leadership-Summit_Organisator-622x350.jpg 622w, https:\/\/www.organisator.ch\/wp-content\/uploads\/2018\/02\/Veranstaltungshinweis-Blockchain-Leadership-Summit_Organisator-300x169.jpg 300w\" sizes=\"auto, (max-width: 640px) 100vw, 640px\" \/><\/p>\n<p>Il Blockchain Leadership Summit, che si terr\u00e0 il 9 marzo 2018 a Zurigo (Dolder Grand), \u00e8 rivolto a leader aziendali, regolatori, decisori e investitori. Il summit \u00e8 avviato da InnMind, la rete globale di business per comunit\u00e0 innovative, insieme alla piattaforma di raccolta fondi KICKICO e in collaborazione con l'ecosistema Crypto-Valley.<\/p>\n<h2>Relatori da tutto il mondo<\/h2>\n<p>Sono attesi oltre 700 visitatori e pi\u00f9 di 30 oratori rinomati, tra cui: Il principe Michael del Liechtenstein, Sony Kapoor, William Mougayar, Johan Gevers, Efi Pylarinou, Kevin van der Veer, Louis de Bruin e altri esperti. I migliori rappresentanti dei media commerciali della finanza e della tecnologia finanziaria modereranno le presentazioni e condurranno le discussioni. Sono inclusi: Tech Crunch, Forbes e Bitcoin.com.<\/p>\n<p>Il Summit fornir\u00e0 una piattaforma professionale per coloro che vogliono esplorare il potenziale degli asset tokenizzati, o per le aziende che stanno considerando l'adozione della blockchain, o per coloro che hanno gi\u00e0 raccolto fondi con successo attraverso campagne ICO. Ma anche chiunque sia semplicemente interessato agli sviluppi finanziari globali e voglia saperne di pi\u00f9 sulle sfide e le opportunit\u00e0 future.<\/p>\n<h2>La patria della blockchain<\/h2>\n<p>Zurigo \u00e8 il luogo ovvio per il summit: \"Sviluppatori, investitori e imprenditori non viaggiano pi\u00f9 dalla Svizzera alla Silicon Valley quando si tratta di blockchain\", dice il consigliere governativo Matthias Michel, capo del dipartimento degli affari economici del cantone di Zugo, la madrepatria della blockchain e delle criptoattivit\u00e0 in Svizzera. \"Al contrario, la gente viene ora dalla California nella nostra Crypto Valley per vedere cosa sta succedendo\".<\/p>\n<p>La conferenza e le discussioni del workshop tratteranno i seguenti argomenti:<\/p>\n<ul>\n<li>L'impatto finanziario e sociale della blockchain<\/li>\n<li>l'integrazione del business blockchain<\/li>\n<li>L'aumento dell'efficienza attraverso la tokenizzazione e l'integrazione della blockchain<\/li>\n<li>Investimenti in progetti basati su Blockchain<\/li>\n<li>Tendenze e prospettive, metodi di valutazione del rischio e gestione del portafoglio<\/li>\n<li>Analisi del mercato ICO<\/li>\n<li>Procedura di punteggio<\/li>\n<li>e, ultimo ma non meno importante, i metodi tradizionali di raccolta fondi sono contrapposti alle vendite della folla<\/li>\n<\/ul>\n<p>Il Blockchain Leadership Summit includer\u00e0 tavole rotonde, workshop, incontri faccia a faccia con esperti e attori del mercato. I partecipanti al vertice saranno in grado di fare rete esclusivamente con investitori tradizionali e cripto, fondi di investimento, decisori, banche cripto, imprese tokenizzate e sviluppatori blockchain. Un ulteriore punto culminante sar\u00e0 una cena di gala ospitata da Cryptospace e un'asta d'arte il cui ricavato andr\u00e0 a Children's Aid.<\/p>\n<p><em>Il programma completo e le informazioni sulla vendita dei biglietti sono disponibili su <a href=\"http:\/\/swissblockchainsummit.com\/\">swissblockchainsummit.com<\/a>.<\/em><\/p>\n<p>&nbsp;<\/p>","protected":false},"excerpt":{"rendered":"<p>Der Blockchain Leadership Summit, der am 9. M\u00e4rz 2018 in Z\u00fcrich (Dolder Grand) stattfindet,\u00a0wendet sich an\u00a0Wirtschaftsf\u00fchrer, Regulierungsbeh\u00f6rden, Entscheidungstr\u00e4ger und Investoren. Der Gipfel wird initiiert von InnMind, dem globalen Business-Netzwerk f\u00fcr innovative Community, zusammen mit der KICKICO-Fundraising-Plattform und in Zusammenarbeit mit dem Crypto-Valley Ecosystem. Referenten aus aller Welt Erwartet werden \u00fcber 700 Besucher und mehr als [&hellip;]<\/p>\n","protected":false},"author":4,"featured_media":3215,"comment_status":"open","ping_status":"open","sticky":false,"template":"","format":"standard","meta":{"_acf_changed":false,"_yoast_wpseo_focuskw":"Blockchain Leadership Summit","_yoast_wpseo_metadesc":"Am 9. M\u00e4rz 2018 findet in Z\u00fcrich ein gr\u00f6\u00dferes Gipfeltreffen von F\u00fchrungskr\u00e4ften statt. Dieses umfangreiche Event bringt globale Marktf\u00fchrer, Entscheidungstr\u00e4ger und die Spitzenvertreter sowohl der traditionellen Wirtschaft als auch aus den Bereichen Blockchain und Cryptospace zusammen.","articlekey":"","footnotes":""},"categories":[24],"tags":[85,202,316,502,531],"class_list":["post-3213","post","type-post","status-publish","format-standard","has-post-thumbnail","hentry","category-finanzen_recht","tag-blockchain","tag-finanzenrecht","tag-kryptowaehrung","tag-veranstaltungen","tag-wirtschaftspolitik"],"acf":[],"yoast_head":"<!-- This site is optimized with the Yoast SEO plugin v27.5 - https:\/\/yoast.com\/product\/yoast-seo-wordpress\/ -->\n<title>Veranstaltungshinweis: Blockchain Leadership Summit am 9. M\u00e4rz - Organisator<\/title>\n<meta name=\"description\" content=\"Am 9. M\u00e4rz 2018 findet in Z\u00fcrich ein gr\u00f6\u00dferes Gipfeltreffen von F\u00fchrungskr\u00e4ften statt. Dieses umfangreiche Event bringt globale Marktf\u00fchrer, Entscheidungstr\u00e4ger und die Spitzenvertreter sowohl der traditionellen Wirtschaft als auch aus den Bereichen Blockchain und Cryptospace zusammen.\" \/>\n<meta name=\"robots\" content=\"index, follow, max-snippet:-1, max-image-preview:large, max-video-preview:-1\" \/>\n<link rel=\"canonical\" href=\"https:\/\/www.organisator.ch\/it\/gestione-2\/finanzen_recht\/2018-02-28\/veranstaltungshinweis-blockchain-leadership-summit-am-9-maerz\/\" \/>\n<meta property=\"og:locale\" content=\"it_IT\" \/>\n<meta property=\"og:type\" content=\"article\" \/>\n<meta property=\"og:title\" content=\"Veranstaltungshinweis: Blockchain Leadership Summit am 9. M\u00e4rz\" \/>\n<meta property=\"og:description\" content=\"Der #Blockchain Leadership Summit bringt globale Marktf\u00fchrer, Entscheidungstr\u00e4ger und die Spitzenvertreter sowohl der traditionellen Wirtschaft als auch aus den Bereichen Blockchain und #Cryptospace zusammen.\" \/>\n<meta property=\"og:url\" content=\"https:\/\/www.organisator.ch\/it\/gestione-2\/finanzen_recht\/2018-02-28\/veranstaltungshinweis-blockchain-leadership-summit-am-9-maerz\/\" \/>\n<meta property=\"og:site_name\" content=\"Organisator\" \/>\n<meta property=\"article:publisher\" content=\"https:\/\/www.facebook.com\/OrganisatorFachmagazin\" \/>\n<meta property=\"article:published_time\" content=\"2018-02-28T07:13:12+00:00\" \/>\n<meta property=\"og:image\" content=\"https:\/\/www.organisator.ch\/wp-content\/uploads\/2018\/02\/Veranstaltungshinweis-Blockchain-Leadership-Summit_Organisator.jpg\" \/>\n\t<meta property=\"og:image:width\" content=\"640\" \/>\n\t<meta property=\"og:image:height\" content=\"360\" \/>\n\t<meta property=\"og:image:type\" content=\"image\/jpeg\" \/>\n<meta name=\"author\" content=\"thomas.berner\" \/>\n<meta name=\"twitter:card\" content=\"summary_large_image\" \/>\n<meta name=\"twitter:title\" content=\"Veranstaltungshinweis: #BlockchainLeadershipSummit am 9. M\u00e4rz\" \/>\n<meta name=\"twitter:description\" content=\"Der #Blockchain Leadership Summit bringt globale Marktf\u00fchrer, Entscheidungstr\u00e4ger und die Spitzenvertreter sowohl der traditionellen Wirtschaft als auch aus den Bereichen Blockchain und #Cryptospace zusammen.\" \/>\n<meta name=\"twitter:image\" content=\"https:\/\/www.organisator.ch\/wp-content\/uploads\/2018\/02\/Veranstaltungshinweis-Blockchain-Leadership-Summit_Organisator.jpg\" \/>\n<script type=\"application\/ld+json\" class=\"yoast-schema-graph\">{\"@context\":\"https:\\\/\\\/schema.org\",\"@graph\":[{\"@type\":\"Article\",\"@id\":\"https:\\\/\\\/www.organisator.ch\\\/management\\\/finanzen_recht\\\/2018-02-28\\\/veranstaltungshinweis-blockchain-leadership-summit-am-9-maerz\\\/#article\",\"isPartOf\":{\"@id\":\"https:\\\/\\\/www.organisator.ch\\\/management\\\/finanzen_recht\\\/2018-02-28\\\/veranstaltungshinweis-blockchain-leadership-summit-am-9-maerz\\\/\"},\"author\":{\"name\":\"thomas.berner\",\"@id\":\"https:\\\/\\\/www.organisator.ch\\\/#\\\/schema\\\/person\\\/6f650f90b2842cd4c0cc334b4e36f67e\"},\"headline\":\"Veranstaltungshinweis: Blockchain Leadership Summit am 9. M\u00e4rz\",\"datePublished\":\"2018-02-28T07:13:12+00:00\",\"mainEntityOfPage\":{\"@id\":\"https:\\\/\\\/www.organisator.ch\\\/management\\\/finanzen_recht\\\/2018-02-28\\\/veranstaltungshinweis-blockchain-leadership-summit-am-9-maerz\\\/\"},\"wordCount\":379,\"commentCount\":0,\"publisher\":{\"@id\":\"https:\\\/\\\/www.organisator.ch\\\/#organization\"},\"image\":{\"@id\":\"https:\\\/\\\/www.organisator.ch\\\/management\\\/finanzen_recht\\\/2018-02-28\\\/veranstaltungshinweis-blockchain-leadership-summit-am-9-maerz\\\/#primaryimage\"},\"thumbnailUrl\":\"https:\\\/\\\/www.organisator.ch\\\/wp-content\\\/uploads\\\/2018\\\/02\\\/Veranstaltungshinweis-Blockchain-Leadership-Summit_Organisator.jpg\",\"keywords\":[\"Blockchain\",\"Finanzen\\\/Recht\",\"Kryptow\u00e4hrung\",\"Veranstaltungen\",\"Wirtschaftspolitik\"],\"articleSection\":[\"FINANZEN\\\/RECHT\"],\"inLanguage\":\"it-IT\"},{\"@type\":\"WebPage\",\"@id\":\"https:\\\/\\\/www.organisator.ch\\\/management\\\/finanzen_recht\\\/2018-02-28\\\/veranstaltungshinweis-blockchain-leadership-summit-am-9-maerz\\\/\",\"url\":\"https:\\\/\\\/www.organisator.ch\\\/management\\\/finanzen_recht\\\/2018-02-28\\\/veranstaltungshinweis-blockchain-leadership-summit-am-9-maerz\\\/\",\"name\":\"Veranstaltungshinweis: Blockchain Leadership Summit am 9. M\u00e4rz - Organisator\",\"isPartOf\":{\"@id\":\"https:\\\/\\\/www.organisator.ch\\\/#website\"},\"primaryImageOfPage\":{\"@id\":\"https:\\\/\\\/www.organisator.ch\\\/management\\\/finanzen_recht\\\/2018-02-28\\\/veranstaltungshinweis-blockchain-leadership-summit-am-9-maerz\\\/#primaryimage\"},\"image\":{\"@id\":\"https:\\\/\\\/www.organisator.ch\\\/management\\\/finanzen_recht\\\/2018-02-28\\\/veranstaltungshinweis-blockchain-leadership-summit-am-9-maerz\\\/#primaryimage\"},\"thumbnailUrl\":\"https:\\\/\\\/www.organisator.ch\\\/wp-content\\\/uploads\\\/2018\\\/02\\\/Veranstaltungshinweis-Blockchain-Leadership-Summit_Organisator.jpg\",\"datePublished\":\"2018-02-28T07:13:12+00:00\",\"description\":\"Am 9. M\u00e4rz 2018 findet in Z\u00fcrich ein gr\u00f6\u00dferes Gipfeltreffen von F\u00fchrungskr\u00e4ften statt. Dieses umfangreiche Event bringt globale Marktf\u00fchrer, Entscheidungstr\u00e4ger und die Spitzenvertreter sowohl der traditionellen Wirtschaft als auch aus den Bereichen Blockchain und Cryptospace zusammen.\",\"breadcrumb\":{\"@id\":\"https:\\\/\\\/www.organisator.ch\\\/management\\\/finanzen_recht\\\/2018-02-28\\\/veranstaltungshinweis-blockchain-leadership-summit-am-9-maerz\\\/#breadcrumb\"},\"inLanguage\":\"it-IT\",\"potentialAction\":[{\"@type\":\"ReadAction\",\"target\":[\"https:\\\/\\\/www.organisator.ch\\\/management\\\/finanzen_recht\\\/2018-02-28\\\/veranstaltungshinweis-blockchain-leadership-summit-am-9-maerz\\\/\"]}]},{\"@type\":\"ImageObject\",\"inLanguage\":\"it-IT\",\"@id\":\"https:\\\/\\\/www.organisator.ch\\\/management\\\/finanzen_recht\\\/2018-02-28\\\/veranstaltungshinweis-blockchain-leadership-summit-am-9-maerz\\\/#primaryimage\",\"url\":\"https:\\\/\\\/www.organisator.ch\\\/wp-content\\\/uploads\\\/2018\\\/02\\\/Veranstaltungshinweis-Blockchain-Leadership-Summit_Organisator.jpg\",\"contentUrl\":\"https:\\\/\\\/www.organisator.ch\\\/wp-content\\\/uploads\\\/2018\\\/02\\\/Veranstaltungshinweis-Blockchain-Leadership-Summit_Organisator.jpg\",\"width\":640,\"height\":360},{\"@type\":\"BreadcrumbList\",\"@id\":\"https:\\\/\\\/www.organisator.ch\\\/management\\\/finanzen_recht\\\/2018-02-28\\\/veranstaltungshinweis-blockchain-leadership-summit-am-9-maerz\\\/#breadcrumb\",\"itemListElement\":[{\"@type\":\"ListItem\",\"position\":1,\"name\":\"Home\",\"item\":\"https:\\\/\\\/www.organisator.ch\\\/\"},{\"@type\":\"ListItem\",\"position\":2,\"name\":\"Veranstaltungshinweis: Blockchain Leadership Summit am 9. M\u00e4rz\"}]},{\"@type\":\"WebSite\",\"@id\":\"https:\\\/\\\/www.organisator.ch\\\/#website\",\"url\":\"https:\\\/\\\/www.organisator.ch\\\/\",\"name\":\"Organisator\",\"description\":\"Kompetent. Praxisnah. Der ORGANISATOR bereitet in 10 Ausgaben pro Jahr die wesentlichen Themen f\u00fcr F\u00fchrungskr\u00e4fte von KMU auf.\",\"publisher\":{\"@id\":\"https:\\\/\\\/www.organisator.ch\\\/#organization\"},\"potentialAction\":[{\"@type\":\"SearchAction\",\"target\":{\"@type\":\"EntryPoint\",\"urlTemplate\":\"https:\\\/\\\/www.organisator.ch\\\/?s={search_term_string}\"},\"query-input\":{\"@type\":\"PropertyValueSpecification\",\"valueRequired\":true,\"valueName\":\"search_term_string\"}}],\"inLanguage\":\"it-IT\"},{\"@type\":\"Organization\",\"@id\":\"https:\\\/\\\/www.organisator.ch\\\/#organization\",\"name\":\"Organisator\",\"url\":\"https:\\\/\\\/www.organisator.ch\\\/\",\"logo\":{\"@type\":\"ImageObject\",\"inLanguage\":\"it-IT\",\"@id\":\"https:\\\/\\\/www.organisator.ch\\\/#\\\/schema\\\/logo\\\/image\\\/\",\"url\":\"https:\\\/\\\/www.organisator.ch\\\/wp-content\\\/uploads\\\/2022\\\/01\\\/Logo_Organisator_Website.png\",\"contentUrl\":\"https:\\\/\\\/www.organisator.ch\\\/wp-content\\\/uploads\\\/2022\\\/01\\\/Logo_Organisator_Website.png\",\"width\":800,\"height\":77,\"caption\":\"Organisator\"},\"image\":{\"@id\":\"https:\\\/\\\/www.organisator.ch\\\/#\\\/schema\\\/logo\\\/image\\\/\"},\"sameAs\":[\"https:\\\/\\\/www.facebook.com\\\/OrganisatorFachmagazin\",\"https:\\\/\\\/www.linkedin.com\\\/showcase\\\/organisator-das-magazin-fr-kmu\",\"https:\\\/\\\/www.xing.com\\\/news\\\/pages\\\/organisator-ch-695\",\"https:\\\/\\\/www.youtube.com\\\/channel\\\/UCGP2Sq0iWaZwT3BdIAQFYpw\"]},{\"@type\":\"Person\",\"@id\":\"https:\\\/\\\/www.organisator.ch\\\/#\\\/schema\\\/person\\\/6f650f90b2842cd4c0cc334b4e36f67e\",\"name\":\"thomas.berner\",\"image\":{\"@type\":\"ImageObject\",\"inLanguage\":\"it-IT\",\"@id\":\"https:\\\/\\\/secure.gravatar.com\\\/avatar\\\/ac5001d2a36cb6c6cd3e50789007ffca834b477b74a2144564522e944eabff61?s=96&d=mm&r=g\",\"url\":\"https:\\\/\\\/secure.gravatar.com\\\/avatar\\\/ac5001d2a36cb6c6cd3e50789007ffca834b477b74a2144564522e944eabff61?s=96&d=mm&r=g\",\"contentUrl\":\"https:\\\/\\\/secure.gravatar.com\\\/avatar\\\/ac5001d2a36cb6c6cd3e50789007ffca834b477b74a2144564522e944eabff61?s=96&d=mm&r=g\",\"caption\":\"thomas.berner\"},\"url\":\"https:\\\/\\\/www.organisator.ch\\\/it\\\/author\\\/thomas-berner\\\/\"}]}<\/script>\n<!-- \/ Yoast SEO plugin. -->","yoast_head_json":{"title":"Nota dell'evento: Blockchain Leadership Summit del 9 marzo - Organizzatore","description":"Il 9 marzo 2018 si terr\u00e0 a Zurigo un importante vertice esecutivo. Questo evento su larga scala riunir\u00e0 i leader del mercato globale, i decisori e i massimi rappresentanti sia dell'economia tradizionale che dei settori blockchain e criptospace.","robots":{"index":"index","follow":"follow","max-snippet":"max-snippet:-1","max-image-preview":"max-image-preview:large","max-video-preview":"max-video-preview:-1"},"canonical":"https:\/\/www.organisator.ch\/it\/gestione-2\/finanzen_recht\/2018-02-28\/veranstaltungshinweis-blockchain-leadership-summit-am-9-maerz\/","og_locale":"it_IT","og_type":"article","og_title":"Veranstaltungshinweis: Blockchain Leadership Summit am 9. M\u00e4rz","og_description":"Der #Blockchain Leadership Summit bringt globale Marktf\u00fchrer, Entscheidungstr\u00e4ger und die Spitzenvertreter sowohl der traditionellen Wirtschaft als auch aus den Bereichen Blockchain und #Cryptospace zusammen.","og_url":"https:\/\/www.organisator.ch\/it\/gestione-2\/finanzen_recht\/2018-02-28\/veranstaltungshinweis-blockchain-leadership-summit-am-9-maerz\/","og_site_name":"Organisator","article_publisher":"https:\/\/www.facebook.com\/OrganisatorFachmagazin","article_published_time":"2018-02-28T07:13:12+00:00","og_image":[{"width":640,"height":360,"url":"https:\/\/www.organisator.ch\/wp-content\/uploads\/2018\/02\/Veranstaltungshinweis-Blockchain-Leadership-Summit_Organisator.jpg","type":"image\/jpeg"}],"author":"thomas.berner","twitter_card":"summary_large_image","twitter_title":"Veranstaltungshinweis: #BlockchainLeadershipSummit am 9. M\u00e4rz","twitter_description":"Der #Blockchain Leadership Summit bringt globale Marktf\u00fchrer, Entscheidungstr\u00e4ger und die Spitzenvertreter sowohl der traditionellen Wirtschaft als auch aus den Bereichen Blockchain und #Cryptospace zusammen.","twitter_image":"https:\/\/www.organisator.ch\/wp-content\/uploads\/2018\/02\/Veranstaltungshinweis-Blockchain-Leadership-Summit_Organisator.jpg","schema":{"@context":"https:\/\/schema.org","@graph":[{"@type":"Article","@id":"https:\/\/www.organisator.ch\/management\/finanzen_recht\/2018-02-28\/veranstaltungshinweis-blockchain-leadership-summit-am-9-maerz\/#article","isPartOf":{"@id":"https:\/\/www.organisator.ch\/management\/finanzen_recht\/2018-02-28\/veranstaltungshinweis-blockchain-leadership-summit-am-9-maerz\/"},"author":{"name":"thomas.berner","@id":"https:\/\/www.organisator.ch\/#\/schema\/person\/6f650f90b2842cd4c0cc334b4e36f67e"},"headline":"Veranstaltungshinweis: Blockchain Leadership Summit am 9. M\u00e4rz","datePublished":"2018-02-28T07:13:12+00:00","mainEntityOfPage":{"@id":"https:\/\/www.organisator.ch\/management\/finanzen_recht\/2018-02-28\/veranstaltungshinweis-blockchain-leadership-summit-am-9-maerz\/"},"wordCount":379,"commentCount":0,"publisher":{"@id":"https:\/\/www.organisator.ch\/#organization"},"image":{"@id":"https:\/\/www.organisator.ch\/management\/finanzen_recht\/2018-02-28\/veranstaltungshinweis-blockchain-leadership-summit-am-9-maerz\/#primaryimage"},"thumbnailUrl":"https:\/\/www.organisator.ch\/wp-content\/uploads\/2018\/02\/Veranstaltungshinweis-Blockchain-Leadership-Summit_Organisator.jpg","keywords":["Blockchain","Finanzen\/Recht","Kryptow\u00e4hrung","Veranstaltungen","Wirtschaftspolitik"],"articleSection":["FINANZEN\/RECHT"],"inLanguage":"it-IT"},{"@type":"WebPage","@id":"https:\/\/www.organisator.ch\/management\/finanzen_recht\/2018-02-28\/veranstaltungshinweis-blockchain-leadership-summit-am-9-maerz\/","url":"https:\/\/www.organisator.ch\/management\/finanzen_recht\/2018-02-28\/veranstaltungshinweis-blockchain-leadership-summit-am-9-maerz\/","name":"Nota dell'evento: Blockchain Leadership Summit del 9 marzo - Organizzatore","isPartOf":{"@id":"https:\/\/www.organisator.ch\/#website"},"primaryImageOfPage":{"@id":"https:\/\/www.organisator.ch\/management\/finanzen_recht\/2018-02-28\/veranstaltungshinweis-blockchain-leadership-summit-am-9-maerz\/#primaryimage"},"image":{"@id":"https:\/\/www.organisator.ch\/management\/finanzen_recht\/2018-02-28\/veranstaltungshinweis-blockchain-leadership-summit-am-9-maerz\/#primaryimage"},"thumbnailUrl":"https:\/\/www.organisator.ch\/wp-content\/uploads\/2018\/02\/Veranstaltungshinweis-Blockchain-Leadership-Summit_Organisator.jpg","datePublished":"2018-02-28T07:13:12+00:00","description":"Il 9 marzo 2018 si terr\u00e0 a Zurigo un importante vertice esecutivo. Questo evento su larga scala riunir\u00e0 i leader del mercato globale, i decisori e i massimi rappresentanti sia dell'economia tradizionale che dei settori blockchain e criptospace.","breadcrumb":{"@id":"https:\/\/www.organisator.ch\/management\/finanzen_recht\/2018-02-28\/veranstaltungshinweis-blockchain-leadership-summit-am-9-maerz\/#breadcrumb"},"inLanguage":"it-IT","potentialAction":[{"@type":"ReadAction","target":["https:\/\/www.organisator.ch\/management\/finanzen_recht\/2018-02-28\/veranstaltungshinweis-blockchain-leadership-summit-am-9-maerz\/"]}]},{"@type":"ImageObject","inLanguage":"it-IT","@id":"https:\/\/www.organisator.ch\/management\/finanzen_recht\/2018-02-28\/veranstaltungshinweis-blockchain-leadership-summit-am-9-maerz\/#primaryimage","url":"https:\/\/www.organisator.ch\/wp-content\/uploads\/2018\/02\/Veranstaltungshinweis-Blockchain-Leadership-Summit_Organisator.jpg","contentUrl":"https:\/\/www.organisator.ch\/wp-content\/uploads\/2018\/02\/Veranstaltungshinweis-Blockchain-Leadership-Summit_Organisator.jpg","width":640,"height":360},{"@type":"BreadcrumbList","@id":"https:\/\/www.organisator.ch\/management\/finanzen_recht\/2018-02-28\/veranstaltungshinweis-blockchain-leadership-summit-am-9-maerz\/#breadcrumb","itemListElement":[{"@type":"ListItem","position":1,"name":"Home","item":"https:\/\/www.organisator.ch\/"},{"@type":"ListItem","position":2,"name":"Veranstaltungshinweis: Blockchain Leadership Summit am 9. M\u00e4rz"}]},{"@type":"WebSite","@id":"https:\/\/www.organisator.ch\/#website","url":"https:\/\/www.organisator.ch\/","name":"Organizzatore","description":"Competente. Pratico. In 10 numeri all'anno, ORGANISATOR presenta i temi essenziali per i manager delle PMI.","publisher":{"@id":"https:\/\/www.organisator.ch\/#organization"},"potentialAction":[{"@type":"SearchAction","target":{"@type":"EntryPoint","urlTemplate":"https:\/\/www.organisator.ch\/?s={search_term_string}"},"query-input":{"@type":"PropertyValueSpecification","valueRequired":true,"valueName":"search_term_string"}}],"inLanguage":"it-IT"},{"@type":"Organization","@id":"https:\/\/www.organisator.ch\/#organization","name":"Organizzatore","url":"https:\/\/www.organisator.ch\/","logo":{"@type":"ImageObject","inLanguage":"it-IT","@id":"https:\/\/www.organisator.ch\/#\/schema\/logo\/image\/","url":"https:\/\/www.organisator.ch\/wp-content\/uploads\/2022\/01\/Logo_Organisator_Website.png","contentUrl":"https:\/\/www.organisator.ch\/wp-content\/uploads\/2022\/01\/Logo_Organisator_Website.png","width":800,"height":77,"caption":"Organisator"},"image":{"@id":"https:\/\/www.organisator.ch\/#\/schema\/logo\/image\/"},"sameAs":["https:\/\/www.facebook.com\/OrganisatorFachmagazin","https:\/\/www.linkedin.com\/showcase\/organisator-das-magazin-fr-kmu","https:\/\/www.xing.com\/news\/pages\/organisator-ch-695","https:\/\/www.youtube.com\/channel\/UCGP2Sq0iWaZwT3BdIAQFYpw"]},{"@type":"Person","@id":"https:\/\/www.organisator.ch\/#\/schema\/person\/6f650f90b2842cd4c0cc334b4e36f67e","name":"Tommaso.berner","image":{"@type":"ImageObject","inLanguage":"it-IT","@id":"https:\/\/secure.gravatar.com\/avatar\/ac5001d2a36cb6c6cd3e50789007ffca834b477b74a2144564522e944eabff61?s=96&d=mm&r=g","url":"https:\/\/secure.gravatar.com\/avatar\/ac5001d2a36cb6c6cd3e50789007ffca834b477b74a2144564522e944eabff61?s=96&d=mm&r=g","contentUrl":"https:\/\/secure.gravatar.com\/avatar\/ac5001d2a36cb6c6cd3e50789007ffca834b477b74a2144564522e944eabff61?s=96&d=mm&r=g","caption":"thomas.berner"},"url":"https:\/\/www.organisator.ch\/it\/author\/thomas-berner\/"}]}},"_links":{"self":[{"href":"https:\/\/www.organisator.ch\/it\/wp-json\/wp\/v2\/posts\/3213","targetHints":{"allow":["GET"]}}],"collection":[{"href":"https:\/\/www.organisator.ch\/it\/wp-json\/wp\/v2\/posts"}],"about":[{"href":"https:\/\/www.organisator.ch\/it\/wp-json\/wp\/v2\/types\/post"}],"author":[{"embeddable":true,"href":"https:\/\/www.organisator.ch\/it\/wp-json\/wp\/v2\/users\/4"}],"replies":[{"embeddable":true,"href":"https:\/\/www.organisator.ch\/it\/wp-json\/wp\/v2\/comments?post=3213"}],"version-history":[{"count":0,"href":"https:\/\/www.organisator.ch\/it\/wp-json\/wp\/v2\/posts\/3213\/revisions"}],"wp:featuredmedia":[{"embeddable":true,"href":"https:\/\/www.organisator.ch\/it\/wp-json\/wp\/v2\/media\/3215"}],"wp:attachment":[{"href":"https:\/\/www.organisator.ch\/it\/wp-json\/wp\/v2\/media?parent=3213"}],"wp:term":[{"taxonomy":"category","embeddable":true,"href":"https:\/\/www.organisator.ch\/it\/wp-json\/wp\/v2\/categories?post=3213"},{"taxonomy":"post_tag","embeddable":true,"href":"https:\/\/www.organisator.ch\/it\/wp-json\/wp\/v2\/tags?post=3213"}],"curies":[{"name":"wp","href":"https:\/\/api.w.org\/{rel}","templated":true}]}}