{"id":32199,"date":"2024-11-10T12:09:02","date_gmt":"2024-11-10T11:09:02","guid":{"rendered":"https:\/\/www.markt-kom.com\/?p=226338"},"modified":"2024-11-11T04:20:09","modified_gmt":"2024-11-11T03:20:09","slug":"contexta-fuer-sbb-starkes-zeichen-fuer-mehr-respekt","status":"publish","type":"post","link":"https:\/\/www.organisator.ch\/it\/marketing\/2024-11-10\/contexta-fuer-sbb-starkes-zeichen-fuer-mehr-respekt\/","title":{"rendered":"Contexta per le FFS: un segnale forte per un maggiore rispetto"},"content":{"rendered":"<p><img class=\"alignnone wp-image-226339 size-full\" src=\"https:\/\/www.markt-kom.com\/wp-content\/uploads\/2024\/11\/02_plakat_F12-scaled.jpg\" alt=\"SBB \" width=\"1400\" height=\"788\" \/><\/p>\r\n<p class=\"p1\">Le stazioni e i treni dovrebbero essere luoghi in cui tutti si sentono sicuri e a proprio agio. Secondo le FFS, le indagini periodiche mostrano che i viaggiatori si sentono pi\u00f9 sicuri sui treni e nelle stazioni che in altri spazi pubblici. Ciononostante, sui mezzi di trasporto pubblico si verificano quotidianamente episodi di aggressione verbale o fisica, alcuni dei quali sono diventati pi\u00f9 gravi negli ultimi anni. Le FFS e i loro partner sociali SEV, VSLF e transfair lanciano quindi una campagna di sensibilizzazione all'insegna del motto \"Viaggiare insieme con rispetto\". Questa campagna \u00e8 un passo importante per sensibilizzare viaggiatori e collaboratori e promuovere la comprensione reciproca.<\/p>\r\n<p class=\"p1\">In stretta collaborazione con Contexta, \u00e8 stata sviluppata una campagna creativa che punta al cuore emotivo del problema e invia un messaggio forte a favore di un maggiore apprezzamento e considerazione. La campagna utilizza un approccio sottile ma conciso: mostra che le FFS prendono sul serio questo problema senza attribuire colpe o alimentare paure. L'obiettivo \u00e8 invece quello di incoraggiare viaggiatori e dipendenti a riflettere sul proprio comportamento.<\/p>\r\n<p class=\"p1\">A partire dall'11 novembre, la campagna sar\u00e0 visualizzata su manifesti e spazi pubblicitari digitali (DOOH) nelle stazioni e nei treni. Un codice QR condurr\u00e0 gli interessati alla landing page sbb.ch\/respekt, che offre ulteriori informazioni e punti di contatto sul tema del rispetto e della sicurezza nei trasporti pubblici.<\/p>\r\n<hr \/>\r\n<p class=\"p1\"><b>Responsabile presso le FFS: <\/b>Matthias B\u00fctler (Responsabile Marketing e Sviluppo del mercato e membro del Consiglio di gestione del mercato del trasporto viaggiatori FFS), Sandro Borrelli (Responsabile Marketing), Carole Gerber (Responsabile Marketing Pendolari e Clienti abituali), Daniel Haldi (Responsabile Campagne); <b>Agenzia responsabile:<\/b> Contexta; <b>Produzione CGI:<\/b> Flaeck.<\/p>","protected":false},"excerpt":{"rendered":"<p>Le FFS e i loro partner sociali SEV, VSLF e transfair, insieme all'agenzia Contexta, stanno battendo nuove strade per promuovere il rispetto e la sicurezza nei trasporti pubblici. Con un'efficace campagna di sensibilizzazione, lanciano un segnale forte per un'interazione rispettosa tra viaggiatori e dipendenti delle FFS.<\/p>","protected":false},"author":8,"featured_media":0,"comment_status":"closed","ping_status":"closed","sticky":false,"template":"","format":"standard","meta":{"_acf_changed":false,"_yoast_wpseo_focuskw":"SBB","_yoast_wpseo_metadesc":"SBB startet Kampagne f\u00fcr respektvolles Verhalten in Bahnh\u00f6fen und Z\u00fcgen. Ziel: Sicherheit und Wohlbefinden steigern.","articlekey":"","footnotes":""},"categories":[29],"tags":[4733,4343,3438,2055,3747],"class_list":["post-32199","post","type-post","status-publish","format-standard","hentry","category-marketing","tag-contexta","tag-markom","tag-oev","tag-sbb","tag-sensibilisierungskampagne"],"acf":[],"yoast_head":"<!-- This site is optimized with the Yoast SEO plugin v27.4 - https:\/\/yoast.com\/product\/yoast-seo-wordpress\/ -->\n<title>Contexta f\u00fcr SBB: Starkes Zeichen f\u00fcr mehr Respekt - Organisator<\/title>\n<meta name=\"description\" content=\"SBB startet Kampagne f\u00fcr respektvolles Verhalten in Bahnh\u00f6fen und Z\u00fcgen. Ziel: Sicherheit und Wohlbefinden steigern.\" \/>\n<meta name=\"robots\" content=\"index, follow, max-snippet:-1, max-image-preview:large, max-video-preview:-1\" \/>\n<link rel=\"canonical\" href=\"https:\/\/www.organisator.ch\/it\/marketing\/2024-11-10\/contexta-fuer-sbb-starkes-zeichen-fuer-mehr-respekt\/\" \/>\n<meta property=\"og:locale\" content=\"it_IT\" \/>\n<meta property=\"og:type\" content=\"article\" \/>\n<meta property=\"og:title\" content=\"Contexta f\u00fcr SBB: Starkes Zeichen f\u00fcr mehr Respekt - Organisator\" \/>\n<meta property=\"og:description\" content=\"SBB startet Kampagne f\u00fcr respektvolles Verhalten in Bahnh\u00f6fen und Z\u00fcgen. Ziel: Sicherheit und Wohlbefinden steigern.\" \/>\n<meta property=\"og:url\" content=\"https:\/\/www.organisator.ch\/it\/marketing\/2024-11-10\/contexta-fuer-sbb-starkes-zeichen-fuer-mehr-respekt\/\" \/>\n<meta property=\"og:site_name\" content=\"Organisator\" \/>\n<meta property=\"article:publisher\" content=\"https:\/\/www.facebook.com\/OrganisatorFachmagazin\" \/>\n<meta property=\"article:published_time\" content=\"2024-11-10T11:09:02+00:00\" \/>\n<meta property=\"article:modified_time\" content=\"2024-11-11T03:20:09+00:00\" \/>\n<meta property=\"og:image\" content=\"https:\/\/www.markt-kom.com\/wp-content\/uploads\/2024\/11\/02_plakat_F12-scaled.jpg\" \/>\n<meta name=\"author\" content=\"galledia\" \/>\n<meta name=\"twitter:card\" content=\"summary_large_image\" \/>\n<meta name=\"twitter:creator\" content=\"@admin\" \/>\n<script type=\"application\/ld+json\" class=\"yoast-schema-graph\">{\"@context\":\"https:\\\/\\\/schema.org\",\"@graph\":[{\"@type\":\"Article\",\"@id\":\"https:\\\/\\\/www.organisator.ch\\\/marketing\\\/2024-11-10\\\/contexta-fuer-sbb-starkes-zeichen-fuer-mehr-respekt\\\/#article\",\"isPartOf\":{\"@id\":\"https:\\\/\\\/www.organisator.ch\\\/marketing\\\/2024-11-10\\\/contexta-fuer-sbb-starkes-zeichen-fuer-mehr-respekt\\\/\"},\"author\":{\"name\":\"galledia\",\"@id\":\"https:\\\/\\\/www.organisator.ch\\\/#\\\/schema\\\/person\\\/4e51799071cd2dd1232ac003643ef5f0\"},\"headline\":\"Contexta f\u00fcr SBB: Starkes Zeichen f\u00fcr mehr Respekt\",\"datePublished\":\"2024-11-10T11:09:02+00:00\",\"dateModified\":\"2024-11-11T03:20:09+00:00\",\"mainEntityOfPage\":{\"@id\":\"https:\\\/\\\/www.organisator.ch\\\/marketing\\\/2024-11-10\\\/contexta-fuer-sbb-starkes-zeichen-fuer-mehr-respekt\\\/\"},\"wordCount\":276,\"publisher\":{\"@id\":\"https:\\\/\\\/www.organisator.ch\\\/#organization\"},\"image\":{\"@id\":\"https:\\\/\\\/www.organisator.ch\\\/marketing\\\/2024-11-10\\\/contexta-fuer-sbb-starkes-zeichen-fuer-mehr-respekt\\\/#primaryimage\"},\"thumbnailUrl\":\"https:\\\/\\\/www.markt-kom.com\\\/wp-content\\\/uploads\\\/2024\\\/11\\\/02_plakat_F12-scaled.jpg\",\"keywords\":[\"Contexta\",\"MarKom\",\"\u00d6V\",\"SBB\",\"Sensibilisierungskampagne\"],\"articleSection\":[\"MARKETING\"],\"inLanguage\":\"it-IT\"},{\"@type\":\"WebPage\",\"@id\":\"https:\\\/\\\/www.organisator.ch\\\/marketing\\\/2024-11-10\\\/contexta-fuer-sbb-starkes-zeichen-fuer-mehr-respekt\\\/\",\"url\":\"https:\\\/\\\/www.organisator.ch\\\/marketing\\\/2024-11-10\\\/contexta-fuer-sbb-starkes-zeichen-fuer-mehr-respekt\\\/\",\"name\":\"Contexta f\u00fcr SBB: Starkes Zeichen f\u00fcr mehr Respekt - Organisator\",\"isPartOf\":{\"@id\":\"https:\\\/\\\/www.organisator.ch\\\/#website\"},\"primaryImageOfPage\":{\"@id\":\"https:\\\/\\\/www.organisator.ch\\\/marketing\\\/2024-11-10\\\/contexta-fuer-sbb-starkes-zeichen-fuer-mehr-respekt\\\/#primaryimage\"},\"image\":{\"@id\":\"https:\\\/\\\/www.organisator.ch\\\/marketing\\\/2024-11-10\\\/contexta-fuer-sbb-starkes-zeichen-fuer-mehr-respekt\\\/#primaryimage\"},\"thumbnailUrl\":\"https:\\\/\\\/www.markt-kom.com\\\/wp-content\\\/uploads\\\/2024\\\/11\\\/02_plakat_F12-scaled.jpg\",\"datePublished\":\"2024-11-10T11:09:02+00:00\",\"dateModified\":\"2024-11-11T03:20:09+00:00\",\"description\":\"SBB startet Kampagne f\u00fcr respektvolles Verhalten in Bahnh\u00f6fen und Z\u00fcgen. Ziel: Sicherheit und Wohlbefinden steigern.\",\"breadcrumb\":{\"@id\":\"https:\\\/\\\/www.organisator.ch\\\/marketing\\\/2024-11-10\\\/contexta-fuer-sbb-starkes-zeichen-fuer-mehr-respekt\\\/#breadcrumb\"},\"inLanguage\":\"it-IT\",\"potentialAction\":[{\"@type\":\"ReadAction\",\"target\":[\"https:\\\/\\\/www.organisator.ch\\\/marketing\\\/2024-11-10\\\/contexta-fuer-sbb-starkes-zeichen-fuer-mehr-respekt\\\/\"]}]},{\"@type\":\"ImageObject\",\"inLanguage\":\"it-IT\",\"@id\":\"https:\\\/\\\/www.organisator.ch\\\/marketing\\\/2024-11-10\\\/contexta-fuer-sbb-starkes-zeichen-fuer-mehr-respekt\\\/#primaryimage\",\"url\":\"https:\\\/\\\/www.markt-kom.com\\\/wp-content\\\/uploads\\\/2024\\\/11\\\/02_plakat_F12-scaled.jpg\",\"contentUrl\":\"https:\\\/\\\/www.markt-kom.com\\\/wp-content\\\/uploads\\\/2024\\\/11\\\/02_plakat_F12-scaled.jpg\"},{\"@type\":\"BreadcrumbList\",\"@id\":\"https:\\\/\\\/www.organisator.ch\\\/marketing\\\/2024-11-10\\\/contexta-fuer-sbb-starkes-zeichen-fuer-mehr-respekt\\\/#breadcrumb\",\"itemListElement\":[{\"@type\":\"ListItem\",\"position\":1,\"name\":\"Home\",\"item\":\"https:\\\/\\\/www.organisator.ch\\\/\"},{\"@type\":\"ListItem\",\"position\":2,\"name\":\"Contexta f\u00fcr SBB: Starkes Zeichen f\u00fcr mehr Respekt\"}]},{\"@type\":\"WebSite\",\"@id\":\"https:\\\/\\\/www.organisator.ch\\\/#website\",\"url\":\"https:\\\/\\\/www.organisator.ch\\\/\",\"name\":\"Organisator\",\"description\":\"Kompetent. Praxisnah. Der ORGANISATOR bereitet in 10 Ausgaben pro Jahr die wesentlichen Themen f\u00fcr F\u00fchrungskr\u00e4fte von KMU auf.\",\"publisher\":{\"@id\":\"https:\\\/\\\/www.organisator.ch\\\/#organization\"},\"potentialAction\":[{\"@type\":\"SearchAction\",\"target\":{\"@type\":\"EntryPoint\",\"urlTemplate\":\"https:\\\/\\\/www.organisator.ch\\\/?s={search_term_string}\"},\"query-input\":{\"@type\":\"PropertyValueSpecification\",\"valueRequired\":true,\"valueName\":\"search_term_string\"}}],\"inLanguage\":\"it-IT\"},{\"@type\":\"Organization\",\"@id\":\"https:\\\/\\\/www.organisator.ch\\\/#organization\",\"name\":\"Organisator\",\"url\":\"https:\\\/\\\/www.organisator.ch\\\/\",\"logo\":{\"@type\":\"ImageObject\",\"inLanguage\":\"it-IT\",\"@id\":\"https:\\\/\\\/www.organisator.ch\\\/#\\\/schema\\\/logo\\\/image\\\/\",\"url\":\"https:\\\/\\\/www.organisator.ch\\\/wp-content\\\/uploads\\\/2022\\\/01\\\/Logo_Organisator_Website.png\",\"contentUrl\":\"https:\\\/\\\/www.organisator.ch\\\/wp-content\\\/uploads\\\/2022\\\/01\\\/Logo_Organisator_Website.png\",\"width\":800,\"height\":77,\"caption\":\"Organisator\"},\"image\":{\"@id\":\"https:\\\/\\\/www.organisator.ch\\\/#\\\/schema\\\/logo\\\/image\\\/\"},\"sameAs\":[\"https:\\\/\\\/www.facebook.com\\\/OrganisatorFachmagazin\",\"https:\\\/\\\/www.linkedin.com\\\/showcase\\\/organisator-das-magazin-fr-kmu\",\"https:\\\/\\\/www.xing.com\\\/news\\\/pages\\\/organisator-ch-695\",\"https:\\\/\\\/www.youtube.com\\\/channel\\\/UCGP2Sq0iWaZwT3BdIAQFYpw\"]},{\"@type\":\"Person\",\"@id\":\"https:\\\/\\\/www.organisator.ch\\\/#\\\/schema\\\/person\\\/4e51799071cd2dd1232ac003643ef5f0\",\"name\":\"galledia\",\"image\":{\"@type\":\"ImageObject\",\"inLanguage\":\"it-IT\",\"@id\":\"https:\\\/\\\/secure.gravatar.com\\\/avatar\\\/78a7f90c01fc2bfc875782a0d4922b37cde2cf184ce347b91316d23cd7f69a36?s=96&d=mm&r=g\",\"url\":\"https:\\\/\\\/secure.gravatar.com\\\/avatar\\\/78a7f90c01fc2bfc875782a0d4922b37cde2cf184ce347b91316d23cd7f69a36?s=96&d=mm&r=g\",\"contentUrl\":\"https:\\\/\\\/secure.gravatar.com\\\/avatar\\\/78a7f90c01fc2bfc875782a0d4922b37cde2cf184ce347b91316d23cd7f69a36?s=96&d=mm&r=g\",\"caption\":\"galledia\"},\"sameAs\":[\"https:\\\/\\\/x.com\\\/admin\"],\"url\":\"https:\\\/\\\/www.organisator.ch\\\/it\\\/author\\\/galledia\\\/\"}]}<\/script>\n<!-- \/ Yoast SEO plugin. -->","yoast_head_json":{"title":"Contexta per le FFS: un segnale forte per un maggiore rispetto - Organizzatore","description":"Le FFS lanciano una campagna per un comportamento rispettoso nelle stazioni e nei treni. Obiettivo: aumentare la sicurezza e il benessere.","robots":{"index":"index","follow":"follow","max-snippet":"max-snippet:-1","max-image-preview":"max-image-preview:large","max-video-preview":"max-video-preview:-1"},"canonical":"https:\/\/www.organisator.ch\/it\/marketing\/2024-11-10\/contexta-fuer-sbb-starkes-zeichen-fuer-mehr-respekt\/","og_locale":"it_IT","og_type":"article","og_title":"Contexta f\u00fcr SBB: Starkes Zeichen f\u00fcr mehr Respekt - Organisator","og_description":"SBB startet Kampagne f\u00fcr respektvolles Verhalten in Bahnh\u00f6fen und Z\u00fcgen. Ziel: Sicherheit und Wohlbefinden steigern.","og_url":"https:\/\/www.organisator.ch\/it\/marketing\/2024-11-10\/contexta-fuer-sbb-starkes-zeichen-fuer-mehr-respekt\/","og_site_name":"Organisator","article_publisher":"https:\/\/www.facebook.com\/OrganisatorFachmagazin","article_published_time":"2024-11-10T11:09:02+00:00","article_modified_time":"2024-11-11T03:20:09+00:00","og_image":[{"url":"https:\/\/www.markt-kom.com\/wp-content\/uploads\/2024\/11\/02_plakat_F12-scaled.jpg","type":"","width":"","height":""}],"author":"galledia","twitter_card":"summary_large_image","twitter_creator":"@admin","schema":{"@context":"https:\/\/schema.org","@graph":[{"@type":"Article","@id":"https:\/\/www.organisator.ch\/marketing\/2024-11-10\/contexta-fuer-sbb-starkes-zeichen-fuer-mehr-respekt\/#article","isPartOf":{"@id":"https:\/\/www.organisator.ch\/marketing\/2024-11-10\/contexta-fuer-sbb-starkes-zeichen-fuer-mehr-respekt\/"},"author":{"name":"galledia","@id":"https:\/\/www.organisator.ch\/#\/schema\/person\/4e51799071cd2dd1232ac003643ef5f0"},"headline":"Contexta f\u00fcr SBB: Starkes Zeichen f\u00fcr mehr Respekt","datePublished":"2024-11-10T11:09:02+00:00","dateModified":"2024-11-11T03:20:09+00:00","mainEntityOfPage":{"@id":"https:\/\/www.organisator.ch\/marketing\/2024-11-10\/contexta-fuer-sbb-starkes-zeichen-fuer-mehr-respekt\/"},"wordCount":276,"publisher":{"@id":"https:\/\/www.organisator.ch\/#organization"},"image":{"@id":"https:\/\/www.organisator.ch\/marketing\/2024-11-10\/contexta-fuer-sbb-starkes-zeichen-fuer-mehr-respekt\/#primaryimage"},"thumbnailUrl":"https:\/\/www.markt-kom.com\/wp-content\/uploads\/2024\/11\/02_plakat_F12-scaled.jpg","keywords":["Contexta","MarKom","\u00d6V","SBB","Sensibilisierungskampagne"],"articleSection":["MARKETING"],"inLanguage":"it-IT"},{"@type":"WebPage","@id":"https:\/\/www.organisator.ch\/marketing\/2024-11-10\/contexta-fuer-sbb-starkes-zeichen-fuer-mehr-respekt\/","url":"https:\/\/www.organisator.ch\/marketing\/2024-11-10\/contexta-fuer-sbb-starkes-zeichen-fuer-mehr-respekt\/","name":"Contexta per le FFS: un segnale forte per un maggiore rispetto - Organizzatore","isPartOf":{"@id":"https:\/\/www.organisator.ch\/#website"},"primaryImageOfPage":{"@id":"https:\/\/www.organisator.ch\/marketing\/2024-11-10\/contexta-fuer-sbb-starkes-zeichen-fuer-mehr-respekt\/#primaryimage"},"image":{"@id":"https:\/\/www.organisator.ch\/marketing\/2024-11-10\/contexta-fuer-sbb-starkes-zeichen-fuer-mehr-respekt\/#primaryimage"},"thumbnailUrl":"https:\/\/www.markt-kom.com\/wp-content\/uploads\/2024\/11\/02_plakat_F12-scaled.jpg","datePublished":"2024-11-10T11:09:02+00:00","dateModified":"2024-11-11T03:20:09+00:00","description":"Le FFS lanciano una campagna per un comportamento rispettoso nelle stazioni e nei treni. Obiettivo: aumentare la sicurezza e il benessere.","breadcrumb":{"@id":"https:\/\/www.organisator.ch\/marketing\/2024-11-10\/contexta-fuer-sbb-starkes-zeichen-fuer-mehr-respekt\/#breadcrumb"},"inLanguage":"it-IT","potentialAction":[{"@type":"ReadAction","target":["https:\/\/www.organisator.ch\/marketing\/2024-11-10\/contexta-fuer-sbb-starkes-zeichen-fuer-mehr-respekt\/"]}]},{"@type":"ImageObject","inLanguage":"it-IT","@id":"https:\/\/www.organisator.ch\/marketing\/2024-11-10\/contexta-fuer-sbb-starkes-zeichen-fuer-mehr-respekt\/#primaryimage","url":"https:\/\/www.markt-kom.com\/wp-content\/uploads\/2024\/11\/02_plakat_F12-scaled.jpg","contentUrl":"https:\/\/www.markt-kom.com\/wp-content\/uploads\/2024\/11\/02_plakat_F12-scaled.jpg"},{"@type":"BreadcrumbList","@id":"https:\/\/www.organisator.ch\/marketing\/2024-11-10\/contexta-fuer-sbb-starkes-zeichen-fuer-mehr-respekt\/#breadcrumb","itemListElement":[{"@type":"ListItem","position":1,"name":"Home","item":"https:\/\/www.organisator.ch\/"},{"@type":"ListItem","position":2,"name":"Contexta f\u00fcr SBB: Starkes Zeichen f\u00fcr mehr Respekt"}]},{"@type":"WebSite","@id":"https:\/\/www.organisator.ch\/#website","url":"https:\/\/www.organisator.ch\/","name":"Organizzatore","description":"Competente. Pratico. In 10 numeri all'anno, ORGANISATOR presenta i temi essenziali per i manager delle PMI.","publisher":{"@id":"https:\/\/www.organisator.ch\/#organization"},"potentialAction":[{"@type":"SearchAction","target":{"@type":"EntryPoint","urlTemplate":"https:\/\/www.organisator.ch\/?s={search_term_string}"},"query-input":{"@type":"PropertyValueSpecification","valueRequired":true,"valueName":"search_term_string"}}],"inLanguage":"it-IT"},{"@type":"Organization","@id":"https:\/\/www.organisator.ch\/#organization","name":"Organizzatore","url":"https:\/\/www.organisator.ch\/","logo":{"@type":"ImageObject","inLanguage":"it-IT","@id":"https:\/\/www.organisator.ch\/#\/schema\/logo\/image\/","url":"https:\/\/www.organisator.ch\/wp-content\/uploads\/2022\/01\/Logo_Organisator_Website.png","contentUrl":"https:\/\/www.organisator.ch\/wp-content\/uploads\/2022\/01\/Logo_Organisator_Website.png","width":800,"height":77,"caption":"Organisator"},"image":{"@id":"https:\/\/www.organisator.ch\/#\/schema\/logo\/image\/"},"sameAs":["https:\/\/www.facebook.com\/OrganisatorFachmagazin","https:\/\/www.linkedin.com\/showcase\/organisator-das-magazin-fr-kmu","https:\/\/www.xing.com\/news\/pages\/organisator-ch-695","https:\/\/www.youtube.com\/channel\/UCGP2Sq0iWaZwT3BdIAQFYpw"]},{"@type":"Person","@id":"https:\/\/www.organisator.ch\/#\/schema\/person\/4e51799071cd2dd1232ac003643ef5f0","name":"galledia","image":{"@type":"ImageObject","inLanguage":"it-IT","@id":"https:\/\/secure.gravatar.com\/avatar\/78a7f90c01fc2bfc875782a0d4922b37cde2cf184ce347b91316d23cd7f69a36?s=96&d=mm&r=g","url":"https:\/\/secure.gravatar.com\/avatar\/78a7f90c01fc2bfc875782a0d4922b37cde2cf184ce347b91316d23cd7f69a36?s=96&d=mm&r=g","contentUrl":"https:\/\/secure.gravatar.com\/avatar\/78a7f90c01fc2bfc875782a0d4922b37cde2cf184ce347b91316d23cd7f69a36?s=96&d=mm&r=g","caption":"galledia"},"sameAs":["https:\/\/x.com\/admin"],"url":"https:\/\/www.organisator.ch\/it\/author\/galledia\/"}]}},"_links":{"self":[{"href":"https:\/\/www.organisator.ch\/it\/wp-json\/wp\/v2\/posts\/32199","targetHints":{"allow":["GET"]}}],"collection":[{"href":"https:\/\/www.organisator.ch\/it\/wp-json\/wp\/v2\/posts"}],"about":[{"href":"https:\/\/www.organisator.ch\/it\/wp-json\/wp\/v2\/types\/post"}],"author":[{"embeddable":true,"href":"https:\/\/www.organisator.ch\/it\/wp-json\/wp\/v2\/users\/8"}],"replies":[{"embeddable":true,"href":"https:\/\/www.organisator.ch\/it\/wp-json\/wp\/v2\/comments?post=32199"}],"version-history":[{"count":5,"href":"https:\/\/www.organisator.ch\/it\/wp-json\/wp\/v2\/posts\/32199\/revisions"}],"predecessor-version":[{"id":32205,"href":"https:\/\/www.organisator.ch\/it\/wp-json\/wp\/v2\/posts\/32199\/revisions\/32205"}],"wp:attachment":[{"href":"https:\/\/www.organisator.ch\/it\/wp-json\/wp\/v2\/media?parent=32199"}],"wp:term":[{"taxonomy":"category","embeddable":true,"href":"https:\/\/www.organisator.ch\/it\/wp-json\/wp\/v2\/categories?post=32199"},{"taxonomy":"post_tag","embeddable":true,"href":"https:\/\/www.organisator.ch\/it\/wp-json\/wp\/v2\/tags?post=32199"}],"curies":[{"name":"wp","href":"https:\/\/api.w.org\/{rel}","templated":true}]}}