{"id":3235,"date":"2020-08-05T09:59:46","date_gmt":"2020-08-05T07:59:46","guid":{"rendered":"https:\/\/www.umweltperspektiven.ch\/?p=3235"},"modified":"2022-02-09T11:06:49","modified_gmt":"2022-02-09T10:06:49","slug":"wef-artikel-covid-19-wirkt-sich-auf-urbane-planung-aus","status":"publish","type":"post","link":"https:\/\/www.organisator.ch\/it\/sustainability\/2020-08-05\/wef-artikel-covid-19-wirkt-sich-auf-urbane-planung-aus\/","title":{"rendered":"Articolo del WEF: Covid-19 ha un impatto sulla pianificazione urbana"},"content":{"rendered":"<figure id=\"attachment_3237\" aria-describedby=\"caption-attachment-3237\" style=\"width: 680px\" class=\"wp-caption alignnone\"><img loading=\"lazy\" decoding=\"async\" class=\"size-medium wp-image-3237\" src=\"\/\/www.umweltperspektiven.ch\/wp-content\/uploads\/2020\/08\/WEF-urbane-St\u00e4dteplanung-UP-Umwelt-Perspektiven.jpg\" alt=\"\" width=\"680\" height=\"448\" \/><figcaption id=\"caption-attachment-3237\" class=\"wp-caption-text\">Una citt\u00e0 come Parigi: quando la gente attraversava gli arrondissement senza un Covid-19. (Immagine: Unsplash)<\/figcaption><\/figure>\n<p class=\"bodytext\">La pandemia di Covid 19, spiega l'epidemiologo Tolullah Oni in un recente articolo tecnico sul sito del WEF, ha aumentato la consapevolezza delle significative carenze delle infrastrutture urbane. Anche la mancanza di attenzione alle interazioni tra la salute umana, i sistemi naturali e l'ambiente urbano sta diventando pi\u00f9 evidente. Anche se la salute del pianeta \u00e8 determinata da questi fattori.<\/p>\n<p><strong>Sull'infrastruttura \"vulnerabile\"\u00a0<\/strong><\/p>\n<p class=\"bodytext\">Ci si \u00e8 concentrati troppo sull'assicurare la prosperit\u00e0 e il cibo, il che ha portato a un aumento della motorizzazione nelle citt\u00e0, senza tener conto che ci deve essere anche spazio per l'attivit\u00e0 fisica nell'aria pulita. Il modo in cui le case sono state costruite finora aumenta il rischio di trasmissione delle malattie. \"Possiamo e dobbiamo fare meglio, lanciando un nuovo e audace programma di investimenti per la salute del pianeta\", scrive Tolullah Oni, Clinical Senior Research Associate all'Universit\u00e0 di Cambridge e professore onorario all'Universit\u00e0 di Citt\u00e0 del Capo.<\/p>\n<p>L'epidemiologo dell'Universit\u00e0 di Cambridge chiede un piano Marshall globale per la salute del pianeta. \u00c8 una dei Giovani Leader Globali del Forum Economico Mondiale.<\/p>\n<p><strong>Iniziative concrete\u00a0<\/strong><\/p>\n<p class=\"bodytext\">Nel migliore dei casi, Oni ritiene che il fallimento nell'affrontare in modo decisivo gli impatti negativi dell'ambiente urbano odierno rappresenti un'opportunit\u00e0 persa per consentire comunit\u00e0 sane. Nel peggiore dei casi, contribuisce attivamente al rischio e alla trasmissione delle malattie. Cita l'aumento della mortalit\u00e0 coronarica tra la popolazione pi\u00f9 povera del Regno Unito come esempio degli impatti negativi di politiche abitative fallimentari.<\/p>\n<p class=\"bodytext\">Anche se diverse iniziative filantropiche globali hanno tentato di migliorare la salute urbana, anche con successo, i sistemi imperfetti di oggi hanno bisogno di un cambiamento pi\u00f9 fondamentale. Oni: \"In parole povere, il mondo ha bisogno di un nuovo piano Marshall per la salute planetaria - un po' come un New Deal per la ripresa post-pandemia\".<\/p>\n<p><strong>Governi e settori\u00a0<\/strong><\/p>\n<p class=\"bodytext\">I governi cos\u00ec come il settore privato sono sfidati, i decisori politici devono agire e una migliore salute e resilienza delle persone, per esempio nelle grandi citt\u00e0, non dovrebbe essere vista come una conseguenza dei loro successi economici, ma piuttosto come l'obiettivo della nuova pianificazione urbana fin dall'inizio. Tali approcci esistono gi\u00e0, dal Bhutan in Himalaya con il suo fattore di felicit\u00e0 nella misurazione del prodotto interno lordo alla Nuova Zelanda, dove si sta perseguendo una cosiddetta Economia del Benessere.<\/p>\n<p class=\"bodytext\">\"\u00c8 qui che le istituzioni finanziarie multilaterali per lo sviluppo (MDFI), come la Banca Africana di Sviluppo e la Banca Asiatica di Sviluppo, potrebbero aiutare\", scrive Oni. Come organizzazioni non commerciali che forniscono capitale per progetti di sviluppo economico in una vasta gamma di stati membri, tali istituzioni sono posizionate in modo unico per guidare lo schema in stile Piano Marshall attraverso la condizionalit\u00e0 nei prestiti e nei finanziamenti, dice.<\/p>\n<p><a href=\"\/\/www.weforum.org\/agenda\/2020\/07\/marshall-plan-health-cities-future-environment-urban\/\"><em>All'articolo in inglese di Tolullah Oni sul sito del World Economic Forum<\/em><\/a><\/p>\n<p>&nbsp;<\/p>\n<figure id=\"attachment_3236\" aria-describedby=\"caption-attachment-3236\" style=\"width: 345px\" class=\"wp-caption alignnone\"><img loading=\"lazy\" decoding=\"async\" class=\"wp-image-3236\" src=\"\/\/www.umweltperspektiven.ch\/wp-content\/uploads\/2020\/08\/Tolu_Oni_at_World_Economic_Forum-UP_Umwelt-Perspektiven.jpg\" alt=\"\" width=\"345\" height=\"351\" srcset=\"https:\/\/www.organisator.ch\/wp-content\/uploads\/2020\/08\/Tolu_Oni_at_World_Economic_Forum-UP_Umwelt-Perspektiven.jpg 700w, https:\/\/www.organisator.ch\/wp-content\/uploads\/2020\/08\/Tolu_Oni_at_World_Economic_Forum-UP_Umwelt-Perspektiven-680x691.jpg 680w, https:\/\/www.organisator.ch\/wp-content\/uploads\/2020\/08\/Tolu_Oni_at_World_Economic_Forum-UP_Umwelt-Perspektiven-12x12.jpg 12w, https:\/\/www.organisator.ch\/wp-content\/uploads\/2020\/08\/Tolu_Oni_at_World_Economic_Forum-UP_Umwelt-Perspektiven-172x175.jpg 172w, https:\/\/www.organisator.ch\/wp-content\/uploads\/2020\/08\/Tolu_Oni_at_World_Economic_Forum-UP_Umwelt-Perspektiven-345x350.jpg 345w, https:\/\/www.organisator.ch\/wp-content\/uploads\/2020\/08\/Tolu_Oni_at_World_Economic_Forum-UP_Umwelt-Perspektiven-300x305.jpg 300w\" sizes=\"auto, (max-width: 345px) 100vw, 345px\" \/><figcaption id=\"caption-attachment-3236\" class=\"wp-caption-text\">L'epidemiologo Tolullah Oni al World Economic Forum. (Immagine: Wikipedia)<\/figcaption><\/figure>","protected":false},"excerpt":{"rendered":"<p>Die Covid-19-Pandemie, erkl\u00e4rt die Epidemiologin Tolullah Oni in einem aktuellen Fachbeitrag auf der Seite des WEF , habe das Bewusstsein f\u00fcr die erheblichen M\u00e4ngel in der st\u00e4dtischen Infrastruktur gesch\u00e4rft. Auch die mangelnde Aufmerksamkeit, die den Wechselwirkungen zwischen menschlicher Gesundheit, nat\u00fcrlichen Systemen und der urbanen Umwelt geschenkt werde, werde immer deutlicher. Obwohl die Gesundheit des Planeten [&hellip;]<\/p>\n","protected":false},"author":5,"featured_media":9715,"comment_status":"closed","ping_status":"closed","sticky":false,"template":"","format":"standard","meta":{"_acf_changed":false,"_yoast_wpseo_focuskw":"WEF","_yoast_wpseo_metadesc":"Die Epidemiologin Oni Tolullah argumentiert in einem\u00a0WEF-Beitrag, dass sich Stadtplanungsentscheidungen auf unsere Gesundheit auswirken.","articlekey":"","footnotes":""},"categories":[580],"tags":[953,1411,1665,2181,2186,2538,2554],"class_list":["post-3235","post","type-post","status-publish","format-standard","has-post-thumbnail","hentry","category-sustainability","tag-covid-19","tag-initiativen","tag-marshallplan","tag-staedeentwicklung","tag-staedteplanung","tag-wef","tag-weltwirtschaftsforum"],"acf":[],"yoast_head":"<!-- This site is optimized with the Yoast SEO plugin v27.4 - https:\/\/yoast.com\/product\/yoast-seo-wordpress\/ -->\n<title>WEF Artikel: Covid-19 wirkt sich auf urbane Planung aus - Organisator<\/title>\n<meta name=\"description\" content=\"Die Epidemiologin Oni Tolullah argumentiert in einem\u00a0WEF-Beitrag, dass sich Stadtplanungsentscheidungen auf unsere Gesundheit auswirken.\" \/>\n<meta name=\"robots\" content=\"index, follow, max-snippet:-1, max-image-preview:large, max-video-preview:-1\" \/>\n<link rel=\"canonical\" href=\"https:\/\/www.organisator.ch\/it\/sostenibilita\/2020-08-05\/wef-artikel-covid-19-wirkt-sich-auf-urbane-planung-aus\/\" \/>\n<meta property=\"og:locale\" content=\"it_IT\" \/>\n<meta property=\"og:type\" content=\"article\" \/>\n<meta property=\"og:title\" content=\"WEF Artikel: Covid-19 wirkt sich auf urbane Planung aus - Organisator\" \/>\n<meta property=\"og:description\" content=\"Die Epidemiologin Oni Tolullah argumentiert in einem\u00a0WEF-Beitrag, dass sich Stadtplanungsentscheidungen auf unsere Gesundheit auswirken.\" \/>\n<meta property=\"og:url\" content=\"https:\/\/www.organisator.ch\/it\/sostenibilita\/2020-08-05\/wef-artikel-covid-19-wirkt-sich-auf-urbane-planung-aus\/\" \/>\n<meta property=\"og:site_name\" content=\"Organisator\" \/>\n<meta property=\"article:publisher\" content=\"https:\/\/www.facebook.com\/OrganisatorFachmagazin\" \/>\n<meta property=\"article:published_time\" content=\"2020-08-05T07:59:46+00:00\" \/>\n<meta property=\"article:modified_time\" content=\"2022-02-09T10:06:49+00:00\" \/>\n<meta property=\"og:image\" content=\"https:\/\/www.organisator.ch\/wp-content\/uploads\/2020\/08\/WEF-urbane-Staedteplanung-UP-Umwelt-Perspektiven.jpg\" \/>\n\t<meta property=\"og:image:width\" content=\"1339\" \/>\n\t<meta property=\"og:image:height\" content=\"882\" \/>\n\t<meta property=\"og:image:type\" content=\"image\/jpeg\" \/>\n<meta name=\"author\" content=\"michael.merz\" \/>\n<meta name=\"twitter:card\" content=\"summary_large_image\" \/>\n<script type=\"application\/ld+json\" class=\"yoast-schema-graph\">{\"@context\":\"https:\\\/\\\/schema.org\",\"@graph\":[{\"@type\":\"Article\",\"@id\":\"https:\\\/\\\/www.organisator.ch\\\/sustainability\\\/2020-08-05\\\/wef-artikel-covid-19-wirkt-sich-auf-urbane-planung-aus\\\/#article\",\"isPartOf\":{\"@id\":\"https:\\\/\\\/www.organisator.ch\\\/sustainability\\\/2020-08-05\\\/wef-artikel-covid-19-wirkt-sich-auf-urbane-planung-aus\\\/\"},\"author\":{\"name\":\"michael.merz\",\"@id\":\"https:\\\/\\\/www.organisator.ch\\\/#\\\/schema\\\/person\\\/134708ca9321c57b0362cceb7948ffbd\"},\"headline\":\"WEF Artikel: Covid-19 wirkt sich auf urbane Planung aus\",\"datePublished\":\"2020-08-05T07:59:46+00:00\",\"dateModified\":\"2022-02-09T10:06:49+00:00\",\"mainEntityOfPage\":{\"@id\":\"https:\\\/\\\/www.organisator.ch\\\/sustainability\\\/2020-08-05\\\/wef-artikel-covid-19-wirkt-sich-auf-urbane-planung-aus\\\/\"},\"wordCount\":512,\"publisher\":{\"@id\":\"https:\\\/\\\/www.organisator.ch\\\/#organization\"},\"image\":{\"@id\":\"https:\\\/\\\/www.organisator.ch\\\/sustainability\\\/2020-08-05\\\/wef-artikel-covid-19-wirkt-sich-auf-urbane-planung-aus\\\/#primaryimage\"},\"thumbnailUrl\":\"https:\\\/\\\/www.organisator.ch\\\/wp-content\\\/uploads\\\/2020\\\/08\\\/WEF-urbane-Staedteplanung-UP-Umwelt-Perspektiven.jpg\",\"keywords\":[\"Covid-19\",\"Initiativen\",\"Marshallplan\",\"St\u00e4deentwicklung\",\"St\u00e4dteplanung\",\"WEF\",\"Weltwirtschaftsforum\"],\"articleSection\":[\"SUSTAINABILITY\"],\"inLanguage\":\"it-IT\"},{\"@type\":\"WebPage\",\"@id\":\"https:\\\/\\\/www.organisator.ch\\\/sustainability\\\/2020-08-05\\\/wef-artikel-covid-19-wirkt-sich-auf-urbane-planung-aus\\\/\",\"url\":\"https:\\\/\\\/www.organisator.ch\\\/sustainability\\\/2020-08-05\\\/wef-artikel-covid-19-wirkt-sich-auf-urbane-planung-aus\\\/\",\"name\":\"WEF Artikel: Covid-19 wirkt sich auf urbane Planung aus - Organisator\",\"isPartOf\":{\"@id\":\"https:\\\/\\\/www.organisator.ch\\\/#website\"},\"primaryImageOfPage\":{\"@id\":\"https:\\\/\\\/www.organisator.ch\\\/sustainability\\\/2020-08-05\\\/wef-artikel-covid-19-wirkt-sich-auf-urbane-planung-aus\\\/#primaryimage\"},\"image\":{\"@id\":\"https:\\\/\\\/www.organisator.ch\\\/sustainability\\\/2020-08-05\\\/wef-artikel-covid-19-wirkt-sich-auf-urbane-planung-aus\\\/#primaryimage\"},\"thumbnailUrl\":\"https:\\\/\\\/www.organisator.ch\\\/wp-content\\\/uploads\\\/2020\\\/08\\\/WEF-urbane-Staedteplanung-UP-Umwelt-Perspektiven.jpg\",\"datePublished\":\"2020-08-05T07:59:46+00:00\",\"dateModified\":\"2022-02-09T10:06:49+00:00\",\"description\":\"Die Epidemiologin Oni Tolullah argumentiert in einem\u00a0WEF-Beitrag, dass sich Stadtplanungsentscheidungen auf unsere Gesundheit auswirken.\",\"breadcrumb\":{\"@id\":\"https:\\\/\\\/www.organisator.ch\\\/sustainability\\\/2020-08-05\\\/wef-artikel-covid-19-wirkt-sich-auf-urbane-planung-aus\\\/#breadcrumb\"},\"inLanguage\":\"it-IT\",\"potentialAction\":[{\"@type\":\"ReadAction\",\"target\":[\"https:\\\/\\\/www.organisator.ch\\\/sustainability\\\/2020-08-05\\\/wef-artikel-covid-19-wirkt-sich-auf-urbane-planung-aus\\\/\"]}]},{\"@type\":\"ImageObject\",\"inLanguage\":\"it-IT\",\"@id\":\"https:\\\/\\\/www.organisator.ch\\\/sustainability\\\/2020-08-05\\\/wef-artikel-covid-19-wirkt-sich-auf-urbane-planung-aus\\\/#primaryimage\",\"url\":\"https:\\\/\\\/www.organisator.ch\\\/wp-content\\\/uploads\\\/2020\\\/08\\\/WEF-urbane-Staedteplanung-UP-Umwelt-Perspektiven.jpg\",\"contentUrl\":\"https:\\\/\\\/www.organisator.ch\\\/wp-content\\\/uploads\\\/2020\\\/08\\\/WEF-urbane-Staedteplanung-UP-Umwelt-Perspektiven.jpg\",\"width\":1339,\"height\":882,\"caption\":\"Paris als man noch ohne Covid-19 durch die Arrondissements kurvte. (Bild: Unsplash)\"},{\"@type\":\"BreadcrumbList\",\"@id\":\"https:\\\/\\\/www.organisator.ch\\\/sustainability\\\/2020-08-05\\\/wef-artikel-covid-19-wirkt-sich-auf-urbane-planung-aus\\\/#breadcrumb\",\"itemListElement\":[{\"@type\":\"ListItem\",\"position\":1,\"name\":\"Home\",\"item\":\"https:\\\/\\\/www.organisator.ch\\\/\"},{\"@type\":\"ListItem\",\"position\":2,\"name\":\"WEF Artikel: Covid-19 wirkt sich auf urbane Planung aus\"}]},{\"@type\":\"WebSite\",\"@id\":\"https:\\\/\\\/www.organisator.ch\\\/#website\",\"url\":\"https:\\\/\\\/www.organisator.ch\\\/\",\"name\":\"Organisator\",\"description\":\"Kompetent. Praxisnah. Der ORGANISATOR bereitet in 10 Ausgaben pro Jahr die wesentlichen Themen f\u00fcr F\u00fchrungskr\u00e4fte von KMU auf.\",\"publisher\":{\"@id\":\"https:\\\/\\\/www.organisator.ch\\\/#organization\"},\"potentialAction\":[{\"@type\":\"SearchAction\",\"target\":{\"@type\":\"EntryPoint\",\"urlTemplate\":\"https:\\\/\\\/www.organisator.ch\\\/?s={search_term_string}\"},\"query-input\":{\"@type\":\"PropertyValueSpecification\",\"valueRequired\":true,\"valueName\":\"search_term_string\"}}],\"inLanguage\":\"it-IT\"},{\"@type\":\"Organization\",\"@id\":\"https:\\\/\\\/www.organisator.ch\\\/#organization\",\"name\":\"Organisator\",\"url\":\"https:\\\/\\\/www.organisator.ch\\\/\",\"logo\":{\"@type\":\"ImageObject\",\"inLanguage\":\"it-IT\",\"@id\":\"https:\\\/\\\/www.organisator.ch\\\/#\\\/schema\\\/logo\\\/image\\\/\",\"url\":\"https:\\\/\\\/www.organisator.ch\\\/wp-content\\\/uploads\\\/2022\\\/01\\\/Logo_Organisator_Website.png\",\"contentUrl\":\"https:\\\/\\\/www.organisator.ch\\\/wp-content\\\/uploads\\\/2022\\\/01\\\/Logo_Organisator_Website.png\",\"width\":800,\"height\":77,\"caption\":\"Organisator\"},\"image\":{\"@id\":\"https:\\\/\\\/www.organisator.ch\\\/#\\\/schema\\\/logo\\\/image\\\/\"},\"sameAs\":[\"https:\\\/\\\/www.facebook.com\\\/OrganisatorFachmagazin\",\"https:\\\/\\\/www.linkedin.com\\\/showcase\\\/organisator-das-magazin-fr-kmu\",\"https:\\\/\\\/www.xing.com\\\/news\\\/pages\\\/organisator-ch-695\",\"https:\\\/\\\/www.youtube.com\\\/channel\\\/UCGP2Sq0iWaZwT3BdIAQFYpw\"]},{\"@type\":\"Person\",\"@id\":\"https:\\\/\\\/www.organisator.ch\\\/#\\\/schema\\\/person\\\/134708ca9321c57b0362cceb7948ffbd\",\"name\":\"michael.merz\",\"image\":{\"@type\":\"ImageObject\",\"inLanguage\":\"it-IT\",\"@id\":\"https:\\\/\\\/secure.gravatar.com\\\/avatar\\\/?s=96&d=mm&r=g\",\"url\":\"https:\\\/\\\/secure.gravatar.com\\\/avatar\\\/?s=96&d=mm&r=g\",\"contentUrl\":\"https:\\\/\\\/secure.gravatar.com\\\/avatar\\\/?s=96&d=mm&r=g\",\"caption\":\"michael.merz\"},\"url\":\"https:\\\/\\\/www.organisator.ch\\\/it\\\/author\\\/michael-merz\\\/\"}]}<\/script>\n<!-- \/ Yoast SEO plugin. -->","yoast_head_json":{"title":"Articolo del WEF: La Covid-19 ha un impatto sulla pianificazione urbana - Organizzatore","description":"L'epidemiologo Oni Tolullah sostiene in un articolo del WEF che le decisioni urbanistiche influenzano la nostra salute.","robots":{"index":"index","follow":"follow","max-snippet":"max-snippet:-1","max-image-preview":"max-image-preview:large","max-video-preview":"max-video-preview:-1"},"canonical":"https:\/\/www.organisator.ch\/it\/sostenibilita\/2020-08-05\/wef-artikel-covid-19-wirkt-sich-auf-urbane-planung-aus\/","og_locale":"it_IT","og_type":"article","og_title":"WEF Artikel: Covid-19 wirkt sich auf urbane Planung aus - Organisator","og_description":"Die Epidemiologin Oni Tolullah argumentiert in einem\u00a0WEF-Beitrag, dass sich Stadtplanungsentscheidungen auf unsere Gesundheit auswirken.","og_url":"https:\/\/www.organisator.ch\/it\/sostenibilita\/2020-08-05\/wef-artikel-covid-19-wirkt-sich-auf-urbane-planung-aus\/","og_site_name":"Organisator","article_publisher":"https:\/\/www.facebook.com\/OrganisatorFachmagazin","article_published_time":"2020-08-05T07:59:46+00:00","article_modified_time":"2022-02-09T10:06:49+00:00","og_image":[{"width":1339,"height":882,"url":"https:\/\/www.organisator.ch\/wp-content\/uploads\/2020\/08\/WEF-urbane-Staedteplanung-UP-Umwelt-Perspektiven.jpg","type":"image\/jpeg"}],"author":"michael.merz","twitter_card":"summary_large_image","schema":{"@context":"https:\/\/schema.org","@graph":[{"@type":"Article","@id":"https:\/\/www.organisator.ch\/sustainability\/2020-08-05\/wef-artikel-covid-19-wirkt-sich-auf-urbane-planung-aus\/#article","isPartOf":{"@id":"https:\/\/www.organisator.ch\/sustainability\/2020-08-05\/wef-artikel-covid-19-wirkt-sich-auf-urbane-planung-aus\/"},"author":{"name":"michael.merz","@id":"https:\/\/www.organisator.ch\/#\/schema\/person\/134708ca9321c57b0362cceb7948ffbd"},"headline":"WEF Artikel: Covid-19 wirkt sich auf urbane Planung aus","datePublished":"2020-08-05T07:59:46+00:00","dateModified":"2022-02-09T10:06:49+00:00","mainEntityOfPage":{"@id":"https:\/\/www.organisator.ch\/sustainability\/2020-08-05\/wef-artikel-covid-19-wirkt-sich-auf-urbane-planung-aus\/"},"wordCount":512,"publisher":{"@id":"https:\/\/www.organisator.ch\/#organization"},"image":{"@id":"https:\/\/www.organisator.ch\/sustainability\/2020-08-05\/wef-artikel-covid-19-wirkt-sich-auf-urbane-planung-aus\/#primaryimage"},"thumbnailUrl":"https:\/\/www.organisator.ch\/wp-content\/uploads\/2020\/08\/WEF-urbane-Staedteplanung-UP-Umwelt-Perspektiven.jpg","keywords":["Covid-19","Initiativen","Marshallplan","St\u00e4deentwicklung","St\u00e4dteplanung","WEF","Weltwirtschaftsforum"],"articleSection":["SUSTAINABILITY"],"inLanguage":"it-IT"},{"@type":"WebPage","@id":"https:\/\/www.organisator.ch\/sustainability\/2020-08-05\/wef-artikel-covid-19-wirkt-sich-auf-urbane-planung-aus\/","url":"https:\/\/www.organisator.ch\/sustainability\/2020-08-05\/wef-artikel-covid-19-wirkt-sich-auf-urbane-planung-aus\/","name":"Articolo del WEF: La Covid-19 ha un impatto sulla pianificazione urbana - Organizzatore","isPartOf":{"@id":"https:\/\/www.organisator.ch\/#website"},"primaryImageOfPage":{"@id":"https:\/\/www.organisator.ch\/sustainability\/2020-08-05\/wef-artikel-covid-19-wirkt-sich-auf-urbane-planung-aus\/#primaryimage"},"image":{"@id":"https:\/\/www.organisator.ch\/sustainability\/2020-08-05\/wef-artikel-covid-19-wirkt-sich-auf-urbane-planung-aus\/#primaryimage"},"thumbnailUrl":"https:\/\/www.organisator.ch\/wp-content\/uploads\/2020\/08\/WEF-urbane-Staedteplanung-UP-Umwelt-Perspektiven.jpg","datePublished":"2020-08-05T07:59:46+00:00","dateModified":"2022-02-09T10:06:49+00:00","description":"L'epidemiologo Oni Tolullah sostiene in un articolo del WEF che le decisioni urbanistiche influenzano la nostra salute.","breadcrumb":{"@id":"https:\/\/www.organisator.ch\/sustainability\/2020-08-05\/wef-artikel-covid-19-wirkt-sich-auf-urbane-planung-aus\/#breadcrumb"},"inLanguage":"it-IT","potentialAction":[{"@type":"ReadAction","target":["https:\/\/www.organisator.ch\/sustainability\/2020-08-05\/wef-artikel-covid-19-wirkt-sich-auf-urbane-planung-aus\/"]}]},{"@type":"ImageObject","inLanguage":"it-IT","@id":"https:\/\/www.organisator.ch\/sustainability\/2020-08-05\/wef-artikel-covid-19-wirkt-sich-auf-urbane-planung-aus\/#primaryimage","url":"https:\/\/www.organisator.ch\/wp-content\/uploads\/2020\/08\/WEF-urbane-Staedteplanung-UP-Umwelt-Perspektiven.jpg","contentUrl":"https:\/\/www.organisator.ch\/wp-content\/uploads\/2020\/08\/WEF-urbane-Staedteplanung-UP-Umwelt-Perspektiven.jpg","width":1339,"height":882,"caption":"Paris als man noch ohne Covid-19 durch die Arrondissements kurvte. (Bild: Unsplash)"},{"@type":"BreadcrumbList","@id":"https:\/\/www.organisator.ch\/sustainability\/2020-08-05\/wef-artikel-covid-19-wirkt-sich-auf-urbane-planung-aus\/#breadcrumb","itemListElement":[{"@type":"ListItem","position":1,"name":"Home","item":"https:\/\/www.organisator.ch\/"},{"@type":"ListItem","position":2,"name":"WEF Artikel: Covid-19 wirkt sich auf urbane Planung aus"}]},{"@type":"WebSite","@id":"https:\/\/www.organisator.ch\/#website","url":"https:\/\/www.organisator.ch\/","name":"Organizzatore","description":"Competente. Pratico. In 10 numeri all'anno, ORGANISATOR presenta i temi essenziali per i manager delle PMI.","publisher":{"@id":"https:\/\/www.organisator.ch\/#organization"},"potentialAction":[{"@type":"SearchAction","target":{"@type":"EntryPoint","urlTemplate":"https:\/\/www.organisator.ch\/?s={search_term_string}"},"query-input":{"@type":"PropertyValueSpecification","valueRequired":true,"valueName":"search_term_string"}}],"inLanguage":"it-IT"},{"@type":"Organization","@id":"https:\/\/www.organisator.ch\/#organization","name":"Organizzatore","url":"https:\/\/www.organisator.ch\/","logo":{"@type":"ImageObject","inLanguage":"it-IT","@id":"https:\/\/www.organisator.ch\/#\/schema\/logo\/image\/","url":"https:\/\/www.organisator.ch\/wp-content\/uploads\/2022\/01\/Logo_Organisator_Website.png","contentUrl":"https:\/\/www.organisator.ch\/wp-content\/uploads\/2022\/01\/Logo_Organisator_Website.png","width":800,"height":77,"caption":"Organisator"},"image":{"@id":"https:\/\/www.organisator.ch\/#\/schema\/logo\/image\/"},"sameAs":["https:\/\/www.facebook.com\/OrganisatorFachmagazin","https:\/\/www.linkedin.com\/showcase\/organisator-das-magazin-fr-kmu","https:\/\/www.xing.com\/news\/pages\/organisator-ch-695","https:\/\/www.youtube.com\/channel\/UCGP2Sq0iWaZwT3BdIAQFYpw"]},{"@type":"Person","@id":"https:\/\/www.organisator.ch\/#\/schema\/person\/134708ca9321c57b0362cceb7948ffbd","name":"michael.merz","image":{"@type":"ImageObject","inLanguage":"it-IT","@id":"https:\/\/secure.gravatar.com\/avatar\/?s=96&d=mm&r=g","url":"https:\/\/secure.gravatar.com\/avatar\/?s=96&d=mm&r=g","contentUrl":"https:\/\/secure.gravatar.com\/avatar\/?s=96&d=mm&r=g","caption":"michael.merz"},"url":"https:\/\/www.organisator.ch\/it\/author\/michael-merz\/"}]}},"_links":{"self":[{"href":"https:\/\/www.organisator.ch\/it\/wp-json\/wp\/v2\/posts\/3235","targetHints":{"allow":["GET"]}}],"collection":[{"href":"https:\/\/www.organisator.ch\/it\/wp-json\/wp\/v2\/posts"}],"about":[{"href":"https:\/\/www.organisator.ch\/it\/wp-json\/wp\/v2\/types\/post"}],"author":[{"embeddable":true,"href":"https:\/\/www.organisator.ch\/it\/wp-json\/wp\/v2\/users\/5"}],"replies":[{"embeddable":true,"href":"https:\/\/www.organisator.ch\/it\/wp-json\/wp\/v2\/comments?post=3235"}],"version-history":[{"count":1,"href":"https:\/\/www.organisator.ch\/it\/wp-json\/wp\/v2\/posts\/3235\/revisions"}],"predecessor-version":[{"id":10672,"href":"https:\/\/www.organisator.ch\/it\/wp-json\/wp\/v2\/posts\/3235\/revisions\/10672"}],"wp:featuredmedia":[{"embeddable":true,"href":"https:\/\/www.organisator.ch\/it\/wp-json\/wp\/v2\/media\/9715"}],"wp:attachment":[{"href":"https:\/\/www.organisator.ch\/it\/wp-json\/wp\/v2\/media?parent=3235"}],"wp:term":[{"taxonomy":"category","embeddable":true,"href":"https:\/\/www.organisator.ch\/it\/wp-json\/wp\/v2\/categories?post=3235"},{"taxonomy":"post_tag","embeddable":true,"href":"https:\/\/www.organisator.ch\/it\/wp-json\/wp\/v2\/tags?post=3235"}],"curies":[{"name":"wp","href":"https:\/\/api.w.org\/{rel}","templated":true}]}}