{"id":3254,"date":"2020-08-10T12:00:44","date_gmt":"2020-08-10T10:00:44","guid":{"rendered":"https:\/\/www.umweltperspektiven.ch\/?p=3254"},"modified":"2020-08-10T12:00:44","modified_gmt":"2020-08-10T10:00:44","slug":"epfl-entwickelt-antibakterielle-und-virale-filter","status":"publish","type":"post","link":"https:\/\/www.organisator.ch\/it\/allgemein\/2020-08-10\/epfl-entwickelt-antibakterielle-und-virale-filter\/","title":{"rendered":"L'EPFL sviluppa filtri antibatterici e virali"},"content":{"rendered":"<p><img loading=\"lazy\" decoding=\"async\" class=\"alignnone size-full wp-image-3255\" src=\"\/\/www.umweltperspektiven.ch\/wp-content\/uploads\/2020\/08\/EPFL-UP-Umwelt-Perspektiven.jpg\" alt=\"\" width=\"653\" height=\"431\" srcset=\"https:\/\/www.organisator.ch\/wp-content\/uploads\/2020\/08\/EPFL-UP-Umwelt-Perspektiven.jpg 653w, https:\/\/www.organisator.ch\/wp-content\/uploads\/2020\/08\/EPFL-UP-Umwelt-Perspektiven-18x12.jpg 18w, https:\/\/www.organisator.ch\/wp-content\/uploads\/2020\/08\/EPFL-UP-Umwelt-Perspektiven-265x175.jpg 265w, https:\/\/www.organisator.ch\/wp-content\/uploads\/2020\/08\/EPFL-UP-Umwelt-Perspektiven-530x350.jpg 530w, https:\/\/www.organisator.ch\/wp-content\/uploads\/2020\/08\/EPFL-UP-Umwelt-Perspektiven-300x198.jpg 300w\" sizes=\"auto, (max-width: 653px) 100vw, 653px\" \/><\/p>\n<p>Immagine del laboratorio EPFL che mostra un interessante rapporto tra i diametri dei batteri.<\/p>\n<p class=\"bodytext\">Il Laboratorio di Fisica della Materia Complessa (LPMC) dell'EPFL ha scoperto che una membrana filtrante fatta di nanofili di ossido di titanio \u00e8 in grado di catturare gli agenti patogeni e distruggerli con la luce del giorno. Le maschere con questo filtro possono essere sterilizzate e riutilizzate migliaia di volte. Questo allevierebbe i colli di bottiglia e ridurrebbe significativamente la quantit\u00e0 di rifiuti delle maschere chirurgiche monouso. Inoltre, queste membrane filtranti sarebbero utilizzabili anche nei sistemi di ventilazione e di condizionamento dell'aria.<\/p>\n<p class=\"bodytext\">L'impatto ambientale delle maschere usa e getta usate, che sono fatte di strati di microfibre di plastica in polipropilene non tessuto, non dovrebbe essere trascurato, dice un\u00a0<a href=\"\/\/actu.epfl.ch\/news\/a-titanate-nanowire-mask-that-can-eliminate-pathog\/\" target=\"_blank\" rel=\"noopener\">Comunicazione<\/a>\u00a0dell'EPFL. Inoltre, si limitano a intrappolare gli agenti patogeni invece di distruggerli. \"In un ospedale, queste maschere sono conservate in contenitori speciali e trattate di conseguenza\", avverte il capo del LPMC, L\u00e1szl\u00f3 Forr\u00f3.<\/p>\n<p class=\"bodytext\">Il materiale filtrante del suo team utilizza le propriet\u00e0 fotocatalitiche dell'ossido di titanio. \"Poich\u00e9 il nostro filtro assorbe eccezionalmente bene l'umidit\u00e0, pu\u00f2 intrappolare le goccioline che portano virus e batteri\", dice Forr\u00f2. \"Questo crea un ambiente favorevole al processo di ossidazione innescato dalla luce\".<\/p>\n<p class=\"bodytext\">Un articolo corrispondente dei ricercatori \u00e8 stato pubblicato venerd\u00ec nella rivista scientifica \"<a href=\"\/\/www.onlinelibrary.wiley.com\/doi\/10.1002\/adfm.202004615\" target=\"_blank\" rel=\"noopener\">Materiali funzionali avanzati<\/a>\"\u00e8 stato pubblicato. Sulla base dei loro risultati, i ricercatori suppongono che il metodo abbia successo con un gran numero di virus, compresa la SARS-CoV-2. Tuttavia, questo deve ancora essere dimostrato sperimentalmente.<\/p>\n<p class=\"bodytext\">Il loro articolo continua dicendo che la produzione di tali membrane sarebbe fattibile su larga scala. Le sole strutture del laboratorio sono in grado di produrre materiale per 80.000 maschere al mese. La start-up Swoxid si sta gi\u00e0 preparando a esternalizzare la tecnologia dal laboratorio.<\/p>\n<p><a href=\"\/\/actu.epfl.ch\/\">actu.epfl.ch<\/a><\/p>","protected":false},"excerpt":{"rendered":"<p>Abbildung des EPFL-Labors mit einem interessanten Gr\u00f6ssenverh\u00e4ltnis von Bakteriendurchmessern. Das\u00a0EPFL-Labor f\u00fcr Physik der komplexen Materie (LPMC) hat entdeckt, dass eine Filtermembran aus Titanoxid-Nanodr\u00e4hten in der Lage ist, Krankheitserreger einzufangen und sie mit Tageslicht zu zerst\u00f6ren. Masken mit diesem Filter k\u00f6nnen sterilisiert und tausendfach wiederverwendet werden. Dies w\u00fcrde Engp\u00e4sse lindern und die Abfallmenge von Einweg-OP-Masken erheblich [&hellip;]<\/p>\n","protected":false},"author":5,"featured_media":3255,"comment_status":"closed","ping_status":"closed","sticky":false,"template":"","format":"standard","meta":{"_acf_changed":false,"_yoast_wpseo_focuskw":"EPFL","_yoast_wpseo_metadesc":"Die Eidgen\u00f6ssischen Technische Hochschule Lausanne (EPFL) forscht an einer Membran, die Viren und Bakterien wie Covid-19 blockieren k\u00f6nnte.","articlekey":"","footnotes":""},"categories":[1],"tags":[767,946,953,1107,1685,424,2296],"class_list":["post-3254","post","type-post","status-publish","format-standard","has-post-thumbnail","hentry","category-allgemein","tag-bakterien","tag-corona","tag-covid-19","tag-epfl","tag-membrantechnik","tag-schweiz","tag-textilien"],"acf":[],"yoast_head":"<!-- This site is optimized with the Yoast SEO plugin v27.5 - https:\/\/yoast.com\/product\/yoast-seo-wordpress\/ -->\n<title>EPFL entwickelt antibakterielle und -virale Filter - Organisator<\/title>\n<meta name=\"description\" content=\"Die Eidgen\u00f6ssischen Technische Hochschule Lausanne (EPFL) forscht an einer Membran, die Viren und Bakterien wie Covid-19 blockieren k\u00f6nnte.\" \/>\n<meta name=\"robots\" content=\"index, follow, max-snippet:-1, max-image-preview:large, max-video-preview:-1\" \/>\n<link rel=\"canonical\" href=\"https:\/\/www.organisator.ch\/it\/generale\/2020-08-10\/epfl-entwickelt-antibakterielle-und-virale-filter\/\" \/>\n<meta property=\"og:locale\" content=\"it_IT\" \/>\n<meta property=\"og:type\" content=\"article\" \/>\n<meta property=\"og:title\" content=\"EPFL entwickelt antibakterielle und -virale Filter - Organisator\" \/>\n<meta property=\"og:description\" content=\"Die Eidgen\u00f6ssischen Technische Hochschule Lausanne (EPFL) forscht an einer Membran, die Viren und Bakterien wie Covid-19 blockieren k\u00f6nnte.\" \/>\n<meta property=\"og:url\" content=\"https:\/\/www.organisator.ch\/it\/generale\/2020-08-10\/epfl-entwickelt-antibakterielle-und-virale-filter\/\" \/>\n<meta property=\"og:site_name\" content=\"Organisator\" \/>\n<meta property=\"article:publisher\" content=\"https:\/\/www.facebook.com\/OrganisatorFachmagazin\" \/>\n<meta property=\"article:published_time\" content=\"2020-08-10T10:00:44+00:00\" \/>\n<meta property=\"og:image\" content=\"https:\/\/www.organisator.ch\/wp-content\/uploads\/2020\/08\/EPFL-UP-Umwelt-Perspektiven.jpg\" \/>\n\t<meta property=\"og:image:width\" content=\"653\" \/>\n\t<meta property=\"og:image:height\" content=\"431\" \/>\n\t<meta property=\"og:image:type\" content=\"image\/jpeg\" \/>\n<meta name=\"author\" content=\"michael.merz\" \/>\n<meta name=\"twitter:card\" content=\"summary_large_image\" \/>\n<script type=\"application\/ld+json\" class=\"yoast-schema-graph\">{\"@context\":\"https:\\\/\\\/schema.org\",\"@graph\":[{\"@type\":\"Article\",\"@id\":\"https:\\\/\\\/www.organisator.ch\\\/de\\\/allgemein\\\/2020-08-10\\\/epfl-entwickelt-antibakterielle-und-virale-filter\\\/#article\",\"isPartOf\":{\"@id\":\"https:\\\/\\\/www.organisator.ch\\\/de\\\/allgemein\\\/2020-08-10\\\/epfl-entwickelt-antibakterielle-und-virale-filter\\\/\"},\"author\":{\"name\":\"michael.merz\",\"@id\":\"https:\\\/\\\/www.organisator.ch\\\/#\\\/schema\\\/person\\\/134708ca9321c57b0362cceb7948ffbd\"},\"headline\":\"EPFL entwickelt antibakterielle und -virale Filter\",\"datePublished\":\"2020-08-10T10:00:44+00:00\",\"mainEntityOfPage\":{\"@id\":\"https:\\\/\\\/www.organisator.ch\\\/de\\\/allgemein\\\/2020-08-10\\\/epfl-entwickelt-antibakterielle-und-virale-filter\\\/\"},\"wordCount\":279,\"publisher\":{\"@id\":\"https:\\\/\\\/www.organisator.ch\\\/#organization\"},\"image\":{\"@id\":\"https:\\\/\\\/www.organisator.ch\\\/de\\\/allgemein\\\/2020-08-10\\\/epfl-entwickelt-antibakterielle-und-virale-filter\\\/#primaryimage\"},\"thumbnailUrl\":\"https:\\\/\\\/www.organisator.ch\\\/wp-content\\\/uploads\\\/2020\\\/08\\\/EPFL-UP-Umwelt-Perspektiven.jpg\",\"keywords\":[\"Bakterien\",\"Corona\",\"Covid-19\",\"EPFL\",\"Membrantechnik\",\"Schweiz\",\"Textilien\"],\"articleSection\":[\"Allgemein\"],\"inLanguage\":\"it-IT\"},{\"@type\":\"WebPage\",\"@id\":\"https:\\\/\\\/www.organisator.ch\\\/de\\\/allgemein\\\/2020-08-10\\\/epfl-entwickelt-antibakterielle-und-virale-filter\\\/\",\"url\":\"https:\\\/\\\/www.organisator.ch\\\/de\\\/allgemein\\\/2020-08-10\\\/epfl-entwickelt-antibakterielle-und-virale-filter\\\/\",\"name\":\"EPFL entwickelt antibakterielle und -virale Filter - Organisator\",\"isPartOf\":{\"@id\":\"https:\\\/\\\/www.organisator.ch\\\/#website\"},\"primaryImageOfPage\":{\"@id\":\"https:\\\/\\\/www.organisator.ch\\\/de\\\/allgemein\\\/2020-08-10\\\/epfl-entwickelt-antibakterielle-und-virale-filter\\\/#primaryimage\"},\"image\":{\"@id\":\"https:\\\/\\\/www.organisator.ch\\\/de\\\/allgemein\\\/2020-08-10\\\/epfl-entwickelt-antibakterielle-und-virale-filter\\\/#primaryimage\"},\"thumbnailUrl\":\"https:\\\/\\\/www.organisator.ch\\\/wp-content\\\/uploads\\\/2020\\\/08\\\/EPFL-UP-Umwelt-Perspektiven.jpg\",\"datePublished\":\"2020-08-10T10:00:44+00:00\",\"description\":\"Die Eidgen\u00f6ssischen Technische Hochschule Lausanne (EPFL) forscht an einer Membran, die Viren und Bakterien wie Covid-19 blockieren k\u00f6nnte.\",\"breadcrumb\":{\"@id\":\"https:\\\/\\\/www.organisator.ch\\\/de\\\/allgemein\\\/2020-08-10\\\/epfl-entwickelt-antibakterielle-und-virale-filter\\\/#breadcrumb\"},\"inLanguage\":\"it-IT\",\"potentialAction\":[{\"@type\":\"ReadAction\",\"target\":[\"https:\\\/\\\/www.organisator.ch\\\/de\\\/allgemein\\\/2020-08-10\\\/epfl-entwickelt-antibakterielle-und-virale-filter\\\/\"]}]},{\"@type\":\"ImageObject\",\"inLanguage\":\"it-IT\",\"@id\":\"https:\\\/\\\/www.organisator.ch\\\/de\\\/allgemein\\\/2020-08-10\\\/epfl-entwickelt-antibakterielle-und-virale-filter\\\/#primaryimage\",\"url\":\"https:\\\/\\\/www.organisator.ch\\\/wp-content\\\/uploads\\\/2020\\\/08\\\/EPFL-UP-Umwelt-Perspektiven.jpg\",\"contentUrl\":\"https:\\\/\\\/www.organisator.ch\\\/wp-content\\\/uploads\\\/2020\\\/08\\\/EPFL-UP-Umwelt-Perspektiven.jpg\",\"width\":653,\"height\":431},{\"@type\":\"BreadcrumbList\",\"@id\":\"https:\\\/\\\/www.organisator.ch\\\/de\\\/allgemein\\\/2020-08-10\\\/epfl-entwickelt-antibakterielle-und-virale-filter\\\/#breadcrumb\",\"itemListElement\":[{\"@type\":\"ListItem\",\"position\":1,\"name\":\"Home\",\"item\":\"https:\\\/\\\/www.organisator.ch\\\/\"},{\"@type\":\"ListItem\",\"position\":2,\"name\":\"EPFL entwickelt antibakterielle und -virale Filter\"}]},{\"@type\":\"WebSite\",\"@id\":\"https:\\\/\\\/www.organisator.ch\\\/#website\",\"url\":\"https:\\\/\\\/www.organisator.ch\\\/\",\"name\":\"Organisator\",\"description\":\"Kompetent. Praxisnah. Der ORGANISATOR bereitet in 10 Ausgaben pro Jahr die wesentlichen Themen f\u00fcr F\u00fchrungskr\u00e4fte von KMU auf.\",\"publisher\":{\"@id\":\"https:\\\/\\\/www.organisator.ch\\\/#organization\"},\"potentialAction\":[{\"@type\":\"SearchAction\",\"target\":{\"@type\":\"EntryPoint\",\"urlTemplate\":\"https:\\\/\\\/www.organisator.ch\\\/?s={search_term_string}\"},\"query-input\":{\"@type\":\"PropertyValueSpecification\",\"valueRequired\":true,\"valueName\":\"search_term_string\"}}],\"inLanguage\":\"it-IT\"},{\"@type\":\"Organization\",\"@id\":\"https:\\\/\\\/www.organisator.ch\\\/#organization\",\"name\":\"Organisator\",\"url\":\"https:\\\/\\\/www.organisator.ch\\\/\",\"logo\":{\"@type\":\"ImageObject\",\"inLanguage\":\"it-IT\",\"@id\":\"https:\\\/\\\/www.organisator.ch\\\/#\\\/schema\\\/logo\\\/image\\\/\",\"url\":\"https:\\\/\\\/www.organisator.ch\\\/wp-content\\\/uploads\\\/2022\\\/01\\\/Logo_Organisator_Website.png\",\"contentUrl\":\"https:\\\/\\\/www.organisator.ch\\\/wp-content\\\/uploads\\\/2022\\\/01\\\/Logo_Organisator_Website.png\",\"width\":800,\"height\":77,\"caption\":\"Organisator\"},\"image\":{\"@id\":\"https:\\\/\\\/www.organisator.ch\\\/#\\\/schema\\\/logo\\\/image\\\/\"},\"sameAs\":[\"https:\\\/\\\/www.facebook.com\\\/OrganisatorFachmagazin\",\"https:\\\/\\\/www.linkedin.com\\\/showcase\\\/organisator-das-magazin-fr-kmu\",\"https:\\\/\\\/www.xing.com\\\/news\\\/pages\\\/organisator-ch-695\",\"https:\\\/\\\/www.youtube.com\\\/channel\\\/UCGP2Sq0iWaZwT3BdIAQFYpw\"]},{\"@type\":\"Person\",\"@id\":\"https:\\\/\\\/www.organisator.ch\\\/#\\\/schema\\\/person\\\/134708ca9321c57b0362cceb7948ffbd\",\"name\":\"michael.merz\",\"image\":{\"@type\":\"ImageObject\",\"inLanguage\":\"it-IT\",\"@id\":\"https:\\\/\\\/secure.gravatar.com\\\/avatar\\\/?s=96&d=mm&r=g\",\"url\":\"https:\\\/\\\/secure.gravatar.com\\\/avatar\\\/?s=96&d=mm&r=g\",\"contentUrl\":\"https:\\\/\\\/secure.gravatar.com\\\/avatar\\\/?s=96&d=mm&r=g\",\"caption\":\"michael.merz\"},\"url\":\"https:\\\/\\\/www.organisator.ch\\\/it\\\/author\\\/michael-merz\\\/\"}]}<\/script>\n<!-- \/ Yoast SEO plugin. -->","yoast_head_json":{"title":"L'EPFL sviluppa filtri antibatterici e virali - Organizzatore","description":"Il Politecnico Federale di Losanna (EPFL) sta studiando una membrana che potrebbe bloccare virus e batteri come il Covid-19.","robots":{"index":"index","follow":"follow","max-snippet":"max-snippet:-1","max-image-preview":"max-image-preview:large","max-video-preview":"max-video-preview:-1"},"canonical":"https:\/\/www.organisator.ch\/it\/generale\/2020-08-10\/epfl-entwickelt-antibakterielle-und-virale-filter\/","og_locale":"it_IT","og_type":"article","og_title":"EPFL entwickelt antibakterielle und -virale Filter - Organisator","og_description":"Die Eidgen\u00f6ssischen Technische Hochschule Lausanne (EPFL) forscht an einer Membran, die Viren und Bakterien wie Covid-19 blockieren k\u00f6nnte.","og_url":"https:\/\/www.organisator.ch\/it\/generale\/2020-08-10\/epfl-entwickelt-antibakterielle-und-virale-filter\/","og_site_name":"Organisator","article_publisher":"https:\/\/www.facebook.com\/OrganisatorFachmagazin","article_published_time":"2020-08-10T10:00:44+00:00","og_image":[{"width":653,"height":431,"url":"https:\/\/www.organisator.ch\/wp-content\/uploads\/2020\/08\/EPFL-UP-Umwelt-Perspektiven.jpg","type":"image\/jpeg"}],"author":"michael.merz","twitter_card":"summary_large_image","schema":{"@context":"https:\/\/schema.org","@graph":[{"@type":"Article","@id":"https:\/\/www.organisator.ch\/de\/allgemein\/2020-08-10\/epfl-entwickelt-antibakterielle-und-virale-filter\/#article","isPartOf":{"@id":"https:\/\/www.organisator.ch\/de\/allgemein\/2020-08-10\/epfl-entwickelt-antibakterielle-und-virale-filter\/"},"author":{"name":"michael.merz","@id":"https:\/\/www.organisator.ch\/#\/schema\/person\/134708ca9321c57b0362cceb7948ffbd"},"headline":"EPFL entwickelt antibakterielle und -virale Filter","datePublished":"2020-08-10T10:00:44+00:00","mainEntityOfPage":{"@id":"https:\/\/www.organisator.ch\/de\/allgemein\/2020-08-10\/epfl-entwickelt-antibakterielle-und-virale-filter\/"},"wordCount":279,"publisher":{"@id":"https:\/\/www.organisator.ch\/#organization"},"image":{"@id":"https:\/\/www.organisator.ch\/de\/allgemein\/2020-08-10\/epfl-entwickelt-antibakterielle-und-virale-filter\/#primaryimage"},"thumbnailUrl":"https:\/\/www.organisator.ch\/wp-content\/uploads\/2020\/08\/EPFL-UP-Umwelt-Perspektiven.jpg","keywords":["Bakterien","Corona","Covid-19","EPFL","Membrantechnik","Schweiz","Textilien"],"articleSection":["Allgemein"],"inLanguage":"it-IT"},{"@type":"WebPage","@id":"https:\/\/www.organisator.ch\/de\/allgemein\/2020-08-10\/epfl-entwickelt-antibakterielle-und-virale-filter\/","url":"https:\/\/www.organisator.ch\/de\/allgemein\/2020-08-10\/epfl-entwickelt-antibakterielle-und-virale-filter\/","name":"L'EPFL sviluppa filtri antibatterici e virali - Organizzatore","isPartOf":{"@id":"https:\/\/www.organisator.ch\/#website"},"primaryImageOfPage":{"@id":"https:\/\/www.organisator.ch\/de\/allgemein\/2020-08-10\/epfl-entwickelt-antibakterielle-und-virale-filter\/#primaryimage"},"image":{"@id":"https:\/\/www.organisator.ch\/de\/allgemein\/2020-08-10\/epfl-entwickelt-antibakterielle-und-virale-filter\/#primaryimage"},"thumbnailUrl":"https:\/\/www.organisator.ch\/wp-content\/uploads\/2020\/08\/EPFL-UP-Umwelt-Perspektiven.jpg","datePublished":"2020-08-10T10:00:44+00:00","description":"Il Politecnico Federale di Losanna (EPFL) sta studiando una membrana che potrebbe bloccare virus e batteri come il Covid-19.","breadcrumb":{"@id":"https:\/\/www.organisator.ch\/de\/allgemein\/2020-08-10\/epfl-entwickelt-antibakterielle-und-virale-filter\/#breadcrumb"},"inLanguage":"it-IT","potentialAction":[{"@type":"ReadAction","target":["https:\/\/www.organisator.ch\/de\/allgemein\/2020-08-10\/epfl-entwickelt-antibakterielle-und-virale-filter\/"]}]},{"@type":"ImageObject","inLanguage":"it-IT","@id":"https:\/\/www.organisator.ch\/de\/allgemein\/2020-08-10\/epfl-entwickelt-antibakterielle-und-virale-filter\/#primaryimage","url":"https:\/\/www.organisator.ch\/wp-content\/uploads\/2020\/08\/EPFL-UP-Umwelt-Perspektiven.jpg","contentUrl":"https:\/\/www.organisator.ch\/wp-content\/uploads\/2020\/08\/EPFL-UP-Umwelt-Perspektiven.jpg","width":653,"height":431},{"@type":"BreadcrumbList","@id":"https:\/\/www.organisator.ch\/de\/allgemein\/2020-08-10\/epfl-entwickelt-antibakterielle-und-virale-filter\/#breadcrumb","itemListElement":[{"@type":"ListItem","position":1,"name":"Home","item":"https:\/\/www.organisator.ch\/"},{"@type":"ListItem","position":2,"name":"EPFL entwickelt antibakterielle und -virale Filter"}]},{"@type":"WebSite","@id":"https:\/\/www.organisator.ch\/#website","url":"https:\/\/www.organisator.ch\/","name":"Organizzatore","description":"Competente. Pratico. In 10 numeri all'anno, ORGANISATOR presenta i temi essenziali per i manager delle PMI.","publisher":{"@id":"https:\/\/www.organisator.ch\/#organization"},"potentialAction":[{"@type":"SearchAction","target":{"@type":"EntryPoint","urlTemplate":"https:\/\/www.organisator.ch\/?s={search_term_string}"},"query-input":{"@type":"PropertyValueSpecification","valueRequired":true,"valueName":"search_term_string"}}],"inLanguage":"it-IT"},{"@type":"Organization","@id":"https:\/\/www.organisator.ch\/#organization","name":"Organizzatore","url":"https:\/\/www.organisator.ch\/","logo":{"@type":"ImageObject","inLanguage":"it-IT","@id":"https:\/\/www.organisator.ch\/#\/schema\/logo\/image\/","url":"https:\/\/www.organisator.ch\/wp-content\/uploads\/2022\/01\/Logo_Organisator_Website.png","contentUrl":"https:\/\/www.organisator.ch\/wp-content\/uploads\/2022\/01\/Logo_Organisator_Website.png","width":800,"height":77,"caption":"Organisator"},"image":{"@id":"https:\/\/www.organisator.ch\/#\/schema\/logo\/image\/"},"sameAs":["https:\/\/www.facebook.com\/OrganisatorFachmagazin","https:\/\/www.linkedin.com\/showcase\/organisator-das-magazin-fr-kmu","https:\/\/www.xing.com\/news\/pages\/organisator-ch-695","https:\/\/www.youtube.com\/channel\/UCGP2Sq0iWaZwT3BdIAQFYpw"]},{"@type":"Person","@id":"https:\/\/www.organisator.ch\/#\/schema\/person\/134708ca9321c57b0362cceb7948ffbd","name":"michael.merz","image":{"@type":"ImageObject","inLanguage":"it-IT","@id":"https:\/\/secure.gravatar.com\/avatar\/?s=96&d=mm&r=g","url":"https:\/\/secure.gravatar.com\/avatar\/?s=96&d=mm&r=g","contentUrl":"https:\/\/secure.gravatar.com\/avatar\/?s=96&d=mm&r=g","caption":"michael.merz"},"url":"https:\/\/www.organisator.ch\/it\/author\/michael-merz\/"}]}},"_links":{"self":[{"href":"https:\/\/www.organisator.ch\/it\/wp-json\/wp\/v2\/posts\/3254","targetHints":{"allow":["GET"]}}],"collection":[{"href":"https:\/\/www.organisator.ch\/it\/wp-json\/wp\/v2\/posts"}],"about":[{"href":"https:\/\/www.organisator.ch\/it\/wp-json\/wp\/v2\/types\/post"}],"author":[{"embeddable":true,"href":"https:\/\/www.organisator.ch\/it\/wp-json\/wp\/v2\/users\/5"}],"replies":[{"embeddable":true,"href":"https:\/\/www.organisator.ch\/it\/wp-json\/wp\/v2\/comments?post=3254"}],"version-history":[{"count":0,"href":"https:\/\/www.organisator.ch\/it\/wp-json\/wp\/v2\/posts\/3254\/revisions"}],"wp:featuredmedia":[{"embeddable":true,"href":"https:\/\/www.organisator.ch\/it\/wp-json\/wp\/v2\/media\/3255"}],"wp:attachment":[{"href":"https:\/\/www.organisator.ch\/it\/wp-json\/wp\/v2\/media?parent=3254"}],"wp:term":[{"taxonomy":"category","embeddable":true,"href":"https:\/\/www.organisator.ch\/it\/wp-json\/wp\/v2\/categories?post=3254"},{"taxonomy":"post_tag","embeddable":true,"href":"https:\/\/www.organisator.ch\/it\/wp-json\/wp\/v2\/tags?post=3254"}],"curies":[{"name":"wp","href":"https:\/\/api.w.org\/{rel}","templated":true}]}}