{"id":32684,"date":"2024-11-12T14:28:58","date_gmt":"2024-11-12T13:28:58","guid":{"rendered":"https:\/\/www.markt-kom.com\/?p=226475"},"modified":"2024-11-13T09:28:28","modified_gmt":"2024-11-13T08:28:28","slug":"in-flagranti-neue-mandate-in-kommunikation-und-mobilitaet","status":"publish","type":"post","link":"https:\/\/www.organisator.ch\/it\/marketing\/2024-11-12\/in-flagranti-neue-mandate-in-kommunikation-und-mobilitaet\/","title":{"rendered":"In Flagranti: nuovi mandati nella comunicazione e nella mobilit\u00e0"},"content":{"rendered":"<p><img class=\"aligncenter wp-image-211351 size-full\" src=\"https:\/\/www.markt-kom.com\/wp-content\/uploads\/2024\/03\/inflagranti-logo.jpg\" alt=\"In flagranza di reato\" width=\"1000\" height=\"500\" \/><\/p>\r\n<p>Winterhilfe Schweiz sosterr\u00e0 In Flagranti per i prossimi cinque anni. L'obiettivo \u00e8 rafforzare in modo duraturo la rilevanza, la visibilit\u00e0 e l'impatto di Winterhilfe attraverso un concetto di comunicazione ben studiato e mirato.<\/p>\r\n<p>L'agenzia di Lys \u00e8 stata anche incaricata dall'Ufficio federale dell'energia di promuovere la mobilit\u00e0 sostenibile nelle aziende. Nell'ambito del programma \"EnergieSchweiz\", In Flagranti gestir\u00e0 l'unit\u00e0 specializzata per la mobilit\u00e0 sostenibile nelle aziende insieme ad aziende partner specializzate a partire dal 2025. L'obiettivo \u00e8 motivare le aziende e i loro dipendenti, clienti e visitatori a rendere la loro mobilit\u00e0 pi\u00f9 sostenibile. Oltre a In Flagranti, sono presenti anche gli esperti di Planval Partner di Berna e Briga, dell'Ufficio per la mobilit\u00e0 di Berna e Burgdorf e di Mobitrends di Lugano.<\/p>","protected":false},"excerpt":{"rendered":"<p>In Flagranti si \u00e8 aggiudicata due nuovi mandati. L'agenzia svilupper\u00e0 un concetto di comunicazione per Winterhilfe Schweiz e assumer\u00e0 un ruolo di consulenza strategica sulla mobilit\u00e0 sostenibile nelle aziende per conto dell'Ufficio federale dell'energia.<\/p>","protected":false},"author":8,"featured_media":0,"comment_status":"closed","ping_status":"closed","sticky":false,"template":"","format":"standard","meta":{"_acf_changed":false,"_yoast_wpseo_focuskw":"In Flagranti","_yoast_wpseo_metadesc":"Winterhilfe Schweiz und In Flagranti: Zusammenarbeit zur St\u00e4rkung der Relevanz und F\u00f6rderung nachhaltiger Mobilit\u00e4t.","articlekey":"","footnotes":""},"categories":[29],"tags":[2855,4740],"class_list":["post-32684","post","type-post","status-publish","format-standard","hentry","category-marketing","tag-etats","tag-in-flagranti"],"acf":[],"yoast_head":"<!-- This site is optimized with the Yoast SEO plugin v27.5 - https:\/\/yoast.com\/product\/yoast-seo-wordpress\/ -->\n<title>In Flagranti: neue Mandate in Kommunikation und Mobilit\u00e4t - Organisator<\/title>\n<meta name=\"description\" content=\"Winterhilfe Schweiz und In Flagranti: Zusammenarbeit zur St\u00e4rkung der Relevanz und F\u00f6rderung nachhaltiger Mobilit\u00e4t.\" \/>\n<meta name=\"robots\" content=\"index, follow, max-snippet:-1, max-image-preview:large, max-video-preview:-1\" \/>\n<link rel=\"canonical\" href=\"https:\/\/www.organisator.ch\/it\/marketing\/2024-11-12\/in-flagranti-neue-mandate-in-kommunikation-und-mobilitaet\/\" \/>\n<meta property=\"og:locale\" content=\"it_IT\" \/>\n<meta property=\"og:type\" content=\"article\" \/>\n<meta property=\"og:title\" content=\"In Flagranti: neue Mandate in Kommunikation und Mobilit\u00e4t - Organisator\" \/>\n<meta property=\"og:description\" content=\"Winterhilfe Schweiz und In Flagranti: Zusammenarbeit zur St\u00e4rkung der Relevanz und F\u00f6rderung nachhaltiger Mobilit\u00e4t.\" \/>\n<meta property=\"og:url\" content=\"https:\/\/www.organisator.ch\/it\/marketing\/2024-11-12\/in-flagranti-neue-mandate-in-kommunikation-und-mobilitaet\/\" \/>\n<meta property=\"og:site_name\" content=\"Organisator\" \/>\n<meta property=\"article:publisher\" content=\"https:\/\/www.facebook.com\/OrganisatorFachmagazin\" \/>\n<meta property=\"article:published_time\" content=\"2024-11-12T13:28:58+00:00\" \/>\n<meta property=\"article:modified_time\" content=\"2024-11-13T08:28:28+00:00\" \/>\n<meta property=\"og:image\" content=\"https:\/\/www.markt-kom.com\/wp-content\/uploads\/2024\/03\/inflagranti-logo.jpg\" \/>\n<meta name=\"author\" content=\"galledia\" \/>\n<meta name=\"twitter:card\" content=\"summary_large_image\" \/>\n<meta name=\"twitter:creator\" content=\"@admin\" \/>\n<script type=\"application\/ld+json\" class=\"yoast-schema-graph\">{\"@context\":\"https:\\\/\\\/schema.org\",\"@graph\":[{\"@type\":\"Article\",\"@id\":\"https:\\\/\\\/www.organisator.ch\\\/marketing\\\/2024-11-12\\\/in-flagranti-neue-mandate-in-kommunikation-und-mobilitaet\\\/#article\",\"isPartOf\":{\"@id\":\"https:\\\/\\\/www.organisator.ch\\\/marketing\\\/2024-11-12\\\/in-flagranti-neue-mandate-in-kommunikation-und-mobilitaet\\\/\"},\"author\":{\"name\":\"galledia\",\"@id\":\"https:\\\/\\\/www.organisator.ch\\\/#\\\/schema\\\/person\\\/4e51799071cd2dd1232ac003643ef5f0\"},\"headline\":\"In Flagranti: neue Mandate in Kommunikation und Mobilit\u00e4t\",\"datePublished\":\"2024-11-12T13:28:58+00:00\",\"dateModified\":\"2024-11-13T08:28:28+00:00\",\"mainEntityOfPage\":{\"@id\":\"https:\\\/\\\/www.organisator.ch\\\/marketing\\\/2024-11-12\\\/in-flagranti-neue-mandate-in-kommunikation-und-mobilitaet\\\/\"},\"wordCount\":141,\"publisher\":{\"@id\":\"https:\\\/\\\/www.organisator.ch\\\/#organization\"},\"image\":{\"@id\":\"https:\\\/\\\/www.organisator.ch\\\/marketing\\\/2024-11-12\\\/in-flagranti-neue-mandate-in-kommunikation-und-mobilitaet\\\/#primaryimage\"},\"thumbnailUrl\":\"https:\\\/\\\/www.markt-kom.com\\\/wp-content\\\/uploads\\\/2024\\\/03\\\/inflagranti-logo.jpg\",\"keywords\":[\"Etats\",\"In Flagranti\"],\"articleSection\":[\"MARKETING\"],\"inLanguage\":\"it-IT\"},{\"@type\":\"WebPage\",\"@id\":\"https:\\\/\\\/www.organisator.ch\\\/marketing\\\/2024-11-12\\\/in-flagranti-neue-mandate-in-kommunikation-und-mobilitaet\\\/\",\"url\":\"https:\\\/\\\/www.organisator.ch\\\/marketing\\\/2024-11-12\\\/in-flagranti-neue-mandate-in-kommunikation-und-mobilitaet\\\/\",\"name\":\"In Flagranti: neue Mandate in Kommunikation und Mobilit\u00e4t - Organisator\",\"isPartOf\":{\"@id\":\"https:\\\/\\\/www.organisator.ch\\\/#website\"},\"primaryImageOfPage\":{\"@id\":\"https:\\\/\\\/www.organisator.ch\\\/marketing\\\/2024-11-12\\\/in-flagranti-neue-mandate-in-kommunikation-und-mobilitaet\\\/#primaryimage\"},\"image\":{\"@id\":\"https:\\\/\\\/www.organisator.ch\\\/marketing\\\/2024-11-12\\\/in-flagranti-neue-mandate-in-kommunikation-und-mobilitaet\\\/#primaryimage\"},\"thumbnailUrl\":\"https:\\\/\\\/www.markt-kom.com\\\/wp-content\\\/uploads\\\/2024\\\/03\\\/inflagranti-logo.jpg\",\"datePublished\":\"2024-11-12T13:28:58+00:00\",\"dateModified\":\"2024-11-13T08:28:28+00:00\",\"description\":\"Winterhilfe Schweiz und In Flagranti: Zusammenarbeit zur St\u00e4rkung der Relevanz und F\u00f6rderung nachhaltiger Mobilit\u00e4t.\",\"breadcrumb\":{\"@id\":\"https:\\\/\\\/www.organisator.ch\\\/marketing\\\/2024-11-12\\\/in-flagranti-neue-mandate-in-kommunikation-und-mobilitaet\\\/#breadcrumb\"},\"inLanguage\":\"it-IT\",\"potentialAction\":[{\"@type\":\"ReadAction\",\"target\":[\"https:\\\/\\\/www.organisator.ch\\\/marketing\\\/2024-11-12\\\/in-flagranti-neue-mandate-in-kommunikation-und-mobilitaet\\\/\"]}]},{\"@type\":\"ImageObject\",\"inLanguage\":\"it-IT\",\"@id\":\"https:\\\/\\\/www.organisator.ch\\\/marketing\\\/2024-11-12\\\/in-flagranti-neue-mandate-in-kommunikation-und-mobilitaet\\\/#primaryimage\",\"url\":\"https:\\\/\\\/www.markt-kom.com\\\/wp-content\\\/uploads\\\/2024\\\/03\\\/inflagranti-logo.jpg\",\"contentUrl\":\"https:\\\/\\\/www.markt-kom.com\\\/wp-content\\\/uploads\\\/2024\\\/03\\\/inflagranti-logo.jpg\"},{\"@type\":\"BreadcrumbList\",\"@id\":\"https:\\\/\\\/www.organisator.ch\\\/marketing\\\/2024-11-12\\\/in-flagranti-neue-mandate-in-kommunikation-und-mobilitaet\\\/#breadcrumb\",\"itemListElement\":[{\"@type\":\"ListItem\",\"position\":1,\"name\":\"Home\",\"item\":\"https:\\\/\\\/www.organisator.ch\\\/\"},{\"@type\":\"ListItem\",\"position\":2,\"name\":\"In Flagranti: neue Mandate in Kommunikation und Mobilit\u00e4t\"}]},{\"@type\":\"WebSite\",\"@id\":\"https:\\\/\\\/www.organisator.ch\\\/#website\",\"url\":\"https:\\\/\\\/www.organisator.ch\\\/\",\"name\":\"Organisator\",\"description\":\"Kompetent. Praxisnah. Der ORGANISATOR bereitet in 10 Ausgaben pro Jahr die wesentlichen Themen f\u00fcr F\u00fchrungskr\u00e4fte von KMU auf.\",\"publisher\":{\"@id\":\"https:\\\/\\\/www.organisator.ch\\\/#organization\"},\"potentialAction\":[{\"@type\":\"SearchAction\",\"target\":{\"@type\":\"EntryPoint\",\"urlTemplate\":\"https:\\\/\\\/www.organisator.ch\\\/?s={search_term_string}\"},\"query-input\":{\"@type\":\"PropertyValueSpecification\",\"valueRequired\":true,\"valueName\":\"search_term_string\"}}],\"inLanguage\":\"it-IT\"},{\"@type\":\"Organization\",\"@id\":\"https:\\\/\\\/www.organisator.ch\\\/#organization\",\"name\":\"Organisator\",\"url\":\"https:\\\/\\\/www.organisator.ch\\\/\",\"logo\":{\"@type\":\"ImageObject\",\"inLanguage\":\"it-IT\",\"@id\":\"https:\\\/\\\/www.organisator.ch\\\/#\\\/schema\\\/logo\\\/image\\\/\",\"url\":\"https:\\\/\\\/www.organisator.ch\\\/wp-content\\\/uploads\\\/2022\\\/01\\\/Logo_Organisator_Website.png\",\"contentUrl\":\"https:\\\/\\\/www.organisator.ch\\\/wp-content\\\/uploads\\\/2022\\\/01\\\/Logo_Organisator_Website.png\",\"width\":800,\"height\":77,\"caption\":\"Organisator\"},\"image\":{\"@id\":\"https:\\\/\\\/www.organisator.ch\\\/#\\\/schema\\\/logo\\\/image\\\/\"},\"sameAs\":[\"https:\\\/\\\/www.facebook.com\\\/OrganisatorFachmagazin\",\"https:\\\/\\\/www.linkedin.com\\\/showcase\\\/organisator-das-magazin-fr-kmu\",\"https:\\\/\\\/www.xing.com\\\/news\\\/pages\\\/organisator-ch-695\",\"https:\\\/\\\/www.youtube.com\\\/channel\\\/UCGP2Sq0iWaZwT3BdIAQFYpw\"]},{\"@type\":\"Person\",\"@id\":\"https:\\\/\\\/www.organisator.ch\\\/#\\\/schema\\\/person\\\/4e51799071cd2dd1232ac003643ef5f0\",\"name\":\"galledia\",\"image\":{\"@type\":\"ImageObject\",\"inLanguage\":\"it-IT\",\"@id\":\"https:\\\/\\\/secure.gravatar.com\\\/avatar\\\/78a7f90c01fc2bfc875782a0d4922b37cde2cf184ce347b91316d23cd7f69a36?s=96&d=mm&r=g\",\"url\":\"https:\\\/\\\/secure.gravatar.com\\\/avatar\\\/78a7f90c01fc2bfc875782a0d4922b37cde2cf184ce347b91316d23cd7f69a36?s=96&d=mm&r=g\",\"contentUrl\":\"https:\\\/\\\/secure.gravatar.com\\\/avatar\\\/78a7f90c01fc2bfc875782a0d4922b37cde2cf184ce347b91316d23cd7f69a36?s=96&d=mm&r=g\",\"caption\":\"galledia\"},\"sameAs\":[\"https:\\\/\\\/x.com\\\/admin\"],\"url\":\"https:\\\/\\\/www.organisator.ch\\\/it\\\/author\\\/galledia\\\/\"}]}<\/script>\n<!-- \/ Yoast SEO plugin. -->","yoast_head_json":{"title":"In Flagranti: nuovi mandati nella comunicazione e nella mobilit\u00e0 - Organizzatore","description":"Winterhilfe Schweiz e In Flagranti: cooperazione per rafforzare la rilevanza e la promozione della mobilit\u00e0 sostenibile.","robots":{"index":"index","follow":"follow","max-snippet":"max-snippet:-1","max-image-preview":"max-image-preview:large","max-video-preview":"max-video-preview:-1"},"canonical":"https:\/\/www.organisator.ch\/it\/marketing\/2024-11-12\/in-flagranti-neue-mandate-in-kommunikation-und-mobilitaet\/","og_locale":"it_IT","og_type":"article","og_title":"In Flagranti: neue Mandate in Kommunikation und Mobilit\u00e4t - Organisator","og_description":"Winterhilfe Schweiz und In Flagranti: Zusammenarbeit zur St\u00e4rkung der Relevanz und F\u00f6rderung nachhaltiger Mobilit\u00e4t.","og_url":"https:\/\/www.organisator.ch\/it\/marketing\/2024-11-12\/in-flagranti-neue-mandate-in-kommunikation-und-mobilitaet\/","og_site_name":"Organisator","article_publisher":"https:\/\/www.facebook.com\/OrganisatorFachmagazin","article_published_time":"2024-11-12T13:28:58+00:00","article_modified_time":"2024-11-13T08:28:28+00:00","og_image":[{"url":"https:\/\/www.markt-kom.com\/wp-content\/uploads\/2024\/03\/inflagranti-logo.jpg","type":"","width":"","height":""}],"author":"galledia","twitter_card":"summary_large_image","twitter_creator":"@admin","schema":{"@context":"https:\/\/schema.org","@graph":[{"@type":"Article","@id":"https:\/\/www.organisator.ch\/marketing\/2024-11-12\/in-flagranti-neue-mandate-in-kommunikation-und-mobilitaet\/#article","isPartOf":{"@id":"https:\/\/www.organisator.ch\/marketing\/2024-11-12\/in-flagranti-neue-mandate-in-kommunikation-und-mobilitaet\/"},"author":{"name":"galledia","@id":"https:\/\/www.organisator.ch\/#\/schema\/person\/4e51799071cd2dd1232ac003643ef5f0"},"headline":"In Flagranti: neue Mandate in Kommunikation und Mobilit\u00e4t","datePublished":"2024-11-12T13:28:58+00:00","dateModified":"2024-11-13T08:28:28+00:00","mainEntityOfPage":{"@id":"https:\/\/www.organisator.ch\/marketing\/2024-11-12\/in-flagranti-neue-mandate-in-kommunikation-und-mobilitaet\/"},"wordCount":141,"publisher":{"@id":"https:\/\/www.organisator.ch\/#organization"},"image":{"@id":"https:\/\/www.organisator.ch\/marketing\/2024-11-12\/in-flagranti-neue-mandate-in-kommunikation-und-mobilitaet\/#primaryimage"},"thumbnailUrl":"https:\/\/www.markt-kom.com\/wp-content\/uploads\/2024\/03\/inflagranti-logo.jpg","keywords":["Etats","In Flagranti"],"articleSection":["MARKETING"],"inLanguage":"it-IT"},{"@type":"WebPage","@id":"https:\/\/www.organisator.ch\/marketing\/2024-11-12\/in-flagranti-neue-mandate-in-kommunikation-und-mobilitaet\/","url":"https:\/\/www.organisator.ch\/marketing\/2024-11-12\/in-flagranti-neue-mandate-in-kommunikation-und-mobilitaet\/","name":"In Flagranti: nuovi mandati nella comunicazione e nella mobilit\u00e0 - Organizzatore","isPartOf":{"@id":"https:\/\/www.organisator.ch\/#website"},"primaryImageOfPage":{"@id":"https:\/\/www.organisator.ch\/marketing\/2024-11-12\/in-flagranti-neue-mandate-in-kommunikation-und-mobilitaet\/#primaryimage"},"image":{"@id":"https:\/\/www.organisator.ch\/marketing\/2024-11-12\/in-flagranti-neue-mandate-in-kommunikation-und-mobilitaet\/#primaryimage"},"thumbnailUrl":"https:\/\/www.markt-kom.com\/wp-content\/uploads\/2024\/03\/inflagranti-logo.jpg","datePublished":"2024-11-12T13:28:58+00:00","dateModified":"2024-11-13T08:28:28+00:00","description":"Winterhilfe Schweiz e In Flagranti: cooperazione per rafforzare la rilevanza e la promozione della mobilit\u00e0 sostenibile.","breadcrumb":{"@id":"https:\/\/www.organisator.ch\/marketing\/2024-11-12\/in-flagranti-neue-mandate-in-kommunikation-und-mobilitaet\/#breadcrumb"},"inLanguage":"it-IT","potentialAction":[{"@type":"ReadAction","target":["https:\/\/www.organisator.ch\/marketing\/2024-11-12\/in-flagranti-neue-mandate-in-kommunikation-und-mobilitaet\/"]}]},{"@type":"ImageObject","inLanguage":"it-IT","@id":"https:\/\/www.organisator.ch\/marketing\/2024-11-12\/in-flagranti-neue-mandate-in-kommunikation-und-mobilitaet\/#primaryimage","url":"https:\/\/www.markt-kom.com\/wp-content\/uploads\/2024\/03\/inflagranti-logo.jpg","contentUrl":"https:\/\/www.markt-kom.com\/wp-content\/uploads\/2024\/03\/inflagranti-logo.jpg"},{"@type":"BreadcrumbList","@id":"https:\/\/www.organisator.ch\/marketing\/2024-11-12\/in-flagranti-neue-mandate-in-kommunikation-und-mobilitaet\/#breadcrumb","itemListElement":[{"@type":"ListItem","position":1,"name":"Home","item":"https:\/\/www.organisator.ch\/"},{"@type":"ListItem","position":2,"name":"In Flagranti: neue Mandate in Kommunikation und Mobilit\u00e4t"}]},{"@type":"WebSite","@id":"https:\/\/www.organisator.ch\/#website","url":"https:\/\/www.organisator.ch\/","name":"Organizzatore","description":"Competente. Pratico. In 10 numeri all'anno, ORGANISATOR presenta i temi essenziali per i manager delle PMI.","publisher":{"@id":"https:\/\/www.organisator.ch\/#organization"},"potentialAction":[{"@type":"SearchAction","target":{"@type":"EntryPoint","urlTemplate":"https:\/\/www.organisator.ch\/?s={search_term_string}"},"query-input":{"@type":"PropertyValueSpecification","valueRequired":true,"valueName":"search_term_string"}}],"inLanguage":"it-IT"},{"@type":"Organization","@id":"https:\/\/www.organisator.ch\/#organization","name":"Organizzatore","url":"https:\/\/www.organisator.ch\/","logo":{"@type":"ImageObject","inLanguage":"it-IT","@id":"https:\/\/www.organisator.ch\/#\/schema\/logo\/image\/","url":"https:\/\/www.organisator.ch\/wp-content\/uploads\/2022\/01\/Logo_Organisator_Website.png","contentUrl":"https:\/\/www.organisator.ch\/wp-content\/uploads\/2022\/01\/Logo_Organisator_Website.png","width":800,"height":77,"caption":"Organisator"},"image":{"@id":"https:\/\/www.organisator.ch\/#\/schema\/logo\/image\/"},"sameAs":["https:\/\/www.facebook.com\/OrganisatorFachmagazin","https:\/\/www.linkedin.com\/showcase\/organisator-das-magazin-fr-kmu","https:\/\/www.xing.com\/news\/pages\/organisator-ch-695","https:\/\/www.youtube.com\/channel\/UCGP2Sq0iWaZwT3BdIAQFYpw"]},{"@type":"Person","@id":"https:\/\/www.organisator.ch\/#\/schema\/person\/4e51799071cd2dd1232ac003643ef5f0","name":"galledia","image":{"@type":"ImageObject","inLanguage":"it-IT","@id":"https:\/\/secure.gravatar.com\/avatar\/78a7f90c01fc2bfc875782a0d4922b37cde2cf184ce347b91316d23cd7f69a36?s=96&d=mm&r=g","url":"https:\/\/secure.gravatar.com\/avatar\/78a7f90c01fc2bfc875782a0d4922b37cde2cf184ce347b91316d23cd7f69a36?s=96&d=mm&r=g","contentUrl":"https:\/\/secure.gravatar.com\/avatar\/78a7f90c01fc2bfc875782a0d4922b37cde2cf184ce347b91316d23cd7f69a36?s=96&d=mm&r=g","caption":"galledia"},"sameAs":["https:\/\/x.com\/admin"],"url":"https:\/\/www.organisator.ch\/it\/author\/galledia\/"}]}},"_links":{"self":[{"href":"https:\/\/www.organisator.ch\/it\/wp-json\/wp\/v2\/posts\/32684","targetHints":{"allow":["GET"]}}],"collection":[{"href":"https:\/\/www.organisator.ch\/it\/wp-json\/wp\/v2\/posts"}],"about":[{"href":"https:\/\/www.organisator.ch\/it\/wp-json\/wp\/v2\/types\/post"}],"author":[{"embeddable":true,"href":"https:\/\/www.organisator.ch\/it\/wp-json\/wp\/v2\/users\/8"}],"replies":[{"embeddable":true,"href":"https:\/\/www.organisator.ch\/it\/wp-json\/wp\/v2\/comments?post=32684"}],"version-history":[{"count":5,"href":"https:\/\/www.organisator.ch\/it\/wp-json\/wp\/v2\/posts\/32684\/revisions"}],"predecessor-version":[{"id":32699,"href":"https:\/\/www.organisator.ch\/it\/wp-json\/wp\/v2\/posts\/32684\/revisions\/32699"}],"wp:attachment":[{"href":"https:\/\/www.organisator.ch\/it\/wp-json\/wp\/v2\/media?parent=32684"}],"wp:term":[{"taxonomy":"category","embeddable":true,"href":"https:\/\/www.organisator.ch\/it\/wp-json\/wp\/v2\/categories?post=32684"},{"taxonomy":"post_tag","embeddable":true,"href":"https:\/\/www.organisator.ch\/it\/wp-json\/wp\/v2\/tags?post=32684"}],"curies":[{"name":"wp","href":"https:\/\/api.w.org\/{rel}","templated":true}]}}