{"id":3280,"date":"2020-08-14T11:01:12","date_gmt":"2020-08-14T09:01:12","guid":{"rendered":"https:\/\/www.umweltperspektiven.ch\/?p=3280"},"modified":"2022-02-09T11:06:48","modified_gmt":"2022-02-09T10:06:48","slug":"panasonic-schweiz-stellt-auf-klimaneutralen-versand-um","status":"publish","type":"post","link":"https:\/\/www.organisator.ch\/it\/sustainability\/2020-08-14\/panasonic-schweiz-stellt-auf-klimaneutralen-versand-um\/","title":{"rendered":"Panasonic Svizzera passa alla spedizione a impatto zero sul clima"},"content":{"rendered":"<figure id=\"attachment_3281\" aria-describedby=\"caption-attachment-3281\" style=\"width: 596px\" class=\"wp-caption alignnone\"><img loading=\"lazy\" decoding=\"async\" class=\"wp-image-3281\" src=\"\/\/www.umweltperspektiven.ch\/wp-content\/uploads\/2020\/08\/Panasonic-Klimaneutral-Versand-UP-Umwelt-Perspektiven.jpg\" alt=\"\" width=\"596\" height=\"426\" \/><figcaption id=\"caption-attachment-3281\" class=\"wp-caption-text\">Per gli invii della Posta con l'etichetta \"pro clima\", i gas serra vengono compensati da investimenti in progetti selezionati di protezione del clima. (Immagine: Unsplash)<\/figcaption><\/figure>\n<p>Panasonic ha a che fare quotidianamente con catene di approvvigionamento complesse: Ogni servizio di trasporto inquina l'ambiente con emissioni di CO2. Questo perch\u00e9 l'infrastruttura, il trattamento e il trasporto di lettere, pacchi e merci consumano energia. Con la spedizione \"pro clima\" della Posta, le emissioni di CO2 generate possono essere compensate pagando un piccolo supplemento. Panasonic paga alla Posta un piccolo supplemento e far\u00e0 spedire tutte le consegne con l'etichetta \"pro clima\" da agosto 2020. Questo significa che non solo le lettere, ma anche i pacchi e le merci vengono inviati in modo neutrale per il clima.<\/p>\n<p><strong>Selezione dei progetti di protezione del clima<\/strong><\/p>\n<p>Tutti i progetti di protezione del clima in cui vengono investiti i contributi \"pro clima\" soddisfano i pi\u00f9 alti standard. I progetti nazionali soddisfano le linee guida ISO 14064-2, i progetti internazionali soddisfano il Gold Standard. Un comitato di controllo composto da WWF Svizzera, ETH Zurigo, Gruppo di lavoro svizzero delle associazioni giovanili, oikos International e Fondazione per la protezione dei consumatori sostiene la Posta nella preselezione dei progetti che soddisfano questi standard. Con una votazione online, i clienti commerciali del servizio postale \"pro clima\" e i collaboratori della Posta decidono infine quale progetto internazionale deve essere sostenuto.<\/p>\n<p><strong>Progetti attuali di protezione del clima<\/strong><\/p>\n<p>Lo stoccaggio di letame da cortile come liquame e letame fa parte delle operazioni agricole, ma porta anche alla formazione del metano, un gas a effetto serra molto efficace. La Posta sostiene quindi gli impianti di biogas nelle fattorie svizzere che generano calore ed elettricit\u00e0 da questo gas a effetto serra. La Posta sostiene anche un progetto di protezione del clima in Cambogia. Per molti cambogiani, il gas e l'elettricit\u00e0 purtroppo non sono ancora una cosa scontata. Gli impianti di biogas nelle zone rurali riciclano l'acqua e il letame del bestiame in biogas, che pu\u00f2 essere usato come combustibile pulito: Le cucine rimangono senza fumo, c'\u00e8 luce nelle abitazioni e le vie respiratorie dei residenti sono risparmiate. Anche l'ambiente ne beneficia: Gli impianti di biogas promossi dalla Posta riducono le emissioni di CO2 in Cambogia di oltre 95'000 tonnellate anno dopo anno.<\/p>\n<p><strong>Non \u00e8 il primo e l'ultimo progetto di Panasonic che rispetta il clima<\/strong><\/p>\n<p>Panasonic Svizzera \u00e8 molto preoccupata per l'ambiente. L'azienda lavora costantemente per ottimizzare i processi e renderli pi\u00f9 rispettosi del clima. Quest'anno, per esempio, la flotta di Rotkreuz \u00e8 stata equipaggiata con dieci nuovi veicoli ibridi plug-in. \"Per noi, la sostenibilit\u00e0 \u00e8 il tema centrale in tutte le aree dell'azienda. Quindi era chiaro che quando abbiamo rinnovato la flotta, abbiamo optato per un prodotto con i valori di emissione pi\u00f9 bassi possibili\", dice Philipp Maurer, Country Manager di Panasonic Svizzera. E aggiunge: \"Ci aspettiamo di risparmiare circa 10.000 litri di carburante all'anno con queste misure e quindi di ridurre ulteriormente le nostre emissioni di CO2\".<\/p>\n<p><em>Per maggiori informazioni sul servizio postale \"pro clima\" della Posta Svizzera, vedere <a href=\"\/\/www.post.ch\/de\/briefe-versenden\/zusatzleistungenbriefe\/ klimaneutraler-versand\">qui<\/a><\/em><\/p>\n<p>&nbsp;<\/p>","protected":false},"excerpt":{"rendered":"<p>Panasonic hat tagt\u00e4glich mit komplexen Lieferketten zu tun: Jede Transportdienstleistung belastet die Umwelt mit CO2-Emissionen. Denn die Infrastruktur, die Verarbeitung und der Transport von Briefen, Paketen und G\u00fctern verbrauchen Energie. Mit dem \u00abpro clima\u00bb-Versand der Schweizerischen Post k\u00f6nnen die entstandenen CO2-Emissionen \u00fcber einen geringen Zuschlag kompensiert werden. Panasonic bezahlt der Post einen kleinen Aufpreis und [&hellip;]<\/p>\n","protected":false},"author":5,"featured_media":9721,"comment_status":"closed","ping_status":"closed","sticky":false,"template":"","format":"standard","meta":{"_acf_changed":false,"_yoast_wpseo_focuskw":"Panasonic","_yoast_wpseo_metadesc":"Panasonic Schweiz st\u00e4rkt ihre Aktivit\u00e4ten im Bereich Nachhaltigkeit und stellt ab August 2020 auf klimaneutrale Distribution um.","articlekey":"","footnotes":""},"categories":[580],"tags":[300,1768,1938,1954,424],"class_list":["post-3280","post","type-post","status-publish","format-standard","has-post-thumbnail","hentry","category-sustainability","tag-klimaschutz","tag-nachhaltige-lieferketten","tag-post","tag-projekte","tag-schweiz"],"acf":[],"yoast_head":"<!-- This site is optimized with the Yoast SEO plugin v27.4 - https:\/\/yoast.com\/product\/yoast-seo-wordpress\/ -->\n<title>Panasonic Schweiz stellt auf klimaneutralen Versand um - Organisator<\/title>\n<meta name=\"description\" content=\"Panasonic Schweiz st\u00e4rkt ihre Aktivit\u00e4ten im Bereich Nachhaltigkeit und stellt ab August 2020 auf klimaneutrale Distribution um.\" \/>\n<meta name=\"robots\" content=\"index, follow, max-snippet:-1, max-image-preview:large, max-video-preview:-1\" \/>\n<link rel=\"canonical\" href=\"https:\/\/www.organisator.ch\/it\/sostenibilita\/2020-08-14\/panasonic-schweiz-stellt-auf-klimaneutralen-versand-um\/\" \/>\n<meta property=\"og:locale\" content=\"it_IT\" \/>\n<meta property=\"og:type\" content=\"article\" \/>\n<meta property=\"og:title\" content=\"Panasonic Schweiz stellt auf klimaneutralen Versand um - Organisator\" \/>\n<meta property=\"og:description\" content=\"Panasonic Schweiz st\u00e4rkt ihre Aktivit\u00e4ten im Bereich Nachhaltigkeit und stellt ab August 2020 auf klimaneutrale Distribution um.\" \/>\n<meta property=\"og:url\" content=\"https:\/\/www.organisator.ch\/it\/sostenibilita\/2020-08-14\/panasonic-schweiz-stellt-auf-klimaneutralen-versand-um\/\" \/>\n<meta property=\"og:site_name\" content=\"Organisator\" \/>\n<meta property=\"article:publisher\" content=\"https:\/\/www.facebook.com\/OrganisatorFachmagazin\" \/>\n<meta property=\"article:published_time\" content=\"2020-08-14T09:01:12+00:00\" \/>\n<meta property=\"article:modified_time\" content=\"2022-02-09T10:06:48+00:00\" \/>\n<meta property=\"og:image\" content=\"https:\/\/www.organisator.ch\/wp-content\/uploads\/2020\/08\/Panasonic-Klimaneutral-Versand-UP-Umwelt-Perspektiven-scaled.jpg\" \/>\n\t<meta property=\"og:image:width\" content=\"2560\" \/>\n\t<meta property=\"og:image:height\" content=\"1830\" \/>\n\t<meta property=\"og:image:type\" content=\"image\/jpeg\" \/>\n<meta name=\"author\" content=\"michael.merz\" \/>\n<meta name=\"twitter:card\" content=\"summary_large_image\" \/>\n<script type=\"application\/ld+json\" class=\"yoast-schema-graph\">{\"@context\":\"https:\\\/\\\/schema.org\",\"@graph\":[{\"@type\":\"Article\",\"@id\":\"https:\\\/\\\/www.organisator.ch\\\/sustainability\\\/2020-08-14\\\/panasonic-schweiz-stellt-auf-klimaneutralen-versand-um\\\/#article\",\"isPartOf\":{\"@id\":\"https:\\\/\\\/www.organisator.ch\\\/sustainability\\\/2020-08-14\\\/panasonic-schweiz-stellt-auf-klimaneutralen-versand-um\\\/\"},\"author\":{\"name\":\"michael.merz\",\"@id\":\"https:\\\/\\\/www.organisator.ch\\\/#\\\/schema\\\/person\\\/134708ca9321c57b0362cceb7948ffbd\"},\"headline\":\"Panasonic Schweiz stellt auf klimaneutralen Versand um\",\"datePublished\":\"2020-08-14T09:01:12+00:00\",\"dateModified\":\"2022-02-09T10:06:48+00:00\",\"mainEntityOfPage\":{\"@id\":\"https:\\\/\\\/www.organisator.ch\\\/sustainability\\\/2020-08-14\\\/panasonic-schweiz-stellt-auf-klimaneutralen-versand-um\\\/\"},\"wordCount\":473,\"publisher\":{\"@id\":\"https:\\\/\\\/www.organisator.ch\\\/#organization\"},\"image\":{\"@id\":\"https:\\\/\\\/www.organisator.ch\\\/sustainability\\\/2020-08-14\\\/panasonic-schweiz-stellt-auf-klimaneutralen-versand-um\\\/#primaryimage\"},\"thumbnailUrl\":\"https:\\\/\\\/www.organisator.ch\\\/wp-content\\\/uploads\\\/2020\\\/08\\\/Panasonic-Klimaneutral-Versand-UP-Umwelt-Perspektiven-scaled.jpg\",\"keywords\":[\"Klimaschutz\",\"Nachhaltige Lieferketten\",\"Post\",\"Projekte\",\"Schweiz\"],\"articleSection\":[\"SUSTAINABILITY\"],\"inLanguage\":\"it-IT\"},{\"@type\":\"WebPage\",\"@id\":\"https:\\\/\\\/www.organisator.ch\\\/sustainability\\\/2020-08-14\\\/panasonic-schweiz-stellt-auf-klimaneutralen-versand-um\\\/\",\"url\":\"https:\\\/\\\/www.organisator.ch\\\/sustainability\\\/2020-08-14\\\/panasonic-schweiz-stellt-auf-klimaneutralen-versand-um\\\/\",\"name\":\"Panasonic Schweiz stellt auf klimaneutralen Versand um - Organisator\",\"isPartOf\":{\"@id\":\"https:\\\/\\\/www.organisator.ch\\\/#website\"},\"primaryImageOfPage\":{\"@id\":\"https:\\\/\\\/www.organisator.ch\\\/sustainability\\\/2020-08-14\\\/panasonic-schweiz-stellt-auf-klimaneutralen-versand-um\\\/#primaryimage\"},\"image\":{\"@id\":\"https:\\\/\\\/www.organisator.ch\\\/sustainability\\\/2020-08-14\\\/panasonic-schweiz-stellt-auf-klimaneutralen-versand-um\\\/#primaryimage\"},\"thumbnailUrl\":\"https:\\\/\\\/www.organisator.ch\\\/wp-content\\\/uploads\\\/2020\\\/08\\\/Panasonic-Klimaneutral-Versand-UP-Umwelt-Perspektiven-scaled.jpg\",\"datePublished\":\"2020-08-14T09:01:12+00:00\",\"dateModified\":\"2022-02-09T10:06:48+00:00\",\"description\":\"Panasonic Schweiz st\u00e4rkt ihre Aktivit\u00e4ten im Bereich Nachhaltigkeit und stellt ab August 2020 auf klimaneutrale Distribution um.\",\"breadcrumb\":{\"@id\":\"https:\\\/\\\/www.organisator.ch\\\/sustainability\\\/2020-08-14\\\/panasonic-schweiz-stellt-auf-klimaneutralen-versand-um\\\/#breadcrumb\"},\"inLanguage\":\"it-IT\",\"potentialAction\":[{\"@type\":\"ReadAction\",\"target\":[\"https:\\\/\\\/www.organisator.ch\\\/sustainability\\\/2020-08-14\\\/panasonic-schweiz-stellt-auf-klimaneutralen-versand-um\\\/\"]}]},{\"@type\":\"ImageObject\",\"inLanguage\":\"it-IT\",\"@id\":\"https:\\\/\\\/www.organisator.ch\\\/sustainability\\\/2020-08-14\\\/panasonic-schweiz-stellt-auf-klimaneutralen-versand-um\\\/#primaryimage\",\"url\":\"https:\\\/\\\/www.organisator.ch\\\/wp-content\\\/uploads\\\/2020\\\/08\\\/Panasonic-Klimaneutral-Versand-UP-Umwelt-Perspektiven-scaled.jpg\",\"contentUrl\":\"https:\\\/\\\/www.organisator.ch\\\/wp-content\\\/uploads\\\/2020\\\/08\\\/Panasonic-Klimaneutral-Versand-UP-Umwelt-Perspektiven-scaled.jpg\",\"width\":2560,\"height\":1830,\"caption\":\"Bei Sendungen der Schweizerischen Post mit dem Label \u00abpro clima\u00bb werden die Treibhausgase durch Investitionen in ausgew\u00e4hlte Klimaschutzprojekte kompensiert.\"},{\"@type\":\"BreadcrumbList\",\"@id\":\"https:\\\/\\\/www.organisator.ch\\\/sustainability\\\/2020-08-14\\\/panasonic-schweiz-stellt-auf-klimaneutralen-versand-um\\\/#breadcrumb\",\"itemListElement\":[{\"@type\":\"ListItem\",\"position\":1,\"name\":\"Home\",\"item\":\"https:\\\/\\\/www.organisator.ch\\\/\"},{\"@type\":\"ListItem\",\"position\":2,\"name\":\"Panasonic Schweiz stellt auf klimaneutralen Versand um\"}]},{\"@type\":\"WebSite\",\"@id\":\"https:\\\/\\\/www.organisator.ch\\\/#website\",\"url\":\"https:\\\/\\\/www.organisator.ch\\\/\",\"name\":\"Organisator\",\"description\":\"Kompetent. Praxisnah. Der ORGANISATOR bereitet in 10 Ausgaben pro Jahr die wesentlichen Themen f\u00fcr F\u00fchrungskr\u00e4fte von KMU auf.\",\"publisher\":{\"@id\":\"https:\\\/\\\/www.organisator.ch\\\/#organization\"},\"potentialAction\":[{\"@type\":\"SearchAction\",\"target\":{\"@type\":\"EntryPoint\",\"urlTemplate\":\"https:\\\/\\\/www.organisator.ch\\\/?s={search_term_string}\"},\"query-input\":{\"@type\":\"PropertyValueSpecification\",\"valueRequired\":true,\"valueName\":\"search_term_string\"}}],\"inLanguage\":\"it-IT\"},{\"@type\":\"Organization\",\"@id\":\"https:\\\/\\\/www.organisator.ch\\\/#organization\",\"name\":\"Organisator\",\"url\":\"https:\\\/\\\/www.organisator.ch\\\/\",\"logo\":{\"@type\":\"ImageObject\",\"inLanguage\":\"it-IT\",\"@id\":\"https:\\\/\\\/www.organisator.ch\\\/#\\\/schema\\\/logo\\\/image\\\/\",\"url\":\"https:\\\/\\\/www.organisator.ch\\\/wp-content\\\/uploads\\\/2022\\\/01\\\/Logo_Organisator_Website.png\",\"contentUrl\":\"https:\\\/\\\/www.organisator.ch\\\/wp-content\\\/uploads\\\/2022\\\/01\\\/Logo_Organisator_Website.png\",\"width\":800,\"height\":77,\"caption\":\"Organisator\"},\"image\":{\"@id\":\"https:\\\/\\\/www.organisator.ch\\\/#\\\/schema\\\/logo\\\/image\\\/\"},\"sameAs\":[\"https:\\\/\\\/www.facebook.com\\\/OrganisatorFachmagazin\",\"https:\\\/\\\/www.linkedin.com\\\/showcase\\\/organisator-das-magazin-fr-kmu\",\"https:\\\/\\\/www.xing.com\\\/news\\\/pages\\\/organisator-ch-695\",\"https:\\\/\\\/www.youtube.com\\\/channel\\\/UCGP2Sq0iWaZwT3BdIAQFYpw\"]},{\"@type\":\"Person\",\"@id\":\"https:\\\/\\\/www.organisator.ch\\\/#\\\/schema\\\/person\\\/134708ca9321c57b0362cceb7948ffbd\",\"name\":\"michael.merz\",\"image\":{\"@type\":\"ImageObject\",\"inLanguage\":\"it-IT\",\"@id\":\"https:\\\/\\\/secure.gravatar.com\\\/avatar\\\/?s=96&d=mm&r=g\",\"url\":\"https:\\\/\\\/secure.gravatar.com\\\/avatar\\\/?s=96&d=mm&r=g\",\"contentUrl\":\"https:\\\/\\\/secure.gravatar.com\\\/avatar\\\/?s=96&d=mm&r=g\",\"caption\":\"michael.merz\"},\"url\":\"https:\\\/\\\/www.organisator.ch\\\/it\\\/author\\\/michael-merz\\\/\"}]}<\/script>\n<!-- \/ Yoast SEO plugin. -->","yoast_head_json":{"title":"Panasonic Svizzera passa alla spedizione a impatto climatico zero - Organizzatore","description":"Panasonic Svizzera sta rafforzando le sue attivit\u00e0 nell'ambito della sostenibilit\u00e0 e sta passando a una distribuzione a impatto climatico zero a partire da agosto 2020.","robots":{"index":"index","follow":"follow","max-snippet":"max-snippet:-1","max-image-preview":"max-image-preview:large","max-video-preview":"max-video-preview:-1"},"canonical":"https:\/\/www.organisator.ch\/it\/sostenibilita\/2020-08-14\/panasonic-schweiz-stellt-auf-klimaneutralen-versand-um\/","og_locale":"it_IT","og_type":"article","og_title":"Panasonic Schweiz stellt auf klimaneutralen Versand um - Organisator","og_description":"Panasonic Schweiz st\u00e4rkt ihre Aktivit\u00e4ten im Bereich Nachhaltigkeit und stellt ab August 2020 auf klimaneutrale Distribution um.","og_url":"https:\/\/www.organisator.ch\/it\/sostenibilita\/2020-08-14\/panasonic-schweiz-stellt-auf-klimaneutralen-versand-um\/","og_site_name":"Organisator","article_publisher":"https:\/\/www.facebook.com\/OrganisatorFachmagazin","article_published_time":"2020-08-14T09:01:12+00:00","article_modified_time":"2022-02-09T10:06:48+00:00","og_image":[{"width":2560,"height":1830,"url":"https:\/\/www.organisator.ch\/wp-content\/uploads\/2020\/08\/Panasonic-Klimaneutral-Versand-UP-Umwelt-Perspektiven-scaled.jpg","type":"image\/jpeg"}],"author":"michael.merz","twitter_card":"summary_large_image","schema":{"@context":"https:\/\/schema.org","@graph":[{"@type":"Article","@id":"https:\/\/www.organisator.ch\/sustainability\/2020-08-14\/panasonic-schweiz-stellt-auf-klimaneutralen-versand-um\/#article","isPartOf":{"@id":"https:\/\/www.organisator.ch\/sustainability\/2020-08-14\/panasonic-schweiz-stellt-auf-klimaneutralen-versand-um\/"},"author":{"name":"michael.merz","@id":"https:\/\/www.organisator.ch\/#\/schema\/person\/134708ca9321c57b0362cceb7948ffbd"},"headline":"Panasonic Schweiz stellt auf klimaneutralen Versand um","datePublished":"2020-08-14T09:01:12+00:00","dateModified":"2022-02-09T10:06:48+00:00","mainEntityOfPage":{"@id":"https:\/\/www.organisator.ch\/sustainability\/2020-08-14\/panasonic-schweiz-stellt-auf-klimaneutralen-versand-um\/"},"wordCount":473,"publisher":{"@id":"https:\/\/www.organisator.ch\/#organization"},"image":{"@id":"https:\/\/www.organisator.ch\/sustainability\/2020-08-14\/panasonic-schweiz-stellt-auf-klimaneutralen-versand-um\/#primaryimage"},"thumbnailUrl":"https:\/\/www.organisator.ch\/wp-content\/uploads\/2020\/08\/Panasonic-Klimaneutral-Versand-UP-Umwelt-Perspektiven-scaled.jpg","keywords":["Klimaschutz","Nachhaltige Lieferketten","Post","Projekte","Schweiz"],"articleSection":["SUSTAINABILITY"],"inLanguage":"it-IT"},{"@type":"WebPage","@id":"https:\/\/www.organisator.ch\/sustainability\/2020-08-14\/panasonic-schweiz-stellt-auf-klimaneutralen-versand-um\/","url":"https:\/\/www.organisator.ch\/sustainability\/2020-08-14\/panasonic-schweiz-stellt-auf-klimaneutralen-versand-um\/","name":"Panasonic Svizzera passa alla spedizione a impatto climatico zero - Organizzatore","isPartOf":{"@id":"https:\/\/www.organisator.ch\/#website"},"primaryImageOfPage":{"@id":"https:\/\/www.organisator.ch\/sustainability\/2020-08-14\/panasonic-schweiz-stellt-auf-klimaneutralen-versand-um\/#primaryimage"},"image":{"@id":"https:\/\/www.organisator.ch\/sustainability\/2020-08-14\/panasonic-schweiz-stellt-auf-klimaneutralen-versand-um\/#primaryimage"},"thumbnailUrl":"https:\/\/www.organisator.ch\/wp-content\/uploads\/2020\/08\/Panasonic-Klimaneutral-Versand-UP-Umwelt-Perspektiven-scaled.jpg","datePublished":"2020-08-14T09:01:12+00:00","dateModified":"2022-02-09T10:06:48+00:00","description":"Panasonic Svizzera sta rafforzando le sue attivit\u00e0 nell'ambito della sostenibilit\u00e0 e sta passando a una distribuzione a impatto climatico zero a partire da agosto 2020.","breadcrumb":{"@id":"https:\/\/www.organisator.ch\/sustainability\/2020-08-14\/panasonic-schweiz-stellt-auf-klimaneutralen-versand-um\/#breadcrumb"},"inLanguage":"it-IT","potentialAction":[{"@type":"ReadAction","target":["https:\/\/www.organisator.ch\/sustainability\/2020-08-14\/panasonic-schweiz-stellt-auf-klimaneutralen-versand-um\/"]}]},{"@type":"ImageObject","inLanguage":"it-IT","@id":"https:\/\/www.organisator.ch\/sustainability\/2020-08-14\/panasonic-schweiz-stellt-auf-klimaneutralen-versand-um\/#primaryimage","url":"https:\/\/www.organisator.ch\/wp-content\/uploads\/2020\/08\/Panasonic-Klimaneutral-Versand-UP-Umwelt-Perspektiven-scaled.jpg","contentUrl":"https:\/\/www.organisator.ch\/wp-content\/uploads\/2020\/08\/Panasonic-Klimaneutral-Versand-UP-Umwelt-Perspektiven-scaled.jpg","width":2560,"height":1830,"caption":"Bei Sendungen der Schweizerischen Post mit dem Label \u00abpro clima\u00bb werden die Treibhausgase durch Investitionen in ausgew\u00e4hlte Klimaschutzprojekte kompensiert."},{"@type":"BreadcrumbList","@id":"https:\/\/www.organisator.ch\/sustainability\/2020-08-14\/panasonic-schweiz-stellt-auf-klimaneutralen-versand-um\/#breadcrumb","itemListElement":[{"@type":"ListItem","position":1,"name":"Home","item":"https:\/\/www.organisator.ch\/"},{"@type":"ListItem","position":2,"name":"Panasonic Schweiz stellt auf klimaneutralen Versand um"}]},{"@type":"WebSite","@id":"https:\/\/www.organisator.ch\/#website","url":"https:\/\/www.organisator.ch\/","name":"Organizzatore","description":"Competente. Pratico. In 10 numeri all'anno, ORGANISATOR presenta i temi essenziali per i manager delle PMI.","publisher":{"@id":"https:\/\/www.organisator.ch\/#organization"},"potentialAction":[{"@type":"SearchAction","target":{"@type":"EntryPoint","urlTemplate":"https:\/\/www.organisator.ch\/?s={search_term_string}"},"query-input":{"@type":"PropertyValueSpecification","valueRequired":true,"valueName":"search_term_string"}}],"inLanguage":"it-IT"},{"@type":"Organization","@id":"https:\/\/www.organisator.ch\/#organization","name":"Organizzatore","url":"https:\/\/www.organisator.ch\/","logo":{"@type":"ImageObject","inLanguage":"it-IT","@id":"https:\/\/www.organisator.ch\/#\/schema\/logo\/image\/","url":"https:\/\/www.organisator.ch\/wp-content\/uploads\/2022\/01\/Logo_Organisator_Website.png","contentUrl":"https:\/\/www.organisator.ch\/wp-content\/uploads\/2022\/01\/Logo_Organisator_Website.png","width":800,"height":77,"caption":"Organisator"},"image":{"@id":"https:\/\/www.organisator.ch\/#\/schema\/logo\/image\/"},"sameAs":["https:\/\/www.facebook.com\/OrganisatorFachmagazin","https:\/\/www.linkedin.com\/showcase\/organisator-das-magazin-fr-kmu","https:\/\/www.xing.com\/news\/pages\/organisator-ch-695","https:\/\/www.youtube.com\/channel\/UCGP2Sq0iWaZwT3BdIAQFYpw"]},{"@type":"Person","@id":"https:\/\/www.organisator.ch\/#\/schema\/person\/134708ca9321c57b0362cceb7948ffbd","name":"michael.merz","image":{"@type":"ImageObject","inLanguage":"it-IT","@id":"https:\/\/secure.gravatar.com\/avatar\/?s=96&d=mm&r=g","url":"https:\/\/secure.gravatar.com\/avatar\/?s=96&d=mm&r=g","contentUrl":"https:\/\/secure.gravatar.com\/avatar\/?s=96&d=mm&r=g","caption":"michael.merz"},"url":"https:\/\/www.organisator.ch\/it\/author\/michael-merz\/"}]}},"_links":{"self":[{"href":"https:\/\/www.organisator.ch\/it\/wp-json\/wp\/v2\/posts\/3280","targetHints":{"allow":["GET"]}}],"collection":[{"href":"https:\/\/www.organisator.ch\/it\/wp-json\/wp\/v2\/posts"}],"about":[{"href":"https:\/\/www.organisator.ch\/it\/wp-json\/wp\/v2\/types\/post"}],"author":[{"embeddable":true,"href":"https:\/\/www.organisator.ch\/it\/wp-json\/wp\/v2\/users\/5"}],"replies":[{"embeddable":true,"href":"https:\/\/www.organisator.ch\/it\/wp-json\/wp\/v2\/comments?post=3280"}],"version-history":[{"count":1,"href":"https:\/\/www.organisator.ch\/it\/wp-json\/wp\/v2\/posts\/3280\/revisions"}],"predecessor-version":[{"id":10671,"href":"https:\/\/www.organisator.ch\/it\/wp-json\/wp\/v2\/posts\/3280\/revisions\/10671"}],"wp:featuredmedia":[{"embeddable":true,"href":"https:\/\/www.organisator.ch\/it\/wp-json\/wp\/v2\/media\/9721"}],"wp:attachment":[{"href":"https:\/\/www.organisator.ch\/it\/wp-json\/wp\/v2\/media?parent=3280"}],"wp:term":[{"taxonomy":"category","embeddable":true,"href":"https:\/\/www.organisator.ch\/it\/wp-json\/wp\/v2\/categories?post=3280"},{"taxonomy":"post_tag","embeddable":true,"href":"https:\/\/www.organisator.ch\/it\/wp-json\/wp\/v2\/tags?post=3280"}],"curies":[{"name":"wp","href":"https:\/\/api.w.org\/{rel}","templated":true}]}}