{"id":3296,"date":"2018-03-14T08:04:45","date_gmt":"2018-03-14T07:04:45","guid":{"rendered":"https:\/\/www.organisator.ch\/?p=3296"},"modified":"2018-03-14T08:04:45","modified_gmt":"2018-03-14T07:04:45","slug":"young-carers-wenn-jugendliche-ihre-angehoerigen-pflegen-muessen","status":"publish","type":"post","link":"https:\/\/www.organisator.ch\/it\/human-resources\/fit_im_job\/2018-03-14\/young-carers-wenn-jugendliche-ihre-angehoerigen-pflegen-muessen\/","title":{"rendered":"Giovani badanti: quando i giovani devono prendersi cura dei loro parenti"},"content":{"rendered":"<figure id=\"attachment_3297\" aria-describedby=\"caption-attachment-3297\" style=\"width: 480px\" class=\"wp-caption alignnone\"><img loading=\"lazy\" decoding=\"async\" class=\"size-full wp-image-3297\" src=\"https:\/\/www.organisator.ch\/wp-content\/uploads\/2018\/03\/Young-Carers-Wenn-Jugendliche-ihre-Angehoerige-pflegen-muessen_Organisator.jpg\" alt=\"\" width=\"480\" height=\"391\" srcset=\"https:\/\/www.organisator.ch\/wp-content\/uploads\/2018\/03\/Young-Carers-Wenn-Jugendliche-ihre-Angehoerige-pflegen-muessen_Organisator.jpg 480w, https:\/\/www.organisator.ch\/wp-content\/uploads\/2018\/03\/Young-Carers-Wenn-Jugendliche-ihre-Angehoerige-pflegen-muessen_Organisator-16x12.jpg 16w, https:\/\/www.organisator.ch\/wp-content\/uploads\/2018\/03\/Young-Carers-Wenn-Jugendliche-ihre-Angehoerige-pflegen-muessen_Organisator-215x175.jpg 215w, https:\/\/www.organisator.ch\/wp-content\/uploads\/2018\/03\/Young-Carers-Wenn-Jugendliche-ihre-Angehoerige-pflegen-muessen_Organisator-430x350.jpg 430w, https:\/\/www.organisator.ch\/wp-content\/uploads\/2018\/03\/Young-Carers-Wenn-Jugendliche-ihre-Angehoerige-pflegen-muessen_Organisator-300x244.jpg 300w\" sizes=\"auto, (max-width: 480px) 100vw, 480px\" \/><figcaption id=\"caption-attachment-3297\" class=\"wp-caption-text\">I giovani caregiver sono gli \"aiutanti dimenticati\": giovani che si occupano dei parenti a casa oltre che della loro istruzione. Il numero di casi non denunciati in Svizzera \u00e8 elevato, come ha scoperto una ricerca pubblicata di recente. (Immagine: Stephanie Hofschl\u00e4ger \/ pixelio.de)<\/figcaption><\/figure>\n<p>Quando i genitori, i fratelli o i nonni si ammalano fisicamente o mentalmente o addirittura muoiono, l'infanzia cessa di essere spensierata. Spesso i bambini e gli adolescenti si fanno carico di compiti che normalmente spettano agli adulti: assistono e si prendono cura dei loro parenti, e a volte si assumono anche compiti infermieristici come la somministrazione di farmaci o la preparazione di infusioni. La maggior parte delle volte, nemmeno i loro insegnanti o istruttori sanno cosa fanno oltre alla scuola e all'istruzione.<\/p>\n<h2>Giovani badanti: un campo di ricerca ancora poco conosciuto<\/h2>\n<p>L'assistenza a bambini, adolescenti e giovani adulti - noti in gergo come \"giovani caregiver\" e \"giovani adulti caregiver\" - \u00e8 il tema centrale della ricerca della Prof.ssa Agnes Leu e del suo team dal 2014. Agnes Leu dirige il programma di ricerca \"Young Carers\" presso Careum Research, l'istituto di ricerca della Kalaidos University of Applied Sciences Health.<\/p>\n<p>Finora non esistevano dati precisi sul numero di bambini e adolescenti colpiti in Svizzera. Altri Paesi hanno un vantaggio nella ricerca. Nel Regno Unito, ad esempio, la ricerca sull'assistenza ai bambini e ai giovani \u00e8 in corso da oltre 25 anni. Due grandi sondaggi nazionali online forniscono per la prima volta dati affidabili per la Svizzera. Cos\u00ec, 3518 professionisti dei settori dell'istruzione, della sanit\u00e0 e del sociale hanno fornito informazioni su ci\u00f2 che sanno sui \"giovani caregiver\" e sulla frequenza con cui incontrano bambini e giovani con responsabilit\u00e0 di cura nel loro contesto professionale. L'indagine ha dimostrato che i professionisti hanno ancora (troppo) poca dimestichezza con il fenomeno dei giovani caregiver. Tuttavia, dopo che i termini sono stati spiegati in modo pi\u00f9 dettagliato, il 40% degli intervistati ha dichiarato di aver incontrato giovani che corrispondevano a questa descrizione nel loro lavoro quotidiano.<\/p>\n<h2>Quasi non si nota: Quando i tirocinanti assistono i parenti a casa<\/h2>\n<p>Non c'\u00e8 da stupirsi: i \"giovani badanti\" sono poco visibili nella vita di tutti i giorni. Percepiscono la loro situazione come normale e difficilmente cercano aiuto, spesso per vergogna. Pertanto, spesso si notano solo nella vita scolastica di tutti i giorni quando, ad esempio, soffrono di mancanza di concentrazione o di sonno o il loro rendimento scolastico diventa pi\u00f9 debole. In generale, i professionisti vorrebbero avere maggiori informazioni e corsi di formazione specializzati per rendersi conto prima dei bambini e degli adolescenti colpiti e poterli trattare in modo mirato.<\/p>\n<p>In un'altra indagine online rappresentativa e di portata nazionale, sono stati intervistati online ragazzi di et\u00e0 compresa tra i 10 e i 15 anni in 230 scuole. In precedenza si riteneva che la percentuale di bambini assistiti in Svizzera si aggirasse intorno al 4-5%. Ora questa cifra deve essere corretta verso l'alto. Quasi l'8% dei bambini e degli adolescenti si occupa di assistere o curare parenti, e le ragazze sono leggermente pi\u00f9 numerose dei ragazzi.<\/p>\n<h2>Sono necessarie misure urgenti<\/h2>\n<p>Questi risultati rappresentano un primo importante passo per richiamare l'attenzione sulla situazione dei giovani caregiver in Svizzera. \u00c8 urgente adottare misure politiche e sociali per garantire che i giovani caregiver siano meglio supportati a scuola, nella formazione e nel lavoro in futuro. Careum intende quindi continuare a impegnarsi per questa causa. In diversi progetti di follow-up nazionali e internazionali, si stanno conducendo ulteriori ricerche su questo importante argomento e si stanno sviluppando possibili soluzioni e assistenza.<\/p>\n<p><em>Per saperne di pi\u00f9, visitate il sito: <a href=\"http:\/\/www.careum.ch\/youngcarers\">www.careum.ch\/youngcarers<\/a><\/em><\/p>","protected":false},"excerpt":{"rendered":"<p>Wenn Eltern, Geschwister oder Grosseltern k\u00f6rperlich oder psychisch erkranken oder gar sterben, h\u00f6rt die Kindheit auf, unbeschwert zu sein. Oft schultern Kinder und Jugendliche dann Aufgaben, die normalerweise Erwachsene \u00fcbernehmen m\u00fcssen: Sie sorgen und k\u00fcmmern sich um ihre Angeh\u00f6rigen &#8211; und manchmal \u00fcbernehmen sie sogar Pflegeaufgaben wie Medikamente verabreichen oder Infusionen setzen. Meist wissen nicht [&hellip;]<\/p>\n","protected":false},"author":4,"featured_media":3297,"comment_status":"open","ping_status":"open","sticky":false,"template":"","format":"standard","meta":{"_acf_changed":false,"_yoast_wpseo_focuskw":"Young Carers","_yoast_wpseo_metadesc":"Erkranken Angeh\u00f6rige, \u00fcbernehmen oft auch Kinder und Jugendliche Pflege- und Betreuungsaufgaben. Ihre Rolle wird jedoch \u00f6ffentlich meist wenig wahrgenommen. Nun liegen f\u00fcr die Schweiz erstmals konkrete Zahlen vor.","articlekey":"","footnotes":""},"categories":[25],"tags":[62,77,254,508],"class_list":["post-3296","post","type-post","status-publish","format-standard","has-post-thumbnail","hentry","category-fit_im_job","tag-aus-weiterbildung","tag-betriebliches-gesundheitsmanagement","tag-hrm","tag-vermischtes"],"acf":[],"yoast_head":"<!-- This site is optimized with the Yoast SEO plugin v27.5 - https:\/\/yoast.com\/product\/yoast-seo-wordpress\/ -->\n<title>Young Carers: Wenn Jugendliche ihre Angeh\u00f6rigen pflegen m\u00fcssen - Organisator<\/title>\n<meta name=\"description\" content=\"Erkranken Angeh\u00f6rige, \u00fcbernehmen oft auch Kinder und Jugendliche Pflege- und Betreuungsaufgaben. Ihre Rolle wird jedoch \u00f6ffentlich meist wenig wahrgenommen. Nun liegen f\u00fcr die Schweiz erstmals konkrete Zahlen vor.\" \/>\n<meta name=\"robots\" content=\"index, follow, max-snippet:-1, max-image-preview:large, max-video-preview:-1\" \/>\n<link rel=\"canonical\" href=\"https:\/\/www.organisator.ch\/it\/risorse-umane\/fit_im_job\/2018-03-14\/young-carers-wenn-jugendliche-ihre-angehoerigen-pflegen-muessen\/\" \/>\n<meta property=\"og:locale\" content=\"it_IT\" \/>\n<meta property=\"og:type\" content=\"article\" \/>\n<meta property=\"og:title\" content=\"Young Carers: Wenn Jugendliche ihre Angeh\u00f6rigen pflegen m\u00fcssen\" \/>\n<meta property=\"og:description\" content=\"Erkranken Angeh\u00f6rige, \u00fcbernehmen oft auch Kinder und Jugendliche Pflege- und Betreuungsaufgaben. Ihre Rolle wird jedoch \u00f6ffentlich meist wenig wahrgenommen. Nun liegen f\u00fcr die Schweiz erstmals konkrete Zahlen vor.\" \/>\n<meta property=\"og:url\" content=\"https:\/\/www.organisator.ch\/it\/risorse-umane\/fit_im_job\/2018-03-14\/young-carers-wenn-jugendliche-ihre-angehoerigen-pflegen-muessen\/\" \/>\n<meta property=\"og:site_name\" content=\"Organisator\" \/>\n<meta property=\"article:publisher\" content=\"https:\/\/www.facebook.com\/OrganisatorFachmagazin\" \/>\n<meta property=\"article:published_time\" content=\"2018-03-14T07:04:45+00:00\" \/>\n<meta property=\"og:image\" content=\"https:\/\/www.organisator.ch\/wp-content\/uploads\/2018\/03\/Young-Carers-Wenn-Jugendliche-ihre-Angehoerige-pflegen-muessen_Organisator.jpg\" \/>\n\t<meta property=\"og:image:width\" content=\"480\" \/>\n\t<meta property=\"og:image:height\" content=\"391\" \/>\n\t<meta property=\"og:image:type\" content=\"image\/jpeg\" \/>\n<meta name=\"author\" content=\"thomas.berner\" \/>\n<meta name=\"twitter:card\" content=\"summary_large_image\" \/>\n<meta name=\"twitter:title\" content=\"#YoungCarers: Wenn Jugendliche ihre #Angeh\u00f6rigen pflegen m\u00fcssen\" \/>\n<meta name=\"twitter:description\" content=\"Erkranken #Angeh\u00f6rige, \u00fcbernehmen oft auch Kinder und #Jugendliche Pflege- und #Betreuungsaufgaben. Ihre Rolle wird jedoch \u00f6ffentlich meist wenig wahrgenommen. Nun liegen f\u00fcr die Schweiz erstmals konkrete Zahlen vor.\" \/>\n<meta name=\"twitter:image\" content=\"https:\/\/www.organisator.ch\/wp-content\/uploads\/2018\/03\/Young-Carers-Wenn-Jugendliche-ihre-Angeh\u00f6rige-pflegen-m\u00fcssen_Organisator.jpg\" \/>\n<script type=\"application\/ld+json\" class=\"yoast-schema-graph\">{\"@context\":\"https:\\\/\\\/schema.org\",\"@graph\":[{\"@type\":\"Article\",\"@id\":\"https:\\\/\\\/www.organisator.ch\\\/human-resources\\\/fit_im_job\\\/2018-03-14\\\/young-carers-wenn-jugendliche-ihre-angehoerigen-pflegen-muessen\\\/#article\",\"isPartOf\":{\"@id\":\"https:\\\/\\\/www.organisator.ch\\\/human-resources\\\/fit_im_job\\\/2018-03-14\\\/young-carers-wenn-jugendliche-ihre-angehoerigen-pflegen-muessen\\\/\"},\"author\":{\"name\":\"thomas.berner\",\"@id\":\"https:\\\/\\\/www.organisator.ch\\\/#\\\/schema\\\/person\\\/6f650f90b2842cd4c0cc334b4e36f67e\"},\"headline\":\"Young Carers: Wenn Jugendliche ihre Angeh\u00f6rigen pflegen m\u00fcssen\",\"datePublished\":\"2018-03-14T07:04:45+00:00\",\"mainEntityOfPage\":{\"@id\":\"https:\\\/\\\/www.organisator.ch\\\/human-resources\\\/fit_im_job\\\/2018-03-14\\\/young-carers-wenn-jugendliche-ihre-angehoerigen-pflegen-muessen\\\/\"},\"wordCount\":551,\"commentCount\":0,\"publisher\":{\"@id\":\"https:\\\/\\\/www.organisator.ch\\\/#organization\"},\"image\":{\"@id\":\"https:\\\/\\\/www.organisator.ch\\\/human-resources\\\/fit_im_job\\\/2018-03-14\\\/young-carers-wenn-jugendliche-ihre-angehoerigen-pflegen-muessen\\\/#primaryimage\"},\"thumbnailUrl\":\"https:\\\/\\\/www.organisator.ch\\\/wp-content\\\/uploads\\\/2018\\\/03\\\/Young-Carers-Wenn-Jugendliche-ihre-Angehoerige-pflegen-muessen_Organisator.jpg\",\"keywords\":[\"Aus-\\\/Weiterbildung\",\"Betriebliches Gesundheitsmanagement\",\"HRM\",\"Vermischtes\"],\"articleSection\":[\"FIT IM JOB\"],\"inLanguage\":\"it-IT\"},{\"@type\":\"WebPage\",\"@id\":\"https:\\\/\\\/www.organisator.ch\\\/human-resources\\\/fit_im_job\\\/2018-03-14\\\/young-carers-wenn-jugendliche-ihre-angehoerigen-pflegen-muessen\\\/\",\"url\":\"https:\\\/\\\/www.organisator.ch\\\/human-resources\\\/fit_im_job\\\/2018-03-14\\\/young-carers-wenn-jugendliche-ihre-angehoerigen-pflegen-muessen\\\/\",\"name\":\"Young Carers: Wenn Jugendliche ihre Angeh\u00f6rigen pflegen m\u00fcssen - Organisator\",\"isPartOf\":{\"@id\":\"https:\\\/\\\/www.organisator.ch\\\/#website\"},\"primaryImageOfPage\":{\"@id\":\"https:\\\/\\\/www.organisator.ch\\\/human-resources\\\/fit_im_job\\\/2018-03-14\\\/young-carers-wenn-jugendliche-ihre-angehoerigen-pflegen-muessen\\\/#primaryimage\"},\"image\":{\"@id\":\"https:\\\/\\\/www.organisator.ch\\\/human-resources\\\/fit_im_job\\\/2018-03-14\\\/young-carers-wenn-jugendliche-ihre-angehoerigen-pflegen-muessen\\\/#primaryimage\"},\"thumbnailUrl\":\"https:\\\/\\\/www.organisator.ch\\\/wp-content\\\/uploads\\\/2018\\\/03\\\/Young-Carers-Wenn-Jugendliche-ihre-Angehoerige-pflegen-muessen_Organisator.jpg\",\"datePublished\":\"2018-03-14T07:04:45+00:00\",\"description\":\"Erkranken Angeh\u00f6rige, \u00fcbernehmen oft auch Kinder und Jugendliche Pflege- und Betreuungsaufgaben. Ihre Rolle wird jedoch \u00f6ffentlich meist wenig wahrgenommen. Nun liegen f\u00fcr die Schweiz erstmals konkrete Zahlen vor.\",\"breadcrumb\":{\"@id\":\"https:\\\/\\\/www.organisator.ch\\\/human-resources\\\/fit_im_job\\\/2018-03-14\\\/young-carers-wenn-jugendliche-ihre-angehoerigen-pflegen-muessen\\\/#breadcrumb\"},\"inLanguage\":\"it-IT\",\"potentialAction\":[{\"@type\":\"ReadAction\",\"target\":[\"https:\\\/\\\/www.organisator.ch\\\/human-resources\\\/fit_im_job\\\/2018-03-14\\\/young-carers-wenn-jugendliche-ihre-angehoerigen-pflegen-muessen\\\/\"]}]},{\"@type\":\"ImageObject\",\"inLanguage\":\"it-IT\",\"@id\":\"https:\\\/\\\/www.organisator.ch\\\/human-resources\\\/fit_im_job\\\/2018-03-14\\\/young-carers-wenn-jugendliche-ihre-angehoerigen-pflegen-muessen\\\/#primaryimage\",\"url\":\"https:\\\/\\\/www.organisator.ch\\\/wp-content\\\/uploads\\\/2018\\\/03\\\/Young-Carers-Wenn-Jugendliche-ihre-Angehoerige-pflegen-muessen_Organisator.jpg\",\"contentUrl\":\"https:\\\/\\\/www.organisator.ch\\\/wp-content\\\/uploads\\\/2018\\\/03\\\/Young-Carers-Wenn-Jugendliche-ihre-Angehoerige-pflegen-muessen_Organisator.jpg\",\"width\":480,\"height\":391,\"caption\":\"Young Carers sind die \\\"vergessenen Helfer\\\": Jugendliche, die neben ihrer Ausbildung zu Hause Angeh\u00f6rige pflegen. Die Dunkelziffer in der Schweiz ist hoch, wie eine k\u00fcrzlich ver\u00f6ffentlichte Forschungsarbeit herausfand. (Bild: Stephanie Hofschl\u00e4ger \\\/ pixelio.de)\"},{\"@type\":\"BreadcrumbList\",\"@id\":\"https:\\\/\\\/www.organisator.ch\\\/human-resources\\\/fit_im_job\\\/2018-03-14\\\/young-carers-wenn-jugendliche-ihre-angehoerigen-pflegen-muessen\\\/#breadcrumb\",\"itemListElement\":[{\"@type\":\"ListItem\",\"position\":1,\"name\":\"Home\",\"item\":\"https:\\\/\\\/www.organisator.ch\\\/\"},{\"@type\":\"ListItem\",\"position\":2,\"name\":\"Young Carers: Wenn Jugendliche ihre Angeh\u00f6rigen pflegen m\u00fcssen\"}]},{\"@type\":\"WebSite\",\"@id\":\"https:\\\/\\\/www.organisator.ch\\\/#website\",\"url\":\"https:\\\/\\\/www.organisator.ch\\\/\",\"name\":\"Organisator\",\"description\":\"Kompetent. Praxisnah. Der ORGANISATOR bereitet in 10 Ausgaben pro Jahr die wesentlichen Themen f\u00fcr F\u00fchrungskr\u00e4fte von KMU auf.\",\"publisher\":{\"@id\":\"https:\\\/\\\/www.organisator.ch\\\/#organization\"},\"potentialAction\":[{\"@type\":\"SearchAction\",\"target\":{\"@type\":\"EntryPoint\",\"urlTemplate\":\"https:\\\/\\\/www.organisator.ch\\\/?s={search_term_string}\"},\"query-input\":{\"@type\":\"PropertyValueSpecification\",\"valueRequired\":true,\"valueName\":\"search_term_string\"}}],\"inLanguage\":\"it-IT\"},{\"@type\":\"Organization\",\"@id\":\"https:\\\/\\\/www.organisator.ch\\\/#organization\",\"name\":\"Organisator\",\"url\":\"https:\\\/\\\/www.organisator.ch\\\/\",\"logo\":{\"@type\":\"ImageObject\",\"inLanguage\":\"it-IT\",\"@id\":\"https:\\\/\\\/www.organisator.ch\\\/#\\\/schema\\\/logo\\\/image\\\/\",\"url\":\"https:\\\/\\\/www.organisator.ch\\\/wp-content\\\/uploads\\\/2022\\\/01\\\/Logo_Organisator_Website.png\",\"contentUrl\":\"https:\\\/\\\/www.organisator.ch\\\/wp-content\\\/uploads\\\/2022\\\/01\\\/Logo_Organisator_Website.png\",\"width\":800,\"height\":77,\"caption\":\"Organisator\"},\"image\":{\"@id\":\"https:\\\/\\\/www.organisator.ch\\\/#\\\/schema\\\/logo\\\/image\\\/\"},\"sameAs\":[\"https:\\\/\\\/www.facebook.com\\\/OrganisatorFachmagazin\",\"https:\\\/\\\/www.linkedin.com\\\/showcase\\\/organisator-das-magazin-fr-kmu\",\"https:\\\/\\\/www.xing.com\\\/news\\\/pages\\\/organisator-ch-695\",\"https:\\\/\\\/www.youtube.com\\\/channel\\\/UCGP2Sq0iWaZwT3BdIAQFYpw\"]},{\"@type\":\"Person\",\"@id\":\"https:\\\/\\\/www.organisator.ch\\\/#\\\/schema\\\/person\\\/6f650f90b2842cd4c0cc334b4e36f67e\",\"name\":\"thomas.berner\",\"image\":{\"@type\":\"ImageObject\",\"inLanguage\":\"it-IT\",\"@id\":\"https:\\\/\\\/secure.gravatar.com\\\/avatar\\\/ac5001d2a36cb6c6cd3e50789007ffca834b477b74a2144564522e944eabff61?s=96&d=mm&r=g\",\"url\":\"https:\\\/\\\/secure.gravatar.com\\\/avatar\\\/ac5001d2a36cb6c6cd3e50789007ffca834b477b74a2144564522e944eabff61?s=96&d=mm&r=g\",\"contentUrl\":\"https:\\\/\\\/secure.gravatar.com\\\/avatar\\\/ac5001d2a36cb6c6cd3e50789007ffca834b477b74a2144564522e944eabff61?s=96&d=mm&r=g\",\"caption\":\"thomas.berner\"},\"url\":\"https:\\\/\\\/www.organisator.ch\\\/it\\\/author\\\/thomas-berner\\\/\"}]}<\/script>\n<!-- \/ Yoast SEO plugin. -->","yoast_head_json":{"title":"Giovani badanti: quando i giovani devono assistere i loro parenti - Organizzatore","description":"Se i parenti si ammalano, spesso anche i bambini e gli adolescenti si assumono compiti di cura e assistenza. Tuttavia, il loro ruolo \u00e8 solitamente poco percepito dal pubblico. Ora, per la prima volta, sono disponibili cifre concrete per la Svizzera.","robots":{"index":"index","follow":"follow","max-snippet":"max-snippet:-1","max-image-preview":"max-image-preview:large","max-video-preview":"max-video-preview:-1"},"canonical":"https:\/\/www.organisator.ch\/it\/risorse-umane\/fit_im_job\/2018-03-14\/young-carers-wenn-jugendliche-ihre-angehoerigen-pflegen-muessen\/","og_locale":"it_IT","og_type":"article","og_title":"Young Carers: Wenn Jugendliche ihre Angeh\u00f6rigen pflegen m\u00fcssen","og_description":"Erkranken Angeh\u00f6rige, \u00fcbernehmen oft auch Kinder und Jugendliche Pflege- und Betreuungsaufgaben. Ihre Rolle wird jedoch \u00f6ffentlich meist wenig wahrgenommen. Nun liegen f\u00fcr die Schweiz erstmals konkrete Zahlen vor.","og_url":"https:\/\/www.organisator.ch\/it\/risorse-umane\/fit_im_job\/2018-03-14\/young-carers-wenn-jugendliche-ihre-angehoerigen-pflegen-muessen\/","og_site_name":"Organisator","article_publisher":"https:\/\/www.facebook.com\/OrganisatorFachmagazin","article_published_time":"2018-03-14T07:04:45+00:00","og_image":[{"width":480,"height":391,"url":"https:\/\/www.organisator.ch\/wp-content\/uploads\/2018\/03\/Young-Carers-Wenn-Jugendliche-ihre-Angehoerige-pflegen-muessen_Organisator.jpg","type":"image\/jpeg"}],"author":"thomas.berner","twitter_card":"summary_large_image","twitter_title":"#YoungCarers: Wenn Jugendliche ihre #Angeh\u00f6rigen pflegen m\u00fcssen","twitter_description":"Erkranken #Angeh\u00f6rige, \u00fcbernehmen oft auch Kinder und #Jugendliche Pflege- und #Betreuungsaufgaben. Ihre Rolle wird jedoch \u00f6ffentlich meist wenig wahrgenommen. Nun liegen f\u00fcr die Schweiz erstmals konkrete Zahlen vor.","twitter_image":"https:\/\/www.organisator.ch\/wp-content\/uploads\/2018\/03\/Young-Carers-Wenn-Jugendliche-ihre-Angeh\u00f6rige-pflegen-m\u00fcssen_Organisator.jpg","schema":{"@context":"https:\/\/schema.org","@graph":[{"@type":"Article","@id":"https:\/\/www.organisator.ch\/human-resources\/fit_im_job\/2018-03-14\/young-carers-wenn-jugendliche-ihre-angehoerigen-pflegen-muessen\/#article","isPartOf":{"@id":"https:\/\/www.organisator.ch\/human-resources\/fit_im_job\/2018-03-14\/young-carers-wenn-jugendliche-ihre-angehoerigen-pflegen-muessen\/"},"author":{"name":"thomas.berner","@id":"https:\/\/www.organisator.ch\/#\/schema\/person\/6f650f90b2842cd4c0cc334b4e36f67e"},"headline":"Young Carers: Wenn Jugendliche ihre Angeh\u00f6rigen pflegen m\u00fcssen","datePublished":"2018-03-14T07:04:45+00:00","mainEntityOfPage":{"@id":"https:\/\/www.organisator.ch\/human-resources\/fit_im_job\/2018-03-14\/young-carers-wenn-jugendliche-ihre-angehoerigen-pflegen-muessen\/"},"wordCount":551,"commentCount":0,"publisher":{"@id":"https:\/\/www.organisator.ch\/#organization"},"image":{"@id":"https:\/\/www.organisator.ch\/human-resources\/fit_im_job\/2018-03-14\/young-carers-wenn-jugendliche-ihre-angehoerigen-pflegen-muessen\/#primaryimage"},"thumbnailUrl":"https:\/\/www.organisator.ch\/wp-content\/uploads\/2018\/03\/Young-Carers-Wenn-Jugendliche-ihre-Angehoerige-pflegen-muessen_Organisator.jpg","keywords":["Aus-\/Weiterbildung","Betriebliches Gesundheitsmanagement","HRM","Vermischtes"],"articleSection":["FIT IM JOB"],"inLanguage":"it-IT"},{"@type":"WebPage","@id":"https:\/\/www.organisator.ch\/human-resources\/fit_im_job\/2018-03-14\/young-carers-wenn-jugendliche-ihre-angehoerigen-pflegen-muessen\/","url":"https:\/\/www.organisator.ch\/human-resources\/fit_im_job\/2018-03-14\/young-carers-wenn-jugendliche-ihre-angehoerigen-pflegen-muessen\/","name":"Giovani badanti: quando i giovani devono assistere i loro parenti - Organizzatore","isPartOf":{"@id":"https:\/\/www.organisator.ch\/#website"},"primaryImageOfPage":{"@id":"https:\/\/www.organisator.ch\/human-resources\/fit_im_job\/2018-03-14\/young-carers-wenn-jugendliche-ihre-angehoerigen-pflegen-muessen\/#primaryimage"},"image":{"@id":"https:\/\/www.organisator.ch\/human-resources\/fit_im_job\/2018-03-14\/young-carers-wenn-jugendliche-ihre-angehoerigen-pflegen-muessen\/#primaryimage"},"thumbnailUrl":"https:\/\/www.organisator.ch\/wp-content\/uploads\/2018\/03\/Young-Carers-Wenn-Jugendliche-ihre-Angehoerige-pflegen-muessen_Organisator.jpg","datePublished":"2018-03-14T07:04:45+00:00","description":"Se i parenti si ammalano, spesso anche i bambini e gli adolescenti si assumono compiti di cura e assistenza. Tuttavia, il loro ruolo \u00e8 solitamente poco percepito dal pubblico. Ora, per la prima volta, sono disponibili cifre concrete per la Svizzera.","breadcrumb":{"@id":"https:\/\/www.organisator.ch\/human-resources\/fit_im_job\/2018-03-14\/young-carers-wenn-jugendliche-ihre-angehoerigen-pflegen-muessen\/#breadcrumb"},"inLanguage":"it-IT","potentialAction":[{"@type":"ReadAction","target":["https:\/\/www.organisator.ch\/human-resources\/fit_im_job\/2018-03-14\/young-carers-wenn-jugendliche-ihre-angehoerigen-pflegen-muessen\/"]}]},{"@type":"ImageObject","inLanguage":"it-IT","@id":"https:\/\/www.organisator.ch\/human-resources\/fit_im_job\/2018-03-14\/young-carers-wenn-jugendliche-ihre-angehoerigen-pflegen-muessen\/#primaryimage","url":"https:\/\/www.organisator.ch\/wp-content\/uploads\/2018\/03\/Young-Carers-Wenn-Jugendliche-ihre-Angehoerige-pflegen-muessen_Organisator.jpg","contentUrl":"https:\/\/www.organisator.ch\/wp-content\/uploads\/2018\/03\/Young-Carers-Wenn-Jugendliche-ihre-Angehoerige-pflegen-muessen_Organisator.jpg","width":480,"height":391,"caption":"Young Carers sind die \"vergessenen Helfer\": Jugendliche, die neben ihrer Ausbildung zu Hause Angeh\u00f6rige pflegen. Die Dunkelziffer in der Schweiz ist hoch, wie eine k\u00fcrzlich ver\u00f6ffentlichte Forschungsarbeit herausfand. (Bild: Stephanie Hofschl\u00e4ger \/ pixelio.de)"},{"@type":"BreadcrumbList","@id":"https:\/\/www.organisator.ch\/human-resources\/fit_im_job\/2018-03-14\/young-carers-wenn-jugendliche-ihre-angehoerigen-pflegen-muessen\/#breadcrumb","itemListElement":[{"@type":"ListItem","position":1,"name":"Home","item":"https:\/\/www.organisator.ch\/"},{"@type":"ListItem","position":2,"name":"Young Carers: Wenn Jugendliche ihre Angeh\u00f6rigen pflegen m\u00fcssen"}]},{"@type":"WebSite","@id":"https:\/\/www.organisator.ch\/#website","url":"https:\/\/www.organisator.ch\/","name":"Organizzatore","description":"Competente. Pratico. In 10 numeri all'anno, ORGANISATOR presenta i temi essenziali per i manager delle PMI.","publisher":{"@id":"https:\/\/www.organisator.ch\/#organization"},"potentialAction":[{"@type":"SearchAction","target":{"@type":"EntryPoint","urlTemplate":"https:\/\/www.organisator.ch\/?s={search_term_string}"},"query-input":{"@type":"PropertyValueSpecification","valueRequired":true,"valueName":"search_term_string"}}],"inLanguage":"it-IT"},{"@type":"Organization","@id":"https:\/\/www.organisator.ch\/#organization","name":"Organizzatore","url":"https:\/\/www.organisator.ch\/","logo":{"@type":"ImageObject","inLanguage":"it-IT","@id":"https:\/\/www.organisator.ch\/#\/schema\/logo\/image\/","url":"https:\/\/www.organisator.ch\/wp-content\/uploads\/2022\/01\/Logo_Organisator_Website.png","contentUrl":"https:\/\/www.organisator.ch\/wp-content\/uploads\/2022\/01\/Logo_Organisator_Website.png","width":800,"height":77,"caption":"Organisator"},"image":{"@id":"https:\/\/www.organisator.ch\/#\/schema\/logo\/image\/"},"sameAs":["https:\/\/www.facebook.com\/OrganisatorFachmagazin","https:\/\/www.linkedin.com\/showcase\/organisator-das-magazin-fr-kmu","https:\/\/www.xing.com\/news\/pages\/organisator-ch-695","https:\/\/www.youtube.com\/channel\/UCGP2Sq0iWaZwT3BdIAQFYpw"]},{"@type":"Person","@id":"https:\/\/www.organisator.ch\/#\/schema\/person\/6f650f90b2842cd4c0cc334b4e36f67e","name":"Tommaso.berner","image":{"@type":"ImageObject","inLanguage":"it-IT","@id":"https:\/\/secure.gravatar.com\/avatar\/ac5001d2a36cb6c6cd3e50789007ffca834b477b74a2144564522e944eabff61?s=96&d=mm&r=g","url":"https:\/\/secure.gravatar.com\/avatar\/ac5001d2a36cb6c6cd3e50789007ffca834b477b74a2144564522e944eabff61?s=96&d=mm&r=g","contentUrl":"https:\/\/secure.gravatar.com\/avatar\/ac5001d2a36cb6c6cd3e50789007ffca834b477b74a2144564522e944eabff61?s=96&d=mm&r=g","caption":"thomas.berner"},"url":"https:\/\/www.organisator.ch\/it\/author\/thomas-berner\/"}]}},"_links":{"self":[{"href":"https:\/\/www.organisator.ch\/it\/wp-json\/wp\/v2\/posts\/3296","targetHints":{"allow":["GET"]}}],"collection":[{"href":"https:\/\/www.organisator.ch\/it\/wp-json\/wp\/v2\/posts"}],"about":[{"href":"https:\/\/www.organisator.ch\/it\/wp-json\/wp\/v2\/types\/post"}],"author":[{"embeddable":true,"href":"https:\/\/www.organisator.ch\/it\/wp-json\/wp\/v2\/users\/4"}],"replies":[{"embeddable":true,"href":"https:\/\/www.organisator.ch\/it\/wp-json\/wp\/v2\/comments?post=3296"}],"version-history":[{"count":0,"href":"https:\/\/www.organisator.ch\/it\/wp-json\/wp\/v2\/posts\/3296\/revisions"}],"wp:featuredmedia":[{"embeddable":true,"href":"https:\/\/www.organisator.ch\/it\/wp-json\/wp\/v2\/media\/3297"}],"wp:attachment":[{"href":"https:\/\/www.organisator.ch\/it\/wp-json\/wp\/v2\/media?parent=3296"}],"wp:term":[{"taxonomy":"category","embeddable":true,"href":"https:\/\/www.organisator.ch\/it\/wp-json\/wp\/v2\/categories?post=3296"},{"taxonomy":"post_tag","embeddable":true,"href":"https:\/\/www.organisator.ch\/it\/wp-json\/wp\/v2\/tags?post=3296"}],"curies":[{"name":"wp","href":"https:\/\/api.w.org\/{rel}","templated":true}]}}