{"id":3306,"date":"2018-03-15T13:32:05","date_gmt":"2018-03-15T12:32:05","guid":{"rendered":"https:\/\/www.organisator.ch\/?p=3306"},"modified":"2018-03-15T13:32:05","modified_gmt":"2018-03-15T12:32:05","slug":"wirtschaftskriminalitaet-schadensumme-blieb-2017-unter-dem-langjaehrigen-durchschnitt","status":"publish","type":"post","link":"https:\/\/www.organisator.ch\/it\/allgemein\/2018-03-15\/wirtschaftskriminalitaet-schadensumme-blieb-2017-unter-dem-langjaehrigen-durchschnitt\/","title":{"rendered":"Criminalit\u00e0 dei colletti bianchi: le perdite totali sono rimaste al di sotto della media a lungo termine nel 2017"},"content":{"rendered":"<figure id=\"attachment_3308\" aria-describedby=\"caption-attachment-3308\" style=\"width: 640px\" class=\"wp-caption alignnone\"><img loading=\"lazy\" decoding=\"async\" class=\"size-full wp-image-3308\" src=\"https:\/\/www.organisator.ch\/wp-content\/uploads\/2018\/03\/Wirtschaftskriminalitaet-Schadensumme-blieb-2017-unter-dem-langjaehrigen-Durchschnitt_Organisator.jpg\" alt=\"\" width=\"640\" height=\"216\" srcset=\"https:\/\/www.organisator.ch\/wp-content\/uploads\/2018\/03\/Wirtschaftskriminalitaet-Schadensumme-blieb-2017-unter-dem-langjaehrigen-Durchschnitt_Organisator.jpg 640w, https:\/\/www.organisator.ch\/wp-content\/uploads\/2018\/03\/Wirtschaftskriminalitaet-Schadensumme-blieb-2017-unter-dem-langjaehrigen-Durchschnitt_Organisator-16x5.jpg 16w, https:\/\/www.organisator.ch\/wp-content\/uploads\/2018\/03\/Wirtschaftskriminalitaet-Schadensumme-blieb-2017-unter-dem-langjaehrigen-Durchschnitt_Organisator-375x127.jpg 375w, https:\/\/www.organisator.ch\/wp-content\/uploads\/2018\/03\/Wirtschaftskriminalitaet-Schadensumme-blieb-2017-unter-dem-langjaehrigen-Durchschnitt_Organisator-300x101.jpg 300w\" sizes=\"auto, (max-width: 640px) 100vw, 640px\" \/><figcaption id=\"caption-attachment-3308\" class=\"wp-caption-text\">Ecco quanti danni sono stati causati dal crimine dei colletti bianchi in Svizzera negli ultimi anni (*incluso un singolo caso con un danno stimato di 800 milioni di franchi). Grafico: KPMG<\/figcaption><\/figure>\n<p>L'anno scorso, 59 casi di criminalit\u00e0 dei colletti bianchi in Svizzera hanno causato danni per 426 milioni di franchi. Rispetto all'anno precedente, tuttavia, il volume dei danni \u00e8 diminuito notevolmente: da 1,4 miliardi di franchi a 426 milioni di franchi, mentre il massimo storico del 2016 era dovuto soprattutto a un caso con un volume di danni di 800 milioni di franchi e a tre casi con un volume di oltre 125 milioni di franchi ciascuno. Rispetto alla media a lungo termine di 512 milioni di franchi, il volume dei sinistri nel 2017 \u00e8 leggermente inferiore alla media.<\/p>\n<h2>Grande danno in caso di reati commessi in comune<\/h2>\n<p>I reati pi\u00f9 comuni nell'area dei colletti bianchi nel 2017 sono stati la frode commerciale o semplice e l'appropriazione indebita. La motivazione dei colpevoli era spesso quella di finanziare uno stile di vita sontuoso o di pagare i debiti. Come negli anni precedenti, gli investitori privati sono stati il gruppo di vittime pi\u00f9 colpito. I danni qui ammontano a circa 162 milioni di franchi, il che corrisponde a un danno medio di 20,2 milioni di franchi per caso.<\/p>\n<figure id=\"attachment_3309\" aria-describedby=\"caption-attachment-3309\" style=\"width: 680px\" class=\"wp-caption alignnone\"><img loading=\"lazy\" decoding=\"async\" class=\"size-medium wp-image-3309\" src=\"https:\/\/www.organisator.ch\/wp-content\/uploads\/2018\/03\/Wirtschaftskriminalitaet-Schadensumme-blieb-2017-unter-dem-langjaehrigen-Durchschnitt-2_Organisator.jpg\" alt=\"\" width=\"680\" height=\"290\" srcset=\"https:\/\/www.organisator.ch\/wp-content\/uploads\/2018\/03\/Wirtschaftskriminalitaet-Schadensumme-blieb-2017-unter-dem-langjaehrigen-Durchschnitt-2_Organisator.jpg 1972w, https:\/\/www.organisator.ch\/wp-content\/uploads\/2018\/03\/Wirtschaftskriminalitaet-Schadensumme-blieb-2017-unter-dem-langjaehrigen-Durchschnitt-2_Organisator-680x290.jpg 680w, https:\/\/www.organisator.ch\/wp-content\/uploads\/2018\/03\/Wirtschaftskriminalitaet-Schadensumme-blieb-2017-unter-dem-langjaehrigen-Durchschnitt-2_Organisator-1024x436.jpg 1024w, https:\/\/www.organisator.ch\/wp-content\/uploads\/2018\/03\/Wirtschaftskriminalitaet-Schadensumme-blieb-2017-unter-dem-langjaehrigen-Durchschnitt-2_Organisator-768x327.jpg 768w, https:\/\/www.organisator.ch\/wp-content\/uploads\/2018\/03\/Wirtschaftskriminalitaet-Schadensumme-blieb-2017-unter-dem-langjaehrigen-Durchschnitt-2_Organisator-1536x654.jpg 1536w, https:\/\/www.organisator.ch\/wp-content\/uploads\/2018\/03\/Wirtschaftskriminalitaet-Schadensumme-blieb-2017-unter-dem-langjaehrigen-Durchschnitt-2_Organisator-16x7.jpg 16w, https:\/\/www.organisator.ch\/wp-content\/uploads\/2018\/03\/Wirtschaftskriminalitaet-Schadensumme-blieb-2017-unter-dem-langjaehrigen-Durchschnitt-2_Organisator-375x160.jpg 375w, https:\/\/www.organisator.ch\/wp-content\/uploads\/2018\/03\/Wirtschaftskriminalitaet-Schadensumme-blieb-2017-unter-dem-langjaehrigen-Durchschnitt-2_Organisator-760x324.jpg 760w, https:\/\/www.organisator.ch\/wp-content\/uploads\/2018\/03\/Wirtschaftskriminalitaet-Schadensumme-blieb-2017-unter-dem-langjaehrigen-Durchschnitt-2_Organisator-1600x682.jpg 1600w, https:\/\/www.organisator.ch\/wp-content\/uploads\/2018\/03\/Wirtschaftskriminalitaet-Schadensumme-blieb-2017-unter-dem-langjaehrigen-Durchschnitt-2_Organisator-920x392.jpg 920w, https:\/\/www.organisator.ch\/wp-content\/uploads\/2018\/03\/Wirtschaftskriminalitaet-Schadensumme-blieb-2017-unter-dem-langjaehrigen-Durchschnitt-2_Organisator-1400x596.jpg 1400w, https:\/\/www.organisator.ch\/wp-content\/uploads\/2018\/03\/Wirtschaftskriminalitaet-Schadensumme-blieb-2017-unter-dem-langjaehrigen-Durchschnitt-2_Organisator-300x128.jpg 300w\" sizes=\"auto, (max-width: 680px) 100vw, 680px\" \/><figcaption id=\"caption-attachment-3309\" class=\"wp-caption-text\">Criminalit\u00e0 dei colletti bianchi per gruppo di colpevoli (fonte: KPMG)<\/figcaption><\/figure>\n<p>A causa della loro posizione speciale nell'azienda, i manager rappresentano ancora potenzialmente il pericolo maggiore. L'analisi mostra che i dirigenti sono stati responsabili del pi\u00f9 alto danno totale di 120,9 milioni di franchi nel 2017 (rispetto agli altri gruppi di colpevoli). I dipendenti hanno avuto una perdita totale di 117,4 milioni di franchi, ma dopo aver dedotto un caso individuale di 100 milioni di franchi, il totale scende a 17,4 milioni di franchi, che corrisponde a una perdita media di 1,7 milioni di franchi. In confronto, l'importo medio delle infrazioni per i dirigenti \u00e8 stato di 11 milioni di franchi. Anche nel 2017 \u00e8 risultato evidente che le infrazioni commesse congiuntamente da dirigenti e collaboratori hanno conseguenze particolarmente gravi: Il danno medio nei tre casi \u00e8 stato di oltre 25 milioni di franchi.<\/p>\n<h2>Alto numero di casi non segnalati<\/h2>\n<p>Il \"KPMG Forensic Fraud Barometer\" registra ogni anno i casi giudiziari che sono stati ascoltati pubblicamente e pubblicati nei media. Non include i crimini che vengono denunciati alla polizia ma che non portano mai a condanne. L'esperienza mostra che la maggior parte dei crimini non vengono mai denunciati alla polizia. \"Le ragioni di questo risiedono nella paura delle aziende di subire un danno reputazionale se i reati diventano pubblici\", Matthias Kiener, responsabile di Forensics alla KPMG Svizzera, riassume il problema. \"Inoltre, il fatto che nella criminalit\u00e0 informatica, per esempio, gli autori non possono essere identificati con uno sforzo ragionevole gioca un ruolo decisivo\", aggiunge Nico van der Beken, responsabile della tecnologia forense presso KPMG Svizzera.<\/p>\n<p><em>Fonte: <a href=\"http:\/\/kpmg.ch\">KPMG<\/a><\/em><\/p>","protected":false},"excerpt":{"rendered":"<p>Im vergangenen Jahr verursachten 59 F\u00e4lle von Wirtschaftskriminalit\u00e4t in der Schweiz einen Schaden von CHF 426 Mio. Im Vorjahresvergleich ging das Schadensvolumen indes deutlich zur\u00fcck: von CHF 1.4 Mia. auf CHF 426 Mio., wobei das Allzeithoch 2016 vor allem einem Fall mit einem Schadensvolumen von CHF 800 Mio. sowie drei F\u00e4llen mit einem Volumen von [&hellip;]<\/p>\n","protected":false},"author":4,"featured_media":3308,"comment_status":"open","ping_status":"open","sticky":false,"template":"","format":"standard","meta":{"_acf_changed":false,"_yoast_wpseo_focuskw":"Wirtschaftskriminalit\u00e4t","_yoast_wpseo_metadesc":"Letztes Jahr wurden 59 F\u00e4lle von Wirtschaftskriminalit\u00e4t an Schweizer Gerichten behandelt. Das Schadensvolumen betrug CHF 426 Mio. Dies und mehr zeigt der aktuelle \u00abKPMG Forensic Fraud Barometer\u00bb.","articlekey":"","footnotes":""},"categories":[1],"tags":[142,459,508,529],"class_list":["post-3306","post","type-post","status-publish","format-standard","has-post-thumbnail","hentry","category-allgemein","tag-cyber-crime","tag-studie","tag-vermischtes","tag-wirtschaftskriminalitaet"],"acf":[],"yoast_head":"<!-- This site is optimized with the Yoast SEO plugin v27.5 - https:\/\/yoast.com\/product\/yoast-seo-wordpress\/ -->\n<title>Wirtschaftskriminalit\u00e4t: Schadensumme blieb 2017 unter dem langj\u00e4hrigen Durchschnitt - Organisator<\/title>\n<meta name=\"description\" content=\"Letztes Jahr wurden 59 F\u00e4lle von Wirtschaftskriminalit\u00e4t an Schweizer Gerichten behandelt. Das Schadensvolumen betrug CHF 426 Mio. Dies und mehr zeigt der aktuelle \u00abKPMG Forensic Fraud Barometer\u00bb.\" \/>\n<meta name=\"robots\" content=\"index, follow, max-snippet:-1, max-image-preview:large, max-video-preview:-1\" \/>\n<link rel=\"canonical\" href=\"https:\/\/www.organisator.ch\/it\/generale\/2018-03-15\/wirtschaftskriminalitaet-schadensumme-blieb-2017-unter-dem-langjaehrigen-durchschnitt\/\" \/>\n<meta property=\"og:locale\" content=\"it_IT\" \/>\n<meta property=\"og:type\" content=\"article\" \/>\n<meta property=\"og:title\" content=\"Wirtschaftskriminalit\u00e4t: Schadensumme blieb 2017 unter dem langj\u00e4hrigen Durchschnitt\" \/>\n<meta property=\"og:description\" content=\"Letztes Jahr wurden 59 F\u00e4lle von #Wirtschaftskriminalit\u00e4t an Schweizer Gerichten behandelt. Das Schadensvolumen betrug CHF 426 Mio. Dies und mehr zeigt der aktuelle \u00ab#KPMG Forensic Fraud Barometer\u00bb.\" \/>\n<meta property=\"og:url\" content=\"https:\/\/www.organisator.ch\/it\/generale\/2018-03-15\/wirtschaftskriminalitaet-schadensumme-blieb-2017-unter-dem-langjaehrigen-durchschnitt\/\" \/>\n<meta property=\"og:site_name\" content=\"Organisator\" \/>\n<meta property=\"article:publisher\" content=\"https:\/\/www.facebook.com\/OrganisatorFachmagazin\" \/>\n<meta property=\"article:published_time\" content=\"2018-03-15T12:32:05+00:00\" \/>\n<meta property=\"og:image\" content=\"https:\/\/www.organisator.ch\/wp-content\/uploads\/2018\/03\/Wirtschaftskriminalitaet-Schadensumme-blieb-2017-unter-dem-langjaehrigen-Durchschnitt_Organisator.jpg\" \/>\n\t<meta property=\"og:image:width\" content=\"640\" \/>\n\t<meta property=\"og:image:height\" content=\"216\" \/>\n\t<meta property=\"og:image:type\" content=\"image\/jpeg\" \/>\n<meta name=\"author\" content=\"thomas.berner\" \/>\n<meta name=\"twitter:card\" content=\"summary_large_image\" \/>\n<meta name=\"twitter:title\" content=\"#Wirtschaftskriminalit\u00e4t: Schadensumme blieb 2017 unter dem langj\u00e4hrigen Durchschnitt\" \/>\n<meta name=\"twitter:description\" content=\"Letztes Jahr wurden 59 F\u00e4lle von #Wirtschaftskriminalit\u00e4t an Schweizer Gerichten behandelt. Das Schadensvolumen betrug CHF 426 Mio. Dies und mehr zeigt der aktuelle \u00ab#KPMG Forensic Fraud Barometer\u00bb.\" \/>\n<meta name=\"twitter:image\" content=\"https:\/\/www.organisator.ch\/wp-content\/uploads\/2018\/03\/Wirtschaftskriminalit\u00e4t-Schadensumme-blieb-2017-unter-dem-langj\u00e4hrigen-Durchschnitt_Organisator.jpg\" \/>\n<script type=\"application\/ld+json\" class=\"yoast-schema-graph\">{\"@context\":\"https:\\\/\\\/schema.org\",\"@graph\":[{\"@type\":\"Article\",\"@id\":\"https:\\\/\\\/www.organisator.ch\\\/en\\\/general\\\/2018-03-15\\\/wirtschaftskriminalitaet-schadensumme-blieb-2017-unter-dem-langjaehrigen-durchschnitt\\\/#article\",\"isPartOf\":{\"@id\":\"https:\\\/\\\/www.organisator.ch\\\/en\\\/general\\\/2018-03-15\\\/wirtschaftskriminalitaet-schadensumme-blieb-2017-unter-dem-langjaehrigen-durchschnitt\\\/\"},\"author\":{\"name\":\"thomas.berner\",\"@id\":\"https:\\\/\\\/www.organisator.ch\\\/#\\\/schema\\\/person\\\/6f650f90b2842cd4c0cc334b4e36f67e\"},\"headline\":\"Wirtschaftskriminalit\u00e4t: Schadensumme blieb 2017 unter dem langj\u00e4hrigen Durchschnitt\",\"datePublished\":\"2018-03-15T12:32:05+00:00\",\"mainEntityOfPage\":{\"@id\":\"https:\\\/\\\/www.organisator.ch\\\/en\\\/general\\\/2018-03-15\\\/wirtschaftskriminalitaet-schadensumme-blieb-2017-unter-dem-langjaehrigen-durchschnitt\\\/\"},\"wordCount\":444,\"commentCount\":0,\"publisher\":{\"@id\":\"https:\\\/\\\/www.organisator.ch\\\/#organization\"},\"image\":{\"@id\":\"https:\\\/\\\/www.organisator.ch\\\/en\\\/general\\\/2018-03-15\\\/wirtschaftskriminalitaet-schadensumme-blieb-2017-unter-dem-langjaehrigen-durchschnitt\\\/#primaryimage\"},\"thumbnailUrl\":\"https:\\\/\\\/www.organisator.ch\\\/wp-content\\\/uploads\\\/2018\\\/03\\\/Wirtschaftskriminalitaet-Schadensumme-blieb-2017-unter-dem-langjaehrigen-Durchschnitt_Organisator.jpg\",\"keywords\":[\"Cyber-Crime\",\"Studie\",\"Vermischtes\",\"Wirtschaftskriminalit\u00e4t\"],\"articleSection\":[\"Allgemein\"],\"inLanguage\":\"it-IT\"},{\"@type\":\"WebPage\",\"@id\":\"https:\\\/\\\/www.organisator.ch\\\/en\\\/general\\\/2018-03-15\\\/wirtschaftskriminalitaet-schadensumme-blieb-2017-unter-dem-langjaehrigen-durchschnitt\\\/\",\"url\":\"https:\\\/\\\/www.organisator.ch\\\/en\\\/general\\\/2018-03-15\\\/wirtschaftskriminalitaet-schadensumme-blieb-2017-unter-dem-langjaehrigen-durchschnitt\\\/\",\"name\":\"Wirtschaftskriminalit\u00e4t: Schadensumme blieb 2017 unter dem langj\u00e4hrigen Durchschnitt - Organisator\",\"isPartOf\":{\"@id\":\"https:\\\/\\\/www.organisator.ch\\\/#website\"},\"primaryImageOfPage\":{\"@id\":\"https:\\\/\\\/www.organisator.ch\\\/en\\\/general\\\/2018-03-15\\\/wirtschaftskriminalitaet-schadensumme-blieb-2017-unter-dem-langjaehrigen-durchschnitt\\\/#primaryimage\"},\"image\":{\"@id\":\"https:\\\/\\\/www.organisator.ch\\\/en\\\/general\\\/2018-03-15\\\/wirtschaftskriminalitaet-schadensumme-blieb-2017-unter-dem-langjaehrigen-durchschnitt\\\/#primaryimage\"},\"thumbnailUrl\":\"https:\\\/\\\/www.organisator.ch\\\/wp-content\\\/uploads\\\/2018\\\/03\\\/Wirtschaftskriminalitaet-Schadensumme-blieb-2017-unter-dem-langjaehrigen-Durchschnitt_Organisator.jpg\",\"datePublished\":\"2018-03-15T12:32:05+00:00\",\"description\":\"Letztes Jahr wurden 59 F\u00e4lle von Wirtschaftskriminalit\u00e4t an Schweizer Gerichten behandelt. Das Schadensvolumen betrug CHF 426 Mio. Dies und mehr zeigt der aktuelle \u00abKPMG Forensic Fraud Barometer\u00bb.\",\"breadcrumb\":{\"@id\":\"https:\\\/\\\/www.organisator.ch\\\/en\\\/general\\\/2018-03-15\\\/wirtschaftskriminalitaet-schadensumme-blieb-2017-unter-dem-langjaehrigen-durchschnitt\\\/#breadcrumb\"},\"inLanguage\":\"it-IT\",\"potentialAction\":[{\"@type\":\"ReadAction\",\"target\":[\"https:\\\/\\\/www.organisator.ch\\\/en\\\/general\\\/2018-03-15\\\/wirtschaftskriminalitaet-schadensumme-blieb-2017-unter-dem-langjaehrigen-durchschnitt\\\/\"]}]},{\"@type\":\"ImageObject\",\"inLanguage\":\"it-IT\",\"@id\":\"https:\\\/\\\/www.organisator.ch\\\/en\\\/general\\\/2018-03-15\\\/wirtschaftskriminalitaet-schadensumme-blieb-2017-unter-dem-langjaehrigen-durchschnitt\\\/#primaryimage\",\"url\":\"https:\\\/\\\/www.organisator.ch\\\/wp-content\\\/uploads\\\/2018\\\/03\\\/Wirtschaftskriminalitaet-Schadensumme-blieb-2017-unter-dem-langjaehrigen-Durchschnitt_Organisator.jpg\",\"contentUrl\":\"https:\\\/\\\/www.organisator.ch\\\/wp-content\\\/uploads\\\/2018\\\/03\\\/Wirtschaftskriminalitaet-Schadensumme-blieb-2017-unter-dem-langjaehrigen-Durchschnitt_Organisator.jpg\",\"width\":640,\"height\":216,\"caption\":\"So viel Schaden richtete Wirtschaftskriminalit\u00e4t in der Schweiz in den vergangenen Jahren an (*darunter ein einzelner Fall mit einer gesch\u00e4tzten Schadensumme von 800 Millionen Franken). Grafik: KPMG\"},{\"@type\":\"BreadcrumbList\",\"@id\":\"https:\\\/\\\/www.organisator.ch\\\/en\\\/general\\\/2018-03-15\\\/wirtschaftskriminalitaet-schadensumme-blieb-2017-unter-dem-langjaehrigen-durchschnitt\\\/#breadcrumb\",\"itemListElement\":[{\"@type\":\"ListItem\",\"position\":1,\"name\":\"Home\",\"item\":\"https:\\\/\\\/www.organisator.ch\\\/\"},{\"@type\":\"ListItem\",\"position\":2,\"name\":\"Wirtschaftskriminalit\u00e4t: Schadensumme blieb 2017 unter dem langj\u00e4hrigen Durchschnitt\"}]},{\"@type\":\"WebSite\",\"@id\":\"https:\\\/\\\/www.organisator.ch\\\/#website\",\"url\":\"https:\\\/\\\/www.organisator.ch\\\/\",\"name\":\"Organisator\",\"description\":\"Kompetent. Praxisnah. Der ORGANISATOR bereitet in 10 Ausgaben pro Jahr die wesentlichen Themen f\u00fcr F\u00fchrungskr\u00e4fte von KMU auf.\",\"publisher\":{\"@id\":\"https:\\\/\\\/www.organisator.ch\\\/#organization\"},\"potentialAction\":[{\"@type\":\"SearchAction\",\"target\":{\"@type\":\"EntryPoint\",\"urlTemplate\":\"https:\\\/\\\/www.organisator.ch\\\/?s={search_term_string}\"},\"query-input\":{\"@type\":\"PropertyValueSpecification\",\"valueRequired\":true,\"valueName\":\"search_term_string\"}}],\"inLanguage\":\"it-IT\"},{\"@type\":\"Organization\",\"@id\":\"https:\\\/\\\/www.organisator.ch\\\/#organization\",\"name\":\"Organisator\",\"url\":\"https:\\\/\\\/www.organisator.ch\\\/\",\"logo\":{\"@type\":\"ImageObject\",\"inLanguage\":\"it-IT\",\"@id\":\"https:\\\/\\\/www.organisator.ch\\\/#\\\/schema\\\/logo\\\/image\\\/\",\"url\":\"https:\\\/\\\/www.organisator.ch\\\/wp-content\\\/uploads\\\/2022\\\/01\\\/Logo_Organisator_Website.png\",\"contentUrl\":\"https:\\\/\\\/www.organisator.ch\\\/wp-content\\\/uploads\\\/2022\\\/01\\\/Logo_Organisator_Website.png\",\"width\":800,\"height\":77,\"caption\":\"Organisator\"},\"image\":{\"@id\":\"https:\\\/\\\/www.organisator.ch\\\/#\\\/schema\\\/logo\\\/image\\\/\"},\"sameAs\":[\"https:\\\/\\\/www.facebook.com\\\/OrganisatorFachmagazin\",\"https:\\\/\\\/www.linkedin.com\\\/showcase\\\/organisator-das-magazin-fr-kmu\",\"https:\\\/\\\/www.xing.com\\\/news\\\/pages\\\/organisator-ch-695\",\"https:\\\/\\\/www.youtube.com\\\/channel\\\/UCGP2Sq0iWaZwT3BdIAQFYpw\"]},{\"@type\":\"Person\",\"@id\":\"https:\\\/\\\/www.organisator.ch\\\/#\\\/schema\\\/person\\\/6f650f90b2842cd4c0cc334b4e36f67e\",\"name\":\"thomas.berner\",\"image\":{\"@type\":\"ImageObject\",\"inLanguage\":\"it-IT\",\"@id\":\"https:\\\/\\\/secure.gravatar.com\\\/avatar\\\/ac5001d2a36cb6c6cd3e50789007ffca834b477b74a2144564522e944eabff61?s=96&d=mm&r=g\",\"url\":\"https:\\\/\\\/secure.gravatar.com\\\/avatar\\\/ac5001d2a36cb6c6cd3e50789007ffca834b477b74a2144564522e944eabff61?s=96&d=mm&r=g\",\"contentUrl\":\"https:\\\/\\\/secure.gravatar.com\\\/avatar\\\/ac5001d2a36cb6c6cd3e50789007ffca834b477b74a2144564522e944eabff61?s=96&d=mm&r=g\",\"caption\":\"thomas.berner\"},\"url\":\"https:\\\/\\\/www.organisator.ch\\\/it\\\/author\\\/thomas-berner\\\/\"}]}<\/script>\n<!-- \/ Yoast SEO plugin. -->","yoast_head_json":{"title":"Criminalit\u00e0 dei colletti bianchi: le perdite totali sono rimaste al di sotto della media di lungo periodo nel 2017 - Organiser","description":"L'anno scorso, 59 casi di crimini dei colletti bianchi sono stati trattati dai tribunali svizzeri. Il volume dei danni ammonta a 426 milioni di franchi svizzeri. Questo e altro \u00e8 mostrato nell'attuale \"Barometro delle frodi forensi KPMG\".","robots":{"index":"index","follow":"follow","max-snippet":"max-snippet:-1","max-image-preview":"max-image-preview:large","max-video-preview":"max-video-preview:-1"},"canonical":"https:\/\/www.organisator.ch\/it\/generale\/2018-03-15\/wirtschaftskriminalitaet-schadensumme-blieb-2017-unter-dem-langjaehrigen-durchschnitt\/","og_locale":"it_IT","og_type":"article","og_title":"Wirtschaftskriminalit\u00e4t: Schadensumme blieb 2017 unter dem langj\u00e4hrigen Durchschnitt","og_description":"Letztes Jahr wurden 59 F\u00e4lle von #Wirtschaftskriminalit\u00e4t an Schweizer Gerichten behandelt. Das Schadensvolumen betrug CHF 426 Mio. Dies und mehr zeigt der aktuelle \u00ab#KPMG Forensic Fraud Barometer\u00bb.","og_url":"https:\/\/www.organisator.ch\/it\/generale\/2018-03-15\/wirtschaftskriminalitaet-schadensumme-blieb-2017-unter-dem-langjaehrigen-durchschnitt\/","og_site_name":"Organisator","article_publisher":"https:\/\/www.facebook.com\/OrganisatorFachmagazin","article_published_time":"2018-03-15T12:32:05+00:00","og_image":[{"width":640,"height":216,"url":"https:\/\/www.organisator.ch\/wp-content\/uploads\/2018\/03\/Wirtschaftskriminalitaet-Schadensumme-blieb-2017-unter-dem-langjaehrigen-Durchschnitt_Organisator.jpg","type":"image\/jpeg"}],"author":"thomas.berner","twitter_card":"summary_large_image","twitter_title":"#Wirtschaftskriminalit\u00e4t: Schadensumme blieb 2017 unter dem langj\u00e4hrigen Durchschnitt","twitter_description":"Letztes Jahr wurden 59 F\u00e4lle von #Wirtschaftskriminalit\u00e4t an Schweizer Gerichten behandelt. Das Schadensvolumen betrug CHF 426 Mio. Dies und mehr zeigt der aktuelle \u00ab#KPMG Forensic Fraud Barometer\u00bb.","twitter_image":"https:\/\/www.organisator.ch\/wp-content\/uploads\/2018\/03\/Wirtschaftskriminalit\u00e4t-Schadensumme-blieb-2017-unter-dem-langj\u00e4hrigen-Durchschnitt_Organisator.jpg","schema":{"@context":"https:\/\/schema.org","@graph":[{"@type":"Article","@id":"https:\/\/www.organisator.ch\/en\/general\/2018-03-15\/wirtschaftskriminalitaet-schadensumme-blieb-2017-unter-dem-langjaehrigen-durchschnitt\/#article","isPartOf":{"@id":"https:\/\/www.organisator.ch\/en\/general\/2018-03-15\/wirtschaftskriminalitaet-schadensumme-blieb-2017-unter-dem-langjaehrigen-durchschnitt\/"},"author":{"name":"thomas.berner","@id":"https:\/\/www.organisator.ch\/#\/schema\/person\/6f650f90b2842cd4c0cc334b4e36f67e"},"headline":"Wirtschaftskriminalit\u00e4t: Schadensumme blieb 2017 unter dem langj\u00e4hrigen Durchschnitt","datePublished":"2018-03-15T12:32:05+00:00","mainEntityOfPage":{"@id":"https:\/\/www.organisator.ch\/en\/general\/2018-03-15\/wirtschaftskriminalitaet-schadensumme-blieb-2017-unter-dem-langjaehrigen-durchschnitt\/"},"wordCount":444,"commentCount":0,"publisher":{"@id":"https:\/\/www.organisator.ch\/#organization"},"image":{"@id":"https:\/\/www.organisator.ch\/en\/general\/2018-03-15\/wirtschaftskriminalitaet-schadensumme-blieb-2017-unter-dem-langjaehrigen-durchschnitt\/#primaryimage"},"thumbnailUrl":"https:\/\/www.organisator.ch\/wp-content\/uploads\/2018\/03\/Wirtschaftskriminalitaet-Schadensumme-blieb-2017-unter-dem-langjaehrigen-Durchschnitt_Organisator.jpg","keywords":["Cyber-Crime","Studie","Vermischtes","Wirtschaftskriminalit\u00e4t"],"articleSection":["Allgemein"],"inLanguage":"it-IT"},{"@type":"WebPage","@id":"https:\/\/www.organisator.ch\/en\/general\/2018-03-15\/wirtschaftskriminalitaet-schadensumme-blieb-2017-unter-dem-langjaehrigen-durchschnitt\/","url":"https:\/\/www.organisator.ch\/en\/general\/2018-03-15\/wirtschaftskriminalitaet-schadensumme-blieb-2017-unter-dem-langjaehrigen-durchschnitt\/","name":"Criminalit\u00e0 dei colletti bianchi: le perdite totali sono rimaste al di sotto della media di lungo periodo nel 2017 - Organiser","isPartOf":{"@id":"https:\/\/www.organisator.ch\/#website"},"primaryImageOfPage":{"@id":"https:\/\/www.organisator.ch\/en\/general\/2018-03-15\/wirtschaftskriminalitaet-schadensumme-blieb-2017-unter-dem-langjaehrigen-durchschnitt\/#primaryimage"},"image":{"@id":"https:\/\/www.organisator.ch\/en\/general\/2018-03-15\/wirtschaftskriminalitaet-schadensumme-blieb-2017-unter-dem-langjaehrigen-durchschnitt\/#primaryimage"},"thumbnailUrl":"https:\/\/www.organisator.ch\/wp-content\/uploads\/2018\/03\/Wirtschaftskriminalitaet-Schadensumme-blieb-2017-unter-dem-langjaehrigen-Durchschnitt_Organisator.jpg","datePublished":"2018-03-15T12:32:05+00:00","description":"L'anno scorso, 59 casi di crimini dei colletti bianchi sono stati trattati dai tribunali svizzeri. Il volume dei danni ammonta a 426 milioni di franchi svizzeri. Questo e altro \u00e8 mostrato nell'attuale \"Barometro delle frodi forensi KPMG\".","breadcrumb":{"@id":"https:\/\/www.organisator.ch\/en\/general\/2018-03-15\/wirtschaftskriminalitaet-schadensumme-blieb-2017-unter-dem-langjaehrigen-durchschnitt\/#breadcrumb"},"inLanguage":"it-IT","potentialAction":[{"@type":"ReadAction","target":["https:\/\/www.organisator.ch\/en\/general\/2018-03-15\/wirtschaftskriminalitaet-schadensumme-blieb-2017-unter-dem-langjaehrigen-durchschnitt\/"]}]},{"@type":"ImageObject","inLanguage":"it-IT","@id":"https:\/\/www.organisator.ch\/en\/general\/2018-03-15\/wirtschaftskriminalitaet-schadensumme-blieb-2017-unter-dem-langjaehrigen-durchschnitt\/#primaryimage","url":"https:\/\/www.organisator.ch\/wp-content\/uploads\/2018\/03\/Wirtschaftskriminalitaet-Schadensumme-blieb-2017-unter-dem-langjaehrigen-Durchschnitt_Organisator.jpg","contentUrl":"https:\/\/www.organisator.ch\/wp-content\/uploads\/2018\/03\/Wirtschaftskriminalitaet-Schadensumme-blieb-2017-unter-dem-langjaehrigen-Durchschnitt_Organisator.jpg","width":640,"height":216,"caption":"So viel Schaden richtete Wirtschaftskriminalit\u00e4t in der Schweiz in den vergangenen Jahren an (*darunter ein einzelner Fall mit einer gesch\u00e4tzten Schadensumme von 800 Millionen Franken). Grafik: KPMG"},{"@type":"BreadcrumbList","@id":"https:\/\/www.organisator.ch\/en\/general\/2018-03-15\/wirtschaftskriminalitaet-schadensumme-blieb-2017-unter-dem-langjaehrigen-durchschnitt\/#breadcrumb","itemListElement":[{"@type":"ListItem","position":1,"name":"Home","item":"https:\/\/www.organisator.ch\/"},{"@type":"ListItem","position":2,"name":"Wirtschaftskriminalit\u00e4t: Schadensumme blieb 2017 unter dem langj\u00e4hrigen Durchschnitt"}]},{"@type":"WebSite","@id":"https:\/\/www.organisator.ch\/#website","url":"https:\/\/www.organisator.ch\/","name":"Organizzatore","description":"Competente. Pratico. In 10 numeri all'anno, ORGANISATOR presenta i temi essenziali per i manager delle PMI.","publisher":{"@id":"https:\/\/www.organisator.ch\/#organization"},"potentialAction":[{"@type":"SearchAction","target":{"@type":"EntryPoint","urlTemplate":"https:\/\/www.organisator.ch\/?s={search_term_string}"},"query-input":{"@type":"PropertyValueSpecification","valueRequired":true,"valueName":"search_term_string"}}],"inLanguage":"it-IT"},{"@type":"Organization","@id":"https:\/\/www.organisator.ch\/#organization","name":"Organizzatore","url":"https:\/\/www.organisator.ch\/","logo":{"@type":"ImageObject","inLanguage":"it-IT","@id":"https:\/\/www.organisator.ch\/#\/schema\/logo\/image\/","url":"https:\/\/www.organisator.ch\/wp-content\/uploads\/2022\/01\/Logo_Organisator_Website.png","contentUrl":"https:\/\/www.organisator.ch\/wp-content\/uploads\/2022\/01\/Logo_Organisator_Website.png","width":800,"height":77,"caption":"Organisator"},"image":{"@id":"https:\/\/www.organisator.ch\/#\/schema\/logo\/image\/"},"sameAs":["https:\/\/www.facebook.com\/OrganisatorFachmagazin","https:\/\/www.linkedin.com\/showcase\/organisator-das-magazin-fr-kmu","https:\/\/www.xing.com\/news\/pages\/organisator-ch-695","https:\/\/www.youtube.com\/channel\/UCGP2Sq0iWaZwT3BdIAQFYpw"]},{"@type":"Person","@id":"https:\/\/www.organisator.ch\/#\/schema\/person\/6f650f90b2842cd4c0cc334b4e36f67e","name":"Tommaso.berner","image":{"@type":"ImageObject","inLanguage":"it-IT","@id":"https:\/\/secure.gravatar.com\/avatar\/ac5001d2a36cb6c6cd3e50789007ffca834b477b74a2144564522e944eabff61?s=96&d=mm&r=g","url":"https:\/\/secure.gravatar.com\/avatar\/ac5001d2a36cb6c6cd3e50789007ffca834b477b74a2144564522e944eabff61?s=96&d=mm&r=g","contentUrl":"https:\/\/secure.gravatar.com\/avatar\/ac5001d2a36cb6c6cd3e50789007ffca834b477b74a2144564522e944eabff61?s=96&d=mm&r=g","caption":"thomas.berner"},"url":"https:\/\/www.organisator.ch\/it\/author\/thomas-berner\/"}]}},"_links":{"self":[{"href":"https:\/\/www.organisator.ch\/it\/wp-json\/wp\/v2\/posts\/3306","targetHints":{"allow":["GET"]}}],"collection":[{"href":"https:\/\/www.organisator.ch\/it\/wp-json\/wp\/v2\/posts"}],"about":[{"href":"https:\/\/www.organisator.ch\/it\/wp-json\/wp\/v2\/types\/post"}],"author":[{"embeddable":true,"href":"https:\/\/www.organisator.ch\/it\/wp-json\/wp\/v2\/users\/4"}],"replies":[{"embeddable":true,"href":"https:\/\/www.organisator.ch\/it\/wp-json\/wp\/v2\/comments?post=3306"}],"version-history":[{"count":0,"href":"https:\/\/www.organisator.ch\/it\/wp-json\/wp\/v2\/posts\/3306\/revisions"}],"wp:featuredmedia":[{"embeddable":true,"href":"https:\/\/www.organisator.ch\/it\/wp-json\/wp\/v2\/media\/3308"}],"wp:attachment":[{"href":"https:\/\/www.organisator.ch\/it\/wp-json\/wp\/v2\/media?parent=3306"}],"wp:term":[{"taxonomy":"category","embeddable":true,"href":"https:\/\/www.organisator.ch\/it\/wp-json\/wp\/v2\/categories?post=3306"},{"taxonomy":"post_tag","embeddable":true,"href":"https:\/\/www.organisator.ch\/it\/wp-json\/wp\/v2\/tags?post=3306"}],"curies":[{"name":"wp","href":"https:\/\/api.w.org\/{rel}","templated":true}]}}