{"id":3322,"date":"2018-03-19T07:52:40","date_gmt":"2018-03-19T06:52:40","guid":{"rendered":"https:\/\/www.organisator.ch\/?p=3322"},"modified":"2018-03-19T07:52:40","modified_gmt":"2018-03-19T06:52:40","slug":"der-geschlechterkampf-ist-ueberholt","status":"publish","type":"post","link":"https:\/\/www.organisator.ch\/it\/management\/2018-03-19\/der-geschlechterkampf-ist-ueberholt\/","title":{"rendered":"La battaglia dei sessi \u00e8 superata"},"content":{"rendered":"<figure id=\"attachment_3280\" aria-describedby=\"caption-attachment-3280\" style=\"width: 680px\" class=\"wp-caption alignnone\"><img loading=\"lazy\" decoding=\"async\" class=\"size-medium wp-image-3280\" src=\"https:\/\/www.organisator.ch\/wp-content\/uploads\/2018\/03\/2018_03_Leadership_Femaleshift_Bi_1550229.jpg\" alt=\"\" width=\"680\" height=\"452\" \/><figcaption id=\"caption-attachment-3280\" class=\"wp-caption-text\">\u00c8 ora di porre fine alla \"battaglia dei sessi\": il Prof. Dr. Gerhard M. Buurman, Rosmarie Michel, Monique R. Siegel del team di base del think tank Female Shift. (Foto: Thomas Berner)<\/figcaption><\/figure>\n<p>Lo si nota semplicemente leggendo la sua rubrica regolare \"Blitzlicht\" nell'edizione cartacea di ORGANISATOR: Monique R. Siegel \u00e8 una persona che ribolle di pensieri. Avrebbe potuto godersi la sua pensione molto tempo fa, ma non sarebbe stato il suo genere. Ha un dottorato in studi tedeschi e in etica degli affari e preferisce affrontare nuovi progetti. Il suo ultimo \"bambino\": il think tank \"Female Shift\". Quello che a prima vista sembra un femminismo in loop infinito si rivela essere qualcosa di molto diverso a un esame pi\u00f9 attento: il focus non \u00e8 sulla guerra di genere e sulle richieste di quote rosa, ma esplicitamente sull'enfatizzazione delle differenze tra i sessi. Femaleshift.org vuole allontanarsi da una mentalit\u00e0 di emancipazione femminile che preferirebbe dichiarare guerra a tutta la mascolinit\u00e0, verso un nuovo modo di pensare che trovi insieme soluzioni ai problemi globali. \"Non c'\u00e8 mai stata una tale densit\u00e0 e parallelismo di problemi e conflitti. Per questo abbiamo bisogno di nuovi approcci alle soluzioni, elaborati insieme da donne e uomini a livello degli occhi\", si legge sul sito.<\/p>\n<h2><strong>Assumersi la responsabilit\u00e0<\/strong><\/h2>\n<p>Il 51% dell'umanit\u00e0 sono donne. \u00c8 quindi sorprendente che una maggioranza si sia lasciata imporre per cos\u00ec tanto tempo da una minoranza ci\u00f2 che doveva o non doveva fare. Questo \u00e8 in netto contrasto con il megatrend \"donne\": non c'\u00e8 mai stata una generazione di donne cos\u00ec istruita e ambiziosa come quella di oggi. Di conseguenza, c'\u00e8 uno spostamento di competenze e responsabilit\u00e0 dagli uomini alle donne. Eppure le donne sono ancora considerate una \"minoranza degna di promozione\", dice Monique R. Siegel. \"Questo modo di pensare risale a ieri\", afferma risolutamente. Invece, dice, \u00e8 ora una questione di entrambi i sessi che lavorano insieme - anche attraverso le generazioni - per essere in grado di affrontare le grandi crisi. I prerequisiti provati ci sarebbero: \u00c8 un fatto che le squadre miste lavorano con pi\u00f9 profitto.<\/p>\n<p>\"Noi, come societ\u00e0, ci aspettiamo che le donne si assumano delle responsabilit\u00e0\", \u00e8 un punto del credo di Female Shift. D'altra parte, Female Shift si concentra anche sui nuovi padri: essi mostrano un atteggiamento completamente diverso nei confronti delle donne e hanno un forte interesse a cambiare il mondo del lavoro a loro favore.<\/p>\n<h2><strong>Offerte per le PMI<\/strong><\/h2>\n<p>Per il suo progetto, che \u00e8 stato lanciato nel giugno 2017 con un evento pilota, Monique R. Siegel ha trovato un compagno d'armi che ha sostenuto le preoccupazioni delle donne in affari per decenni: Rosmarie Michel, nata nel 1931, a lungo presidente della Business and Professional Women (BPW) Switzerland, a lungo primo membro del consiglio di amministrazione del Credit Suisse e oggi una decana della business community della citt\u00e0 di Zurigo. Insieme ad altri compagni d'armi, anche pi\u00f9 giovani, le due signore vogliono rendere il think tank e la piattaforma www.femaleshift.org appetibili per le PMI. Come pool di esperti, centro di informazione e laboratorio di innovazione, \u00e8 a disposizione delle parti interessate. La gamma di servizi comprende eventi per il processo decisionale, la presentazione di esempi di buone pratiche e innovazione e tavole rotonde per lo scambio di informazioni con esperti. Il think tank offre anche i suoi servizi per sostenere la valutazione e l'implementazione dei progetti di inclusione delle aziende.<\/p>\n<h2>Evento del 9 aprile<\/h2>\n<p>Diversit\u00e0 in azione: questo \u00e8 il tema del prossimo evento Female Shift del 9 aprile 2018 (dalle 16 alle 21) alla Zunfthaus \"zur Meisen\" di Zurigo: cosa si pu\u00f2 scoprire per l'approccio personale alla diversit\u00e0? Come lo affrontano gli altri? Quali esempi di successo esistono? E quali lezioni si possono imparare dal fallimento? In questo evento, i collaboratori racconteranno le loro storie - l'ispirazione dovrebbe essere fornita.<\/p>\n<p><em>Ulteriori informazioni su <strong><a href=\"http:\/\/www.femaleshift.org\">www.femaleshift.org<\/a>.<\/strong><\/em><\/p>","protected":false},"excerpt":{"rendered":"<p>Man merkt es allein schon bei der Lekt\u00fcre ihrer regelm\u00e4ssigen \u00abBlitzlicht\u00bb-Kolumne in der Print-Ausgabe des ORGANISATOR: Monique R. Siegel ist ein Mensch, der nur so von Gedanken spr\u00fcht. Schon l\u00e4ngst k\u00f6nnte sie ihren Ruhestand geniessen, doch das w\u00e4re ihre Sache nicht. Die promovierte Germanistin und Wirtschaftsethikerin reisst lieber neue Projekte an. Ihr neuestes \u00abBaby\u00bb: Der [&hellip;]<\/p>\n","protected":false},"author":7,"featured_media":11425,"comment_status":"open","ping_status":"open","sticky":false,"template":"","format":"standard","meta":{"_acf_changed":false,"_yoast_wpseo_focuskw":"Female Shift","_yoast_wpseo_metadesc":"Neue L\u00f6sungsans\u00e4tze sind n\u00f6tig, um die globalen Probleme zu l\u00f6sen. Derweil bewirtschaften wir immer noch den \u00abKampf der Geschlechter\u00bb. Eine \u00fcberholte Denkweise, wie Monique R. Siegel findet; ihr Think Tank \u00abFemale Shift\u00bb wirft diese \u00fcber Bord.","articlekey":"","footnotes":""},"categories":[28],"tags":[159,335,502,503,508],"class_list":["post-3322","post","type-post","status-publish","format-standard","has-post-thumbnail","hentry","category-management","tag-diversity","tag-management-und-unternehmensfuehrung","tag-veranstaltungen","tag-verbaende","tag-vermischtes"],"acf":[],"yoast_head":"<!-- This site is optimized with the Yoast SEO plugin v27.5 - https:\/\/yoast.com\/product\/yoast-seo-wordpress\/ -->\n<title>Der Geschlechterkampf ist \u00fcberholt - Organisator<\/title>\n<meta name=\"description\" content=\"Neue L\u00f6sungsans\u00e4tze sind n\u00f6tig, um die globalen Probleme zu l\u00f6sen. Derweil bewirtschaften wir immer noch den \u00abKampf der Geschlechter\u00bb. Eine \u00fcberholte Denkweise, wie Monique R. Siegel findet; ihr Think Tank \u00abFemale Shift\u00bb wirft diese \u00fcber Bord.\" \/>\n<meta name=\"robots\" content=\"index, follow, max-snippet:-1, max-image-preview:large, max-video-preview:-1\" \/>\n<link rel=\"canonical\" href=\"https:\/\/www.organisator.ch\/it\/gestione-2\/2018-03-19\/der-geschlechterkampf-ist-ueberholt\/\" \/>\n<meta property=\"og:locale\" content=\"it_IT\" \/>\n<meta property=\"og:type\" content=\"article\" \/>\n<meta property=\"og:title\" content=\"Der Geschlechterkampf ist \u00fcberholt\" \/>\n<meta property=\"og:description\" content=\"Neue L\u00f6sungsans\u00e4tze sind n\u00f6tig, um die globalen Probleme zu l\u00f6sen. Derweil bewirtschaften wir immer noch den \u00abKampf der #Geschlechter\u00bb. Eine \u00fcberholte Denkweise, wie Monique R. Siegel findet; ihr Think Tank \u00ab#Female #Shift\u00bb wirft diese \u00fcber Bord.\" \/>\n<meta property=\"og:url\" content=\"https:\/\/www.organisator.ch\/it\/gestione-2\/2018-03-19\/der-geschlechterkampf-ist-ueberholt\/\" \/>\n<meta property=\"og:site_name\" content=\"Organisator\" \/>\n<meta property=\"article:publisher\" content=\"https:\/\/www.facebook.com\/OrganisatorFachmagazin\" \/>\n<meta property=\"article:published_time\" content=\"2018-03-19T06:52:40+00:00\" \/>\n<meta property=\"og:image\" content=\"https:\/\/www.organisator.ch\/wp-content\/uploads\/2018\/03\/2018_03_Leadership_Femaleshift_Bi_1550229-1.jpg\" \/>\n\t<meta property=\"og:image:width\" content=\"2000\" \/>\n\t<meta property=\"og:image:height\" content=\"1328\" \/>\n\t<meta property=\"og:image:type\" content=\"image\/jpeg\" \/>\n<meta name=\"author\" content=\"K4-Import\" \/>\n<meta name=\"twitter:card\" content=\"summary_large_image\" \/>\n<meta name=\"twitter:title\" content=\"Der #Geschlechterkampf ist \u00fcberholt\" \/>\n<meta name=\"twitter:description\" content=\"Neue L\u00f6sungsans\u00e4tze sind n\u00f6tig, um die globalen Probleme zu l\u00f6sen. Derweil bewirtschaften wir immer noch den \u00abKampf der #Geschlechter\u00bb. Eine \u00fcberholte Denkweise, wie Monique R. Siegel findet; ihr Think Tank \u00ab#Female #Shift\u00bb wirft diese \u00fcber Bord.\" \/>\n<meta name=\"twitter:image\" content=\"https:\/\/www.organisator.ch\/wp-content\/uploads\/2018\/03\/2018_03_Leadership_Femaleshift_Bi_1550229-1.jpg\" \/>\n<script type=\"application\/ld+json\" class=\"yoast-schema-graph\">{\"@context\":\"https:\\\/\\\/schema.org\",\"@graph\":[{\"@type\":\"Article\",\"@id\":\"https:\\\/\\\/www.organisator.ch\\\/management\\\/2018-03-19\\\/der-geschlechterkampf-ist-ueberholt\\\/#article\",\"isPartOf\":{\"@id\":\"https:\\\/\\\/www.organisator.ch\\\/management\\\/2018-03-19\\\/der-geschlechterkampf-ist-ueberholt\\\/\"},\"author\":{\"name\":\"K4-Import\",\"@id\":\"https:\\\/\\\/www.organisator.ch\\\/#\\\/schema\\\/person\\\/dd8ffea01043c9c41d7718296a158fac\"},\"headline\":\"Der Geschlechterkampf ist \u00fcberholt\",\"datePublished\":\"2018-03-19T06:52:40+00:00\",\"mainEntityOfPage\":{\"@id\":\"https:\\\/\\\/www.organisator.ch\\\/management\\\/2018-03-19\\\/der-geschlechterkampf-ist-ueberholt\\\/\"},\"wordCount\":654,\"commentCount\":0,\"publisher\":{\"@id\":\"https:\\\/\\\/www.organisator.ch\\\/#organization\"},\"image\":{\"@id\":\"https:\\\/\\\/www.organisator.ch\\\/management\\\/2018-03-19\\\/der-geschlechterkampf-ist-ueberholt\\\/#primaryimage\"},\"thumbnailUrl\":\"https:\\\/\\\/www.organisator.ch\\\/wp-content\\\/uploads\\\/2018\\\/03\\\/2018_03_Leadership_Femaleshift_Bi_1550229-1-1.jpg\",\"keywords\":[\"Diversity\",\"Management und Unternehmensf\u00fchrung\",\"Veranstaltungen\",\"Verb\u00e4nde\",\"Vermischtes\"],\"articleSection\":[\"MANAGEMENT\"],\"inLanguage\":\"it-IT\"},{\"@type\":\"WebPage\",\"@id\":\"https:\\\/\\\/www.organisator.ch\\\/management\\\/2018-03-19\\\/der-geschlechterkampf-ist-ueberholt\\\/\",\"url\":\"https:\\\/\\\/www.organisator.ch\\\/management\\\/2018-03-19\\\/der-geschlechterkampf-ist-ueberholt\\\/\",\"name\":\"Der Geschlechterkampf ist \u00fcberholt - Organisator\",\"isPartOf\":{\"@id\":\"https:\\\/\\\/www.organisator.ch\\\/#website\"},\"primaryImageOfPage\":{\"@id\":\"https:\\\/\\\/www.organisator.ch\\\/management\\\/2018-03-19\\\/der-geschlechterkampf-ist-ueberholt\\\/#primaryimage\"},\"image\":{\"@id\":\"https:\\\/\\\/www.organisator.ch\\\/management\\\/2018-03-19\\\/der-geschlechterkampf-ist-ueberholt\\\/#primaryimage\"},\"thumbnailUrl\":\"https:\\\/\\\/www.organisator.ch\\\/wp-content\\\/uploads\\\/2018\\\/03\\\/2018_03_Leadership_Femaleshift_Bi_1550229-1-1.jpg\",\"datePublished\":\"2018-03-19T06:52:40+00:00\",\"description\":\"Neue L\u00f6sungsans\u00e4tze sind n\u00f6tig, um die globalen Probleme zu l\u00f6sen. Derweil bewirtschaften wir immer noch den \u00abKampf der Geschlechter\u00bb. Eine \u00fcberholte Denkweise, wie Monique R. Siegel findet; ihr Think Tank \u00abFemale Shift\u00bb wirft diese \u00fcber Bord.\",\"breadcrumb\":{\"@id\":\"https:\\\/\\\/www.organisator.ch\\\/management\\\/2018-03-19\\\/der-geschlechterkampf-ist-ueberholt\\\/#breadcrumb\"},\"inLanguage\":\"it-IT\",\"potentialAction\":[{\"@type\":\"ReadAction\",\"target\":[\"https:\\\/\\\/www.organisator.ch\\\/management\\\/2018-03-19\\\/der-geschlechterkampf-ist-ueberholt\\\/\"]}]},{\"@type\":\"ImageObject\",\"inLanguage\":\"it-IT\",\"@id\":\"https:\\\/\\\/www.organisator.ch\\\/management\\\/2018-03-19\\\/der-geschlechterkampf-ist-ueberholt\\\/#primaryimage\",\"url\":\"https:\\\/\\\/www.organisator.ch\\\/wp-content\\\/uploads\\\/2018\\\/03\\\/2018_03_Leadership_Femaleshift_Bi_1550229-1-1.jpg\",\"contentUrl\":\"https:\\\/\\\/www.organisator.ch\\\/wp-content\\\/uploads\\\/2018\\\/03\\\/2018_03_Leadership_Femaleshift_Bi_1550229-1-1.jpg\",\"width\":2000,\"height\":1328,\"caption\":\"\u2022 Zeit f\u00fcr das Ende des \u00abKampfs der Geschlechter\u00bb: Prof. Dr. Gerhard M. Buurman, Rosmarie Michel, Monique R. Siegel vom Kern-team des Think Tanks Female Shift.\"},{\"@type\":\"BreadcrumbList\",\"@id\":\"https:\\\/\\\/www.organisator.ch\\\/management\\\/2018-03-19\\\/der-geschlechterkampf-ist-ueberholt\\\/#breadcrumb\",\"itemListElement\":[{\"@type\":\"ListItem\",\"position\":1,\"name\":\"Home\",\"item\":\"https:\\\/\\\/www.organisator.ch\\\/\"},{\"@type\":\"ListItem\",\"position\":2,\"name\":\"Der Geschlechterkampf ist \u00fcberholt\"}]},{\"@type\":\"WebSite\",\"@id\":\"https:\\\/\\\/www.organisator.ch\\\/#website\",\"url\":\"https:\\\/\\\/www.organisator.ch\\\/\",\"name\":\"Organisator\",\"description\":\"Kompetent. Praxisnah. Der ORGANISATOR bereitet in 10 Ausgaben pro Jahr die wesentlichen Themen f\u00fcr F\u00fchrungskr\u00e4fte von KMU auf.\",\"publisher\":{\"@id\":\"https:\\\/\\\/www.organisator.ch\\\/#organization\"},\"potentialAction\":[{\"@type\":\"SearchAction\",\"target\":{\"@type\":\"EntryPoint\",\"urlTemplate\":\"https:\\\/\\\/www.organisator.ch\\\/?s={search_term_string}\"},\"query-input\":{\"@type\":\"PropertyValueSpecification\",\"valueRequired\":true,\"valueName\":\"search_term_string\"}}],\"inLanguage\":\"it-IT\"},{\"@type\":\"Organization\",\"@id\":\"https:\\\/\\\/www.organisator.ch\\\/#organization\",\"name\":\"Organisator\",\"url\":\"https:\\\/\\\/www.organisator.ch\\\/\",\"logo\":{\"@type\":\"ImageObject\",\"inLanguage\":\"it-IT\",\"@id\":\"https:\\\/\\\/www.organisator.ch\\\/#\\\/schema\\\/logo\\\/image\\\/\",\"url\":\"https:\\\/\\\/www.organisator.ch\\\/wp-content\\\/uploads\\\/2022\\\/01\\\/Logo_Organisator_Website.png\",\"contentUrl\":\"https:\\\/\\\/www.organisator.ch\\\/wp-content\\\/uploads\\\/2022\\\/01\\\/Logo_Organisator_Website.png\",\"width\":800,\"height\":77,\"caption\":\"Organisator\"},\"image\":{\"@id\":\"https:\\\/\\\/www.organisator.ch\\\/#\\\/schema\\\/logo\\\/image\\\/\"},\"sameAs\":[\"https:\\\/\\\/www.facebook.com\\\/OrganisatorFachmagazin\",\"https:\\\/\\\/www.linkedin.com\\\/showcase\\\/organisator-das-magazin-fr-kmu\",\"https:\\\/\\\/www.xing.com\\\/news\\\/pages\\\/organisator-ch-695\",\"https:\\\/\\\/www.youtube.com\\\/channel\\\/UCGP2Sq0iWaZwT3BdIAQFYpw\"]},{\"@type\":\"Person\",\"@id\":\"https:\\\/\\\/www.organisator.ch\\\/#\\\/schema\\\/person\\\/dd8ffea01043c9c41d7718296a158fac\",\"name\":\"K4-Import\",\"image\":{\"@type\":\"ImageObject\",\"inLanguage\":\"it-IT\",\"@id\":\"https:\\\/\\\/secure.gravatar.com\\\/avatar\\\/73620ab7215a54b074cc226514e02ed65cb79211bbaee1eb49b63b57e58aaad6?s=96&d=mm&r=g\",\"url\":\"https:\\\/\\\/secure.gravatar.com\\\/avatar\\\/73620ab7215a54b074cc226514e02ed65cb79211bbaee1eb49b63b57e58aaad6?s=96&d=mm&r=g\",\"contentUrl\":\"https:\\\/\\\/secure.gravatar.com\\\/avatar\\\/73620ab7215a54b074cc226514e02ed65cb79211bbaee1eb49b63b57e58aaad6?s=96&d=mm&r=g\",\"caption\":\"K4-Import\"},\"url\":\"https:\\\/\\\/www.organisator.ch\\\/it\\\/author\\\/k4-import\\\/\"}]}<\/script>\n<!-- \/ Yoast SEO plugin. -->","yoast_head_json":{"title":"La battaglia dei sessi \u00e8 superata - Organizzatore","description":"Sono necessari nuovi approcci per risolvere i problemi globali. Nel frattempo, stiamo ancora gestendo la \"battaglia dei sessi\". Un modo di pensare superato, come scopre Monique R. Siegel; il suo think tank \"Female Shift\" lo butta a mare.","robots":{"index":"index","follow":"follow","max-snippet":"max-snippet:-1","max-image-preview":"max-image-preview:large","max-video-preview":"max-video-preview:-1"},"canonical":"https:\/\/www.organisator.ch\/it\/gestione-2\/2018-03-19\/der-geschlechterkampf-ist-ueberholt\/","og_locale":"it_IT","og_type":"article","og_title":"Der Geschlechterkampf ist \u00fcberholt","og_description":"Neue L\u00f6sungsans\u00e4tze sind n\u00f6tig, um die globalen Probleme zu l\u00f6sen. Derweil bewirtschaften wir immer noch den \u00abKampf der #Geschlechter\u00bb. Eine \u00fcberholte Denkweise, wie Monique R. Siegel findet; ihr Think Tank \u00ab#Female #Shift\u00bb wirft diese \u00fcber Bord.","og_url":"https:\/\/www.organisator.ch\/it\/gestione-2\/2018-03-19\/der-geschlechterkampf-ist-ueberholt\/","og_site_name":"Organisator","article_publisher":"https:\/\/www.facebook.com\/OrganisatorFachmagazin","article_published_time":"2018-03-19T06:52:40+00:00","og_image":[{"width":2000,"height":1328,"url":"https:\/\/www.organisator.ch\/wp-content\/uploads\/2018\/03\/2018_03_Leadership_Femaleshift_Bi_1550229-1.jpg","type":"image\/jpeg"}],"author":"K4-Import","twitter_card":"summary_large_image","twitter_title":"Der #Geschlechterkampf ist \u00fcberholt","twitter_description":"Neue L\u00f6sungsans\u00e4tze sind n\u00f6tig, um die globalen Probleme zu l\u00f6sen. Derweil bewirtschaften wir immer noch den \u00abKampf der #Geschlechter\u00bb. Eine \u00fcberholte Denkweise, wie Monique R. Siegel findet; ihr Think Tank \u00ab#Female #Shift\u00bb wirft diese \u00fcber Bord.","twitter_image":"https:\/\/www.organisator.ch\/wp-content\/uploads\/2018\/03\/2018_03_Leadership_Femaleshift_Bi_1550229-1.jpg","schema":{"@context":"https:\/\/schema.org","@graph":[{"@type":"Article","@id":"https:\/\/www.organisator.ch\/management\/2018-03-19\/der-geschlechterkampf-ist-ueberholt\/#article","isPartOf":{"@id":"https:\/\/www.organisator.ch\/management\/2018-03-19\/der-geschlechterkampf-ist-ueberholt\/"},"author":{"name":"K4-Import","@id":"https:\/\/www.organisator.ch\/#\/schema\/person\/dd8ffea01043c9c41d7718296a158fac"},"headline":"Der Geschlechterkampf ist \u00fcberholt","datePublished":"2018-03-19T06:52:40+00:00","mainEntityOfPage":{"@id":"https:\/\/www.organisator.ch\/management\/2018-03-19\/der-geschlechterkampf-ist-ueberholt\/"},"wordCount":654,"commentCount":0,"publisher":{"@id":"https:\/\/www.organisator.ch\/#organization"},"image":{"@id":"https:\/\/www.organisator.ch\/management\/2018-03-19\/der-geschlechterkampf-ist-ueberholt\/#primaryimage"},"thumbnailUrl":"https:\/\/www.organisator.ch\/wp-content\/uploads\/2018\/03\/2018_03_Leadership_Femaleshift_Bi_1550229-1-1.jpg","keywords":["Diversity","Management und Unternehmensf\u00fchrung","Veranstaltungen","Verb\u00e4nde","Vermischtes"],"articleSection":["MANAGEMENT"],"inLanguage":"it-IT"},{"@type":"WebPage","@id":"https:\/\/www.organisator.ch\/management\/2018-03-19\/der-geschlechterkampf-ist-ueberholt\/","url":"https:\/\/www.organisator.ch\/management\/2018-03-19\/der-geschlechterkampf-ist-ueberholt\/","name":"La battaglia dei sessi \u00e8 superata - Organizzatore","isPartOf":{"@id":"https:\/\/www.organisator.ch\/#website"},"primaryImageOfPage":{"@id":"https:\/\/www.organisator.ch\/management\/2018-03-19\/der-geschlechterkampf-ist-ueberholt\/#primaryimage"},"image":{"@id":"https:\/\/www.organisator.ch\/management\/2018-03-19\/der-geschlechterkampf-ist-ueberholt\/#primaryimage"},"thumbnailUrl":"https:\/\/www.organisator.ch\/wp-content\/uploads\/2018\/03\/2018_03_Leadership_Femaleshift_Bi_1550229-1-1.jpg","datePublished":"2018-03-19T06:52:40+00:00","description":"Sono necessari nuovi approcci per risolvere i problemi globali. Nel frattempo, stiamo ancora gestendo la \"battaglia dei sessi\". Un modo di pensare superato, come scopre Monique R. Siegel; il suo think tank \"Female Shift\" lo butta a mare.","breadcrumb":{"@id":"https:\/\/www.organisator.ch\/management\/2018-03-19\/der-geschlechterkampf-ist-ueberholt\/#breadcrumb"},"inLanguage":"it-IT","potentialAction":[{"@type":"ReadAction","target":["https:\/\/www.organisator.ch\/management\/2018-03-19\/der-geschlechterkampf-ist-ueberholt\/"]}]},{"@type":"ImageObject","inLanguage":"it-IT","@id":"https:\/\/www.organisator.ch\/management\/2018-03-19\/der-geschlechterkampf-ist-ueberholt\/#primaryimage","url":"https:\/\/www.organisator.ch\/wp-content\/uploads\/2018\/03\/2018_03_Leadership_Femaleshift_Bi_1550229-1-1.jpg","contentUrl":"https:\/\/www.organisator.ch\/wp-content\/uploads\/2018\/03\/2018_03_Leadership_Femaleshift_Bi_1550229-1-1.jpg","width":2000,"height":1328,"caption":"\u2022 Zeit f\u00fcr das Ende des \u00abKampfs der Geschlechter\u00bb: Prof. Dr. Gerhard M. Buurman, Rosmarie Michel, Monique R. Siegel vom Kern-team des Think Tanks Female Shift."},{"@type":"BreadcrumbList","@id":"https:\/\/www.organisator.ch\/management\/2018-03-19\/der-geschlechterkampf-ist-ueberholt\/#breadcrumb","itemListElement":[{"@type":"ListItem","position":1,"name":"Home","item":"https:\/\/www.organisator.ch\/"},{"@type":"ListItem","position":2,"name":"Der Geschlechterkampf ist \u00fcberholt"}]},{"@type":"WebSite","@id":"https:\/\/www.organisator.ch\/#website","url":"https:\/\/www.organisator.ch\/","name":"Organizzatore","description":"Competente. Pratico. In 10 numeri all'anno, ORGANISATOR presenta i temi essenziali per i manager delle PMI.","publisher":{"@id":"https:\/\/www.organisator.ch\/#organization"},"potentialAction":[{"@type":"SearchAction","target":{"@type":"EntryPoint","urlTemplate":"https:\/\/www.organisator.ch\/?s={search_term_string}"},"query-input":{"@type":"PropertyValueSpecification","valueRequired":true,"valueName":"search_term_string"}}],"inLanguage":"it-IT"},{"@type":"Organization","@id":"https:\/\/www.organisator.ch\/#organization","name":"Organizzatore","url":"https:\/\/www.organisator.ch\/","logo":{"@type":"ImageObject","inLanguage":"it-IT","@id":"https:\/\/www.organisator.ch\/#\/schema\/logo\/image\/","url":"https:\/\/www.organisator.ch\/wp-content\/uploads\/2022\/01\/Logo_Organisator_Website.png","contentUrl":"https:\/\/www.organisator.ch\/wp-content\/uploads\/2022\/01\/Logo_Organisator_Website.png","width":800,"height":77,"caption":"Organisator"},"image":{"@id":"https:\/\/www.organisator.ch\/#\/schema\/logo\/image\/"},"sameAs":["https:\/\/www.facebook.com\/OrganisatorFachmagazin","https:\/\/www.linkedin.com\/showcase\/organisator-das-magazin-fr-kmu","https:\/\/www.xing.com\/news\/pages\/organisator-ch-695","https:\/\/www.youtube.com\/channel\/UCGP2Sq0iWaZwT3BdIAQFYpw"]},{"@type":"Person","@id":"https:\/\/www.organisator.ch\/#\/schema\/person\/dd8ffea01043c9c41d7718296a158fac","name":"Importazione K4","image":{"@type":"ImageObject","inLanguage":"it-IT","@id":"https:\/\/secure.gravatar.com\/avatar\/73620ab7215a54b074cc226514e02ed65cb79211bbaee1eb49b63b57e58aaad6?s=96&d=mm&r=g","url":"https:\/\/secure.gravatar.com\/avatar\/73620ab7215a54b074cc226514e02ed65cb79211bbaee1eb49b63b57e58aaad6?s=96&d=mm&r=g","contentUrl":"https:\/\/secure.gravatar.com\/avatar\/73620ab7215a54b074cc226514e02ed65cb79211bbaee1eb49b63b57e58aaad6?s=96&d=mm&r=g","caption":"K4-Import"},"url":"https:\/\/www.organisator.ch\/it\/author\/k4-import\/"}]}},"_links":{"self":[{"href":"https:\/\/www.organisator.ch\/it\/wp-json\/wp\/v2\/posts\/3322","targetHints":{"allow":["GET"]}}],"collection":[{"href":"https:\/\/www.organisator.ch\/it\/wp-json\/wp\/v2\/posts"}],"about":[{"href":"https:\/\/www.organisator.ch\/it\/wp-json\/wp\/v2\/types\/post"}],"author":[{"embeddable":true,"href":"https:\/\/www.organisator.ch\/it\/wp-json\/wp\/v2\/users\/7"}],"replies":[{"embeddable":true,"href":"https:\/\/www.organisator.ch\/it\/wp-json\/wp\/v2\/comments?post=3322"}],"version-history":[{"count":0,"href":"https:\/\/www.organisator.ch\/it\/wp-json\/wp\/v2\/posts\/3322\/revisions"}],"wp:featuredmedia":[{"embeddable":true,"href":"https:\/\/www.organisator.ch\/it\/wp-json\/wp\/v2\/media\/11425"}],"wp:attachment":[{"href":"https:\/\/www.organisator.ch\/it\/wp-json\/wp\/v2\/media?parent=3322"}],"wp:term":[{"taxonomy":"category","embeddable":true,"href":"https:\/\/www.organisator.ch\/it\/wp-json\/wp\/v2\/categories?post=3322"},{"taxonomy":"post_tag","embeddable":true,"href":"https:\/\/www.organisator.ch\/it\/wp-json\/wp\/v2\/tags?post=3322"}],"curies":[{"name":"wp","href":"https:\/\/api.w.org\/{rel}","templated":true}]}}