{"id":33609,"date":"2024-11-20T10:06:29","date_gmt":"2024-11-20T09:06:29","guid":{"rendered":"https:\/\/www.organisator.ch\/?p=33609"},"modified":"2024-11-27T09:48:38","modified_gmt":"2024-11-27T08:48:38","slug":"burnout-zum-jahresende-so-tanken-sie-neue-energie-und-starten-stark-ins-jahr-2025","status":"publish","type":"post","link":"https:\/\/www.organisator.ch\/it\/human-resources\/2024-11-20\/burnout-zum-jahresende-so-tanken-sie-neue-energie-und-starten-stark-ins-jahr-2025\/","title":{"rendered":"Burnout a fine anno? Come ricaricare le batterie e iniziare il 2025 con forza"},"content":{"rendered":"<figure id=\"attachment_33611\" aria-describedby=\"caption-attachment-33611\" style=\"width: 680px\" class=\"wp-caption alignnone\"><img loading=\"lazy\" decoding=\"async\" class=\"wp-image-33611 size-full\" src=\"https:\/\/www.organisator.ch\/wp-content\/uploads\/2024\/11\/Burnout_Bild1_ps.jpg\" alt=\"\" width=\"680\" height=\"454\" srcset=\"https:\/\/www.organisator.ch\/wp-content\/uploads\/2024\/11\/Burnout_Bild1_ps.jpg 680w, https:\/\/www.organisator.ch\/wp-content\/uploads\/2024\/11\/Burnout_Bild1_ps-18x12.jpg 18w, https:\/\/www.organisator.ch\/wp-content\/uploads\/2024\/11\/Burnout_Bild1_ps-375x250.jpg 375w, https:\/\/www.organisator.ch\/wp-content\/uploads\/2024\/11\/Burnout_Bild1_ps-524x350.jpg 524w\" sizes=\"auto, (max-width: 680px) 100vw, 680px\" \/><figcaption id=\"caption-attachment-33611\" class=\"wp-caption-text\">Riconoscere tempestivamente i sintomi del burnout \u00e8 il primo passo per riprendere il controllo. (Immagine: www.depositphotos.com)<\/figcaption><\/figure>\n<h3><strong>Riconoscere i segni del burnout\u00a0 <\/strong><\/h3>\n<p>Il burnout non si verifica da un giorno all'altro. Si accumula gradualmente, spesso inosservato, fino a compromettere le prestazioni e il benessere. \u00c8 necessario prestare attenzione ai seguenti segnali:\u00a0<\/p>\n<ul>\n<li>Stanchezza costante o sensazione di esaurimento<\/li>\n<li>Difficolt\u00e0 a concentrarsi o a rimanere motivati<\/li>\n<li>Irritabilit\u00e0 o sensazione di distacco dal lavoro<\/li>\n<\/ul>\n<p>Riconoscere tempestivamente questi segnali \u00e8 il primo passo per riprendere il controllo.\u00a0<\/p>\n<h3><strong>Perch\u00e9 il burnout ha un picco alla fine dell'anno\u00a0 <\/strong><\/h3>\n<ul>\n<li>La fine dell'anno porta spesso con s\u00e9 una tempesta perfetta di fattori di stress:<\/li>\n<li>Carico di lavoro intenso a causa di progetti e obiettivi in scadenza<\/li>\n<li>Bilanciare le esigenze professionali con gli obblighi personali e sociali<\/li>\n<li>Trascurare la cura di s\u00e9 per la fretta di fare tutto<\/li>\n<\/ul>\n<p>Se questa pressione rimane incontrollata, pu\u00f2 avere conseguenze a lungo termine, come una minore soddisfazione sul lavoro e un minore rendimento.\u00a0<\/p>\n<h3><strong>Strategie pratiche per rifornirsi e concentrarsi\u00a0\u00a0<\/strong><\/h3>\n<p><strong>1. controllare il proprio tempo:<\/strong> Prendendo il controllo dei vostri impegni, potete ridurre lo stress e creare spazio per voi stessi. Provate questi consigli:\u00a0\u00a0<\/p>\n<ul>\n<li>Dare priorit\u00e0 ai compiti: Concentratevi su ci\u00f2 che \u00e8 pi\u00f9 importante invece di cercare di portare a termine tutto.\u00a0<\/li>\n<li>Divideteli: Dividere i progetti pi\u00f9 grandi in fasi pi\u00f9 piccole e gestibili.\u00a0\u00a0<\/li>\n<li>Delegare: Condividere le responsabilit\u00e0, ove possibile, per evitare di essere sopraffatti.\u00a0<\/li>\n<li>Utilizzare blocchi di tempo: Assegnare blocchi di tempo ininterrotti alle attivit\u00e0 pi\u00f9 importanti e programmare brevi pause per ricaricarsi.\u00a0<\/li>\n<\/ul>\n<p>Un metodo efficace \u00e8 la tecnica del Pomodoro: 25 minuti di lavoro concentrato seguito da una pausa di 5 minuti.\u00a0\u00a0<\/p>\n<p><strong>2. stabilire dei limiti:<\/strong> I confini sani proteggono il vostro tempo e la vostra energia. Scoprite come crearli qui:<\/p>\n<ul>\n<li>Rifiutate con cortesia i compiti che vi impegnano troppo<\/li>\n<li>Comunicare chiaramente a colleghi e clienti i propri orari di lavoro e la propria disponibilit\u00e0.<\/li>\n<li>Disconnettersi dal lavoro dopo l'orario di lavoro per garantire una chiara separazione tra lavoro e vita privata.<\/li>\n<\/ul>\n<p>I limiti non solo prevengono il burnout, ma favoriscono anche una maggiore produttivit\u00e0 e soddisfazione.\u00a0<\/p>\n<p><strong>3. dare priorit\u00e0 alla cura di s\u00e9:<\/strong> Il benessere fisico e mentale \u00e8 importante per mantenere energia e concentrazione:<\/p>\n<ul>\n<li>Rimanere attivi: anche brevi passeggiate possono migliorare l'umore e ridurre lo stress.<\/li>\n<li>Nutrire il corpo: pasti equilibrati assicurano un'energia duratura<\/li>\n<li>Rilassarsi consapevolmente: pratiche come la meditazione o la mindfulness possono aiutare a rilassarsi.<\/li>\n<li>Ritrovare la gioia: gli hobby, la lettura o il tempo trascorso con i propri cari possono restituire la voglia di vivere.<\/li>\n<\/ul>\n<h3><strong>Quando \u00e8 necessario chiedere assistenza\u00a0 <\/strong><\/h3>\n<p>Se il burnout vi sembra opprimente, non esitate a contattarlo:\u00a0\u00a0<\/p>\n<ul>\n<li>Parlate con il vostro responsabile di linea: Discutere con loro di come adattare il carico di lavoro se non \u00e8 pi\u00f9 gestibile\u00a0<\/li>\n<li>Utilizzare le risorse sul posto di lavoro: molte aziende offrono programmi di assistenza ai dipendenti (EAP).\u00a0<\/li>\n<li>Rivolgersi a professionisti: un terapeuta o un coach possono aiutarvi a sviluppare strategie di coping personalizzate.\u00a0<\/li>\n<\/ul>\n<p>Cercare aiuto non \u00e8 un segno di debolezza, ma un passo proattivo verso la resilienza.<\/p>\n<h3><strong>Iniziare l'anno 2025 con positivit\u00e0\u00a0 <\/strong><\/h3>\n<p>Per iniziare il nuovo anno in modo pi\u00f9 forte, dovete innanzitutto cambiare il vostro atteggiamento. Ecco come fare:\u00a0<\/p>\n<ul>\n<li>Riflettere sui risultati ottenuti: Festeggiate i vostri progressi, grandi o piccoli che siano<\/li>\n<li>Ponetevi dei propositi chiari: Definite obiettivi realizzabili per la vostra crescita personale e professionale.<\/li>\n<li>Praticare la gratitudine: coltivare la positivit\u00e0 per ottenere lo slancio per l'anno successivo.<\/li>\n<\/ul>\n<h3><strong>Non aspettate e agite oggi\u00a0 <\/strong><\/h3>\n<p>Il burnout \u00e8 una sfida, ma anche un'opportunit\u00e0 per ripensare le vostre priorit\u00e0, rienergizzarvi e rifocalizzarvi. Se riconoscete i segnali, ponete dei limiti e vi prendete cura di voi stessi, potrete superare lo stress di fine anno e affrontare il 2025 con rinnovata energia e motivazione.\u00a0<\/p>\n<p><em>Fonte: <a href=\"http:\/\/www.robertwalters.ch\">www.robertwalters.ch<\/a><\/em><\/p>","protected":false},"excerpt":{"rendered":"<p>Con l'avvicinarsi della fine dell'anno, molti professionisti sono sempre pi\u00f9 sotto pressione a causa delle scadenze ravvicinate, degli impegni festivi e della sfida di conciliare lavoro e vita domestica. Questo porta spesso al burnout di fine anno, uno stato di stanchezza mentale e fisica che pu\u00f2 influire sia sulla produttivit\u00e0 che sul benessere. Per aiutarvi a riprendervi e a iniziare il 2025 con rinnovata energia, Robert Walters, specialista svizzero del reclutamento, vi offre consigli pratici su come gestire lo stress, stabilire dei limiti e dare priorit\u00e0 alla cura di s\u00e9.  <\/p>","protected":false},"author":80,"featured_media":33611,"comment_status":"closed","ping_status":"closed","sticky":false,"template":"","format":"standard","meta":{"_acf_changed":false,"_yoast_wpseo_focuskw":"Burnout","_yoast_wpseo_metadesc":"Robert Walters gibt praktische Tipps zur Stressbew\u00e4ltigung, zur Festlegung von Grenzen und zur Priorisierung der Selbstf\u00fcrsorge.","articlekey":"","footnotes":""},"categories":[579],"tags":[101,361,424,4176,492],"class_list":["post-33609","post","type-post","status-publish","format-standard","has-post-thumbnail","hentry","category-human-resources","tag-burnout","tag-neuausrichtung","tag-schweiz","tag-stress-am-arbeitsplatz","tag-unternehmen"],"acf":[],"yoast_head":"<!-- This site is optimized with the Yoast SEO plugin v27.4 - https:\/\/yoast.com\/product\/yoast-seo-wordpress\/ -->\n<title>Burnout zum Jahresende? So tanken Sie neue Energie und starten stark ins Jahr 2025 - Organisator<\/title>\n<meta name=\"description\" content=\"Robert Walters gibt praktische Tipps zur Stressbew\u00e4ltigung, zur Festlegung von Grenzen und zur Priorisierung der Selbstf\u00fcrsorge.\" \/>\n<meta name=\"robots\" content=\"index, follow, max-snippet:-1, max-image-preview:large, max-video-preview:-1\" \/>\n<link rel=\"canonical\" href=\"https:\/\/www.organisator.ch\/it\/risorse-umane\/2024-11-20\/burnout-zum-jahresende-so-tanken-sie-neue-energie-und-starten-stark-ins-jahr-2025\/\" \/>\n<meta property=\"og:locale\" content=\"it_IT\" \/>\n<meta property=\"og:type\" content=\"article\" \/>\n<meta property=\"og:title\" content=\"Burnout zum Jahresende? So tanken Sie neue Energie und starten stark ins Jahr 2025\" \/>\n<meta property=\"og:description\" content=\"Robert Walters gibt praktische Tipps zur Stressbew\u00e4ltigung, zur Festlegung von Grenzen und zur Priorisierung der Selbstf\u00fcrsorge.\" \/>\n<meta property=\"og:url\" content=\"https:\/\/www.organisator.ch\/it\/risorse-umane\/2024-11-20\/burnout-zum-jahresende-so-tanken-sie-neue-energie-und-starten-stark-ins-jahr-2025\/\" \/>\n<meta property=\"og:site_name\" content=\"Organisator\" \/>\n<meta property=\"article:publisher\" content=\"https:\/\/www.facebook.com\/OrganisatorFachmagazin\" \/>\n<meta property=\"article:published_time\" content=\"2024-11-20T09:06:29+00:00\" \/>\n<meta property=\"article:modified_time\" content=\"2024-11-27T08:48:38+00:00\" \/>\n<meta property=\"og:image\" content=\"https:\/\/www.organisator.ch\/wp-content\/uploads\/2024\/11\/Burnout_Bild1_ps.jpg\" \/>\n\t<meta property=\"og:image:width\" content=\"680\" \/>\n\t<meta property=\"og:image:height\" content=\"454\" \/>\n\t<meta property=\"og:image:type\" content=\"image\/jpeg\" \/>\n<meta name=\"author\" content=\"Dzana Muminovic\" \/>\n<meta name=\"twitter:card\" content=\"summary_large_image\" \/>\n<meta name=\"twitter:title\" content=\"Burnout zum Jahresende? So tanken Sie neue Energie und starten stark ins Jahr 2025\" \/>\n<meta name=\"twitter:description\" content=\"#Robert #Walters gibt praktische #Tipps zur #Stressbew\u00e4ltigung, zur Festlegung von #Grenzen und zur Priorisierung der #Selbstf\u00fcrsorge.\" \/>\n<meta name=\"twitter:image\" content=\"https:\/\/www.organisator.ch\/wp-content\/uploads\/2024\/11\/Burnout_Bild1_ps.jpg\" \/>\n<script type=\"application\/ld+json\" class=\"yoast-schema-graph\">{\"@context\":\"https:\\\/\\\/schema.org\",\"@graph\":[{\"@type\":\"Article\",\"@id\":\"https:\\\/\\\/www.organisator.ch\\\/human-resources\\\/2024-11-20\\\/burnout-zum-jahresende-so-tanken-sie-neue-energie-und-starten-stark-ins-jahr-2025\\\/#article\",\"isPartOf\":{\"@id\":\"https:\\\/\\\/www.organisator.ch\\\/human-resources\\\/2024-11-20\\\/burnout-zum-jahresende-so-tanken-sie-neue-energie-und-starten-stark-ins-jahr-2025\\\/\"},\"author\":{\"name\":\"Dzana Muminovic\",\"@id\":\"https:\\\/\\\/www.organisator.ch\\\/#\\\/schema\\\/person\\\/afccda3a71c06d4be2ed9100dd163db7\"},\"headline\":\"Burnout zum Jahresende? So tanken Sie neue Energie und starten stark ins Jahr 2025\",\"datePublished\":\"2024-11-20T09:06:29+00:00\",\"dateModified\":\"2024-11-27T08:48:38+00:00\",\"mainEntityOfPage\":{\"@id\":\"https:\\\/\\\/www.organisator.ch\\\/human-resources\\\/2024-11-20\\\/burnout-zum-jahresende-so-tanken-sie-neue-energie-und-starten-stark-ins-jahr-2025\\\/\"},\"wordCount\":699,\"publisher\":{\"@id\":\"https:\\\/\\\/www.organisator.ch\\\/#organization\"},\"image\":{\"@id\":\"https:\\\/\\\/www.organisator.ch\\\/human-resources\\\/2024-11-20\\\/burnout-zum-jahresende-so-tanken-sie-neue-energie-und-starten-stark-ins-jahr-2025\\\/#primaryimage\"},\"thumbnailUrl\":\"https:\\\/\\\/www.organisator.ch\\\/wp-content\\\/uploads\\\/2024\\\/11\\\/Burnout_Bild1_ps.jpg\",\"keywords\":[\"Burnout\",\"Neuausrichtung\",\"Schweiz\",\"Stress am Arbeitsplatz\",\"Unternehmen\"],\"articleSection\":[\"HUMAN RESOURCES\"],\"inLanguage\":\"it-IT\"},{\"@type\":\"WebPage\",\"@id\":\"https:\\\/\\\/www.organisator.ch\\\/human-resources\\\/2024-11-20\\\/burnout-zum-jahresende-so-tanken-sie-neue-energie-und-starten-stark-ins-jahr-2025\\\/\",\"url\":\"https:\\\/\\\/www.organisator.ch\\\/human-resources\\\/2024-11-20\\\/burnout-zum-jahresende-so-tanken-sie-neue-energie-und-starten-stark-ins-jahr-2025\\\/\",\"name\":\"Burnout zum Jahresende? So tanken Sie neue Energie und starten stark ins Jahr 2025 - Organisator\",\"isPartOf\":{\"@id\":\"https:\\\/\\\/www.organisator.ch\\\/#website\"},\"primaryImageOfPage\":{\"@id\":\"https:\\\/\\\/www.organisator.ch\\\/human-resources\\\/2024-11-20\\\/burnout-zum-jahresende-so-tanken-sie-neue-energie-und-starten-stark-ins-jahr-2025\\\/#primaryimage\"},\"image\":{\"@id\":\"https:\\\/\\\/www.organisator.ch\\\/human-resources\\\/2024-11-20\\\/burnout-zum-jahresende-so-tanken-sie-neue-energie-und-starten-stark-ins-jahr-2025\\\/#primaryimage\"},\"thumbnailUrl\":\"https:\\\/\\\/www.organisator.ch\\\/wp-content\\\/uploads\\\/2024\\\/11\\\/Burnout_Bild1_ps.jpg\",\"datePublished\":\"2024-11-20T09:06:29+00:00\",\"dateModified\":\"2024-11-27T08:48:38+00:00\",\"description\":\"Robert Walters gibt praktische Tipps zur Stressbew\u00e4ltigung, zur Festlegung von Grenzen und zur Priorisierung der Selbstf\u00fcrsorge.\",\"breadcrumb\":{\"@id\":\"https:\\\/\\\/www.organisator.ch\\\/human-resources\\\/2024-11-20\\\/burnout-zum-jahresende-so-tanken-sie-neue-energie-und-starten-stark-ins-jahr-2025\\\/#breadcrumb\"},\"inLanguage\":\"it-IT\",\"potentialAction\":[{\"@type\":\"ReadAction\",\"target\":[\"https:\\\/\\\/www.organisator.ch\\\/human-resources\\\/2024-11-20\\\/burnout-zum-jahresende-so-tanken-sie-neue-energie-und-starten-stark-ins-jahr-2025\\\/\"]}]},{\"@type\":\"ImageObject\",\"inLanguage\":\"it-IT\",\"@id\":\"https:\\\/\\\/www.organisator.ch\\\/human-resources\\\/2024-11-20\\\/burnout-zum-jahresende-so-tanken-sie-neue-energie-und-starten-stark-ins-jahr-2025\\\/#primaryimage\",\"url\":\"https:\\\/\\\/www.organisator.ch\\\/wp-content\\\/uploads\\\/2024\\\/11\\\/Burnout_Bild1_ps.jpg\",\"contentUrl\":\"https:\\\/\\\/www.organisator.ch\\\/wp-content\\\/uploads\\\/2024\\\/11\\\/Burnout_Bild1_ps.jpg\",\"width\":680,\"height\":454,\"caption\":\"Das fr\u00fchzeitige Erkennen von Burnout-Symptomen ist der erste Schritt, um die Kontrolle wiederzuerlangen. (Bild: www.depositphotos.com)\"},{\"@type\":\"BreadcrumbList\",\"@id\":\"https:\\\/\\\/www.organisator.ch\\\/human-resources\\\/2024-11-20\\\/burnout-zum-jahresende-so-tanken-sie-neue-energie-und-starten-stark-ins-jahr-2025\\\/#breadcrumb\",\"itemListElement\":[{\"@type\":\"ListItem\",\"position\":1,\"name\":\"Home\",\"item\":\"https:\\\/\\\/www.organisator.ch\\\/\"},{\"@type\":\"ListItem\",\"position\":2,\"name\":\"Burnout zum Jahresende? So tanken Sie neue Energie und starten stark ins Jahr 2025\"}]},{\"@type\":\"WebSite\",\"@id\":\"https:\\\/\\\/www.organisator.ch\\\/#website\",\"url\":\"https:\\\/\\\/www.organisator.ch\\\/\",\"name\":\"Organisator\",\"description\":\"Kompetent. Praxisnah. Der ORGANISATOR bereitet in 10 Ausgaben pro Jahr die wesentlichen Themen f\u00fcr F\u00fchrungskr\u00e4fte von KMU auf.\",\"publisher\":{\"@id\":\"https:\\\/\\\/www.organisator.ch\\\/#organization\"},\"potentialAction\":[{\"@type\":\"SearchAction\",\"target\":{\"@type\":\"EntryPoint\",\"urlTemplate\":\"https:\\\/\\\/www.organisator.ch\\\/?s={search_term_string}\"},\"query-input\":{\"@type\":\"PropertyValueSpecification\",\"valueRequired\":true,\"valueName\":\"search_term_string\"}}],\"inLanguage\":\"it-IT\"},{\"@type\":\"Organization\",\"@id\":\"https:\\\/\\\/www.organisator.ch\\\/#organization\",\"name\":\"Organisator\",\"url\":\"https:\\\/\\\/www.organisator.ch\\\/\",\"logo\":{\"@type\":\"ImageObject\",\"inLanguage\":\"it-IT\",\"@id\":\"https:\\\/\\\/www.organisator.ch\\\/#\\\/schema\\\/logo\\\/image\\\/\",\"url\":\"https:\\\/\\\/www.organisator.ch\\\/wp-content\\\/uploads\\\/2022\\\/01\\\/Logo_Organisator_Website.png\",\"contentUrl\":\"https:\\\/\\\/www.organisator.ch\\\/wp-content\\\/uploads\\\/2022\\\/01\\\/Logo_Organisator_Website.png\",\"width\":800,\"height\":77,\"caption\":\"Organisator\"},\"image\":{\"@id\":\"https:\\\/\\\/www.organisator.ch\\\/#\\\/schema\\\/logo\\\/image\\\/\"},\"sameAs\":[\"https:\\\/\\\/www.facebook.com\\\/OrganisatorFachmagazin\",\"https:\\\/\\\/www.linkedin.com\\\/showcase\\\/organisator-das-magazin-fr-kmu\",\"https:\\\/\\\/www.xing.com\\\/news\\\/pages\\\/organisator-ch-695\",\"https:\\\/\\\/www.youtube.com\\\/channel\\\/UCGP2Sq0iWaZwT3BdIAQFYpw\"]},{\"@type\":\"Person\",\"@id\":\"https:\\\/\\\/www.organisator.ch\\\/#\\\/schema\\\/person\\\/afccda3a71c06d4be2ed9100dd163db7\",\"name\":\"Dzana Muminovic\",\"image\":{\"@type\":\"ImageObject\",\"inLanguage\":\"it-IT\",\"@id\":\"https:\\\/\\\/secure.gravatar.com\\\/avatar\\\/909c5c71aff4b38e88686f2ab2f1ba152571f394f41ed8bae431ea56ced93050?s=96&d=mm&r=g\",\"url\":\"https:\\\/\\\/secure.gravatar.com\\\/avatar\\\/909c5c71aff4b38e88686f2ab2f1ba152571f394f41ed8bae431ea56ced93050?s=96&d=mm&r=g\",\"contentUrl\":\"https:\\\/\\\/secure.gravatar.com\\\/avatar\\\/909c5c71aff4b38e88686f2ab2f1ba152571f394f41ed8bae431ea56ced93050?s=96&d=mm&r=g\",\"caption\":\"Dzana Muminovic\"},\"url\":\"https:\\\/\\\/www.organisator.ch\\\/it\\\/author\\\/dzana-muminovic\\\/\"}]}<\/script>\n<!-- \/ Yoast SEO plugin. -->","yoast_head_json":{"title":"Burnout a fine anno? Come ricaricare le batterie e iniziare il 2025 con forza - Organizzatore","description":"Robert Walters fornisce consigli pratici sulla gestione dello stress, sulla definizione dei limiti e sulla cura di s\u00e9 come priorit\u00e0.","robots":{"index":"index","follow":"follow","max-snippet":"max-snippet:-1","max-image-preview":"max-image-preview:large","max-video-preview":"max-video-preview:-1"},"canonical":"https:\/\/www.organisator.ch\/it\/risorse-umane\/2024-11-20\/burnout-zum-jahresende-so-tanken-sie-neue-energie-und-starten-stark-ins-jahr-2025\/","og_locale":"it_IT","og_type":"article","og_title":"Burnout zum Jahresende? So tanken Sie neue Energie und starten stark ins Jahr 2025","og_description":"Robert Walters gibt praktische Tipps zur Stressbew\u00e4ltigung, zur Festlegung von Grenzen und zur Priorisierung der Selbstf\u00fcrsorge.","og_url":"https:\/\/www.organisator.ch\/it\/risorse-umane\/2024-11-20\/burnout-zum-jahresende-so-tanken-sie-neue-energie-und-starten-stark-ins-jahr-2025\/","og_site_name":"Organisator","article_publisher":"https:\/\/www.facebook.com\/OrganisatorFachmagazin","article_published_time":"2024-11-20T09:06:29+00:00","article_modified_time":"2024-11-27T08:48:38+00:00","og_image":[{"width":680,"height":454,"url":"https:\/\/www.organisator.ch\/wp-content\/uploads\/2024\/11\/Burnout_Bild1_ps.jpg","type":"image\/jpeg"}],"author":"Dzana Muminovic","twitter_card":"summary_large_image","twitter_title":"Burnout zum Jahresende? So tanken Sie neue Energie und starten stark ins Jahr 2025","twitter_description":"#Robert #Walters gibt praktische #Tipps zur #Stressbew\u00e4ltigung, zur Festlegung von #Grenzen und zur Priorisierung der #Selbstf\u00fcrsorge.","twitter_image":"https:\/\/www.organisator.ch\/wp-content\/uploads\/2024\/11\/Burnout_Bild1_ps.jpg","schema":{"@context":"https:\/\/schema.org","@graph":[{"@type":"Article","@id":"https:\/\/www.organisator.ch\/human-resources\/2024-11-20\/burnout-zum-jahresende-so-tanken-sie-neue-energie-und-starten-stark-ins-jahr-2025\/#article","isPartOf":{"@id":"https:\/\/www.organisator.ch\/human-resources\/2024-11-20\/burnout-zum-jahresende-so-tanken-sie-neue-energie-und-starten-stark-ins-jahr-2025\/"},"author":{"name":"Dzana Muminovic","@id":"https:\/\/www.organisator.ch\/#\/schema\/person\/afccda3a71c06d4be2ed9100dd163db7"},"headline":"Burnout zum Jahresende? So tanken Sie neue Energie und starten stark ins Jahr 2025","datePublished":"2024-11-20T09:06:29+00:00","dateModified":"2024-11-27T08:48:38+00:00","mainEntityOfPage":{"@id":"https:\/\/www.organisator.ch\/human-resources\/2024-11-20\/burnout-zum-jahresende-so-tanken-sie-neue-energie-und-starten-stark-ins-jahr-2025\/"},"wordCount":699,"publisher":{"@id":"https:\/\/www.organisator.ch\/#organization"},"image":{"@id":"https:\/\/www.organisator.ch\/human-resources\/2024-11-20\/burnout-zum-jahresende-so-tanken-sie-neue-energie-und-starten-stark-ins-jahr-2025\/#primaryimage"},"thumbnailUrl":"https:\/\/www.organisator.ch\/wp-content\/uploads\/2024\/11\/Burnout_Bild1_ps.jpg","keywords":["Burnout","Neuausrichtung","Schweiz","Stress am Arbeitsplatz","Unternehmen"],"articleSection":["HUMAN RESOURCES"],"inLanguage":"it-IT"},{"@type":"WebPage","@id":"https:\/\/www.organisator.ch\/human-resources\/2024-11-20\/burnout-zum-jahresende-so-tanken-sie-neue-energie-und-starten-stark-ins-jahr-2025\/","url":"https:\/\/www.organisator.ch\/human-resources\/2024-11-20\/burnout-zum-jahresende-so-tanken-sie-neue-energie-und-starten-stark-ins-jahr-2025\/","name":"Burnout a fine anno? Come ricaricare le batterie e iniziare il 2025 con forza - Organizzatore","isPartOf":{"@id":"https:\/\/www.organisator.ch\/#website"},"primaryImageOfPage":{"@id":"https:\/\/www.organisator.ch\/human-resources\/2024-11-20\/burnout-zum-jahresende-so-tanken-sie-neue-energie-und-starten-stark-ins-jahr-2025\/#primaryimage"},"image":{"@id":"https:\/\/www.organisator.ch\/human-resources\/2024-11-20\/burnout-zum-jahresende-so-tanken-sie-neue-energie-und-starten-stark-ins-jahr-2025\/#primaryimage"},"thumbnailUrl":"https:\/\/www.organisator.ch\/wp-content\/uploads\/2024\/11\/Burnout_Bild1_ps.jpg","datePublished":"2024-11-20T09:06:29+00:00","dateModified":"2024-11-27T08:48:38+00:00","description":"Robert Walters fornisce consigli pratici sulla gestione dello stress, sulla definizione dei limiti e sulla cura di s\u00e9 come priorit\u00e0.","breadcrumb":{"@id":"https:\/\/www.organisator.ch\/human-resources\/2024-11-20\/burnout-zum-jahresende-so-tanken-sie-neue-energie-und-starten-stark-ins-jahr-2025\/#breadcrumb"},"inLanguage":"it-IT","potentialAction":[{"@type":"ReadAction","target":["https:\/\/www.organisator.ch\/human-resources\/2024-11-20\/burnout-zum-jahresende-so-tanken-sie-neue-energie-und-starten-stark-ins-jahr-2025\/"]}]},{"@type":"ImageObject","inLanguage":"it-IT","@id":"https:\/\/www.organisator.ch\/human-resources\/2024-11-20\/burnout-zum-jahresende-so-tanken-sie-neue-energie-und-starten-stark-ins-jahr-2025\/#primaryimage","url":"https:\/\/www.organisator.ch\/wp-content\/uploads\/2024\/11\/Burnout_Bild1_ps.jpg","contentUrl":"https:\/\/www.organisator.ch\/wp-content\/uploads\/2024\/11\/Burnout_Bild1_ps.jpg","width":680,"height":454,"caption":"Das fr\u00fchzeitige Erkennen von Burnout-Symptomen ist der erste Schritt, um die Kontrolle wiederzuerlangen. (Bild: www.depositphotos.com)"},{"@type":"BreadcrumbList","@id":"https:\/\/www.organisator.ch\/human-resources\/2024-11-20\/burnout-zum-jahresende-so-tanken-sie-neue-energie-und-starten-stark-ins-jahr-2025\/#breadcrumb","itemListElement":[{"@type":"ListItem","position":1,"name":"Home","item":"https:\/\/www.organisator.ch\/"},{"@type":"ListItem","position":2,"name":"Burnout zum Jahresende? So tanken Sie neue Energie und starten stark ins Jahr 2025"}]},{"@type":"WebSite","@id":"https:\/\/www.organisator.ch\/#website","url":"https:\/\/www.organisator.ch\/","name":"Organizzatore","description":"Competente. Pratico. In 10 numeri all'anno, ORGANISATOR presenta i temi essenziali per i manager delle PMI.","publisher":{"@id":"https:\/\/www.organisator.ch\/#organization"},"potentialAction":[{"@type":"SearchAction","target":{"@type":"EntryPoint","urlTemplate":"https:\/\/www.organisator.ch\/?s={search_term_string}"},"query-input":{"@type":"PropertyValueSpecification","valueRequired":true,"valueName":"search_term_string"}}],"inLanguage":"it-IT"},{"@type":"Organization","@id":"https:\/\/www.organisator.ch\/#organization","name":"Organizzatore","url":"https:\/\/www.organisator.ch\/","logo":{"@type":"ImageObject","inLanguage":"it-IT","@id":"https:\/\/www.organisator.ch\/#\/schema\/logo\/image\/","url":"https:\/\/www.organisator.ch\/wp-content\/uploads\/2022\/01\/Logo_Organisator_Website.png","contentUrl":"https:\/\/www.organisator.ch\/wp-content\/uploads\/2022\/01\/Logo_Organisator_Website.png","width":800,"height":77,"caption":"Organisator"},"image":{"@id":"https:\/\/www.organisator.ch\/#\/schema\/logo\/image\/"},"sameAs":["https:\/\/www.facebook.com\/OrganisatorFachmagazin","https:\/\/www.linkedin.com\/showcase\/organisator-das-magazin-fr-kmu","https:\/\/www.xing.com\/news\/pages\/organisator-ch-695","https:\/\/www.youtube.com\/channel\/UCGP2Sq0iWaZwT3BdIAQFYpw"]},{"@type":"Person","@id":"https:\/\/www.organisator.ch\/#\/schema\/person\/afccda3a71c06d4be2ed9100dd163db7","name":"Dzana Muminovic","image":{"@type":"ImageObject","inLanguage":"it-IT","@id":"https:\/\/secure.gravatar.com\/avatar\/909c5c71aff4b38e88686f2ab2f1ba152571f394f41ed8bae431ea56ced93050?s=96&d=mm&r=g","url":"https:\/\/secure.gravatar.com\/avatar\/909c5c71aff4b38e88686f2ab2f1ba152571f394f41ed8bae431ea56ced93050?s=96&d=mm&r=g","contentUrl":"https:\/\/secure.gravatar.com\/avatar\/909c5c71aff4b38e88686f2ab2f1ba152571f394f41ed8bae431ea56ced93050?s=96&d=mm&r=g","caption":"Dzana Muminovic"},"url":"https:\/\/www.organisator.ch\/it\/author\/dzana-muminovic\/"}]}},"_links":{"self":[{"href":"https:\/\/www.organisator.ch\/it\/wp-json\/wp\/v2\/posts\/33609","targetHints":{"allow":["GET"]}}],"collection":[{"href":"https:\/\/www.organisator.ch\/it\/wp-json\/wp\/v2\/posts"}],"about":[{"href":"https:\/\/www.organisator.ch\/it\/wp-json\/wp\/v2\/types\/post"}],"author":[{"embeddable":true,"href":"https:\/\/www.organisator.ch\/it\/wp-json\/wp\/v2\/users\/80"}],"replies":[{"embeddable":true,"href":"https:\/\/www.organisator.ch\/it\/wp-json\/wp\/v2\/comments?post=33609"}],"version-history":[{"count":4,"href":"https:\/\/www.organisator.ch\/it\/wp-json\/wp\/v2\/posts\/33609\/revisions"}],"predecessor-version":[{"id":33618,"href":"https:\/\/www.organisator.ch\/it\/wp-json\/wp\/v2\/posts\/33609\/revisions\/33618"}],"wp:featuredmedia":[{"embeddable":true,"href":"https:\/\/www.organisator.ch\/it\/wp-json\/wp\/v2\/media\/33611"}],"wp:attachment":[{"href":"https:\/\/www.organisator.ch\/it\/wp-json\/wp\/v2\/media?parent=33609"}],"wp:term":[{"taxonomy":"category","embeddable":true,"href":"https:\/\/www.organisator.ch\/it\/wp-json\/wp\/v2\/categories?post=33609"},{"taxonomy":"post_tag","embeddable":true,"href":"https:\/\/www.organisator.ch\/it\/wp-json\/wp\/v2\/tags?post=33609"}],"curies":[{"name":"wp","href":"https:\/\/api.w.org\/{rel}","templated":true}]}}