{"id":3364,"date":"2018-03-27T15:37:58","date_gmt":"2018-03-27T13:37:58","guid":{"rendered":"https:\/\/www.organisator.ch\/?p=3364"},"modified":"2018-03-27T15:37:58","modified_gmt":"2018-03-27T13:37:58","slug":"neues-symposium-fuer-schweizer-kmu-mit-hochkaraetigen-experten","status":"publish","type":"post","link":"https:\/\/www.organisator.ch\/it\/management\/2018-03-27\/neues-symposium-fuer-schweizer-kmu-mit-hochkaraetigen-experten\/","title":{"rendered":"Nuovo simposio per le PMI svizzere con esperti di alto livello"},"content":{"rendered":"<figure id=\"attachment_3366\" aria-describedby=\"caption-attachment-3366\" style=\"width: 640px\" class=\"wp-caption alignnone\"><img loading=\"lazy\" decoding=\"async\" class=\"size-full wp-image-3366\" src=\"https:\/\/www.organisator.ch\/wp-content\/uploads\/2018\/03\/Neues-Symposium-fuer-Schweizer-KMU-mit-hochkaraetigen-Experten_Organisator.jpg\" alt=\"\" width=\"640\" height=\"402\" srcset=\"https:\/\/www.organisator.ch\/wp-content\/uploads\/2018\/03\/Neues-Symposium-fuer-Schweizer-KMU-mit-hochkaraetigen-Experten_Organisator.jpg 640w, https:\/\/www.organisator.ch\/wp-content\/uploads\/2018\/03\/Neues-Symposium-fuer-Schweizer-KMU-mit-hochkaraetigen-Experten_Organisator-16x10.jpg 16w, https:\/\/www.organisator.ch\/wp-content\/uploads\/2018\/03\/Neues-Symposium-fuer-Schweizer-KMU-mit-hochkaraetigen-Experten_Organisator-279x175.jpg 279w, https:\/\/www.organisator.ch\/wp-content\/uploads\/2018\/03\/Neues-Symposium-fuer-Schweizer-KMU-mit-hochkaraetigen-Experten_Organisator-557x350.jpg 557w, https:\/\/www.organisator.ch\/wp-content\/uploads\/2018\/03\/Neues-Symposium-fuer-Schweizer-KMU-mit-hochkaraetigen-Experten_Organisator-300x188.jpg 300w\" sizes=\"auto, (max-width: 640px) 100vw, 640px\" \/><figcaption id=\"caption-attachment-3366\" class=\"wp-caption-text\">I dottori Hans-Georg H\u00e4usel e Monika Matschnig saranno relatori al primo Swiss Leaders Symposium del 2 maggio 2018. (Immagine: zVg)<\/figcaption><\/figure>\n<p>L'avanzata della digitalizzazione, il cambiamento del comportamento dei clienti e i nuovi modelli di lavoro: le sfide che i leader aziendali devono affrontare oggi sono molteplici e richiedono, in particolare alle PMI svizzere, di assumere una guida coraggiosa. In molti luoghi non c'\u00e8 abbastanza tempo per corsi di formazione pi\u00f9 lunghi. Sono necessari eventi che forniscano benefici concreti in forma breve e concisa. Secondo la sua stessa presentazione, \u00e8 qui che entra in gioco il nuovo Swiss Leaders Symposium.<\/p>\n<h2>Focus sul trasferimento delle conoscenze<\/h2>\n<p>\"Come tipica azienda di servizi svizzera, in passato abbiamo pi\u00f9 volte partecipato a eventi che ci hanno offerto poco di concreto per la gestione della nostra azienda\", spiega Sandra Turcic, promotrice dello Swiss Leaders Symposium. Insieme a Danijel Turcic, dal 2001 dirige il Sales Activity Group GmbH, specializzato nell'acquisto di successo secondo Limbic\u00ae. In qualit\u00e0 di partner di licenza Limbic\u00ae in Svizzera, supportano produttori come Nespresso, Apple ed Epson e generano esperienze di acquisto nel punto vendita.<\/p>\n<p>Sandra Turcic spiega ancora: \"Il motivo \u00e8 che di solito si trattava di relatori provenienti da grandi aziende famose, i cui casi di studio erano impressionanti, ma che alla fine si riferivano fortemente alla rispettiva azienda ed erano troppo poco in linea con le realt\u00e0 e le sfide delle tipiche PMI svizzere\". Sulla base di queste esperienze, i promotori hanno fatto di necessit\u00e0 virt\u00f9, per cos\u00ec dire, e hanno creato una nuova piattaforma di eventi con il nuovo Swiss Leaders Symposium. Secondo i promotori, l'obiettivo \u00e8 un evento specialistico che stabilisce nuovi standard in termini di qualit\u00e0 delle presentazioni e di rilevanza pratica e che dovrebbe essere un valido investimento per gli imprenditori e i dirigenti delle PMI svizzere, sia in termini di tempo che di denaro.<\/p>\n<h2>Esperti di prim'ordine forniscono nuovi modi di pensare e approcci innovativi<\/h2>\n<p>Il nuovo simposio vuole essere all'altezza di questa affermazione con esperti di fama e visionari che ispirano come personalit\u00e0 e le cui strategie, metodi e strumenti contribuiscono concretamente a una gestione aziendale di successo. A tal fine, il primo Swiss Leaders Symposium ha invitato una serie di esperti di prim'ordine che potranno essere visti e ascoltati insieme per la prima volta in una sola giornata in Svizzera. Tra questi, il noto specialista di neuromarketing Dr. H\u00e4usel, che nella sua presentazione mostrer\u00e0 come il subconscio del cliente giochi un ruolo nella decisione di acquisto, sulla base della mappa limbica da lui sviluppata. Nella sua presentazione, l'autrice di bestseller Monika Matschnig far\u00e0 luce sull'effetto di una buona comunicazione sia nella gestione dei dipendenti che nell'assistenza ai clienti. Il pioniere delle strategie aziendali coraggiose, Edgar K. Geffroy, mostrer\u00e0 come funziona la gestione aziendale nell'era digitale e l'esperto di motivazione Dr. Stefan Fr\u00e4drich, noto anche alla televisione tedesca, dar\u00e0 suggerimenti e trucchi dal campo della teoria della motivazione.<\/p>\n<p>\"Con lo Swiss Leaders Symposium, vogliamo mantenere alta la passione e il coraggio degli imprenditori per andare avanti per la loro strada e per essere all'avanguardia nella vita di tutti i giorni\", afferma Sandra Turcic. \"In tempi di scarsit\u00e0 di risorse finanziarie e umane, ma anche di grandi sconvolgimenti economici, riuniamo in un solo giorno molto know-how e competenze\".<\/p>\n<p>Il primo Swiss Leaders Symposium si terr\u00e0 il 2 maggio 2018 presso lo Swiss\u00f4tel di Zurigo. Registrazione sotto: <a href=\"http:\/\/www.sls.swiss\">www.sls.swiss.<\/a><\/p>\n<table dir=\"LTR\" border=\"1\" width=\"622\" cellspacing=\"0\" cellpadding=\"7\">\n<tbody>\n<tr>\n<td valign=\"TOP\" height=\"151\">\n<h2>Argomenti e relatori<\/h2>\n<ul>\n<li><strong>Neuromarketing: pensare limbico! I lati inconsci del successo aziendale <\/strong>Dott. Hans-Georg H\u00e4usel<\/li>\n<li><strong>Leadership: la gestione aziendale nell'era digitale <\/strong>Edgar K. Geffroy<\/li>\n<li><strong>Comunicazione: il potere dell'impatto <\/strong>Monika Matschnig<\/li>\n<li><strong>Motivazione: come motivare il bastardo che \u00e8 in voi! <\/strong>Dott. Stefan Fr\u00e4drich<\/li>\n<li><strong>Fisica quantistica: utilizzare la fisica quantistica in modo economico, sviluppo aziendale misurabile <\/strong>Bruno Fretz<\/li>\n<li><strong>Recruiting 4.0: il successo aziendale attraverso la gestione digitale delle risorse umane <\/strong>Yves Schneuwly<\/li>\n<li><strong>Finanze: 7 strategie per rendere un imprenditore ancora pi\u00f9 ricco di successi <\/strong>Stefan Good<\/li>\n<\/ul>\n<\/td>\n<\/tr>\n<\/tbody>\n<\/table>\n<p>&nbsp;<\/p>","protected":false},"excerpt":{"rendered":"<p>Die fortschreitende Digitalisierung, ein ver\u00e4ndertes Kundenverhalten und neue Arbeitsmodelle &#8211; die Herausforderungen, die heute an Wirtschaftsf\u00fchrer gestellt werden, sind mannigfaltig und verlangen insbesondere von Schweizer KMU ein mutiges Vorangehen. F\u00fcr l\u00e4ngere Weiterbildung fehlt daf\u00fcr vielerorts die Zeit. Was es braucht sind Veranstaltungen, die in kurzer, knapper Form einen konkreten Nutzen erbringen. Hier setzt gem\u00e4ss eigener [&hellip;]<\/p>\n","protected":false},"author":4,"featured_media":3366,"comment_status":"open","ping_status":"open","sticky":false,"template":"","format":"standard","meta":{"_acf_changed":false,"_yoast_wpseo_focuskw":"Symposium","_yoast_wpseo_metadesc":"Mit dem Swiss Leaders Symposium geht eine neue Veranstaltung an den Start. Sie will den vielen Unternehmern und F\u00fchrungskr\u00e4ften im Schweizer KMU in einer Zeit grosser Umw\u00e4lzungen eine Plattform zu bieten, die neue Strategien und innovative Methoden f\u00fcr eine erfolgreiche Unternehmensf\u00fchrung liefert.","articlekey":"","footnotes":""},"categories":[28],"tags":[186,334,502,508],"class_list":["post-3364","post","type-post","status-publish","format-standard","has-post-thumbnail","hentry","category-management","tag-event","tag-management","tag-veranstaltungen","tag-vermischtes"],"acf":[],"yoast_head":"<!-- This site is optimized with the Yoast SEO plugin v27.5 - https:\/\/yoast.com\/product\/yoast-seo-wordpress\/ -->\n<title>Neues Symposium f\u00fcr Schweizer KMU mit hochkar\u00e4tigen Experten - Organisator<\/title>\n<meta name=\"description\" content=\"Mit dem Swiss Leaders Symposium geht eine neue Veranstaltung an den Start. Sie will den vielen Unternehmern und F\u00fchrungskr\u00e4ften im Schweizer KMU in einer Zeit grosser Umw\u00e4lzungen eine Plattform zu bieten, die neue Strategien und innovative Methoden f\u00fcr eine erfolgreiche Unternehmensf\u00fchrung liefert.\" \/>\n<meta name=\"robots\" content=\"index, follow, max-snippet:-1, max-image-preview:large, max-video-preview:-1\" \/>\n<link rel=\"canonical\" href=\"https:\/\/www.organisator.ch\/it\/gestione-2\/2018-03-27\/neues-symposium-fuer-schweizer-kmu-mit-hochkaraetigen-experten\/\" \/>\n<meta property=\"og:locale\" content=\"it_IT\" \/>\n<meta property=\"og:type\" content=\"article\" \/>\n<meta property=\"og:title\" content=\"Neues Symposium f\u00fcr Schweizer KMU mit hochkar\u00e4tigen Experten\" \/>\n<meta property=\"og:description\" content=\"Mit dem Swiss #Leaders #Symposium geht eine neue Veranstaltung an den Start. Sie will den vielen Unternehmern und F\u00fchrungskr\u00e4ften im Schweizer #KMU in einer Zeit grosser Umw\u00e4lzungen eine Plattform zu bieten, die neue Strategien und innovative Methoden f\u00fcr eine erfolgreiche Unternehmensf\u00fchrung liefert.\" \/>\n<meta property=\"og:url\" content=\"https:\/\/www.organisator.ch\/it\/gestione-2\/2018-03-27\/neues-symposium-fuer-schweizer-kmu-mit-hochkaraetigen-experten\/\" \/>\n<meta property=\"og:site_name\" content=\"Organisator\" \/>\n<meta property=\"article:publisher\" content=\"https:\/\/www.facebook.com\/OrganisatorFachmagazin\" \/>\n<meta property=\"article:published_time\" content=\"2018-03-27T13:37:58+00:00\" \/>\n<meta property=\"og:image\" content=\"https:\/\/www.organisator.ch\/wp-content\/uploads\/2018\/03\/Neues-Symposium-fuer-Schweizer-KMU-mit-hochkaraetigen-Experten_Organisator.jpg\" \/>\n\t<meta property=\"og:image:width\" content=\"640\" \/>\n\t<meta property=\"og:image:height\" content=\"402\" \/>\n\t<meta property=\"og:image:type\" content=\"image\/jpeg\" \/>\n<meta name=\"author\" content=\"thomas.berner\" \/>\n<meta name=\"twitter:card\" content=\"summary_large_image\" \/>\n<meta name=\"twitter:title\" content=\"Neues #Symposium f\u00fcr Schweizer KMU mit hochkar\u00e4tigen #Experten\" \/>\n<meta name=\"twitter:description\" content=\"Mit dem #SwissLeadersSymposium geht eine neue Veranstaltung an den Start. Sie will den vielen Unternehmern und F\u00fchrungskr\u00e4ften im Schweizer #KMU in einer Zeit grosser Umw\u00e4lzungen eine Plattform zu bieten, die neue Strategien und innovative Methoden f\u00fcr eine erfolgreiche Unternehmensf\u00fchrung liefert.\" \/>\n<meta name=\"twitter:image\" content=\"https:\/\/www.organisator.ch\/wp-content\/uploads\/2018\/03\/Neues-Symposium-f\u00fcr-Schweizer-KMU-mit-hochkar\u00e4tigen-Experten_Organisator.jpg\" \/>\n<script type=\"application\/ld+json\" class=\"yoast-schema-graph\">{\"@context\":\"https:\\\/\\\/schema.org\",\"@graph\":[{\"@type\":\"Article\",\"@id\":\"https:\\\/\\\/www.organisator.ch\\\/management\\\/2018-03-27\\\/neues-symposium-fuer-schweizer-kmu-mit-hochkaraetigen-experten\\\/#article\",\"isPartOf\":{\"@id\":\"https:\\\/\\\/www.organisator.ch\\\/management\\\/2018-03-27\\\/neues-symposium-fuer-schweizer-kmu-mit-hochkaraetigen-experten\\\/\"},\"author\":{\"name\":\"thomas.berner\",\"@id\":\"https:\\\/\\\/www.organisator.ch\\\/#\\\/schema\\\/person\\\/6f650f90b2842cd4c0cc334b4e36f67e\"},\"headline\":\"Neues Symposium f\u00fcr Schweizer KMU mit hochkar\u00e4tigen Experten\",\"datePublished\":\"2018-03-27T13:37:58+00:00\",\"mainEntityOfPage\":{\"@id\":\"https:\\\/\\\/www.organisator.ch\\\/management\\\/2018-03-27\\\/neues-symposium-fuer-schweizer-kmu-mit-hochkaraetigen-experten\\\/\"},\"wordCount\":607,\"commentCount\":0,\"publisher\":{\"@id\":\"https:\\\/\\\/www.organisator.ch\\\/#organization\"},\"image\":{\"@id\":\"https:\\\/\\\/www.organisator.ch\\\/management\\\/2018-03-27\\\/neues-symposium-fuer-schweizer-kmu-mit-hochkaraetigen-experten\\\/#primaryimage\"},\"thumbnailUrl\":\"https:\\\/\\\/www.organisator.ch\\\/wp-content\\\/uploads\\\/2018\\\/03\\\/Neues-Symposium-fuer-Schweizer-KMU-mit-hochkaraetigen-Experten_Organisator.jpg\",\"keywords\":[\"Event\",\"Management\",\"Veranstaltungen\",\"Vermischtes\"],\"articleSection\":[\"MANAGEMENT\"],\"inLanguage\":\"it-IT\"},{\"@type\":\"WebPage\",\"@id\":\"https:\\\/\\\/www.organisator.ch\\\/management\\\/2018-03-27\\\/neues-symposium-fuer-schweizer-kmu-mit-hochkaraetigen-experten\\\/\",\"url\":\"https:\\\/\\\/www.organisator.ch\\\/management\\\/2018-03-27\\\/neues-symposium-fuer-schweizer-kmu-mit-hochkaraetigen-experten\\\/\",\"name\":\"Neues Symposium f\u00fcr Schweizer KMU mit hochkar\u00e4tigen Experten - Organisator\",\"isPartOf\":{\"@id\":\"https:\\\/\\\/www.organisator.ch\\\/#website\"},\"primaryImageOfPage\":{\"@id\":\"https:\\\/\\\/www.organisator.ch\\\/management\\\/2018-03-27\\\/neues-symposium-fuer-schweizer-kmu-mit-hochkaraetigen-experten\\\/#primaryimage\"},\"image\":{\"@id\":\"https:\\\/\\\/www.organisator.ch\\\/management\\\/2018-03-27\\\/neues-symposium-fuer-schweizer-kmu-mit-hochkaraetigen-experten\\\/#primaryimage\"},\"thumbnailUrl\":\"https:\\\/\\\/www.organisator.ch\\\/wp-content\\\/uploads\\\/2018\\\/03\\\/Neues-Symposium-fuer-Schweizer-KMU-mit-hochkaraetigen-Experten_Organisator.jpg\",\"datePublished\":\"2018-03-27T13:37:58+00:00\",\"description\":\"Mit dem Swiss Leaders Symposium geht eine neue Veranstaltung an den Start. Sie will den vielen Unternehmern und F\u00fchrungskr\u00e4ften im Schweizer KMU in einer Zeit grosser Umw\u00e4lzungen eine Plattform zu bieten, die neue Strategien und innovative Methoden f\u00fcr eine erfolgreiche Unternehmensf\u00fchrung liefert.\",\"breadcrumb\":{\"@id\":\"https:\\\/\\\/www.organisator.ch\\\/management\\\/2018-03-27\\\/neues-symposium-fuer-schweizer-kmu-mit-hochkaraetigen-experten\\\/#breadcrumb\"},\"inLanguage\":\"it-IT\",\"potentialAction\":[{\"@type\":\"ReadAction\",\"target\":[\"https:\\\/\\\/www.organisator.ch\\\/management\\\/2018-03-27\\\/neues-symposium-fuer-schweizer-kmu-mit-hochkaraetigen-experten\\\/\"]}]},{\"@type\":\"ImageObject\",\"inLanguage\":\"it-IT\",\"@id\":\"https:\\\/\\\/www.organisator.ch\\\/management\\\/2018-03-27\\\/neues-symposium-fuer-schweizer-kmu-mit-hochkaraetigen-experten\\\/#primaryimage\",\"url\":\"https:\\\/\\\/www.organisator.ch\\\/wp-content\\\/uploads\\\/2018\\\/03\\\/Neues-Symposium-fuer-Schweizer-KMU-mit-hochkaraetigen-Experten_Organisator.jpg\",\"contentUrl\":\"https:\\\/\\\/www.organisator.ch\\\/wp-content\\\/uploads\\\/2018\\\/03\\\/Neues-Symposium-fuer-Schweizer-KMU-mit-hochkaraetigen-Experten_Organisator.jpg\",\"width\":640,\"height\":402,\"caption\":\"Dr. Hans-Georg H\u00e4usel und Monika Matschnig treten als Referenten am ersten Swiss Leaders Symposium am 2. Mai 2018 auf. (Bild: zVg)\"},{\"@type\":\"BreadcrumbList\",\"@id\":\"https:\\\/\\\/www.organisator.ch\\\/management\\\/2018-03-27\\\/neues-symposium-fuer-schweizer-kmu-mit-hochkaraetigen-experten\\\/#breadcrumb\",\"itemListElement\":[{\"@type\":\"ListItem\",\"position\":1,\"name\":\"Home\",\"item\":\"https:\\\/\\\/www.organisator.ch\\\/\"},{\"@type\":\"ListItem\",\"position\":2,\"name\":\"Neues Symposium f\u00fcr Schweizer KMU mit hochkar\u00e4tigen Experten\"}]},{\"@type\":\"WebSite\",\"@id\":\"https:\\\/\\\/www.organisator.ch\\\/#website\",\"url\":\"https:\\\/\\\/www.organisator.ch\\\/\",\"name\":\"Organisator\",\"description\":\"Kompetent. Praxisnah. Der ORGANISATOR bereitet in 10 Ausgaben pro Jahr die wesentlichen Themen f\u00fcr F\u00fchrungskr\u00e4fte von KMU auf.\",\"publisher\":{\"@id\":\"https:\\\/\\\/www.organisator.ch\\\/#organization\"},\"potentialAction\":[{\"@type\":\"SearchAction\",\"target\":{\"@type\":\"EntryPoint\",\"urlTemplate\":\"https:\\\/\\\/www.organisator.ch\\\/?s={search_term_string}\"},\"query-input\":{\"@type\":\"PropertyValueSpecification\",\"valueRequired\":true,\"valueName\":\"search_term_string\"}}],\"inLanguage\":\"it-IT\"},{\"@type\":\"Organization\",\"@id\":\"https:\\\/\\\/www.organisator.ch\\\/#organization\",\"name\":\"Organisator\",\"url\":\"https:\\\/\\\/www.organisator.ch\\\/\",\"logo\":{\"@type\":\"ImageObject\",\"inLanguage\":\"it-IT\",\"@id\":\"https:\\\/\\\/www.organisator.ch\\\/#\\\/schema\\\/logo\\\/image\\\/\",\"url\":\"https:\\\/\\\/www.organisator.ch\\\/wp-content\\\/uploads\\\/2022\\\/01\\\/Logo_Organisator_Website.png\",\"contentUrl\":\"https:\\\/\\\/www.organisator.ch\\\/wp-content\\\/uploads\\\/2022\\\/01\\\/Logo_Organisator_Website.png\",\"width\":800,\"height\":77,\"caption\":\"Organisator\"},\"image\":{\"@id\":\"https:\\\/\\\/www.organisator.ch\\\/#\\\/schema\\\/logo\\\/image\\\/\"},\"sameAs\":[\"https:\\\/\\\/www.facebook.com\\\/OrganisatorFachmagazin\",\"https:\\\/\\\/www.linkedin.com\\\/showcase\\\/organisator-das-magazin-fr-kmu\",\"https:\\\/\\\/www.xing.com\\\/news\\\/pages\\\/organisator-ch-695\",\"https:\\\/\\\/www.youtube.com\\\/channel\\\/UCGP2Sq0iWaZwT3BdIAQFYpw\"]},{\"@type\":\"Person\",\"@id\":\"https:\\\/\\\/www.organisator.ch\\\/#\\\/schema\\\/person\\\/6f650f90b2842cd4c0cc334b4e36f67e\",\"name\":\"thomas.berner\",\"image\":{\"@type\":\"ImageObject\",\"inLanguage\":\"it-IT\",\"@id\":\"https:\\\/\\\/secure.gravatar.com\\\/avatar\\\/ac5001d2a36cb6c6cd3e50789007ffca834b477b74a2144564522e944eabff61?s=96&d=mm&r=g\",\"url\":\"https:\\\/\\\/secure.gravatar.com\\\/avatar\\\/ac5001d2a36cb6c6cd3e50789007ffca834b477b74a2144564522e944eabff61?s=96&d=mm&r=g\",\"contentUrl\":\"https:\\\/\\\/secure.gravatar.com\\\/avatar\\\/ac5001d2a36cb6c6cd3e50789007ffca834b477b74a2144564522e944eabff61?s=96&d=mm&r=g\",\"caption\":\"thomas.berner\"},\"url\":\"https:\\\/\\\/www.organisator.ch\\\/it\\\/author\\\/thomas-berner\\\/\"}]}<\/script>\n<!-- \/ Yoast SEO plugin. -->","yoast_head_json":{"title":"Nuovo simposio per le PMI svizzere con esperti di alto livello - Organizzatore","description":"Con lo Swiss Leaders Symposium viene lanciato un nuovo evento. Il suo obiettivo \u00e8 quello di offrire ai numerosi imprenditori e manager delle PMI svizzere una piattaforma in un periodo di grandi sconvolgimenti che fornisca nuove strategie e metodi innovativi per una gestione aziendale di successo.","robots":{"index":"index","follow":"follow","max-snippet":"max-snippet:-1","max-image-preview":"max-image-preview:large","max-video-preview":"max-video-preview:-1"},"canonical":"https:\/\/www.organisator.ch\/it\/gestione-2\/2018-03-27\/neues-symposium-fuer-schweizer-kmu-mit-hochkaraetigen-experten\/","og_locale":"it_IT","og_type":"article","og_title":"Neues Symposium f\u00fcr Schweizer KMU mit hochkar\u00e4tigen Experten","og_description":"Mit dem Swiss #Leaders #Symposium geht eine neue Veranstaltung an den Start. Sie will den vielen Unternehmern und F\u00fchrungskr\u00e4ften im Schweizer #KMU in einer Zeit grosser Umw\u00e4lzungen eine Plattform zu bieten, die neue Strategien und innovative Methoden f\u00fcr eine erfolgreiche Unternehmensf\u00fchrung liefert.","og_url":"https:\/\/www.organisator.ch\/it\/gestione-2\/2018-03-27\/neues-symposium-fuer-schweizer-kmu-mit-hochkaraetigen-experten\/","og_site_name":"Organisator","article_publisher":"https:\/\/www.facebook.com\/OrganisatorFachmagazin","article_published_time":"2018-03-27T13:37:58+00:00","og_image":[{"width":640,"height":402,"url":"https:\/\/www.organisator.ch\/wp-content\/uploads\/2018\/03\/Neues-Symposium-fuer-Schweizer-KMU-mit-hochkaraetigen-Experten_Organisator.jpg","type":"image\/jpeg"}],"author":"thomas.berner","twitter_card":"summary_large_image","twitter_title":"Neues #Symposium f\u00fcr Schweizer KMU mit hochkar\u00e4tigen #Experten","twitter_description":"Mit dem #SwissLeadersSymposium geht eine neue Veranstaltung an den Start. Sie will den vielen Unternehmern und F\u00fchrungskr\u00e4ften im Schweizer #KMU in einer Zeit grosser Umw\u00e4lzungen eine Plattform zu bieten, die neue Strategien und innovative Methoden f\u00fcr eine erfolgreiche Unternehmensf\u00fchrung liefert.","twitter_image":"https:\/\/www.organisator.ch\/wp-content\/uploads\/2018\/03\/Neues-Symposium-f\u00fcr-Schweizer-KMU-mit-hochkar\u00e4tigen-Experten_Organisator.jpg","schema":{"@context":"https:\/\/schema.org","@graph":[{"@type":"Article","@id":"https:\/\/www.organisator.ch\/management\/2018-03-27\/neues-symposium-fuer-schweizer-kmu-mit-hochkaraetigen-experten\/#article","isPartOf":{"@id":"https:\/\/www.organisator.ch\/management\/2018-03-27\/neues-symposium-fuer-schweizer-kmu-mit-hochkaraetigen-experten\/"},"author":{"name":"thomas.berner","@id":"https:\/\/www.organisator.ch\/#\/schema\/person\/6f650f90b2842cd4c0cc334b4e36f67e"},"headline":"Neues Symposium f\u00fcr Schweizer KMU mit hochkar\u00e4tigen Experten","datePublished":"2018-03-27T13:37:58+00:00","mainEntityOfPage":{"@id":"https:\/\/www.organisator.ch\/management\/2018-03-27\/neues-symposium-fuer-schweizer-kmu-mit-hochkaraetigen-experten\/"},"wordCount":607,"commentCount":0,"publisher":{"@id":"https:\/\/www.organisator.ch\/#organization"},"image":{"@id":"https:\/\/www.organisator.ch\/management\/2018-03-27\/neues-symposium-fuer-schweizer-kmu-mit-hochkaraetigen-experten\/#primaryimage"},"thumbnailUrl":"https:\/\/www.organisator.ch\/wp-content\/uploads\/2018\/03\/Neues-Symposium-fuer-Schweizer-KMU-mit-hochkaraetigen-Experten_Organisator.jpg","keywords":["Event","Management","Veranstaltungen","Vermischtes"],"articleSection":["MANAGEMENT"],"inLanguage":"it-IT"},{"@type":"WebPage","@id":"https:\/\/www.organisator.ch\/management\/2018-03-27\/neues-symposium-fuer-schweizer-kmu-mit-hochkaraetigen-experten\/","url":"https:\/\/www.organisator.ch\/management\/2018-03-27\/neues-symposium-fuer-schweizer-kmu-mit-hochkaraetigen-experten\/","name":"Nuovo simposio per le PMI svizzere con esperti di alto livello - Organizzatore","isPartOf":{"@id":"https:\/\/www.organisator.ch\/#website"},"primaryImageOfPage":{"@id":"https:\/\/www.organisator.ch\/management\/2018-03-27\/neues-symposium-fuer-schweizer-kmu-mit-hochkaraetigen-experten\/#primaryimage"},"image":{"@id":"https:\/\/www.organisator.ch\/management\/2018-03-27\/neues-symposium-fuer-schweizer-kmu-mit-hochkaraetigen-experten\/#primaryimage"},"thumbnailUrl":"https:\/\/www.organisator.ch\/wp-content\/uploads\/2018\/03\/Neues-Symposium-fuer-Schweizer-KMU-mit-hochkaraetigen-Experten_Organisator.jpg","datePublished":"2018-03-27T13:37:58+00:00","description":"Con lo Swiss Leaders Symposium viene lanciato un nuovo evento. Il suo obiettivo \u00e8 quello di offrire ai numerosi imprenditori e manager delle PMI svizzere una piattaforma in un periodo di grandi sconvolgimenti che fornisca nuove strategie e metodi innovativi per una gestione aziendale di successo.","breadcrumb":{"@id":"https:\/\/www.organisator.ch\/management\/2018-03-27\/neues-symposium-fuer-schweizer-kmu-mit-hochkaraetigen-experten\/#breadcrumb"},"inLanguage":"it-IT","potentialAction":[{"@type":"ReadAction","target":["https:\/\/www.organisator.ch\/management\/2018-03-27\/neues-symposium-fuer-schweizer-kmu-mit-hochkaraetigen-experten\/"]}]},{"@type":"ImageObject","inLanguage":"it-IT","@id":"https:\/\/www.organisator.ch\/management\/2018-03-27\/neues-symposium-fuer-schweizer-kmu-mit-hochkaraetigen-experten\/#primaryimage","url":"https:\/\/www.organisator.ch\/wp-content\/uploads\/2018\/03\/Neues-Symposium-fuer-Schweizer-KMU-mit-hochkaraetigen-Experten_Organisator.jpg","contentUrl":"https:\/\/www.organisator.ch\/wp-content\/uploads\/2018\/03\/Neues-Symposium-fuer-Schweizer-KMU-mit-hochkaraetigen-Experten_Organisator.jpg","width":640,"height":402,"caption":"Dr. Hans-Georg H\u00e4usel und Monika Matschnig treten als Referenten am ersten Swiss Leaders Symposium am 2. Mai 2018 auf. (Bild: zVg)"},{"@type":"BreadcrumbList","@id":"https:\/\/www.organisator.ch\/management\/2018-03-27\/neues-symposium-fuer-schweizer-kmu-mit-hochkaraetigen-experten\/#breadcrumb","itemListElement":[{"@type":"ListItem","position":1,"name":"Home","item":"https:\/\/www.organisator.ch\/"},{"@type":"ListItem","position":2,"name":"Neues Symposium f\u00fcr Schweizer KMU mit hochkar\u00e4tigen Experten"}]},{"@type":"WebSite","@id":"https:\/\/www.organisator.ch\/#website","url":"https:\/\/www.organisator.ch\/","name":"Organizzatore","description":"Competente. Pratico. In 10 numeri all'anno, ORGANISATOR presenta i temi essenziali per i manager delle PMI.","publisher":{"@id":"https:\/\/www.organisator.ch\/#organization"},"potentialAction":[{"@type":"SearchAction","target":{"@type":"EntryPoint","urlTemplate":"https:\/\/www.organisator.ch\/?s={search_term_string}"},"query-input":{"@type":"PropertyValueSpecification","valueRequired":true,"valueName":"search_term_string"}}],"inLanguage":"it-IT"},{"@type":"Organization","@id":"https:\/\/www.organisator.ch\/#organization","name":"Organizzatore","url":"https:\/\/www.organisator.ch\/","logo":{"@type":"ImageObject","inLanguage":"it-IT","@id":"https:\/\/www.organisator.ch\/#\/schema\/logo\/image\/","url":"https:\/\/www.organisator.ch\/wp-content\/uploads\/2022\/01\/Logo_Organisator_Website.png","contentUrl":"https:\/\/www.organisator.ch\/wp-content\/uploads\/2022\/01\/Logo_Organisator_Website.png","width":800,"height":77,"caption":"Organisator"},"image":{"@id":"https:\/\/www.organisator.ch\/#\/schema\/logo\/image\/"},"sameAs":["https:\/\/www.facebook.com\/OrganisatorFachmagazin","https:\/\/www.linkedin.com\/showcase\/organisator-das-magazin-fr-kmu","https:\/\/www.xing.com\/news\/pages\/organisator-ch-695","https:\/\/www.youtube.com\/channel\/UCGP2Sq0iWaZwT3BdIAQFYpw"]},{"@type":"Person","@id":"https:\/\/www.organisator.ch\/#\/schema\/person\/6f650f90b2842cd4c0cc334b4e36f67e","name":"Tommaso.berner","image":{"@type":"ImageObject","inLanguage":"it-IT","@id":"https:\/\/secure.gravatar.com\/avatar\/ac5001d2a36cb6c6cd3e50789007ffca834b477b74a2144564522e944eabff61?s=96&d=mm&r=g","url":"https:\/\/secure.gravatar.com\/avatar\/ac5001d2a36cb6c6cd3e50789007ffca834b477b74a2144564522e944eabff61?s=96&d=mm&r=g","contentUrl":"https:\/\/secure.gravatar.com\/avatar\/ac5001d2a36cb6c6cd3e50789007ffca834b477b74a2144564522e944eabff61?s=96&d=mm&r=g","caption":"thomas.berner"},"url":"https:\/\/www.organisator.ch\/it\/author\/thomas-berner\/"}]}},"_links":{"self":[{"href":"https:\/\/www.organisator.ch\/it\/wp-json\/wp\/v2\/posts\/3364","targetHints":{"allow":["GET"]}}],"collection":[{"href":"https:\/\/www.organisator.ch\/it\/wp-json\/wp\/v2\/posts"}],"about":[{"href":"https:\/\/www.organisator.ch\/it\/wp-json\/wp\/v2\/types\/post"}],"author":[{"embeddable":true,"href":"https:\/\/www.organisator.ch\/it\/wp-json\/wp\/v2\/users\/4"}],"replies":[{"embeddable":true,"href":"https:\/\/www.organisator.ch\/it\/wp-json\/wp\/v2\/comments?post=3364"}],"version-history":[{"count":0,"href":"https:\/\/www.organisator.ch\/it\/wp-json\/wp\/v2\/posts\/3364\/revisions"}],"wp:featuredmedia":[{"embeddable":true,"href":"https:\/\/www.organisator.ch\/it\/wp-json\/wp\/v2\/media\/3366"}],"wp:attachment":[{"href":"https:\/\/www.organisator.ch\/it\/wp-json\/wp\/v2\/media?parent=3364"}],"wp:term":[{"taxonomy":"category","embeddable":true,"href":"https:\/\/www.organisator.ch\/it\/wp-json\/wp\/v2\/categories?post=3364"},{"taxonomy":"post_tag","embeddable":true,"href":"https:\/\/www.organisator.ch\/it\/wp-json\/wp\/v2\/tags?post=3364"}],"curies":[{"name":"wp","href":"https:\/\/api.w.org\/{rel}","templated":true}]}}