{"id":3365,"date":"2020-09-18T12:09:39","date_gmt":"2020-09-18T10:09:39","guid":{"rendered":"https:\/\/www.umweltperspektiven.ch\/?p=3365"},"modified":"2020-09-18T12:09:39","modified_gmt":"2020-09-18T10:09:39","slug":"aefu-lehnen-holzlager-im-wald-ab","status":"publish","type":"post","link":"https:\/\/www.organisator.ch\/it\/allgemein\/2020-09-18\/aefu-lehnen-holzlager-im-wald-ab\/","title":{"rendered":"AefU rifiuta lo stoccaggio del legno nella foresta"},"content":{"rendered":"<figure id=\"attachment_3366\" aria-describedby=\"caption-attachment-3366\" style=\"width: 680px\" class=\"wp-caption alignnone\"><img loading=\"lazy\" decoding=\"async\" class=\"wp-image-3366 size-medium\" src=\"\/\/www.umweltperspektiven.ch\/wp-content\/uploads\/2020\/09\/Borkenkaefer.jpg\" alt=\"\" width=\"680\" height=\"454\" \/><figcaption id=\"caption-attachment-3366\" class=\"wp-caption-text\">I Medici per la Protezione dell'Ambiente ritengono che sia rischioso spruzzare gli alberi spogliati in giro con un repellente per insetti come misura preventiva. (Immagine: depositphotos)<\/figcaption><\/figure>\n<p class=\"xmsonormal\" style=\"margin-bottom: 6.0pt;\"><span style=\"font-size: 10.0pt;\">Come si evince dal comunicato stampa dell'AefU, in molti luoghi i tronchi d'albero abbattuti (i cosiddetti polter) vengono gi\u00e0 stoccati lungo le strade forestali fino a quando non \u00e8 il loro turno di essere lavorati nelle segherie (soprattutto di abete rosso). La foresta \u00e8 quindi gi\u00e0 un'area di stoccaggio gratuita per l'industria del legno, che risparmia cos\u00ec spazio e costi. \u00c8 in corso una modifica dell'ordinanza forestale per consentire grandi impianti di stoccaggio di legname rotondo a beneficio dell'industria del legno. \"Questo nella consapevolezza che potrebbe essere necessario un (maggiore) uso di insetticidi\", continua la dichiarazione.\u00a0<\/span><\/p>\n<p class=\"xmsonormal\" style=\"margin-bottom: 12.0pt;\"><span style=\"font-size: 10.0pt;\">I tronchi di abete rosso non scorticati conservati nella foresta sono un invito per il bostrico (piralide), soprattutto nelle estati secche. Per questo motivo vengono spesso irrorati preventivamente con insetticidi (la cosiddetta irrorazione dei tronchi). A volte ci\u00f2 avviene anche con sostanze vietate (cfr. OEKOSKOP 1\/19, \"Insetticidi altamente tossici nella foresta svizzera\").<\/span><\/p>\n<p class=\"xmsonormal\"><b><span style=\"font-size: 10.0pt;\">Sbucciare o uscire dalla foresta<\/span><\/b><\/p>\n<p class=\"xmsonormal\" style=\"margin-bottom: 12.0pt;\"><span style=\"font-size: 10.0pt;\">Le sostanze pericolose per l'ambiente sono generalmente vietate nella foresta. La legge sulla protezione ambientale prevede eccezioni al massimo quando sono state esaurite le misure alternative. Sono semplici: se la corteccia viene staccata dai tronchi, questi non sono pi\u00f9 attraenti per il coleottero. Oppure i tronchi vengono stoccati fuori dalla foresta. L'industria rinuncia a entrambi per motivi di costo e di spazio. Gli insetticidi vengono quindi spesso utilizzati senza la necessaria autorizzazione, come ha dimostrato la ricerca AefU. C'\u00e8 un grave deficit nell'applicazione del divieto.<\/span><\/p>\n<p class=\"xmsonormal\"><b><span style=\"font-size: 10.0pt;\">Negozio di tronchi Black Box<\/span><\/b><\/p>\n<p class=\"xmsonormal\" style=\"margin-bottom: 6.0pt;\"><span style=\"font-size: 10.0pt;\">Inoltre, le strutture di stoccaggio del tondame proposte non sono definite in alcun modo. Non ci sono specifiche vincolanti n\u00e9 in termini di ubicazione, n\u00e9 di volume di traffico, n\u00e9 di superficie, n\u00e9 di volume. Tutto ci\u00f2 rimarrebbe a discrezione dei comuni in quanto autorit\u00e0 preposte al rilascio delle licenze. Le aree di stoccaggio - nel mezzo della foresta - potrebbero essere sigillate. Questo potrebbe essere fatto anche con il catrame, un materiale tossico che non viene quasi mai utilizzato altrove. Tali aree di stoccaggio sarebbero ovviamente aree industriali, che per\u00f2 sono vietate nella foresta.<\/span><\/p>\n<p class=\"xmsonormal\" style=\"margin-bottom: 6.0pt;\"><b><span style=\"font-size: 10.0pt;\">\u00a0<\/span><\/b><\/p>\n<p class=\"xmsonormal\" style=\"margin-bottom: 12.0pt;\"><b><span style=\"font-size: 10.0pt;\">Informazioni di base:<\/span><\/b><\/p>\n<p class=\"xmsonormal\" style=\"text-indent: -21.3pt; margin: 0cm 0cm 12.0pt 21.3pt;\"><em><span style=\"font-size: 10.0pt; font-family: Symbol;\">-<\/span><span style=\"font-size: 7.0pt; font-family: 'Times New Roman',serif;\">\u00a0\u00a0\u00a0\u00a0\u00a0\u00a0\u00a0\u00a0<\/span><span style=\"font-size: 10.0pt; color: red;\">Pi\u00f9 veleni nella foresta in futuro?\u00a0<\/span><span style=\"font-size: 10.0pt;\">(OEKOSKOP 3\/19)\u00a0<a href=\"\/\/www.aefu.ch\/fileadmin\/user_upload\/aefu-data\/b_documents\/oekoskop\/Oekoskop_19_3.pdf#page=4\">http:\/\/www.aefu.ch\/fileadmin\/user_upload\/aefu-data\/b_documents\/oekoskop\/Oekoskop_19_3.pdf#page=4<\/a><\/span><\/em><\/p>\n<p class=\"xmsonormal\" style=\"text-indent: -21.3pt; margin: 0cm 0cm 12.0pt 21.3pt;\"><em><span style=\"font-size: 10.0pt; font-family: Symbol;\">-<\/span><span style=\"font-size: 7.0pt; font-family: 'Times New Roman',serif;\">\u00a0\u00a0\u00a0\u00a0\u00a0\u00a0\u00a0\u00a0<\/span><span style=\"font-size: 10.0pt; color: red;\">Gli insetticidi danneggiano la foresta e la sua immagine<\/span><span style=\"font-size: 10.0pt;\">\u00a0(OEKOSKOP 2\/19)\u00a0<a href=\"\/\/www.aefu.ch\/fileadmin\/user_upload\/aefu-data\/b_documents\/oekoskop\/OEKOSKOP_19_2.pdf#page=4\">http:\/\/www.aefu.ch\/fileadmin\/user_upload\/aefu-data\/b_documents\/oekoskop\/OEKOSKOP_19_2.pdf#page=4<\/a><\/span><\/em><\/p>\n<p class=\"xmsonormal\" style=\"text-indent: -21.3pt; margin: 0cm 0cm 12.0pt 21.3pt;\"><em><span style=\"font-size: 10.0pt; font-family: Symbol;\">-<\/span><span style=\"font-size: 7.0pt; font-family: 'Times New Roman',serif;\">\u00a0\u00a0\u00a0\u00a0\u00a0\u00a0\u00a0\u00a0<\/span><span style=\"font-size: 10.0pt; color: red;\">Insetticidi altamente tossici nella foresta svizzera<\/span><span style=\"font-size: 10.0pt;\">\u00a0(OEKOSKOP 1\/19, in tedesco)\u00a0<a href=\"\/\/www.aefu.ch\/fileadmin\/user_upload\/aefu-data\/b_documents\/oekoskop\/OEKOSKOP_19_1.pdf#page=4\">http:\/\/www.aefu.ch\/fileadmin\/user_upload\/aefu-data\/b_documents\/oekoskop\/OEKOSKOP_19_1.pdf#page=4<\/a><\/span><\/em><\/p>\n<p class=\"xmsonormal\" style=\"margin-bottom: 6.0pt;\">","protected":false},"excerpt":{"rendered":"<p>Wie aus der AefU-Medienmitteilung zu entnehmen ist, lagern vielerorts heute schon gef\u00e4llte Baumst\u00e4mme (sogenannte Polter)\u00a0entlang den Waldstrassen, bis sie in den S\u00e4gereien zur Verarbeitung an der Reihe sind (v.a. Fichten). Der Wald sei also bereits ein Gratislagerplatz f\u00fcr die Holzindustrie, die damit Platz und Kosten spart. Eine Anpassung in der Waldverordnung soll nun zu Gunsten [&hellip;]<\/p>\n","protected":false},"author":5,"featured_media":9728,"comment_status":"closed","ping_status":"closed","sticky":false,"template":"","format":"standard","meta":{"_acf_changed":false,"_yoast_wpseo_focuskw":"AefU","_yoast_wpseo_metadesc":"Neue Waldverordnung: Die \u00c4rztinnen und \u00c4rzte f\u00fcr Umweltschutz AefU sind strikte gegen den Einsatz von Insektiziden im Wald.","articlekey":"","footnotes":""},"categories":[1],"tags":[1375,1427,2014,424,2502],"class_list":["post-3365","post","type-post","status-publish","format-standard","has-post-thumbnail","hentry","category-allgemein","tag-holzwirtschaft","tag-insektizide","tag-revidierung","tag-schweiz","tag-waldverordnung"],"acf":[],"yoast_head":"<!-- This site is optimized with the Yoast SEO plugin v27.5 - https:\/\/yoast.com\/product\/yoast-seo-wordpress\/ -->\n<title>AefU lehnen Holzlager im Wald ab - Organisator<\/title>\n<meta name=\"description\" content=\"Neue Waldverordnung: Die \u00c4rztinnen und \u00c4rzte f\u00fcr Umweltschutz AefU sind strikte gegen den Einsatz von Insektiziden im Wald.\" \/>\n<meta name=\"robots\" content=\"index, follow, max-snippet:-1, max-image-preview:large, max-video-preview:-1\" \/>\n<link rel=\"canonical\" href=\"https:\/\/www.organisator.ch\/it\/generale\/2020-09-18\/aefu-lehnen-holzlager-im-wald-ab\/\" \/>\n<meta property=\"og:locale\" content=\"it_IT\" \/>\n<meta property=\"og:type\" content=\"article\" \/>\n<meta property=\"og:title\" content=\"AefU lehnen Holzlager im Wald ab - Organisator\" \/>\n<meta property=\"og:description\" content=\"Neue Waldverordnung: Die \u00c4rztinnen und \u00c4rzte f\u00fcr Umweltschutz AefU sind strikte gegen den Einsatz von Insektiziden im Wald.\" \/>\n<meta property=\"og:url\" content=\"https:\/\/www.organisator.ch\/it\/generale\/2020-09-18\/aefu-lehnen-holzlager-im-wald-ab\/\" \/>\n<meta property=\"og:site_name\" content=\"Organisator\" \/>\n<meta property=\"article:publisher\" content=\"https:\/\/www.facebook.com\/OrganisatorFachmagazin\" \/>\n<meta property=\"article:published_time\" content=\"2020-09-18T10:09:39+00:00\" \/>\n<meta property=\"og:image\" content=\"https:\/\/www.organisator.ch\/wp-content\/uploads\/2020\/09\/Borkenkaefer-1024x684.jpg\" \/>\n\t<meta property=\"og:image:width\" content=\"1024\" \/>\n\t<meta property=\"og:image:height\" content=\"684\" \/>\n\t<meta property=\"og:image:type\" content=\"image\/jpeg\" \/>\n<meta name=\"author\" content=\"michael.merz\" \/>\n<meta name=\"twitter:card\" content=\"summary_large_image\" \/>\n<script type=\"application\/ld+json\" class=\"yoast-schema-graph\">{\"@context\":\"https:\\\/\\\/schema.org\",\"@graph\":[{\"@type\":\"Article\",\"@id\":\"https:\\\/\\\/www.organisator.ch\\\/it\\\/generale\\\/2020-09-18\\\/aefu-lehnen-holzlager-im-wald-ab\\\/#article\",\"isPartOf\":{\"@id\":\"https:\\\/\\\/www.organisator.ch\\\/it\\\/generale\\\/2020-09-18\\\/aefu-lehnen-holzlager-im-wald-ab\\\/\"},\"author\":{\"name\":\"michael.merz\",\"@id\":\"https:\\\/\\\/www.organisator.ch\\\/#\\\/schema\\\/person\\\/134708ca9321c57b0362cceb7948ffbd\"},\"headline\":\"AefU lehnen Holzlager im Wald ab\",\"datePublished\":\"2020-09-18T10:09:39+00:00\",\"mainEntityOfPage\":{\"@id\":\"https:\\\/\\\/www.organisator.ch\\\/it\\\/generale\\\/2020-09-18\\\/aefu-lehnen-holzlager-im-wald-ab\\\/\"},\"wordCount\":397,\"publisher\":{\"@id\":\"https:\\\/\\\/www.organisator.ch\\\/#organization\"},\"image\":{\"@id\":\"https:\\\/\\\/www.organisator.ch\\\/it\\\/generale\\\/2020-09-18\\\/aefu-lehnen-holzlager-im-wald-ab\\\/#primaryimage\"},\"thumbnailUrl\":\"https:\\\/\\\/www.organisator.ch\\\/wp-content\\\/uploads\\\/2020\\\/09\\\/Borkenkaefer.jpg\",\"keywords\":[\"Holzwirtschaft\",\"Insektizide\",\"Revidierung\",\"Schweiz\",\"Waldverordnung\"],\"articleSection\":[\"Allgemein\"],\"inLanguage\":\"it-IT\"},{\"@type\":\"WebPage\",\"@id\":\"https:\\\/\\\/www.organisator.ch\\\/it\\\/generale\\\/2020-09-18\\\/aefu-lehnen-holzlager-im-wald-ab\\\/\",\"url\":\"https:\\\/\\\/www.organisator.ch\\\/it\\\/generale\\\/2020-09-18\\\/aefu-lehnen-holzlager-im-wald-ab\\\/\",\"name\":\"AefU lehnen Holzlager im Wald ab - Organisator\",\"isPartOf\":{\"@id\":\"https:\\\/\\\/www.organisator.ch\\\/#website\"},\"primaryImageOfPage\":{\"@id\":\"https:\\\/\\\/www.organisator.ch\\\/it\\\/generale\\\/2020-09-18\\\/aefu-lehnen-holzlager-im-wald-ab\\\/#primaryimage\"},\"image\":{\"@id\":\"https:\\\/\\\/www.organisator.ch\\\/it\\\/generale\\\/2020-09-18\\\/aefu-lehnen-holzlager-im-wald-ab\\\/#primaryimage\"},\"thumbnailUrl\":\"https:\\\/\\\/www.organisator.ch\\\/wp-content\\\/uploads\\\/2020\\\/09\\\/Borkenkaefer.jpg\",\"datePublished\":\"2020-09-18T10:09:39+00:00\",\"description\":\"Neue Waldverordnung: Die \u00c4rztinnen und \u00c4rzte f\u00fcr Umweltschutz AefU sind strikte gegen den Einsatz von Insektiziden im Wald.\",\"breadcrumb\":{\"@id\":\"https:\\\/\\\/www.organisator.ch\\\/it\\\/generale\\\/2020-09-18\\\/aefu-lehnen-holzlager-im-wald-ab\\\/#breadcrumb\"},\"inLanguage\":\"it-IT\",\"potentialAction\":[{\"@type\":\"ReadAction\",\"target\":[\"https:\\\/\\\/www.organisator.ch\\\/it\\\/generale\\\/2020-09-18\\\/aefu-lehnen-holzlager-im-wald-ab\\\/\"]}]},{\"@type\":\"ImageObject\",\"inLanguage\":\"it-IT\",\"@id\":\"https:\\\/\\\/www.organisator.ch\\\/it\\\/generale\\\/2020-09-18\\\/aefu-lehnen-holzlager-im-wald-ab\\\/#primaryimage\",\"url\":\"https:\\\/\\\/www.organisator.ch\\\/wp-content\\\/uploads\\\/2020\\\/09\\\/Borkenkaefer.jpg\",\"contentUrl\":\"https:\\\/\\\/www.organisator.ch\\\/wp-content\\\/uploads\\\/2020\\\/09\\\/Borkenkaefer.jpg\",\"width\":2000,\"height\":1336},{\"@type\":\"BreadcrumbList\",\"@id\":\"https:\\\/\\\/www.organisator.ch\\\/it\\\/generale\\\/2020-09-18\\\/aefu-lehnen-holzlager-im-wald-ab\\\/#breadcrumb\",\"itemListElement\":[{\"@type\":\"ListItem\",\"position\":1,\"name\":\"Home\",\"item\":\"https:\\\/\\\/www.organisator.ch\\\/\"},{\"@type\":\"ListItem\",\"position\":2,\"name\":\"AefU lehnen Holzlager im Wald ab\"}]},{\"@type\":\"WebSite\",\"@id\":\"https:\\\/\\\/www.organisator.ch\\\/#website\",\"url\":\"https:\\\/\\\/www.organisator.ch\\\/\",\"name\":\"Organisator\",\"description\":\"Kompetent. Praxisnah. Der ORGANISATOR bereitet in 10 Ausgaben pro Jahr die wesentlichen Themen f\u00fcr F\u00fchrungskr\u00e4fte von KMU auf.\",\"publisher\":{\"@id\":\"https:\\\/\\\/www.organisator.ch\\\/#organization\"},\"potentialAction\":[{\"@type\":\"SearchAction\",\"target\":{\"@type\":\"EntryPoint\",\"urlTemplate\":\"https:\\\/\\\/www.organisator.ch\\\/?s={search_term_string}\"},\"query-input\":{\"@type\":\"PropertyValueSpecification\",\"valueRequired\":true,\"valueName\":\"search_term_string\"}}],\"inLanguage\":\"it-IT\"},{\"@type\":\"Organization\",\"@id\":\"https:\\\/\\\/www.organisator.ch\\\/#organization\",\"name\":\"Organisator\",\"url\":\"https:\\\/\\\/www.organisator.ch\\\/\",\"logo\":{\"@type\":\"ImageObject\",\"inLanguage\":\"it-IT\",\"@id\":\"https:\\\/\\\/www.organisator.ch\\\/#\\\/schema\\\/logo\\\/image\\\/\",\"url\":\"https:\\\/\\\/www.organisator.ch\\\/wp-content\\\/uploads\\\/2022\\\/01\\\/Logo_Organisator_Website.png\",\"contentUrl\":\"https:\\\/\\\/www.organisator.ch\\\/wp-content\\\/uploads\\\/2022\\\/01\\\/Logo_Organisator_Website.png\",\"width\":800,\"height\":77,\"caption\":\"Organisator\"},\"image\":{\"@id\":\"https:\\\/\\\/www.organisator.ch\\\/#\\\/schema\\\/logo\\\/image\\\/\"},\"sameAs\":[\"https:\\\/\\\/www.facebook.com\\\/OrganisatorFachmagazin\",\"https:\\\/\\\/www.linkedin.com\\\/showcase\\\/organisator-das-magazin-fr-kmu\",\"https:\\\/\\\/www.xing.com\\\/news\\\/pages\\\/organisator-ch-695\",\"https:\\\/\\\/www.youtube.com\\\/channel\\\/UCGP2Sq0iWaZwT3BdIAQFYpw\"]},{\"@type\":\"Person\",\"@id\":\"https:\\\/\\\/www.organisator.ch\\\/#\\\/schema\\\/person\\\/134708ca9321c57b0362cceb7948ffbd\",\"name\":\"michael.merz\",\"image\":{\"@type\":\"ImageObject\",\"inLanguage\":\"it-IT\",\"@id\":\"https:\\\/\\\/secure.gravatar.com\\\/avatar\\\/?s=96&d=mm&r=g\",\"url\":\"https:\\\/\\\/secure.gravatar.com\\\/avatar\\\/?s=96&d=mm&r=g\",\"contentUrl\":\"https:\\\/\\\/secure.gravatar.com\\\/avatar\\\/?s=96&d=mm&r=g\",\"caption\":\"michael.merz\"},\"url\":\"https:\\\/\\\/www.organisator.ch\\\/it\\\/author\\\/michael-merz\\\/\"}]}<\/script>\n<!-- \/ Yoast SEO plugin. -->","yoast_head_json":{"title":"L'AefU respinge i campi di legno nella foresta - Organizzatore","description":"Nuova ordinanza forestale: i Medici per la Protezione dell'Ambiente AefU sono rigorosamente contrari all'uso di insetticidi nella foresta.","robots":{"index":"index","follow":"follow","max-snippet":"max-snippet:-1","max-image-preview":"max-image-preview:large","max-video-preview":"max-video-preview:-1"},"canonical":"https:\/\/www.organisator.ch\/it\/generale\/2020-09-18\/aefu-lehnen-holzlager-im-wald-ab\/","og_locale":"it_IT","og_type":"article","og_title":"AefU lehnen Holzlager im Wald ab - Organisator","og_description":"Neue Waldverordnung: Die \u00c4rztinnen und \u00c4rzte f\u00fcr Umweltschutz AefU sind strikte gegen den Einsatz von Insektiziden im Wald.","og_url":"https:\/\/www.organisator.ch\/it\/generale\/2020-09-18\/aefu-lehnen-holzlager-im-wald-ab\/","og_site_name":"Organisator","article_publisher":"https:\/\/www.facebook.com\/OrganisatorFachmagazin","article_published_time":"2020-09-18T10:09:39+00:00","og_image":[{"width":1024,"height":684,"url":"https:\/\/www.organisator.ch\/wp-content\/uploads\/2020\/09\/Borkenkaefer-1024x684.jpg","type":"image\/jpeg"}],"author":"michael.merz","twitter_card":"summary_large_image","schema":{"@context":"https:\/\/schema.org","@graph":[{"@type":"Article","@id":"https:\/\/www.organisator.ch\/it\/generale\/2020-09-18\/aefu-lehnen-holzlager-im-wald-ab\/#article","isPartOf":{"@id":"https:\/\/www.organisator.ch\/it\/generale\/2020-09-18\/aefu-lehnen-holzlager-im-wald-ab\/"},"author":{"name":"michael.merz","@id":"https:\/\/www.organisator.ch\/#\/schema\/person\/134708ca9321c57b0362cceb7948ffbd"},"headline":"AefU lehnen Holzlager im Wald ab","datePublished":"2020-09-18T10:09:39+00:00","mainEntityOfPage":{"@id":"https:\/\/www.organisator.ch\/it\/generale\/2020-09-18\/aefu-lehnen-holzlager-im-wald-ab\/"},"wordCount":397,"publisher":{"@id":"https:\/\/www.organisator.ch\/#organization"},"image":{"@id":"https:\/\/www.organisator.ch\/it\/generale\/2020-09-18\/aefu-lehnen-holzlager-im-wald-ab\/#primaryimage"},"thumbnailUrl":"https:\/\/www.organisator.ch\/wp-content\/uploads\/2020\/09\/Borkenkaefer.jpg","keywords":["Holzwirtschaft","Insektizide","Revidierung","Schweiz","Waldverordnung"],"articleSection":["Allgemein"],"inLanguage":"it-IT"},{"@type":"WebPage","@id":"https:\/\/www.organisator.ch\/it\/generale\/2020-09-18\/aefu-lehnen-holzlager-im-wald-ab\/","url":"https:\/\/www.organisator.ch\/it\/generale\/2020-09-18\/aefu-lehnen-holzlager-im-wald-ab\/","name":"L'AefU respinge i campi di legno nella foresta - Organizzatore","isPartOf":{"@id":"https:\/\/www.organisator.ch\/#website"},"primaryImageOfPage":{"@id":"https:\/\/www.organisator.ch\/it\/generale\/2020-09-18\/aefu-lehnen-holzlager-im-wald-ab\/#primaryimage"},"image":{"@id":"https:\/\/www.organisator.ch\/it\/generale\/2020-09-18\/aefu-lehnen-holzlager-im-wald-ab\/#primaryimage"},"thumbnailUrl":"https:\/\/www.organisator.ch\/wp-content\/uploads\/2020\/09\/Borkenkaefer.jpg","datePublished":"2020-09-18T10:09:39+00:00","description":"Nuova ordinanza forestale: i Medici per la Protezione dell'Ambiente AefU sono rigorosamente contrari all'uso di insetticidi nella foresta.","breadcrumb":{"@id":"https:\/\/www.organisator.ch\/it\/generale\/2020-09-18\/aefu-lehnen-holzlager-im-wald-ab\/#breadcrumb"},"inLanguage":"it-IT","potentialAction":[{"@type":"ReadAction","target":["https:\/\/www.organisator.ch\/it\/generale\/2020-09-18\/aefu-lehnen-holzlager-im-wald-ab\/"]}]},{"@type":"ImageObject","inLanguage":"it-IT","@id":"https:\/\/www.organisator.ch\/it\/generale\/2020-09-18\/aefu-lehnen-holzlager-im-wald-ab\/#primaryimage","url":"https:\/\/www.organisator.ch\/wp-content\/uploads\/2020\/09\/Borkenkaefer.jpg","contentUrl":"https:\/\/www.organisator.ch\/wp-content\/uploads\/2020\/09\/Borkenkaefer.jpg","width":2000,"height":1336},{"@type":"BreadcrumbList","@id":"https:\/\/www.organisator.ch\/it\/generale\/2020-09-18\/aefu-lehnen-holzlager-im-wald-ab\/#breadcrumb","itemListElement":[{"@type":"ListItem","position":1,"name":"Home","item":"https:\/\/www.organisator.ch\/"},{"@type":"ListItem","position":2,"name":"AefU lehnen Holzlager im Wald ab"}]},{"@type":"WebSite","@id":"https:\/\/www.organisator.ch\/#website","url":"https:\/\/www.organisator.ch\/","name":"Organizzatore","description":"Competente. Pratico. In 10 numeri all'anno, ORGANISATOR presenta i temi essenziali per i manager delle PMI.","publisher":{"@id":"https:\/\/www.organisator.ch\/#organization"},"potentialAction":[{"@type":"SearchAction","target":{"@type":"EntryPoint","urlTemplate":"https:\/\/www.organisator.ch\/?s={search_term_string}"},"query-input":{"@type":"PropertyValueSpecification","valueRequired":true,"valueName":"search_term_string"}}],"inLanguage":"it-IT"},{"@type":"Organization","@id":"https:\/\/www.organisator.ch\/#organization","name":"Organizzatore","url":"https:\/\/www.organisator.ch\/","logo":{"@type":"ImageObject","inLanguage":"it-IT","@id":"https:\/\/www.organisator.ch\/#\/schema\/logo\/image\/","url":"https:\/\/www.organisator.ch\/wp-content\/uploads\/2022\/01\/Logo_Organisator_Website.png","contentUrl":"https:\/\/www.organisator.ch\/wp-content\/uploads\/2022\/01\/Logo_Organisator_Website.png","width":800,"height":77,"caption":"Organisator"},"image":{"@id":"https:\/\/www.organisator.ch\/#\/schema\/logo\/image\/"},"sameAs":["https:\/\/www.facebook.com\/OrganisatorFachmagazin","https:\/\/www.linkedin.com\/showcase\/organisator-das-magazin-fr-kmu","https:\/\/www.xing.com\/news\/pages\/organisator-ch-695","https:\/\/www.youtube.com\/channel\/UCGP2Sq0iWaZwT3BdIAQFYpw"]},{"@type":"Person","@id":"https:\/\/www.organisator.ch\/#\/schema\/person\/134708ca9321c57b0362cceb7948ffbd","name":"michael.merz","image":{"@type":"ImageObject","inLanguage":"it-IT","@id":"https:\/\/secure.gravatar.com\/avatar\/?s=96&d=mm&r=g","url":"https:\/\/secure.gravatar.com\/avatar\/?s=96&d=mm&r=g","contentUrl":"https:\/\/secure.gravatar.com\/avatar\/?s=96&d=mm&r=g","caption":"michael.merz"},"url":"https:\/\/www.organisator.ch\/it\/author\/michael-merz\/"}]}},"_links":{"self":[{"href":"https:\/\/www.organisator.ch\/it\/wp-json\/wp\/v2\/posts\/3365","targetHints":{"allow":["GET"]}}],"collection":[{"href":"https:\/\/www.organisator.ch\/it\/wp-json\/wp\/v2\/posts"}],"about":[{"href":"https:\/\/www.organisator.ch\/it\/wp-json\/wp\/v2\/types\/post"}],"author":[{"embeddable":true,"href":"https:\/\/www.organisator.ch\/it\/wp-json\/wp\/v2\/users\/5"}],"replies":[{"embeddable":true,"href":"https:\/\/www.organisator.ch\/it\/wp-json\/wp\/v2\/comments?post=3365"}],"version-history":[{"count":0,"href":"https:\/\/www.organisator.ch\/it\/wp-json\/wp\/v2\/posts\/3365\/revisions"}],"wp:featuredmedia":[{"embeddable":true,"href":"https:\/\/www.organisator.ch\/it\/wp-json\/wp\/v2\/media\/9728"}],"wp:attachment":[{"href":"https:\/\/www.organisator.ch\/it\/wp-json\/wp\/v2\/media?parent=3365"}],"wp:term":[{"taxonomy":"category","embeddable":true,"href":"https:\/\/www.organisator.ch\/it\/wp-json\/wp\/v2\/categories?post=3365"},{"taxonomy":"post_tag","embeddable":true,"href":"https:\/\/www.organisator.ch\/it\/wp-json\/wp\/v2\/tags?post=3365"}],"curies":[{"name":"wp","href":"https:\/\/api.w.org\/{rel}","templated":true}]}}