{"id":337,"date":"2016-04-29T15:58:01","date_gmt":"2016-04-29T13:58:01","guid":{"rendered":"https:\/\/dev.umweltperspektiven.ch\/?p=337"},"modified":"2016-04-29T15:58:01","modified_gmt":"2016-04-29T13:58:01","slug":"hydrokultur-salate-mit-positiver-oekobilanz","status":"publish","type":"post","link":"https:\/\/www.organisator.ch\/it\/allgemein\/2016-04-29\/hydrokultur-salate-mit-positiver-oekobilanz\/","title":{"rendered":"Lattughe idroponiche con un ecobilancio positivo"},"content":{"rendered":"<figure id=\"attachment_338\" aria-describedby=\"caption-attachment-338\" style=\"width: 680px\" class=\"wp-caption alignnone\"><a href=\"\/\/dev.umweltperspektiven.ch\/wp-content\/uploads\/2016\/12\/Hydrokultur-Salate-mit-positiver-\u00d6kobilanz-umweltperspektiven.jpg\"><img loading=\"lazy\" decoding=\"async\" class=\"wp-image-338 size-medium\" src=\"\/\/www.umweltperspektiven.ch\/wp-content\/uploads\/2016\/12\/Hydrokultur-Salate-mit-positiver-\u00d6kobilanz-umweltperspektiven.jpg\" alt=\"La lattuga \u00e8 venduta insieme alla zolla e dovrebbe quindi conservarsi pi\u00f9 a lungo.\" width=\"680\" height=\"453\" \/><\/a><figcaption id=\"caption-attachment-338\" class=\"wp-caption-text\">La lattuga \u00e8 venduta insieme alla zolla e dovrebbe quindi conservarsi pi\u00f9 a lungo.<\/figcaption><\/figure>\n<p>Da marted\u00ec, per la prima volta saranno disponibili alla Migros lattughe da coltura idroponica. Questi crescono nelle serre - ma in acqua invece che nel terreno.<\/p>\n<p>Questo metodo di coltivazione ha dei vantaggi ecologici: Per prima cosa, ci vuole otto volte meno terra, 70% meno acqua e 60% meno fertilizzante della coltivazione convenzionale di lattuga per produrre la stessa quantit\u00e0 di lattuga. Inoltre, la lattuga pu\u00f2 essere coltivata tutto l'anno, il che significa che si deve importare meno lattuga durante la stagione fredda. Questo risparmia l'energia grigia.<\/p>\n<p>Anche se la serra deve essere riscaldata, \u00e8 gestita in modo neutrale dal punto di vista del CO2: Il riscaldamento \u00e8 il calore di scarto del vicino impianto di incenerimento dei rifiuti.<\/p>\n<p><strong>Lo studio conferma l'eco-equilibrio<\/strong><\/p>\n<p>Uno studio comparativo del ciclo di vita dell'impianto \u00e8 stato commissionato dalla fondazione svizzera per la protezione del clima \"myclimate\". Lo studio ha dato all'impianto di produzione idroelettrica dei voti eccellenti. \"Questo impianto \u00e8 un eccellente esempio di produzione sostenibile. Su una superficie relativamente piccola, la produzione \u00e8 molto efficiente in termini di risorse e quindi ha un impatto molto pi\u00f9 basso sull'ambiente e sul clima\", Kai Landwehr, portavoce di \"myclimate\", riassume i risultati dello studio*.<\/p>","protected":false},"excerpt":{"rendered":"<p>Ab Dienstag sind bei Migros erstmals Salate aus Hydrokultur erh\u00e4ltlich. Diese wachsen in Gew\u00e4chsh\u00e4usern &#8211; allerdings in Wasser statt in Erde. Diese Anbauemthode hat \u00f6kologische Vorteile: Zum einen braucht es f\u00fcr die gleiche Menge Salat achtmal weniger Fl\u00e4che, 70% weniger Wasser und 60% weniger D\u00fcnger als herk\u00f6mmlicher Salatanbau. Zudem k\u00f6nnen die Salate so rund um&#8217;s [&hellip;]<\/p>\n","protected":false},"author":1,"featured_media":338,"comment_status":"open","ping_status":"open","sticky":false,"template":"","format":"standard","meta":{"_acf_changed":false,"_yoast_wpseo_focuskw":"Hydrokultur-Salate","_yoast_wpseo_metadesc":"Hydrokultur-Salate: 60% weniger D\u00fcnger, 70% weniger Wasser und achtmal weniger Landfl\u00e4che.","articlekey":"","footnotes":""},"categories":[1],"tags":[1385,1503,1708,2042],"class_list":["post-337","post","type-post","status-publish","format-standard","has-post-thumbnail","hentry","category-allgemein","tag-hydrokultur","tag-klilmabilanz","tag-migros","tag-salat"],"acf":[],"yoast_head":"<!-- This site is optimized with the Yoast SEO plugin v27.4 - https:\/\/yoast.com\/product\/yoast-seo-wordpress\/ -->\n<title>Hydrokultur-Salate mit positiver \u00d6kobilanz - Organisator<\/title>\n<meta name=\"description\" content=\"Hydrokultur-Salate: 60% weniger D\u00fcnger, 70% weniger Wasser und achtmal weniger Landfl\u00e4che.\" \/>\n<meta name=\"robots\" content=\"index, follow, max-snippet:-1, max-image-preview:large, max-video-preview:-1\" \/>\n<link rel=\"canonical\" href=\"https:\/\/www.organisator.ch\/it\/generale\/2016-04-29\/hydrokultur-salate-mit-positiver-oekobilanz\/\" \/>\n<meta property=\"og:locale\" content=\"it_IT\" \/>\n<meta property=\"og:type\" content=\"article\" \/>\n<meta property=\"og:title\" content=\"Hydrokultur-Salate mit positiver \u00d6kobilanz - Organisator\" \/>\n<meta property=\"og:description\" content=\"Hydrokultur-Salate: 60% weniger D\u00fcnger, 70% weniger Wasser und achtmal weniger Landfl\u00e4che.\" \/>\n<meta property=\"og:url\" content=\"https:\/\/www.organisator.ch\/it\/generale\/2016-04-29\/hydrokultur-salate-mit-positiver-oekobilanz\/\" \/>\n<meta property=\"og:site_name\" content=\"Organisator\" \/>\n<meta property=\"article:publisher\" content=\"https:\/\/www.facebook.com\/OrganisatorFachmagazin\" \/>\n<meta property=\"article:published_time\" content=\"2016-04-29T13:58:01+00:00\" \/>\n<meta property=\"og:image\" content=\"https:\/\/www.organisator.ch\/wp-content\/uploads\/2016\/12\/Hydrokultur-Salate-mit-positiver-Oekobilanz-umweltperspektiven.jpg\" \/>\n\t<meta property=\"og:image:width\" content=\"1728\" \/>\n\t<meta property=\"og:image:height\" content=\"1152\" \/>\n\t<meta property=\"og:image:type\" content=\"image\/jpeg\" \/>\n<meta name=\"author\" content=\"admin\" \/>\n<meta name=\"twitter:card\" content=\"summary_large_image\" \/>\n<script type=\"application\/ld+json\" class=\"yoast-schema-graph\">{\"@context\":\"https:\\\/\\\/schema.org\",\"@graph\":[{\"@type\":\"Article\",\"@id\":\"https:\\\/\\\/www.organisator.ch\\\/fr\\\/general\\\/2016-04-29\\\/hydrokultur-salate-mit-positiver-oekobilanz\\\/#article\",\"isPartOf\":{\"@id\":\"https:\\\/\\\/www.organisator.ch\\\/fr\\\/general\\\/2016-04-29\\\/hydrokultur-salate-mit-positiver-oekobilanz\\\/\"},\"author\":{\"name\":\"admin\",\"@id\":\"https:\\\/\\\/www.organisator.ch\\\/#\\\/schema\\\/person\\\/aa2bace6c5c5aad60102004a50c4eb1c\"},\"headline\":\"Hydrokultur-Salate mit positiver \u00d6kobilanz\",\"datePublished\":\"2016-04-29T13:58:01+00:00\",\"mainEntityOfPage\":{\"@id\":\"https:\\\/\\\/www.organisator.ch\\\/fr\\\/general\\\/2016-04-29\\\/hydrokultur-salate-mit-positiver-oekobilanz\\\/\"},\"wordCount\":195,\"commentCount\":0,\"publisher\":{\"@id\":\"https:\\\/\\\/www.organisator.ch\\\/#organization\"},\"image\":{\"@id\":\"https:\\\/\\\/www.organisator.ch\\\/fr\\\/general\\\/2016-04-29\\\/hydrokultur-salate-mit-positiver-oekobilanz\\\/#primaryimage\"},\"thumbnailUrl\":\"https:\\\/\\\/www.organisator.ch\\\/wp-content\\\/uploads\\\/2016\\\/12\\\/Hydrokultur-Salate-mit-positiver-Oekobilanz-umweltperspektiven.jpg\",\"keywords\":[\"Hydrokultur\",\"Klilmabilanz\",\"Migros\",\"Salat\"],\"articleSection\":[\"Allgemein\"],\"inLanguage\":\"it-IT\"},{\"@type\":\"WebPage\",\"@id\":\"https:\\\/\\\/www.organisator.ch\\\/fr\\\/general\\\/2016-04-29\\\/hydrokultur-salate-mit-positiver-oekobilanz\\\/\",\"url\":\"https:\\\/\\\/www.organisator.ch\\\/fr\\\/general\\\/2016-04-29\\\/hydrokultur-salate-mit-positiver-oekobilanz\\\/\",\"name\":\"Hydrokultur-Salate mit positiver \u00d6kobilanz - Organisator\",\"isPartOf\":{\"@id\":\"https:\\\/\\\/www.organisator.ch\\\/#website\"},\"primaryImageOfPage\":{\"@id\":\"https:\\\/\\\/www.organisator.ch\\\/fr\\\/general\\\/2016-04-29\\\/hydrokultur-salate-mit-positiver-oekobilanz\\\/#primaryimage\"},\"image\":{\"@id\":\"https:\\\/\\\/www.organisator.ch\\\/fr\\\/general\\\/2016-04-29\\\/hydrokultur-salate-mit-positiver-oekobilanz\\\/#primaryimage\"},\"thumbnailUrl\":\"https:\\\/\\\/www.organisator.ch\\\/wp-content\\\/uploads\\\/2016\\\/12\\\/Hydrokultur-Salate-mit-positiver-Oekobilanz-umweltperspektiven.jpg\",\"datePublished\":\"2016-04-29T13:58:01+00:00\",\"description\":\"Hydrokultur-Salate: 60% weniger D\u00fcnger, 70% weniger Wasser und achtmal weniger Landfl\u00e4che.\",\"breadcrumb\":{\"@id\":\"https:\\\/\\\/www.organisator.ch\\\/fr\\\/general\\\/2016-04-29\\\/hydrokultur-salate-mit-positiver-oekobilanz\\\/#breadcrumb\"},\"inLanguage\":\"it-IT\",\"potentialAction\":[{\"@type\":\"ReadAction\",\"target\":[\"https:\\\/\\\/www.organisator.ch\\\/fr\\\/general\\\/2016-04-29\\\/hydrokultur-salate-mit-positiver-oekobilanz\\\/\"]}]},{\"@type\":\"ImageObject\",\"inLanguage\":\"it-IT\",\"@id\":\"https:\\\/\\\/www.organisator.ch\\\/fr\\\/general\\\/2016-04-29\\\/hydrokultur-salate-mit-positiver-oekobilanz\\\/#primaryimage\",\"url\":\"https:\\\/\\\/www.organisator.ch\\\/wp-content\\\/uploads\\\/2016\\\/12\\\/Hydrokultur-Salate-mit-positiver-Oekobilanz-umweltperspektiven.jpg\",\"contentUrl\":\"https:\\\/\\\/www.organisator.ch\\\/wp-content\\\/uploads\\\/2016\\\/12\\\/Hydrokultur-Salate-mit-positiver-Oekobilanz-umweltperspektiven.jpg\",\"width\":1728,\"height\":1152,\"caption\":\"Der Salat wird samt Wurzelballen verkauft und soll damit l\u00e4nger haltbar sein.\"},{\"@type\":\"BreadcrumbList\",\"@id\":\"https:\\\/\\\/www.organisator.ch\\\/fr\\\/general\\\/2016-04-29\\\/hydrokultur-salate-mit-positiver-oekobilanz\\\/#breadcrumb\",\"itemListElement\":[{\"@type\":\"ListItem\",\"position\":1,\"name\":\"Home\",\"item\":\"https:\\\/\\\/www.organisator.ch\\\/\"},{\"@type\":\"ListItem\",\"position\":2,\"name\":\"Hydrokultur-Salate mit positiver \u00d6kobilanz\"}]},{\"@type\":\"WebSite\",\"@id\":\"https:\\\/\\\/www.organisator.ch\\\/#website\",\"url\":\"https:\\\/\\\/www.organisator.ch\\\/\",\"name\":\"Organisator\",\"description\":\"Kompetent. Praxisnah. Der ORGANISATOR bereitet in 10 Ausgaben pro Jahr die wesentlichen Themen f\u00fcr F\u00fchrungskr\u00e4fte von KMU auf.\",\"publisher\":{\"@id\":\"https:\\\/\\\/www.organisator.ch\\\/#organization\"},\"potentialAction\":[{\"@type\":\"SearchAction\",\"target\":{\"@type\":\"EntryPoint\",\"urlTemplate\":\"https:\\\/\\\/www.organisator.ch\\\/?s={search_term_string}\"},\"query-input\":{\"@type\":\"PropertyValueSpecification\",\"valueRequired\":true,\"valueName\":\"search_term_string\"}}],\"inLanguage\":\"it-IT\"},{\"@type\":\"Organization\",\"@id\":\"https:\\\/\\\/www.organisator.ch\\\/#organization\",\"name\":\"Organisator\",\"url\":\"https:\\\/\\\/www.organisator.ch\\\/\",\"logo\":{\"@type\":\"ImageObject\",\"inLanguage\":\"it-IT\",\"@id\":\"https:\\\/\\\/www.organisator.ch\\\/#\\\/schema\\\/logo\\\/image\\\/\",\"url\":\"https:\\\/\\\/www.organisator.ch\\\/wp-content\\\/uploads\\\/2022\\\/01\\\/Logo_Organisator_Website.png\",\"contentUrl\":\"https:\\\/\\\/www.organisator.ch\\\/wp-content\\\/uploads\\\/2022\\\/01\\\/Logo_Organisator_Website.png\",\"width\":800,\"height\":77,\"caption\":\"Organisator\"},\"image\":{\"@id\":\"https:\\\/\\\/www.organisator.ch\\\/#\\\/schema\\\/logo\\\/image\\\/\"},\"sameAs\":[\"https:\\\/\\\/www.facebook.com\\\/OrganisatorFachmagazin\",\"https:\\\/\\\/www.linkedin.com\\\/showcase\\\/organisator-das-magazin-fr-kmu\",\"https:\\\/\\\/www.xing.com\\\/news\\\/pages\\\/organisator-ch-695\",\"https:\\\/\\\/www.youtube.com\\\/channel\\\/UCGP2Sq0iWaZwT3BdIAQFYpw\"]},{\"@type\":\"Person\",\"@id\":\"https:\\\/\\\/www.organisator.ch\\\/#\\\/schema\\\/person\\\/aa2bace6c5c5aad60102004a50c4eb1c\",\"name\":\"admin\",\"image\":{\"@type\":\"ImageObject\",\"inLanguage\":\"it-IT\",\"@id\":\"https:\\\/\\\/secure.gravatar.com\\\/avatar\\\/ae2f4d718e6c49043e314ce431e7e645d646302a24a5ef5a8bc8e3f5a032e319?s=96&d=mm&r=g\",\"url\":\"https:\\\/\\\/secure.gravatar.com\\\/avatar\\\/ae2f4d718e6c49043e314ce431e7e645d646302a24a5ef5a8bc8e3f5a032e319?s=96&d=mm&r=g\",\"contentUrl\":\"https:\\\/\\\/secure.gravatar.com\\\/avatar\\\/ae2f4d718e6c49043e314ce431e7e645d646302a24a5ef5a8bc8e3f5a032e319?s=96&d=mm&r=g\",\"caption\":\"admin\"},\"sameAs\":[\"https:\\\/\\\/www.organisator.ch\"],\"url\":\"https:\\\/\\\/www.organisator.ch\\\/it\\\/author\\\/admin\\\/\"}]}<\/script>\n<!-- \/ Yoast SEO plugin. -->","yoast_head_json":{"title":"Insalate idroponiche con ecobilancio positivo - Organizzatore","description":"Lattughe idroponiche: 60% di fertilizzanti in meno, 70% di acqua in meno e una superficie di terreno otto volte inferiore.","robots":{"index":"index","follow":"follow","max-snippet":"max-snippet:-1","max-image-preview":"max-image-preview:large","max-video-preview":"max-video-preview:-1"},"canonical":"https:\/\/www.organisator.ch\/it\/generale\/2016-04-29\/hydrokultur-salate-mit-positiver-oekobilanz\/","og_locale":"it_IT","og_type":"article","og_title":"Hydrokultur-Salate mit positiver \u00d6kobilanz - Organisator","og_description":"Hydrokultur-Salate: 60% weniger D\u00fcnger, 70% weniger Wasser und achtmal weniger Landfl\u00e4che.","og_url":"https:\/\/www.organisator.ch\/it\/generale\/2016-04-29\/hydrokultur-salate-mit-positiver-oekobilanz\/","og_site_name":"Organisator","article_publisher":"https:\/\/www.facebook.com\/OrganisatorFachmagazin","article_published_time":"2016-04-29T13:58:01+00:00","og_image":[{"width":1728,"height":1152,"url":"https:\/\/www.organisator.ch\/wp-content\/uploads\/2016\/12\/Hydrokultur-Salate-mit-positiver-Oekobilanz-umweltperspektiven.jpg","type":"image\/jpeg"}],"author":"admin","twitter_card":"summary_large_image","schema":{"@context":"https:\/\/schema.org","@graph":[{"@type":"Article","@id":"https:\/\/www.organisator.ch\/fr\/general\/2016-04-29\/hydrokultur-salate-mit-positiver-oekobilanz\/#article","isPartOf":{"@id":"https:\/\/www.organisator.ch\/fr\/general\/2016-04-29\/hydrokultur-salate-mit-positiver-oekobilanz\/"},"author":{"name":"admin","@id":"https:\/\/www.organisator.ch\/#\/schema\/person\/aa2bace6c5c5aad60102004a50c4eb1c"},"headline":"Hydrokultur-Salate mit positiver \u00d6kobilanz","datePublished":"2016-04-29T13:58:01+00:00","mainEntityOfPage":{"@id":"https:\/\/www.organisator.ch\/fr\/general\/2016-04-29\/hydrokultur-salate-mit-positiver-oekobilanz\/"},"wordCount":195,"commentCount":0,"publisher":{"@id":"https:\/\/www.organisator.ch\/#organization"},"image":{"@id":"https:\/\/www.organisator.ch\/fr\/general\/2016-04-29\/hydrokultur-salate-mit-positiver-oekobilanz\/#primaryimage"},"thumbnailUrl":"https:\/\/www.organisator.ch\/wp-content\/uploads\/2016\/12\/Hydrokultur-Salate-mit-positiver-Oekobilanz-umweltperspektiven.jpg","keywords":["Hydrokultur","Klilmabilanz","Migros","Salat"],"articleSection":["Allgemein"],"inLanguage":"it-IT"},{"@type":"WebPage","@id":"https:\/\/www.organisator.ch\/fr\/general\/2016-04-29\/hydrokultur-salate-mit-positiver-oekobilanz\/","url":"https:\/\/www.organisator.ch\/fr\/general\/2016-04-29\/hydrokultur-salate-mit-positiver-oekobilanz\/","name":"Insalate idroponiche con ecobilancio positivo - Organizzatore","isPartOf":{"@id":"https:\/\/www.organisator.ch\/#website"},"primaryImageOfPage":{"@id":"https:\/\/www.organisator.ch\/fr\/general\/2016-04-29\/hydrokultur-salate-mit-positiver-oekobilanz\/#primaryimage"},"image":{"@id":"https:\/\/www.organisator.ch\/fr\/general\/2016-04-29\/hydrokultur-salate-mit-positiver-oekobilanz\/#primaryimage"},"thumbnailUrl":"https:\/\/www.organisator.ch\/wp-content\/uploads\/2016\/12\/Hydrokultur-Salate-mit-positiver-Oekobilanz-umweltperspektiven.jpg","datePublished":"2016-04-29T13:58:01+00:00","description":"Lattughe idroponiche: 60% di fertilizzanti in meno, 70% di acqua in meno e una superficie di terreno otto volte inferiore.","breadcrumb":{"@id":"https:\/\/www.organisator.ch\/fr\/general\/2016-04-29\/hydrokultur-salate-mit-positiver-oekobilanz\/#breadcrumb"},"inLanguage":"it-IT","potentialAction":[{"@type":"ReadAction","target":["https:\/\/www.organisator.ch\/fr\/general\/2016-04-29\/hydrokultur-salate-mit-positiver-oekobilanz\/"]}]},{"@type":"ImageObject","inLanguage":"it-IT","@id":"https:\/\/www.organisator.ch\/fr\/general\/2016-04-29\/hydrokultur-salate-mit-positiver-oekobilanz\/#primaryimage","url":"https:\/\/www.organisator.ch\/wp-content\/uploads\/2016\/12\/Hydrokultur-Salate-mit-positiver-Oekobilanz-umweltperspektiven.jpg","contentUrl":"https:\/\/www.organisator.ch\/wp-content\/uploads\/2016\/12\/Hydrokultur-Salate-mit-positiver-Oekobilanz-umweltperspektiven.jpg","width":1728,"height":1152,"caption":"Der Salat wird samt Wurzelballen verkauft und soll damit l\u00e4nger haltbar sein."},{"@type":"BreadcrumbList","@id":"https:\/\/www.organisator.ch\/fr\/general\/2016-04-29\/hydrokultur-salate-mit-positiver-oekobilanz\/#breadcrumb","itemListElement":[{"@type":"ListItem","position":1,"name":"Home","item":"https:\/\/www.organisator.ch\/"},{"@type":"ListItem","position":2,"name":"Hydrokultur-Salate mit positiver \u00d6kobilanz"}]},{"@type":"WebSite","@id":"https:\/\/www.organisator.ch\/#website","url":"https:\/\/www.organisator.ch\/","name":"Organizzatore","description":"Competente. Pratico. In 10 numeri all'anno, ORGANISATOR presenta i temi essenziali per i manager delle PMI.","publisher":{"@id":"https:\/\/www.organisator.ch\/#organization"},"potentialAction":[{"@type":"SearchAction","target":{"@type":"EntryPoint","urlTemplate":"https:\/\/www.organisator.ch\/?s={search_term_string}"},"query-input":{"@type":"PropertyValueSpecification","valueRequired":true,"valueName":"search_term_string"}}],"inLanguage":"it-IT"},{"@type":"Organization","@id":"https:\/\/www.organisator.ch\/#organization","name":"Organizzatore","url":"https:\/\/www.organisator.ch\/","logo":{"@type":"ImageObject","inLanguage":"it-IT","@id":"https:\/\/www.organisator.ch\/#\/schema\/logo\/image\/","url":"https:\/\/www.organisator.ch\/wp-content\/uploads\/2022\/01\/Logo_Organisator_Website.png","contentUrl":"https:\/\/www.organisator.ch\/wp-content\/uploads\/2022\/01\/Logo_Organisator_Website.png","width":800,"height":77,"caption":"Organisator"},"image":{"@id":"https:\/\/www.organisator.ch\/#\/schema\/logo\/image\/"},"sameAs":["https:\/\/www.facebook.com\/OrganisatorFachmagazin","https:\/\/www.linkedin.com\/showcase\/organisator-das-magazin-fr-kmu","https:\/\/www.xing.com\/news\/pages\/organisator-ch-695","https:\/\/www.youtube.com\/channel\/UCGP2Sq0iWaZwT3BdIAQFYpw"]},{"@type":"Person","@id":"https:\/\/www.organisator.ch\/#\/schema\/person\/aa2bace6c5c5aad60102004a50c4eb1c","name":"amministratore","image":{"@type":"ImageObject","inLanguage":"it-IT","@id":"https:\/\/secure.gravatar.com\/avatar\/ae2f4d718e6c49043e314ce431e7e645d646302a24a5ef5a8bc8e3f5a032e319?s=96&d=mm&r=g","url":"https:\/\/secure.gravatar.com\/avatar\/ae2f4d718e6c49043e314ce431e7e645d646302a24a5ef5a8bc8e3f5a032e319?s=96&d=mm&r=g","contentUrl":"https:\/\/secure.gravatar.com\/avatar\/ae2f4d718e6c49043e314ce431e7e645d646302a24a5ef5a8bc8e3f5a032e319?s=96&d=mm&r=g","caption":"admin"},"sameAs":["https:\/\/www.organisator.ch"],"url":"https:\/\/www.organisator.ch\/it\/author\/admin\/"}]}},"_links":{"self":[{"href":"https:\/\/www.organisator.ch\/it\/wp-json\/wp\/v2\/posts\/337","targetHints":{"allow":["GET"]}}],"collection":[{"href":"https:\/\/www.organisator.ch\/it\/wp-json\/wp\/v2\/posts"}],"about":[{"href":"https:\/\/www.organisator.ch\/it\/wp-json\/wp\/v2\/types\/post"}],"author":[{"embeddable":true,"href":"https:\/\/www.organisator.ch\/it\/wp-json\/wp\/v2\/users\/1"}],"replies":[{"embeddable":true,"href":"https:\/\/www.organisator.ch\/it\/wp-json\/wp\/v2\/comments?post=337"}],"version-history":[{"count":0,"href":"https:\/\/www.organisator.ch\/it\/wp-json\/wp\/v2\/posts\/337\/revisions"}],"wp:featuredmedia":[{"embeddable":true,"href":"https:\/\/www.organisator.ch\/it\/wp-json\/wp\/v2\/media\/338"}],"wp:attachment":[{"href":"https:\/\/www.organisator.ch\/it\/wp-json\/wp\/v2\/media?parent=337"}],"wp:term":[{"taxonomy":"category","embeddable":true,"href":"https:\/\/www.organisator.ch\/it\/wp-json\/wp\/v2\/categories?post=337"},{"taxonomy":"post_tag","embeddable":true,"href":"https:\/\/www.organisator.ch\/it\/wp-json\/wp\/v2\/tags?post=337"}],"curies":[{"name":"wp","href":"https:\/\/api.w.org\/{rel}","templated":true}]}}