{"id":3373,"date":"2018-03-29T10:15:47","date_gmt":"2018-03-29T08:15:47","guid":{"rendered":"https:\/\/www.organisator.ch\/?p=3373"},"modified":"2018-03-29T10:15:47","modified_gmt":"2018-03-29T08:15:47","slug":"export-award-2018-das-sind-die-drei-finalisten","status":"publish","type":"post","link":"https:\/\/www.organisator.ch\/it\/allgemein\/2018-03-29\/export-award-2018-das-sind-die-drei-finalisten\/","title":{"rendered":"Export Award 2018: ecco i tre finalisti"},"content":{"rendered":"<figure id=\"attachment_3374\" aria-describedby=\"caption-attachment-3374\" style=\"width: 640px\" class=\"wp-caption alignnone\"><img loading=\"lazy\" decoding=\"async\" class=\"size-full wp-image-3374\" src=\"https:\/\/www.organisator.ch\/wp-content\/uploads\/2018\/03\/Export-Award-2018-Das-sind-die-drei-Finalisten-1_Organisator.jpg\" alt=\"\" width=\"640\" height=\"427\" srcset=\"https:\/\/www.organisator.ch\/wp-content\/uploads\/2018\/03\/Export-Award-2018-Das-sind-die-drei-Finalisten-1_Organisator.jpg 640w, https:\/\/www.organisator.ch\/wp-content\/uploads\/2018\/03\/Export-Award-2018-Das-sind-die-drei-Finalisten-1_Organisator-16x12.jpg 16w, https:\/\/www.organisator.ch\/wp-content\/uploads\/2018\/03\/Export-Award-2018-Das-sind-die-drei-Finalisten-1_Organisator-262x175.jpg 262w, https:\/\/www.organisator.ch\/wp-content\/uploads\/2018\/03\/Export-Award-2018-Das-sind-die-drei-Finalisten-1_Organisator-525x350.jpg 525w, https:\/\/www.organisator.ch\/wp-content\/uploads\/2018\/03\/Export-Award-2018-Das-sind-die-drei-Finalisten-1_Organisator-300x200.jpg 300w\" sizes=\"auto, (max-width: 640px) 100vw, 640px\" \/><figcaption id=\"caption-attachment-3374\" class=\"wp-caption-text\">L'azienda Regloplas ha vinto il trofeo l'anno scorso. Chi vincer\u00e0 l'Export Award 2018? (Immagine: S-GE)<\/figcaption><\/figure>\n<p>I candidati sono stati determinati. L'indipendente <a href=\"https:\/\/www.s-ge.com\/de\/jury\">Giuria<\/a> di rappresentanti del mondo degli affari, della scienza e dei media ha annunciato chi \u00e8 in corsa per l'Export Award 2018:<\/p>\n<ul>\n<li>Industrielack AG, Wangen SZ: ILAG non lascia nulla di intentato<\/li>\n<li>Acutronic Medical Systems, Hirzel ZH: forte presenza in una piccola nicchia<\/li>\n<li>On, Zurigo: la comunit\u00e0 podistica \u00e8 entusiasta<\/li>\n<\/ul>\n<p>&nbsp;<\/p>\n<p>Il vincitore sar\u00e0 scelto al Foreign Trade and Investment Forum il 26 aprile a Zurigo. I premi saranno presentati da Ruth Metzler-Arnold, presidente del consiglio di amministrazione di S-GE.<\/p>\n<h2>Swiss Made in tutto il mondo<\/h2>\n<p>I finalisti stanno tenendo duro in tutto il mondo, anche se pi\u00f9 di 750 nuove misure protezionistiche sono state promulgate ogni anno dal 2009, come mostra il Global Trade Alert del professor Simon Evenett dell'Universit\u00e0 di San Gallo. Le alte barriere all'entrata prevalgono soprattutto nel settore della tecnologia medica - tanto pi\u00f9 eccezionale \u00e8 l'andamento delle esportazioni di Acutronic Medical Systems, che produce ventilatori di alta precisione per neonati prematuri. L'azienda si \u00e8 gi\u00e0 stabilita nell'Europa occidentale e nel Medio Oriente e sta iniziando a mettere i bastoni tra le ruote in Cina. Ma anche le scarpe da corsa di On e il rivestimento delle pentole di ILAG devono soddisfare standard elevati in tutto il mondo, che le aziende hanno gestito con grande successo.<\/p>\n<h2>I finalisti del premio per l'esportazione 2018<\/h2>\n<p><strong>lLAG non lascia nulla di intentato:<\/strong> Quando si tratta di rivestire pentole e padelle, ILAG \u00e8 un grande affare. La PMI orientata all'esportazione fa centro con la qualit\u00e0 e un modello di business innovativo: la gestione coerente delle relazioni con tutti i partecipanti della catena del valore e il co-branding che rafforza l'immagine garantiscono la crescita dell'azienda - che nel 2017 ha generato un fatturato di 34 milioni di franchi. Nei mercati pi\u00f9 importanti, ILAG \u00e8 sulla strada con agenti di vendita, mentre il mercato statunitense \u00e8 gestito dal proprio ufficio di Chicago. ILAG ha ancora successo soprattutto nell'industria dei beni di consumo, ma in futuro si concentrer\u00e0 sempre pi\u00f9 sulle applicazioni nell'industria. <a href=\"http:\/\/www.ilag.ch\/\">www.ilag.ch<\/a><\/p>\n<figure id=\"attachment_3375\" aria-describedby=\"caption-attachment-3375\" style=\"width: 630px\" class=\"wp-caption alignnone\"><img loading=\"lazy\" decoding=\"async\" class=\"size-full wp-image-3375\" src=\"https:\/\/www.organisator.ch\/wp-content\/uploads\/2018\/03\/Export-Award-2018-Das-sind-die-drei-Finalisten-2_Organisator.jpg\" alt=\"\" width=\"630\" height=\"480\" srcset=\"https:\/\/www.organisator.ch\/wp-content\/uploads\/2018\/03\/Export-Award-2018-Das-sind-die-drei-Finalisten-2_Organisator.jpg 630w, https:\/\/www.organisator.ch\/wp-content\/uploads\/2018\/03\/Export-Award-2018-Das-sind-die-drei-Finalisten-2_Organisator-16x12.jpg 16w, https:\/\/www.organisator.ch\/wp-content\/uploads\/2018\/03\/Export-Award-2018-Das-sind-die-drei-Finalisten-2_Organisator-230x175.jpg 230w, https:\/\/www.organisator.ch\/wp-content\/uploads\/2018\/03\/Export-Award-2018-Das-sind-die-drei-Finalisten-2_Organisator-459x350.jpg 459w, https:\/\/www.organisator.ch\/wp-content\/uploads\/2018\/03\/Export-Award-2018-Das-sind-die-drei-Finalisten-2_Organisator-300x229.jpg 300w\" sizes=\"auto, (max-width: 630px) 100vw, 630px\" \/><figcaption id=\"caption-attachment-3375\" class=\"wp-caption-text\">I rivestimenti per padelle sono un core business di ILAG. (Immagine: S-GE)<\/figcaption><\/figure>\n<p><strong>Forte presenza in una piccola nicchia:<\/strong> Dispositivi high-tech per piccoli clienti: con la sua gamma di prodotti, Acutronic Medical Systems copre l'intero spettro della respirazione artificiale neonatale. I dispositivi high-tech dal design universale e facili da usare sono utilizzati nelle sale operatorie, nelle unit\u00e0 di terapia intensiva e nei reparti ospedalieri di molti paesi europei, del Medio Oriente e della Cina. I prodotti di Hirzel assicurano che molti bambini prematuri sopravvivano senza danni permanenti. E anche che l'azienda medtech svizzera prospera. <a href=\"http:\/\/www.acutronic-medical.ch\/\">www.acutronic-medical.ch<\/a><\/p>\n<figure id=\"attachment_3376\" aria-describedby=\"caption-attachment-3376\" style=\"width: 640px\" class=\"wp-caption alignnone\"><img loading=\"lazy\" decoding=\"async\" class=\"size-full wp-image-3376\" src=\"https:\/\/www.organisator.ch\/wp-content\/uploads\/2018\/03\/Export-Award-2018-Das-sind-die-drei-Finalisten-3_Organisator.jpg\" alt=\"\" width=\"640\" height=\"480\" srcset=\"https:\/\/www.organisator.ch\/wp-content\/uploads\/2018\/03\/Export-Award-2018-Das-sind-die-drei-Finalisten-3_Organisator.jpg 640w, https:\/\/www.organisator.ch\/wp-content\/uploads\/2018\/03\/Export-Award-2018-Das-sind-die-drei-Finalisten-3_Organisator-16x12.jpg 16w, https:\/\/www.organisator.ch\/wp-content\/uploads\/2018\/03\/Export-Award-2018-Das-sind-die-drei-Finalisten-3_Organisator-233x175.jpg 233w, https:\/\/www.organisator.ch\/wp-content\/uploads\/2018\/03\/Export-Award-2018-Das-sind-die-drei-Finalisten-3_Organisator-467x350.jpg 467w, https:\/\/www.organisator.ch\/wp-content\/uploads\/2018\/03\/Export-Award-2018-Das-sind-die-drei-Finalisten-3_Organisator-300x225.jpg 300w\" sizes=\"auto, (max-width: 640px) 100vw, 640px\" \/><figcaption id=\"caption-attachment-3376\" class=\"wp-caption-text\">Acutronic produce ventilatori per bambini prematuri. (Immagine: S-GE)<\/figcaption><\/figure>\n<p><strong>La comunit\u00e0 podistica \u00e8 entusiasta:<\/strong> Spingi forte, atterra dolcemente e corri con un passo leggero come una piuma senza alcun fastidio - circa tre milioni di corridori in tutto il mondo si affidano alle scarpe di On. Fondata nel 2010 da tre appassionati di sport svizzeri, l'etichetta ha preso d'assalto la scena mondiale della corsa con la sua rivoluzionaria suola CloudTec. Grazie a un focus costante sul segmento premium in tutto il mondo e a una strategia di marketing intelligente, On \u00e8 il marchio in pi\u00f9 rapida crescita nel mercato delle scarpe da corsa ed \u00e8 presente in 4000 negozi in 50 paesi. <a href=\"http:\/\/www.on-running.com\/\">www.on-running.com<\/a><\/p>\n<figure id=\"attachment_3377\" aria-describedby=\"caption-attachment-3377\" style=\"width: 640px\" class=\"wp-caption alignnone\"><img loading=\"lazy\" decoding=\"async\" class=\"size-full wp-image-3377\" src=\"https:\/\/www.organisator.ch\/wp-content\/uploads\/2018\/03\/Export-Award-2018-Das-sind-die-drei-Finalisten-4_Organisator.jpg\" alt=\"\" width=\"640\" height=\"480\" srcset=\"https:\/\/www.organisator.ch\/wp-content\/uploads\/2018\/03\/Export-Award-2018-Das-sind-die-drei-Finalisten-4_Organisator.jpg 640w, https:\/\/www.organisator.ch\/wp-content\/uploads\/2018\/03\/Export-Award-2018-Das-sind-die-drei-Finalisten-4_Organisator-16x12.jpg 16w, https:\/\/www.organisator.ch\/wp-content\/uploads\/2018\/03\/Export-Award-2018-Das-sind-die-drei-Finalisten-4_Organisator-233x175.jpg 233w, https:\/\/www.organisator.ch\/wp-content\/uploads\/2018\/03\/Export-Award-2018-Das-sind-die-drei-Finalisten-4_Organisator-467x350.jpg 467w, https:\/\/www.organisator.ch\/wp-content\/uploads\/2018\/03\/Export-Award-2018-Das-sind-die-drei-Finalisten-4_Organisator-300x225.jpg 300w\" sizes=\"auto, (max-width: 640px) 100vw, 640px\" \/><figcaption id=\"caption-attachment-3377\" class=\"wp-caption-text\">Nel mercato delle scarpe da corsa, il marchio On sta attualmente crescendo in modo massiccio. (Immagine: S-GE)<\/figcaption><\/figure>\n<h2>Crescente a livello internazionale tra globalizzazione e protezionismo<\/h2>\n<p>Il Forum del commercio estero di Switzerland Global Enterprise \u00e8 il luogo d'incontro dell'anno per tutti gli esportatori svizzeri. Le piccole e medie imprese in particolare trovano qui ispirazione e consigli pratici per il loro business internazionale, secondo l'organizzatore. Per le PMI, da un lato, non \u00e8 mai stato cos\u00ec necessario e potenzialmente redditizio fare affari a livello internazionale su vasta scala. D'altra parte, sta diventando sempre pi\u00f9 complesso affrontare la moltitudine di mercati e le specifiche barriere commerciali. Durante le generose pause e all'Ap\u00e9ro Riche, c'\u00e8 spazio per lo scambio con oltre 600 partecipanti e numerosi esportatori che stanno affrontando sfide simili o che hanno gi\u00e0 padroneggiato con successo alcune di esse.<\/p>\n<p><em>Registrazione e programma presso <a href=\"http:\/\/ow.ly\/WakO30amiLF\">www.s-ge.com\/awf<\/a><\/em><\/p>\n<p>&nbsp;<\/p>","protected":false},"excerpt":{"rendered":"<p>Die Kandidaten stehen fest. Die unabh\u00e4ngige Jury aus Wirtschafts-, Wissenschafts- und Medien-Vertretern hat bekannt gegeben, wer im Rennen um den Export Award 2018 ist: Industrielack AG, Wangen SZ: ILAG l\u00e4sst nichts anbrennen Acutronic Medical Systems, Hirzel ZH: Starke Pr\u00e4senz in kleiner Nische On, Z\u00fcrich: Die Laufcommunity begeistert &nbsp; Der Gewinner wird am Aussenwirtschaftsforum am 26. [&hellip;]<\/p>\n","protected":false},"author":4,"featured_media":3374,"comment_status":"open","ping_status":"open","sticky":false,"template":"","format":"standard","meta":{"_acf_changed":false,"_yoast_wpseo_focuskw":"Export Award 2018","_yoast_wpseo_metadesc":"Die Finalisten f\u00fcr den Export Award 2018 von Switzerland Global Enterprise (S-GE) zeigen auf, wie kleine und mittlere Unternehmen die Chancen der Globalisierung f\u00fcr sich nutzen und den zunehmenden Protektionismus reibungslos h\u00e4ndeln k\u00f6nnen.","articlekey":"","footnotes":""},"categories":[1],"tags":[66,189,492,502],"class_list":["post-3373","post","type-post","status-publish","format-standard","has-post-thumbnail","hentry","category-allgemein","tag-awards","tag-export","tag-unternehmen","tag-veranstaltungen"],"acf":[],"yoast_head":"<!-- This site is optimized with the Yoast SEO plugin v27.5 - https:\/\/yoast.com\/product\/yoast-seo-wordpress\/ -->\n<title>Export Award 2018: Das sind die drei Finalisten - Organisator<\/title>\n<meta name=\"description\" content=\"Die Finalisten f\u00fcr den Export Award 2018 von Switzerland Global Enterprise (S-GE) zeigen auf, wie kleine und mittlere Unternehmen die Chancen der Globalisierung f\u00fcr sich nutzen und den zunehmenden Protektionismus reibungslos h\u00e4ndeln k\u00f6nnen.\" \/>\n<meta name=\"robots\" content=\"index, follow, max-snippet:-1, max-image-preview:large, max-video-preview:-1\" \/>\n<link rel=\"canonical\" href=\"https:\/\/www.organisator.ch\/it\/generale\/2018-03-29\/export-award-2018-das-sind-die-drei-finalisten\/\" \/>\n<meta property=\"og:locale\" content=\"it_IT\" \/>\n<meta property=\"og:type\" content=\"article\" \/>\n<meta property=\"og:title\" content=\"Export Award 2018: Das sind die drei Finalisten\" \/>\n<meta property=\"og:description\" content=\"Die Finalisten f\u00fcr den #Export Award 2018 von Switzerland Global Enterprise (#S-GE) zeigen auf, wie kleine und mittlere Unternehmen die Chancen der #Globalisierung f\u00fcr sich nutzen und den zunehmenden Protektionismus reibungslos h\u00e4ndeln k\u00f6nnen.\" \/>\n<meta property=\"og:url\" content=\"https:\/\/www.organisator.ch\/it\/generale\/2018-03-29\/export-award-2018-das-sind-die-drei-finalisten\/\" \/>\n<meta property=\"og:site_name\" content=\"Organisator\" \/>\n<meta property=\"article:publisher\" content=\"https:\/\/www.facebook.com\/OrganisatorFachmagazin\" \/>\n<meta property=\"article:published_time\" content=\"2018-03-29T08:15:47+00:00\" \/>\n<meta property=\"og:image\" content=\"https:\/\/www.organisator.ch\/wp-content\/uploads\/2018\/03\/Export-Award-2018-Das-sind-die-drei-Finalisten-1_Organisator.jpg\" \/>\n\t<meta property=\"og:image:width\" content=\"640\" \/>\n\t<meta property=\"og:image:height\" content=\"427\" \/>\n\t<meta property=\"og:image:type\" content=\"image\/jpeg\" \/>\n<meta name=\"author\" content=\"thomas.berner\" \/>\n<meta name=\"twitter:card\" content=\"summary_large_image\" \/>\n<meta name=\"twitter:title\" content=\"#ExportAward 2018: Das sind die drei Finalisten\" \/>\n<meta name=\"twitter:description\" content=\"Die Finalisten f\u00fcr den #Export Award 2018 von Switzerland Global Enterprise (#S-GE) zeigen auf, wie kleine und mittlere Unternehmen die Chancen der #Globalisierung f\u00fcr sich nutzen und den zunehmenden Protektionismus reibungslos h\u00e4ndeln k\u00f6nnen.\" \/>\n<meta name=\"twitter:image\" content=\"https:\/\/www.organisator.ch\/wp-content\/uploads\/2018\/03\/Export-Award-2018-Das-sind-die-drei-Finalisten-1_Organisator.jpg\" \/>\n<script type=\"application\/ld+json\" class=\"yoast-schema-graph\">{\"@context\":\"https:\\\/\\\/schema.org\",\"@graph\":[{\"@type\":\"Article\",\"@id\":\"https:\\\/\\\/www.organisator.ch\\\/en\\\/general\\\/2018-03-29\\\/export-award-2018-das-sind-die-drei-finalisten\\\/#article\",\"isPartOf\":{\"@id\":\"https:\\\/\\\/www.organisator.ch\\\/en\\\/general\\\/2018-03-29\\\/export-award-2018-das-sind-die-drei-finalisten\\\/\"},\"author\":{\"name\":\"thomas.berner\",\"@id\":\"https:\\\/\\\/www.organisator.ch\\\/#\\\/schema\\\/person\\\/6f650f90b2842cd4c0cc334b4e36f67e\"},\"headline\":\"Export Award 2018: Das sind die drei Finalisten\",\"datePublished\":\"2018-03-29T08:15:47+00:00\",\"mainEntityOfPage\":{\"@id\":\"https:\\\/\\\/www.organisator.ch\\\/en\\\/general\\\/2018-03-29\\\/export-award-2018-das-sind-die-drei-finalisten\\\/\"},\"wordCount\":672,\"commentCount\":1,\"publisher\":{\"@id\":\"https:\\\/\\\/www.organisator.ch\\\/#organization\"},\"image\":{\"@id\":\"https:\\\/\\\/www.organisator.ch\\\/en\\\/general\\\/2018-03-29\\\/export-award-2018-das-sind-die-drei-finalisten\\\/#primaryimage\"},\"thumbnailUrl\":\"https:\\\/\\\/www.organisator.ch\\\/wp-content\\\/uploads\\\/2018\\\/03\\\/Export-Award-2018-Das-sind-die-drei-Finalisten-1_Organisator.jpg\",\"keywords\":[\"Awards\",\"Export\",\"Unternehmen\",\"Veranstaltungen\"],\"articleSection\":[\"Allgemein\"],\"inLanguage\":\"it-IT\"},{\"@type\":\"WebPage\",\"@id\":\"https:\\\/\\\/www.organisator.ch\\\/en\\\/general\\\/2018-03-29\\\/export-award-2018-das-sind-die-drei-finalisten\\\/\",\"url\":\"https:\\\/\\\/www.organisator.ch\\\/en\\\/general\\\/2018-03-29\\\/export-award-2018-das-sind-die-drei-finalisten\\\/\",\"name\":\"Export Award 2018: Das sind die drei Finalisten - Organisator\",\"isPartOf\":{\"@id\":\"https:\\\/\\\/www.organisator.ch\\\/#website\"},\"primaryImageOfPage\":{\"@id\":\"https:\\\/\\\/www.organisator.ch\\\/en\\\/general\\\/2018-03-29\\\/export-award-2018-das-sind-die-drei-finalisten\\\/#primaryimage\"},\"image\":{\"@id\":\"https:\\\/\\\/www.organisator.ch\\\/en\\\/general\\\/2018-03-29\\\/export-award-2018-das-sind-die-drei-finalisten\\\/#primaryimage\"},\"thumbnailUrl\":\"https:\\\/\\\/www.organisator.ch\\\/wp-content\\\/uploads\\\/2018\\\/03\\\/Export-Award-2018-Das-sind-die-drei-Finalisten-1_Organisator.jpg\",\"datePublished\":\"2018-03-29T08:15:47+00:00\",\"description\":\"Die Finalisten f\u00fcr den Export Award 2018 von Switzerland Global Enterprise (S-GE) zeigen auf, wie kleine und mittlere Unternehmen die Chancen der Globalisierung f\u00fcr sich nutzen und den zunehmenden Protektionismus reibungslos h\u00e4ndeln k\u00f6nnen.\",\"breadcrumb\":{\"@id\":\"https:\\\/\\\/www.organisator.ch\\\/en\\\/general\\\/2018-03-29\\\/export-award-2018-das-sind-die-drei-finalisten\\\/#breadcrumb\"},\"inLanguage\":\"it-IT\",\"potentialAction\":[{\"@type\":\"ReadAction\",\"target\":[\"https:\\\/\\\/www.organisator.ch\\\/en\\\/general\\\/2018-03-29\\\/export-award-2018-das-sind-die-drei-finalisten\\\/\"]}]},{\"@type\":\"ImageObject\",\"inLanguage\":\"it-IT\",\"@id\":\"https:\\\/\\\/www.organisator.ch\\\/en\\\/general\\\/2018-03-29\\\/export-award-2018-das-sind-die-drei-finalisten\\\/#primaryimage\",\"url\":\"https:\\\/\\\/www.organisator.ch\\\/wp-content\\\/uploads\\\/2018\\\/03\\\/Export-Award-2018-Das-sind-die-drei-Finalisten-1_Organisator.jpg\",\"contentUrl\":\"https:\\\/\\\/www.organisator.ch\\\/wp-content\\\/uploads\\\/2018\\\/03\\\/Export-Award-2018-Das-sind-die-drei-Finalisten-1_Organisator.jpg\",\"width\":640,\"height\":427,\"caption\":\"Die Firma Regloplas gewann im letzten Jahr die Troph\u00e4e. Wer gewinnt den Export Award 2018? (Bild: S-GE)\"},{\"@type\":\"BreadcrumbList\",\"@id\":\"https:\\\/\\\/www.organisator.ch\\\/en\\\/general\\\/2018-03-29\\\/export-award-2018-das-sind-die-drei-finalisten\\\/#breadcrumb\",\"itemListElement\":[{\"@type\":\"ListItem\",\"position\":1,\"name\":\"Home\",\"item\":\"https:\\\/\\\/www.organisator.ch\\\/\"},{\"@type\":\"ListItem\",\"position\":2,\"name\":\"Export Award 2018: Das sind die drei Finalisten\"}]},{\"@type\":\"WebSite\",\"@id\":\"https:\\\/\\\/www.organisator.ch\\\/#website\",\"url\":\"https:\\\/\\\/www.organisator.ch\\\/\",\"name\":\"Organisator\",\"description\":\"Kompetent. Praxisnah. Der ORGANISATOR bereitet in 10 Ausgaben pro Jahr die wesentlichen Themen f\u00fcr F\u00fchrungskr\u00e4fte von KMU auf.\",\"publisher\":{\"@id\":\"https:\\\/\\\/www.organisator.ch\\\/#organization\"},\"potentialAction\":[{\"@type\":\"SearchAction\",\"target\":{\"@type\":\"EntryPoint\",\"urlTemplate\":\"https:\\\/\\\/www.organisator.ch\\\/?s={search_term_string}\"},\"query-input\":{\"@type\":\"PropertyValueSpecification\",\"valueRequired\":true,\"valueName\":\"search_term_string\"}}],\"inLanguage\":\"it-IT\"},{\"@type\":\"Organization\",\"@id\":\"https:\\\/\\\/www.organisator.ch\\\/#organization\",\"name\":\"Organisator\",\"url\":\"https:\\\/\\\/www.organisator.ch\\\/\",\"logo\":{\"@type\":\"ImageObject\",\"inLanguage\":\"it-IT\",\"@id\":\"https:\\\/\\\/www.organisator.ch\\\/#\\\/schema\\\/logo\\\/image\\\/\",\"url\":\"https:\\\/\\\/www.organisator.ch\\\/wp-content\\\/uploads\\\/2022\\\/01\\\/Logo_Organisator_Website.png\",\"contentUrl\":\"https:\\\/\\\/www.organisator.ch\\\/wp-content\\\/uploads\\\/2022\\\/01\\\/Logo_Organisator_Website.png\",\"width\":800,\"height\":77,\"caption\":\"Organisator\"},\"image\":{\"@id\":\"https:\\\/\\\/www.organisator.ch\\\/#\\\/schema\\\/logo\\\/image\\\/\"},\"sameAs\":[\"https:\\\/\\\/www.facebook.com\\\/OrganisatorFachmagazin\",\"https:\\\/\\\/www.linkedin.com\\\/showcase\\\/organisator-das-magazin-fr-kmu\",\"https:\\\/\\\/www.xing.com\\\/news\\\/pages\\\/organisator-ch-695\",\"https:\\\/\\\/www.youtube.com\\\/channel\\\/UCGP2Sq0iWaZwT3BdIAQFYpw\"]},{\"@type\":\"Person\",\"@id\":\"https:\\\/\\\/www.organisator.ch\\\/#\\\/schema\\\/person\\\/6f650f90b2842cd4c0cc334b4e36f67e\",\"name\":\"thomas.berner\",\"image\":{\"@type\":\"ImageObject\",\"inLanguage\":\"it-IT\",\"@id\":\"https:\\\/\\\/secure.gravatar.com\\\/avatar\\\/ac5001d2a36cb6c6cd3e50789007ffca834b477b74a2144564522e944eabff61?s=96&d=mm&r=g\",\"url\":\"https:\\\/\\\/secure.gravatar.com\\\/avatar\\\/ac5001d2a36cb6c6cd3e50789007ffca834b477b74a2144564522e944eabff61?s=96&d=mm&r=g\",\"contentUrl\":\"https:\\\/\\\/secure.gravatar.com\\\/avatar\\\/ac5001d2a36cb6c6cd3e50789007ffca834b477b74a2144564522e944eabff61?s=96&d=mm&r=g\",\"caption\":\"thomas.berner\"},\"url\":\"https:\\\/\\\/www.organisator.ch\\\/it\\\/author\\\/thomas-berner\\\/\"}]}<\/script>\n<!-- \/ Yoast SEO plugin. -->","yoast_head_json":{"title":"Premio Export 2018: ecco i tre finalisti - Organizzatore","description":"I finalisti dell'Export Award 2018 di Switzerland Global Enterprise (S-GE) mostrano come le piccole e medie imprese possano sfruttare le opportunit\u00e0 della globalizzazione e gestire senza problemi il crescente protezionismo.","robots":{"index":"index","follow":"follow","max-snippet":"max-snippet:-1","max-image-preview":"max-image-preview:large","max-video-preview":"max-video-preview:-1"},"canonical":"https:\/\/www.organisator.ch\/it\/generale\/2018-03-29\/export-award-2018-das-sind-die-drei-finalisten\/","og_locale":"it_IT","og_type":"article","og_title":"Export Award 2018: Das sind die drei Finalisten","og_description":"Die Finalisten f\u00fcr den #Export Award 2018 von Switzerland Global Enterprise (#S-GE) zeigen auf, wie kleine und mittlere Unternehmen die Chancen der #Globalisierung f\u00fcr sich nutzen und den zunehmenden Protektionismus reibungslos h\u00e4ndeln k\u00f6nnen.","og_url":"https:\/\/www.organisator.ch\/it\/generale\/2018-03-29\/export-award-2018-das-sind-die-drei-finalisten\/","og_site_name":"Organisator","article_publisher":"https:\/\/www.facebook.com\/OrganisatorFachmagazin","article_published_time":"2018-03-29T08:15:47+00:00","og_image":[{"width":640,"height":427,"url":"https:\/\/www.organisator.ch\/wp-content\/uploads\/2018\/03\/Export-Award-2018-Das-sind-die-drei-Finalisten-1_Organisator.jpg","type":"image\/jpeg"}],"author":"thomas.berner","twitter_card":"summary_large_image","twitter_title":"#ExportAward 2018: Das sind die drei Finalisten","twitter_description":"Die Finalisten f\u00fcr den #Export Award 2018 von Switzerland Global Enterprise (#S-GE) zeigen auf, wie kleine und mittlere Unternehmen die Chancen der #Globalisierung f\u00fcr sich nutzen und den zunehmenden Protektionismus reibungslos h\u00e4ndeln k\u00f6nnen.","twitter_image":"https:\/\/www.organisator.ch\/wp-content\/uploads\/2018\/03\/Export-Award-2018-Das-sind-die-drei-Finalisten-1_Organisator.jpg","schema":{"@context":"https:\/\/schema.org","@graph":[{"@type":"Article","@id":"https:\/\/www.organisator.ch\/en\/general\/2018-03-29\/export-award-2018-das-sind-die-drei-finalisten\/#article","isPartOf":{"@id":"https:\/\/www.organisator.ch\/en\/general\/2018-03-29\/export-award-2018-das-sind-die-drei-finalisten\/"},"author":{"name":"thomas.berner","@id":"https:\/\/www.organisator.ch\/#\/schema\/person\/6f650f90b2842cd4c0cc334b4e36f67e"},"headline":"Export Award 2018: Das sind die drei Finalisten","datePublished":"2018-03-29T08:15:47+00:00","mainEntityOfPage":{"@id":"https:\/\/www.organisator.ch\/en\/general\/2018-03-29\/export-award-2018-das-sind-die-drei-finalisten\/"},"wordCount":672,"commentCount":1,"publisher":{"@id":"https:\/\/www.organisator.ch\/#organization"},"image":{"@id":"https:\/\/www.organisator.ch\/en\/general\/2018-03-29\/export-award-2018-das-sind-die-drei-finalisten\/#primaryimage"},"thumbnailUrl":"https:\/\/www.organisator.ch\/wp-content\/uploads\/2018\/03\/Export-Award-2018-Das-sind-die-drei-Finalisten-1_Organisator.jpg","keywords":["Awards","Export","Unternehmen","Veranstaltungen"],"articleSection":["Allgemein"],"inLanguage":"it-IT"},{"@type":"WebPage","@id":"https:\/\/www.organisator.ch\/en\/general\/2018-03-29\/export-award-2018-das-sind-die-drei-finalisten\/","url":"https:\/\/www.organisator.ch\/en\/general\/2018-03-29\/export-award-2018-das-sind-die-drei-finalisten\/","name":"Premio Export 2018: ecco i tre finalisti - Organizzatore","isPartOf":{"@id":"https:\/\/www.organisator.ch\/#website"},"primaryImageOfPage":{"@id":"https:\/\/www.organisator.ch\/en\/general\/2018-03-29\/export-award-2018-das-sind-die-drei-finalisten\/#primaryimage"},"image":{"@id":"https:\/\/www.organisator.ch\/en\/general\/2018-03-29\/export-award-2018-das-sind-die-drei-finalisten\/#primaryimage"},"thumbnailUrl":"https:\/\/www.organisator.ch\/wp-content\/uploads\/2018\/03\/Export-Award-2018-Das-sind-die-drei-Finalisten-1_Organisator.jpg","datePublished":"2018-03-29T08:15:47+00:00","description":"I finalisti dell'Export Award 2018 di Switzerland Global Enterprise (S-GE) mostrano come le piccole e medie imprese possano sfruttare le opportunit\u00e0 della globalizzazione e gestire senza problemi il crescente protezionismo.","breadcrumb":{"@id":"https:\/\/www.organisator.ch\/en\/general\/2018-03-29\/export-award-2018-das-sind-die-drei-finalisten\/#breadcrumb"},"inLanguage":"it-IT","potentialAction":[{"@type":"ReadAction","target":["https:\/\/www.organisator.ch\/en\/general\/2018-03-29\/export-award-2018-das-sind-die-drei-finalisten\/"]}]},{"@type":"ImageObject","inLanguage":"it-IT","@id":"https:\/\/www.organisator.ch\/en\/general\/2018-03-29\/export-award-2018-das-sind-die-drei-finalisten\/#primaryimage","url":"https:\/\/www.organisator.ch\/wp-content\/uploads\/2018\/03\/Export-Award-2018-Das-sind-die-drei-Finalisten-1_Organisator.jpg","contentUrl":"https:\/\/www.organisator.ch\/wp-content\/uploads\/2018\/03\/Export-Award-2018-Das-sind-die-drei-Finalisten-1_Organisator.jpg","width":640,"height":427,"caption":"Die Firma Regloplas gewann im letzten Jahr die Troph\u00e4e. Wer gewinnt den Export Award 2018? (Bild: S-GE)"},{"@type":"BreadcrumbList","@id":"https:\/\/www.organisator.ch\/en\/general\/2018-03-29\/export-award-2018-das-sind-die-drei-finalisten\/#breadcrumb","itemListElement":[{"@type":"ListItem","position":1,"name":"Home","item":"https:\/\/www.organisator.ch\/"},{"@type":"ListItem","position":2,"name":"Export Award 2018: Das sind die drei Finalisten"}]},{"@type":"WebSite","@id":"https:\/\/www.organisator.ch\/#website","url":"https:\/\/www.organisator.ch\/","name":"Organizzatore","description":"Competente. Pratico. In 10 numeri all'anno, ORGANISATOR presenta i temi essenziali per i manager delle PMI.","publisher":{"@id":"https:\/\/www.organisator.ch\/#organization"},"potentialAction":[{"@type":"SearchAction","target":{"@type":"EntryPoint","urlTemplate":"https:\/\/www.organisator.ch\/?s={search_term_string}"},"query-input":{"@type":"PropertyValueSpecification","valueRequired":true,"valueName":"search_term_string"}}],"inLanguage":"it-IT"},{"@type":"Organization","@id":"https:\/\/www.organisator.ch\/#organization","name":"Organizzatore","url":"https:\/\/www.organisator.ch\/","logo":{"@type":"ImageObject","inLanguage":"it-IT","@id":"https:\/\/www.organisator.ch\/#\/schema\/logo\/image\/","url":"https:\/\/www.organisator.ch\/wp-content\/uploads\/2022\/01\/Logo_Organisator_Website.png","contentUrl":"https:\/\/www.organisator.ch\/wp-content\/uploads\/2022\/01\/Logo_Organisator_Website.png","width":800,"height":77,"caption":"Organisator"},"image":{"@id":"https:\/\/www.organisator.ch\/#\/schema\/logo\/image\/"},"sameAs":["https:\/\/www.facebook.com\/OrganisatorFachmagazin","https:\/\/www.linkedin.com\/showcase\/organisator-das-magazin-fr-kmu","https:\/\/www.xing.com\/news\/pages\/organisator-ch-695","https:\/\/www.youtube.com\/channel\/UCGP2Sq0iWaZwT3BdIAQFYpw"]},{"@type":"Person","@id":"https:\/\/www.organisator.ch\/#\/schema\/person\/6f650f90b2842cd4c0cc334b4e36f67e","name":"Tommaso.berner","image":{"@type":"ImageObject","inLanguage":"it-IT","@id":"https:\/\/secure.gravatar.com\/avatar\/ac5001d2a36cb6c6cd3e50789007ffca834b477b74a2144564522e944eabff61?s=96&d=mm&r=g","url":"https:\/\/secure.gravatar.com\/avatar\/ac5001d2a36cb6c6cd3e50789007ffca834b477b74a2144564522e944eabff61?s=96&d=mm&r=g","contentUrl":"https:\/\/secure.gravatar.com\/avatar\/ac5001d2a36cb6c6cd3e50789007ffca834b477b74a2144564522e944eabff61?s=96&d=mm&r=g","caption":"thomas.berner"},"url":"https:\/\/www.organisator.ch\/it\/author\/thomas-berner\/"}]}},"_links":{"self":[{"href":"https:\/\/www.organisator.ch\/it\/wp-json\/wp\/v2\/posts\/3373","targetHints":{"allow":["GET"]}}],"collection":[{"href":"https:\/\/www.organisator.ch\/it\/wp-json\/wp\/v2\/posts"}],"about":[{"href":"https:\/\/www.organisator.ch\/it\/wp-json\/wp\/v2\/types\/post"}],"author":[{"embeddable":true,"href":"https:\/\/www.organisator.ch\/it\/wp-json\/wp\/v2\/users\/4"}],"replies":[{"embeddable":true,"href":"https:\/\/www.organisator.ch\/it\/wp-json\/wp\/v2\/comments?post=3373"}],"version-history":[{"count":0,"href":"https:\/\/www.organisator.ch\/it\/wp-json\/wp\/v2\/posts\/3373\/revisions"}],"wp:featuredmedia":[{"embeddable":true,"href":"https:\/\/www.organisator.ch\/it\/wp-json\/wp\/v2\/media\/3374"}],"wp:attachment":[{"href":"https:\/\/www.organisator.ch\/it\/wp-json\/wp\/v2\/media?parent=3373"}],"wp:term":[{"taxonomy":"category","embeddable":true,"href":"https:\/\/www.organisator.ch\/it\/wp-json\/wp\/v2\/categories?post=3373"},{"taxonomy":"post_tag","embeddable":true,"href":"https:\/\/www.organisator.ch\/it\/wp-json\/wp\/v2\/tags?post=3373"}],"curies":[{"name":"wp","href":"https:\/\/api.w.org\/{rel}","templated":true}]}}