{"id":3381,"date":"2020-09-28T15:37:56","date_gmt":"2020-09-28T13:37:56","guid":{"rendered":"https:\/\/www.umweltperspektiven.ch\/?p=3381"},"modified":"2022-02-09T11:06:48","modified_gmt":"2022-02-09T10:06:48","slug":"wirksamere-ueberwachung-der-luftqualitaet-neue-nabel-station-in-duebendorf","status":"publish","type":"post","link":"https:\/\/www.organisator.ch\/it\/sustainability\/2020-09-28\/wirksamere-ueberwachung-der-luftqualitaet-neue-nabel-station-in-duebendorf\/","title":{"rendered":"Monitoraggio pi\u00f9 efficace della qualit\u00e0 dell'aria: nuova stazione NABEL a D\u00fcbendorf"},"content":{"rendered":"<figure id=\"attachment_3382\" aria-describedby=\"caption-attachment-3382\" style=\"width: 680px\" class=\"wp-caption alignnone\"><img loading=\"lazy\" decoding=\"async\" class=\"wp-image-3382 size-medium\" src=\"\/\/www.umweltperspektiven.ch\/wp-content\/uploads\/2020\/09\/empa1.jpg\" alt=\"\" width=\"680\" height=\"510\" \/><figcaption id=\"caption-attachment-3382\" class=\"wp-caption-text\">La nuova stazione NABEL di D\u00fcbendorf. Questi due partner, l'Ufficio federale dell'ambiente (UFAM) e l'Empa, lo hanno inaugurato il 23 settembre 2020. (Immagine: UFAM)<\/figcaption><\/figure>\n<p>La nuova stazione NABEL rappresenta un nuovo tipo di stazione di misura. La storica stazione di misurazione di D\u00fcbendorf, in funzione dal 1980 sul sito dell'Istituto di ricerca per lo sviluppo della scienza e della tecnologia dei materiali (Empa), ha dovuto lasciare il posto a una stazione moderna sul sito dell'istituto di ricerca sulle acque Eawag. L'obiettivo \u00e8 continuare a disporre di dati affidabili anche in futuro e ottenere una panoramica completa della qualit\u00e0 dell'aria in Svizzera. Questi dati di misurazione sono un prerequisito fondamentale per valutare se le misure riducono effettivamente le emissioni.<\/p>\n<p><b>Qualit\u00e0 dell'aria: migliore, ma non ancora sufficiente<\/b><\/p>\n<p>Sebbene l'inquinamento atmosferico sia diminuito notevolmente negli ultimi anni, in alcuni casi i valori limite vengono ancora superati, come mostra il Rapporto annuale NABEL 2019 recentemente pubblicato (vedi riquadro). La riduzione delle concentrazioni di ozono in estate e delle polveri sottili in inverno, cos\u00ec come dei composti azotati, in particolare dell'ammoniaca, rimane quindi una sfida.<\/p>\n<p>La nuova stazione NABEL di D\u00fcbendorf si trova nella valle del Glatt, tra D\u00fcbendorf e Wallisellen, e rappresenta la tipologia di localit\u00e0 \"periferia o citt\u00e0 minori\". L'area circostante D\u00fcbendorf \u00e8 densamente popolata, ricca di attivit\u00e0 commerciali e attraversata da una rete di strade e linee ferroviarie molto trafficate. La stazione di misurazione viene utilizzata per le attivit\u00e0 di ricerca dell'Empa sulla qualit\u00e0 dell'aria. Grazie a un obl\u00f2, questa stazione di misurazione \u00e8 l'unica in Svizzera che permette al pubblico di dare un'occhiata all'interno.<\/p>\n<p><b>Nuove aree di ricerca, cooperazione consolidata<\/b><\/p>\n<p>L'individuazione tempestiva di nuovi problemi ed esigenze nella lotta all'inquinamento atmosferico \u00e8 un importante compito comune dell'UFAM e dell'Empa. Ad esempio, le abitudini di mobilit\u00e0 sono in continua evoluzione. Tutto ci\u00f2 influenza la qualit\u00e0 dell'aria ed emergono nuove domande e aree di ricerca.<\/p>\n<p>Dal punto di vista tecnico, l'obiettivo \u00e8 testare gli sviluppi metrologici per la determinazione pi\u00f9 efficiente e significativa degli inquinanti atmosferici. Qui, ad esempio, vengono utilizzati spettrometri laser all'avanguardia, oppure vengono testati strumenti miniaturizzati ed economici per misure flessibili e spazialmente condensate. Le nuove domande di ricerca emergenti riguardano l'area degli inquinanti per i quali non esistono limiti legali di immissione, o la dispersione atmosferica delle microplastiche.<\/p>\n<p>Con la nuova stazione di misura NABEL di D\u00fcbendorf, il monitoraggio della qualit\u00e0 dell'aria \u00e8 al passo con gli sviluppi tecnologici per proteggere la popolazione. (Fonte: UFAM)<\/p>\n<p>&nbsp;<\/p>\n<p class=\"nsbtextkasten\"><em><b>Il Rapporto annuale NABEL 2019<\/b><\/em><br \/>\n<em>Dalla fine degli anni '80, le concentrazioni di particolato e di metalli pesanti in esso contenuti sono diminuite in modo significativo. Il rapporto annuale 2019 di NABEL, pubblicato di recente, mostra una diminuzione dell'inquinamento atmosferico per tutti gli inquinanti. Oggi, ad esempio, le polveri sottili contengono una quantit\u00e0 di piombo circa cinquanta volte inferiore rispetto a trent'anni fa, e anche l'inquinamento da altri metalli pesanti \u00e8 in calo. L'aria \u00e8 quindi diventata pi\u00f9 pulita, ma non ancora per tutti gli inquinanti.<\/em><br \/>\n<em>Ad esempio, i valori limite per l'ozono sono stati superati in tutte le stazioni NABEL nel 2019. Per il particolato respirabile (PM10 e PM2,5) e il biossido di azoto, in alcuni casi sono stati superati i valori limite di immissione direttamente sulle strade trafficate. I valori limite per altri inquinanti atmosferici come il biossido di zolfo e il monossido di carbonio sono stati rispettati in tutte le stazioni NABEL.<\/em><br \/>\n<em>Queste misurazioni confermano la necessit\u00e0 di ulteriori misure per ridurre le emissioni inquinanti. In particolare, \u00e8 necessario ridurre ulteriormente le emissioni di ammoniaca, ossidi di azoto, composti organici volatili, polveri sottili respirabili e sostanze cancerogene (ad esempio fuliggine diesel o benzene). In questo modo, devono essere esaurite le possibilit\u00e0 tecniche di riduzione delle emissioni da tutte le fonti.<\/em><\/p>\n<p class=\"nsbtextkasten\"><em><b>NABEL - Rete nazionale di monitoraggio degli inquinanti atmosferici<\/b><\/em><br \/>\n<em>La Rete nazionale di monitoraggio dell'inquinamento atmosferico (NABEL), con le sue 16 stazioni di misurazione gestite dall'UFAM e dall'Empa, serve a registrare lo stato e l'evoluzione dell'inquinamento atmosferico in tutta la Svizzera. Le misurazioni del NABEL coprono i principali inquinanti atmosferici che possono danneggiare la salute umana o l'ambiente, sia in forma gassosa che di particolato o contenuti nelle precipitazioni. Vengono misurati soprattutto gli inquinanti atmosferici regolamentati dall'Ordinanza svizzera contro l'inquinamento atmosferico o che devono essere raccolti nell'ambito di accordi internazionali per il controllo dell'inquinamento atmosferico (ad esempio, biossido di azoto, ozono, particolato, ammoniaca, ecc.)<\/em><\/p>","protected":false},"excerpt":{"rendered":"<p>Die neue NABEL-Station repr\u00e4sentiert einen neuen Typ einer Messstation. Die historische Messstation D\u00fcbendorf, die auf dem Areal des Forschungsinstituts f\u00fcr Materialwissenschaften und Technologieentwicklung (Empa) seit 1980 in Betrieb war, musste einer modernen Station auf dem Gel\u00e4nde des Wasserforschungsinstituts Eawag weichen. Das Ziel ist, auch in Zukunft verl\u00e4ssliche Daten zur Verf\u00fcgung zu haben und einen vollst\u00e4ndigen [&hellip;]<\/p>\n","protected":false},"author":5,"featured_media":3382,"comment_status":"closed","ping_status":"closed","sticky":false,"template":"","format":"standard","meta":{"_acf_changed":false,"_yoast_wpseo_focuskw":"NABEL","_yoast_wpseo_metadesc":"Der Bund hat sein Messnetz NABEL (Nationales Beobachtungsnetz f\u00fcr Luftfremdstoffe) um eine neue Station in D\u00fcbendorf (ZH) erg\u00e4nzt.","articlekey":"","footnotes":""},"categories":[580],"tags":[762,1052,1649,1826,424],"class_list":["post-3381","post","type-post","status-publish","format-standard","has-post-thumbnail","hentry","category-sustainability","tag-bafu","tag-empa","tag-luftqualitaet","tag-neue-messstation","tag-schweiz"],"acf":[],"yoast_head":"<!-- This site is optimized with the Yoast SEO plugin v27.4 - https:\/\/yoast.com\/product\/yoast-seo-wordpress\/ -->\n<title>Wirksamere \u00dcberwachung der Luftqualit\u00e4t: Neue NABEL-Station in D\u00fcbendorf - Organisator<\/title>\n<meta name=\"description\" content=\"Der Bund hat sein Messnetz NABEL (Nationales Beobachtungsnetz f\u00fcr Luftfremdstoffe) um eine neue Station in D\u00fcbendorf (ZH) erg\u00e4nzt.\" \/>\n<meta name=\"robots\" content=\"index, follow, max-snippet:-1, max-image-preview:large, max-video-preview:-1\" \/>\n<link rel=\"canonical\" href=\"https:\/\/www.organisator.ch\/it\/sostenibilita\/2020-09-28\/wirksamere-ueberwachung-der-luftqualitaet-neue-nabel-station-in-duebendorf\/\" \/>\n<meta property=\"og:locale\" content=\"it_IT\" \/>\n<meta property=\"og:type\" content=\"article\" \/>\n<meta property=\"og:title\" content=\"Wirksamere \u00dcberwachung der Luftqualit\u00e4t: Neue NABEL-Station in D\u00fcbendorf - Organisator\" \/>\n<meta property=\"og:description\" content=\"Der Bund hat sein Messnetz NABEL (Nationales Beobachtungsnetz f\u00fcr Luftfremdstoffe) um eine neue Station in D\u00fcbendorf (ZH) erg\u00e4nzt.\" \/>\n<meta property=\"og:url\" content=\"https:\/\/www.organisator.ch\/it\/sostenibilita\/2020-09-28\/wirksamere-ueberwachung-der-luftqualitaet-neue-nabel-station-in-duebendorf\/\" \/>\n<meta property=\"og:site_name\" content=\"Organisator\" \/>\n<meta property=\"article:publisher\" content=\"https:\/\/www.facebook.com\/OrganisatorFachmagazin\" \/>\n<meta property=\"article:published_time\" content=\"2020-09-28T13:37:56+00:00\" \/>\n<meta property=\"article:modified_time\" content=\"2022-02-09T10:06:48+00:00\" \/>\n<meta property=\"og:image\" content=\"https:\/\/www.organisator.ch\/wp-content\/uploads\/2020\/09\/empa1-scaled.jpg\" \/>\n\t<meta property=\"og:image:width\" content=\"2560\" \/>\n\t<meta property=\"og:image:height\" content=\"1920\" \/>\n\t<meta property=\"og:image:type\" content=\"image\/jpeg\" \/>\n<meta name=\"author\" content=\"michael.merz\" \/>\n<meta name=\"twitter:card\" content=\"summary_large_image\" \/>\n<script type=\"application\/ld+json\" class=\"yoast-schema-graph\">{\"@context\":\"https:\\\/\\\/schema.org\",\"@graph\":[{\"@type\":\"Article\",\"@id\":\"https:\\\/\\\/www.organisator.ch\\\/sustainability\\\/2020-09-28\\\/wirksamere-ueberwachung-der-luftqualitaet-neue-nabel-station-in-duebendorf\\\/#article\",\"isPartOf\":{\"@id\":\"https:\\\/\\\/www.organisator.ch\\\/sustainability\\\/2020-09-28\\\/wirksamere-ueberwachung-der-luftqualitaet-neue-nabel-station-in-duebendorf\\\/\"},\"author\":{\"name\":\"michael.merz\",\"@id\":\"https:\\\/\\\/www.organisator.ch\\\/#\\\/schema\\\/person\\\/134708ca9321c57b0362cceb7948ffbd\"},\"headline\":\"Wirksamere \u00dcberwachung der Luftqualit\u00e4t: Neue NABEL-Station in D\u00fcbendorf\",\"datePublished\":\"2020-09-28T13:37:56+00:00\",\"dateModified\":\"2022-02-09T10:06:48+00:00\",\"mainEntityOfPage\":{\"@id\":\"https:\\\/\\\/www.organisator.ch\\\/sustainability\\\/2020-09-28\\\/wirksamere-ueberwachung-der-luftqualitaet-neue-nabel-station-in-duebendorf\\\/\"},\"wordCount\":673,\"publisher\":{\"@id\":\"https:\\\/\\\/www.organisator.ch\\\/#organization\"},\"image\":{\"@id\":\"https:\\\/\\\/www.organisator.ch\\\/sustainability\\\/2020-09-28\\\/wirksamere-ueberwachung-der-luftqualitaet-neue-nabel-station-in-duebendorf\\\/#primaryimage\"},\"thumbnailUrl\":\"https:\\\/\\\/www.organisator.ch\\\/wp-content\\\/uploads\\\/2020\\\/09\\\/empa1-scaled.jpg\",\"keywords\":[\"BAFU\",\"Empa\",\"Luftqualit\u00e4t\",\"neue Messstation\",\"Schweiz\"],\"articleSection\":[\"SUSTAINABILITY\"],\"inLanguage\":\"it-IT\"},{\"@type\":\"WebPage\",\"@id\":\"https:\\\/\\\/www.organisator.ch\\\/sustainability\\\/2020-09-28\\\/wirksamere-ueberwachung-der-luftqualitaet-neue-nabel-station-in-duebendorf\\\/\",\"url\":\"https:\\\/\\\/www.organisator.ch\\\/sustainability\\\/2020-09-28\\\/wirksamere-ueberwachung-der-luftqualitaet-neue-nabel-station-in-duebendorf\\\/\",\"name\":\"Wirksamere \u00dcberwachung der Luftqualit\u00e4t: Neue NABEL-Station in D\u00fcbendorf - Organisator\",\"isPartOf\":{\"@id\":\"https:\\\/\\\/www.organisator.ch\\\/#website\"},\"primaryImageOfPage\":{\"@id\":\"https:\\\/\\\/www.organisator.ch\\\/sustainability\\\/2020-09-28\\\/wirksamere-ueberwachung-der-luftqualitaet-neue-nabel-station-in-duebendorf\\\/#primaryimage\"},\"image\":{\"@id\":\"https:\\\/\\\/www.organisator.ch\\\/sustainability\\\/2020-09-28\\\/wirksamere-ueberwachung-der-luftqualitaet-neue-nabel-station-in-duebendorf\\\/#primaryimage\"},\"thumbnailUrl\":\"https:\\\/\\\/www.organisator.ch\\\/wp-content\\\/uploads\\\/2020\\\/09\\\/empa1-scaled.jpg\",\"datePublished\":\"2020-09-28T13:37:56+00:00\",\"dateModified\":\"2022-02-09T10:06:48+00:00\",\"description\":\"Der Bund hat sein Messnetz NABEL (Nationales Beobachtungsnetz f\u00fcr Luftfremdstoffe) um eine neue Station in D\u00fcbendorf (ZH) erg\u00e4nzt.\",\"breadcrumb\":{\"@id\":\"https:\\\/\\\/www.organisator.ch\\\/sustainability\\\/2020-09-28\\\/wirksamere-ueberwachung-der-luftqualitaet-neue-nabel-station-in-duebendorf\\\/#breadcrumb\"},\"inLanguage\":\"it-IT\",\"potentialAction\":[{\"@type\":\"ReadAction\",\"target\":[\"https:\\\/\\\/www.organisator.ch\\\/sustainability\\\/2020-09-28\\\/wirksamere-ueberwachung-der-luftqualitaet-neue-nabel-station-in-duebendorf\\\/\"]}]},{\"@type\":\"ImageObject\",\"inLanguage\":\"it-IT\",\"@id\":\"https:\\\/\\\/www.organisator.ch\\\/sustainability\\\/2020-09-28\\\/wirksamere-ueberwachung-der-luftqualitaet-neue-nabel-station-in-duebendorf\\\/#primaryimage\",\"url\":\"https:\\\/\\\/www.organisator.ch\\\/wp-content\\\/uploads\\\/2020\\\/09\\\/empa1-scaled.jpg\",\"contentUrl\":\"https:\\\/\\\/www.organisator.ch\\\/wp-content\\\/uploads\\\/2020\\\/09\\\/empa1-scaled.jpg\",\"width\":2560,\"height\":1920},{\"@type\":\"BreadcrumbList\",\"@id\":\"https:\\\/\\\/www.organisator.ch\\\/sustainability\\\/2020-09-28\\\/wirksamere-ueberwachung-der-luftqualitaet-neue-nabel-station-in-duebendorf\\\/#breadcrumb\",\"itemListElement\":[{\"@type\":\"ListItem\",\"position\":1,\"name\":\"Home\",\"item\":\"https:\\\/\\\/www.organisator.ch\\\/\"},{\"@type\":\"ListItem\",\"position\":2,\"name\":\"Wirksamere \u00dcberwachung der Luftqualit\u00e4t: Neue NABEL-Station in D\u00fcbendorf\"}]},{\"@type\":\"WebSite\",\"@id\":\"https:\\\/\\\/www.organisator.ch\\\/#website\",\"url\":\"https:\\\/\\\/www.organisator.ch\\\/\",\"name\":\"Organisator\",\"description\":\"Kompetent. Praxisnah. Der ORGANISATOR bereitet in 10 Ausgaben pro Jahr die wesentlichen Themen f\u00fcr F\u00fchrungskr\u00e4fte von KMU auf.\",\"publisher\":{\"@id\":\"https:\\\/\\\/www.organisator.ch\\\/#organization\"},\"potentialAction\":[{\"@type\":\"SearchAction\",\"target\":{\"@type\":\"EntryPoint\",\"urlTemplate\":\"https:\\\/\\\/www.organisator.ch\\\/?s={search_term_string}\"},\"query-input\":{\"@type\":\"PropertyValueSpecification\",\"valueRequired\":true,\"valueName\":\"search_term_string\"}}],\"inLanguage\":\"it-IT\"},{\"@type\":\"Organization\",\"@id\":\"https:\\\/\\\/www.organisator.ch\\\/#organization\",\"name\":\"Organisator\",\"url\":\"https:\\\/\\\/www.organisator.ch\\\/\",\"logo\":{\"@type\":\"ImageObject\",\"inLanguage\":\"it-IT\",\"@id\":\"https:\\\/\\\/www.organisator.ch\\\/#\\\/schema\\\/logo\\\/image\\\/\",\"url\":\"https:\\\/\\\/www.organisator.ch\\\/wp-content\\\/uploads\\\/2022\\\/01\\\/Logo_Organisator_Website.png\",\"contentUrl\":\"https:\\\/\\\/www.organisator.ch\\\/wp-content\\\/uploads\\\/2022\\\/01\\\/Logo_Organisator_Website.png\",\"width\":800,\"height\":77,\"caption\":\"Organisator\"},\"image\":{\"@id\":\"https:\\\/\\\/www.organisator.ch\\\/#\\\/schema\\\/logo\\\/image\\\/\"},\"sameAs\":[\"https:\\\/\\\/www.facebook.com\\\/OrganisatorFachmagazin\",\"https:\\\/\\\/www.linkedin.com\\\/showcase\\\/organisator-das-magazin-fr-kmu\",\"https:\\\/\\\/www.xing.com\\\/news\\\/pages\\\/organisator-ch-695\",\"https:\\\/\\\/www.youtube.com\\\/channel\\\/UCGP2Sq0iWaZwT3BdIAQFYpw\"]},{\"@type\":\"Person\",\"@id\":\"https:\\\/\\\/www.organisator.ch\\\/#\\\/schema\\\/person\\\/134708ca9321c57b0362cceb7948ffbd\",\"name\":\"michael.merz\",\"image\":{\"@type\":\"ImageObject\",\"inLanguage\":\"it-IT\",\"@id\":\"https:\\\/\\\/secure.gravatar.com\\\/avatar\\\/?s=96&d=mm&r=g\",\"url\":\"https:\\\/\\\/secure.gravatar.com\\\/avatar\\\/?s=96&d=mm&r=g\",\"contentUrl\":\"https:\\\/\\\/secure.gravatar.com\\\/avatar\\\/?s=96&d=mm&r=g\",\"caption\":\"michael.merz\"},\"url\":\"https:\\\/\\\/www.organisator.ch\\\/it\\\/author\\\/michael-merz\\\/\"}]}<\/script>\n<!-- \/ Yoast SEO plugin. -->","yoast_head_json":{"title":"Monitoraggio pi\u00f9 efficace della qualit\u00e0 dell'aria: nuova stazione NABEL a D\u00fcbendorf - Organizzatore","description":"Il governo federale ha aggiunto una nuova stazione a D\u00fcbendorf (ZH) alla sua rete di monitoraggio NABEL (National Air Pollution Monitoring Network).","robots":{"index":"index","follow":"follow","max-snippet":"max-snippet:-1","max-image-preview":"max-image-preview:large","max-video-preview":"max-video-preview:-1"},"canonical":"https:\/\/www.organisator.ch\/it\/sostenibilita\/2020-09-28\/wirksamere-ueberwachung-der-luftqualitaet-neue-nabel-station-in-duebendorf\/","og_locale":"it_IT","og_type":"article","og_title":"Wirksamere \u00dcberwachung der Luftqualit\u00e4t: Neue NABEL-Station in D\u00fcbendorf - Organisator","og_description":"Der Bund hat sein Messnetz NABEL (Nationales Beobachtungsnetz f\u00fcr Luftfremdstoffe) um eine neue Station in D\u00fcbendorf (ZH) erg\u00e4nzt.","og_url":"https:\/\/www.organisator.ch\/it\/sostenibilita\/2020-09-28\/wirksamere-ueberwachung-der-luftqualitaet-neue-nabel-station-in-duebendorf\/","og_site_name":"Organisator","article_publisher":"https:\/\/www.facebook.com\/OrganisatorFachmagazin","article_published_time":"2020-09-28T13:37:56+00:00","article_modified_time":"2022-02-09T10:06:48+00:00","og_image":[{"width":2560,"height":1920,"url":"https:\/\/www.organisator.ch\/wp-content\/uploads\/2020\/09\/empa1-scaled.jpg","type":"image\/jpeg"}],"author":"michael.merz","twitter_card":"summary_large_image","schema":{"@context":"https:\/\/schema.org","@graph":[{"@type":"Article","@id":"https:\/\/www.organisator.ch\/sustainability\/2020-09-28\/wirksamere-ueberwachung-der-luftqualitaet-neue-nabel-station-in-duebendorf\/#article","isPartOf":{"@id":"https:\/\/www.organisator.ch\/sustainability\/2020-09-28\/wirksamere-ueberwachung-der-luftqualitaet-neue-nabel-station-in-duebendorf\/"},"author":{"name":"michael.merz","@id":"https:\/\/www.organisator.ch\/#\/schema\/person\/134708ca9321c57b0362cceb7948ffbd"},"headline":"Wirksamere \u00dcberwachung der Luftqualit\u00e4t: Neue NABEL-Station in D\u00fcbendorf","datePublished":"2020-09-28T13:37:56+00:00","dateModified":"2022-02-09T10:06:48+00:00","mainEntityOfPage":{"@id":"https:\/\/www.organisator.ch\/sustainability\/2020-09-28\/wirksamere-ueberwachung-der-luftqualitaet-neue-nabel-station-in-duebendorf\/"},"wordCount":673,"publisher":{"@id":"https:\/\/www.organisator.ch\/#organization"},"image":{"@id":"https:\/\/www.organisator.ch\/sustainability\/2020-09-28\/wirksamere-ueberwachung-der-luftqualitaet-neue-nabel-station-in-duebendorf\/#primaryimage"},"thumbnailUrl":"https:\/\/www.organisator.ch\/wp-content\/uploads\/2020\/09\/empa1-scaled.jpg","keywords":["BAFU","Empa","Luftqualit\u00e4t","neue Messstation","Schweiz"],"articleSection":["SUSTAINABILITY"],"inLanguage":"it-IT"},{"@type":"WebPage","@id":"https:\/\/www.organisator.ch\/sustainability\/2020-09-28\/wirksamere-ueberwachung-der-luftqualitaet-neue-nabel-station-in-duebendorf\/","url":"https:\/\/www.organisator.ch\/sustainability\/2020-09-28\/wirksamere-ueberwachung-der-luftqualitaet-neue-nabel-station-in-duebendorf\/","name":"Monitoraggio pi\u00f9 efficace della qualit\u00e0 dell'aria: nuova stazione NABEL a D\u00fcbendorf - Organizzatore","isPartOf":{"@id":"https:\/\/www.organisator.ch\/#website"},"primaryImageOfPage":{"@id":"https:\/\/www.organisator.ch\/sustainability\/2020-09-28\/wirksamere-ueberwachung-der-luftqualitaet-neue-nabel-station-in-duebendorf\/#primaryimage"},"image":{"@id":"https:\/\/www.organisator.ch\/sustainability\/2020-09-28\/wirksamere-ueberwachung-der-luftqualitaet-neue-nabel-station-in-duebendorf\/#primaryimage"},"thumbnailUrl":"https:\/\/www.organisator.ch\/wp-content\/uploads\/2020\/09\/empa1-scaled.jpg","datePublished":"2020-09-28T13:37:56+00:00","dateModified":"2022-02-09T10:06:48+00:00","description":"Il governo federale ha aggiunto una nuova stazione a D\u00fcbendorf (ZH) alla sua rete di monitoraggio NABEL (National Air Pollution Monitoring Network).","breadcrumb":{"@id":"https:\/\/www.organisator.ch\/sustainability\/2020-09-28\/wirksamere-ueberwachung-der-luftqualitaet-neue-nabel-station-in-duebendorf\/#breadcrumb"},"inLanguage":"it-IT","potentialAction":[{"@type":"ReadAction","target":["https:\/\/www.organisator.ch\/sustainability\/2020-09-28\/wirksamere-ueberwachung-der-luftqualitaet-neue-nabel-station-in-duebendorf\/"]}]},{"@type":"ImageObject","inLanguage":"it-IT","@id":"https:\/\/www.organisator.ch\/sustainability\/2020-09-28\/wirksamere-ueberwachung-der-luftqualitaet-neue-nabel-station-in-duebendorf\/#primaryimage","url":"https:\/\/www.organisator.ch\/wp-content\/uploads\/2020\/09\/empa1-scaled.jpg","contentUrl":"https:\/\/www.organisator.ch\/wp-content\/uploads\/2020\/09\/empa1-scaled.jpg","width":2560,"height":1920},{"@type":"BreadcrumbList","@id":"https:\/\/www.organisator.ch\/sustainability\/2020-09-28\/wirksamere-ueberwachung-der-luftqualitaet-neue-nabel-station-in-duebendorf\/#breadcrumb","itemListElement":[{"@type":"ListItem","position":1,"name":"Home","item":"https:\/\/www.organisator.ch\/"},{"@type":"ListItem","position":2,"name":"Wirksamere \u00dcberwachung der Luftqualit\u00e4t: Neue NABEL-Station in D\u00fcbendorf"}]},{"@type":"WebSite","@id":"https:\/\/www.organisator.ch\/#website","url":"https:\/\/www.organisator.ch\/","name":"Organizzatore","description":"Competente. Pratico. In 10 numeri all'anno, ORGANISATOR presenta i temi essenziali per i manager delle PMI.","publisher":{"@id":"https:\/\/www.organisator.ch\/#organization"},"potentialAction":[{"@type":"SearchAction","target":{"@type":"EntryPoint","urlTemplate":"https:\/\/www.organisator.ch\/?s={search_term_string}"},"query-input":{"@type":"PropertyValueSpecification","valueRequired":true,"valueName":"search_term_string"}}],"inLanguage":"it-IT"},{"@type":"Organization","@id":"https:\/\/www.organisator.ch\/#organization","name":"Organizzatore","url":"https:\/\/www.organisator.ch\/","logo":{"@type":"ImageObject","inLanguage":"it-IT","@id":"https:\/\/www.organisator.ch\/#\/schema\/logo\/image\/","url":"https:\/\/www.organisator.ch\/wp-content\/uploads\/2022\/01\/Logo_Organisator_Website.png","contentUrl":"https:\/\/www.organisator.ch\/wp-content\/uploads\/2022\/01\/Logo_Organisator_Website.png","width":800,"height":77,"caption":"Organisator"},"image":{"@id":"https:\/\/www.organisator.ch\/#\/schema\/logo\/image\/"},"sameAs":["https:\/\/www.facebook.com\/OrganisatorFachmagazin","https:\/\/www.linkedin.com\/showcase\/organisator-das-magazin-fr-kmu","https:\/\/www.xing.com\/news\/pages\/organisator-ch-695","https:\/\/www.youtube.com\/channel\/UCGP2Sq0iWaZwT3BdIAQFYpw"]},{"@type":"Person","@id":"https:\/\/www.organisator.ch\/#\/schema\/person\/134708ca9321c57b0362cceb7948ffbd","name":"michael.merz","image":{"@type":"ImageObject","inLanguage":"it-IT","@id":"https:\/\/secure.gravatar.com\/avatar\/?s=96&d=mm&r=g","url":"https:\/\/secure.gravatar.com\/avatar\/?s=96&d=mm&r=g","contentUrl":"https:\/\/secure.gravatar.com\/avatar\/?s=96&d=mm&r=g","caption":"michael.merz"},"url":"https:\/\/www.organisator.ch\/it\/author\/michael-merz\/"}]}},"_links":{"self":[{"href":"https:\/\/www.organisator.ch\/it\/wp-json\/wp\/v2\/posts\/3381","targetHints":{"allow":["GET"]}}],"collection":[{"href":"https:\/\/www.organisator.ch\/it\/wp-json\/wp\/v2\/posts"}],"about":[{"href":"https:\/\/www.organisator.ch\/it\/wp-json\/wp\/v2\/types\/post"}],"author":[{"embeddable":true,"href":"https:\/\/www.organisator.ch\/it\/wp-json\/wp\/v2\/users\/5"}],"replies":[{"embeddable":true,"href":"https:\/\/www.organisator.ch\/it\/wp-json\/wp\/v2\/comments?post=3381"}],"version-history":[{"count":1,"href":"https:\/\/www.organisator.ch\/it\/wp-json\/wp\/v2\/posts\/3381\/revisions"}],"predecessor-version":[{"id":10670,"href":"https:\/\/www.organisator.ch\/it\/wp-json\/wp\/v2\/posts\/3381\/revisions\/10670"}],"wp:featuredmedia":[{"embeddable":true,"href":"https:\/\/www.organisator.ch\/it\/wp-json\/wp\/v2\/media\/3382"}],"wp:attachment":[{"href":"https:\/\/www.organisator.ch\/it\/wp-json\/wp\/v2\/media?parent=3381"}],"wp:term":[{"taxonomy":"category","embeddable":true,"href":"https:\/\/www.organisator.ch\/it\/wp-json\/wp\/v2\/categories?post=3381"},{"taxonomy":"post_tag","embeddable":true,"href":"https:\/\/www.organisator.ch\/it\/wp-json\/wp\/v2\/tags?post=3381"}],"curies":[{"name":"wp","href":"https:\/\/api.w.org\/{rel}","templated":true}]}}