{"id":33906,"date":"2024-11-22T13:59:54","date_gmt":"2024-11-22T12:59:54","guid":{"rendered":"https:\/\/www.markt-kom.com\/?p=226964"},"modified":"2024-11-25T16:16:28","modified_gmt":"2024-11-25T15:16:28","slug":"festland-lab-session-zu-den-trends-im-employer-branding","status":"publish","type":"post","link":"https:\/\/www.organisator.ch\/it\/marketing\/2024-11-22\/festland-lab-session-zu-den-trends-im-employer-branding\/","title":{"rendered":"Sessione del Festland Lab sulle tendenze dell'employer branding"},"content":{"rendered":"<figure id=\"attachment_226976\" class=\"wp-caption alignnone\" style=\"width: 1200px;\" aria-describedby=\"caption-attachment-226976\"><img class=\"alignnone wp-image-226976 size-full\" src=\"https:\/\/www.markt-kom.com\/wp-content\/uploads\/2024\/11\/02_festland_lab_employer_keyvisual.jpg\" sizes=\"(max-width: 1200px) 100vw, 1200px\" srcset=\"https:\/\/www.markt-kom.com\/wp-content\/uploads\/2024\/11\/02_festland_lab_employer_keyvisual.jpg 1200w, https:\/\/www.markt-kom.com\/wp-content\/uploads\/2024\/11\/02_festland_lab_employer_keyvisual-600x450.jpg 600w, https:\/\/www.markt-kom.com\/wp-content\/uploads\/2024\/11\/02_festland_lab_employer_keyvisual-1024x768.jpg 1024w, https:\/\/www.markt-kom.com\/wp-content\/uploads\/2024\/11\/02_festland_lab_employer_keyvisual-768x576.jpg 768w, https:\/\/www.markt-kom.com\/wp-content\/uploads\/2024\/11\/02_festland_lab_employer_keyvisual-16x12.jpg 16w, https:\/\/www.markt-kom.com\/wp-content\/uploads\/2024\/11\/02_festland_lab_employer_keyvisual-233x175.jpg 233w, https:\/\/www.markt-kom.com\/wp-content\/uploads\/2024\/11\/02_festland_lab_employer_keyvisual-467x350.jpg 467w, https:\/\/www.markt-kom.com\/wp-content\/uploads\/2024\/11\/02_festland_lab_employer_keyvisual-1000x750.jpg 1000w\" alt=\"Sessioni del laboratorio di branding per i datori di lavoro\" width=\"1200\" height=\"900\" \/>\r\n<figcaption id=\"caption-attachment-226976\" class=\"wp-caption-text\">(Immagini: zVg.)<\/figcaption>\r\n<\/figure>\r\n<p>\"Testiamo cose nuove per noi stessi e per i nostri clienti\". Questo \u00e8 uno dei principi guida di Manifestland a cui il team dell'agenzia sangallese Festland si attiene. Viene messo in pratica, ad esempio, nelle Lab Sessions. L'ultima edizione si \u00e8 concentrata sull'employer branding. Nello Spazio Wave dell'agenzia di San Gallo, gli ospiti hanno assistito a tre interventi sul tema.<\/p>\r\n<p><img class=\"aligncenter size-full wp-image-226980\" src=\"https:\/\/www.markt-kom.com\/wp-content\/uploads\/2024\/11\/06_festland_lab_employer_publikum.jpg\" sizes=\"(max-width: 1200px) 100vw, 1200px\" srcset=\"https:\/\/www.markt-kom.com\/wp-content\/uploads\/2024\/11\/06_festland_lab_employer_publikum.jpg 1200w, https:\/\/www.markt-kom.com\/wp-content\/uploads\/2024\/11\/06_festland_lab_employer_publikum-600x347.jpg 600w, https:\/\/www.markt-kom.com\/wp-content\/uploads\/2024\/11\/06_festland_lab_employer_publikum-1024x592.jpg 1024w, https:\/\/www.markt-kom.com\/wp-content\/uploads\/2024\/11\/06_festland_lab_employer_publikum-768x444.jpg 768w, https:\/\/www.markt-kom.com\/wp-content\/uploads\/2024\/11\/06_festland_lab_employer_publikum-18x10.jpg 18w, https:\/\/www.markt-kom.com\/wp-content\/uploads\/2024\/11\/06_festland_lab_employer_publikum-303x175.jpg 303w, https:\/\/www.markt-kom.com\/wp-content\/uploads\/2024\/11\/06_festland_lab_employer_publikum-605x350.jpg 605w, https:\/\/www.markt-kom.com\/wp-content\/uploads\/2024\/11\/06_festland_lab_employer_publikum-1000x578.jpg 1000w\" alt=\"\" width=\"1200\" height=\"694\" \/><\/p>\r\n<h3><strong>Un Tinder per i talenti digitali<\/strong><\/h3>\r\n<p>Michael Bernasconi, Project Manager di Matchd presso rockt!, ha condiviso le sue intuizioni sulla piattaforma di networking per aziende e talenti IT. Sa per esperienza a cosa prestare attenzione per ottenere il match perfetto con la Generazione Z. Ha una chiara raccomandazione per i datori di lavoro come modo efficace per combattere la carenza di talenti IT. Ha una chiara raccomandazione per i datori di lavoro come modo efficace per combattere la carenza di manodopera qualificata nel settore IT: Offrire stage. L'impegno a breve termine nel fornire supporto \u00e8 pi\u00f9 che ripagato in termini di vantaggio a lungo termine sul mercato del lavoro.<\/p>\r\n<p><img class=\"aligncenter size-full wp-image-226979\" src=\"https:\/\/www.markt-kom.com\/wp-content\/uploads\/2024\/11\/03_festland_lab_employer_michaelbernasconi.jpg\" sizes=\"(max-width: 1200px) 100vw, 1200px\" srcset=\"https:\/\/www.markt-kom.com\/wp-content\/uploads\/2024\/11\/03_festland_lab_employer_michaelbernasconi.jpg 1200w, https:\/\/www.markt-kom.com\/wp-content\/uploads\/2024\/11\/03_festland_lab_employer_michaelbernasconi-600x450.jpg 600w, https:\/\/www.markt-kom.com\/wp-content\/uploads\/2024\/11\/03_festland_lab_employer_michaelbernasconi-1024x768.jpg 1024w, https:\/\/www.markt-kom.com\/wp-content\/uploads\/2024\/11\/03_festland_lab_employer_michaelbernasconi-768x576.jpg 768w, https:\/\/www.markt-kom.com\/wp-content\/uploads\/2024\/11\/03_festland_lab_employer_michaelbernasconi-16x12.jpg 16w, https:\/\/www.markt-kom.com\/wp-content\/uploads\/2024\/11\/03_festland_lab_employer_michaelbernasconi-233x175.jpg 233w, https:\/\/www.markt-kom.com\/wp-content\/uploads\/2024\/11\/03_festland_lab_employer_michaelbernasconi-467x350.jpg 467w, https:\/\/www.markt-kom.com\/wp-content\/uploads\/2024\/11\/03_festland_lab_employer_michaelbernasconi-1000x750.jpg 1000w\" alt=\"\" width=\"1200\" height=\"900\" \/><\/p>\r\n<h3><strong>Si prega di non giocare in compagnia<\/strong><\/h3>\r\n<p>Nadja Schnetzler, teamwork coach ed esperta di obiettivi, ha presentato la sua guida pratica \"Collaboration in Flow\", pubblicata di recente. Il libro, scritto insieme a Laurent Burst, fornisce strumenti collaudati per una cultura di squadra di successo. Il concetto di flusso si rivela un life hack per creare un equilibrio tra io, noi e lavoro. Perch\u00e9 in troppi team le persone continuano a \"giocare in compagnia\" invece di creare significato e portare a termine il lavoro.<\/p>\r\n<p><img class=\"aligncenter size-full wp-image-226978\" src=\"https:\/\/www.markt-kom.com\/wp-content\/uploads\/2024\/11\/04_festland_lab_employer_nadjaschnetzler.jpg\" sizes=\"(max-width: 683px) 100vw, 683px\" srcset=\"https:\/\/www.markt-kom.com\/wp-content\/uploads\/2024\/11\/04_festland_lab_employer_nadjaschnetzler.jpg 683w, https:\/\/www.markt-kom.com\/wp-content\/uploads\/2024\/11\/04_festland_lab_employer_nadjaschnetzler-502x600.jpg 502w, https:\/\/www.markt-kom.com\/wp-content\/uploads\/2024\/11\/04_festland_lab_employer_nadjaschnetzler-10x12.jpg 10w, https:\/\/www.markt-kom.com\/wp-content\/uploads\/2024\/11\/04_festland_lab_employer_nadjaschnetzler-146x175.jpg 146w, https:\/\/www.markt-kom.com\/wp-content\/uploads\/2024\/11\/04_festland_lab_employer_nadjaschnetzler-293x350.jpg 293w, https:\/\/www.markt-kom.com\/wp-content\/uploads\/2024\/11\/04_festland_lab_employer_nadjaschnetzler-669x800.jpg 669w\" alt=\"\" width=\"683\" height=\"817\" \/><\/p>\r\n<h2><strong>Il branding per i datori di lavoro con il cuore<\/strong><\/h2>\r\n<p>Reto Geiger, amministratore delegato di Liebenau Svizzera, si \u00e8 concentrato sull'employer branding nel mondo delle case di riposo e di cura. Il pubblico ha appreso in prima persona come l'azienda no-profit ottenga punti sul mercato del lavoro con vacanze e altri benefit, e perch\u00e9 il cuore nella pubblicit\u00e0 di Liebenau sia pi\u00f9 di un semplice ornamento. Le sue parole sono state illustrate dall'attuale campagna per i datori di lavoro, creata insieme a Festland.<\/p>\r\n<p><img class=\"aligncenter size-full wp-image-226977\" src=\"https:\/\/www.markt-kom.com\/wp-content\/uploads\/2024\/11\/01_festland_lab_employer_moderation.jpg\" sizes=\"(max-width: 1200px) 100vw, 1200px\" srcset=\"https:\/\/www.markt-kom.com\/wp-content\/uploads\/2024\/11\/01_festland_lab_employer_moderation.jpg 1200w, https:\/\/www.markt-kom.com\/wp-content\/uploads\/2024\/11\/01_festland_lab_employer_moderation-600x400.jpg 600w, https:\/\/www.markt-kom.com\/wp-content\/uploads\/2024\/11\/01_festland_lab_employer_moderation-1024x683.jpg 1024w, https:\/\/www.markt-kom.com\/wp-content\/uploads\/2024\/11\/01_festland_lab_employer_moderation-768x512.jpg 768w, https:\/\/www.markt-kom.com\/wp-content\/uploads\/2024\/11\/01_festland_lab_employer_moderation-18x12.jpg 18w, https:\/\/www.markt-kom.com\/wp-content\/uploads\/2024\/11\/01_festland_lab_employer_moderation-263x175.jpg 263w, https:\/\/www.markt-kom.com\/wp-content\/uploads\/2024\/11\/01_festland_lab_employer_moderation-525x350.jpg 525w, https:\/\/www.markt-kom.com\/wp-content\/uploads\/2024\/11\/01_festland_lab_employer_moderation-1000x667.jpg 1000w\" alt=\"\" width=\"1200\" height=\"800\" \/><\/p>","protected":false},"excerpt":{"rendered":"<p>Ispirare candidati e dipendenti, ma come? La sessione del Festland Lab \"Employer Branding\" ha fornito impulsi da tre prospettive. I relatori sono stati la teamwork coach Nadja Schnetzler, il project manager di Matchd Michael Bernasconi e l'amministratore delegato di Liebenau Reto Geiger.<\/p>","protected":false},"author":8,"featured_media":0,"comment_status":"closed","ping_status":"closed","sticky":false,"template":"","format":"standard","meta":{"_acf_changed":false,"_yoast_wpseo_focuskw":"Employer Branding Lab Sessions","_yoast_wpseo_metadesc":"Lab Sessions von Festland fokussieren auf Employer Branding. Experten teilen Einblicke zu IT-Talenten, Teamkultur und Pflegeheimen.","articlekey":"","footnotes":""},"categories":[29],"tags":[172,4840,2626,4841,4343,4843,4842],"class_list":["post-33906","post","type-post","status-publish","format-standard","hentry","category-marketing","tag-employer-branding","tag-employerbranding","tag-festland","tag-it-talente","tag-markom","tag-pflegeheime","tag-teamkultur"],"acf":[],"yoast_head":"<!-- This site is optimized with the Yoast SEO plugin v27.5 - https:\/\/yoast.com\/product\/yoast-seo-wordpress\/ -->\n<title>Festland Lab Session zu den Trends im Employer Branding - Organisator<\/title>\n<meta name=\"description\" content=\"Lab Sessions von Festland fokussieren auf Employer Branding. Experten teilen Einblicke zu IT-Talenten, Teamkultur und Pflegeheimen.\" \/>\n<meta name=\"robots\" content=\"index, follow, max-snippet:-1, max-image-preview:large, max-video-preview:-1\" \/>\n<link rel=\"canonical\" href=\"https:\/\/www.organisator.ch\/it\/marketing\/2024-11-22\/festland-lab-session-zu-den-trends-im-employer-branding\/\" \/>\n<meta property=\"og:locale\" content=\"it_IT\" \/>\n<meta property=\"og:type\" content=\"article\" \/>\n<meta property=\"og:title\" content=\"Festland Lab Session zu den Trends im Employer Branding - Organisator\" \/>\n<meta property=\"og:description\" content=\"Lab Sessions von Festland fokussieren auf Employer Branding. Experten teilen Einblicke zu IT-Talenten, Teamkultur und Pflegeheimen.\" \/>\n<meta property=\"og:url\" content=\"https:\/\/www.organisator.ch\/it\/marketing\/2024-11-22\/festland-lab-session-zu-den-trends-im-employer-branding\/\" \/>\n<meta property=\"og:site_name\" content=\"Organisator\" \/>\n<meta property=\"article:publisher\" content=\"https:\/\/www.facebook.com\/OrganisatorFachmagazin\" \/>\n<meta property=\"article:published_time\" content=\"2024-11-22T12:59:54+00:00\" \/>\n<meta property=\"article:modified_time\" content=\"2024-11-25T15:16:28+00:00\" \/>\n<meta name=\"author\" content=\"galledia\" \/>\n<meta name=\"twitter:card\" content=\"summary_large_image\" \/>\n<meta name=\"twitter:creator\" content=\"@admin\" \/>\n<script type=\"application\/ld+json\" class=\"yoast-schema-graph\">{\"@context\":\"https:\\\/\\\/schema.org\",\"@graph\":[{\"@type\":\"Article\",\"@id\":\"https:\\\/\\\/www.organisator.ch\\\/marketing\\\/2024-11-22\\\/festland-lab-session-zu-den-trends-im-employer-branding\\\/#article\",\"isPartOf\":{\"@id\":\"https:\\\/\\\/www.organisator.ch\\\/marketing\\\/2024-11-22\\\/festland-lab-session-zu-den-trends-im-employer-branding\\\/\"},\"author\":{\"name\":\"galledia\",\"@id\":\"https:\\\/\\\/www.organisator.ch\\\/#\\\/schema\\\/person\\\/4e51799071cd2dd1232ac003643ef5f0\"},\"headline\":\"Festland Lab Session zu den Trends im Employer Branding\",\"datePublished\":\"2024-11-22T12:59:54+00:00\",\"dateModified\":\"2024-11-25T15:16:28+00:00\",\"mainEntityOfPage\":{\"@id\":\"https:\\\/\\\/www.organisator.ch\\\/marketing\\\/2024-11-22\\\/festland-lab-session-zu-den-trends-im-employer-branding\\\/\"},\"wordCount\":295,\"publisher\":{\"@id\":\"https:\\\/\\\/www.organisator.ch\\\/#organization\"},\"image\":{\"@id\":\"https:\\\/\\\/www.organisator.ch\\\/marketing\\\/2024-11-22\\\/festland-lab-session-zu-den-trends-im-employer-branding\\\/#primaryimage\"},\"thumbnailUrl\":\"https:\\\/\\\/www.markt-kom.com\\\/wp-content\\\/uploads\\\/2024\\\/11\\\/02_festland_lab_employer_keyvisual.jpg\",\"keywords\":[\"Employer Branding\",\"EmployerBranding\",\"Festland\",\"IT-Talente\",\"MarKom\",\"Pflegeheime\",\"Teamkultur\"],\"articleSection\":[\"MARKETING\"],\"inLanguage\":\"it-IT\"},{\"@type\":\"WebPage\",\"@id\":\"https:\\\/\\\/www.organisator.ch\\\/marketing\\\/2024-11-22\\\/festland-lab-session-zu-den-trends-im-employer-branding\\\/\",\"url\":\"https:\\\/\\\/www.organisator.ch\\\/marketing\\\/2024-11-22\\\/festland-lab-session-zu-den-trends-im-employer-branding\\\/\",\"name\":\"Festland Lab Session zu den Trends im Employer Branding - Organisator\",\"isPartOf\":{\"@id\":\"https:\\\/\\\/www.organisator.ch\\\/#website\"},\"primaryImageOfPage\":{\"@id\":\"https:\\\/\\\/www.organisator.ch\\\/marketing\\\/2024-11-22\\\/festland-lab-session-zu-den-trends-im-employer-branding\\\/#primaryimage\"},\"image\":{\"@id\":\"https:\\\/\\\/www.organisator.ch\\\/marketing\\\/2024-11-22\\\/festland-lab-session-zu-den-trends-im-employer-branding\\\/#primaryimage\"},\"thumbnailUrl\":\"https:\\\/\\\/www.markt-kom.com\\\/wp-content\\\/uploads\\\/2024\\\/11\\\/02_festland_lab_employer_keyvisual.jpg\",\"datePublished\":\"2024-11-22T12:59:54+00:00\",\"dateModified\":\"2024-11-25T15:16:28+00:00\",\"description\":\"Lab Sessions von Festland fokussieren auf Employer Branding. Experten teilen Einblicke zu IT-Talenten, Teamkultur und Pflegeheimen.\",\"breadcrumb\":{\"@id\":\"https:\\\/\\\/www.organisator.ch\\\/marketing\\\/2024-11-22\\\/festland-lab-session-zu-den-trends-im-employer-branding\\\/#breadcrumb\"},\"inLanguage\":\"it-IT\",\"potentialAction\":[{\"@type\":\"ReadAction\",\"target\":[\"https:\\\/\\\/www.organisator.ch\\\/marketing\\\/2024-11-22\\\/festland-lab-session-zu-den-trends-im-employer-branding\\\/\"]}]},{\"@type\":\"ImageObject\",\"inLanguage\":\"it-IT\",\"@id\":\"https:\\\/\\\/www.organisator.ch\\\/marketing\\\/2024-11-22\\\/festland-lab-session-zu-den-trends-im-employer-branding\\\/#primaryimage\",\"url\":\"https:\\\/\\\/www.markt-kom.com\\\/wp-content\\\/uploads\\\/2024\\\/11\\\/02_festland_lab_employer_keyvisual.jpg\",\"contentUrl\":\"https:\\\/\\\/www.markt-kom.com\\\/wp-content\\\/uploads\\\/2024\\\/11\\\/02_festland_lab_employer_keyvisual.jpg\"},{\"@type\":\"BreadcrumbList\",\"@id\":\"https:\\\/\\\/www.organisator.ch\\\/marketing\\\/2024-11-22\\\/festland-lab-session-zu-den-trends-im-employer-branding\\\/#breadcrumb\",\"itemListElement\":[{\"@type\":\"ListItem\",\"position\":1,\"name\":\"Home\",\"item\":\"https:\\\/\\\/www.organisator.ch\\\/\"},{\"@type\":\"ListItem\",\"position\":2,\"name\":\"Festland Lab Session zu den Trends im Employer Branding\"}]},{\"@type\":\"WebSite\",\"@id\":\"https:\\\/\\\/www.organisator.ch\\\/#website\",\"url\":\"https:\\\/\\\/www.organisator.ch\\\/\",\"name\":\"Organisator\",\"description\":\"Kompetent. Praxisnah. Der ORGANISATOR bereitet in 10 Ausgaben pro Jahr die wesentlichen Themen f\u00fcr F\u00fchrungskr\u00e4fte von KMU auf.\",\"publisher\":{\"@id\":\"https:\\\/\\\/www.organisator.ch\\\/#organization\"},\"potentialAction\":[{\"@type\":\"SearchAction\",\"target\":{\"@type\":\"EntryPoint\",\"urlTemplate\":\"https:\\\/\\\/www.organisator.ch\\\/?s={search_term_string}\"},\"query-input\":{\"@type\":\"PropertyValueSpecification\",\"valueRequired\":true,\"valueName\":\"search_term_string\"}}],\"inLanguage\":\"it-IT\"},{\"@type\":\"Organization\",\"@id\":\"https:\\\/\\\/www.organisator.ch\\\/#organization\",\"name\":\"Organisator\",\"url\":\"https:\\\/\\\/www.organisator.ch\\\/\",\"logo\":{\"@type\":\"ImageObject\",\"inLanguage\":\"it-IT\",\"@id\":\"https:\\\/\\\/www.organisator.ch\\\/#\\\/schema\\\/logo\\\/image\\\/\",\"url\":\"https:\\\/\\\/www.organisator.ch\\\/wp-content\\\/uploads\\\/2022\\\/01\\\/Logo_Organisator_Website.png\",\"contentUrl\":\"https:\\\/\\\/www.organisator.ch\\\/wp-content\\\/uploads\\\/2022\\\/01\\\/Logo_Organisator_Website.png\",\"width\":800,\"height\":77,\"caption\":\"Organisator\"},\"image\":{\"@id\":\"https:\\\/\\\/www.organisator.ch\\\/#\\\/schema\\\/logo\\\/image\\\/\"},\"sameAs\":[\"https:\\\/\\\/www.facebook.com\\\/OrganisatorFachmagazin\",\"https:\\\/\\\/www.linkedin.com\\\/showcase\\\/organisator-das-magazin-fr-kmu\",\"https:\\\/\\\/www.xing.com\\\/news\\\/pages\\\/organisator-ch-695\",\"https:\\\/\\\/www.youtube.com\\\/channel\\\/UCGP2Sq0iWaZwT3BdIAQFYpw\"]},{\"@type\":\"Person\",\"@id\":\"https:\\\/\\\/www.organisator.ch\\\/#\\\/schema\\\/person\\\/4e51799071cd2dd1232ac003643ef5f0\",\"name\":\"galledia\",\"image\":{\"@type\":\"ImageObject\",\"inLanguage\":\"it-IT\",\"@id\":\"https:\\\/\\\/secure.gravatar.com\\\/avatar\\\/78a7f90c01fc2bfc875782a0d4922b37cde2cf184ce347b91316d23cd7f69a36?s=96&d=mm&r=g\",\"url\":\"https:\\\/\\\/secure.gravatar.com\\\/avatar\\\/78a7f90c01fc2bfc875782a0d4922b37cde2cf184ce347b91316d23cd7f69a36?s=96&d=mm&r=g\",\"contentUrl\":\"https:\\\/\\\/secure.gravatar.com\\\/avatar\\\/78a7f90c01fc2bfc875782a0d4922b37cde2cf184ce347b91316d23cd7f69a36?s=96&d=mm&r=g\",\"caption\":\"galledia\"},\"sameAs\":[\"https:\\\/\\\/x.com\\\/admin\"],\"url\":\"https:\\\/\\\/www.organisator.ch\\\/it\\\/author\\\/galledia\\\/\"}]}<\/script>\n<!-- \/ Yoast SEO plugin. -->","yoast_head_json":{"title":"Festland Lab Sessione sulle tendenze dell'employer branding - Organizzatore","description":"Le sessioni di laboratorio di Festland si concentrano sull'employer branding. Gli esperti condividono le loro intuizioni sui talenti IT, sulla cultura di squadra e sulle case di cura.","robots":{"index":"index","follow":"follow","max-snippet":"max-snippet:-1","max-image-preview":"max-image-preview:large","max-video-preview":"max-video-preview:-1"},"canonical":"https:\/\/www.organisator.ch\/it\/marketing\/2024-11-22\/festland-lab-session-zu-den-trends-im-employer-branding\/","og_locale":"it_IT","og_type":"article","og_title":"Festland Lab Session zu den Trends im Employer Branding - Organisator","og_description":"Lab Sessions von Festland fokussieren auf Employer Branding. Experten teilen Einblicke zu IT-Talenten, Teamkultur und Pflegeheimen.","og_url":"https:\/\/www.organisator.ch\/it\/marketing\/2024-11-22\/festland-lab-session-zu-den-trends-im-employer-branding\/","og_site_name":"Organisator","article_publisher":"https:\/\/www.facebook.com\/OrganisatorFachmagazin","article_published_time":"2024-11-22T12:59:54+00:00","article_modified_time":"2024-11-25T15:16:28+00:00","author":"galledia","twitter_card":"summary_large_image","twitter_creator":"@admin","schema":{"@context":"https:\/\/schema.org","@graph":[{"@type":"Article","@id":"https:\/\/www.organisator.ch\/marketing\/2024-11-22\/festland-lab-session-zu-den-trends-im-employer-branding\/#article","isPartOf":{"@id":"https:\/\/www.organisator.ch\/marketing\/2024-11-22\/festland-lab-session-zu-den-trends-im-employer-branding\/"},"author":{"name":"galledia","@id":"https:\/\/www.organisator.ch\/#\/schema\/person\/4e51799071cd2dd1232ac003643ef5f0"},"headline":"Festland Lab Session zu den Trends im Employer Branding","datePublished":"2024-11-22T12:59:54+00:00","dateModified":"2024-11-25T15:16:28+00:00","mainEntityOfPage":{"@id":"https:\/\/www.organisator.ch\/marketing\/2024-11-22\/festland-lab-session-zu-den-trends-im-employer-branding\/"},"wordCount":295,"publisher":{"@id":"https:\/\/www.organisator.ch\/#organization"},"image":{"@id":"https:\/\/www.organisator.ch\/marketing\/2024-11-22\/festland-lab-session-zu-den-trends-im-employer-branding\/#primaryimage"},"thumbnailUrl":"https:\/\/www.markt-kom.com\/wp-content\/uploads\/2024\/11\/02_festland_lab_employer_keyvisual.jpg","keywords":["Employer Branding","EmployerBranding","Festland","IT-Talente","MarKom","Pflegeheime","Teamkultur"],"articleSection":["MARKETING"],"inLanguage":"it-IT"},{"@type":"WebPage","@id":"https:\/\/www.organisator.ch\/marketing\/2024-11-22\/festland-lab-session-zu-den-trends-im-employer-branding\/","url":"https:\/\/www.organisator.ch\/marketing\/2024-11-22\/festland-lab-session-zu-den-trends-im-employer-branding\/","name":"Festland Lab Sessione sulle tendenze dell'employer branding - Organizzatore","isPartOf":{"@id":"https:\/\/www.organisator.ch\/#website"},"primaryImageOfPage":{"@id":"https:\/\/www.organisator.ch\/marketing\/2024-11-22\/festland-lab-session-zu-den-trends-im-employer-branding\/#primaryimage"},"image":{"@id":"https:\/\/www.organisator.ch\/marketing\/2024-11-22\/festland-lab-session-zu-den-trends-im-employer-branding\/#primaryimage"},"thumbnailUrl":"https:\/\/www.markt-kom.com\/wp-content\/uploads\/2024\/11\/02_festland_lab_employer_keyvisual.jpg","datePublished":"2024-11-22T12:59:54+00:00","dateModified":"2024-11-25T15:16:28+00:00","description":"Le sessioni di laboratorio di Festland si concentrano sull'employer branding. Gli esperti condividono le loro intuizioni sui talenti IT, sulla cultura di squadra e sulle case di cura.","breadcrumb":{"@id":"https:\/\/www.organisator.ch\/marketing\/2024-11-22\/festland-lab-session-zu-den-trends-im-employer-branding\/#breadcrumb"},"inLanguage":"it-IT","potentialAction":[{"@type":"ReadAction","target":["https:\/\/www.organisator.ch\/marketing\/2024-11-22\/festland-lab-session-zu-den-trends-im-employer-branding\/"]}]},{"@type":"ImageObject","inLanguage":"it-IT","@id":"https:\/\/www.organisator.ch\/marketing\/2024-11-22\/festland-lab-session-zu-den-trends-im-employer-branding\/#primaryimage","url":"https:\/\/www.markt-kom.com\/wp-content\/uploads\/2024\/11\/02_festland_lab_employer_keyvisual.jpg","contentUrl":"https:\/\/www.markt-kom.com\/wp-content\/uploads\/2024\/11\/02_festland_lab_employer_keyvisual.jpg"},{"@type":"BreadcrumbList","@id":"https:\/\/www.organisator.ch\/marketing\/2024-11-22\/festland-lab-session-zu-den-trends-im-employer-branding\/#breadcrumb","itemListElement":[{"@type":"ListItem","position":1,"name":"Home","item":"https:\/\/www.organisator.ch\/"},{"@type":"ListItem","position":2,"name":"Festland Lab Session zu den Trends im Employer Branding"}]},{"@type":"WebSite","@id":"https:\/\/www.organisator.ch\/#website","url":"https:\/\/www.organisator.ch\/","name":"Organizzatore","description":"Competente. Pratico. In 10 numeri all'anno, ORGANISATOR presenta i temi essenziali per i manager delle PMI.","publisher":{"@id":"https:\/\/www.organisator.ch\/#organization"},"potentialAction":[{"@type":"SearchAction","target":{"@type":"EntryPoint","urlTemplate":"https:\/\/www.organisator.ch\/?s={search_term_string}"},"query-input":{"@type":"PropertyValueSpecification","valueRequired":true,"valueName":"search_term_string"}}],"inLanguage":"it-IT"},{"@type":"Organization","@id":"https:\/\/www.organisator.ch\/#organization","name":"Organizzatore","url":"https:\/\/www.organisator.ch\/","logo":{"@type":"ImageObject","inLanguage":"it-IT","@id":"https:\/\/www.organisator.ch\/#\/schema\/logo\/image\/","url":"https:\/\/www.organisator.ch\/wp-content\/uploads\/2022\/01\/Logo_Organisator_Website.png","contentUrl":"https:\/\/www.organisator.ch\/wp-content\/uploads\/2022\/01\/Logo_Organisator_Website.png","width":800,"height":77,"caption":"Organisator"},"image":{"@id":"https:\/\/www.organisator.ch\/#\/schema\/logo\/image\/"},"sameAs":["https:\/\/www.facebook.com\/OrganisatorFachmagazin","https:\/\/www.linkedin.com\/showcase\/organisator-das-magazin-fr-kmu","https:\/\/www.xing.com\/news\/pages\/organisator-ch-695","https:\/\/www.youtube.com\/channel\/UCGP2Sq0iWaZwT3BdIAQFYpw"]},{"@type":"Person","@id":"https:\/\/www.organisator.ch\/#\/schema\/person\/4e51799071cd2dd1232ac003643ef5f0","name":"galledia","image":{"@type":"ImageObject","inLanguage":"it-IT","@id":"https:\/\/secure.gravatar.com\/avatar\/78a7f90c01fc2bfc875782a0d4922b37cde2cf184ce347b91316d23cd7f69a36?s=96&d=mm&r=g","url":"https:\/\/secure.gravatar.com\/avatar\/78a7f90c01fc2bfc875782a0d4922b37cde2cf184ce347b91316d23cd7f69a36?s=96&d=mm&r=g","contentUrl":"https:\/\/secure.gravatar.com\/avatar\/78a7f90c01fc2bfc875782a0d4922b37cde2cf184ce347b91316d23cd7f69a36?s=96&d=mm&r=g","caption":"galledia"},"sameAs":["https:\/\/x.com\/admin"],"url":"https:\/\/www.organisator.ch\/it\/author\/galledia\/"}]}},"_links":{"self":[{"href":"https:\/\/www.organisator.ch\/it\/wp-json\/wp\/v2\/posts\/33906","targetHints":{"allow":["GET"]}}],"collection":[{"href":"https:\/\/www.organisator.ch\/it\/wp-json\/wp\/v2\/posts"}],"about":[{"href":"https:\/\/www.organisator.ch\/it\/wp-json\/wp\/v2\/types\/post"}],"author":[{"embeddable":true,"href":"https:\/\/www.organisator.ch\/it\/wp-json\/wp\/v2\/users\/8"}],"replies":[{"embeddable":true,"href":"https:\/\/www.organisator.ch\/it\/wp-json\/wp\/v2\/comments?post=33906"}],"version-history":[{"count":4,"href":"https:\/\/www.organisator.ch\/it\/wp-json\/wp\/v2\/posts\/33906\/revisions"}],"predecessor-version":[{"id":33968,"href":"https:\/\/www.organisator.ch\/it\/wp-json\/wp\/v2\/posts\/33906\/revisions\/33968"}],"wp:attachment":[{"href":"https:\/\/www.organisator.ch\/it\/wp-json\/wp\/v2\/media?parent=33906"}],"wp:term":[{"taxonomy":"category","embeddable":true,"href":"https:\/\/www.organisator.ch\/it\/wp-json\/wp\/v2\/categories?post=33906"},{"taxonomy":"post_tag","embeddable":true,"href":"https:\/\/www.organisator.ch\/it\/wp-json\/wp\/v2\/tags?post=33906"}],"curies":[{"name":"wp","href":"https:\/\/api.w.org\/{rel}","templated":true}]}}