{"id":33908,"date":"2024-11-22T12:28:43","date_gmt":"2024-11-22T11:28:43","guid":{"rendered":"https:\/\/www.markt-kom.com\/?p=226962"},"modified":"2024-11-25T16:15:47","modified_gmt":"2024-11-25T15:15:47","slug":"postcom-muss-privatwirtschaftliche-taetigkeit-der-post-untersuchen","status":"publish","type":"post","link":"https:\/\/www.organisator.ch\/it\/marketing\/2024-11-22\/postcom-muss-privatwirtschaftliche-taetigkeit-der-post-untersuchen\/","title":{"rendered":"La PostCom deve indagare sulle attivit\u00e0 del settore privato della Posta Svizzera"},"content":{"rendered":"<figure id=\"attachment_226965\" class=\"wp-caption alignnone\" style=\"width: 1100px;\" aria-describedby=\"caption-attachment-226965\"><img class=\"alignnone wp-image-226965 size-full\" src=\"https:\/\/www.markt-kom.com\/wp-content\/uploads\/2024\/11\/Post-Symbolbild-Keystone-.jpg\" sizes=\"(max-width: 1100px) 100vw, 1100px\" srcset=\"https:\/\/www.markt-kom.com\/wp-content\/uploads\/2024\/11\/Post-Symbolbild-Keystone-.jpg 1100w, https:\/\/www.markt-kom.com\/wp-content\/uploads\/2024\/11\/Post-Symbolbild-Keystone--600x338.jpg 600w, https:\/\/www.markt-kom.com\/wp-content\/uploads\/2024\/11\/Post-Symbolbild-Keystone--1024x576.jpg 1024w, https:\/\/www.markt-kom.com\/wp-content\/uploads\/2024\/11\/Post-Symbolbild-Keystone--768x432.jpg 768w, https:\/\/www.markt-kom.com\/wp-content\/uploads\/2024\/11\/Post-Symbolbild-Keystone--18x10.jpg 18w, https:\/\/www.markt-kom.com\/wp-content\/uploads\/2024\/11\/Post-Symbolbild-Keystone--311x175.jpg 311w, https:\/\/www.markt-kom.com\/wp-content\/uploads\/2024\/11\/Post-Symbolbild-Keystone--622x350.jpg 622w, https:\/\/www.markt-kom.com\/wp-content\/uploads\/2024\/11\/Post-Symbolbild-Keystone--1000x563.jpg 1000w\" alt=\"Attivit\u00e0 del settore privato della Posta Svizzera\" width=\"1100\" height=\"619\" \/>\r\n<figcaption id=\"caption-attachment-226965\" class=\"wp-caption-text\">(Immagine: Keystone\/Adrian Reusser)<\/figcaption>\r\n<\/figure>\r\n<p>Con quattro sentenze pubblicate venerd\u00ec, il Tribunale amministrativo federale ha dato ragione ad Abacus Research e Goldbach Neo OOH. In questo modo, ha chiarito questioni legali fondamentali relative alle attivit\u00e0 del settore privato della Posta Svizzera.<\/p>\r\n<p>Nelle sue sentenze, il Tribunale amministrativo federale fa riferimento alla giurisprudenza del Tribunale federale sull'attivit\u00e0 economica privata dello Stato. Esso afferma che la libert\u00e0 economica tutelata dai diritti fondamentali non offre ai privati alcuna protezione generale contro la concorrenza. Ci\u00f2 vale anche per l'attivit\u00e0 economica privata dello Stato. In linea di principio, questo crea semplicemente un altro concorrente per il settore privato.<\/p>\r\n<p>Tuttavia, esistono limiti costituzionali all'attivit\u00e0 privata dello Stato, come spiega la Corte. L'attivit\u00e0 deve basarsi su una base legale, deve essere nell'interesse pubblico e deve essere proporzionata e neutrale in termini di concorrenza.<\/p>\r\n<h3><strong>Attivit\u00e0 limitata<\/strong><\/h3>\r\n<p>In base a questi requisiti, le attivit\u00e0 della Posta sono regolate e limitate dalla Legge sull'organizzazione postale. La Posta deve garantire il servizio universale e pu\u00f2 fornire servizi correlati.<\/p>\r\n<p>In questo contesto, il Tribunale amministrativo federale ha sviluppato ulteriormente la sua precedente giurisprudenza. Esso sostiene che, in linea di principio, non \u00e8 possibile ottenere lo status di parte attraverso una notifica ai sensi del diritto di vigilanza.<\/p>\r\n<p>Se, come nel caso in esame, le imprese private sostengono a ragione che un'impresa statale non ha una base giuridica sufficiente per una determinata attivit\u00e0 del settore privato o non agisce in modo neutrale dal punto di vista della concorrenza, esiste un rapporto particolarmente stretto. Lo status di parte delle imprese private non pu\u00f2 essere negato in linea di principio in un caso del genere.<\/p>\r\n<p>La PostCom, a cui il tribunale ha deferito il caso, ha il compito di verificare se le attivit\u00e0 del settore privato della Posta rispettano i limiti costituzionali.<\/p>\r\n<p>La Commissione deve prendere una decisione definitiva sullo status di parte dei denuncianti e quindi, se necessario, esaminare se la Posta dispone di un'autorizzazione sufficiente per l'accesso al mercato per le sue attivit\u00e0 nel settore privato.<\/p>\r\n<h3><strong>Misure necessarie<\/strong><\/h3>\r\n<p>Nell'ottobre 2020, la Posta ha acquisito Klara Business AG, ora ePost Services AG, un'azienda privata che sviluppa e distribuisce software per la contabilit\u00e0 e la gestione di clienti e ordini.<\/p>\r\n<p>Livesystems, che opera nel campo della pubblicit\u00e0 digitale out-of-home, \u00e8 stata acquisita nel luglio 2021. Entrambe le societ\u00e0 sono ora gestite come filiali indipendenti della Posta Svizzera.<\/p>\r\n<p>Con le due societ\u00e0 del gruppo ePost Services e Livesystems, la Posta opera al di fuori del servizio universale. \u00c8 quindi in concorrenza diretta con Abacus Research e Goldbach Neo OOH, che offrono servizi uguali o simili.<\/p>\r\n<p>Queste societ\u00e0 hanno presentato reclami di vigilanza separati alla Commissione federale delle poste (PostCom) e all'Ufficio federale delle comunicazioni (UFCOM). Davanti a entrambe le autorit\u00e0 hanno sostenuto che le attivit\u00e0 della Posta nel settore privato non sono autorizzate. Per questo motivo, l'acquisizione delle due societ\u00e0 dovrebbe essere annullata o dovrebbero essere adottate misure per evitare distorsioni della concorrenza.<\/p>\r\n<p>La PostCom e l'UFCOM non hanno dato seguito ai due reclami di vigilanza. Hanno dichiarato che le due societ\u00e0 non avevano alcuno status di parte in relazione alle attivit\u00e0 private della Posta. I due concorrenti hanno presentato ricorso al Tribunale amministrativo federale contro queste decisioni.<\/p>\r\n<p>Queste sentenze non sono ancora giuridicamente vincolanti e possono essere impugnate presso il Tribunale federale. <em>(SDA)<\/em><\/p>","protected":false},"excerpt":{"rendered":"<p>La Commissione federale delle poste PostCom ha erroneamente omesso di dare seguito ai reclami di vigilanza presentati dalle societ\u00e0 Abacus Research e Goldbach Neo OOH. Lo ha deciso il Tribunale amministrativo federale. Le aziende considerano non autorizzate le attivit\u00e0 private della Posta al di fuori del servizio universale fornite dalle sue controllate ePost Services e Livesystems.<\/p>","protected":false},"author":8,"featured_media":0,"comment_status":"closed","ping_status":"closed","sticky":false,"template":"","format":"standard","meta":{"_acf_changed":false,"_yoast_wpseo_focuskw":"Privatwirtschaftliche T\u00e4tigkeit der Post","_yoast_wpseo_metadesc":"Das Bundesverwaltungsgericht kl\u00e4rt rechtliche Fragen zur privatwirtschaftlichen T\u00e4tigkeit der Post. Urteile sind noch nicht rechtskr\u00e4ftig.","articlekey":"","footnotes":""},"categories":[29],"tags":[4245,4345,2986,4758,4159,1938,4802,4839,3472,424,522],"class_list":["post-33908","post","type-post","status-publish","format-standard","hentry","category-marketing","tag-abacus","tag-business","tag-die-post","tag-gericht","tag-goldbach-neo","tag-post","tag-postcom","tag-privatwirtschaft","tag-rechtsfaelle-und-beschwerden","tag-schweiz","tag-wettbewerb"],"acf":[],"yoast_head":"<!-- This site is optimized with the Yoast SEO plugin v27.5 - https:\/\/yoast.com\/product\/yoast-seo-wordpress\/ -->\n<title>PostCom muss privatwirtschaftliche T\u00e4tigkeit der Post untersuchen - Organisator<\/title>\n<meta name=\"description\" content=\"Das Bundesverwaltungsgericht kl\u00e4rt rechtliche Fragen zur privatwirtschaftlichen T\u00e4tigkeit der Post. Urteile sind noch nicht rechtskr\u00e4ftig.\" \/>\n<meta name=\"robots\" content=\"index, follow, max-snippet:-1, max-image-preview:large, max-video-preview:-1\" \/>\n<link rel=\"canonical\" href=\"https:\/\/www.organisator.ch\/it\/marketing\/2024-11-22\/postcom-muss-privatwirtschaftliche-taetigkeit-der-post-untersuchen\/\" \/>\n<meta property=\"og:locale\" content=\"it_IT\" \/>\n<meta property=\"og:type\" content=\"article\" \/>\n<meta property=\"og:title\" content=\"PostCom muss privatwirtschaftliche T\u00e4tigkeit der Post untersuchen - Organisator\" \/>\n<meta property=\"og:description\" content=\"Das Bundesverwaltungsgericht kl\u00e4rt rechtliche Fragen zur privatwirtschaftlichen T\u00e4tigkeit der Post. Urteile sind noch nicht rechtskr\u00e4ftig.\" \/>\n<meta property=\"og:url\" content=\"https:\/\/www.organisator.ch\/it\/marketing\/2024-11-22\/postcom-muss-privatwirtschaftliche-taetigkeit-der-post-untersuchen\/\" \/>\n<meta property=\"og:site_name\" content=\"Organisator\" \/>\n<meta property=\"article:publisher\" content=\"https:\/\/www.facebook.com\/OrganisatorFachmagazin\" \/>\n<meta property=\"article:published_time\" content=\"2024-11-22T11:28:43+00:00\" \/>\n<meta property=\"article:modified_time\" content=\"2024-11-25T15:15:47+00:00\" \/>\n<meta name=\"author\" content=\"galledia\" \/>\n<meta name=\"twitter:card\" content=\"summary_large_image\" \/>\n<meta name=\"twitter:creator\" content=\"@admin\" \/>\n<script type=\"application\/ld+json\" class=\"yoast-schema-graph\">{\"@context\":\"https:\\\/\\\/schema.org\",\"@graph\":[{\"@type\":\"Article\",\"@id\":\"https:\\\/\\\/www.organisator.ch\\\/marketing\\\/2024-11-22\\\/postcom-muss-privatwirtschaftliche-taetigkeit-der-post-untersuchen\\\/#article\",\"isPartOf\":{\"@id\":\"https:\\\/\\\/www.organisator.ch\\\/marketing\\\/2024-11-22\\\/postcom-muss-privatwirtschaftliche-taetigkeit-der-post-untersuchen\\\/\"},\"author\":{\"name\":\"galledia\",\"@id\":\"https:\\\/\\\/www.organisator.ch\\\/#\\\/schema\\\/person\\\/4e51799071cd2dd1232ac003643ef5f0\"},\"headline\":\"PostCom muss privatwirtschaftliche T\u00e4tigkeit der Post untersuchen\",\"datePublished\":\"2024-11-22T11:28:43+00:00\",\"dateModified\":\"2024-11-25T15:15:47+00:00\",\"mainEntityOfPage\":{\"@id\":\"https:\\\/\\\/www.organisator.ch\\\/marketing\\\/2024-11-22\\\/postcom-muss-privatwirtschaftliche-taetigkeit-der-post-untersuchen\\\/\"},\"wordCount\":542,\"publisher\":{\"@id\":\"https:\\\/\\\/www.organisator.ch\\\/#organization\"},\"image\":{\"@id\":\"https:\\\/\\\/www.organisator.ch\\\/marketing\\\/2024-11-22\\\/postcom-muss-privatwirtschaftliche-taetigkeit-der-post-untersuchen\\\/#primaryimage\"},\"thumbnailUrl\":\"https:\\\/\\\/www.markt-kom.com\\\/wp-content\\\/uploads\\\/2024\\\/11\\\/Post-Symbolbild-Keystone-.jpg\",\"keywords\":[\"Abacus\",\"Business\",\"Die Post\",\"Gericht\",\"Goldbach Neo\",\"Post\",\"Postcom\",\"Privatwirtschaft\",\"Rechtsf\u00e4lle und Beschwerden\",\"Schweiz\",\"Wettbewerb\"],\"articleSection\":[\"MARKETING\"],\"inLanguage\":\"it-IT\"},{\"@type\":\"WebPage\",\"@id\":\"https:\\\/\\\/www.organisator.ch\\\/marketing\\\/2024-11-22\\\/postcom-muss-privatwirtschaftliche-taetigkeit-der-post-untersuchen\\\/\",\"url\":\"https:\\\/\\\/www.organisator.ch\\\/marketing\\\/2024-11-22\\\/postcom-muss-privatwirtschaftliche-taetigkeit-der-post-untersuchen\\\/\",\"name\":\"PostCom muss privatwirtschaftliche T\u00e4tigkeit der Post untersuchen - Organisator\",\"isPartOf\":{\"@id\":\"https:\\\/\\\/www.organisator.ch\\\/#website\"},\"primaryImageOfPage\":{\"@id\":\"https:\\\/\\\/www.organisator.ch\\\/marketing\\\/2024-11-22\\\/postcom-muss-privatwirtschaftliche-taetigkeit-der-post-untersuchen\\\/#primaryimage\"},\"image\":{\"@id\":\"https:\\\/\\\/www.organisator.ch\\\/marketing\\\/2024-11-22\\\/postcom-muss-privatwirtschaftliche-taetigkeit-der-post-untersuchen\\\/#primaryimage\"},\"thumbnailUrl\":\"https:\\\/\\\/www.markt-kom.com\\\/wp-content\\\/uploads\\\/2024\\\/11\\\/Post-Symbolbild-Keystone-.jpg\",\"datePublished\":\"2024-11-22T11:28:43+00:00\",\"dateModified\":\"2024-11-25T15:15:47+00:00\",\"description\":\"Das Bundesverwaltungsgericht kl\u00e4rt rechtliche Fragen zur privatwirtschaftlichen T\u00e4tigkeit der Post. Urteile sind noch nicht rechtskr\u00e4ftig.\",\"breadcrumb\":{\"@id\":\"https:\\\/\\\/www.organisator.ch\\\/marketing\\\/2024-11-22\\\/postcom-muss-privatwirtschaftliche-taetigkeit-der-post-untersuchen\\\/#breadcrumb\"},\"inLanguage\":\"it-IT\",\"potentialAction\":[{\"@type\":\"ReadAction\",\"target\":[\"https:\\\/\\\/www.organisator.ch\\\/marketing\\\/2024-11-22\\\/postcom-muss-privatwirtschaftliche-taetigkeit-der-post-untersuchen\\\/\"]}]},{\"@type\":\"ImageObject\",\"inLanguage\":\"it-IT\",\"@id\":\"https:\\\/\\\/www.organisator.ch\\\/marketing\\\/2024-11-22\\\/postcom-muss-privatwirtschaftliche-taetigkeit-der-post-untersuchen\\\/#primaryimage\",\"url\":\"https:\\\/\\\/www.markt-kom.com\\\/wp-content\\\/uploads\\\/2024\\\/11\\\/Post-Symbolbild-Keystone-.jpg\",\"contentUrl\":\"https:\\\/\\\/www.markt-kom.com\\\/wp-content\\\/uploads\\\/2024\\\/11\\\/Post-Symbolbild-Keystone-.jpg\"},{\"@type\":\"BreadcrumbList\",\"@id\":\"https:\\\/\\\/www.organisator.ch\\\/marketing\\\/2024-11-22\\\/postcom-muss-privatwirtschaftliche-taetigkeit-der-post-untersuchen\\\/#breadcrumb\",\"itemListElement\":[{\"@type\":\"ListItem\",\"position\":1,\"name\":\"Home\",\"item\":\"https:\\\/\\\/www.organisator.ch\\\/\"},{\"@type\":\"ListItem\",\"position\":2,\"name\":\"PostCom muss privatwirtschaftliche T\u00e4tigkeit der Post untersuchen\"}]},{\"@type\":\"WebSite\",\"@id\":\"https:\\\/\\\/www.organisator.ch\\\/#website\",\"url\":\"https:\\\/\\\/www.organisator.ch\\\/\",\"name\":\"Organisator\",\"description\":\"Kompetent. Praxisnah. Der ORGANISATOR bereitet in 10 Ausgaben pro Jahr die wesentlichen Themen f\u00fcr F\u00fchrungskr\u00e4fte von KMU auf.\",\"publisher\":{\"@id\":\"https:\\\/\\\/www.organisator.ch\\\/#organization\"},\"potentialAction\":[{\"@type\":\"SearchAction\",\"target\":{\"@type\":\"EntryPoint\",\"urlTemplate\":\"https:\\\/\\\/www.organisator.ch\\\/?s={search_term_string}\"},\"query-input\":{\"@type\":\"PropertyValueSpecification\",\"valueRequired\":true,\"valueName\":\"search_term_string\"}}],\"inLanguage\":\"it-IT\"},{\"@type\":\"Organization\",\"@id\":\"https:\\\/\\\/www.organisator.ch\\\/#organization\",\"name\":\"Organisator\",\"url\":\"https:\\\/\\\/www.organisator.ch\\\/\",\"logo\":{\"@type\":\"ImageObject\",\"inLanguage\":\"it-IT\",\"@id\":\"https:\\\/\\\/www.organisator.ch\\\/#\\\/schema\\\/logo\\\/image\\\/\",\"url\":\"https:\\\/\\\/www.organisator.ch\\\/wp-content\\\/uploads\\\/2022\\\/01\\\/Logo_Organisator_Website.png\",\"contentUrl\":\"https:\\\/\\\/www.organisator.ch\\\/wp-content\\\/uploads\\\/2022\\\/01\\\/Logo_Organisator_Website.png\",\"width\":800,\"height\":77,\"caption\":\"Organisator\"},\"image\":{\"@id\":\"https:\\\/\\\/www.organisator.ch\\\/#\\\/schema\\\/logo\\\/image\\\/\"},\"sameAs\":[\"https:\\\/\\\/www.facebook.com\\\/OrganisatorFachmagazin\",\"https:\\\/\\\/www.linkedin.com\\\/showcase\\\/organisator-das-magazin-fr-kmu\",\"https:\\\/\\\/www.xing.com\\\/news\\\/pages\\\/organisator-ch-695\",\"https:\\\/\\\/www.youtube.com\\\/channel\\\/UCGP2Sq0iWaZwT3BdIAQFYpw\"]},{\"@type\":\"Person\",\"@id\":\"https:\\\/\\\/www.organisator.ch\\\/#\\\/schema\\\/person\\\/4e51799071cd2dd1232ac003643ef5f0\",\"name\":\"galledia\",\"image\":{\"@type\":\"ImageObject\",\"inLanguage\":\"it-IT\",\"@id\":\"https:\\\/\\\/secure.gravatar.com\\\/avatar\\\/78a7f90c01fc2bfc875782a0d4922b37cde2cf184ce347b91316d23cd7f69a36?s=96&d=mm&r=g\",\"url\":\"https:\\\/\\\/secure.gravatar.com\\\/avatar\\\/78a7f90c01fc2bfc875782a0d4922b37cde2cf184ce347b91316d23cd7f69a36?s=96&d=mm&r=g\",\"contentUrl\":\"https:\\\/\\\/secure.gravatar.com\\\/avatar\\\/78a7f90c01fc2bfc875782a0d4922b37cde2cf184ce347b91316d23cd7f69a36?s=96&d=mm&r=g\",\"caption\":\"galledia\"},\"sameAs\":[\"https:\\\/\\\/x.com\\\/admin\"],\"url\":\"https:\\\/\\\/www.organisator.ch\\\/it\\\/author\\\/galledia\\\/\"}]}<\/script>\n<!-- \/ Yoast SEO plugin. -->","yoast_head_json":{"title":"La PostCom deve indagare sulle attivit\u00e0 private della Posta Svizzera - Organizzatore","description":"Il Tribunale amministrativo federale chiarisce le questioni giuridiche relative alle attivit\u00e0 del settore privato della Posta Svizzera. Le sentenze non sono ancora giuridicamente vincolanti.","robots":{"index":"index","follow":"follow","max-snippet":"max-snippet:-1","max-image-preview":"max-image-preview:large","max-video-preview":"max-video-preview:-1"},"canonical":"https:\/\/www.organisator.ch\/it\/marketing\/2024-11-22\/postcom-muss-privatwirtschaftliche-taetigkeit-der-post-untersuchen\/","og_locale":"it_IT","og_type":"article","og_title":"PostCom muss privatwirtschaftliche T\u00e4tigkeit der Post untersuchen - Organisator","og_description":"Das Bundesverwaltungsgericht kl\u00e4rt rechtliche Fragen zur privatwirtschaftlichen T\u00e4tigkeit der Post. Urteile sind noch nicht rechtskr\u00e4ftig.","og_url":"https:\/\/www.organisator.ch\/it\/marketing\/2024-11-22\/postcom-muss-privatwirtschaftliche-taetigkeit-der-post-untersuchen\/","og_site_name":"Organisator","article_publisher":"https:\/\/www.facebook.com\/OrganisatorFachmagazin","article_published_time":"2024-11-22T11:28:43+00:00","article_modified_time":"2024-11-25T15:15:47+00:00","author":"galledia","twitter_card":"summary_large_image","twitter_creator":"@admin","schema":{"@context":"https:\/\/schema.org","@graph":[{"@type":"Article","@id":"https:\/\/www.organisator.ch\/marketing\/2024-11-22\/postcom-muss-privatwirtschaftliche-taetigkeit-der-post-untersuchen\/#article","isPartOf":{"@id":"https:\/\/www.organisator.ch\/marketing\/2024-11-22\/postcom-muss-privatwirtschaftliche-taetigkeit-der-post-untersuchen\/"},"author":{"name":"galledia","@id":"https:\/\/www.organisator.ch\/#\/schema\/person\/4e51799071cd2dd1232ac003643ef5f0"},"headline":"PostCom muss privatwirtschaftliche T\u00e4tigkeit der Post untersuchen","datePublished":"2024-11-22T11:28:43+00:00","dateModified":"2024-11-25T15:15:47+00:00","mainEntityOfPage":{"@id":"https:\/\/www.organisator.ch\/marketing\/2024-11-22\/postcom-muss-privatwirtschaftliche-taetigkeit-der-post-untersuchen\/"},"wordCount":542,"publisher":{"@id":"https:\/\/www.organisator.ch\/#organization"},"image":{"@id":"https:\/\/www.organisator.ch\/marketing\/2024-11-22\/postcom-muss-privatwirtschaftliche-taetigkeit-der-post-untersuchen\/#primaryimage"},"thumbnailUrl":"https:\/\/www.markt-kom.com\/wp-content\/uploads\/2024\/11\/Post-Symbolbild-Keystone-.jpg","keywords":["Abacus","Business","Die Post","Gericht","Goldbach Neo","Post","Postcom","Privatwirtschaft","Rechtsf\u00e4lle und Beschwerden","Schweiz","Wettbewerb"],"articleSection":["MARKETING"],"inLanguage":"it-IT"},{"@type":"WebPage","@id":"https:\/\/www.organisator.ch\/marketing\/2024-11-22\/postcom-muss-privatwirtschaftliche-taetigkeit-der-post-untersuchen\/","url":"https:\/\/www.organisator.ch\/marketing\/2024-11-22\/postcom-muss-privatwirtschaftliche-taetigkeit-der-post-untersuchen\/","name":"La PostCom deve indagare sulle attivit\u00e0 private della Posta Svizzera - Organizzatore","isPartOf":{"@id":"https:\/\/www.organisator.ch\/#website"},"primaryImageOfPage":{"@id":"https:\/\/www.organisator.ch\/marketing\/2024-11-22\/postcom-muss-privatwirtschaftliche-taetigkeit-der-post-untersuchen\/#primaryimage"},"image":{"@id":"https:\/\/www.organisator.ch\/marketing\/2024-11-22\/postcom-muss-privatwirtschaftliche-taetigkeit-der-post-untersuchen\/#primaryimage"},"thumbnailUrl":"https:\/\/www.markt-kom.com\/wp-content\/uploads\/2024\/11\/Post-Symbolbild-Keystone-.jpg","datePublished":"2024-11-22T11:28:43+00:00","dateModified":"2024-11-25T15:15:47+00:00","description":"Il Tribunale amministrativo federale chiarisce le questioni giuridiche relative alle attivit\u00e0 del settore privato della Posta Svizzera. Le sentenze non sono ancora giuridicamente vincolanti.","breadcrumb":{"@id":"https:\/\/www.organisator.ch\/marketing\/2024-11-22\/postcom-muss-privatwirtschaftliche-taetigkeit-der-post-untersuchen\/#breadcrumb"},"inLanguage":"it-IT","potentialAction":[{"@type":"ReadAction","target":["https:\/\/www.organisator.ch\/marketing\/2024-11-22\/postcom-muss-privatwirtschaftliche-taetigkeit-der-post-untersuchen\/"]}]},{"@type":"ImageObject","inLanguage":"it-IT","@id":"https:\/\/www.organisator.ch\/marketing\/2024-11-22\/postcom-muss-privatwirtschaftliche-taetigkeit-der-post-untersuchen\/#primaryimage","url":"https:\/\/www.markt-kom.com\/wp-content\/uploads\/2024\/11\/Post-Symbolbild-Keystone-.jpg","contentUrl":"https:\/\/www.markt-kom.com\/wp-content\/uploads\/2024\/11\/Post-Symbolbild-Keystone-.jpg"},{"@type":"BreadcrumbList","@id":"https:\/\/www.organisator.ch\/marketing\/2024-11-22\/postcom-muss-privatwirtschaftliche-taetigkeit-der-post-untersuchen\/#breadcrumb","itemListElement":[{"@type":"ListItem","position":1,"name":"Home","item":"https:\/\/www.organisator.ch\/"},{"@type":"ListItem","position":2,"name":"PostCom muss privatwirtschaftliche T\u00e4tigkeit der Post untersuchen"}]},{"@type":"WebSite","@id":"https:\/\/www.organisator.ch\/#website","url":"https:\/\/www.organisator.ch\/","name":"Organizzatore","description":"Competente. Pratico. In 10 numeri all'anno, ORGANISATOR presenta i temi essenziali per i manager delle PMI.","publisher":{"@id":"https:\/\/www.organisator.ch\/#organization"},"potentialAction":[{"@type":"SearchAction","target":{"@type":"EntryPoint","urlTemplate":"https:\/\/www.organisator.ch\/?s={search_term_string}"},"query-input":{"@type":"PropertyValueSpecification","valueRequired":true,"valueName":"search_term_string"}}],"inLanguage":"it-IT"},{"@type":"Organization","@id":"https:\/\/www.organisator.ch\/#organization","name":"Organizzatore","url":"https:\/\/www.organisator.ch\/","logo":{"@type":"ImageObject","inLanguage":"it-IT","@id":"https:\/\/www.organisator.ch\/#\/schema\/logo\/image\/","url":"https:\/\/www.organisator.ch\/wp-content\/uploads\/2022\/01\/Logo_Organisator_Website.png","contentUrl":"https:\/\/www.organisator.ch\/wp-content\/uploads\/2022\/01\/Logo_Organisator_Website.png","width":800,"height":77,"caption":"Organisator"},"image":{"@id":"https:\/\/www.organisator.ch\/#\/schema\/logo\/image\/"},"sameAs":["https:\/\/www.facebook.com\/OrganisatorFachmagazin","https:\/\/www.linkedin.com\/showcase\/organisator-das-magazin-fr-kmu","https:\/\/www.xing.com\/news\/pages\/organisator-ch-695","https:\/\/www.youtube.com\/channel\/UCGP2Sq0iWaZwT3BdIAQFYpw"]},{"@type":"Person","@id":"https:\/\/www.organisator.ch\/#\/schema\/person\/4e51799071cd2dd1232ac003643ef5f0","name":"galledia","image":{"@type":"ImageObject","inLanguage":"it-IT","@id":"https:\/\/secure.gravatar.com\/avatar\/78a7f90c01fc2bfc875782a0d4922b37cde2cf184ce347b91316d23cd7f69a36?s=96&d=mm&r=g","url":"https:\/\/secure.gravatar.com\/avatar\/78a7f90c01fc2bfc875782a0d4922b37cde2cf184ce347b91316d23cd7f69a36?s=96&d=mm&r=g","contentUrl":"https:\/\/secure.gravatar.com\/avatar\/78a7f90c01fc2bfc875782a0d4922b37cde2cf184ce347b91316d23cd7f69a36?s=96&d=mm&r=g","caption":"galledia"},"sameAs":["https:\/\/x.com\/admin"],"url":"https:\/\/www.organisator.ch\/it\/author\/galledia\/"}]}},"_links":{"self":[{"href":"https:\/\/www.organisator.ch\/it\/wp-json\/wp\/v2\/posts\/33908","targetHints":{"allow":["GET"]}}],"collection":[{"href":"https:\/\/www.organisator.ch\/it\/wp-json\/wp\/v2\/posts"}],"about":[{"href":"https:\/\/www.organisator.ch\/it\/wp-json\/wp\/v2\/types\/post"}],"author":[{"embeddable":true,"href":"https:\/\/www.organisator.ch\/it\/wp-json\/wp\/v2\/users\/8"}],"replies":[{"embeddable":true,"href":"https:\/\/www.organisator.ch\/it\/wp-json\/wp\/v2\/comments?post=33908"}],"version-history":[{"count":3,"href":"https:\/\/www.organisator.ch\/it\/wp-json\/wp\/v2\/posts\/33908\/revisions"}],"predecessor-version":[{"id":33966,"href":"https:\/\/www.organisator.ch\/it\/wp-json\/wp\/v2\/posts\/33908\/revisions\/33966"}],"wp:attachment":[{"href":"https:\/\/www.organisator.ch\/it\/wp-json\/wp\/v2\/media?parent=33908"}],"wp:term":[{"taxonomy":"category","embeddable":true,"href":"https:\/\/www.organisator.ch\/it\/wp-json\/wp\/v2\/categories?post=33908"},{"taxonomy":"post_tag","embeddable":true,"href":"https:\/\/www.organisator.ch\/it\/wp-json\/wp\/v2\/tags?post=33908"}],"curies":[{"name":"wp","href":"https:\/\/api.w.org\/{rel}","templated":true}]}}