{"id":33914,"date":"2024-11-20T12:59:31","date_gmt":"2024-11-20T11:59:31","guid":{"rendered":"https:\/\/www.markt-kom.com\/?p=226881"},"modified":"2024-11-25T16:13:08","modified_gmt":"2024-11-25T15:13:08","slug":"organisationen-fordern-bekenntnis-zum-schutz-queerer-personen","status":"publish","type":"post","link":"https:\/\/www.organisator.ch\/it\/marketing\/2024-11-20\/organisationen-fordern-bekenntnis-zum-schutz-queerer-personen\/","title":{"rendered":"Le organizzazioni chiedono un impegno per la protezione delle persone queer"},"content":{"rendered":"<figure id=\"attachment_226882\" class=\"wp-caption alignnone\" style=\"width: 1200px;\" aria-describedby=\"caption-attachment-226882\"><img class=\"alignnone wp-image-226882 size-full\" src=\"https:\/\/www.markt-kom.com\/wp-content\/uploads\/2024\/11\/LGBTIQ-Fight-Hate-Symbolbild-Unsplash.jpg\" sizes=\"(max-width: 1200px) 100vw, 1200px\" srcset=\"https:\/\/www.markt-kom.com\/wp-content\/uploads\/2024\/11\/LGBTIQ-Fight-Hate-Symbolbild-Unsplash.jpg 1200w, https:\/\/www.markt-kom.com\/wp-content\/uploads\/2024\/11\/LGBTIQ-Fight-Hate-Symbolbild-Unsplash-600x450.jpg 600w, https:\/\/www.markt-kom.com\/wp-content\/uploads\/2024\/11\/LGBTIQ-Fight-Hate-Symbolbild-Unsplash-1024x768.jpg 1024w, https:\/\/www.markt-kom.com\/wp-content\/uploads\/2024\/11\/LGBTIQ-Fight-Hate-Symbolbild-Unsplash-768x576.jpg 768w, https:\/\/www.markt-kom.com\/wp-content\/uploads\/2024\/11\/LGBTIQ-Fight-Hate-Symbolbild-Unsplash-16x12.jpg 16w, https:\/\/www.markt-kom.com\/wp-content\/uploads\/2024\/11\/LGBTIQ-Fight-Hate-Symbolbild-Unsplash-233x175.jpg 233w, https:\/\/www.markt-kom.com\/wp-content\/uploads\/2024\/11\/LGBTIQ-Fight-Hate-Symbolbild-Unsplash-467x350.jpg 467w, https:\/\/www.markt-kom.com\/wp-content\/uploads\/2024\/11\/LGBTIQ-Fight-Hate-Symbolbild-Unsplash-1000x750.jpg 1000w\" alt=\"Discriminazione LGBTIQ+ Svizzera\" width=\"1200\" height=\"900\" \/>\r\n<figcaption id=\"caption-attachment-226882\" class=\"wp-caption-text\">(Immagine simbolo: Unsplash.com)<\/figcaption>\r\n<\/figure>\r\n<p>L'indagine sulla comunit\u00e0 LGBTIQ+ si basa su un'indagine di riferimento nell'UE e consente di confrontare per la prima volta la Svizzera con altri Paesi europei. \u00c8 sorprendente che le persone LGBTIQ+ in Svizzera abbiano riportato esperienze pi\u00f9 frequenti di violenza e discriminazione rispetto agli intervistati nell'UE, come ha annunciato mercoled\u00ec Amnesty International Svizzera.<\/p>\r\n<p>Le organizzazioni - tra cui Pink Cross e Queeramnesty - chiedono inoltre che la norma penale sulla discriminazione sia estesa alle persone trans e a quelle con caratteristiche di genere diverse. Inoltre, deve essere attuato tempestivamente e integralmente un piano d'azione nazionale contro i crimini d'odio contro le persone LGBTIQ+. \u00c8 necessario sensibilizzare le istituzioni pubbliche, in particolare il sistema sanitario, il settore dell'asilo, le scuole e la polizia.<\/p>\r\n<p>Sono necessarie anche regolari campagne di prevenzione contro gli stereotipi e la violenza anti-queer. Inoltre, le linee di assistenza e i centri di consulenza per le persone colpite dalla violenza queer devono essere istituzionalizzati e il loro finanziamento deve essere garantito. \u00c8 inoltre necessario un monitoraggio regolare per misurare l'efficacia delle misure.<\/p>\r\n<p>\"Come tutte le persone, vogliamo vivere una vita autodeterminata. Liberi dall'odio e dalla violenza. Ma siamo sempre pi\u00f9 nel mirino della discriminazione e dell'odio\", afferma Urs Vanessa Sager di Interaction, l'associazione nazionale per le persone intersessuali, nel comunicato stampa. <em>(SDA)<\/em><\/p>","protected":false},"excerpt":{"rendered":"<p>Mercoled\u00ec scorso, numerose organizzazioni non governative hanno chiesto alle autorit\u00e0 svizzere di impegnarsi a proteggere le persone queer. Secondo un'indagine comunitaria condotta dall'istituto di ricerca Gfs.bern, una persona LGBTIQ+ su quattro ha subito almeno una volta negli ultimi cinque anni un'aggressione fisica o sessuale basata sulla propria sessualit\u00e0, identit\u00e0 di genere o intersessualit\u00e0.<\/p>","protected":false},"author":8,"featured_media":0,"comment_status":"closed","ping_status":"closed","sticky":false,"template":"","format":"standard","meta":{"_acf_changed":false,"_yoast_wpseo_focuskw":"Diskriminierung LGBTIQ+ Schweiz","_yoast_wpseo_metadesc":"LGBTIQ+ Menschen in der Schweiz erleben mehr Gewalt und Diskriminierung als in der EU. Organisationen fordern erweiterte Schutzma\u00dfnahmen.","articlekey":"","footnotes":""},"categories":[29],"tags":[4831,159,4832,2993,4830,4343,1687,4833,424],"class_list":["post-33914","post","type-post","status-publish","format-standard","hentry","category-marketing","tag-diskriminierung","tag-diversity","tag-gewalt","tag-inklusion","tag-lgbtiq","tag-markom","tag-menschenrechte","tag-schutzmassnahmen","tag-schweiz"],"acf":[],"yoast_head":"<!-- This site is optimized with the Yoast SEO plugin v27.5 - https:\/\/yoast.com\/product\/yoast-seo-wordpress\/ -->\n<title>Organisationen fordern Bekenntnis zum Schutz queerer Personen - Organisator<\/title>\n<meta name=\"description\" content=\"LGBTIQ+ Menschen in der Schweiz erleben mehr Gewalt und Diskriminierung als in der EU. Organisationen fordern erweiterte Schutzma\u00dfnahmen.\" \/>\n<meta name=\"robots\" content=\"index, follow, max-snippet:-1, max-image-preview:large, max-video-preview:-1\" \/>\n<link rel=\"canonical\" href=\"https:\/\/www.organisator.ch\/it\/marketing\/2024-11-20\/organisationen-fordern-bekenntnis-zum-schutz-queerer-personen\/\" \/>\n<meta property=\"og:locale\" content=\"it_IT\" \/>\n<meta property=\"og:type\" content=\"article\" \/>\n<meta property=\"og:title\" content=\"Organisationen fordern Bekenntnis zum Schutz queerer Personen - Organisator\" \/>\n<meta property=\"og:description\" content=\"LGBTIQ+ Menschen in der Schweiz erleben mehr Gewalt und Diskriminierung als in der EU. Organisationen fordern erweiterte Schutzma\u00dfnahmen.\" \/>\n<meta property=\"og:url\" content=\"https:\/\/www.organisator.ch\/it\/marketing\/2024-11-20\/organisationen-fordern-bekenntnis-zum-schutz-queerer-personen\/\" \/>\n<meta property=\"og:site_name\" content=\"Organisator\" \/>\n<meta property=\"article:publisher\" content=\"https:\/\/www.facebook.com\/OrganisatorFachmagazin\" \/>\n<meta property=\"article:published_time\" content=\"2024-11-20T11:59:31+00:00\" \/>\n<meta property=\"article:modified_time\" content=\"2024-11-25T15:13:08+00:00\" \/>\n<meta name=\"author\" content=\"galledia\" \/>\n<meta name=\"twitter:card\" content=\"summary_large_image\" \/>\n<meta name=\"twitter:creator\" content=\"@admin\" \/>\n<script type=\"application\/ld+json\" class=\"yoast-schema-graph\">{\"@context\":\"https:\\\/\\\/schema.org\",\"@graph\":[{\"@type\":\"Article\",\"@id\":\"https:\\\/\\\/www.organisator.ch\\\/marketing\\\/2024-11-20\\\/organisationen-fordern-bekenntnis-zum-schutz-queerer-personen\\\/#article\",\"isPartOf\":{\"@id\":\"https:\\\/\\\/www.organisator.ch\\\/marketing\\\/2024-11-20\\\/organisationen-fordern-bekenntnis-zum-schutz-queerer-personen\\\/\"},\"author\":{\"name\":\"galledia\",\"@id\":\"https:\\\/\\\/www.organisator.ch\\\/#\\\/schema\\\/person\\\/4e51799071cd2dd1232ac003643ef5f0\"},\"headline\":\"Organisationen fordern Bekenntnis zum Schutz queerer Personen\",\"datePublished\":\"2024-11-20T11:59:31+00:00\",\"dateModified\":\"2024-11-25T15:13:08+00:00\",\"mainEntityOfPage\":{\"@id\":\"https:\\\/\\\/www.organisator.ch\\\/marketing\\\/2024-11-20\\\/organisationen-fordern-bekenntnis-zum-schutz-queerer-personen\\\/\"},\"wordCount\":207,\"publisher\":{\"@id\":\"https:\\\/\\\/www.organisator.ch\\\/#organization\"},\"image\":{\"@id\":\"https:\\\/\\\/www.organisator.ch\\\/marketing\\\/2024-11-20\\\/organisationen-fordern-bekenntnis-zum-schutz-queerer-personen\\\/#primaryimage\"},\"thumbnailUrl\":\"https:\\\/\\\/www.markt-kom.com\\\/wp-content\\\/uploads\\\/2024\\\/11\\\/LGBTIQ-Fight-Hate-Symbolbild-Unsplash.jpg\",\"keywords\":[\"Diskriminierung\",\"Diversity\",\"Gewalt\",\"Inklusion\",\"LGBTIQ+\",\"MarKom\",\"Menschenrechte\",\"Schutzma\u00dfnahmen\",\"Schweiz\"],\"articleSection\":[\"MARKETING\"],\"inLanguage\":\"it-IT\"},{\"@type\":\"WebPage\",\"@id\":\"https:\\\/\\\/www.organisator.ch\\\/marketing\\\/2024-11-20\\\/organisationen-fordern-bekenntnis-zum-schutz-queerer-personen\\\/\",\"url\":\"https:\\\/\\\/www.organisator.ch\\\/marketing\\\/2024-11-20\\\/organisationen-fordern-bekenntnis-zum-schutz-queerer-personen\\\/\",\"name\":\"Organisationen fordern Bekenntnis zum Schutz queerer Personen - Organisator\",\"isPartOf\":{\"@id\":\"https:\\\/\\\/www.organisator.ch\\\/#website\"},\"primaryImageOfPage\":{\"@id\":\"https:\\\/\\\/www.organisator.ch\\\/marketing\\\/2024-11-20\\\/organisationen-fordern-bekenntnis-zum-schutz-queerer-personen\\\/#primaryimage\"},\"image\":{\"@id\":\"https:\\\/\\\/www.organisator.ch\\\/marketing\\\/2024-11-20\\\/organisationen-fordern-bekenntnis-zum-schutz-queerer-personen\\\/#primaryimage\"},\"thumbnailUrl\":\"https:\\\/\\\/www.markt-kom.com\\\/wp-content\\\/uploads\\\/2024\\\/11\\\/LGBTIQ-Fight-Hate-Symbolbild-Unsplash.jpg\",\"datePublished\":\"2024-11-20T11:59:31+00:00\",\"dateModified\":\"2024-11-25T15:13:08+00:00\",\"description\":\"LGBTIQ+ Menschen in der Schweiz erleben mehr Gewalt und Diskriminierung als in der EU. Organisationen fordern erweiterte Schutzma\u00dfnahmen.\",\"breadcrumb\":{\"@id\":\"https:\\\/\\\/www.organisator.ch\\\/marketing\\\/2024-11-20\\\/organisationen-fordern-bekenntnis-zum-schutz-queerer-personen\\\/#breadcrumb\"},\"inLanguage\":\"it-IT\",\"potentialAction\":[{\"@type\":\"ReadAction\",\"target\":[\"https:\\\/\\\/www.organisator.ch\\\/marketing\\\/2024-11-20\\\/organisationen-fordern-bekenntnis-zum-schutz-queerer-personen\\\/\"]}]},{\"@type\":\"ImageObject\",\"inLanguage\":\"it-IT\",\"@id\":\"https:\\\/\\\/www.organisator.ch\\\/marketing\\\/2024-11-20\\\/organisationen-fordern-bekenntnis-zum-schutz-queerer-personen\\\/#primaryimage\",\"url\":\"https:\\\/\\\/www.markt-kom.com\\\/wp-content\\\/uploads\\\/2024\\\/11\\\/LGBTIQ-Fight-Hate-Symbolbild-Unsplash.jpg\",\"contentUrl\":\"https:\\\/\\\/www.markt-kom.com\\\/wp-content\\\/uploads\\\/2024\\\/11\\\/LGBTIQ-Fight-Hate-Symbolbild-Unsplash.jpg\"},{\"@type\":\"BreadcrumbList\",\"@id\":\"https:\\\/\\\/www.organisator.ch\\\/marketing\\\/2024-11-20\\\/organisationen-fordern-bekenntnis-zum-schutz-queerer-personen\\\/#breadcrumb\",\"itemListElement\":[{\"@type\":\"ListItem\",\"position\":1,\"name\":\"Home\",\"item\":\"https:\\\/\\\/www.organisator.ch\\\/\"},{\"@type\":\"ListItem\",\"position\":2,\"name\":\"Organisationen fordern Bekenntnis zum Schutz queerer Personen\"}]},{\"@type\":\"WebSite\",\"@id\":\"https:\\\/\\\/www.organisator.ch\\\/#website\",\"url\":\"https:\\\/\\\/www.organisator.ch\\\/\",\"name\":\"Organisator\",\"description\":\"Kompetent. Praxisnah. Der ORGANISATOR bereitet in 10 Ausgaben pro Jahr die wesentlichen Themen f\u00fcr F\u00fchrungskr\u00e4fte von KMU auf.\",\"publisher\":{\"@id\":\"https:\\\/\\\/www.organisator.ch\\\/#organization\"},\"potentialAction\":[{\"@type\":\"SearchAction\",\"target\":{\"@type\":\"EntryPoint\",\"urlTemplate\":\"https:\\\/\\\/www.organisator.ch\\\/?s={search_term_string}\"},\"query-input\":{\"@type\":\"PropertyValueSpecification\",\"valueRequired\":true,\"valueName\":\"search_term_string\"}}],\"inLanguage\":\"it-IT\"},{\"@type\":\"Organization\",\"@id\":\"https:\\\/\\\/www.organisator.ch\\\/#organization\",\"name\":\"Organisator\",\"url\":\"https:\\\/\\\/www.organisator.ch\\\/\",\"logo\":{\"@type\":\"ImageObject\",\"inLanguage\":\"it-IT\",\"@id\":\"https:\\\/\\\/www.organisator.ch\\\/#\\\/schema\\\/logo\\\/image\\\/\",\"url\":\"https:\\\/\\\/www.organisator.ch\\\/wp-content\\\/uploads\\\/2022\\\/01\\\/Logo_Organisator_Website.png\",\"contentUrl\":\"https:\\\/\\\/www.organisator.ch\\\/wp-content\\\/uploads\\\/2022\\\/01\\\/Logo_Organisator_Website.png\",\"width\":800,\"height\":77,\"caption\":\"Organisator\"},\"image\":{\"@id\":\"https:\\\/\\\/www.organisator.ch\\\/#\\\/schema\\\/logo\\\/image\\\/\"},\"sameAs\":[\"https:\\\/\\\/www.facebook.com\\\/OrganisatorFachmagazin\",\"https:\\\/\\\/www.linkedin.com\\\/showcase\\\/organisator-das-magazin-fr-kmu\",\"https:\\\/\\\/www.xing.com\\\/news\\\/pages\\\/organisator-ch-695\",\"https:\\\/\\\/www.youtube.com\\\/channel\\\/UCGP2Sq0iWaZwT3BdIAQFYpw\"]},{\"@type\":\"Person\",\"@id\":\"https:\\\/\\\/www.organisator.ch\\\/#\\\/schema\\\/person\\\/4e51799071cd2dd1232ac003643ef5f0\",\"name\":\"galledia\",\"image\":{\"@type\":\"ImageObject\",\"inLanguage\":\"it-IT\",\"@id\":\"https:\\\/\\\/secure.gravatar.com\\\/avatar\\\/78a7f90c01fc2bfc875782a0d4922b37cde2cf184ce347b91316d23cd7f69a36?s=96&d=mm&r=g\",\"url\":\"https:\\\/\\\/secure.gravatar.com\\\/avatar\\\/78a7f90c01fc2bfc875782a0d4922b37cde2cf184ce347b91316d23cd7f69a36?s=96&d=mm&r=g\",\"contentUrl\":\"https:\\\/\\\/secure.gravatar.com\\\/avatar\\\/78a7f90c01fc2bfc875782a0d4922b37cde2cf184ce347b91316d23cd7f69a36?s=96&d=mm&r=g\",\"caption\":\"galledia\"},\"sameAs\":[\"https:\\\/\\\/x.com\\\/admin\"],\"url\":\"https:\\\/\\\/www.organisator.ch\\\/it\\\/author\\\/galledia\\\/\"}]}<\/script>\n<!-- \/ Yoast SEO plugin. -->","yoast_head_json":{"title":"Le organizzazioni chiedono un impegno per la protezione delle persone queer - Organizzatore","description":"Le persone LGBTIQ+ in Svizzera subiscono pi\u00f9 violenza e discriminazione che nell'UE. Le organizzazioni chiedono l'estensione delle misure di protezione.","robots":{"index":"index","follow":"follow","max-snippet":"max-snippet:-1","max-image-preview":"max-image-preview:large","max-video-preview":"max-video-preview:-1"},"canonical":"https:\/\/www.organisator.ch\/it\/marketing\/2024-11-20\/organisationen-fordern-bekenntnis-zum-schutz-queerer-personen\/","og_locale":"it_IT","og_type":"article","og_title":"Organisationen fordern Bekenntnis zum Schutz queerer Personen - Organisator","og_description":"LGBTIQ+ Menschen in der Schweiz erleben mehr Gewalt und Diskriminierung als in der EU. Organisationen fordern erweiterte Schutzma\u00dfnahmen.","og_url":"https:\/\/www.organisator.ch\/it\/marketing\/2024-11-20\/organisationen-fordern-bekenntnis-zum-schutz-queerer-personen\/","og_site_name":"Organisator","article_publisher":"https:\/\/www.facebook.com\/OrganisatorFachmagazin","article_published_time":"2024-11-20T11:59:31+00:00","article_modified_time":"2024-11-25T15:13:08+00:00","author":"galledia","twitter_card":"summary_large_image","twitter_creator":"@admin","schema":{"@context":"https:\/\/schema.org","@graph":[{"@type":"Article","@id":"https:\/\/www.organisator.ch\/marketing\/2024-11-20\/organisationen-fordern-bekenntnis-zum-schutz-queerer-personen\/#article","isPartOf":{"@id":"https:\/\/www.organisator.ch\/marketing\/2024-11-20\/organisationen-fordern-bekenntnis-zum-schutz-queerer-personen\/"},"author":{"name":"galledia","@id":"https:\/\/www.organisator.ch\/#\/schema\/person\/4e51799071cd2dd1232ac003643ef5f0"},"headline":"Organisationen fordern Bekenntnis zum Schutz queerer Personen","datePublished":"2024-11-20T11:59:31+00:00","dateModified":"2024-11-25T15:13:08+00:00","mainEntityOfPage":{"@id":"https:\/\/www.organisator.ch\/marketing\/2024-11-20\/organisationen-fordern-bekenntnis-zum-schutz-queerer-personen\/"},"wordCount":207,"publisher":{"@id":"https:\/\/www.organisator.ch\/#organization"},"image":{"@id":"https:\/\/www.organisator.ch\/marketing\/2024-11-20\/organisationen-fordern-bekenntnis-zum-schutz-queerer-personen\/#primaryimage"},"thumbnailUrl":"https:\/\/www.markt-kom.com\/wp-content\/uploads\/2024\/11\/LGBTIQ-Fight-Hate-Symbolbild-Unsplash.jpg","keywords":["Diskriminierung","Diversity","Gewalt","Inklusion","LGBTIQ+","MarKom","Menschenrechte","Schutzma\u00dfnahmen","Schweiz"],"articleSection":["MARKETING"],"inLanguage":"it-IT"},{"@type":"WebPage","@id":"https:\/\/www.organisator.ch\/marketing\/2024-11-20\/organisationen-fordern-bekenntnis-zum-schutz-queerer-personen\/","url":"https:\/\/www.organisator.ch\/marketing\/2024-11-20\/organisationen-fordern-bekenntnis-zum-schutz-queerer-personen\/","name":"Le organizzazioni chiedono un impegno per la protezione delle persone queer - Organizzatore","isPartOf":{"@id":"https:\/\/www.organisator.ch\/#website"},"primaryImageOfPage":{"@id":"https:\/\/www.organisator.ch\/marketing\/2024-11-20\/organisationen-fordern-bekenntnis-zum-schutz-queerer-personen\/#primaryimage"},"image":{"@id":"https:\/\/www.organisator.ch\/marketing\/2024-11-20\/organisationen-fordern-bekenntnis-zum-schutz-queerer-personen\/#primaryimage"},"thumbnailUrl":"https:\/\/www.markt-kom.com\/wp-content\/uploads\/2024\/11\/LGBTIQ-Fight-Hate-Symbolbild-Unsplash.jpg","datePublished":"2024-11-20T11:59:31+00:00","dateModified":"2024-11-25T15:13:08+00:00","description":"Le persone LGBTIQ+ in Svizzera subiscono pi\u00f9 violenza e discriminazione che nell'UE. Le organizzazioni chiedono l'estensione delle misure di protezione.","breadcrumb":{"@id":"https:\/\/www.organisator.ch\/marketing\/2024-11-20\/organisationen-fordern-bekenntnis-zum-schutz-queerer-personen\/#breadcrumb"},"inLanguage":"it-IT","potentialAction":[{"@type":"ReadAction","target":["https:\/\/www.organisator.ch\/marketing\/2024-11-20\/organisationen-fordern-bekenntnis-zum-schutz-queerer-personen\/"]}]},{"@type":"ImageObject","inLanguage":"it-IT","@id":"https:\/\/www.organisator.ch\/marketing\/2024-11-20\/organisationen-fordern-bekenntnis-zum-schutz-queerer-personen\/#primaryimage","url":"https:\/\/www.markt-kom.com\/wp-content\/uploads\/2024\/11\/LGBTIQ-Fight-Hate-Symbolbild-Unsplash.jpg","contentUrl":"https:\/\/www.markt-kom.com\/wp-content\/uploads\/2024\/11\/LGBTIQ-Fight-Hate-Symbolbild-Unsplash.jpg"},{"@type":"BreadcrumbList","@id":"https:\/\/www.organisator.ch\/marketing\/2024-11-20\/organisationen-fordern-bekenntnis-zum-schutz-queerer-personen\/#breadcrumb","itemListElement":[{"@type":"ListItem","position":1,"name":"Home","item":"https:\/\/www.organisator.ch\/"},{"@type":"ListItem","position":2,"name":"Organisationen fordern Bekenntnis zum Schutz queerer Personen"}]},{"@type":"WebSite","@id":"https:\/\/www.organisator.ch\/#website","url":"https:\/\/www.organisator.ch\/","name":"Organizzatore","description":"Competente. Pratico. In 10 numeri all'anno, ORGANISATOR presenta i temi essenziali per i manager delle PMI.","publisher":{"@id":"https:\/\/www.organisator.ch\/#organization"},"potentialAction":[{"@type":"SearchAction","target":{"@type":"EntryPoint","urlTemplate":"https:\/\/www.organisator.ch\/?s={search_term_string}"},"query-input":{"@type":"PropertyValueSpecification","valueRequired":true,"valueName":"search_term_string"}}],"inLanguage":"it-IT"},{"@type":"Organization","@id":"https:\/\/www.organisator.ch\/#organization","name":"Organizzatore","url":"https:\/\/www.organisator.ch\/","logo":{"@type":"ImageObject","inLanguage":"it-IT","@id":"https:\/\/www.organisator.ch\/#\/schema\/logo\/image\/","url":"https:\/\/www.organisator.ch\/wp-content\/uploads\/2022\/01\/Logo_Organisator_Website.png","contentUrl":"https:\/\/www.organisator.ch\/wp-content\/uploads\/2022\/01\/Logo_Organisator_Website.png","width":800,"height":77,"caption":"Organisator"},"image":{"@id":"https:\/\/www.organisator.ch\/#\/schema\/logo\/image\/"},"sameAs":["https:\/\/www.facebook.com\/OrganisatorFachmagazin","https:\/\/www.linkedin.com\/showcase\/organisator-das-magazin-fr-kmu","https:\/\/www.xing.com\/news\/pages\/organisator-ch-695","https:\/\/www.youtube.com\/channel\/UCGP2Sq0iWaZwT3BdIAQFYpw"]},{"@type":"Person","@id":"https:\/\/www.organisator.ch\/#\/schema\/person\/4e51799071cd2dd1232ac003643ef5f0","name":"galledia","image":{"@type":"ImageObject","inLanguage":"it-IT","@id":"https:\/\/secure.gravatar.com\/avatar\/78a7f90c01fc2bfc875782a0d4922b37cde2cf184ce347b91316d23cd7f69a36?s=96&d=mm&r=g","url":"https:\/\/secure.gravatar.com\/avatar\/78a7f90c01fc2bfc875782a0d4922b37cde2cf184ce347b91316d23cd7f69a36?s=96&d=mm&r=g","contentUrl":"https:\/\/secure.gravatar.com\/avatar\/78a7f90c01fc2bfc875782a0d4922b37cde2cf184ce347b91316d23cd7f69a36?s=96&d=mm&r=g","caption":"galledia"},"sameAs":["https:\/\/x.com\/admin"],"url":"https:\/\/www.organisator.ch\/it\/author\/galledia\/"}]}},"_links":{"self":[{"href":"https:\/\/www.organisator.ch\/it\/wp-json\/wp\/v2\/posts\/33914","targetHints":{"allow":["GET"]}}],"collection":[{"href":"https:\/\/www.organisator.ch\/it\/wp-json\/wp\/v2\/posts"}],"about":[{"href":"https:\/\/www.organisator.ch\/it\/wp-json\/wp\/v2\/types\/post"}],"author":[{"embeddable":true,"href":"https:\/\/www.organisator.ch\/it\/wp-json\/wp\/v2\/users\/8"}],"replies":[{"embeddable":true,"href":"https:\/\/www.organisator.ch\/it\/wp-json\/wp\/v2\/comments?post=33914"}],"version-history":[{"count":3,"href":"https:\/\/www.organisator.ch\/it\/wp-json\/wp\/v2\/posts\/33914\/revisions"}],"predecessor-version":[{"id":33961,"href":"https:\/\/www.organisator.ch\/it\/wp-json\/wp\/v2\/posts\/33914\/revisions\/33961"}],"wp:attachment":[{"href":"https:\/\/www.organisator.ch\/it\/wp-json\/wp\/v2\/media?parent=33914"}],"wp:term":[{"taxonomy":"category","embeddable":true,"href":"https:\/\/www.organisator.ch\/it\/wp-json\/wp\/v2\/categories?post=33914"},{"taxonomy":"post_tag","embeddable":true,"href":"https:\/\/www.organisator.ch\/it\/wp-json\/wp\/v2\/tags?post=33914"}],"curies":[{"name":"wp","href":"https:\/\/api.w.org\/{rel}","templated":true}]}}