{"id":33926,"date":"2024-11-19T09:19:24","date_gmt":"2024-11-19T08:19:24","guid":{"rendered":"https:\/\/www.markt-kom.com\/?p=226799"},"modified":"2024-11-25T16:07:27","modified_gmt":"2024-11-25T15:07:27","slug":"schroten-und-nagra-stossen-oeffentliche-debatte-zum-tiefenlager-an","status":"publish","type":"post","link":"https:\/\/www.organisator.ch\/it\/marketing\/2024-11-19\/schroten-und-nagra-stossen-oeffentliche-debatte-zum-tiefenlager-an\/","title":{"rendered":"Schroten e Nagra avviano un dibattito pubblico sui depositi geologici profondi"},"content":{"rendered":"<p><img class=\"alignnone wp-image-226800 size-full\" src=\"https:\/\/www.markt-kom.com\/wp-content\/uploads\/2024\/11\/Nagra_Addendum_Covers.jpg\" sizes=\"(max-width: 1200px) 100vw, 1200px\" srcset=\"https:\/\/www.markt-kom.com\/wp-content\/uploads\/2024\/11\/Nagra_Addendum_Covers.jpg 1200w, https:\/\/www.markt-kom.com\/wp-content\/uploads\/2024\/11\/Nagra_Addendum_Covers-600x450.jpg 600w, https:\/\/www.markt-kom.com\/wp-content\/uploads\/2024\/11\/Nagra_Addendum_Covers-1024x768.jpg 1024w, https:\/\/www.markt-kom.com\/wp-content\/uploads\/2024\/11\/Nagra_Addendum_Covers-768x576.jpg 768w, https:\/\/www.markt-kom.com\/wp-content\/uploads\/2024\/11\/Nagra_Addendum_Covers-16x12.jpg 16w, https:\/\/www.markt-kom.com\/wp-content\/uploads\/2024\/11\/Nagra_Addendum_Covers-233x175.jpg 233w, https:\/\/www.markt-kom.com\/wp-content\/uploads\/2024\/11\/Nagra_Addendum_Covers-467x350.jpg 467w, https:\/\/www.markt-kom.com\/wp-content\/uploads\/2024\/11\/Nagra_Addendum_Covers-1000x750.jpg 1000w\" alt=\"Deposito geologico profondo svizzero a nord di L\u00e4gern\" width=\"1200\" height=\"900\" \/><\/p>\r\n<p>Marted\u00ec la Cooperativa nazionale per lo smaltimento delle scorie radioattive Nagra presenter\u00e0 al governo federale la domanda di autorizzazione generale per il deposito geologico profondo svizzero. Il progetto di costruzione entra cos\u00ec in una nuova fase e, dopo 50 anni di ricerca, inizia ora il dibattito pubblico: sar\u00e0 la popolazione a decidere se il deposito dovr\u00e0 essere costruito nel sito di N\u00f6rdlich L\u00e4gern.<\/p>\r\n<p><img class=\"alignnone wp-image-226802 size-full\" src=\"https:\/\/www.markt-kom.com\/wp-content\/uploads\/2024\/11\/Nagra_Addendum_digitaleAssets.jpg\" sizes=\"(max-width: 1200px) 100vw, 1200px\" srcset=\"https:\/\/www.markt-kom.com\/wp-content\/uploads\/2024\/11\/Nagra_Addendum_digitaleAssets.jpg 1200w, https:\/\/www.markt-kom.com\/wp-content\/uploads\/2024\/11\/Nagra_Addendum_digitaleAssets-600x450.jpg 600w, https:\/\/www.markt-kom.com\/wp-content\/uploads\/2024\/11\/Nagra_Addendum_digitaleAssets-1024x768.jpg 1024w, https:\/\/www.markt-kom.com\/wp-content\/uploads\/2024\/11\/Nagra_Addendum_digitaleAssets-768x576.jpg 768w, https:\/\/www.markt-kom.com\/wp-content\/uploads\/2024\/11\/Nagra_Addendum_digitaleAssets-16x12.jpg 16w, https:\/\/www.markt-kom.com\/wp-content\/uploads\/2024\/11\/Nagra_Addendum_digitaleAssets-233x175.jpg 233w, https:\/\/www.markt-kom.com\/wp-content\/uploads\/2024\/11\/Nagra_Addendum_digitaleAssets-467x350.jpg 467w, https:\/\/www.markt-kom.com\/wp-content\/uploads\/2024\/11\/Nagra_Addendum_digitaleAssets-1000x750.jpg 1000w\" alt=\"Deposito geologico profondo svizzero a nord di L\u00e4gern\" width=\"1200\" height=\"900\" \/><\/p>\r\n<p>Per questo motivo, il numero di quest'anno della rivista del secolo non viene pubblicato solo come rivista cartacea, ma anche come serie di podcast con dieci personalit\u00e0 del mondo della politica, della scienza e della cultura, che condividono le loro prospettive sul progetto di deposito geologico profondo in conversazione con il presentatore Hannes Hug.<\/p>\r\n<p><img class=\"alignnone wp-image-226801 size-full\" src=\"https:\/\/www.markt-kom.com\/wp-content\/uploads\/2024\/11\/Nagra_Podcast_Leuthard.jpg\" sizes=\"(max-width: 1200px) 100vw, 1200px\" srcset=\"https:\/\/www.markt-kom.com\/wp-content\/uploads\/2024\/11\/Nagra_Podcast_Leuthard.jpg 1200w, https:\/\/www.markt-kom.com\/wp-content\/uploads\/2024\/11\/Nagra_Podcast_Leuthard-600x450.jpg 600w, https:\/\/www.markt-kom.com\/wp-content\/uploads\/2024\/11\/Nagra_Podcast_Leuthard-1024x768.jpg 1024w, https:\/\/www.markt-kom.com\/wp-content\/uploads\/2024\/11\/Nagra_Podcast_Leuthard-768x576.jpg 768w, https:\/\/www.markt-kom.com\/wp-content\/uploads\/2024\/11\/Nagra_Podcast_Leuthard-16x12.jpg 16w, https:\/\/www.markt-kom.com\/wp-content\/uploads\/2024\/11\/Nagra_Podcast_Leuthard-233x175.jpg 233w, https:\/\/www.markt-kom.com\/wp-content\/uploads\/2024\/11\/Nagra_Podcast_Leuthard-467x350.jpg 467w, https:\/\/www.markt-kom.com\/wp-content\/uploads\/2024\/11\/Nagra_Podcast_Leuthard-1000x750.jpg 1000w\" alt=\"Deposito geologico profondo svizzero a nord di L\u00e4gern\" width=\"1200\" height=\"900\" \/><\/p>\r\n<p>Le misure integrano i fatti e le cifre della domanda di autorizzazione generale con il fattore umano - il \"pi\u00f9 importante di tutti i fattori\", come viene definito. Persone della popolazione e personalit\u00e0 che sono entrate o entreranno in contatto con le considerazioni sul deposito geologico in profondit\u00e0 a causa del loro campo di attivit\u00e0 professionale hanno la possibilit\u00e0 di dire la loro - tra cui l'ex Consigliere federale Doris Leuthard, l'etico Dominic Roser, lo scrittore di bestseller Thomas Meyer e la futurologa Jeannie Schneider. \"I grandi assenti in questo dibattito sono le generazioni future\", afferma Dominic Roser. Il Consiglio per l'insegnamento e la ricerca dell'Universit\u00e0 di Friburgo sostiene la necessit\u00e0 di includere maggiormente i loro interessi.<\/p>\r\n<p><iframe title=\"500m+ Il podcast del secolo - Il documentario 2024\" src=\"https:\/\/www.youtube.com\/embed\/yozjC_kx-vQ?feature=oembed\" width=\"768\" height=\"432\" frameborder=\"0\" allowfullscreen=\"allowfullscreen\"><\/iframe><\/p>\r\n<p>\"Per noi la presentazione della domanda di licenza generale \u00e8 un passo epocale\", spiega Matthias Braun, CEO di Nagra. \"Ora abbiamo bisogno non solo dell'esame della domanda da parte delle autorit\u00e0, ma anche di un dibattito il pi\u00f9 ampio possibile. Dopo tutto, saranno gli elettori a decidere sul deposito geologico in profondit\u00e0 nel N\u00f6rdlich L\u00e4gern. Con il podcast e la rivista, vogliamo lanciare il dibattito e scoprire quali visioni, speranze e paure la popolazione svizzera associa al progetto del deposito geologico in profondit\u00e0.\"<\/p>\r\n<p><iframe title=\"500m+ Century Podcast Shot trailer generale\" src=\"https:\/\/www.youtube.com\/embed\/LPLbY-tlmIE?feature=oembed\" width=\"768\" height=\"432\" frameborder=\"0\" allowfullscreen=\"allowfullscreen\"><\/iframe><\/p>\r\n<p>I contenuti, progettati insieme all'agenzia zurighese Schroten e realizzati da un team di specialisti, offriranno spunti di riflessione su diversi canali nei prossimi mesi. Oltre alla rivista cartacea, l'hub <a href=\"https:\/\/jahrhundertmagazin.swiss\/500m-podcast-perspektiven-tiefenlager\/\">Centurymagazine.swiss<\/a> e i podcast disponibili su tutti i portali abituali, sono stati prodotti anche un documentario cinematografico e un trailer cinematografico. Quest'ultimo potr\u00e0 essere visto nelle sale cinematografiche svizzere a partire dalla fine di novembre.<\/p>\r\n<p><iframe title=\"500m+ Secolo Podcast Breve Doku Meyer\" src=\"https:\/\/www.youtube.com\/embed\/3ob0ZJO-aXE?feature=oembed\" width=\"768\" height=\"432\" frameborder=\"0\" allowfullscreen=\"allowfullscreen\"><\/iframe><\/p>\r\n<hr \/>\r\n<p><strong>Responsabile a Nagra: <\/strong>Patrick Studer (responsabile della comunicazione), Oliver Hinze (responsabile della comunicazione). <strong>Responsabile di Schroten: <\/strong>Adrian Schr\u00e4der (responsabilit\u00e0 generale e concetto), Adrian Huwyler (concetto e sviluppo), Aline Herzog (gestione del progetto), Hannes Hug (moderazione e redazione), David Fehr, Mich\u00e8le Roten, Sebastian Sele, Florian Leu (redazione e produzione), Hubertus Design (impaginazione e direzione artistica), Rea Gutzwiller (correzione di bozze), B\u00e1lint Dobozi, M\u00e1rton Dobozi (suono e musica). <strong>Foto:<\/strong> Maurice Haas. <strong>Film:<\/strong> Mattogrosso Films, Benjamin Weiss (regia), Marc Bachmann (DOP), Annika Fausch (montaggio). <strong>Web:<\/strong> Cubera Solutions, Natalia Gerasimenko, Michael Fretz. <strong>Media:<\/strong> Speed U Up Suisse, Dama Halter; Capture Media, Sandro Albin, Nicole Ruckstuhl.<\/p>","protected":false},"excerpt":{"rendered":"<p>Nagra vuole avviare un dibattito sul deposito geologico profondo. Tra l'altro, con la rivista del secolo e dieci podcast di approfondimento da prospettive molto diverse. Schroten \u00e8 responsabile della realizzazione.<\/p>","protected":false},"author":8,"featured_media":0,"comment_status":"closed","ping_status":"closed","sticky":false,"template":"","format":"standard","meta":{"_acf_changed":false,"_yoast_wpseo_focuskw":"Schweizer Tiefenlager N\u00f6rdlich L\u00e4gern","_yoast_wpseo_metadesc":"Nagra reicht das Gesuch f\u00fcr das Tiefenlager N\u00f6rdlich L\u00e4gern ein. Die \u00f6ffentliche Debatte beginnt, das Volk entscheidet.","articlekey":"","footnotes":""},"categories":[29],"tags":[4817,4818,4343,4806,386,4807,424,4816],"class_list":["post-33926","post","type-post","status-publish","format-standard","hentry","category-marketing","tag-debatte","tag-genehmigung","tag-markom","tag-nagra","tag-politik","tag-schroten","tag-schweiz","tag-tiefenlager"],"acf":[],"yoast_head":"<!-- This site is optimized with the Yoast SEO plugin v27.4 - https:\/\/yoast.com\/product\/yoast-seo-wordpress\/ -->\n<title>Schroten und Nagra stossen \u00f6ffentliche Debatte zum Tiefenlager an - Organisator<\/title>\n<meta name=\"description\" content=\"Nagra reicht das Gesuch f\u00fcr das Tiefenlager N\u00f6rdlich L\u00e4gern ein. Die \u00f6ffentliche Debatte beginnt, das Volk entscheidet.\" \/>\n<meta name=\"robots\" content=\"index, follow, max-snippet:-1, max-image-preview:large, max-video-preview:-1\" \/>\n<link rel=\"canonical\" href=\"https:\/\/www.organisator.ch\/it\/marketing\/2024-11-19\/schroten-und-nagra-stossen-oeffentliche-debatte-zum-tiefenlager-an\/\" \/>\n<meta property=\"og:locale\" content=\"it_IT\" \/>\n<meta property=\"og:type\" content=\"article\" \/>\n<meta property=\"og:title\" content=\"Schroten und Nagra stossen \u00f6ffentliche Debatte zum Tiefenlager an - Organisator\" \/>\n<meta property=\"og:description\" content=\"Nagra reicht das Gesuch f\u00fcr das Tiefenlager N\u00f6rdlich L\u00e4gern ein. Die \u00f6ffentliche Debatte beginnt, das Volk entscheidet.\" \/>\n<meta property=\"og:url\" content=\"https:\/\/www.organisator.ch\/it\/marketing\/2024-11-19\/schroten-und-nagra-stossen-oeffentliche-debatte-zum-tiefenlager-an\/\" \/>\n<meta property=\"og:site_name\" content=\"Organisator\" \/>\n<meta property=\"article:publisher\" content=\"https:\/\/www.facebook.com\/OrganisatorFachmagazin\" \/>\n<meta property=\"article:published_time\" content=\"2024-11-19T08:19:24+00:00\" \/>\n<meta property=\"article:modified_time\" content=\"2024-11-25T15:07:27+00:00\" \/>\n<meta name=\"author\" content=\"galledia\" \/>\n<meta name=\"twitter:card\" content=\"summary_large_image\" \/>\n<meta name=\"twitter:creator\" content=\"@admin\" \/>\n<script type=\"application\/ld+json\" class=\"yoast-schema-graph\">{\"@context\":\"https:\\\/\\\/schema.org\",\"@graph\":[{\"@type\":\"Article\",\"@id\":\"https:\\\/\\\/www.organisator.ch\\\/marketing\\\/2024-11-19\\\/schroten-und-nagra-stossen-oeffentliche-debatte-zum-tiefenlager-an\\\/#article\",\"isPartOf\":{\"@id\":\"https:\\\/\\\/www.organisator.ch\\\/marketing\\\/2024-11-19\\\/schroten-und-nagra-stossen-oeffentliche-debatte-zum-tiefenlager-an\\\/\"},\"author\":{\"name\":\"galledia\",\"@id\":\"https:\\\/\\\/www.organisator.ch\\\/#\\\/schema\\\/person\\\/4e51799071cd2dd1232ac003643ef5f0\"},\"headline\":\"Schroten und Nagra stossen \u00f6ffentliche Debatte zum Tiefenlager an\",\"datePublished\":\"2024-11-19T08:19:24+00:00\",\"dateModified\":\"2024-11-25T15:07:27+00:00\",\"mainEntityOfPage\":{\"@id\":\"https:\\\/\\\/www.organisator.ch\\\/marketing\\\/2024-11-19\\\/schroten-und-nagra-stossen-oeffentliche-debatte-zum-tiefenlager-an\\\/\"},\"wordCount\":453,\"publisher\":{\"@id\":\"https:\\\/\\\/www.organisator.ch\\\/#organization\"},\"image\":{\"@id\":\"https:\\\/\\\/www.organisator.ch\\\/marketing\\\/2024-11-19\\\/schroten-und-nagra-stossen-oeffentliche-debatte-zum-tiefenlager-an\\\/#primaryimage\"},\"thumbnailUrl\":\"https:\\\/\\\/www.markt-kom.com\\\/wp-content\\\/uploads\\\/2024\\\/11\\\/Nagra_Addendum_Covers.jpg\",\"keywords\":[\"Debatte\",\"Genehmigung\",\"MarKom\",\"Nagra\",\"Politik\",\"Schroten\",\"Schweiz\",\"Tiefenlager\"],\"articleSection\":[\"MARKETING\"],\"inLanguage\":\"it-IT\"},{\"@type\":\"WebPage\",\"@id\":\"https:\\\/\\\/www.organisator.ch\\\/marketing\\\/2024-11-19\\\/schroten-und-nagra-stossen-oeffentliche-debatte-zum-tiefenlager-an\\\/\",\"url\":\"https:\\\/\\\/www.organisator.ch\\\/marketing\\\/2024-11-19\\\/schroten-und-nagra-stossen-oeffentliche-debatte-zum-tiefenlager-an\\\/\",\"name\":\"Schroten und Nagra stossen \u00f6ffentliche Debatte zum Tiefenlager an - Organisator\",\"isPartOf\":{\"@id\":\"https:\\\/\\\/www.organisator.ch\\\/#website\"},\"primaryImageOfPage\":{\"@id\":\"https:\\\/\\\/www.organisator.ch\\\/marketing\\\/2024-11-19\\\/schroten-und-nagra-stossen-oeffentliche-debatte-zum-tiefenlager-an\\\/#primaryimage\"},\"image\":{\"@id\":\"https:\\\/\\\/www.organisator.ch\\\/marketing\\\/2024-11-19\\\/schroten-und-nagra-stossen-oeffentliche-debatte-zum-tiefenlager-an\\\/#primaryimage\"},\"thumbnailUrl\":\"https:\\\/\\\/www.markt-kom.com\\\/wp-content\\\/uploads\\\/2024\\\/11\\\/Nagra_Addendum_Covers.jpg\",\"datePublished\":\"2024-11-19T08:19:24+00:00\",\"dateModified\":\"2024-11-25T15:07:27+00:00\",\"description\":\"Nagra reicht das Gesuch f\u00fcr das Tiefenlager N\u00f6rdlich L\u00e4gern ein. Die \u00f6ffentliche Debatte beginnt, das Volk entscheidet.\",\"breadcrumb\":{\"@id\":\"https:\\\/\\\/www.organisator.ch\\\/marketing\\\/2024-11-19\\\/schroten-und-nagra-stossen-oeffentliche-debatte-zum-tiefenlager-an\\\/#breadcrumb\"},\"inLanguage\":\"it-IT\",\"potentialAction\":[{\"@type\":\"ReadAction\",\"target\":[\"https:\\\/\\\/www.organisator.ch\\\/marketing\\\/2024-11-19\\\/schroten-und-nagra-stossen-oeffentliche-debatte-zum-tiefenlager-an\\\/\"]}]},{\"@type\":\"ImageObject\",\"inLanguage\":\"it-IT\",\"@id\":\"https:\\\/\\\/www.organisator.ch\\\/marketing\\\/2024-11-19\\\/schroten-und-nagra-stossen-oeffentliche-debatte-zum-tiefenlager-an\\\/#primaryimage\",\"url\":\"https:\\\/\\\/www.markt-kom.com\\\/wp-content\\\/uploads\\\/2024\\\/11\\\/Nagra_Addendum_Covers.jpg\",\"contentUrl\":\"https:\\\/\\\/www.markt-kom.com\\\/wp-content\\\/uploads\\\/2024\\\/11\\\/Nagra_Addendum_Covers.jpg\"},{\"@type\":\"BreadcrumbList\",\"@id\":\"https:\\\/\\\/www.organisator.ch\\\/marketing\\\/2024-11-19\\\/schroten-und-nagra-stossen-oeffentliche-debatte-zum-tiefenlager-an\\\/#breadcrumb\",\"itemListElement\":[{\"@type\":\"ListItem\",\"position\":1,\"name\":\"Home\",\"item\":\"https:\\\/\\\/www.organisator.ch\\\/\"},{\"@type\":\"ListItem\",\"position\":2,\"name\":\"Schroten und Nagra stossen \u00f6ffentliche Debatte zum Tiefenlager an\"}]},{\"@type\":\"WebSite\",\"@id\":\"https:\\\/\\\/www.organisator.ch\\\/#website\",\"url\":\"https:\\\/\\\/www.organisator.ch\\\/\",\"name\":\"Organisator\",\"description\":\"Kompetent. Praxisnah. Der ORGANISATOR bereitet in 10 Ausgaben pro Jahr die wesentlichen Themen f\u00fcr F\u00fchrungskr\u00e4fte von KMU auf.\",\"publisher\":{\"@id\":\"https:\\\/\\\/www.organisator.ch\\\/#organization\"},\"potentialAction\":[{\"@type\":\"SearchAction\",\"target\":{\"@type\":\"EntryPoint\",\"urlTemplate\":\"https:\\\/\\\/www.organisator.ch\\\/?s={search_term_string}\"},\"query-input\":{\"@type\":\"PropertyValueSpecification\",\"valueRequired\":true,\"valueName\":\"search_term_string\"}}],\"inLanguage\":\"it-IT\"},{\"@type\":\"Organization\",\"@id\":\"https:\\\/\\\/www.organisator.ch\\\/#organization\",\"name\":\"Organisator\",\"url\":\"https:\\\/\\\/www.organisator.ch\\\/\",\"logo\":{\"@type\":\"ImageObject\",\"inLanguage\":\"it-IT\",\"@id\":\"https:\\\/\\\/www.organisator.ch\\\/#\\\/schema\\\/logo\\\/image\\\/\",\"url\":\"https:\\\/\\\/www.organisator.ch\\\/wp-content\\\/uploads\\\/2022\\\/01\\\/Logo_Organisator_Website.png\",\"contentUrl\":\"https:\\\/\\\/www.organisator.ch\\\/wp-content\\\/uploads\\\/2022\\\/01\\\/Logo_Organisator_Website.png\",\"width\":800,\"height\":77,\"caption\":\"Organisator\"},\"image\":{\"@id\":\"https:\\\/\\\/www.organisator.ch\\\/#\\\/schema\\\/logo\\\/image\\\/\"},\"sameAs\":[\"https:\\\/\\\/www.facebook.com\\\/OrganisatorFachmagazin\",\"https:\\\/\\\/www.linkedin.com\\\/showcase\\\/organisator-das-magazin-fr-kmu\",\"https:\\\/\\\/www.xing.com\\\/news\\\/pages\\\/organisator-ch-695\",\"https:\\\/\\\/www.youtube.com\\\/channel\\\/UCGP2Sq0iWaZwT3BdIAQFYpw\"]},{\"@type\":\"Person\",\"@id\":\"https:\\\/\\\/www.organisator.ch\\\/#\\\/schema\\\/person\\\/4e51799071cd2dd1232ac003643ef5f0\",\"name\":\"galledia\",\"image\":{\"@type\":\"ImageObject\",\"inLanguage\":\"it-IT\",\"@id\":\"https:\\\/\\\/secure.gravatar.com\\\/avatar\\\/78a7f90c01fc2bfc875782a0d4922b37cde2cf184ce347b91316d23cd7f69a36?s=96&d=mm&r=g\",\"url\":\"https:\\\/\\\/secure.gravatar.com\\\/avatar\\\/78a7f90c01fc2bfc875782a0d4922b37cde2cf184ce347b91316d23cd7f69a36?s=96&d=mm&r=g\",\"contentUrl\":\"https:\\\/\\\/secure.gravatar.com\\\/avatar\\\/78a7f90c01fc2bfc875782a0d4922b37cde2cf184ce347b91316d23cd7f69a36?s=96&d=mm&r=g\",\"caption\":\"galledia\"},\"sameAs\":[\"https:\\\/\\\/x.com\\\/admin\"],\"url\":\"https:\\\/\\\/www.organisator.ch\\\/it\\\/author\\\/galledia\\\/\"}]}<\/script>\n<!-- \/ Yoast SEO plugin. -->","yoast_head_json":{"title":"Schroten e Nagra avviano un dibattito pubblico sul deposito geologico in profondit\u00e0 - Organizzatore","description":"Nagra presenta la domanda per il deposito di N\u00f6rdlich L\u00e4gern. Inizia il dibattito pubblico, la gente decide.","robots":{"index":"index","follow":"follow","max-snippet":"max-snippet:-1","max-image-preview":"max-image-preview:large","max-video-preview":"max-video-preview:-1"},"canonical":"https:\/\/www.organisator.ch\/it\/marketing\/2024-11-19\/schroten-und-nagra-stossen-oeffentliche-debatte-zum-tiefenlager-an\/","og_locale":"it_IT","og_type":"article","og_title":"Schroten und Nagra stossen \u00f6ffentliche Debatte zum Tiefenlager an - Organisator","og_description":"Nagra reicht das Gesuch f\u00fcr das Tiefenlager N\u00f6rdlich L\u00e4gern ein. Die \u00f6ffentliche Debatte beginnt, das Volk entscheidet.","og_url":"https:\/\/www.organisator.ch\/it\/marketing\/2024-11-19\/schroten-und-nagra-stossen-oeffentliche-debatte-zum-tiefenlager-an\/","og_site_name":"Organisator","article_publisher":"https:\/\/www.facebook.com\/OrganisatorFachmagazin","article_published_time":"2024-11-19T08:19:24+00:00","article_modified_time":"2024-11-25T15:07:27+00:00","author":"galledia","twitter_card":"summary_large_image","twitter_creator":"@admin","schema":{"@context":"https:\/\/schema.org","@graph":[{"@type":"Article","@id":"https:\/\/www.organisator.ch\/marketing\/2024-11-19\/schroten-und-nagra-stossen-oeffentliche-debatte-zum-tiefenlager-an\/#article","isPartOf":{"@id":"https:\/\/www.organisator.ch\/marketing\/2024-11-19\/schroten-und-nagra-stossen-oeffentliche-debatte-zum-tiefenlager-an\/"},"author":{"name":"galledia","@id":"https:\/\/www.organisator.ch\/#\/schema\/person\/4e51799071cd2dd1232ac003643ef5f0"},"headline":"Schroten und Nagra stossen \u00f6ffentliche Debatte zum Tiefenlager an","datePublished":"2024-11-19T08:19:24+00:00","dateModified":"2024-11-25T15:07:27+00:00","mainEntityOfPage":{"@id":"https:\/\/www.organisator.ch\/marketing\/2024-11-19\/schroten-und-nagra-stossen-oeffentliche-debatte-zum-tiefenlager-an\/"},"wordCount":453,"publisher":{"@id":"https:\/\/www.organisator.ch\/#organization"},"image":{"@id":"https:\/\/www.organisator.ch\/marketing\/2024-11-19\/schroten-und-nagra-stossen-oeffentliche-debatte-zum-tiefenlager-an\/#primaryimage"},"thumbnailUrl":"https:\/\/www.markt-kom.com\/wp-content\/uploads\/2024\/11\/Nagra_Addendum_Covers.jpg","keywords":["Debatte","Genehmigung","MarKom","Nagra","Politik","Schroten","Schweiz","Tiefenlager"],"articleSection":["MARKETING"],"inLanguage":"it-IT"},{"@type":"WebPage","@id":"https:\/\/www.organisator.ch\/marketing\/2024-11-19\/schroten-und-nagra-stossen-oeffentliche-debatte-zum-tiefenlager-an\/","url":"https:\/\/www.organisator.ch\/marketing\/2024-11-19\/schroten-und-nagra-stossen-oeffentliche-debatte-zum-tiefenlager-an\/","name":"Schroten e Nagra avviano un dibattito pubblico sul deposito geologico in profondit\u00e0 - Organizzatore","isPartOf":{"@id":"https:\/\/www.organisator.ch\/#website"},"primaryImageOfPage":{"@id":"https:\/\/www.organisator.ch\/marketing\/2024-11-19\/schroten-und-nagra-stossen-oeffentliche-debatte-zum-tiefenlager-an\/#primaryimage"},"image":{"@id":"https:\/\/www.organisator.ch\/marketing\/2024-11-19\/schroten-und-nagra-stossen-oeffentliche-debatte-zum-tiefenlager-an\/#primaryimage"},"thumbnailUrl":"https:\/\/www.markt-kom.com\/wp-content\/uploads\/2024\/11\/Nagra_Addendum_Covers.jpg","datePublished":"2024-11-19T08:19:24+00:00","dateModified":"2024-11-25T15:07:27+00:00","description":"Nagra presenta la domanda per il deposito di N\u00f6rdlich L\u00e4gern. Inizia il dibattito pubblico, la gente decide.","breadcrumb":{"@id":"https:\/\/www.organisator.ch\/marketing\/2024-11-19\/schroten-und-nagra-stossen-oeffentliche-debatte-zum-tiefenlager-an\/#breadcrumb"},"inLanguage":"it-IT","potentialAction":[{"@type":"ReadAction","target":["https:\/\/www.organisator.ch\/marketing\/2024-11-19\/schroten-und-nagra-stossen-oeffentliche-debatte-zum-tiefenlager-an\/"]}]},{"@type":"ImageObject","inLanguage":"it-IT","@id":"https:\/\/www.organisator.ch\/marketing\/2024-11-19\/schroten-und-nagra-stossen-oeffentliche-debatte-zum-tiefenlager-an\/#primaryimage","url":"https:\/\/www.markt-kom.com\/wp-content\/uploads\/2024\/11\/Nagra_Addendum_Covers.jpg","contentUrl":"https:\/\/www.markt-kom.com\/wp-content\/uploads\/2024\/11\/Nagra_Addendum_Covers.jpg"},{"@type":"BreadcrumbList","@id":"https:\/\/www.organisator.ch\/marketing\/2024-11-19\/schroten-und-nagra-stossen-oeffentliche-debatte-zum-tiefenlager-an\/#breadcrumb","itemListElement":[{"@type":"ListItem","position":1,"name":"Home","item":"https:\/\/www.organisator.ch\/"},{"@type":"ListItem","position":2,"name":"Schroten und Nagra stossen \u00f6ffentliche Debatte zum Tiefenlager an"}]},{"@type":"WebSite","@id":"https:\/\/www.organisator.ch\/#website","url":"https:\/\/www.organisator.ch\/","name":"Organizzatore","description":"Competente. Pratico. In 10 numeri all'anno, ORGANISATOR presenta i temi essenziali per i manager delle PMI.","publisher":{"@id":"https:\/\/www.organisator.ch\/#organization"},"potentialAction":[{"@type":"SearchAction","target":{"@type":"EntryPoint","urlTemplate":"https:\/\/www.organisator.ch\/?s={search_term_string}"},"query-input":{"@type":"PropertyValueSpecification","valueRequired":true,"valueName":"search_term_string"}}],"inLanguage":"it-IT"},{"@type":"Organization","@id":"https:\/\/www.organisator.ch\/#organization","name":"Organizzatore","url":"https:\/\/www.organisator.ch\/","logo":{"@type":"ImageObject","inLanguage":"it-IT","@id":"https:\/\/www.organisator.ch\/#\/schema\/logo\/image\/","url":"https:\/\/www.organisator.ch\/wp-content\/uploads\/2022\/01\/Logo_Organisator_Website.png","contentUrl":"https:\/\/www.organisator.ch\/wp-content\/uploads\/2022\/01\/Logo_Organisator_Website.png","width":800,"height":77,"caption":"Organisator"},"image":{"@id":"https:\/\/www.organisator.ch\/#\/schema\/logo\/image\/"},"sameAs":["https:\/\/www.facebook.com\/OrganisatorFachmagazin","https:\/\/www.linkedin.com\/showcase\/organisator-das-magazin-fr-kmu","https:\/\/www.xing.com\/news\/pages\/organisator-ch-695","https:\/\/www.youtube.com\/channel\/UCGP2Sq0iWaZwT3BdIAQFYpw"]},{"@type":"Person","@id":"https:\/\/www.organisator.ch\/#\/schema\/person\/4e51799071cd2dd1232ac003643ef5f0","name":"galledia","image":{"@type":"ImageObject","inLanguage":"it-IT","@id":"https:\/\/secure.gravatar.com\/avatar\/78a7f90c01fc2bfc875782a0d4922b37cde2cf184ce347b91316d23cd7f69a36?s=96&d=mm&r=g","url":"https:\/\/secure.gravatar.com\/avatar\/78a7f90c01fc2bfc875782a0d4922b37cde2cf184ce347b91316d23cd7f69a36?s=96&d=mm&r=g","contentUrl":"https:\/\/secure.gravatar.com\/avatar\/78a7f90c01fc2bfc875782a0d4922b37cde2cf184ce347b91316d23cd7f69a36?s=96&d=mm&r=g","caption":"galledia"},"sameAs":["https:\/\/x.com\/admin"],"url":"https:\/\/www.organisator.ch\/it\/author\/galledia\/"}]}},"_links":{"self":[{"href":"https:\/\/www.organisator.ch\/it\/wp-json\/wp\/v2\/posts\/33926","targetHints":{"allow":["GET"]}}],"collection":[{"href":"https:\/\/www.organisator.ch\/it\/wp-json\/wp\/v2\/posts"}],"about":[{"href":"https:\/\/www.organisator.ch\/it\/wp-json\/wp\/v2\/types\/post"}],"author":[{"embeddable":true,"href":"https:\/\/www.organisator.ch\/it\/wp-json\/wp\/v2\/users\/8"}],"replies":[{"embeddable":true,"href":"https:\/\/www.organisator.ch\/it\/wp-json\/wp\/v2\/comments?post=33926"}],"version-history":[{"count":3,"href":"https:\/\/www.organisator.ch\/it\/wp-json\/wp\/v2\/posts\/33926\/revisions"}],"predecessor-version":[{"id":33948,"href":"https:\/\/www.organisator.ch\/it\/wp-json\/wp\/v2\/posts\/33926\/revisions\/33948"}],"wp:attachment":[{"href":"https:\/\/www.organisator.ch\/it\/wp-json\/wp\/v2\/media?parent=33926"}],"wp:term":[{"taxonomy":"category","embeddable":true,"href":"https:\/\/www.organisator.ch\/it\/wp-json\/wp\/v2\/categories?post=33926"},{"taxonomy":"post_tag","embeddable":true,"href":"https:\/\/www.organisator.ch\/it\/wp-json\/wp\/v2\/tags?post=33926"}],"curies":[{"name":"wp","href":"https:\/\/api.w.org\/{rel}","templated":true}]}}