{"id":33932,"date":"2024-11-13T14:52:06","date_gmt":"2024-11-13T13:52:06","guid":{"rendered":"https:\/\/www.m-q.ch\/?p=20702"},"modified":"2024-11-25T16:05:50","modified_gmt":"2024-11-25T15:05:50","slug":"swiss-cyber-security-days-2025-wechsel-an-der-praesidiumsspitze","status":"publish","type":"post","link":"https:\/\/www.organisator.ch\/it\/operational-excellence\/2024-11-13\/swiss-cyber-security-days-2025-wechsel-an-der-praesidiumsspitze\/","title":{"rendered":"Giornate svizzere della sicurezza informatica 2025: cambio al vertice del Comitato esecutivo"},"content":{"rendered":"<figure id=\"attachment_20703\" class=\"wp-caption alignnone\" style=\"width: 680px;\" aria-describedby=\"caption-attachment-20703\"><img class=\"alignnone wp-image-20703 size-full\" src=\"https:\/\/www.m-q.ch\/wp-content\/uploads\/2024\/11\/SCSD_Bild1_ps.jpg\" sizes=\"(max-width: 680px) 100vw, 680px\" srcset=\"https:\/\/www.m-q.ch\/wp-content\/uploads\/2024\/11\/SCSD_Bild1_ps.jpg 680w, https:\/\/www.m-q.ch\/wp-content\/uploads\/2024\/11\/SCSD_Bild1_ps-13x12.jpg 13w, https:\/\/www.m-q.ch\/wp-content\/uploads\/2024\/11\/SCSD_Bild1_ps-319x300.jpg 319w, https:\/\/www.m-q.ch\/wp-content\/uploads\/2024\/11\/SCSD_Bild1_ps-372x350.jpg 372w\" alt=\"Giornate svizzere della sicurezza informatica 2025\" width=\"680\" height=\"639\" \/>\r\n<figcaption id=\"caption-attachment-20703\" class=\"wp-caption-text\">Gli Swiss Cyber Security Days (SCSD) si svolgeranno il 18 e 19 febbraio 2025 presso la sede di Bernexpo a Berna. (Immagine: www.scsd.ch \/ www.parlament.ch)<\/figcaption>\r\n<\/figure>\r\n<p>Gli Swiss Cyber Security Days (SCSD) si svolgeranno il 18 e 19 febbraio 2025 presso la sede di Bernexpo a Berna e mostreranno perch\u00e9 il cyberspazio e le nuove tecnologie sono tra le pi\u00f9 grandi sfide del nostro tempo. I relatori provengono dai settori della scienza, della ricerca, della difesa, dell'amministrazione, dell'economia, dei media e della vita civile.<\/p>\r\n<p>Con il suo entusiasmo e il suo grande impegno, l'ex consigliera nazionale del PLR Doris Fiala ha svolto un ruolo fondamentale nel definire il formato dell'evento. \"L'SCSD era una questione che mi stava a cuore\", afferma Fiala. \"Il nostro obiettivo \u00e8 sempre stato quello di organizzare un evento rilevante in questo settore cos\u00ec urgente. Oggi sono orgoglioso di dire che ci siamo riusciti\". Dopo cinque anni di presidenza, il passaggio di consegne al mio stimato collega Gugger mi sembra giusto e positivo\".<\/p>\r\n<p>A Doris Fiala succeder\u00e0 il Consigliere nazionale del PPE Dr h. c. Nik Gugger, il \"pi\u00f9 grande costruttore di ponti\" del Consiglio nazionale svizzero (CH Media 2021). Con le sue competenze digitali, il suo impegno sociale e la sua rete nazionale e internazionale, \u00e8 il candidato ideale per la presidenza del CSD. Nik Gugger \u00e8 membro della Commissione Affari esteri del Consiglio nazionale, fa parte della delegazione svizzera al Consiglio d'Europa, \u00e8 presidente del Gruppo parlamentare di amicizia Svizzera-India e copresidente del Gruppo parlamentare Svizzera-Ucraina. \"Molte delle grandi questioni del nostro tempo si svolgono nel digitale\", afferma Gugger. \"Oggi stiamo definendo la rotta per il domani. Sono lieto di essere in prima linea per garantire che possiamo muoverci in modo indipendente e sicuro nello spazio digitale\".<\/p>\r\n<p><em>Fonte: <a href=\"http:\/\/www.scsd.ch\/\">www.scsd.ch<\/a><\/em><\/p>\n<p class=\"syndicated-attribution\">Questo articolo \u00e8 apparso originariamente su m-q.ch - <a href=\"https:\/\/www.m-q.ch\/de\/swiss-cyber-security-days-2025-wechsel-an-der-praesidiumsspitze\/\" target=\"_blank\">https:\/\/www.m-q.ch\/de\/swiss-cyber-security-days-2025-wechsel-an-der-praesidiumsspitze\/<\/a><\/p>","protected":false},"excerpt":{"rendered":"<p>Gli Swiss Cyber Security Days (SCSD) si svolgeranno il 18 e 19 febbraio 2025 presso la sede di Bernexpo a Berna. Su due palchi, relatori di alto livello spiegheranno l'importanza centrale del cyberspazio e delle nuove tecnologie nella nostra vita. Dopo cinque anni al timone, l'ex consigliera nazionale del PLR Doris Fiala passa le consegne al \"pi\u00f9 grande costruttore di ponti\" del Consiglio nazionale svizzero, il consigliere nazionale del PPE Nik Gugger.<\/p>","protected":false},"author":58,"featured_media":0,"comment_status":"closed","ping_status":"closed","sticky":false,"template":"","format":"standard","meta":{"_acf_changed":false,"_yoast_wpseo_focuskw":"Swiss Cyber Security Days 2025","_yoast_wpseo_metadesc":"Die SCSD 2025 in Bern thematisieren Cyberraum und neue Technologien. Nik Gugger \u00fcbernimmt das Pr\u00e4sidium von Doris Fiala.","articlekey":"","footnotes":""},"categories":[582],"tags":[4811,2675,3047,3343,418,424,2654,475,492],"class_list":["post-33932","post","type-post","status-publish","format-standard","hentry","category-operational-excellence","tag-bern","tag-cyber-security","tag-cybersecurity","tag-konferenz","tag-risikomanagement","tag-schweiz","tag-scsd","tag-technologie","tag-unternehmen"],"acf":[],"yoast_head":"<!-- This site is optimized with the Yoast SEO plugin v27.5 - https:\/\/yoast.com\/product\/yoast-seo-wordpress\/ -->\n<title>Swiss Cyber Security Days 2025: Wechsel an der Pr\u00e4sidiumsspitze - Organisator<\/title>\n<meta name=\"description\" content=\"Die SCSD 2025 in Bern thematisieren Cyberraum und neue Technologien. Nik Gugger \u00fcbernimmt das Pr\u00e4sidium von Doris Fiala.\" \/>\n<meta name=\"robots\" content=\"index, follow, max-snippet:-1, max-image-preview:large, max-video-preview:-1\" \/>\n<link rel=\"canonical\" href=\"https:\/\/www.organisator.ch\/it\/eccellenza-operativa\/2024-11-13\/swiss-cyber-security-days-2025-wechsel-an-der-praesidiumsspitze\/\" \/>\n<meta property=\"og:locale\" content=\"it_IT\" \/>\n<meta property=\"og:type\" content=\"article\" \/>\n<meta property=\"og:title\" content=\"Swiss Cyber Security Days 2025: Wechsel an der Pr\u00e4sidiumsspitze - Organisator\" \/>\n<meta property=\"og:description\" content=\"Die SCSD 2025 in Bern thematisieren Cyberraum und neue Technologien. Nik Gugger \u00fcbernimmt das Pr\u00e4sidium von Doris Fiala.\" \/>\n<meta property=\"og:url\" content=\"https:\/\/www.organisator.ch\/it\/eccellenza-operativa\/2024-11-13\/swiss-cyber-security-days-2025-wechsel-an-der-praesidiumsspitze\/\" \/>\n<meta property=\"og:site_name\" content=\"Organisator\" \/>\n<meta property=\"article:publisher\" content=\"https:\/\/www.facebook.com\/OrganisatorFachmagazin\" \/>\n<meta property=\"article:published_time\" content=\"2024-11-13T13:52:06+00:00\" \/>\n<meta property=\"article:modified_time\" content=\"2024-11-25T15:05:50+00:00\" \/>\n<meta name=\"author\" content=\"Adelisa Kalajdzini\" \/>\n<meta name=\"twitter:card\" content=\"summary_large_image\" \/>\n<script type=\"application\/ld+json\" class=\"yoast-schema-graph\">{\"@context\":\"https:\\\/\\\/schema.org\",\"@graph\":[{\"@type\":\"Article\",\"@id\":\"https:\\\/\\\/www.organisator.ch\\\/operational-excellence\\\/2024-11-13\\\/swiss-cyber-security-days-2025-wechsel-an-der-praesidiumsspitze\\\/#article\",\"isPartOf\":{\"@id\":\"https:\\\/\\\/www.organisator.ch\\\/operational-excellence\\\/2024-11-13\\\/swiss-cyber-security-days-2025-wechsel-an-der-praesidiumsspitze\\\/\"},\"author\":{\"name\":\"Adelisa Kalajdzini\",\"@id\":\"https:\\\/\\\/www.organisator.ch\\\/#\\\/schema\\\/person\\\/2e1314a2172123f874db408d8911d3f3\"},\"headline\":\"Swiss Cyber Security Days 2025: Wechsel an der Pr\u00e4sidiumsspitze\",\"datePublished\":\"2024-11-13T13:52:06+00:00\",\"dateModified\":\"2024-11-25T15:05:50+00:00\",\"mainEntityOfPage\":{\"@id\":\"https:\\\/\\\/www.organisator.ch\\\/operational-excellence\\\/2024-11-13\\\/swiss-cyber-security-days-2025-wechsel-an-der-praesidiumsspitze\\\/\"},\"wordCount\":278,\"publisher\":{\"@id\":\"https:\\\/\\\/www.organisator.ch\\\/#organization\"},\"image\":{\"@id\":\"https:\\\/\\\/www.organisator.ch\\\/operational-excellence\\\/2024-11-13\\\/swiss-cyber-security-days-2025-wechsel-an-der-praesidiumsspitze\\\/#primaryimage\"},\"thumbnailUrl\":\"https:\\\/\\\/www.m-q.ch\\\/wp-content\\\/uploads\\\/2024\\\/11\\\/SCSD_Bild1_ps.jpg\",\"keywords\":[\"Bern\",\"Cyber Security\",\"Cybersecurity\",\"Konferenz\",\"Risikomanagement\",\"Schweiz\",\"SCSD\",\"Technologie\",\"Unternehmen\"],\"articleSection\":[\"OPERATIONAL EXCELLENCE\"],\"inLanguage\":\"it-IT\"},{\"@type\":\"WebPage\",\"@id\":\"https:\\\/\\\/www.organisator.ch\\\/operational-excellence\\\/2024-11-13\\\/swiss-cyber-security-days-2025-wechsel-an-der-praesidiumsspitze\\\/\",\"url\":\"https:\\\/\\\/www.organisator.ch\\\/operational-excellence\\\/2024-11-13\\\/swiss-cyber-security-days-2025-wechsel-an-der-praesidiumsspitze\\\/\",\"name\":\"Swiss Cyber Security Days 2025: Wechsel an der Pr\u00e4sidiumsspitze - Organisator\",\"isPartOf\":{\"@id\":\"https:\\\/\\\/www.organisator.ch\\\/#website\"},\"primaryImageOfPage\":{\"@id\":\"https:\\\/\\\/www.organisator.ch\\\/operational-excellence\\\/2024-11-13\\\/swiss-cyber-security-days-2025-wechsel-an-der-praesidiumsspitze\\\/#primaryimage\"},\"image\":{\"@id\":\"https:\\\/\\\/www.organisator.ch\\\/operational-excellence\\\/2024-11-13\\\/swiss-cyber-security-days-2025-wechsel-an-der-praesidiumsspitze\\\/#primaryimage\"},\"thumbnailUrl\":\"https:\\\/\\\/www.m-q.ch\\\/wp-content\\\/uploads\\\/2024\\\/11\\\/SCSD_Bild1_ps.jpg\",\"datePublished\":\"2024-11-13T13:52:06+00:00\",\"dateModified\":\"2024-11-25T15:05:50+00:00\",\"description\":\"Die SCSD 2025 in Bern thematisieren Cyberraum und neue Technologien. Nik Gugger \u00fcbernimmt das Pr\u00e4sidium von Doris Fiala.\",\"breadcrumb\":{\"@id\":\"https:\\\/\\\/www.organisator.ch\\\/operational-excellence\\\/2024-11-13\\\/swiss-cyber-security-days-2025-wechsel-an-der-praesidiumsspitze\\\/#breadcrumb\"},\"inLanguage\":\"it-IT\",\"potentialAction\":[{\"@type\":\"ReadAction\",\"target\":[\"https:\\\/\\\/www.organisator.ch\\\/operational-excellence\\\/2024-11-13\\\/swiss-cyber-security-days-2025-wechsel-an-der-praesidiumsspitze\\\/\"]}]},{\"@type\":\"ImageObject\",\"inLanguage\":\"it-IT\",\"@id\":\"https:\\\/\\\/www.organisator.ch\\\/operational-excellence\\\/2024-11-13\\\/swiss-cyber-security-days-2025-wechsel-an-der-praesidiumsspitze\\\/#primaryimage\",\"url\":\"https:\\\/\\\/www.m-q.ch\\\/wp-content\\\/uploads\\\/2024\\\/11\\\/SCSD_Bild1_ps.jpg\",\"contentUrl\":\"https:\\\/\\\/www.m-q.ch\\\/wp-content\\\/uploads\\\/2024\\\/11\\\/SCSD_Bild1_ps.jpg\"},{\"@type\":\"BreadcrumbList\",\"@id\":\"https:\\\/\\\/www.organisator.ch\\\/operational-excellence\\\/2024-11-13\\\/swiss-cyber-security-days-2025-wechsel-an-der-praesidiumsspitze\\\/#breadcrumb\",\"itemListElement\":[{\"@type\":\"ListItem\",\"position\":1,\"name\":\"Home\",\"item\":\"https:\\\/\\\/www.organisator.ch\\\/\"},{\"@type\":\"ListItem\",\"position\":2,\"name\":\"Swiss Cyber Security Days 2025: Wechsel an der Pr\u00e4sidiumsspitze\"}]},{\"@type\":\"WebSite\",\"@id\":\"https:\\\/\\\/www.organisator.ch\\\/#website\",\"url\":\"https:\\\/\\\/www.organisator.ch\\\/\",\"name\":\"Organisator\",\"description\":\"Kompetent. Praxisnah. Der ORGANISATOR bereitet in 10 Ausgaben pro Jahr die wesentlichen Themen f\u00fcr F\u00fchrungskr\u00e4fte von KMU auf.\",\"publisher\":{\"@id\":\"https:\\\/\\\/www.organisator.ch\\\/#organization\"},\"potentialAction\":[{\"@type\":\"SearchAction\",\"target\":{\"@type\":\"EntryPoint\",\"urlTemplate\":\"https:\\\/\\\/www.organisator.ch\\\/?s={search_term_string}\"},\"query-input\":{\"@type\":\"PropertyValueSpecification\",\"valueRequired\":true,\"valueName\":\"search_term_string\"}}],\"inLanguage\":\"it-IT\"},{\"@type\":\"Organization\",\"@id\":\"https:\\\/\\\/www.organisator.ch\\\/#organization\",\"name\":\"Organisator\",\"url\":\"https:\\\/\\\/www.organisator.ch\\\/\",\"logo\":{\"@type\":\"ImageObject\",\"inLanguage\":\"it-IT\",\"@id\":\"https:\\\/\\\/www.organisator.ch\\\/#\\\/schema\\\/logo\\\/image\\\/\",\"url\":\"https:\\\/\\\/www.organisator.ch\\\/wp-content\\\/uploads\\\/2022\\\/01\\\/Logo_Organisator_Website.png\",\"contentUrl\":\"https:\\\/\\\/www.organisator.ch\\\/wp-content\\\/uploads\\\/2022\\\/01\\\/Logo_Organisator_Website.png\",\"width\":800,\"height\":77,\"caption\":\"Organisator\"},\"image\":{\"@id\":\"https:\\\/\\\/www.organisator.ch\\\/#\\\/schema\\\/logo\\\/image\\\/\"},\"sameAs\":[\"https:\\\/\\\/www.facebook.com\\\/OrganisatorFachmagazin\",\"https:\\\/\\\/www.linkedin.com\\\/showcase\\\/organisator-das-magazin-fr-kmu\",\"https:\\\/\\\/www.xing.com\\\/news\\\/pages\\\/organisator-ch-695\",\"https:\\\/\\\/www.youtube.com\\\/channel\\\/UCGP2Sq0iWaZwT3BdIAQFYpw\"]},{\"@type\":\"Person\",\"@id\":\"https:\\\/\\\/www.organisator.ch\\\/#\\\/schema\\\/person\\\/2e1314a2172123f874db408d8911d3f3\",\"name\":\"Adelisa Kalajdzini\",\"image\":{\"@type\":\"ImageObject\",\"inLanguage\":\"it-IT\",\"@id\":\"https:\\\/\\\/secure.gravatar.com\\\/avatar\\\/09a397c22ac58cad6f160ee8306348599df9df58a8ede73696226897b9fa4b24?s=96&d=mm&r=g\",\"url\":\"https:\\\/\\\/secure.gravatar.com\\\/avatar\\\/09a397c22ac58cad6f160ee8306348599df9df58a8ede73696226897b9fa4b24?s=96&d=mm&r=g\",\"contentUrl\":\"https:\\\/\\\/secure.gravatar.com\\\/avatar\\\/09a397c22ac58cad6f160ee8306348599df9df58a8ede73696226897b9fa4b24?s=96&d=mm&r=g\",\"caption\":\"Adelisa Kalajdzini\"},\"url\":\"https:\\\/\\\/www.organisator.ch\\\/it\\\/author\\\/adelisa-kalajdzini\\\/\"}]}<\/script>\n<!-- \/ Yoast SEO plugin. -->","yoast_head_json":{"title":"Giornate svizzere della sicurezza informatica 2025: cambio al vertice del Comitato esecutivo - Organizzatore","description":"La SCSD 2025 di Berna si concentrer\u00e0 sul cyberspazio e sulle nuove tecnologie. Nik Gugger assume la presidenza di Doris Fiala.","robots":{"index":"index","follow":"follow","max-snippet":"max-snippet:-1","max-image-preview":"max-image-preview:large","max-video-preview":"max-video-preview:-1"},"canonical":"https:\/\/www.organisator.ch\/it\/eccellenza-operativa\/2024-11-13\/swiss-cyber-security-days-2025-wechsel-an-der-praesidiumsspitze\/","og_locale":"it_IT","og_type":"article","og_title":"Swiss Cyber Security Days 2025: Wechsel an der Pr\u00e4sidiumsspitze - Organisator","og_description":"Die SCSD 2025 in Bern thematisieren Cyberraum und neue Technologien. Nik Gugger \u00fcbernimmt das Pr\u00e4sidium von Doris Fiala.","og_url":"https:\/\/www.organisator.ch\/it\/eccellenza-operativa\/2024-11-13\/swiss-cyber-security-days-2025-wechsel-an-der-praesidiumsspitze\/","og_site_name":"Organisator","article_publisher":"https:\/\/www.facebook.com\/OrganisatorFachmagazin","article_published_time":"2024-11-13T13:52:06+00:00","article_modified_time":"2024-11-25T15:05:50+00:00","author":"Adelisa Kalajdzini","twitter_card":"summary_large_image","schema":{"@context":"https:\/\/schema.org","@graph":[{"@type":"Article","@id":"https:\/\/www.organisator.ch\/operational-excellence\/2024-11-13\/swiss-cyber-security-days-2025-wechsel-an-der-praesidiumsspitze\/#article","isPartOf":{"@id":"https:\/\/www.organisator.ch\/operational-excellence\/2024-11-13\/swiss-cyber-security-days-2025-wechsel-an-der-praesidiumsspitze\/"},"author":{"name":"Adelisa Kalajdzini","@id":"https:\/\/www.organisator.ch\/#\/schema\/person\/2e1314a2172123f874db408d8911d3f3"},"headline":"Swiss Cyber Security Days 2025: Wechsel an der Pr\u00e4sidiumsspitze","datePublished":"2024-11-13T13:52:06+00:00","dateModified":"2024-11-25T15:05:50+00:00","mainEntityOfPage":{"@id":"https:\/\/www.organisator.ch\/operational-excellence\/2024-11-13\/swiss-cyber-security-days-2025-wechsel-an-der-praesidiumsspitze\/"},"wordCount":278,"publisher":{"@id":"https:\/\/www.organisator.ch\/#organization"},"image":{"@id":"https:\/\/www.organisator.ch\/operational-excellence\/2024-11-13\/swiss-cyber-security-days-2025-wechsel-an-der-praesidiumsspitze\/#primaryimage"},"thumbnailUrl":"https:\/\/www.m-q.ch\/wp-content\/uploads\/2024\/11\/SCSD_Bild1_ps.jpg","keywords":["Bern","Cyber Security","Cybersecurity","Konferenz","Risikomanagement","Schweiz","SCSD","Technologie","Unternehmen"],"articleSection":["OPERATIONAL EXCELLENCE"],"inLanguage":"it-IT"},{"@type":"WebPage","@id":"https:\/\/www.organisator.ch\/operational-excellence\/2024-11-13\/swiss-cyber-security-days-2025-wechsel-an-der-praesidiumsspitze\/","url":"https:\/\/www.organisator.ch\/operational-excellence\/2024-11-13\/swiss-cyber-security-days-2025-wechsel-an-der-praesidiumsspitze\/","name":"Giornate svizzere della sicurezza informatica 2025: cambio al vertice del Comitato esecutivo - Organizzatore","isPartOf":{"@id":"https:\/\/www.organisator.ch\/#website"},"primaryImageOfPage":{"@id":"https:\/\/www.organisator.ch\/operational-excellence\/2024-11-13\/swiss-cyber-security-days-2025-wechsel-an-der-praesidiumsspitze\/#primaryimage"},"image":{"@id":"https:\/\/www.organisator.ch\/operational-excellence\/2024-11-13\/swiss-cyber-security-days-2025-wechsel-an-der-praesidiumsspitze\/#primaryimage"},"thumbnailUrl":"https:\/\/www.m-q.ch\/wp-content\/uploads\/2024\/11\/SCSD_Bild1_ps.jpg","datePublished":"2024-11-13T13:52:06+00:00","dateModified":"2024-11-25T15:05:50+00:00","description":"La SCSD 2025 di Berna si concentrer\u00e0 sul cyberspazio e sulle nuove tecnologie. Nik Gugger assume la presidenza di Doris Fiala.","breadcrumb":{"@id":"https:\/\/www.organisator.ch\/operational-excellence\/2024-11-13\/swiss-cyber-security-days-2025-wechsel-an-der-praesidiumsspitze\/#breadcrumb"},"inLanguage":"it-IT","potentialAction":[{"@type":"ReadAction","target":["https:\/\/www.organisator.ch\/operational-excellence\/2024-11-13\/swiss-cyber-security-days-2025-wechsel-an-der-praesidiumsspitze\/"]}]},{"@type":"ImageObject","inLanguage":"it-IT","@id":"https:\/\/www.organisator.ch\/operational-excellence\/2024-11-13\/swiss-cyber-security-days-2025-wechsel-an-der-praesidiumsspitze\/#primaryimage","url":"https:\/\/www.m-q.ch\/wp-content\/uploads\/2024\/11\/SCSD_Bild1_ps.jpg","contentUrl":"https:\/\/www.m-q.ch\/wp-content\/uploads\/2024\/11\/SCSD_Bild1_ps.jpg"},{"@type":"BreadcrumbList","@id":"https:\/\/www.organisator.ch\/operational-excellence\/2024-11-13\/swiss-cyber-security-days-2025-wechsel-an-der-praesidiumsspitze\/#breadcrumb","itemListElement":[{"@type":"ListItem","position":1,"name":"Home","item":"https:\/\/www.organisator.ch\/"},{"@type":"ListItem","position":2,"name":"Swiss Cyber Security Days 2025: Wechsel an der Pr\u00e4sidiumsspitze"}]},{"@type":"WebSite","@id":"https:\/\/www.organisator.ch\/#website","url":"https:\/\/www.organisator.ch\/","name":"Organizzatore","description":"Competente. Pratico. In 10 numeri all'anno, ORGANISATOR presenta i temi essenziali per i manager delle PMI.","publisher":{"@id":"https:\/\/www.organisator.ch\/#organization"},"potentialAction":[{"@type":"SearchAction","target":{"@type":"EntryPoint","urlTemplate":"https:\/\/www.organisator.ch\/?s={search_term_string}"},"query-input":{"@type":"PropertyValueSpecification","valueRequired":true,"valueName":"search_term_string"}}],"inLanguage":"it-IT"},{"@type":"Organization","@id":"https:\/\/www.organisator.ch\/#organization","name":"Organizzatore","url":"https:\/\/www.organisator.ch\/","logo":{"@type":"ImageObject","inLanguage":"it-IT","@id":"https:\/\/www.organisator.ch\/#\/schema\/logo\/image\/","url":"https:\/\/www.organisator.ch\/wp-content\/uploads\/2022\/01\/Logo_Organisator_Website.png","contentUrl":"https:\/\/www.organisator.ch\/wp-content\/uploads\/2022\/01\/Logo_Organisator_Website.png","width":800,"height":77,"caption":"Organisator"},"image":{"@id":"https:\/\/www.organisator.ch\/#\/schema\/logo\/image\/"},"sameAs":["https:\/\/www.facebook.com\/OrganisatorFachmagazin","https:\/\/www.linkedin.com\/showcase\/organisator-das-magazin-fr-kmu","https:\/\/www.xing.com\/news\/pages\/organisator-ch-695","https:\/\/www.youtube.com\/channel\/UCGP2Sq0iWaZwT3BdIAQFYpw"]},{"@type":"Person","@id":"https:\/\/www.organisator.ch\/#\/schema\/person\/2e1314a2172123f874db408d8911d3f3","name":"Adelisa Kalajdzini","image":{"@type":"ImageObject","inLanguage":"it-IT","@id":"https:\/\/secure.gravatar.com\/avatar\/09a397c22ac58cad6f160ee8306348599df9df58a8ede73696226897b9fa4b24?s=96&d=mm&r=g","url":"https:\/\/secure.gravatar.com\/avatar\/09a397c22ac58cad6f160ee8306348599df9df58a8ede73696226897b9fa4b24?s=96&d=mm&r=g","contentUrl":"https:\/\/secure.gravatar.com\/avatar\/09a397c22ac58cad6f160ee8306348599df9df58a8ede73696226897b9fa4b24?s=96&d=mm&r=g","caption":"Adelisa Kalajdzini"},"url":"https:\/\/www.organisator.ch\/it\/author\/adelisa-kalajdzini\/"}]}},"_links":{"self":[{"href":"https:\/\/www.organisator.ch\/it\/wp-json\/wp\/v2\/posts\/33932","targetHints":{"allow":["GET"]}}],"collection":[{"href":"https:\/\/www.organisator.ch\/it\/wp-json\/wp\/v2\/posts"}],"about":[{"href":"https:\/\/www.organisator.ch\/it\/wp-json\/wp\/v2\/types\/post"}],"author":[{"embeddable":true,"href":"https:\/\/www.organisator.ch\/it\/wp-json\/wp\/v2\/users\/58"}],"replies":[{"embeddable":true,"href":"https:\/\/www.organisator.ch\/it\/wp-json\/wp\/v2\/comments?post=33932"}],"version-history":[{"count":4,"href":"https:\/\/www.organisator.ch\/it\/wp-json\/wp\/v2\/posts\/33932\/revisions"}],"predecessor-version":[{"id":33945,"href":"https:\/\/www.organisator.ch\/it\/wp-json\/wp\/v2\/posts\/33932\/revisions\/33945"}],"wp:attachment":[{"href":"https:\/\/www.organisator.ch\/it\/wp-json\/wp\/v2\/media?parent=33932"}],"wp:term":[{"taxonomy":"category","embeddable":true,"href":"https:\/\/www.organisator.ch\/it\/wp-json\/wp\/v2\/categories?post=33932"},{"taxonomy":"post_tag","embeddable":true,"href":"https:\/\/www.organisator.ch\/it\/wp-json\/wp\/v2\/tags?post=33932"}],"curies":[{"name":"wp","href":"https:\/\/api.w.org\/{rel}","templated":true}]}}