{"id":34013,"date":"2024-11-26T10:23:46","date_gmt":"2024-11-26T09:23:46","guid":{"rendered":"https:\/\/www.markt-kom.com\/?p=227076"},"modified":"2024-11-26T10:23:46","modified_gmt":"2024-11-26T09:23:46","slug":"michael-hinderling-verabschiedet-sich-von-dept","status":"publish","type":"post","link":"https:\/\/www.organisator.ch\/it\/marketing\/2024-11-26\/michael-hinderling-verabschiedet-sich-von-dept\/","title":{"rendered":"Michael Hinderling dice addio a Dept"},"content":{"rendered":"<figure id=\"attachment_227077\" aria-describedby=\"caption-attachment-227077\" style=\"width: 704px\" class=\"wp-caption aligncenter\"><img decoding=\"async\" class=\"size-full wp-image-227077\" src=\"https:\/\/www.markt-kom.com\/wp-content\/uploads\/2024\/11\/michael-hinderling-verlasst-dept-Bild-zvG.jpg\" alt=\"\" width=\"704\" height=\"528\" srcset=\"https:\/\/www.markt-kom.com\/wp-content\/uploads\/2024\/11\/michael-hinderling-verlasst-dept-Bild-zvG.jpg 704w, https:\/\/www.markt-kom.com\/wp-content\/uploads\/2024\/11\/michael-hinderling-verlasst-dept-Bild-zvG-600x450.jpg 600w, https:\/\/www.markt-kom.com\/wp-content\/uploads\/2024\/11\/michael-hinderling-verlasst-dept-Bild-zvG-16x12.jpg 16w, https:\/\/www.markt-kom.com\/wp-content\/uploads\/2024\/11\/michael-hinderling-verlasst-dept-Bild-zvG-233x175.jpg 233w, https:\/\/www.markt-kom.com\/wp-content\/uploads\/2024\/11\/michael-hinderling-verlasst-dept-Bild-zvG-467x350.jpg 467w\" sizes=\"(max-width: 704px) 100vw, 704px\" \/><figcaption id=\"caption-attachment-227077\" class=\"wp-caption-text\">(Immagine: zVg.)<\/figcaption><\/figure>\n<p>Michael Hinderling lascia Dept dopo quasi cinque anni di collaborazione con l'agenzia. Il suo periodo in agenzia si conclude dopo una serata di successo ai Best of Swiss Apps Awards di quest'anno. L'applicazione mobile per l'azienda di energia solare Helion ha vinto diversi premi, tra cui il Best of Swiss Apps Awards. <a href=\"https:\/\/www.markt-kom.com\/de\/markom\/awards\/best-of-swiss-apps-ein-gold-hattrick-und-eine-vierfache-software-kuer\/\"  rel=\"noopener\">prestigioso Master<\/a>. Una conclusione di successo per i suoi anni presso l'agenzia, come riportato in un comunicato stampa.<\/p>\n<p>Dalla fusione di Hinderling Volkart e Dept, Michael Hinderling \u00e8 stato responsabile della nuova unit\u00e0 svizzera. Due anni dopo, ha spostato la sua attenzione sulla consulenza strategica e sui progetti individuali innovativi. Durante il periodo trascorso in Dept, Hinderling ha anche completato una formazione sull'intelligenza artificiale e sulle sue implicazioni per le strategie aziendali presso il MIT. Parallelamente al lavoro in agenzia, ha lavorato come designer indipendente, fornendo ai propri clienti strategie di marca, identit\u00e0 digitali e siti web.<\/p>\n<p>Secondo il comunicato stampa, Michael Hinderling vuole ora affrontare nuove sfide e visioni. Il suo prossimo progetto \u00e8 la concettualizzazione di un museo immersivo che combiner\u00e0 mondi digitali e fisici. Hinderling sta anche valutando la possibilit\u00e0 di fondare un'agenzia boutique dopo la sua uscita da Dept, come lui stesso ha comunicato. Sta semplicemente aspettando l'opportunit\u00e0 e la costellazione giusta. <em>(Dajana Dakic\/cka\/swi)<\/em><\/p>\n<hr \/>\n<p><a href=\"https:\/\/www.netzwoche.ch\/news\/2024-11-25\/michael-hinderling-verabschiedet-sich-von-dept\"  rel=\"noopener\"><em>Questo articolo \u00e8 apparso per la prima volta su Netzwoche.<\/em><\/a><\/p>","protected":false},"excerpt":{"rendered":"<p>Dopo quasi cinque anni come direttore creativo di Dept, Michael Hinderling lascia l'agenzia. Si sta dedicando al suo prossimo progetto, la progettazione di un museo immersivo.<\/p>","protected":false},"author":8,"featured_media":0,"comment_status":"closed","ping_status":"closed","sticky":false,"template":"","format":"standard","meta":{"_acf_changed":false,"_yoast_wpseo_focuskw":"","_yoast_wpseo_metadesc":"","articlekey":"","footnotes":""},"categories":[29],"tags":[4345,4852,2853],"class_list":["post-34013","post","type-post","status-publish","format-standard","hentry","category-marketing","tag-business","tag-dept","tag-jobchange"],"acf":[],"yoast_head":"<!-- This site is optimized with the Yoast SEO plugin v27.4 - https:\/\/yoast.com\/product\/yoast-seo-wordpress\/ -->\n<title>Michael Hinderling verabschiedet sich von Dept - Organisator<\/title>\n<meta name=\"robots\" content=\"index, follow, max-snippet:-1, max-image-preview:large, max-video-preview:-1\" \/>\n<link rel=\"canonical\" href=\"https:\/\/www.organisator.ch\/it\/marketing\/2024-11-26\/michael-hinderling-verabschiedet-sich-von-dept\/\" \/>\n<meta property=\"og:locale\" content=\"it_IT\" \/>\n<meta property=\"og:type\" content=\"article\" \/>\n<meta property=\"og:title\" content=\"Michael Hinderling verabschiedet sich von Dept - Organisator\" \/>\n<meta property=\"og:description\" content=\"Nach fast f\u00fcnf Jahren als Creative Director bei Dept verl\u00e4sst Michael Hinderling die Agentur. Er widmet sich seinem n\u00e4chsten Projekt, der Konzeption eines immersiven Museums.\" \/>\n<meta property=\"og:url\" content=\"https:\/\/www.organisator.ch\/it\/marketing\/2024-11-26\/michael-hinderling-verabschiedet-sich-von-dept\/\" \/>\n<meta property=\"og:site_name\" content=\"Organisator\" \/>\n<meta property=\"article:publisher\" content=\"https:\/\/www.facebook.com\/OrganisatorFachmagazin\" \/>\n<meta property=\"article:published_time\" content=\"2024-11-26T09:23:46+00:00\" \/>\n<meta name=\"author\" content=\"galledia\" \/>\n<meta name=\"twitter:card\" content=\"summary_large_image\" \/>\n<meta name=\"twitter:creator\" content=\"@admin\" \/>\n<script type=\"application\/ld+json\" class=\"yoast-schema-graph\">{\"@context\":\"https:\\\/\\\/schema.org\",\"@graph\":[{\"@type\":\"Article\",\"@id\":\"https:\\\/\\\/www.organisator.ch\\\/de\\\/marketing\\\/2024-11-26\\\/michael-hinderling-verabschiedet-sich-von-dept\\\/#article\",\"isPartOf\":{\"@id\":\"https:\\\/\\\/www.organisator.ch\\\/de\\\/marketing\\\/2024-11-26\\\/michael-hinderling-verabschiedet-sich-von-dept\\\/\"},\"author\":{\"name\":\"galledia\",\"@id\":\"https:\\\/\\\/www.organisator.ch\\\/#\\\/schema\\\/person\\\/4e51799071cd2dd1232ac003643ef5f0\"},\"headline\":\"Michael Hinderling verabschiedet sich von Dept\",\"datePublished\":\"2024-11-26T09:23:46+00:00\",\"mainEntityOfPage\":{\"@id\":\"https:\\\/\\\/www.organisator.ch\\\/de\\\/marketing\\\/2024-11-26\\\/michael-hinderling-verabschiedet-sich-von-dept\\\/\"},\"wordCount\":228,\"publisher\":{\"@id\":\"https:\\\/\\\/www.organisator.ch\\\/#organization\"},\"image\":{\"@id\":\"https:\\\/\\\/www.organisator.ch\\\/de\\\/marketing\\\/2024-11-26\\\/michael-hinderling-verabschiedet-sich-von-dept\\\/#primaryimage\"},\"thumbnailUrl\":\"https:\\\/\\\/www.markt-kom.com\\\/wp-content\\\/uploads\\\/2024\\\/11\\\/michael-hinderling-verlasst-dept-Bild-zvG.jpg\",\"keywords\":[\"Business\",\"Dept\",\"Jobchange\"],\"articleSection\":[\"MARKETING\"],\"inLanguage\":\"it-IT\"},{\"@type\":\"WebPage\",\"@id\":\"https:\\\/\\\/www.organisator.ch\\\/de\\\/marketing\\\/2024-11-26\\\/michael-hinderling-verabschiedet-sich-von-dept\\\/\",\"url\":\"https:\\\/\\\/www.organisator.ch\\\/de\\\/marketing\\\/2024-11-26\\\/michael-hinderling-verabschiedet-sich-von-dept\\\/\",\"name\":\"Michael Hinderling verabschiedet sich von Dept - Organisator\",\"isPartOf\":{\"@id\":\"https:\\\/\\\/www.organisator.ch\\\/#website\"},\"primaryImageOfPage\":{\"@id\":\"https:\\\/\\\/www.organisator.ch\\\/de\\\/marketing\\\/2024-11-26\\\/michael-hinderling-verabschiedet-sich-von-dept\\\/#primaryimage\"},\"image\":{\"@id\":\"https:\\\/\\\/www.organisator.ch\\\/de\\\/marketing\\\/2024-11-26\\\/michael-hinderling-verabschiedet-sich-von-dept\\\/#primaryimage\"},\"thumbnailUrl\":\"https:\\\/\\\/www.markt-kom.com\\\/wp-content\\\/uploads\\\/2024\\\/11\\\/michael-hinderling-verlasst-dept-Bild-zvG.jpg\",\"datePublished\":\"2024-11-26T09:23:46+00:00\",\"breadcrumb\":{\"@id\":\"https:\\\/\\\/www.organisator.ch\\\/de\\\/marketing\\\/2024-11-26\\\/michael-hinderling-verabschiedet-sich-von-dept\\\/#breadcrumb\"},\"inLanguage\":\"it-IT\",\"potentialAction\":[{\"@type\":\"ReadAction\",\"target\":[\"https:\\\/\\\/www.organisator.ch\\\/de\\\/marketing\\\/2024-11-26\\\/michael-hinderling-verabschiedet-sich-von-dept\\\/\"]}]},{\"@type\":\"ImageObject\",\"inLanguage\":\"it-IT\",\"@id\":\"https:\\\/\\\/www.organisator.ch\\\/de\\\/marketing\\\/2024-11-26\\\/michael-hinderling-verabschiedet-sich-von-dept\\\/#primaryimage\",\"url\":\"https:\\\/\\\/www.markt-kom.com\\\/wp-content\\\/uploads\\\/2024\\\/11\\\/michael-hinderling-verlasst-dept-Bild-zvG.jpg\",\"contentUrl\":\"https:\\\/\\\/www.markt-kom.com\\\/wp-content\\\/uploads\\\/2024\\\/11\\\/michael-hinderling-verlasst-dept-Bild-zvG.jpg\"},{\"@type\":\"BreadcrumbList\",\"@id\":\"https:\\\/\\\/www.organisator.ch\\\/de\\\/marketing\\\/2024-11-26\\\/michael-hinderling-verabschiedet-sich-von-dept\\\/#breadcrumb\",\"itemListElement\":[{\"@type\":\"ListItem\",\"position\":1,\"name\":\"Home\",\"item\":\"https:\\\/\\\/www.organisator.ch\\\/\"},{\"@type\":\"ListItem\",\"position\":2,\"name\":\"Michael Hinderling verabschiedet sich von Dept\"}]},{\"@type\":\"WebSite\",\"@id\":\"https:\\\/\\\/www.organisator.ch\\\/#website\",\"url\":\"https:\\\/\\\/www.organisator.ch\\\/\",\"name\":\"Organisator\",\"description\":\"Kompetent. Praxisnah. Der ORGANISATOR bereitet in 10 Ausgaben pro Jahr die wesentlichen Themen f\u00fcr F\u00fchrungskr\u00e4fte von KMU auf.\",\"publisher\":{\"@id\":\"https:\\\/\\\/www.organisator.ch\\\/#organization\"},\"potentialAction\":[{\"@type\":\"SearchAction\",\"target\":{\"@type\":\"EntryPoint\",\"urlTemplate\":\"https:\\\/\\\/www.organisator.ch\\\/?s={search_term_string}\"},\"query-input\":{\"@type\":\"PropertyValueSpecification\",\"valueRequired\":true,\"valueName\":\"search_term_string\"}}],\"inLanguage\":\"it-IT\"},{\"@type\":\"Organization\",\"@id\":\"https:\\\/\\\/www.organisator.ch\\\/#organization\",\"name\":\"Organisator\",\"url\":\"https:\\\/\\\/www.organisator.ch\\\/\",\"logo\":{\"@type\":\"ImageObject\",\"inLanguage\":\"it-IT\",\"@id\":\"https:\\\/\\\/www.organisator.ch\\\/#\\\/schema\\\/logo\\\/image\\\/\",\"url\":\"https:\\\/\\\/www.organisator.ch\\\/wp-content\\\/uploads\\\/2022\\\/01\\\/Logo_Organisator_Website.png\",\"contentUrl\":\"https:\\\/\\\/www.organisator.ch\\\/wp-content\\\/uploads\\\/2022\\\/01\\\/Logo_Organisator_Website.png\",\"width\":800,\"height\":77,\"caption\":\"Organisator\"},\"image\":{\"@id\":\"https:\\\/\\\/www.organisator.ch\\\/#\\\/schema\\\/logo\\\/image\\\/\"},\"sameAs\":[\"https:\\\/\\\/www.facebook.com\\\/OrganisatorFachmagazin\",\"https:\\\/\\\/www.linkedin.com\\\/showcase\\\/organisator-das-magazin-fr-kmu\",\"https:\\\/\\\/www.xing.com\\\/news\\\/pages\\\/organisator-ch-695\",\"https:\\\/\\\/www.youtube.com\\\/channel\\\/UCGP2Sq0iWaZwT3BdIAQFYpw\"]},{\"@type\":\"Person\",\"@id\":\"https:\\\/\\\/www.organisator.ch\\\/#\\\/schema\\\/person\\\/4e51799071cd2dd1232ac003643ef5f0\",\"name\":\"galledia\",\"image\":{\"@type\":\"ImageObject\",\"inLanguage\":\"it-IT\",\"@id\":\"https:\\\/\\\/secure.gravatar.com\\\/avatar\\\/78a7f90c01fc2bfc875782a0d4922b37cde2cf184ce347b91316d23cd7f69a36?s=96&d=mm&r=g\",\"url\":\"https:\\\/\\\/secure.gravatar.com\\\/avatar\\\/78a7f90c01fc2bfc875782a0d4922b37cde2cf184ce347b91316d23cd7f69a36?s=96&d=mm&r=g\",\"contentUrl\":\"https:\\\/\\\/secure.gravatar.com\\\/avatar\\\/78a7f90c01fc2bfc875782a0d4922b37cde2cf184ce347b91316d23cd7f69a36?s=96&d=mm&r=g\",\"caption\":\"galledia\"},\"sameAs\":[\"https:\\\/\\\/x.com\\\/admin\"],\"url\":\"https:\\\/\\\/www.organisator.ch\\\/it\\\/author\\\/galledia\\\/\"}]}<\/script>\n<!-- \/ Yoast SEO plugin. -->","yoast_head_json":{"title":"Michael Hinderling dice addio a Dept - Organizzatore","robots":{"index":"index","follow":"follow","max-snippet":"max-snippet:-1","max-image-preview":"max-image-preview:large","max-video-preview":"max-video-preview:-1"},"canonical":"https:\/\/www.organisator.ch\/it\/marketing\/2024-11-26\/michael-hinderling-verabschiedet-sich-von-dept\/","og_locale":"it_IT","og_type":"article","og_title":"Michael Hinderling verabschiedet sich von Dept - Organisator","og_description":"Nach fast f\u00fcnf Jahren als Creative Director bei Dept verl\u00e4sst Michael Hinderling die Agentur. Er widmet sich seinem n\u00e4chsten Projekt, der Konzeption eines immersiven Museums.","og_url":"https:\/\/www.organisator.ch\/it\/marketing\/2024-11-26\/michael-hinderling-verabschiedet-sich-von-dept\/","og_site_name":"Organisator","article_publisher":"https:\/\/www.facebook.com\/OrganisatorFachmagazin","article_published_time":"2024-11-26T09:23:46+00:00","author":"galledia","twitter_card":"summary_large_image","twitter_creator":"@admin","schema":{"@context":"https:\/\/schema.org","@graph":[{"@type":"Article","@id":"https:\/\/www.organisator.ch\/de\/marketing\/2024-11-26\/michael-hinderling-verabschiedet-sich-von-dept\/#article","isPartOf":{"@id":"https:\/\/www.organisator.ch\/de\/marketing\/2024-11-26\/michael-hinderling-verabschiedet-sich-von-dept\/"},"author":{"name":"galledia","@id":"https:\/\/www.organisator.ch\/#\/schema\/person\/4e51799071cd2dd1232ac003643ef5f0"},"headline":"Michael Hinderling verabschiedet sich von Dept","datePublished":"2024-11-26T09:23:46+00:00","mainEntityOfPage":{"@id":"https:\/\/www.organisator.ch\/de\/marketing\/2024-11-26\/michael-hinderling-verabschiedet-sich-von-dept\/"},"wordCount":228,"publisher":{"@id":"https:\/\/www.organisator.ch\/#organization"},"image":{"@id":"https:\/\/www.organisator.ch\/de\/marketing\/2024-11-26\/michael-hinderling-verabschiedet-sich-von-dept\/#primaryimage"},"thumbnailUrl":"https:\/\/www.markt-kom.com\/wp-content\/uploads\/2024\/11\/michael-hinderling-verlasst-dept-Bild-zvG.jpg","keywords":["Business","Dept","Jobchange"],"articleSection":["MARKETING"],"inLanguage":"it-IT"},{"@type":"WebPage","@id":"https:\/\/www.organisator.ch\/de\/marketing\/2024-11-26\/michael-hinderling-verabschiedet-sich-von-dept\/","url":"https:\/\/www.organisator.ch\/de\/marketing\/2024-11-26\/michael-hinderling-verabschiedet-sich-von-dept\/","name":"Michael Hinderling dice addio a Dept - Organizzatore","isPartOf":{"@id":"https:\/\/www.organisator.ch\/#website"},"primaryImageOfPage":{"@id":"https:\/\/www.organisator.ch\/de\/marketing\/2024-11-26\/michael-hinderling-verabschiedet-sich-von-dept\/#primaryimage"},"image":{"@id":"https:\/\/www.organisator.ch\/de\/marketing\/2024-11-26\/michael-hinderling-verabschiedet-sich-von-dept\/#primaryimage"},"thumbnailUrl":"https:\/\/www.markt-kom.com\/wp-content\/uploads\/2024\/11\/michael-hinderling-verlasst-dept-Bild-zvG.jpg","datePublished":"2024-11-26T09:23:46+00:00","breadcrumb":{"@id":"https:\/\/www.organisator.ch\/de\/marketing\/2024-11-26\/michael-hinderling-verabschiedet-sich-von-dept\/#breadcrumb"},"inLanguage":"it-IT","potentialAction":[{"@type":"ReadAction","target":["https:\/\/www.organisator.ch\/de\/marketing\/2024-11-26\/michael-hinderling-verabschiedet-sich-von-dept\/"]}]},{"@type":"ImageObject","inLanguage":"it-IT","@id":"https:\/\/www.organisator.ch\/de\/marketing\/2024-11-26\/michael-hinderling-verabschiedet-sich-von-dept\/#primaryimage","url":"https:\/\/www.markt-kom.com\/wp-content\/uploads\/2024\/11\/michael-hinderling-verlasst-dept-Bild-zvG.jpg","contentUrl":"https:\/\/www.markt-kom.com\/wp-content\/uploads\/2024\/11\/michael-hinderling-verlasst-dept-Bild-zvG.jpg"},{"@type":"BreadcrumbList","@id":"https:\/\/www.organisator.ch\/de\/marketing\/2024-11-26\/michael-hinderling-verabschiedet-sich-von-dept\/#breadcrumb","itemListElement":[{"@type":"ListItem","position":1,"name":"Home","item":"https:\/\/www.organisator.ch\/"},{"@type":"ListItem","position":2,"name":"Michael Hinderling verabschiedet sich von Dept"}]},{"@type":"WebSite","@id":"https:\/\/www.organisator.ch\/#website","url":"https:\/\/www.organisator.ch\/","name":"Organizzatore","description":"Competente. Pratico. In 10 numeri all'anno, ORGANISATOR presenta i temi essenziali per i manager delle PMI.","publisher":{"@id":"https:\/\/www.organisator.ch\/#organization"},"potentialAction":[{"@type":"SearchAction","target":{"@type":"EntryPoint","urlTemplate":"https:\/\/www.organisator.ch\/?s={search_term_string}"},"query-input":{"@type":"PropertyValueSpecification","valueRequired":true,"valueName":"search_term_string"}}],"inLanguage":"it-IT"},{"@type":"Organization","@id":"https:\/\/www.organisator.ch\/#organization","name":"Organizzatore","url":"https:\/\/www.organisator.ch\/","logo":{"@type":"ImageObject","inLanguage":"it-IT","@id":"https:\/\/www.organisator.ch\/#\/schema\/logo\/image\/","url":"https:\/\/www.organisator.ch\/wp-content\/uploads\/2022\/01\/Logo_Organisator_Website.png","contentUrl":"https:\/\/www.organisator.ch\/wp-content\/uploads\/2022\/01\/Logo_Organisator_Website.png","width":800,"height":77,"caption":"Organisator"},"image":{"@id":"https:\/\/www.organisator.ch\/#\/schema\/logo\/image\/"},"sameAs":["https:\/\/www.facebook.com\/OrganisatorFachmagazin","https:\/\/www.linkedin.com\/showcase\/organisator-das-magazin-fr-kmu","https:\/\/www.xing.com\/news\/pages\/organisator-ch-695","https:\/\/www.youtube.com\/channel\/UCGP2Sq0iWaZwT3BdIAQFYpw"]},{"@type":"Person","@id":"https:\/\/www.organisator.ch\/#\/schema\/person\/4e51799071cd2dd1232ac003643ef5f0","name":"galledia","image":{"@type":"ImageObject","inLanguage":"it-IT","@id":"https:\/\/secure.gravatar.com\/avatar\/78a7f90c01fc2bfc875782a0d4922b37cde2cf184ce347b91316d23cd7f69a36?s=96&d=mm&r=g","url":"https:\/\/secure.gravatar.com\/avatar\/78a7f90c01fc2bfc875782a0d4922b37cde2cf184ce347b91316d23cd7f69a36?s=96&d=mm&r=g","contentUrl":"https:\/\/secure.gravatar.com\/avatar\/78a7f90c01fc2bfc875782a0d4922b37cde2cf184ce347b91316d23cd7f69a36?s=96&d=mm&r=g","caption":"galledia"},"sameAs":["https:\/\/x.com\/admin"],"url":"https:\/\/www.organisator.ch\/it\/author\/galledia\/"}]}},"_links":{"self":[{"href":"https:\/\/www.organisator.ch\/it\/wp-json\/wp\/v2\/posts\/34013","targetHints":{"allow":["GET"]}}],"collection":[{"href":"https:\/\/www.organisator.ch\/it\/wp-json\/wp\/v2\/posts"}],"about":[{"href":"https:\/\/www.organisator.ch\/it\/wp-json\/wp\/v2\/types\/post"}],"author":[{"embeddable":true,"href":"https:\/\/www.organisator.ch\/it\/wp-json\/wp\/v2\/users\/8"}],"replies":[{"embeddable":true,"href":"https:\/\/www.organisator.ch\/it\/wp-json\/wp\/v2\/comments?post=34013"}],"version-history":[{"count":2,"href":"https:\/\/www.organisator.ch\/it\/wp-json\/wp\/v2\/posts\/34013\/revisions"}],"predecessor-version":[{"id":34031,"href":"https:\/\/www.organisator.ch\/it\/wp-json\/wp\/v2\/posts\/34013\/revisions\/34031"}],"wp:attachment":[{"href":"https:\/\/www.organisator.ch\/it\/wp-json\/wp\/v2\/media?parent=34013"}],"wp:term":[{"taxonomy":"category","embeddable":true,"href":"https:\/\/www.organisator.ch\/it\/wp-json\/wp\/v2\/categories?post=34013"},{"taxonomy":"post_tag","embeddable":true,"href":"https:\/\/www.organisator.ch\/it\/wp-json\/wp\/v2\/tags?post=34013"}],"curies":[{"name":"wp","href":"https:\/\/api.w.org\/{rel}","templated":true}]}}