{"id":34034,"date":"2024-11-27T09:25:30","date_gmt":"2024-11-27T08:25:30","guid":{"rendered":"https:\/\/www.organisator.ch\/?p=34034"},"modified":"2024-11-26T16:25:43","modified_gmt":"2024-11-26T15:25:43","slug":"neue-wege-fuer-digitale-zukunftskompetenzen","status":"publish","type":"post","link":"https:\/\/www.organisator.ch\/it\/weiterbildung\/2024-11-27\/neue-wege-fuer-digitale-zukunftskompetenzen\/","title":{"rendered":"Nuovi percorsi per le competenze digitali del futuro"},"content":{"rendered":"<figure id=\"attachment_34035\" aria-describedby=\"caption-attachment-34035\" style=\"width: 680px\" class=\"wp-caption alignnone\"><img loading=\"lazy\" decoding=\"async\" class=\"size-full wp-image-34035\" src=\"https:\/\/www.organisator.ch\/wp-content\/uploads\/2024\/11\/FHNW_Bild1_ps.jpg\" alt=\"\" width=\"680\" height=\"348\" srcset=\"https:\/\/www.organisator.ch\/wp-content\/uploads\/2024\/11\/FHNW_Bild1_ps.jpg 680w, https:\/\/www.organisator.ch\/wp-content\/uploads\/2024\/11\/FHNW_Bild1_ps-18x9.jpg 18w, https:\/\/www.organisator.ch\/wp-content\/uploads\/2024\/11\/FHNW_Bild1_ps-375x192.jpg 375w\" sizes=\"auto, (max-width: 680px) 100vw, 680px\" \/><figcaption id=\"caption-attachment-34035\" class=\"wp-caption-text\">I nuovi programmi MAS rafforzano gli specialisti IT in Svizzera. Focus sulle competenze di cybersecurity e leadership digitale. (Immagine: FHNW)<\/figcaption><\/figure>\n<p>I programmi sono stati sviluppati per affrontare la grave carenza di competenze nel settore IT e rafforzare la competitivit\u00e0 dell'economia svizzera. Mentre il programma MAS Leadership in Cybersecurity affronta in modo specifico la crescente minaccia degli attacchi informatici, il MAS Digital Leadership in IT si concentra sulla promozione delle competenze di leadership per la trasformazione digitale. Entrambi i programmi sono stati pensati per le future competenze di specialisti e manager e per le loro organizzazioni.<\/p>\n<p>I nuovi programmi affineranno i profili di competenze dei laureati in un mondo digitale in rapida evoluzione e ricco di sfide. La particolarit\u00e0 dei nuovi programmi MAS \u00e8 la loro struttura modulare, che consente ai laureati di prenotarli in modo flessibile.<\/p>\n<h3><strong>MAS Leadership digitale nell'IT<\/strong><\/h3>\n<p>Questo programma \u00e8 stato sviluppato per professionisti e manager IT esperti che desiderano ampliare le proprie capacit\u00e0 di gestione strategica e digitale e rafforzare le proprie competenze di leadership. Il programma si concentra sulle competenze fondamentali di tecnologia, business e leadership:<\/p>\n<ul>\n<li>Una moderna leadership orientata alle persone<\/li>\n<li>Gestione della tecnologia<\/li>\n<li>Trasformazione digitale del business<\/li>\n<\/ul>\n<p>In questo programma, i partecipanti acquisiscono anche la certificazione Agile Business Professional, riconosciuta a livello internazionale.<\/p>\n<h3><strong>Leadership MAS nella sicurezza informatica<\/strong><\/h3>\n<p>Questo programma \u00e8 pensato per esperti di sicurezza informatica e manager che desiderano ampliare le proprie competenze nella gestione strategica della cybersecurity e assumere posizioni dirigenziali. I partecipanti sono preparati a guidare team di sicurezza, organizzare campagne di sensibilizzazione e supportare il management nelle decisioni strategiche. Questa formazione si concentra sulle competenze fondamentali:<\/p>\n<ul>\n<li>Una moderna leadership orientata alle persone<\/li>\n<li>Gestione della cybersecurity con standard BSI, ISO e NIST<\/li>\n<li>Strategie e funzionamento della cybersecurity supportata dall'IA<\/li>\n<\/ul>\n<p>In questo programma, i partecipanti possono anche acquisire i seguenti certificati:<\/p>\n<ul>\n<li>Certificazioni BSI e ISO integrate<\/li>\n<li>Certificazione di Agile Business Professional<\/li>\n<li>Audit, certificazione integrata CyberTech alimentata dall'intelligenza artificiale<\/li>\n<\/ul>\n<p><em>Fonte: <a href=\"http:\/\/www.fhnw.ch\">www.fhnw.ch<\/a><\/em><\/p>","protected":false},"excerpt":{"rendered":"<p>Con due nuovi programmi modulari di formazione continua - il Master of Advanced Studies (MAS) Digital Leadership in IT e il MAS Leadership in Cybersecurity - la School of Business della FHNW University of Applied Sciences and Arts Northwestern Switzerland risponde alle urgenti esigenze della trasformazione digitale con l'inclusione dell'intelligenza artificiale (AI).<\/p>","protected":false},"author":80,"featured_media":34035,"comment_status":"closed","ping_status":"closed","sticky":false,"template":"","format":"standard","meta":{"_acf_changed":false,"_yoast_wpseo_focuskw":"MAS-Programme","_yoast_wpseo_metadesc":"Neue MAS-Programme st\u00e4rken IT-Fachkr\u00e4fte in der Schweiz. Fokus auf Cybersecurity und digitale F\u00fchrungskompetenzen.","articlekey":"","footnotes":""},"categories":[30],"tags":[3047,192,1168,319,424,2576],"class_list":["post-34034","post","type-post","status-publish","format-standard","has-post-thumbnail","hentry","category-weiterbildung","tag-cybersecurity","tag-fachhochschulen","tag-fhnw","tag-kuenstliche-intelligenz","tag-schweiz","tag-wirtschaft"],"acf":[],"yoast_head":"<!-- This site is optimized with the Yoast SEO plugin v27.4 - https:\/\/yoast.com\/product\/yoast-seo-wordpress\/ -->\n<title>Neue Wege f\u00fcr digitale Zukunftskompetenzen - Organisator<\/title>\n<meta name=\"description\" content=\"Neue MAS-Programme st\u00e4rken IT-Fachkr\u00e4fte in der Schweiz. Fokus auf Cybersecurity und digitale F\u00fchrungskompetenzen.\" \/>\n<meta name=\"robots\" content=\"index, follow, max-snippet:-1, max-image-preview:large, max-video-preview:-1\" \/>\n<link rel=\"canonical\" href=\"https:\/\/www.organisator.ch\/it\/formazione-continua\/2024-11-27\/neue-wege-fuer-digitale-zukunftskompetenzen\/\" \/>\n<meta property=\"og:locale\" content=\"it_IT\" \/>\n<meta property=\"og:type\" content=\"article\" \/>\n<meta property=\"og:title\" content=\"Neue Wege f\u00fcr digitale Zukunftskompetenzen\" \/>\n<meta property=\"og:description\" content=\"Neue MAS-Programme st\u00e4rken IT-Fachkr\u00e4fte in der Schweiz. Fokus auf Cybersecurity und digitale F\u00fchrungskompetenzen.\" \/>\n<meta property=\"og:url\" content=\"https:\/\/www.organisator.ch\/it\/formazione-continua\/2024-11-27\/neue-wege-fuer-digitale-zukunftskompetenzen\/\" \/>\n<meta property=\"og:site_name\" content=\"Organisator\" \/>\n<meta property=\"article:publisher\" content=\"https:\/\/www.facebook.com\/OrganisatorFachmagazin\" \/>\n<meta property=\"article:published_time\" content=\"2024-11-27T08:25:30+00:00\" \/>\n<meta property=\"og:image\" content=\"https:\/\/www.organisator.ch\/wp-content\/uploads\/2024\/11\/FHNW_Bild1_ps.jpg\" \/>\n\t<meta property=\"og:image:width\" content=\"680\" \/>\n\t<meta property=\"og:image:height\" content=\"348\" \/>\n\t<meta property=\"og:image:type\" content=\"image\/jpeg\" \/>\n<meta name=\"author\" content=\"Dzana Muminovic\" \/>\n<meta name=\"twitter:card\" content=\"summary_large_image\" \/>\n<meta name=\"twitter:title\" content=\"Neue Wege f\u00fcr digitale Zukunftskompetenzen\" \/>\n<meta name=\"twitter:description\" content=\"Neue #MAS-Programme st\u00e4rken #IT-Fachkr\u00e4fte in der #Schweiz. Fokus auf #Cybersecurity und digitale #F\u00fchrungskompetenzen.\" \/>\n<meta name=\"twitter:image\" content=\"https:\/\/www.organisator.ch\/wp-content\/uploads\/2024\/11\/FHNW_Bild1_ps.jpg\" \/>\n<script type=\"application\/ld+json\" class=\"yoast-schema-graph\">{\"@context\":\"https:\\\/\\\/schema.org\",\"@graph\":[{\"@type\":\"Article\",\"@id\":\"https:\\\/\\\/www.organisator.ch\\\/weiterbildung\\\/2024-11-27\\\/neue-wege-fuer-digitale-zukunftskompetenzen\\\/#article\",\"isPartOf\":{\"@id\":\"https:\\\/\\\/www.organisator.ch\\\/weiterbildung\\\/2024-11-27\\\/neue-wege-fuer-digitale-zukunftskompetenzen\\\/\"},\"author\":{\"name\":\"Dzana Muminovic\",\"@id\":\"https:\\\/\\\/www.organisator.ch\\\/#\\\/schema\\\/person\\\/afccda3a71c06d4be2ed9100dd163db7\"},\"headline\":\"Neue Wege f\u00fcr digitale Zukunftskompetenzen\",\"datePublished\":\"2024-11-27T08:25:30+00:00\",\"mainEntityOfPage\":{\"@id\":\"https:\\\/\\\/www.organisator.ch\\\/weiterbildung\\\/2024-11-27\\\/neue-wege-fuer-digitale-zukunftskompetenzen\\\/\"},\"wordCount\":313,\"publisher\":{\"@id\":\"https:\\\/\\\/www.organisator.ch\\\/#organization\"},\"image\":{\"@id\":\"https:\\\/\\\/www.organisator.ch\\\/weiterbildung\\\/2024-11-27\\\/neue-wege-fuer-digitale-zukunftskompetenzen\\\/#primaryimage\"},\"thumbnailUrl\":\"https:\\\/\\\/www.organisator.ch\\\/wp-content\\\/uploads\\\/2024\\\/11\\\/FHNW_Bild1_ps.jpg\",\"keywords\":[\"Cybersecurity\",\"Fachhochschulen\",\"FHNW\",\"K\u00fcnstliche Intelligenz\",\"Schweiz\",\"Wirtschaft\"],\"articleSection\":[\"WEITERBILDUNG\"],\"inLanguage\":\"it-IT\"},{\"@type\":\"WebPage\",\"@id\":\"https:\\\/\\\/www.organisator.ch\\\/weiterbildung\\\/2024-11-27\\\/neue-wege-fuer-digitale-zukunftskompetenzen\\\/\",\"url\":\"https:\\\/\\\/www.organisator.ch\\\/weiterbildung\\\/2024-11-27\\\/neue-wege-fuer-digitale-zukunftskompetenzen\\\/\",\"name\":\"Neue Wege f\u00fcr digitale Zukunftskompetenzen - Organisator\",\"isPartOf\":{\"@id\":\"https:\\\/\\\/www.organisator.ch\\\/#website\"},\"primaryImageOfPage\":{\"@id\":\"https:\\\/\\\/www.organisator.ch\\\/weiterbildung\\\/2024-11-27\\\/neue-wege-fuer-digitale-zukunftskompetenzen\\\/#primaryimage\"},\"image\":{\"@id\":\"https:\\\/\\\/www.organisator.ch\\\/weiterbildung\\\/2024-11-27\\\/neue-wege-fuer-digitale-zukunftskompetenzen\\\/#primaryimage\"},\"thumbnailUrl\":\"https:\\\/\\\/www.organisator.ch\\\/wp-content\\\/uploads\\\/2024\\\/11\\\/FHNW_Bild1_ps.jpg\",\"datePublished\":\"2024-11-27T08:25:30+00:00\",\"description\":\"Neue MAS-Programme st\u00e4rken IT-Fachkr\u00e4fte in der Schweiz. Fokus auf Cybersecurity und digitale F\u00fchrungskompetenzen.\",\"breadcrumb\":{\"@id\":\"https:\\\/\\\/www.organisator.ch\\\/weiterbildung\\\/2024-11-27\\\/neue-wege-fuer-digitale-zukunftskompetenzen\\\/#breadcrumb\"},\"inLanguage\":\"it-IT\",\"potentialAction\":[{\"@type\":\"ReadAction\",\"target\":[\"https:\\\/\\\/www.organisator.ch\\\/weiterbildung\\\/2024-11-27\\\/neue-wege-fuer-digitale-zukunftskompetenzen\\\/\"]}]},{\"@type\":\"ImageObject\",\"inLanguage\":\"it-IT\",\"@id\":\"https:\\\/\\\/www.organisator.ch\\\/weiterbildung\\\/2024-11-27\\\/neue-wege-fuer-digitale-zukunftskompetenzen\\\/#primaryimage\",\"url\":\"https:\\\/\\\/www.organisator.ch\\\/wp-content\\\/uploads\\\/2024\\\/11\\\/FHNW_Bild1_ps.jpg\",\"contentUrl\":\"https:\\\/\\\/www.organisator.ch\\\/wp-content\\\/uploads\\\/2024\\\/11\\\/FHNW_Bild1_ps.jpg\",\"width\":680,\"height\":348,\"caption\":\"Neue MAS-Programme st\u00e4rken IT-Fachkr\u00e4fte in der Schweiz. Fokus auf Cybersecurity und digitale F\u00fchrungskompetenzen. (Bild: FHNW)\"},{\"@type\":\"BreadcrumbList\",\"@id\":\"https:\\\/\\\/www.organisator.ch\\\/weiterbildung\\\/2024-11-27\\\/neue-wege-fuer-digitale-zukunftskompetenzen\\\/#breadcrumb\",\"itemListElement\":[{\"@type\":\"ListItem\",\"position\":1,\"name\":\"Home\",\"item\":\"https:\\\/\\\/www.organisator.ch\\\/\"},{\"@type\":\"ListItem\",\"position\":2,\"name\":\"Neue Wege f\u00fcr digitale Zukunftskompetenzen\"}]},{\"@type\":\"WebSite\",\"@id\":\"https:\\\/\\\/www.organisator.ch\\\/#website\",\"url\":\"https:\\\/\\\/www.organisator.ch\\\/\",\"name\":\"Organisator\",\"description\":\"Kompetent. Praxisnah. Der ORGANISATOR bereitet in 10 Ausgaben pro Jahr die wesentlichen Themen f\u00fcr F\u00fchrungskr\u00e4fte von KMU auf.\",\"publisher\":{\"@id\":\"https:\\\/\\\/www.organisator.ch\\\/#organization\"},\"potentialAction\":[{\"@type\":\"SearchAction\",\"target\":{\"@type\":\"EntryPoint\",\"urlTemplate\":\"https:\\\/\\\/www.organisator.ch\\\/?s={search_term_string}\"},\"query-input\":{\"@type\":\"PropertyValueSpecification\",\"valueRequired\":true,\"valueName\":\"search_term_string\"}}],\"inLanguage\":\"it-IT\"},{\"@type\":\"Organization\",\"@id\":\"https:\\\/\\\/www.organisator.ch\\\/#organization\",\"name\":\"Organisator\",\"url\":\"https:\\\/\\\/www.organisator.ch\\\/\",\"logo\":{\"@type\":\"ImageObject\",\"inLanguage\":\"it-IT\",\"@id\":\"https:\\\/\\\/www.organisator.ch\\\/#\\\/schema\\\/logo\\\/image\\\/\",\"url\":\"https:\\\/\\\/www.organisator.ch\\\/wp-content\\\/uploads\\\/2022\\\/01\\\/Logo_Organisator_Website.png\",\"contentUrl\":\"https:\\\/\\\/www.organisator.ch\\\/wp-content\\\/uploads\\\/2022\\\/01\\\/Logo_Organisator_Website.png\",\"width\":800,\"height\":77,\"caption\":\"Organisator\"},\"image\":{\"@id\":\"https:\\\/\\\/www.organisator.ch\\\/#\\\/schema\\\/logo\\\/image\\\/\"},\"sameAs\":[\"https:\\\/\\\/www.facebook.com\\\/OrganisatorFachmagazin\",\"https:\\\/\\\/www.linkedin.com\\\/showcase\\\/organisator-das-magazin-fr-kmu\",\"https:\\\/\\\/www.xing.com\\\/news\\\/pages\\\/organisator-ch-695\",\"https:\\\/\\\/www.youtube.com\\\/channel\\\/UCGP2Sq0iWaZwT3BdIAQFYpw\"]},{\"@type\":\"Person\",\"@id\":\"https:\\\/\\\/www.organisator.ch\\\/#\\\/schema\\\/person\\\/afccda3a71c06d4be2ed9100dd163db7\",\"name\":\"Dzana Muminovic\",\"image\":{\"@type\":\"ImageObject\",\"inLanguage\":\"it-IT\",\"@id\":\"https:\\\/\\\/secure.gravatar.com\\\/avatar\\\/909c5c71aff4b38e88686f2ab2f1ba152571f394f41ed8bae431ea56ced93050?s=96&d=mm&r=g\",\"url\":\"https:\\\/\\\/secure.gravatar.com\\\/avatar\\\/909c5c71aff4b38e88686f2ab2f1ba152571f394f41ed8bae431ea56ced93050?s=96&d=mm&r=g\",\"contentUrl\":\"https:\\\/\\\/secure.gravatar.com\\\/avatar\\\/909c5c71aff4b38e88686f2ab2f1ba152571f394f41ed8bae431ea56ced93050?s=96&d=mm&r=g\",\"caption\":\"Dzana Muminovic\"},\"url\":\"https:\\\/\\\/www.organisator.ch\\\/it\\\/author\\\/dzana-muminovic\\\/\"}]}<\/script>\n<!-- \/ Yoast SEO plugin. -->","yoast_head_json":{"title":"Nuovi percorsi per le competenze digitali del futuro - Organizzatore","description":"I nuovi programmi MAS rafforzano gli specialisti IT in Svizzera. Focus sulle competenze di cybersecurity e leadership digitale.","robots":{"index":"index","follow":"follow","max-snippet":"max-snippet:-1","max-image-preview":"max-image-preview:large","max-video-preview":"max-video-preview:-1"},"canonical":"https:\/\/www.organisator.ch\/it\/formazione-continua\/2024-11-27\/neue-wege-fuer-digitale-zukunftskompetenzen\/","og_locale":"it_IT","og_type":"article","og_title":"Neue Wege f\u00fcr digitale Zukunftskompetenzen","og_description":"Neue MAS-Programme st\u00e4rken IT-Fachkr\u00e4fte in der Schweiz. Fokus auf Cybersecurity und digitale F\u00fchrungskompetenzen.","og_url":"https:\/\/www.organisator.ch\/it\/formazione-continua\/2024-11-27\/neue-wege-fuer-digitale-zukunftskompetenzen\/","og_site_name":"Organisator","article_publisher":"https:\/\/www.facebook.com\/OrganisatorFachmagazin","article_published_time":"2024-11-27T08:25:30+00:00","og_image":[{"width":680,"height":348,"url":"https:\/\/www.organisator.ch\/wp-content\/uploads\/2024\/11\/FHNW_Bild1_ps.jpg","type":"image\/jpeg"}],"author":"Dzana Muminovic","twitter_card":"summary_large_image","twitter_title":"Neue Wege f\u00fcr digitale Zukunftskompetenzen","twitter_description":"Neue #MAS-Programme st\u00e4rken #IT-Fachkr\u00e4fte in der #Schweiz. Fokus auf #Cybersecurity und digitale #F\u00fchrungskompetenzen.","twitter_image":"https:\/\/www.organisator.ch\/wp-content\/uploads\/2024\/11\/FHNW_Bild1_ps.jpg","schema":{"@context":"https:\/\/schema.org","@graph":[{"@type":"Article","@id":"https:\/\/www.organisator.ch\/weiterbildung\/2024-11-27\/neue-wege-fuer-digitale-zukunftskompetenzen\/#article","isPartOf":{"@id":"https:\/\/www.organisator.ch\/weiterbildung\/2024-11-27\/neue-wege-fuer-digitale-zukunftskompetenzen\/"},"author":{"name":"Dzana Muminovic","@id":"https:\/\/www.organisator.ch\/#\/schema\/person\/afccda3a71c06d4be2ed9100dd163db7"},"headline":"Neue Wege f\u00fcr digitale Zukunftskompetenzen","datePublished":"2024-11-27T08:25:30+00:00","mainEntityOfPage":{"@id":"https:\/\/www.organisator.ch\/weiterbildung\/2024-11-27\/neue-wege-fuer-digitale-zukunftskompetenzen\/"},"wordCount":313,"publisher":{"@id":"https:\/\/www.organisator.ch\/#organization"},"image":{"@id":"https:\/\/www.organisator.ch\/weiterbildung\/2024-11-27\/neue-wege-fuer-digitale-zukunftskompetenzen\/#primaryimage"},"thumbnailUrl":"https:\/\/www.organisator.ch\/wp-content\/uploads\/2024\/11\/FHNW_Bild1_ps.jpg","keywords":["Cybersecurity","Fachhochschulen","FHNW","K\u00fcnstliche Intelligenz","Schweiz","Wirtschaft"],"articleSection":["WEITERBILDUNG"],"inLanguage":"it-IT"},{"@type":"WebPage","@id":"https:\/\/www.organisator.ch\/weiterbildung\/2024-11-27\/neue-wege-fuer-digitale-zukunftskompetenzen\/","url":"https:\/\/www.organisator.ch\/weiterbildung\/2024-11-27\/neue-wege-fuer-digitale-zukunftskompetenzen\/","name":"Nuovi percorsi per le competenze digitali del futuro - Organizzatore","isPartOf":{"@id":"https:\/\/www.organisator.ch\/#website"},"primaryImageOfPage":{"@id":"https:\/\/www.organisator.ch\/weiterbildung\/2024-11-27\/neue-wege-fuer-digitale-zukunftskompetenzen\/#primaryimage"},"image":{"@id":"https:\/\/www.organisator.ch\/weiterbildung\/2024-11-27\/neue-wege-fuer-digitale-zukunftskompetenzen\/#primaryimage"},"thumbnailUrl":"https:\/\/www.organisator.ch\/wp-content\/uploads\/2024\/11\/FHNW_Bild1_ps.jpg","datePublished":"2024-11-27T08:25:30+00:00","description":"I nuovi programmi MAS rafforzano gli specialisti IT in Svizzera. Focus sulle competenze di cybersecurity e leadership digitale.","breadcrumb":{"@id":"https:\/\/www.organisator.ch\/weiterbildung\/2024-11-27\/neue-wege-fuer-digitale-zukunftskompetenzen\/#breadcrumb"},"inLanguage":"it-IT","potentialAction":[{"@type":"ReadAction","target":["https:\/\/www.organisator.ch\/weiterbildung\/2024-11-27\/neue-wege-fuer-digitale-zukunftskompetenzen\/"]}]},{"@type":"ImageObject","inLanguage":"it-IT","@id":"https:\/\/www.organisator.ch\/weiterbildung\/2024-11-27\/neue-wege-fuer-digitale-zukunftskompetenzen\/#primaryimage","url":"https:\/\/www.organisator.ch\/wp-content\/uploads\/2024\/11\/FHNW_Bild1_ps.jpg","contentUrl":"https:\/\/www.organisator.ch\/wp-content\/uploads\/2024\/11\/FHNW_Bild1_ps.jpg","width":680,"height":348,"caption":"Neue MAS-Programme st\u00e4rken IT-Fachkr\u00e4fte in der Schweiz. Fokus auf Cybersecurity und digitale F\u00fchrungskompetenzen. (Bild: FHNW)"},{"@type":"BreadcrumbList","@id":"https:\/\/www.organisator.ch\/weiterbildung\/2024-11-27\/neue-wege-fuer-digitale-zukunftskompetenzen\/#breadcrumb","itemListElement":[{"@type":"ListItem","position":1,"name":"Home","item":"https:\/\/www.organisator.ch\/"},{"@type":"ListItem","position":2,"name":"Neue Wege f\u00fcr digitale Zukunftskompetenzen"}]},{"@type":"WebSite","@id":"https:\/\/www.organisator.ch\/#website","url":"https:\/\/www.organisator.ch\/","name":"Organizzatore","description":"Competente. Pratico. In 10 numeri all'anno, ORGANISATOR presenta i temi essenziali per i manager delle PMI.","publisher":{"@id":"https:\/\/www.organisator.ch\/#organization"},"potentialAction":[{"@type":"SearchAction","target":{"@type":"EntryPoint","urlTemplate":"https:\/\/www.organisator.ch\/?s={search_term_string}"},"query-input":{"@type":"PropertyValueSpecification","valueRequired":true,"valueName":"search_term_string"}}],"inLanguage":"it-IT"},{"@type":"Organization","@id":"https:\/\/www.organisator.ch\/#organization","name":"Organizzatore","url":"https:\/\/www.organisator.ch\/","logo":{"@type":"ImageObject","inLanguage":"it-IT","@id":"https:\/\/www.organisator.ch\/#\/schema\/logo\/image\/","url":"https:\/\/www.organisator.ch\/wp-content\/uploads\/2022\/01\/Logo_Organisator_Website.png","contentUrl":"https:\/\/www.organisator.ch\/wp-content\/uploads\/2022\/01\/Logo_Organisator_Website.png","width":800,"height":77,"caption":"Organisator"},"image":{"@id":"https:\/\/www.organisator.ch\/#\/schema\/logo\/image\/"},"sameAs":["https:\/\/www.facebook.com\/OrganisatorFachmagazin","https:\/\/www.linkedin.com\/showcase\/organisator-das-magazin-fr-kmu","https:\/\/www.xing.com\/news\/pages\/organisator-ch-695","https:\/\/www.youtube.com\/channel\/UCGP2Sq0iWaZwT3BdIAQFYpw"]},{"@type":"Person","@id":"https:\/\/www.organisator.ch\/#\/schema\/person\/afccda3a71c06d4be2ed9100dd163db7","name":"Dzana Muminovic","image":{"@type":"ImageObject","inLanguage":"it-IT","@id":"https:\/\/secure.gravatar.com\/avatar\/909c5c71aff4b38e88686f2ab2f1ba152571f394f41ed8bae431ea56ced93050?s=96&d=mm&r=g","url":"https:\/\/secure.gravatar.com\/avatar\/909c5c71aff4b38e88686f2ab2f1ba152571f394f41ed8bae431ea56ced93050?s=96&d=mm&r=g","contentUrl":"https:\/\/secure.gravatar.com\/avatar\/909c5c71aff4b38e88686f2ab2f1ba152571f394f41ed8bae431ea56ced93050?s=96&d=mm&r=g","caption":"Dzana Muminovic"},"url":"https:\/\/www.organisator.ch\/it\/author\/dzana-muminovic\/"}]}},"_links":{"self":[{"href":"https:\/\/www.organisator.ch\/it\/wp-json\/wp\/v2\/posts\/34034","targetHints":{"allow":["GET"]}}],"collection":[{"href":"https:\/\/www.organisator.ch\/it\/wp-json\/wp\/v2\/posts"}],"about":[{"href":"https:\/\/www.organisator.ch\/it\/wp-json\/wp\/v2\/types\/post"}],"author":[{"embeddable":true,"href":"https:\/\/www.organisator.ch\/it\/wp-json\/wp\/v2\/users\/80"}],"replies":[{"embeddable":true,"href":"https:\/\/www.organisator.ch\/it\/wp-json\/wp\/v2\/comments?post=34034"}],"version-history":[{"count":3,"href":"https:\/\/www.organisator.ch\/it\/wp-json\/wp\/v2\/posts\/34034\/revisions"}],"predecessor-version":[{"id":34075,"href":"https:\/\/www.organisator.ch\/it\/wp-json\/wp\/v2\/posts\/34034\/revisions\/34075"}],"wp:featuredmedia":[{"embeddable":true,"href":"https:\/\/www.organisator.ch\/it\/wp-json\/wp\/v2\/media\/34035"}],"wp:attachment":[{"href":"https:\/\/www.organisator.ch\/it\/wp-json\/wp\/v2\/media?parent=34034"}],"wp:term":[{"taxonomy":"category","embeddable":true,"href":"https:\/\/www.organisator.ch\/it\/wp-json\/wp\/v2\/categories?post=34034"},{"taxonomy":"post_tag","embeddable":true,"href":"https:\/\/www.organisator.ch\/it\/wp-json\/wp\/v2\/tags?post=34034"}],"curies":[{"name":"wp","href":"https:\/\/api.w.org\/{rel}","templated":true}]}}