{"id":3405,"date":"2020-10-07T12:52:17","date_gmt":"2020-10-07T10:52:17","guid":{"rendered":"https:\/\/www.umweltperspektiven.ch\/?p=3405"},"modified":"2020-10-07T12:52:17","modified_gmt":"2020-10-07T10:52:17","slug":"erstes-virtual-reality-glacier-experience-besucherzentrum-eroeffnet","status":"publish","type":"post","link":"https:\/\/www.organisator.ch\/it\/allgemein\/2020-10-07\/erstes-virtual-reality-glacier-experience-besucherzentrum-eroeffnet\/","title":{"rendered":"Aperto il primo centro visitatori \"Virtual Reality Glacier Experience"},"content":{"rendered":"<figure id=\"attachment_3406\" aria-describedby=\"caption-attachment-3406\" style=\"width: 680px\" class=\"wp-caption alignnone\"><img loading=\"lazy\" decoding=\"async\" class=\"wp-image-3406 size-medium\" src=\"\/\/www.umweltperspektiven.ch\/wp-content\/uploads\/2020\/10\/vrge-glacierexperience-auszug-gletscher-rgb.jpg\" alt=\"\" width=\"680\" height=\"412\" \/><figcaption id=\"caption-attachment-3406\" class=\"wp-caption-text\">Nel nuovo centro visitatori del ghiacciaio di Pontresina si possono sperimentare impressioni tramite la realt\u00e0 virtuale che altrimenti solo i glaciologi possono vedere. (Fonte: GKB)<\/figcaption><\/figure>\n<p>La mostra interattiva Virtual Reality Glacier Experience fornisce risposte sui temi dei ghiacciai e dell'acqua e porta i visitatori in un viaggio nello spazio e nel tempo. I visitatori interessati possono immergersi nel passato e nel futuro e sperimentare l'area intorno al ghiacciaio Morteratsch in quattro tour virtuali. Il ritiro della lingua del ghiacciaio \u00e8 mostrato sulla base di diversi scenari climatici. Il glaciologo Felix Keller chiarisce cosa sarebbe possibile con il progetto di manutenzione del ghiacciaio MortAlive. L'idea di MortAlive: innevare la lingua del ghiacciaio in estate con neve tecnica dall'acqua di fusione e proteggere cos\u00ec lo strato di ghiaccio. E tutto questo senza elettricit\u00e0.<\/p>\n<p>\"Con la nuova attrazione, stiamo aumentando vividamente la consapevolezza dello scioglimento del ghiacciaio e la necessit\u00e0 di un'azione pionieristica. Una scienza solida unita a un trasferimento di conoscenze all'avanguardia \u00e8 esattamente l'innovazione che la Banca Cantonale Grigione vuole sostenere\", dice il CEO della GKB Daniel Fust. Che sia grande o piccolo, locale o internazionale, questo tema riguarda tutti. Per il suo anniversario, la Banca Cantonale Grigione, insieme a partner rinomati, ha creato un luogo dove la matematica del clima pu\u00f2 essere vissuta. Negli ultimi due anni, nell'ex ristorante della stazione a valle del Diavolezza \u00e8 stata creata un'attrazione che - nello spirito dell'anniversario della banca - vuole essere un esempio duraturo: \"Grazie all'esperienza virtuale del ghiacciaio, i visitatori apprendono quanto sia importante la questione del drenaggio in tutto il mondo e quale pensiero viene dato nei Grigioni per affrontare questa sfida a livello locale\", dice il presidente della banca Peter Fanconi. In mezzo alla natura selvaggia e all'imponente massiccio del Bernina, un tale centro visitatori raggiunge l'effetto ottimale, perch\u00e9 qui si \u00e8 sul luogo dell'azione.<\/p>\n<p>&nbsp;<\/p>\n<table style=\"height: 1530px;\" width=\"1125\">\n<tbody>\n<tr>\n<td><\/td>\n<\/tr>\n<tr>\n<td><\/td>\n<\/tr>\n<tr>\n<td>&nbsp;<\/p>\n<figure id=\"attachment_3407\" aria-describedby=\"caption-attachment-3407\" style=\"width: 500px\" class=\"wp-caption alignnone\"><img loading=\"lazy\" decoding=\"async\" class=\"wp-image-3407 size-full\" src=\"\/\/www.umweltperspektiven.ch\/wp-content\/uploads\/2020\/10\/Pontresina-VR-Glacier-Zentrum-UP_Umwelt-Perspektiven.jpg\" alt=\"\" width=\"500\" height=\"340\" srcset=\"https:\/\/www.organisator.ch\/wp-content\/uploads\/2020\/10\/Pontresina-VR-Glacier-Zentrum-UP_Umwelt-Perspektiven.jpg 500w, https:\/\/www.organisator.ch\/wp-content\/uploads\/2020\/10\/Pontresina-VR-Glacier-Zentrum-UP_Umwelt-Perspektiven-18x12.jpg 18w, https:\/\/www.organisator.ch\/wp-content\/uploads\/2020\/10\/Pontresina-VR-Glacier-Zentrum-UP_Umwelt-Perspektiven-257x175.jpg 257w, https:\/\/www.organisator.ch\/wp-content\/uploads\/2020\/10\/Pontresina-VR-Glacier-Zentrum-UP_Umwelt-Perspektiven-300x204.jpg 300w\" sizes=\"auto, (max-width: 500px) 100vw, 500px\" \/><figcaption id=\"caption-attachment-3407\" class=\"wp-caption-text\">Il presidente della GKB Bank Peter Fanconi, il CEO della GKB Daniel Fust e Markus Moser, CEO della Diavolezza Lagalb AG, inaugurano la \"Virtual Reality Glacier Experience\" (da sinistra).<\/figcaption><\/figure>\n<p style=\"font-style: inherit; font-weight: inherit;\"><strong style=\"font-style: inherit;\">Viaggio nel tempo intorno ai ghiacciai e all'acqua<\/strong><\/p>\n<p style=\"font-style: inherit; font-weight: inherit;\">La mostra interattiva mostra gli effetti del cambiamento climatico sulle alte montagne. \"Come banca dei Grigioni, agiamo naturalmente nell'interesse dell'economia, ma sempre in armonia con la natura e l'ambiente\", spiega Daniel Fust. E continua sottolineando: \"L'acqua \u00e8 l'ancora di salvezza del cantone, il ghiaccio ha modellato le nostre valli, l'acqua minerale \u00e8 tra le migliori e l'energia idroelettrica ci rifornisce in modo affidabile\". Su circa 250 metri quadrati, i visitatori sperimentano un viaggio nel tempo dal passato al futuro. Possibili scenari per il cambiamento del ghiacciaio Morteratsch dal 1875 al 2100 possono essere scoperti con occhiali di realt\u00e0 virtuale o sullo schermo olografico. I visitatori possono essere coinvolti attivamente e, per esempio, aiutare a contare il gallo cedrone. Un'innovazione svizzera \u00e8 tangibile anche nella VR Glacier Experience: NESSY ZeroE. La lancia da neve brevettata produce neve tecnica senza elettricit\u00e0. L'importanza di questa invenzione \u00e8 resa chiara da MortAlive, un progetto per il salvataggio mondiale dei ghiacciai.<\/p>\n<p style=\"font-style: inherit; font-weight: inherit;\"><strong style=\"font-style: inherit;\">Vivi la scienza da vicino<\/strong><\/p>\n<p style=\"font-style: inherit; font-weight: inherit;\">L'esposizione su base scientifica \u00e8 stata resa possibile grazie alla stretta collaborazione con l'Universit\u00e0 delle Arti di Zurigo e l'Universit\u00e0 di Friburgo. Insieme, hanno sviluppato modelli dettagliati del ghiacciaio negli ultimi due anni e hanno creato il mondo virtuale intorno al ghiacciaio Morteratsch a Pontresina. Dal 10 ottobre 2020, la Virtual Reality Glacier Experience presso la stazione a valle della funivia Diavolezza sar\u00e0 aperta ogni giorno per singoli, famiglie e gruppi. L'ingresso \u00e8 gratuito.<\/p>\n<p>&nbsp;<\/p>\n<figure id=\"attachment_3408\" aria-describedby=\"caption-attachment-3408\" style=\"width: 680px\" class=\"wp-caption alignnone\"><img loading=\"lazy\" decoding=\"async\" class=\"wp-image-3408 size-medium\" src=\"\/\/www.umweltperspektiven.ch\/wp-content\/uploads\/2020\/10\/vrge-glacierexperience-ansicht-vrstationen-cmyk.jpg\" alt=\"\" width=\"680\" height=\"492\" \/><figcaption id=\"caption-attachment-3408\" class=\"wp-caption-text\">Una nuova mostra interattiva a Pontresina in Alta Engadina mostra gli effetti del cambiamento climatico. (Tutte le immagini di GKB)<\/figcaption><\/figure>\n<p style=\"font-style: inherit; font-weight: inherit;\"><a style=\"font-style: inherit; font-weight: inherit;\" href=\"\/\/www.glacierexperience.com\/medien\">www.glacierexperience.com\/medien<\/a><\/p>\n<\/td>\n<\/tr>\n<\/tbody>\n<\/table>","protected":false},"excerpt":{"rendered":"<p>Die interaktive Ausstellung Virtual Reality Glacier Experience gibt Antworten rund um die Themen Gletscher und Wasser und nimmt Besucher mit auf eine Reise durch Raum und Zeit. Interessierte k\u00f6nnen in die Vergangenheit und Zukunft eintauchen und das Gebiet rund um den Morteratschgletscher in vier virtuellen Touren erleben. Anhand unterschiedlicher Klimaszenarien wird der R\u00fcckzug der Gletscherzunge [&hellip;]<\/p>\n","protected":false},"author":5,"featured_media":3408,"comment_status":"closed","ping_status":"closed","sticky":false,"template":"","format":"standard","meta":{"_acf_changed":false,"_yoast_wpseo_focuskw":"Virtual Reality Glacier Experience","_yoast_wpseo_metadesc":"Die \u00abVirtual Reality Glacier Experience\u00bb bietet ab dem 10. Oktober 2020 eine weltweit einzigartige, virtuelle Zeitreise rund um den Morteratschgletscher.","articlekey":"","footnotes":""},"categories":[1],"tags":[1124,1297,1298,1532,424,2477],"class_list":["post-3405","post","type-post","status-publish","format-standard","has-post-thumbnail","hentry","category-allgemein","tag-eroeffnung","tag-gletscherforschung","tag-gletscherschmelze","tag-klimawandel","tag-schweiz","tag-virtual-reality"],"acf":[],"yoast_head":"<!-- This site is optimized with the Yoast SEO plugin v27.4 - https:\/\/yoast.com\/product\/yoast-seo-wordpress\/ -->\n<title>Erstes \u00abVirtual Reality Glacier Experience\u00bb Besucherzentrum er\u00f6ffnet - Organisator<\/title>\n<meta name=\"description\" content=\"Die \u00abVirtual Reality Glacier Experience\u00bb bietet ab dem 10. Oktober 2020 eine weltweit einzigartige, virtuelle Zeitreise rund um den Morteratschgletscher.\" \/>\n<meta name=\"robots\" content=\"index, follow, max-snippet:-1, max-image-preview:large, max-video-preview:-1\" \/>\n<link rel=\"canonical\" href=\"https:\/\/www.organisator.ch\/it\/generale\/2020-10-07\/erstes-virtual-reality-glacier-experience-besucherzentrum-eroeffnet\/\" \/>\n<meta property=\"og:locale\" content=\"it_IT\" \/>\n<meta property=\"og:type\" content=\"article\" \/>\n<meta property=\"og:title\" content=\"Erstes \u00abVirtual Reality Glacier Experience\u00bb Besucherzentrum er\u00f6ffnet - Organisator\" \/>\n<meta property=\"og:description\" content=\"Die \u00abVirtual Reality Glacier Experience\u00bb bietet ab dem 10. Oktober 2020 eine weltweit einzigartige, virtuelle Zeitreise rund um den Morteratschgletscher.\" \/>\n<meta property=\"og:url\" content=\"https:\/\/www.organisator.ch\/it\/generale\/2020-10-07\/erstes-virtual-reality-glacier-experience-besucherzentrum-eroeffnet\/\" \/>\n<meta property=\"og:site_name\" content=\"Organisator\" \/>\n<meta property=\"article:publisher\" content=\"https:\/\/www.facebook.com\/OrganisatorFachmagazin\" \/>\n<meta property=\"article:published_time\" content=\"2020-10-07T10:52:17+00:00\" \/>\n<meta property=\"og:image\" content=\"https:\/\/www.organisator.ch\/wp-content\/uploads\/2020\/10\/vrge-glacierexperience-ansicht-vrstationen-cmyk-scaled.jpg\" \/>\n\t<meta property=\"og:image:width\" content=\"2560\" \/>\n\t<meta property=\"og:image:height\" content=\"1851\" \/>\n\t<meta property=\"og:image:type\" content=\"image\/jpeg\" \/>\n<meta name=\"author\" content=\"michael.merz\" \/>\n<meta name=\"twitter:card\" content=\"summary_large_image\" \/>\n<script type=\"application\/ld+json\" class=\"yoast-schema-graph\">{\"@context\":\"https:\\\/\\\/schema.org\",\"@graph\":[{\"@type\":\"Article\",\"@id\":\"https:\\\/\\\/www.organisator.ch\\\/en\\\/general\\\/2020-10-07\\\/erstes-virtual-reality-glacier-experience-besucherzentrum-eroeffnet\\\/#article\",\"isPartOf\":{\"@id\":\"https:\\\/\\\/www.organisator.ch\\\/en\\\/general\\\/2020-10-07\\\/erstes-virtual-reality-glacier-experience-besucherzentrum-eroeffnet\\\/\"},\"author\":{\"name\":\"michael.merz\",\"@id\":\"https:\\\/\\\/www.organisator.ch\\\/#\\\/schema\\\/person\\\/134708ca9321c57b0362cceb7948ffbd\"},\"headline\":\"Erstes \u00abVirtual Reality Glacier Experience\u00bb Besucherzentrum er\u00f6ffnet\",\"datePublished\":\"2020-10-07T10:52:17+00:00\",\"mainEntityOfPage\":{\"@id\":\"https:\\\/\\\/www.organisator.ch\\\/en\\\/general\\\/2020-10-07\\\/erstes-virtual-reality-glacier-experience-besucherzentrum-eroeffnet\\\/\"},\"wordCount\":604,\"publisher\":{\"@id\":\"https:\\\/\\\/www.organisator.ch\\\/#organization\"},\"image\":{\"@id\":\"https:\\\/\\\/www.organisator.ch\\\/en\\\/general\\\/2020-10-07\\\/erstes-virtual-reality-glacier-experience-besucherzentrum-eroeffnet\\\/#primaryimage\"},\"thumbnailUrl\":\"https:\\\/\\\/www.organisator.ch\\\/wp-content\\\/uploads\\\/2020\\\/10\\\/vrge-glacierexperience-ansicht-vrstationen-cmyk-scaled.jpg\",\"keywords\":[\"Er\u00f6ffnung\",\"Gletscherforschung\",\"Gletscherschmelze\",\"Klimawandel\",\"Schweiz\",\"Virtual Reality\"],\"articleSection\":[\"Allgemein\"],\"inLanguage\":\"it-IT\"},{\"@type\":\"WebPage\",\"@id\":\"https:\\\/\\\/www.organisator.ch\\\/en\\\/general\\\/2020-10-07\\\/erstes-virtual-reality-glacier-experience-besucherzentrum-eroeffnet\\\/\",\"url\":\"https:\\\/\\\/www.organisator.ch\\\/en\\\/general\\\/2020-10-07\\\/erstes-virtual-reality-glacier-experience-besucherzentrum-eroeffnet\\\/\",\"name\":\"Erstes \u00abVirtual Reality Glacier Experience\u00bb Besucherzentrum er\u00f6ffnet - Organisator\",\"isPartOf\":{\"@id\":\"https:\\\/\\\/www.organisator.ch\\\/#website\"},\"primaryImageOfPage\":{\"@id\":\"https:\\\/\\\/www.organisator.ch\\\/en\\\/general\\\/2020-10-07\\\/erstes-virtual-reality-glacier-experience-besucherzentrum-eroeffnet\\\/#primaryimage\"},\"image\":{\"@id\":\"https:\\\/\\\/www.organisator.ch\\\/en\\\/general\\\/2020-10-07\\\/erstes-virtual-reality-glacier-experience-besucherzentrum-eroeffnet\\\/#primaryimage\"},\"thumbnailUrl\":\"https:\\\/\\\/www.organisator.ch\\\/wp-content\\\/uploads\\\/2020\\\/10\\\/vrge-glacierexperience-ansicht-vrstationen-cmyk-scaled.jpg\",\"datePublished\":\"2020-10-07T10:52:17+00:00\",\"description\":\"Die \u00abVirtual Reality Glacier Experience\u00bb bietet ab dem 10. Oktober 2020 eine weltweit einzigartige, virtuelle Zeitreise rund um den Morteratschgletscher.\",\"breadcrumb\":{\"@id\":\"https:\\\/\\\/www.organisator.ch\\\/en\\\/general\\\/2020-10-07\\\/erstes-virtual-reality-glacier-experience-besucherzentrum-eroeffnet\\\/#breadcrumb\"},\"inLanguage\":\"it-IT\",\"potentialAction\":[{\"@type\":\"ReadAction\",\"target\":[\"https:\\\/\\\/www.organisator.ch\\\/en\\\/general\\\/2020-10-07\\\/erstes-virtual-reality-glacier-experience-besucherzentrum-eroeffnet\\\/\"]}]},{\"@type\":\"ImageObject\",\"inLanguage\":\"it-IT\",\"@id\":\"https:\\\/\\\/www.organisator.ch\\\/en\\\/general\\\/2020-10-07\\\/erstes-virtual-reality-glacier-experience-besucherzentrum-eroeffnet\\\/#primaryimage\",\"url\":\"https:\\\/\\\/www.organisator.ch\\\/wp-content\\\/uploads\\\/2020\\\/10\\\/vrge-glacierexperience-ansicht-vrstationen-cmyk-scaled.jpg\",\"contentUrl\":\"https:\\\/\\\/www.organisator.ch\\\/wp-content\\\/uploads\\\/2020\\\/10\\\/vrge-glacierexperience-ansicht-vrstationen-cmyk-scaled.jpg\",\"width\":2560,\"height\":1851},{\"@type\":\"BreadcrumbList\",\"@id\":\"https:\\\/\\\/www.organisator.ch\\\/en\\\/general\\\/2020-10-07\\\/erstes-virtual-reality-glacier-experience-besucherzentrum-eroeffnet\\\/#breadcrumb\",\"itemListElement\":[{\"@type\":\"ListItem\",\"position\":1,\"name\":\"Home\",\"item\":\"https:\\\/\\\/www.organisator.ch\\\/\"},{\"@type\":\"ListItem\",\"position\":2,\"name\":\"Erstes \u00abVirtual Reality Glacier Experience\u00bb Besucherzentrum er\u00f6ffnet\"}]},{\"@type\":\"WebSite\",\"@id\":\"https:\\\/\\\/www.organisator.ch\\\/#website\",\"url\":\"https:\\\/\\\/www.organisator.ch\\\/\",\"name\":\"Organisator\",\"description\":\"Kompetent. Praxisnah. Der ORGANISATOR bereitet in 10 Ausgaben pro Jahr die wesentlichen Themen f\u00fcr F\u00fchrungskr\u00e4fte von KMU auf.\",\"publisher\":{\"@id\":\"https:\\\/\\\/www.organisator.ch\\\/#organization\"},\"potentialAction\":[{\"@type\":\"SearchAction\",\"target\":{\"@type\":\"EntryPoint\",\"urlTemplate\":\"https:\\\/\\\/www.organisator.ch\\\/?s={search_term_string}\"},\"query-input\":{\"@type\":\"PropertyValueSpecification\",\"valueRequired\":true,\"valueName\":\"search_term_string\"}}],\"inLanguage\":\"it-IT\"},{\"@type\":\"Organization\",\"@id\":\"https:\\\/\\\/www.organisator.ch\\\/#organization\",\"name\":\"Organisator\",\"url\":\"https:\\\/\\\/www.organisator.ch\\\/\",\"logo\":{\"@type\":\"ImageObject\",\"inLanguage\":\"it-IT\",\"@id\":\"https:\\\/\\\/www.organisator.ch\\\/#\\\/schema\\\/logo\\\/image\\\/\",\"url\":\"https:\\\/\\\/www.organisator.ch\\\/wp-content\\\/uploads\\\/2022\\\/01\\\/Logo_Organisator_Website.png\",\"contentUrl\":\"https:\\\/\\\/www.organisator.ch\\\/wp-content\\\/uploads\\\/2022\\\/01\\\/Logo_Organisator_Website.png\",\"width\":800,\"height\":77,\"caption\":\"Organisator\"},\"image\":{\"@id\":\"https:\\\/\\\/www.organisator.ch\\\/#\\\/schema\\\/logo\\\/image\\\/\"},\"sameAs\":[\"https:\\\/\\\/www.facebook.com\\\/OrganisatorFachmagazin\",\"https:\\\/\\\/www.linkedin.com\\\/showcase\\\/organisator-das-magazin-fr-kmu\",\"https:\\\/\\\/www.xing.com\\\/news\\\/pages\\\/organisator-ch-695\",\"https:\\\/\\\/www.youtube.com\\\/channel\\\/UCGP2Sq0iWaZwT3BdIAQFYpw\"]},{\"@type\":\"Person\",\"@id\":\"https:\\\/\\\/www.organisator.ch\\\/#\\\/schema\\\/person\\\/134708ca9321c57b0362cceb7948ffbd\",\"name\":\"michael.merz\",\"image\":{\"@type\":\"ImageObject\",\"inLanguage\":\"it-IT\",\"@id\":\"https:\\\/\\\/secure.gravatar.com\\\/avatar\\\/?s=96&d=mm&r=g\",\"url\":\"https:\\\/\\\/secure.gravatar.com\\\/avatar\\\/?s=96&d=mm&r=g\",\"contentUrl\":\"https:\\\/\\\/secure.gravatar.com\\\/avatar\\\/?s=96&d=mm&r=g\",\"caption\":\"michael.merz\"},\"url\":\"https:\\\/\\\/www.organisator.ch\\\/it\\\/author\\\/michael-merz\\\/\"}]}<\/script>\n<!-- \/ Yoast SEO plugin. -->","yoast_head_json":{"title":"Apre il primo centro visitatori \"Virtual Reality Glacier Experience\" - Organizzatore","description":"Dal 10 ottobre 2020, la \"Virtual Reality Glacier Experience\" offrir\u00e0 un viaggio virtuale unico nel tempo intorno al ghiacciaio Morteratsch.","robots":{"index":"index","follow":"follow","max-snippet":"max-snippet:-1","max-image-preview":"max-image-preview:large","max-video-preview":"max-video-preview:-1"},"canonical":"https:\/\/www.organisator.ch\/it\/generale\/2020-10-07\/erstes-virtual-reality-glacier-experience-besucherzentrum-eroeffnet\/","og_locale":"it_IT","og_type":"article","og_title":"Erstes \u00abVirtual Reality Glacier Experience\u00bb Besucherzentrum er\u00f6ffnet - Organisator","og_description":"Die \u00abVirtual Reality Glacier Experience\u00bb bietet ab dem 10. Oktober 2020 eine weltweit einzigartige, virtuelle Zeitreise rund um den Morteratschgletscher.","og_url":"https:\/\/www.organisator.ch\/it\/generale\/2020-10-07\/erstes-virtual-reality-glacier-experience-besucherzentrum-eroeffnet\/","og_site_name":"Organisator","article_publisher":"https:\/\/www.facebook.com\/OrganisatorFachmagazin","article_published_time":"2020-10-07T10:52:17+00:00","og_image":[{"width":2560,"height":1851,"url":"https:\/\/www.organisator.ch\/wp-content\/uploads\/2020\/10\/vrge-glacierexperience-ansicht-vrstationen-cmyk-scaled.jpg","type":"image\/jpeg"}],"author":"michael.merz","twitter_card":"summary_large_image","schema":{"@context":"https:\/\/schema.org","@graph":[{"@type":"Article","@id":"https:\/\/www.organisator.ch\/en\/general\/2020-10-07\/erstes-virtual-reality-glacier-experience-besucherzentrum-eroeffnet\/#article","isPartOf":{"@id":"https:\/\/www.organisator.ch\/en\/general\/2020-10-07\/erstes-virtual-reality-glacier-experience-besucherzentrum-eroeffnet\/"},"author":{"name":"michael.merz","@id":"https:\/\/www.organisator.ch\/#\/schema\/person\/134708ca9321c57b0362cceb7948ffbd"},"headline":"Erstes \u00abVirtual Reality Glacier Experience\u00bb Besucherzentrum er\u00f6ffnet","datePublished":"2020-10-07T10:52:17+00:00","mainEntityOfPage":{"@id":"https:\/\/www.organisator.ch\/en\/general\/2020-10-07\/erstes-virtual-reality-glacier-experience-besucherzentrum-eroeffnet\/"},"wordCount":604,"publisher":{"@id":"https:\/\/www.organisator.ch\/#organization"},"image":{"@id":"https:\/\/www.organisator.ch\/en\/general\/2020-10-07\/erstes-virtual-reality-glacier-experience-besucherzentrum-eroeffnet\/#primaryimage"},"thumbnailUrl":"https:\/\/www.organisator.ch\/wp-content\/uploads\/2020\/10\/vrge-glacierexperience-ansicht-vrstationen-cmyk-scaled.jpg","keywords":["Er\u00f6ffnung","Gletscherforschung","Gletscherschmelze","Klimawandel","Schweiz","Virtual Reality"],"articleSection":["Allgemein"],"inLanguage":"it-IT"},{"@type":"WebPage","@id":"https:\/\/www.organisator.ch\/en\/general\/2020-10-07\/erstes-virtual-reality-glacier-experience-besucherzentrum-eroeffnet\/","url":"https:\/\/www.organisator.ch\/en\/general\/2020-10-07\/erstes-virtual-reality-glacier-experience-besucherzentrum-eroeffnet\/","name":"Apre il primo centro visitatori \"Virtual Reality Glacier Experience\" - Organizzatore","isPartOf":{"@id":"https:\/\/www.organisator.ch\/#website"},"primaryImageOfPage":{"@id":"https:\/\/www.organisator.ch\/en\/general\/2020-10-07\/erstes-virtual-reality-glacier-experience-besucherzentrum-eroeffnet\/#primaryimage"},"image":{"@id":"https:\/\/www.organisator.ch\/en\/general\/2020-10-07\/erstes-virtual-reality-glacier-experience-besucherzentrum-eroeffnet\/#primaryimage"},"thumbnailUrl":"https:\/\/www.organisator.ch\/wp-content\/uploads\/2020\/10\/vrge-glacierexperience-ansicht-vrstationen-cmyk-scaled.jpg","datePublished":"2020-10-07T10:52:17+00:00","description":"Dal 10 ottobre 2020, la \"Virtual Reality Glacier Experience\" offrir\u00e0 un viaggio virtuale unico nel tempo intorno al ghiacciaio Morteratsch.","breadcrumb":{"@id":"https:\/\/www.organisator.ch\/en\/general\/2020-10-07\/erstes-virtual-reality-glacier-experience-besucherzentrum-eroeffnet\/#breadcrumb"},"inLanguage":"it-IT","potentialAction":[{"@type":"ReadAction","target":["https:\/\/www.organisator.ch\/en\/general\/2020-10-07\/erstes-virtual-reality-glacier-experience-besucherzentrum-eroeffnet\/"]}]},{"@type":"ImageObject","inLanguage":"it-IT","@id":"https:\/\/www.organisator.ch\/en\/general\/2020-10-07\/erstes-virtual-reality-glacier-experience-besucherzentrum-eroeffnet\/#primaryimage","url":"https:\/\/www.organisator.ch\/wp-content\/uploads\/2020\/10\/vrge-glacierexperience-ansicht-vrstationen-cmyk-scaled.jpg","contentUrl":"https:\/\/www.organisator.ch\/wp-content\/uploads\/2020\/10\/vrge-glacierexperience-ansicht-vrstationen-cmyk-scaled.jpg","width":2560,"height":1851},{"@type":"BreadcrumbList","@id":"https:\/\/www.organisator.ch\/en\/general\/2020-10-07\/erstes-virtual-reality-glacier-experience-besucherzentrum-eroeffnet\/#breadcrumb","itemListElement":[{"@type":"ListItem","position":1,"name":"Home","item":"https:\/\/www.organisator.ch\/"},{"@type":"ListItem","position":2,"name":"Erstes \u00abVirtual Reality Glacier Experience\u00bb Besucherzentrum er\u00f6ffnet"}]},{"@type":"WebSite","@id":"https:\/\/www.organisator.ch\/#website","url":"https:\/\/www.organisator.ch\/","name":"Organizzatore","description":"Competente. Pratico. In 10 numeri all'anno, ORGANISATOR presenta i temi essenziali per i manager delle PMI.","publisher":{"@id":"https:\/\/www.organisator.ch\/#organization"},"potentialAction":[{"@type":"SearchAction","target":{"@type":"EntryPoint","urlTemplate":"https:\/\/www.organisator.ch\/?s={search_term_string}"},"query-input":{"@type":"PropertyValueSpecification","valueRequired":true,"valueName":"search_term_string"}}],"inLanguage":"it-IT"},{"@type":"Organization","@id":"https:\/\/www.organisator.ch\/#organization","name":"Organizzatore","url":"https:\/\/www.organisator.ch\/","logo":{"@type":"ImageObject","inLanguage":"it-IT","@id":"https:\/\/www.organisator.ch\/#\/schema\/logo\/image\/","url":"https:\/\/www.organisator.ch\/wp-content\/uploads\/2022\/01\/Logo_Organisator_Website.png","contentUrl":"https:\/\/www.organisator.ch\/wp-content\/uploads\/2022\/01\/Logo_Organisator_Website.png","width":800,"height":77,"caption":"Organisator"},"image":{"@id":"https:\/\/www.organisator.ch\/#\/schema\/logo\/image\/"},"sameAs":["https:\/\/www.facebook.com\/OrganisatorFachmagazin","https:\/\/www.linkedin.com\/showcase\/organisator-das-magazin-fr-kmu","https:\/\/www.xing.com\/news\/pages\/organisator-ch-695","https:\/\/www.youtube.com\/channel\/UCGP2Sq0iWaZwT3BdIAQFYpw"]},{"@type":"Person","@id":"https:\/\/www.organisator.ch\/#\/schema\/person\/134708ca9321c57b0362cceb7948ffbd","name":"michael.merz","image":{"@type":"ImageObject","inLanguage":"it-IT","@id":"https:\/\/secure.gravatar.com\/avatar\/?s=96&d=mm&r=g","url":"https:\/\/secure.gravatar.com\/avatar\/?s=96&d=mm&r=g","contentUrl":"https:\/\/secure.gravatar.com\/avatar\/?s=96&d=mm&r=g","caption":"michael.merz"},"url":"https:\/\/www.organisator.ch\/it\/author\/michael-merz\/"}]}},"_links":{"self":[{"href":"https:\/\/www.organisator.ch\/it\/wp-json\/wp\/v2\/posts\/3405","targetHints":{"allow":["GET"]}}],"collection":[{"href":"https:\/\/www.organisator.ch\/it\/wp-json\/wp\/v2\/posts"}],"about":[{"href":"https:\/\/www.organisator.ch\/it\/wp-json\/wp\/v2\/types\/post"}],"author":[{"embeddable":true,"href":"https:\/\/www.organisator.ch\/it\/wp-json\/wp\/v2\/users\/5"}],"replies":[{"embeddable":true,"href":"https:\/\/www.organisator.ch\/it\/wp-json\/wp\/v2\/comments?post=3405"}],"version-history":[{"count":0,"href":"https:\/\/www.organisator.ch\/it\/wp-json\/wp\/v2\/posts\/3405\/revisions"}],"wp:featuredmedia":[{"embeddable":true,"href":"https:\/\/www.organisator.ch\/it\/wp-json\/wp\/v2\/media\/3408"}],"wp:attachment":[{"href":"https:\/\/www.organisator.ch\/it\/wp-json\/wp\/v2\/media?parent=3405"}],"wp:term":[{"taxonomy":"category","embeddable":true,"href":"https:\/\/www.organisator.ch\/it\/wp-json\/wp\/v2\/categories?post=3405"},{"taxonomy":"post_tag","embeddable":true,"href":"https:\/\/www.organisator.ch\/it\/wp-json\/wp\/v2\/tags?post=3405"}],"curies":[{"name":"wp","href":"https:\/\/api.w.org\/{rel}","templated":true}]}}