{"id":34090,"date":"2024-11-27T12:18:36","date_gmt":"2024-11-27T11:18:36","guid":{"rendered":"https:\/\/www.markt-kom.com\/?p=227149"},"modified":"2024-11-28T08:23:48","modified_gmt":"2024-11-28T07:23:48","slug":"studie-bezeichnet-digitalisierung-in-der-kommunikation-als-marathon","status":"publish","type":"post","link":"https:\/\/www.organisator.ch\/it\/marketing\/2024-11-27\/studie-bezeichnet-digitalisierung-in-der-kommunikation-als-marathon\/","title":{"rendered":"Lo studio descrive la digitalizzazione della comunicazione come una maratona"},"content":{"rendered":"<p><img class=\"aligncenter size-full wp-image-227150\" src=\"https:\/\/www.markt-kom.com\/wp-content\/uploads\/2024\/11\/CommTech-Index-Report-2024-2025-1.jpg\" sizes=\"(max-width: 1200px) 100vw, 1200px\" srcset=\"https:\/\/www.markt-kom.com\/wp-content\/uploads\/2024\/11\/CommTech-Index-Report-2024-2025-1.jpg 1200w, https:\/\/www.markt-kom.com\/wp-content\/uploads\/2024\/11\/CommTech-Index-Report-2024-2025-1-600x450.jpg 600w, https:\/\/www.markt-kom.com\/wp-content\/uploads\/2024\/11\/CommTech-Index-Report-2024-2025-1-1024x768.jpg 1024w, https:\/\/www.markt-kom.com\/wp-content\/uploads\/2024\/11\/CommTech-Index-Report-2024-2025-1-768x576.jpg 768w, https:\/\/www.markt-kom.com\/wp-content\/uploads\/2024\/11\/CommTech-Index-Report-2024-2025-1-16x12.jpg 16w, https:\/\/www.markt-kom.com\/wp-content\/uploads\/2024\/11\/CommTech-Index-Report-2024-2025-1-233x175.jpg 233w, https:\/\/www.markt-kom.com\/wp-content\/uploads\/2024\/11\/CommTech-Index-Report-2024-2025-1-467x350.jpg 467w, https:\/\/www.markt-kom.com\/wp-content\/uploads\/2024\/11\/CommTech-Index-Report-2024-2025-1-1000x750.jpg 1000w\" alt=\"\" width=\"1200\" height=\"900\" \/><\/p>\r\n<p>Sebbene l'indice sia in fase di stagnazione, i progetti di digitalizzazione sono in atto in tutti i settori, come dimostrano altri dati dell'indagine. Le grandi agenzie di PR, in particolare, hanno capito che la GenAI ha un impatto massiccio sul loro modello di business tradizionale e hanno quindi investito molto. Questo ha permesso loro di aumentare il punteggio dell'indice da 44 a 48 e di superare tutte le aziende. In un confronto tra Paesi, la Svizzera \u00e8 nettamente in testa con un punteggio di 49, mentre l'Austria, con un punteggio di 44, \u00e8 leggermente al di sotto della Germania con 45 punti.<\/p>\r\n<p><strong>La digitalizzazione come maratona <\/strong><\/p>\r\n<p>La consapevolezza che la digitalizzazione non \u00e8 uno sprint ma una maratona si sta diffondendo e si riflette nelle autovalutazioni della posizione di aziende e agenzie in termini di digitalizzazione. Il dato pi\u00f9 sorprendente \u00e8 il calo percentuale dei grandi dipartimenti di comunicazione che si considerano \"innovatori\" nella digitalizzazione. Mentre il 12% riteneva di aver praticamente completato la propria trasformazione digitale nel 2023, quest'anno la percentuale \u00e8 solo dell'1%. \"Ci si rende sempre pi\u00f9 conto che la digitalizzazione richiede pi\u00f9 tempo e maggiori sforzi, soprattutto perch\u00e9 i salti tecnologici - in particolare la GenAI - stanno alzando ancora una volta in modo significativo l'asticella\", spiega Thomas Mickeleit, responsabile del gruppo di lavoro CommTech.<\/p>\r\n<p>Allo stesso tempo, si registra un movimento soprattutto tra le piccole organizzazioni. Se l'anno precedente il 36% si considerava \"ritardatario\", ora la percentuale \u00e8 scesa ad appena il 20%. Ci\u00f2 suggerisce che anche le piccole organizzazioni hanno fatto passi avanti verso la digitalizzazione. \"Ma una cosa \u00e8 chiara: i grandi dipartimenti di comunicazione fanno da apripista alla digitalizzazione. Questo si nota in tutte le dimensioni prese in esame\", afferma Caren Altpeter, co-presidente del Gruppo di lavoro digitale dell'Associazione tedesca delle PR DPRG.<\/p>\r\n<p><strong>Aumento degli investimenti nell'IA<\/strong><\/p>\r\n<p>Se gli intervistati, che non decidono tutti i budget, avranno la meglio, ci saranno pi\u00f9 investimenti in strumenti di IA, formazione e istruzione in particolare. A prima vista, la disponibilit\u00e0 a investire nell'automazione dei processi, nei media di propriet\u00e0 e nella creazione di contenuti \u00e8 incoraggiante. Tuttavia, un confronto con l'anno precedente fa riflettere: In tutti i temi, ad eccezione degli strumenti di intelligenza artificiale e della formazione, la disponibilit\u00e0 a investire sta diminuendo, in alcuni casi drasticamente. \"Questo potrebbe diventare un problema. La forte attenzione agli investimenti nell'IA sta rallentando la digitalizzazione in tutti i settori. Tuttavia, per sfruttare appieno i vantaggi dell'IA, \u00e8 necessaria un'infrastruttura digitale su cui si basano gli strumenti di IA\", avverte il dott. Andreas J\u00e4ggi, direttore generale dell'iniziativa svizzera CommTech ComImpact.<\/p>\r\n<p><strong>I maggiori ostacoli: Integrazione del sistema e mancanza di competenze <\/strong><\/p>\r\n<p>La pi\u00f9 grande barriera alla digitalizzazione rimane l'integrazione dei diversi sistemi. Pi\u00f9 le organizzazioni sono grandi, pi\u00f9 questo fattore diventa importante. Tuttavia, gli intervistati hanno costantemente valutato le barriere come inferiori rispetto all'anno precedente. Molti degli ostacoli sono attribuiti alla mancanza di competenze e abilit\u00e0 nel team. L'autovalutazione degli intervistati sulla loro capacit\u00e0 di identificare le tecnologie utili per il lavoro di comunicazione si discosta molto da questo dato. La maggioranza del 54% ritiene di essere ben o molto ben equipaggiata. \u00c8 quindi ancora pi\u00f9 importante che i comunicatori esaminino attentamente il proprio team e colmino eventuali lacune di competenze.<\/p>\r\n<p><strong>L'IA non viene ancora utilizzata in modo strategico nella comunicazione <\/strong><\/p>\r\n<p>C'\u00e8 grande interesse per l'IA e i comunicatori sono molto pi\u00f9 positivi sull'argomento rispetto alla popolazione nel suo complesso. L'81% degli intervistati in questo sondaggio vede l'IA come un'opportunit\u00e0 per il proprio lavoro. Tuttavia, questo non si riflette ancora nell'utilizzo effettivo. Sebbene pi\u00f9 della met\u00e0 (57%) utilizzi l'IA generativa sul posto di lavoro \"occasionalmente\", solo il 38% ha stabilito che l'IA \u00e8 parte integrante del proprio lavoro ogni giorno. Questa percentuale \u00e8 leggermente pi\u00f9 alta per le agenzie di pubbliche relazioni (44%). Non \u00e8 ancora possibile parlare di un uso strategico dell'IA.<\/p>\r\n<p>Con il 90%, la \"produzione di testi\" \u00e8 attualmente l'applicazione pi\u00f9 utilizzata per l'IA generativa. Il 71% vede nell'uso dell'IA generativa un beneficio grande o addirittura molto grande. Nessuno degli intervistati ha dichiarato di non riconoscere alcun beneficio.<\/p>\r\n<p><strong>La misurazione dell'impatto rimane un lavoro in corso, ma c'\u00e8 speranza<\/strong><\/p>\r\n<p>Secondo l'indagine, solo il 56% di tutti i dipartimenti di comunicazione \u00e8 consapevole del tono con cui si parla di loro. Ci\u00f2 significa che quasi la met\u00e0 dei responsabili della comunicazione non \u00e8 in grado di dire se si parla bene o male della propria azienda. I dati chiave che si avvicinano molto di pi\u00f9 alla comunicazione di successo, come la reputazione, la quota di voce o il valore del marchio, sono utilizzati solo da una minoranza. \"C'\u00e8 quindi molto da recuperare, che pu\u00f2 essere fatto molto rapidamente e con un budget ridotto grazie all'intelligenza artificiale. Gli strumenti di intelligenza artificiale necessari sono stati sviluppati e sono \"a portata di mano\"\", afferma la presidente di PRVA Ingrid Gogl. Questo sembra aver raggiunto anche i responsabili, perch\u00e9 alla domanda su quali cifre chiave dovrebbero essere raccolte in 12-18 mesi, la reputazione (14%), il ritorno sugli investimenti (12%) e il valore del marchio (14%) sono in aumento. Valori ancora bassi, in definitiva, ma un barlume di speranza per un ulteriore sviluppo positivo.<\/p>\r\n<hr \/>\r\n<p><em>Il CommTech Index \u00e8 un indicatore della digitalizzazione dei dipartimenti di comunicazione e delle agenzie di PR in Germania. \u00c8 stato analizzato per la seconda volta nel 2024, includendo per la prima volta Austria e Svizzera. 352 partecipanti hanno preso parte all'indagine. L'indagine CommTech Index \u00e8 stata sostenuta da Convento, Dentsply Sirona, l'Istituto per la ricerca economica e gestionale (IMWF), E.ON Deutschland e SwissRe.<\/em><\/p>\r\n<p><em>Il rapporto 2024\/2025 pu\u00f2 essere <a href=\"https:\/\/agcommtech.de\/commtech-index-report-2024-2025\" rel=\"noopener\">pu\u00f2 essere scaricato gratuitamente dal sito web di AG CommTech.<\/a>.<\/em><\/p>","protected":false},"excerpt":{"rendered":"<p>Nonostante un'ampia gamma di attivit\u00e0 di digitalizzazione nei dipartimenti di comunicazione e nelle agenzie di PR, l'indice CommTech rimane a 45 punti su 100. Questo \u00e8 il risultato del CommTech Index Survey, un sondaggio condotto tra i responsabili della comunicazione delle aziende e delle agenzie di PR della regione DACH.<\/p>","protected":false},"author":8,"featured_media":0,"comment_status":"closed","ping_status":"closed","sticky":false,"template":"","format":"standard","meta":{"_acf_changed":false,"_yoast_wpseo_focuskw":"Digitalisierung","_yoast_wpseo_metadesc":"Trotz stagnierendem Index investieren PR-Agenturen massiv in GenAI und steigern ihren Wert. Schweiz f\u00fchrt im L\u00e4ndervergleich.","articlekey":"","footnotes":""},"categories":[29],"tags":[4861,319,4343,459],"class_list":["post-34090","post","type-post","status-publish","format-standard","hentry","category-marketing","tag-commtech","tag-kuenstliche-intelligenz","tag-markom","tag-studie"],"acf":[],"yoast_head":"<!-- This site is optimized with the Yoast SEO plugin v27.5 - https:\/\/yoast.com\/product\/yoast-seo-wordpress\/ -->\n<title>Studie bezeichnet Digitalisierung in der Kommunikation als Marathon - Organisator<\/title>\n<meta name=\"description\" content=\"Trotz stagnierendem Index investieren PR-Agenturen massiv in GenAI und steigern ihren Wert. Schweiz f\u00fchrt im L\u00e4ndervergleich.\" \/>\n<meta name=\"robots\" content=\"index, follow, max-snippet:-1, max-image-preview:large, max-video-preview:-1\" \/>\n<link rel=\"canonical\" href=\"https:\/\/www.organisator.ch\/it\/marketing\/2024-11-27\/studie-bezeichnet-digitalisierung-in-der-kommunikation-als-marathon\/\" \/>\n<meta property=\"og:locale\" content=\"it_IT\" \/>\n<meta property=\"og:type\" content=\"article\" \/>\n<meta property=\"og:title\" content=\"Studie bezeichnet Digitalisierung in der Kommunikation als Marathon - Organisator\" \/>\n<meta property=\"og:description\" content=\"Trotz stagnierendem Index investieren PR-Agenturen massiv in GenAI und steigern ihren Wert. Schweiz f\u00fchrt im L\u00e4ndervergleich.\" \/>\n<meta property=\"og:url\" content=\"https:\/\/www.organisator.ch\/it\/marketing\/2024-11-27\/studie-bezeichnet-digitalisierung-in-der-kommunikation-als-marathon\/\" \/>\n<meta property=\"og:site_name\" content=\"Organisator\" \/>\n<meta property=\"article:publisher\" content=\"https:\/\/www.facebook.com\/OrganisatorFachmagazin\" \/>\n<meta property=\"article:published_time\" content=\"2024-11-27T11:18:36+00:00\" \/>\n<meta property=\"article:modified_time\" content=\"2024-11-28T07:23:48+00:00\" \/>\n<meta name=\"author\" content=\"galledia\" \/>\n<meta name=\"twitter:card\" content=\"summary_large_image\" \/>\n<meta name=\"twitter:creator\" content=\"@admin\" \/>\n<script type=\"application\/ld+json\" class=\"yoast-schema-graph\">{\"@context\":\"https:\\\/\\\/schema.org\",\"@graph\":[{\"@type\":\"Article\",\"@id\":\"https:\\\/\\\/www.organisator.ch\\\/marketing\\\/2024-11-27\\\/studie-bezeichnet-digitalisierung-in-der-kommunikation-als-marathon\\\/#article\",\"isPartOf\":{\"@id\":\"https:\\\/\\\/www.organisator.ch\\\/marketing\\\/2024-11-27\\\/studie-bezeichnet-digitalisierung-in-der-kommunikation-als-marathon\\\/\"},\"author\":{\"name\":\"galledia\",\"@id\":\"https:\\\/\\\/www.organisator.ch\\\/#\\\/schema\\\/person\\\/4e51799071cd2dd1232ac003643ef5f0\"},\"headline\":\"Studie bezeichnet Digitalisierung in der Kommunikation als Marathon\",\"datePublished\":\"2024-11-27T11:18:36+00:00\",\"dateModified\":\"2024-11-28T07:23:48+00:00\",\"mainEntityOfPage\":{\"@id\":\"https:\\\/\\\/www.organisator.ch\\\/marketing\\\/2024-11-27\\\/studie-bezeichnet-digitalisierung-in-der-kommunikation-als-marathon\\\/\"},\"wordCount\":884,\"publisher\":{\"@id\":\"https:\\\/\\\/www.organisator.ch\\\/#organization\"},\"image\":{\"@id\":\"https:\\\/\\\/www.organisator.ch\\\/marketing\\\/2024-11-27\\\/studie-bezeichnet-digitalisierung-in-der-kommunikation-als-marathon\\\/#primaryimage\"},\"thumbnailUrl\":\"https:\\\/\\\/www.markt-kom.com\\\/wp-content\\\/uploads\\\/2024\\\/11\\\/CommTech-Index-Report-2024-2025-1.jpg\",\"keywords\":[\"Commtech\",\"K\u00fcnstliche Intelligenz\",\"MarKom\",\"Studie\"],\"articleSection\":[\"MARKETING\"],\"inLanguage\":\"it-IT\"},{\"@type\":\"WebPage\",\"@id\":\"https:\\\/\\\/www.organisator.ch\\\/marketing\\\/2024-11-27\\\/studie-bezeichnet-digitalisierung-in-der-kommunikation-als-marathon\\\/\",\"url\":\"https:\\\/\\\/www.organisator.ch\\\/marketing\\\/2024-11-27\\\/studie-bezeichnet-digitalisierung-in-der-kommunikation-als-marathon\\\/\",\"name\":\"Studie bezeichnet Digitalisierung in der Kommunikation als Marathon - Organisator\",\"isPartOf\":{\"@id\":\"https:\\\/\\\/www.organisator.ch\\\/#website\"},\"primaryImageOfPage\":{\"@id\":\"https:\\\/\\\/www.organisator.ch\\\/marketing\\\/2024-11-27\\\/studie-bezeichnet-digitalisierung-in-der-kommunikation-als-marathon\\\/#primaryimage\"},\"image\":{\"@id\":\"https:\\\/\\\/www.organisator.ch\\\/marketing\\\/2024-11-27\\\/studie-bezeichnet-digitalisierung-in-der-kommunikation-als-marathon\\\/#primaryimage\"},\"thumbnailUrl\":\"https:\\\/\\\/www.markt-kom.com\\\/wp-content\\\/uploads\\\/2024\\\/11\\\/CommTech-Index-Report-2024-2025-1.jpg\",\"datePublished\":\"2024-11-27T11:18:36+00:00\",\"dateModified\":\"2024-11-28T07:23:48+00:00\",\"description\":\"Trotz stagnierendem Index investieren PR-Agenturen massiv in GenAI und steigern ihren Wert. Schweiz f\u00fchrt im L\u00e4ndervergleich.\",\"breadcrumb\":{\"@id\":\"https:\\\/\\\/www.organisator.ch\\\/marketing\\\/2024-11-27\\\/studie-bezeichnet-digitalisierung-in-der-kommunikation-als-marathon\\\/#breadcrumb\"},\"inLanguage\":\"it-IT\",\"potentialAction\":[{\"@type\":\"ReadAction\",\"target\":[\"https:\\\/\\\/www.organisator.ch\\\/marketing\\\/2024-11-27\\\/studie-bezeichnet-digitalisierung-in-der-kommunikation-als-marathon\\\/\"]}]},{\"@type\":\"ImageObject\",\"inLanguage\":\"it-IT\",\"@id\":\"https:\\\/\\\/www.organisator.ch\\\/marketing\\\/2024-11-27\\\/studie-bezeichnet-digitalisierung-in-der-kommunikation-als-marathon\\\/#primaryimage\",\"url\":\"https:\\\/\\\/www.markt-kom.com\\\/wp-content\\\/uploads\\\/2024\\\/11\\\/CommTech-Index-Report-2024-2025-1.jpg\",\"contentUrl\":\"https:\\\/\\\/www.markt-kom.com\\\/wp-content\\\/uploads\\\/2024\\\/11\\\/CommTech-Index-Report-2024-2025-1.jpg\"},{\"@type\":\"BreadcrumbList\",\"@id\":\"https:\\\/\\\/www.organisator.ch\\\/marketing\\\/2024-11-27\\\/studie-bezeichnet-digitalisierung-in-der-kommunikation-als-marathon\\\/#breadcrumb\",\"itemListElement\":[{\"@type\":\"ListItem\",\"position\":1,\"name\":\"Home\",\"item\":\"https:\\\/\\\/www.organisator.ch\\\/\"},{\"@type\":\"ListItem\",\"position\":2,\"name\":\"Studie bezeichnet Digitalisierung in der Kommunikation als Marathon\"}]},{\"@type\":\"WebSite\",\"@id\":\"https:\\\/\\\/www.organisator.ch\\\/#website\",\"url\":\"https:\\\/\\\/www.organisator.ch\\\/\",\"name\":\"Organisator\",\"description\":\"Kompetent. Praxisnah. Der ORGANISATOR bereitet in 10 Ausgaben pro Jahr die wesentlichen Themen f\u00fcr F\u00fchrungskr\u00e4fte von KMU auf.\",\"publisher\":{\"@id\":\"https:\\\/\\\/www.organisator.ch\\\/#organization\"},\"potentialAction\":[{\"@type\":\"SearchAction\",\"target\":{\"@type\":\"EntryPoint\",\"urlTemplate\":\"https:\\\/\\\/www.organisator.ch\\\/?s={search_term_string}\"},\"query-input\":{\"@type\":\"PropertyValueSpecification\",\"valueRequired\":true,\"valueName\":\"search_term_string\"}}],\"inLanguage\":\"it-IT\"},{\"@type\":\"Organization\",\"@id\":\"https:\\\/\\\/www.organisator.ch\\\/#organization\",\"name\":\"Organisator\",\"url\":\"https:\\\/\\\/www.organisator.ch\\\/\",\"logo\":{\"@type\":\"ImageObject\",\"inLanguage\":\"it-IT\",\"@id\":\"https:\\\/\\\/www.organisator.ch\\\/#\\\/schema\\\/logo\\\/image\\\/\",\"url\":\"https:\\\/\\\/www.organisator.ch\\\/wp-content\\\/uploads\\\/2022\\\/01\\\/Logo_Organisator_Website.png\",\"contentUrl\":\"https:\\\/\\\/www.organisator.ch\\\/wp-content\\\/uploads\\\/2022\\\/01\\\/Logo_Organisator_Website.png\",\"width\":800,\"height\":77,\"caption\":\"Organisator\"},\"image\":{\"@id\":\"https:\\\/\\\/www.organisator.ch\\\/#\\\/schema\\\/logo\\\/image\\\/\"},\"sameAs\":[\"https:\\\/\\\/www.facebook.com\\\/OrganisatorFachmagazin\",\"https:\\\/\\\/www.linkedin.com\\\/showcase\\\/organisator-das-magazin-fr-kmu\",\"https:\\\/\\\/www.xing.com\\\/news\\\/pages\\\/organisator-ch-695\",\"https:\\\/\\\/www.youtube.com\\\/channel\\\/UCGP2Sq0iWaZwT3BdIAQFYpw\"]},{\"@type\":\"Person\",\"@id\":\"https:\\\/\\\/www.organisator.ch\\\/#\\\/schema\\\/person\\\/4e51799071cd2dd1232ac003643ef5f0\",\"name\":\"galledia\",\"image\":{\"@type\":\"ImageObject\",\"inLanguage\":\"it-IT\",\"@id\":\"https:\\\/\\\/secure.gravatar.com\\\/avatar\\\/78a7f90c01fc2bfc875782a0d4922b37cde2cf184ce347b91316d23cd7f69a36?s=96&d=mm&r=g\",\"url\":\"https:\\\/\\\/secure.gravatar.com\\\/avatar\\\/78a7f90c01fc2bfc875782a0d4922b37cde2cf184ce347b91316d23cd7f69a36?s=96&d=mm&r=g\",\"contentUrl\":\"https:\\\/\\\/secure.gravatar.com\\\/avatar\\\/78a7f90c01fc2bfc875782a0d4922b37cde2cf184ce347b91316d23cd7f69a36?s=96&d=mm&r=g\",\"caption\":\"galledia\"},\"sameAs\":[\"https:\\\/\\\/x.com\\\/admin\"],\"url\":\"https:\\\/\\\/www.organisator.ch\\\/it\\\/author\\\/galledia\\\/\"}]}<\/script>\n<!-- \/ Yoast SEO plugin. -->","yoast_head_json":{"title":"Uno studio descrive la digitalizzazione della comunicazione come una maratona - Organizzatore","description":"Nonostante la stagnazione dell'indice, le agenzie di PR stanno investendo molto in GenAI e ne stanno aumentando il valore. La Svizzera guida il confronto tra i Paesi.","robots":{"index":"index","follow":"follow","max-snippet":"max-snippet:-1","max-image-preview":"max-image-preview:large","max-video-preview":"max-video-preview:-1"},"canonical":"https:\/\/www.organisator.ch\/it\/marketing\/2024-11-27\/studie-bezeichnet-digitalisierung-in-der-kommunikation-als-marathon\/","og_locale":"it_IT","og_type":"article","og_title":"Studie bezeichnet Digitalisierung in der Kommunikation als Marathon - Organisator","og_description":"Trotz stagnierendem Index investieren PR-Agenturen massiv in GenAI und steigern ihren Wert. Schweiz f\u00fchrt im L\u00e4ndervergleich.","og_url":"https:\/\/www.organisator.ch\/it\/marketing\/2024-11-27\/studie-bezeichnet-digitalisierung-in-der-kommunikation-als-marathon\/","og_site_name":"Organisator","article_publisher":"https:\/\/www.facebook.com\/OrganisatorFachmagazin","article_published_time":"2024-11-27T11:18:36+00:00","article_modified_time":"2024-11-28T07:23:48+00:00","author":"galledia","twitter_card":"summary_large_image","twitter_creator":"@admin","schema":{"@context":"https:\/\/schema.org","@graph":[{"@type":"Article","@id":"https:\/\/www.organisator.ch\/marketing\/2024-11-27\/studie-bezeichnet-digitalisierung-in-der-kommunikation-als-marathon\/#article","isPartOf":{"@id":"https:\/\/www.organisator.ch\/marketing\/2024-11-27\/studie-bezeichnet-digitalisierung-in-der-kommunikation-als-marathon\/"},"author":{"name":"galledia","@id":"https:\/\/www.organisator.ch\/#\/schema\/person\/4e51799071cd2dd1232ac003643ef5f0"},"headline":"Studie bezeichnet Digitalisierung in der Kommunikation als Marathon","datePublished":"2024-11-27T11:18:36+00:00","dateModified":"2024-11-28T07:23:48+00:00","mainEntityOfPage":{"@id":"https:\/\/www.organisator.ch\/marketing\/2024-11-27\/studie-bezeichnet-digitalisierung-in-der-kommunikation-als-marathon\/"},"wordCount":884,"publisher":{"@id":"https:\/\/www.organisator.ch\/#organization"},"image":{"@id":"https:\/\/www.organisator.ch\/marketing\/2024-11-27\/studie-bezeichnet-digitalisierung-in-der-kommunikation-als-marathon\/#primaryimage"},"thumbnailUrl":"https:\/\/www.markt-kom.com\/wp-content\/uploads\/2024\/11\/CommTech-Index-Report-2024-2025-1.jpg","keywords":["Commtech","K\u00fcnstliche Intelligenz","MarKom","Studie"],"articleSection":["MARKETING"],"inLanguage":"it-IT"},{"@type":"WebPage","@id":"https:\/\/www.organisator.ch\/marketing\/2024-11-27\/studie-bezeichnet-digitalisierung-in-der-kommunikation-als-marathon\/","url":"https:\/\/www.organisator.ch\/marketing\/2024-11-27\/studie-bezeichnet-digitalisierung-in-der-kommunikation-als-marathon\/","name":"Uno studio descrive la digitalizzazione della comunicazione come una maratona - Organizzatore","isPartOf":{"@id":"https:\/\/www.organisator.ch\/#website"},"primaryImageOfPage":{"@id":"https:\/\/www.organisator.ch\/marketing\/2024-11-27\/studie-bezeichnet-digitalisierung-in-der-kommunikation-als-marathon\/#primaryimage"},"image":{"@id":"https:\/\/www.organisator.ch\/marketing\/2024-11-27\/studie-bezeichnet-digitalisierung-in-der-kommunikation-als-marathon\/#primaryimage"},"thumbnailUrl":"https:\/\/www.markt-kom.com\/wp-content\/uploads\/2024\/11\/CommTech-Index-Report-2024-2025-1.jpg","datePublished":"2024-11-27T11:18:36+00:00","dateModified":"2024-11-28T07:23:48+00:00","description":"Nonostante la stagnazione dell'indice, le agenzie di PR stanno investendo molto in GenAI e ne stanno aumentando il valore. La Svizzera guida il confronto tra i Paesi.","breadcrumb":{"@id":"https:\/\/www.organisator.ch\/marketing\/2024-11-27\/studie-bezeichnet-digitalisierung-in-der-kommunikation-als-marathon\/#breadcrumb"},"inLanguage":"it-IT","potentialAction":[{"@type":"ReadAction","target":["https:\/\/www.organisator.ch\/marketing\/2024-11-27\/studie-bezeichnet-digitalisierung-in-der-kommunikation-als-marathon\/"]}]},{"@type":"ImageObject","inLanguage":"it-IT","@id":"https:\/\/www.organisator.ch\/marketing\/2024-11-27\/studie-bezeichnet-digitalisierung-in-der-kommunikation-als-marathon\/#primaryimage","url":"https:\/\/www.markt-kom.com\/wp-content\/uploads\/2024\/11\/CommTech-Index-Report-2024-2025-1.jpg","contentUrl":"https:\/\/www.markt-kom.com\/wp-content\/uploads\/2024\/11\/CommTech-Index-Report-2024-2025-1.jpg"},{"@type":"BreadcrumbList","@id":"https:\/\/www.organisator.ch\/marketing\/2024-11-27\/studie-bezeichnet-digitalisierung-in-der-kommunikation-als-marathon\/#breadcrumb","itemListElement":[{"@type":"ListItem","position":1,"name":"Home","item":"https:\/\/www.organisator.ch\/"},{"@type":"ListItem","position":2,"name":"Studie bezeichnet Digitalisierung in der Kommunikation als Marathon"}]},{"@type":"WebSite","@id":"https:\/\/www.organisator.ch\/#website","url":"https:\/\/www.organisator.ch\/","name":"Organizzatore","description":"Competente. Pratico. In 10 numeri all'anno, ORGANISATOR presenta i temi essenziali per i manager delle PMI.","publisher":{"@id":"https:\/\/www.organisator.ch\/#organization"},"potentialAction":[{"@type":"SearchAction","target":{"@type":"EntryPoint","urlTemplate":"https:\/\/www.organisator.ch\/?s={search_term_string}"},"query-input":{"@type":"PropertyValueSpecification","valueRequired":true,"valueName":"search_term_string"}}],"inLanguage":"it-IT"},{"@type":"Organization","@id":"https:\/\/www.organisator.ch\/#organization","name":"Organizzatore","url":"https:\/\/www.organisator.ch\/","logo":{"@type":"ImageObject","inLanguage":"it-IT","@id":"https:\/\/www.organisator.ch\/#\/schema\/logo\/image\/","url":"https:\/\/www.organisator.ch\/wp-content\/uploads\/2022\/01\/Logo_Organisator_Website.png","contentUrl":"https:\/\/www.organisator.ch\/wp-content\/uploads\/2022\/01\/Logo_Organisator_Website.png","width":800,"height":77,"caption":"Organisator"},"image":{"@id":"https:\/\/www.organisator.ch\/#\/schema\/logo\/image\/"},"sameAs":["https:\/\/www.facebook.com\/OrganisatorFachmagazin","https:\/\/www.linkedin.com\/showcase\/organisator-das-magazin-fr-kmu","https:\/\/www.xing.com\/news\/pages\/organisator-ch-695","https:\/\/www.youtube.com\/channel\/UCGP2Sq0iWaZwT3BdIAQFYpw"]},{"@type":"Person","@id":"https:\/\/www.organisator.ch\/#\/schema\/person\/4e51799071cd2dd1232ac003643ef5f0","name":"galledia","image":{"@type":"ImageObject","inLanguage":"it-IT","@id":"https:\/\/secure.gravatar.com\/avatar\/78a7f90c01fc2bfc875782a0d4922b37cde2cf184ce347b91316d23cd7f69a36?s=96&d=mm&r=g","url":"https:\/\/secure.gravatar.com\/avatar\/78a7f90c01fc2bfc875782a0d4922b37cde2cf184ce347b91316d23cd7f69a36?s=96&d=mm&r=g","contentUrl":"https:\/\/secure.gravatar.com\/avatar\/78a7f90c01fc2bfc875782a0d4922b37cde2cf184ce347b91316d23cd7f69a36?s=96&d=mm&r=g","caption":"galledia"},"sameAs":["https:\/\/x.com\/admin"],"url":"https:\/\/www.organisator.ch\/it\/author\/galledia\/"}]}},"_links":{"self":[{"href":"https:\/\/www.organisator.ch\/it\/wp-json\/wp\/v2\/posts\/34090","targetHints":{"allow":["GET"]}}],"collection":[{"href":"https:\/\/www.organisator.ch\/it\/wp-json\/wp\/v2\/posts"}],"about":[{"href":"https:\/\/www.organisator.ch\/it\/wp-json\/wp\/v2\/types\/post"}],"author":[{"embeddable":true,"href":"https:\/\/www.organisator.ch\/it\/wp-json\/wp\/v2\/users\/8"}],"replies":[{"embeddable":true,"href":"https:\/\/www.organisator.ch\/it\/wp-json\/wp\/v2\/comments?post=34090"}],"version-history":[{"count":5,"href":"https:\/\/www.organisator.ch\/it\/wp-json\/wp\/v2\/posts\/34090\/revisions"}],"predecessor-version":[{"id":34111,"href":"https:\/\/www.organisator.ch\/it\/wp-json\/wp\/v2\/posts\/34090\/revisions\/34111"}],"wp:attachment":[{"href":"https:\/\/www.organisator.ch\/it\/wp-json\/wp\/v2\/media?parent=34090"}],"wp:term":[{"taxonomy":"category","embeddable":true,"href":"https:\/\/www.organisator.ch\/it\/wp-json\/wp\/v2\/categories?post=34090"},{"taxonomy":"post_tag","embeddable":true,"href":"https:\/\/www.organisator.ch\/it\/wp-json\/wp\/v2\/tags?post=34090"}],"curies":[{"name":"wp","href":"https:\/\/api.w.org\/{rel}","templated":true}]}}