{"id":34098,"date":"2024-11-27T13:06:11","date_gmt":"2024-11-27T12:06:11","guid":{"rendered":"https:\/\/www.markt-kom.com\/?p=227152"},"modified":"2024-11-28T08:25:52","modified_gmt":"2024-11-28T07:25:52","slug":"food-packaging-agentur-milk-eroeffnet-buero-in-zuerich","status":"publish","type":"post","link":"https:\/\/www.organisator.ch\/it\/marketing\/2024-11-27\/food-packaging-agentur-milk-eroeffnet-buero-in-zuerich\/","title":{"rendered":"L'agenzia di packaging alimentare \"Milk\" apre un ufficio a Zurigo"},"content":{"rendered":"<p><img class=\"aligncenter size-full wp-image-227153\" src=\"https:\/\/www.markt-kom.com\/wp-content\/uploads\/2024\/11\/MILK-ads-Markro-Still-quer-03.jpg\" sizes=\"(max-width: 1200px) 100vw, 1200px\" srcset=\"https:\/\/www.markt-kom.com\/wp-content\/uploads\/2024\/11\/MILK-ads-Markro-Still-quer-03.jpg 1200w, https:\/\/www.markt-kom.com\/wp-content\/uploads\/2024\/11\/MILK-ads-Markro-Still-quer-03-600x314.jpg 600w, https:\/\/www.markt-kom.com\/wp-content\/uploads\/2024\/11\/MILK-ads-Markro-Still-quer-03-1024x536.jpg 1024w, https:\/\/www.markt-kom.com\/wp-content\/uploads\/2024\/11\/MILK-ads-Markro-Still-quer-03-768x402.jpg 768w, https:\/\/www.markt-kom.com\/wp-content\/uploads\/2024\/11\/MILK-ads-Markro-Still-quer-03-18x9.jpg 18w, https:\/\/www.markt-kom.com\/wp-content\/uploads\/2024\/11\/MILK-ads-Markro-Still-quer-03-334x175.jpg 334w, https:\/\/www.markt-kom.com\/wp-content\/uploads\/2024\/11\/MILK-ads-Markro-Still-quer-03-669x350.jpg 669w, https:\/\/www.markt-kom.com\/wp-content\/uploads\/2024\/11\/MILK-ads-Markro-Still-quer-03-1000x523.jpg 1000w\" alt=\"\" width=\"1200\" height=\"628\" \/><\/p>\r\n<p>\"Il mercato svizzero combina elevati standard di qualit\u00e0 con una forte etica commerciale. Aprendo la nostra sede di Zurigo, non solo accorciamo le distanze dai nostri clienti, ma possiamo anche rispondere ancora pi\u00f9 da vicino alle loro esigenze specifiche\", spiega l'amministratore delegato Andreas Milk. L'agenzia si occupa di marchi come KitKat, Lion, Ovomaltine e Rama e di start-up come Reloadz Protein-Water. Ora <a href=\"https:\/\/www.milk-food.de\/ch\/\" rel=\"noopener\">Latte<\/a> competenze, creativit\u00e0 e pensiero strategico nel panorama creativo svizzero.<\/p>\r\n<p>In Svizzera, l'agenzia, specializzata nel settore alimentare, mira a rafforzare le partnership esistenti e ad acquisire nuovi clienti. L'agenzia supporta i marchi dall'idea iniziale alla confezione finita e mira anche a creare esperienze multisensoriali che attraggono i consumatori a livello emotivo.<\/p>","protected":false},"excerpt":{"rendered":"<p>Milk, l'agenzia specializzata in packaging e branding alimentare, apre il suo primo ufficio in Svizzera. Con la nuova sede di Zurigo, l'agenzia intende rafforzare la propria vicinanza ai clienti svizzeri ed espandere le proprie attivit\u00e0 in un mercato \"noto per la qualit\u00e0, l'innovazione e il design sofisticato\".<\/p>","protected":false},"author":8,"featured_media":0,"comment_status":"closed","ping_status":"closed","sticky":false,"template":"","format":"standard","meta":{"_acf_changed":false,"_yoast_wpseo_focuskw":"Food-Packaging-Agentur","_yoast_wpseo_metadesc":"Milk Agentur er\u00f6ffnet Z\u00fcrcher B\u00fcro, um Kunden wie KitKat und Ovomaltine besser zu betreuen und neue Partnerschaften zu gewinnen.","articlekey":"","footnotes":""},"categories":[29],"tags":[4345,4862,4863],"class_list":["post-34098","post","type-post","status-publish","format-standard","hentry","category-marketing","tag-business","tag-milk","tag-packaging"],"acf":[],"yoast_head":"<!-- This site is optimized with the Yoast SEO plugin v27.5 - https:\/\/yoast.com\/product\/yoast-seo-wordpress\/ -->\n<title>Food-Packaging-Agentur \u00abMilk\u00bb er\u00f6ffnet B\u00fcro in Z\u00fcrich - Organisator<\/title>\n<meta name=\"description\" content=\"Milk Agentur er\u00f6ffnet Z\u00fcrcher B\u00fcro, um Kunden wie KitKat und Ovomaltine besser zu betreuen und neue Partnerschaften zu gewinnen.\" \/>\n<meta name=\"robots\" content=\"index, follow, max-snippet:-1, max-image-preview:large, max-video-preview:-1\" \/>\n<link rel=\"canonical\" href=\"https:\/\/www.organisator.ch\/it\/marketing\/2024-11-27\/food-packaging-agentur-milk-eroeffnet-buero-in-zuerich\/\" \/>\n<meta property=\"og:locale\" content=\"it_IT\" \/>\n<meta property=\"og:type\" content=\"article\" \/>\n<meta property=\"og:title\" content=\"Food-Packaging-Agentur \u00abMilk\u00bb er\u00f6ffnet B\u00fcro in Z\u00fcrich - Organisator\" \/>\n<meta property=\"og:description\" content=\"Milk Agentur er\u00f6ffnet Z\u00fcrcher B\u00fcro, um Kunden wie KitKat und Ovomaltine besser zu betreuen und neue Partnerschaften zu gewinnen.\" \/>\n<meta property=\"og:url\" content=\"https:\/\/www.organisator.ch\/it\/marketing\/2024-11-27\/food-packaging-agentur-milk-eroeffnet-buero-in-zuerich\/\" \/>\n<meta property=\"og:site_name\" content=\"Organisator\" \/>\n<meta property=\"article:publisher\" content=\"https:\/\/www.facebook.com\/OrganisatorFachmagazin\" \/>\n<meta property=\"article:published_time\" content=\"2024-11-27T12:06:11+00:00\" \/>\n<meta property=\"article:modified_time\" content=\"2024-11-28T07:25:52+00:00\" \/>\n<meta name=\"author\" content=\"galledia\" \/>\n<meta name=\"twitter:card\" content=\"summary_large_image\" \/>\n<meta name=\"twitter:creator\" content=\"@admin\" \/>\n<script type=\"application\/ld+json\" class=\"yoast-schema-graph\">{\"@context\":\"https:\\\/\\\/schema.org\",\"@graph\":[{\"@type\":\"Article\",\"@id\":\"https:\\\/\\\/www.organisator.ch\\\/marketing\\\/2024-11-27\\\/food-packaging-agentur-milk-eroeffnet-buero-in-zuerich\\\/#article\",\"isPartOf\":{\"@id\":\"https:\\\/\\\/www.organisator.ch\\\/marketing\\\/2024-11-27\\\/food-packaging-agentur-milk-eroeffnet-buero-in-zuerich\\\/\"},\"author\":{\"name\":\"galledia\",\"@id\":\"https:\\\/\\\/www.organisator.ch\\\/#\\\/schema\\\/person\\\/4e51799071cd2dd1232ac003643ef5f0\"},\"headline\":\"Food-Packaging-Agentur \u00abMilk\u00bb er\u00f6ffnet B\u00fcro in Z\u00fcrich\",\"datePublished\":\"2024-11-27T12:06:11+00:00\",\"dateModified\":\"2024-11-28T07:25:52+00:00\",\"mainEntityOfPage\":{\"@id\":\"https:\\\/\\\/www.organisator.ch\\\/marketing\\\/2024-11-27\\\/food-packaging-agentur-milk-eroeffnet-buero-in-zuerich\\\/\"},\"wordCount\":137,\"publisher\":{\"@id\":\"https:\\\/\\\/www.organisator.ch\\\/#organization\"},\"image\":{\"@id\":\"https:\\\/\\\/www.organisator.ch\\\/marketing\\\/2024-11-27\\\/food-packaging-agentur-milk-eroeffnet-buero-in-zuerich\\\/#primaryimage\"},\"thumbnailUrl\":\"https:\\\/\\\/www.markt-kom.com\\\/wp-content\\\/uploads\\\/2024\\\/11\\\/MILK-ads-Markro-Still-quer-03.jpg\",\"keywords\":[\"Business\",\"Milk\",\"Packaging\"],\"articleSection\":[\"MARKETING\"],\"inLanguage\":\"it-IT\"},{\"@type\":\"WebPage\",\"@id\":\"https:\\\/\\\/www.organisator.ch\\\/marketing\\\/2024-11-27\\\/food-packaging-agentur-milk-eroeffnet-buero-in-zuerich\\\/\",\"url\":\"https:\\\/\\\/www.organisator.ch\\\/marketing\\\/2024-11-27\\\/food-packaging-agentur-milk-eroeffnet-buero-in-zuerich\\\/\",\"name\":\"Food-Packaging-Agentur \u00abMilk\u00bb er\u00f6ffnet B\u00fcro in Z\u00fcrich - Organisator\",\"isPartOf\":{\"@id\":\"https:\\\/\\\/www.organisator.ch\\\/#website\"},\"primaryImageOfPage\":{\"@id\":\"https:\\\/\\\/www.organisator.ch\\\/marketing\\\/2024-11-27\\\/food-packaging-agentur-milk-eroeffnet-buero-in-zuerich\\\/#primaryimage\"},\"image\":{\"@id\":\"https:\\\/\\\/www.organisator.ch\\\/marketing\\\/2024-11-27\\\/food-packaging-agentur-milk-eroeffnet-buero-in-zuerich\\\/#primaryimage\"},\"thumbnailUrl\":\"https:\\\/\\\/www.markt-kom.com\\\/wp-content\\\/uploads\\\/2024\\\/11\\\/MILK-ads-Markro-Still-quer-03.jpg\",\"datePublished\":\"2024-11-27T12:06:11+00:00\",\"dateModified\":\"2024-11-28T07:25:52+00:00\",\"description\":\"Milk Agentur er\u00f6ffnet Z\u00fcrcher B\u00fcro, um Kunden wie KitKat und Ovomaltine besser zu betreuen und neue Partnerschaften zu gewinnen.\",\"breadcrumb\":{\"@id\":\"https:\\\/\\\/www.organisator.ch\\\/marketing\\\/2024-11-27\\\/food-packaging-agentur-milk-eroeffnet-buero-in-zuerich\\\/#breadcrumb\"},\"inLanguage\":\"it-IT\",\"potentialAction\":[{\"@type\":\"ReadAction\",\"target\":[\"https:\\\/\\\/www.organisator.ch\\\/marketing\\\/2024-11-27\\\/food-packaging-agentur-milk-eroeffnet-buero-in-zuerich\\\/\"]}]},{\"@type\":\"ImageObject\",\"inLanguage\":\"it-IT\",\"@id\":\"https:\\\/\\\/www.organisator.ch\\\/marketing\\\/2024-11-27\\\/food-packaging-agentur-milk-eroeffnet-buero-in-zuerich\\\/#primaryimage\",\"url\":\"https:\\\/\\\/www.markt-kom.com\\\/wp-content\\\/uploads\\\/2024\\\/11\\\/MILK-ads-Markro-Still-quer-03.jpg\",\"contentUrl\":\"https:\\\/\\\/www.markt-kom.com\\\/wp-content\\\/uploads\\\/2024\\\/11\\\/MILK-ads-Markro-Still-quer-03.jpg\"},{\"@type\":\"BreadcrumbList\",\"@id\":\"https:\\\/\\\/www.organisator.ch\\\/marketing\\\/2024-11-27\\\/food-packaging-agentur-milk-eroeffnet-buero-in-zuerich\\\/#breadcrumb\",\"itemListElement\":[{\"@type\":\"ListItem\",\"position\":1,\"name\":\"Home\",\"item\":\"https:\\\/\\\/www.organisator.ch\\\/\"},{\"@type\":\"ListItem\",\"position\":2,\"name\":\"Food-Packaging-Agentur \u00abMilk\u00bb er\u00f6ffnet B\u00fcro in Z\u00fcrich\"}]},{\"@type\":\"WebSite\",\"@id\":\"https:\\\/\\\/www.organisator.ch\\\/#website\",\"url\":\"https:\\\/\\\/www.organisator.ch\\\/\",\"name\":\"Organisator\",\"description\":\"Kompetent. Praxisnah. Der ORGANISATOR bereitet in 10 Ausgaben pro Jahr die wesentlichen Themen f\u00fcr F\u00fchrungskr\u00e4fte von KMU auf.\",\"publisher\":{\"@id\":\"https:\\\/\\\/www.organisator.ch\\\/#organization\"},\"potentialAction\":[{\"@type\":\"SearchAction\",\"target\":{\"@type\":\"EntryPoint\",\"urlTemplate\":\"https:\\\/\\\/www.organisator.ch\\\/?s={search_term_string}\"},\"query-input\":{\"@type\":\"PropertyValueSpecification\",\"valueRequired\":true,\"valueName\":\"search_term_string\"}}],\"inLanguage\":\"it-IT\"},{\"@type\":\"Organization\",\"@id\":\"https:\\\/\\\/www.organisator.ch\\\/#organization\",\"name\":\"Organisator\",\"url\":\"https:\\\/\\\/www.organisator.ch\\\/\",\"logo\":{\"@type\":\"ImageObject\",\"inLanguage\":\"it-IT\",\"@id\":\"https:\\\/\\\/www.organisator.ch\\\/#\\\/schema\\\/logo\\\/image\\\/\",\"url\":\"https:\\\/\\\/www.organisator.ch\\\/wp-content\\\/uploads\\\/2022\\\/01\\\/Logo_Organisator_Website.png\",\"contentUrl\":\"https:\\\/\\\/www.organisator.ch\\\/wp-content\\\/uploads\\\/2022\\\/01\\\/Logo_Organisator_Website.png\",\"width\":800,\"height\":77,\"caption\":\"Organisator\"},\"image\":{\"@id\":\"https:\\\/\\\/www.organisator.ch\\\/#\\\/schema\\\/logo\\\/image\\\/\"},\"sameAs\":[\"https:\\\/\\\/www.facebook.com\\\/OrganisatorFachmagazin\",\"https:\\\/\\\/www.linkedin.com\\\/showcase\\\/organisator-das-magazin-fr-kmu\",\"https:\\\/\\\/www.xing.com\\\/news\\\/pages\\\/organisator-ch-695\",\"https:\\\/\\\/www.youtube.com\\\/channel\\\/UCGP2Sq0iWaZwT3BdIAQFYpw\"]},{\"@type\":\"Person\",\"@id\":\"https:\\\/\\\/www.organisator.ch\\\/#\\\/schema\\\/person\\\/4e51799071cd2dd1232ac003643ef5f0\",\"name\":\"galledia\",\"image\":{\"@type\":\"ImageObject\",\"inLanguage\":\"it-IT\",\"@id\":\"https:\\\/\\\/secure.gravatar.com\\\/avatar\\\/78a7f90c01fc2bfc875782a0d4922b37cde2cf184ce347b91316d23cd7f69a36?s=96&d=mm&r=g\",\"url\":\"https:\\\/\\\/secure.gravatar.com\\\/avatar\\\/78a7f90c01fc2bfc875782a0d4922b37cde2cf184ce347b91316d23cd7f69a36?s=96&d=mm&r=g\",\"contentUrl\":\"https:\\\/\\\/secure.gravatar.com\\\/avatar\\\/78a7f90c01fc2bfc875782a0d4922b37cde2cf184ce347b91316d23cd7f69a36?s=96&d=mm&r=g\",\"caption\":\"galledia\"},\"sameAs\":[\"https:\\\/\\\/x.com\\\/admin\"],\"url\":\"https:\\\/\\\/www.organisator.ch\\\/it\\\/author\\\/galledia\\\/\"}]}<\/script>\n<!-- \/ Yoast SEO plugin. -->","yoast_head_json":{"title":"L'agenzia di packaging alimentare \"Milk\" apre un ufficio a Zurigo - Organizzatore","description":"Milk Agency apre un ufficio a Zurigo per servire meglio clienti come KitKat e Ovomaltine e acquisire nuove partnership.","robots":{"index":"index","follow":"follow","max-snippet":"max-snippet:-1","max-image-preview":"max-image-preview:large","max-video-preview":"max-video-preview:-1"},"canonical":"https:\/\/www.organisator.ch\/it\/marketing\/2024-11-27\/food-packaging-agentur-milk-eroeffnet-buero-in-zuerich\/","og_locale":"it_IT","og_type":"article","og_title":"Food-Packaging-Agentur \u00abMilk\u00bb er\u00f6ffnet B\u00fcro in Z\u00fcrich - Organisator","og_description":"Milk Agentur er\u00f6ffnet Z\u00fcrcher B\u00fcro, um Kunden wie KitKat und Ovomaltine besser zu betreuen und neue Partnerschaften zu gewinnen.","og_url":"https:\/\/www.organisator.ch\/it\/marketing\/2024-11-27\/food-packaging-agentur-milk-eroeffnet-buero-in-zuerich\/","og_site_name":"Organisator","article_publisher":"https:\/\/www.facebook.com\/OrganisatorFachmagazin","article_published_time":"2024-11-27T12:06:11+00:00","article_modified_time":"2024-11-28T07:25:52+00:00","author":"galledia","twitter_card":"summary_large_image","twitter_creator":"@admin","schema":{"@context":"https:\/\/schema.org","@graph":[{"@type":"Article","@id":"https:\/\/www.organisator.ch\/marketing\/2024-11-27\/food-packaging-agentur-milk-eroeffnet-buero-in-zuerich\/#article","isPartOf":{"@id":"https:\/\/www.organisator.ch\/marketing\/2024-11-27\/food-packaging-agentur-milk-eroeffnet-buero-in-zuerich\/"},"author":{"name":"galledia","@id":"https:\/\/www.organisator.ch\/#\/schema\/person\/4e51799071cd2dd1232ac003643ef5f0"},"headline":"Food-Packaging-Agentur \u00abMilk\u00bb er\u00f6ffnet B\u00fcro in Z\u00fcrich","datePublished":"2024-11-27T12:06:11+00:00","dateModified":"2024-11-28T07:25:52+00:00","mainEntityOfPage":{"@id":"https:\/\/www.organisator.ch\/marketing\/2024-11-27\/food-packaging-agentur-milk-eroeffnet-buero-in-zuerich\/"},"wordCount":137,"publisher":{"@id":"https:\/\/www.organisator.ch\/#organization"},"image":{"@id":"https:\/\/www.organisator.ch\/marketing\/2024-11-27\/food-packaging-agentur-milk-eroeffnet-buero-in-zuerich\/#primaryimage"},"thumbnailUrl":"https:\/\/www.markt-kom.com\/wp-content\/uploads\/2024\/11\/MILK-ads-Markro-Still-quer-03.jpg","keywords":["Business","Milk","Packaging"],"articleSection":["MARKETING"],"inLanguage":"it-IT"},{"@type":"WebPage","@id":"https:\/\/www.organisator.ch\/marketing\/2024-11-27\/food-packaging-agentur-milk-eroeffnet-buero-in-zuerich\/","url":"https:\/\/www.organisator.ch\/marketing\/2024-11-27\/food-packaging-agentur-milk-eroeffnet-buero-in-zuerich\/","name":"L'agenzia di packaging alimentare \"Milk\" apre un ufficio a Zurigo - Organizzatore","isPartOf":{"@id":"https:\/\/www.organisator.ch\/#website"},"primaryImageOfPage":{"@id":"https:\/\/www.organisator.ch\/marketing\/2024-11-27\/food-packaging-agentur-milk-eroeffnet-buero-in-zuerich\/#primaryimage"},"image":{"@id":"https:\/\/www.organisator.ch\/marketing\/2024-11-27\/food-packaging-agentur-milk-eroeffnet-buero-in-zuerich\/#primaryimage"},"thumbnailUrl":"https:\/\/www.markt-kom.com\/wp-content\/uploads\/2024\/11\/MILK-ads-Markro-Still-quer-03.jpg","datePublished":"2024-11-27T12:06:11+00:00","dateModified":"2024-11-28T07:25:52+00:00","description":"Milk Agency apre un ufficio a Zurigo per servire meglio clienti come KitKat e Ovomaltine e acquisire nuove partnership.","breadcrumb":{"@id":"https:\/\/www.organisator.ch\/marketing\/2024-11-27\/food-packaging-agentur-milk-eroeffnet-buero-in-zuerich\/#breadcrumb"},"inLanguage":"it-IT","potentialAction":[{"@type":"ReadAction","target":["https:\/\/www.organisator.ch\/marketing\/2024-11-27\/food-packaging-agentur-milk-eroeffnet-buero-in-zuerich\/"]}]},{"@type":"ImageObject","inLanguage":"it-IT","@id":"https:\/\/www.organisator.ch\/marketing\/2024-11-27\/food-packaging-agentur-milk-eroeffnet-buero-in-zuerich\/#primaryimage","url":"https:\/\/www.markt-kom.com\/wp-content\/uploads\/2024\/11\/MILK-ads-Markro-Still-quer-03.jpg","contentUrl":"https:\/\/www.markt-kom.com\/wp-content\/uploads\/2024\/11\/MILK-ads-Markro-Still-quer-03.jpg"},{"@type":"BreadcrumbList","@id":"https:\/\/www.organisator.ch\/marketing\/2024-11-27\/food-packaging-agentur-milk-eroeffnet-buero-in-zuerich\/#breadcrumb","itemListElement":[{"@type":"ListItem","position":1,"name":"Home","item":"https:\/\/www.organisator.ch\/"},{"@type":"ListItem","position":2,"name":"Food-Packaging-Agentur \u00abMilk\u00bb er\u00f6ffnet B\u00fcro in Z\u00fcrich"}]},{"@type":"WebSite","@id":"https:\/\/www.organisator.ch\/#website","url":"https:\/\/www.organisator.ch\/","name":"Organizzatore","description":"Competente. Pratico. In 10 numeri all'anno, ORGANISATOR presenta i temi essenziali per i manager delle PMI.","publisher":{"@id":"https:\/\/www.organisator.ch\/#organization"},"potentialAction":[{"@type":"SearchAction","target":{"@type":"EntryPoint","urlTemplate":"https:\/\/www.organisator.ch\/?s={search_term_string}"},"query-input":{"@type":"PropertyValueSpecification","valueRequired":true,"valueName":"search_term_string"}}],"inLanguage":"it-IT"},{"@type":"Organization","@id":"https:\/\/www.organisator.ch\/#organization","name":"Organizzatore","url":"https:\/\/www.organisator.ch\/","logo":{"@type":"ImageObject","inLanguage":"it-IT","@id":"https:\/\/www.organisator.ch\/#\/schema\/logo\/image\/","url":"https:\/\/www.organisator.ch\/wp-content\/uploads\/2022\/01\/Logo_Organisator_Website.png","contentUrl":"https:\/\/www.organisator.ch\/wp-content\/uploads\/2022\/01\/Logo_Organisator_Website.png","width":800,"height":77,"caption":"Organisator"},"image":{"@id":"https:\/\/www.organisator.ch\/#\/schema\/logo\/image\/"},"sameAs":["https:\/\/www.facebook.com\/OrganisatorFachmagazin","https:\/\/www.linkedin.com\/showcase\/organisator-das-magazin-fr-kmu","https:\/\/www.xing.com\/news\/pages\/organisator-ch-695","https:\/\/www.youtube.com\/channel\/UCGP2Sq0iWaZwT3BdIAQFYpw"]},{"@type":"Person","@id":"https:\/\/www.organisator.ch\/#\/schema\/person\/4e51799071cd2dd1232ac003643ef5f0","name":"galledia","image":{"@type":"ImageObject","inLanguage":"it-IT","@id":"https:\/\/secure.gravatar.com\/avatar\/78a7f90c01fc2bfc875782a0d4922b37cde2cf184ce347b91316d23cd7f69a36?s=96&d=mm&r=g","url":"https:\/\/secure.gravatar.com\/avatar\/78a7f90c01fc2bfc875782a0d4922b37cde2cf184ce347b91316d23cd7f69a36?s=96&d=mm&r=g","contentUrl":"https:\/\/secure.gravatar.com\/avatar\/78a7f90c01fc2bfc875782a0d4922b37cde2cf184ce347b91316d23cd7f69a36?s=96&d=mm&r=g","caption":"galledia"},"sameAs":["https:\/\/x.com\/admin"],"url":"https:\/\/www.organisator.ch\/it\/author\/galledia\/"}]}},"_links":{"self":[{"href":"https:\/\/www.organisator.ch\/it\/wp-json\/wp\/v2\/posts\/34098","targetHints":{"allow":["GET"]}}],"collection":[{"href":"https:\/\/www.organisator.ch\/it\/wp-json\/wp\/v2\/posts"}],"about":[{"href":"https:\/\/www.organisator.ch\/it\/wp-json\/wp\/v2\/types\/post"}],"author":[{"embeddable":true,"href":"https:\/\/www.organisator.ch\/it\/wp-json\/wp\/v2\/users\/8"}],"replies":[{"embeddable":true,"href":"https:\/\/www.organisator.ch\/it\/wp-json\/wp\/v2\/comments?post=34098"}],"version-history":[{"count":5,"href":"https:\/\/www.organisator.ch\/it\/wp-json\/wp\/v2\/posts\/34098\/revisions"}],"predecessor-version":[{"id":34113,"href":"https:\/\/www.organisator.ch\/it\/wp-json\/wp\/v2\/posts\/34098\/revisions\/34113"}],"wp:attachment":[{"href":"https:\/\/www.organisator.ch\/it\/wp-json\/wp\/v2\/media?parent=34098"}],"wp:term":[{"taxonomy":"category","embeddable":true,"href":"https:\/\/www.organisator.ch\/it\/wp-json\/wp\/v2\/categories?post=34098"},{"taxonomy":"post_tag","embeddable":true,"href":"https:\/\/www.organisator.ch\/it\/wp-json\/wp\/v2\/tags?post=34098"}],"curies":[{"name":"wp","href":"https:\/\/api.w.org\/{rel}","templated":true}]}}