{"id":34114,"date":"2024-11-28T09:44:41","date_gmt":"2024-11-28T08:44:41","guid":{"rendered":"https:\/\/www.organisator.ch\/?p=34114"},"modified":"2024-11-28T08:51:51","modified_gmt":"2024-11-28T07:51:51","slug":"bechtle-ernennt-christian-speck-zum-vice-president-switzerland","status":"publish","type":"post","link":"https:\/\/www.organisator.ch\/it\/management\/2024-11-28\/bechtle-ernennt-christian-speck-zum-vice-president-switzerland\/","title":{"rendered":"Bechtle nomina Christian Speck Vicepresidente Svizzera"},"content":{"rendered":"<figure id=\"attachment_34115\" aria-describedby=\"caption-attachment-34115\" style=\"width: 680px\" class=\"wp-caption alignnone\"><img loading=\"lazy\" decoding=\"async\" class=\"size-full wp-image-34115\" src=\"https:\/\/www.organisator.ch\/wp-content\/uploads\/2024\/11\/Bechtle_Bild1_ps.jpg\" alt=\"\" width=\"680\" height=\"453\" srcset=\"https:\/\/www.organisator.ch\/wp-content\/uploads\/2024\/11\/Bechtle_Bild1_ps.jpg 680w, https:\/\/www.organisator.ch\/wp-content\/uploads\/2024\/11\/Bechtle_Bild1_ps-18x12.jpg 18w, https:\/\/www.organisator.ch\/wp-content\/uploads\/2024\/11\/Bechtle_Bild1_ps-375x250.jpg 375w, https:\/\/www.organisator.ch\/wp-content\/uploads\/2024\/11\/Bechtle_Bild1_ps-525x350.jpg 525w\" sizes=\"auto, (max-width: 680px) 100vw, 680px\" \/><figcaption id=\"caption-attachment-34115\" class=\"wp-caption-text\">A partire dal 1\u00b0 gennaio 2025, Christian Speck assumer\u00e0 il ruolo di Vicepresidente Svizzera di Bechtle. (Immagine: www.bechtle.com)<\/figcaption><\/figure>\n<p>Con la nomina di Christian Speck a Vicepresidente, Bechtle trasferisce i canali di vendita IT system house &amp; managed services e IT e-commerce in Svizzera, precedentemente gestiti separatamente, a una nuova responsabilit\u00e0 globale. L'obiettivo \u00e8 intensificare la cooperazione per un'assistenza completa ai clienti e sfruttare ulteriori sinergie. Il 54enne, attualmente amministratore delegato di Bechtle Schweiz AG, sar\u00e0 anche responsabile dell'organizzazione e dell'attuazione a livello nazionale di una strategia multicanale integrata. \"Christian Speck vanta una notevole esperienza di gestione e di settore. Siamo convinti che questo passo ci consentir\u00e0 di espandere ulteriormente la nostra posizione di mercato come uno dei principali partner IT per le PMI, i clienti aziendali e il settore pubblico in Svizzera e di guidare vigorosamente la crescita\", afferma Konstantin Ebert, COO di Bechtle AG.<\/p>\n<h3><strong>Un top manager esperto guida l'ulteriore sviluppo<\/strong><\/h3>\n<p>Christian Speck \u00e8 alla guida del fornitore di servizi IT Bechtle Schweiz AG in qualit\u00e0 di amministratore delegato dal 2020. In precedenza \u00e8 stato co-amministratore delegato di Steffen Informatik AG, acquisita da Bechtle nel 2016, e successivamente membro del consiglio di amministrazione di Bechtle Steffen Schweiz AG. Laureato in ingegneria elettronica, ha conseguito un Executive MBA in General Management presso l'Universit\u00e0 di San Gallo. \u00c8 membro onorario del consiglio di amministrazione di HSG Alumni, San Gallo.<\/p>\n<p>\"Sono molto impaziente di ricoprire il nuovo ruolo di vicepresidente di Bechtle per la Svizzera. Grazie al collegamento di tutti i canali di vendita, saremo in grado di supportare i nostri clienti nell'intero spettro delle loro esigenze di trasformazione digitale, dagli acquisti intelligenti, all'infrastruttura IT e ai progetti di innovazione, fino agli efficienti servizi gestiti. Inoltre, possiamo supportare le aziende svizzere nella solida rete del Gruppo Bechtle in tutta Europa e nel mondo\", afferma Christian Speck.<\/p>\n<h3><strong>Passaggio di consegne da Hanspeter Oeschger a Christian Speck<\/strong><\/h3>\n<p>Il 1\u00b0 gennaio 2025 terminer\u00e0 anche l'era di Hanspeter Oeschger come direttore di divisione di Bechtle in Svizzera. Fino alla fine di marzo 2025, il riconosciuto manager IT, molto stimato nel settore, continuer\u00e0 a supervisionare la transizione a Christian Speck e poi lascer\u00e0 l'azienda come previsto. All'et\u00e0 di 65 anni, intende dedicare pi\u00f9 tempo agli hobby e alla famiglia e continuare la sua formazione nel campo dell'intelligenza artificiale.<\/p>\n<p>Come Christian Speck, Hanspeter Oeschger \u00e8 entrato in Bechtle come cofondatore e amministratore delegato di Steffen Informatik grazie all'acquisizione dell'azienda. Nel gennaio 2019 ha assunto la responsabilit\u00e0 di Direttore di Divisione Bechtle IT System House &amp; Managed Services Svizzera. In questo ruolo, ha svolto un ruolo chiave nel definire il riallineamento strategico e organizzativo delle system house IT di Bechtle in Svizzera e la cooperazione tra le societ\u00e0 del Gruppo sul mercato.<\/p>\n<p>\"Negli ultimi anni, Hanspeter Oeschger ha portato avanti il posizionamento sul mercato svizzero con grande capacit\u00e0 imprenditoriale e grande prudenza, ha preso decisioni strategiche intelligenti e ha condotto Bechtle in Svizzera a una crescita estremamente piacevole nonostante le sfide economiche. Gli siamo molto grati e siamo lieti che passi il testimone di un'organizzazione ben posizionata al suo collega di lunga data Christian Speck\", afferma Michael Guschlbauer, COO di Bechtle AG.<\/p>\n<h3><strong>Un partner informatico forte per l'economia svizzera<\/strong><\/h3>\n<p>Bechtle ha iniziato l'espansione internazionale dell'azienda in Svizzera nel 1996. Oltre ai fornitori IT Bechtle direct e Bechtle Schweiz AG nelle regioni di lingua tedesca e Bechtle Suisse SA in quelle di lingua francese, il gruppo \u00e8 ora attivo sul mercato svizzero con lo specialista ERP e CRM Aproda AG e le controllate Solid Solutions AG e SGSolution AG, specializzate in soluzioni PLM. Bechtle impiega un totale di 1.162 persone in 12 sedi in Svizzera e ha generato un fatturato di oltre 505 milioni di euro nell'esercizio 2023.<\/p>\n<p><em>Fonte: <a href=\"http:\/\/www.bechtle.com\">www.bechtle.com<\/a><\/em><\/p>","protected":false},"excerpt":{"rendered":"<p>A partire dal 1\u00b0 gennaio 2025, Christian Speck assumer\u00e0 la nuova carica di Vicepresidente di Bechtle Svizzera. In questo ruolo, sar\u00e0 responsabile delle attivit\u00e0 di Bechtle Schweiz AG e Bechtle Suisse SA, nonch\u00e9 di Bechtle direct. Dopo i Paesi Bassi e la Francia, Bechtle istituisce cos\u00ec la funzione generale di Vicepresidente nel mercato dei Paesi terzi. <\/p>","protected":false},"author":80,"featured_media":34115,"comment_status":"closed","ping_status":"closed","sticky":false,"template":"","format":"standard","meta":{"_acf_changed":false,"_yoast_wpseo_focuskw":"Christian Speck","_yoast_wpseo_metadesc":"Ab 1. Januar 2025 \u00fcbernimmt Christian Speck die neu geschaffene Funktion des Vice President Switzerland bei Bechtle.","articlekey":"","footnotes":""},"categories":[28],"tags":[286,301,424,4595,2576],"class_list":["post-34114","post","type-post","status-publish","format-standard","has-post-thumbnail","hentry","category-management","tag-it","tag-kmu","tag-schweiz","tag-stabuebergabe","tag-wirtschaft"],"acf":[],"yoast_head":"<!-- This site is optimized with the Yoast SEO plugin v27.5 - https:\/\/yoast.com\/product\/yoast-seo-wordpress\/ -->\n<title>Bechtle ernennt Christian Speck zum Vice President Switzerland - Organisator<\/title>\n<meta name=\"description\" content=\"Ab 1. Januar 2025 \u00fcbernimmt Christian Speck die neu geschaffene Funktion des Vice President Switzerland bei Bechtle.\" \/>\n<meta name=\"robots\" content=\"index, follow, max-snippet:-1, max-image-preview:large, max-video-preview:-1\" \/>\n<link rel=\"canonical\" href=\"https:\/\/www.organisator.ch\/it\/gestione-2\/2024-11-28\/bechtle-ernennt-christian-speck-zum-vice-president-switzerland\/\" \/>\n<meta property=\"og:locale\" content=\"it_IT\" \/>\n<meta property=\"og:type\" content=\"article\" \/>\n<meta property=\"og:title\" content=\"Bechtle ernennt Christian Speck zum Vice President Switzerland\" \/>\n<meta property=\"og:description\" content=\"Ab 1. Januar 2025 \u00fcbernimmt Christian Speck die neu geschaffene Funktion des Vice President Switzerland bei Bechtle.\" \/>\n<meta property=\"og:url\" content=\"https:\/\/www.organisator.ch\/it\/gestione-2\/2024-11-28\/bechtle-ernennt-christian-speck-zum-vice-president-switzerland\/\" \/>\n<meta property=\"og:site_name\" content=\"Organisator\" \/>\n<meta property=\"article:publisher\" content=\"https:\/\/www.facebook.com\/OrganisatorFachmagazin\" \/>\n<meta property=\"article:published_time\" content=\"2024-11-28T08:44:41+00:00\" \/>\n<meta property=\"og:image\" content=\"https:\/\/www.organisator.ch\/wp-content\/uploads\/2024\/11\/Bechtle_Bild1_ps.jpg\" \/>\n\t<meta property=\"og:image:width\" content=\"680\" \/>\n\t<meta property=\"og:image:height\" content=\"453\" \/>\n\t<meta property=\"og:image:type\" content=\"image\/jpeg\" \/>\n<meta name=\"author\" content=\"Dzana Muminovic\" \/>\n<meta name=\"twitter:card\" content=\"summary_large_image\" \/>\n<meta name=\"twitter:title\" content=\"Bechtle ernennt Christian Speck zum Vice President Switzerland\" \/>\n<meta name=\"twitter:description\" content=\"Ab 1. Januar 2025 \u00fcbernimmt #Christian #Speck die neu geschaffene Funktion des #Vice #President #Switzerland bei Bechtle.\" \/>\n<meta name=\"twitter:image\" content=\"https:\/\/www.organisator.ch\/wp-content\/uploads\/2024\/11\/Bechtle_Bild1_ps.jpg\" \/>\n<script type=\"application\/ld+json\" class=\"yoast-schema-graph\">{\"@context\":\"https:\\\/\\\/schema.org\",\"@graph\":[{\"@type\":\"Article\",\"@id\":\"https:\\\/\\\/www.organisator.ch\\\/management\\\/2024-11-28\\\/bechtle-ernennt-christian-speck-zum-vice-president-switzerland\\\/#article\",\"isPartOf\":{\"@id\":\"https:\\\/\\\/www.organisator.ch\\\/management\\\/2024-11-28\\\/bechtle-ernennt-christian-speck-zum-vice-president-switzerland\\\/\"},\"author\":{\"name\":\"Dzana Muminovic\",\"@id\":\"https:\\\/\\\/www.organisator.ch\\\/#\\\/schema\\\/person\\\/afccda3a71c06d4be2ed9100dd163db7\"},\"headline\":\"Bechtle ernennt Christian Speck zum Vice President Switzerland\",\"datePublished\":\"2024-11-28T08:44:41+00:00\",\"mainEntityOfPage\":{\"@id\":\"https:\\\/\\\/www.organisator.ch\\\/management\\\/2024-11-28\\\/bechtle-ernennt-christian-speck-zum-vice-president-switzerland\\\/\"},\"wordCount\":600,\"publisher\":{\"@id\":\"https:\\\/\\\/www.organisator.ch\\\/#organization\"},\"image\":{\"@id\":\"https:\\\/\\\/www.organisator.ch\\\/management\\\/2024-11-28\\\/bechtle-ernennt-christian-speck-zum-vice-president-switzerland\\\/#primaryimage\"},\"thumbnailUrl\":\"https:\\\/\\\/www.organisator.ch\\\/wp-content\\\/uploads\\\/2024\\\/11\\\/Bechtle_Bild1_ps.jpg\",\"keywords\":[\"IT\",\"KMU\",\"Schweiz\",\"Stab\u00fcbergabe\",\"Wirtschaft\"],\"articleSection\":[\"MANAGEMENT\"],\"inLanguage\":\"it-IT\"},{\"@type\":\"WebPage\",\"@id\":\"https:\\\/\\\/www.organisator.ch\\\/management\\\/2024-11-28\\\/bechtle-ernennt-christian-speck-zum-vice-president-switzerland\\\/\",\"url\":\"https:\\\/\\\/www.organisator.ch\\\/management\\\/2024-11-28\\\/bechtle-ernennt-christian-speck-zum-vice-president-switzerland\\\/\",\"name\":\"Bechtle ernennt Christian Speck zum Vice President Switzerland - Organisator\",\"isPartOf\":{\"@id\":\"https:\\\/\\\/www.organisator.ch\\\/#website\"},\"primaryImageOfPage\":{\"@id\":\"https:\\\/\\\/www.organisator.ch\\\/management\\\/2024-11-28\\\/bechtle-ernennt-christian-speck-zum-vice-president-switzerland\\\/#primaryimage\"},\"image\":{\"@id\":\"https:\\\/\\\/www.organisator.ch\\\/management\\\/2024-11-28\\\/bechtle-ernennt-christian-speck-zum-vice-president-switzerland\\\/#primaryimage\"},\"thumbnailUrl\":\"https:\\\/\\\/www.organisator.ch\\\/wp-content\\\/uploads\\\/2024\\\/11\\\/Bechtle_Bild1_ps.jpg\",\"datePublished\":\"2024-11-28T08:44:41+00:00\",\"description\":\"Ab 1. Januar 2025 \u00fcbernimmt Christian Speck die neu geschaffene Funktion des Vice President Switzerland bei Bechtle.\",\"breadcrumb\":{\"@id\":\"https:\\\/\\\/www.organisator.ch\\\/management\\\/2024-11-28\\\/bechtle-ernennt-christian-speck-zum-vice-president-switzerland\\\/#breadcrumb\"},\"inLanguage\":\"it-IT\",\"potentialAction\":[{\"@type\":\"ReadAction\",\"target\":[\"https:\\\/\\\/www.organisator.ch\\\/management\\\/2024-11-28\\\/bechtle-ernennt-christian-speck-zum-vice-president-switzerland\\\/\"]}]},{\"@type\":\"ImageObject\",\"inLanguage\":\"it-IT\",\"@id\":\"https:\\\/\\\/www.organisator.ch\\\/management\\\/2024-11-28\\\/bechtle-ernennt-christian-speck-zum-vice-president-switzerland\\\/#primaryimage\",\"url\":\"https:\\\/\\\/www.organisator.ch\\\/wp-content\\\/uploads\\\/2024\\\/11\\\/Bechtle_Bild1_ps.jpg\",\"contentUrl\":\"https:\\\/\\\/www.organisator.ch\\\/wp-content\\\/uploads\\\/2024\\\/11\\\/Bechtle_Bild1_ps.jpg\",\"width\":680,\"height\":453,\"caption\":\"Ab 1. Januar 2025 \u00fcbernimmt Christian Speck die Funktion des Vice President Switzerland bei Bechtle. (Bild: www.bechtle.com)\"},{\"@type\":\"BreadcrumbList\",\"@id\":\"https:\\\/\\\/www.organisator.ch\\\/management\\\/2024-11-28\\\/bechtle-ernennt-christian-speck-zum-vice-president-switzerland\\\/#breadcrumb\",\"itemListElement\":[{\"@type\":\"ListItem\",\"position\":1,\"name\":\"Home\",\"item\":\"https:\\\/\\\/www.organisator.ch\\\/\"},{\"@type\":\"ListItem\",\"position\":2,\"name\":\"Bechtle ernennt Christian Speck zum Vice President Switzerland\"}]},{\"@type\":\"WebSite\",\"@id\":\"https:\\\/\\\/www.organisator.ch\\\/#website\",\"url\":\"https:\\\/\\\/www.organisator.ch\\\/\",\"name\":\"Organisator\",\"description\":\"Kompetent. Praxisnah. Der ORGANISATOR bereitet in 10 Ausgaben pro Jahr die wesentlichen Themen f\u00fcr F\u00fchrungskr\u00e4fte von KMU auf.\",\"publisher\":{\"@id\":\"https:\\\/\\\/www.organisator.ch\\\/#organization\"},\"potentialAction\":[{\"@type\":\"SearchAction\",\"target\":{\"@type\":\"EntryPoint\",\"urlTemplate\":\"https:\\\/\\\/www.organisator.ch\\\/?s={search_term_string}\"},\"query-input\":{\"@type\":\"PropertyValueSpecification\",\"valueRequired\":true,\"valueName\":\"search_term_string\"}}],\"inLanguage\":\"it-IT\"},{\"@type\":\"Organization\",\"@id\":\"https:\\\/\\\/www.organisator.ch\\\/#organization\",\"name\":\"Organisator\",\"url\":\"https:\\\/\\\/www.organisator.ch\\\/\",\"logo\":{\"@type\":\"ImageObject\",\"inLanguage\":\"it-IT\",\"@id\":\"https:\\\/\\\/www.organisator.ch\\\/#\\\/schema\\\/logo\\\/image\\\/\",\"url\":\"https:\\\/\\\/www.organisator.ch\\\/wp-content\\\/uploads\\\/2022\\\/01\\\/Logo_Organisator_Website.png\",\"contentUrl\":\"https:\\\/\\\/www.organisator.ch\\\/wp-content\\\/uploads\\\/2022\\\/01\\\/Logo_Organisator_Website.png\",\"width\":800,\"height\":77,\"caption\":\"Organisator\"},\"image\":{\"@id\":\"https:\\\/\\\/www.organisator.ch\\\/#\\\/schema\\\/logo\\\/image\\\/\"},\"sameAs\":[\"https:\\\/\\\/www.facebook.com\\\/OrganisatorFachmagazin\",\"https:\\\/\\\/www.linkedin.com\\\/showcase\\\/organisator-das-magazin-fr-kmu\",\"https:\\\/\\\/www.xing.com\\\/news\\\/pages\\\/organisator-ch-695\",\"https:\\\/\\\/www.youtube.com\\\/channel\\\/UCGP2Sq0iWaZwT3BdIAQFYpw\"]},{\"@type\":\"Person\",\"@id\":\"https:\\\/\\\/www.organisator.ch\\\/#\\\/schema\\\/person\\\/afccda3a71c06d4be2ed9100dd163db7\",\"name\":\"Dzana Muminovic\",\"image\":{\"@type\":\"ImageObject\",\"inLanguage\":\"it-IT\",\"@id\":\"https:\\\/\\\/secure.gravatar.com\\\/avatar\\\/909c5c71aff4b38e88686f2ab2f1ba152571f394f41ed8bae431ea56ced93050?s=96&d=mm&r=g\",\"url\":\"https:\\\/\\\/secure.gravatar.com\\\/avatar\\\/909c5c71aff4b38e88686f2ab2f1ba152571f394f41ed8bae431ea56ced93050?s=96&d=mm&r=g\",\"contentUrl\":\"https:\\\/\\\/secure.gravatar.com\\\/avatar\\\/909c5c71aff4b38e88686f2ab2f1ba152571f394f41ed8bae431ea56ced93050?s=96&d=mm&r=g\",\"caption\":\"Dzana Muminovic\"},\"url\":\"https:\\\/\\\/www.organisator.ch\\\/it\\\/author\\\/dzana-muminovic\\\/\"}]}<\/script>\n<!-- \/ Yoast SEO plugin. -->","yoast_head_json":{"title":"Bechtle nomina Christian Speck Vicepresidente Svizzera - Organizzatore","description":"A partire dal 1\u00b0 gennaio 2025, Christian Speck assumer\u00e0 il nuovo ruolo di Vicepresidente Svizzera di Bechtle.","robots":{"index":"index","follow":"follow","max-snippet":"max-snippet:-1","max-image-preview":"max-image-preview:large","max-video-preview":"max-video-preview:-1"},"canonical":"https:\/\/www.organisator.ch\/it\/gestione-2\/2024-11-28\/bechtle-ernennt-christian-speck-zum-vice-president-switzerland\/","og_locale":"it_IT","og_type":"article","og_title":"Bechtle ernennt Christian Speck zum Vice President Switzerland","og_description":"Ab 1. Januar 2025 \u00fcbernimmt Christian Speck die neu geschaffene Funktion des Vice President Switzerland bei Bechtle.","og_url":"https:\/\/www.organisator.ch\/it\/gestione-2\/2024-11-28\/bechtle-ernennt-christian-speck-zum-vice-president-switzerland\/","og_site_name":"Organisator","article_publisher":"https:\/\/www.facebook.com\/OrganisatorFachmagazin","article_published_time":"2024-11-28T08:44:41+00:00","og_image":[{"width":680,"height":453,"url":"https:\/\/www.organisator.ch\/wp-content\/uploads\/2024\/11\/Bechtle_Bild1_ps.jpg","type":"image\/jpeg"}],"author":"Dzana Muminovic","twitter_card":"summary_large_image","twitter_title":"Bechtle ernennt Christian Speck zum Vice President Switzerland","twitter_description":"Ab 1. Januar 2025 \u00fcbernimmt #Christian #Speck die neu geschaffene Funktion des #Vice #President #Switzerland bei Bechtle.","twitter_image":"https:\/\/www.organisator.ch\/wp-content\/uploads\/2024\/11\/Bechtle_Bild1_ps.jpg","schema":{"@context":"https:\/\/schema.org","@graph":[{"@type":"Article","@id":"https:\/\/www.organisator.ch\/management\/2024-11-28\/bechtle-ernennt-christian-speck-zum-vice-president-switzerland\/#article","isPartOf":{"@id":"https:\/\/www.organisator.ch\/management\/2024-11-28\/bechtle-ernennt-christian-speck-zum-vice-president-switzerland\/"},"author":{"name":"Dzana Muminovic","@id":"https:\/\/www.organisator.ch\/#\/schema\/person\/afccda3a71c06d4be2ed9100dd163db7"},"headline":"Bechtle ernennt Christian Speck zum Vice President Switzerland","datePublished":"2024-11-28T08:44:41+00:00","mainEntityOfPage":{"@id":"https:\/\/www.organisator.ch\/management\/2024-11-28\/bechtle-ernennt-christian-speck-zum-vice-president-switzerland\/"},"wordCount":600,"publisher":{"@id":"https:\/\/www.organisator.ch\/#organization"},"image":{"@id":"https:\/\/www.organisator.ch\/management\/2024-11-28\/bechtle-ernennt-christian-speck-zum-vice-president-switzerland\/#primaryimage"},"thumbnailUrl":"https:\/\/www.organisator.ch\/wp-content\/uploads\/2024\/11\/Bechtle_Bild1_ps.jpg","keywords":["IT","KMU","Schweiz","Stab\u00fcbergabe","Wirtschaft"],"articleSection":["MANAGEMENT"],"inLanguage":"it-IT"},{"@type":"WebPage","@id":"https:\/\/www.organisator.ch\/management\/2024-11-28\/bechtle-ernennt-christian-speck-zum-vice-president-switzerland\/","url":"https:\/\/www.organisator.ch\/management\/2024-11-28\/bechtle-ernennt-christian-speck-zum-vice-president-switzerland\/","name":"Bechtle nomina Christian Speck Vicepresidente Svizzera - Organizzatore","isPartOf":{"@id":"https:\/\/www.organisator.ch\/#website"},"primaryImageOfPage":{"@id":"https:\/\/www.organisator.ch\/management\/2024-11-28\/bechtle-ernennt-christian-speck-zum-vice-president-switzerland\/#primaryimage"},"image":{"@id":"https:\/\/www.organisator.ch\/management\/2024-11-28\/bechtle-ernennt-christian-speck-zum-vice-president-switzerland\/#primaryimage"},"thumbnailUrl":"https:\/\/www.organisator.ch\/wp-content\/uploads\/2024\/11\/Bechtle_Bild1_ps.jpg","datePublished":"2024-11-28T08:44:41+00:00","description":"A partire dal 1\u00b0 gennaio 2025, Christian Speck assumer\u00e0 il nuovo ruolo di Vicepresidente Svizzera di Bechtle.","breadcrumb":{"@id":"https:\/\/www.organisator.ch\/management\/2024-11-28\/bechtle-ernennt-christian-speck-zum-vice-president-switzerland\/#breadcrumb"},"inLanguage":"it-IT","potentialAction":[{"@type":"ReadAction","target":["https:\/\/www.organisator.ch\/management\/2024-11-28\/bechtle-ernennt-christian-speck-zum-vice-president-switzerland\/"]}]},{"@type":"ImageObject","inLanguage":"it-IT","@id":"https:\/\/www.organisator.ch\/management\/2024-11-28\/bechtle-ernennt-christian-speck-zum-vice-president-switzerland\/#primaryimage","url":"https:\/\/www.organisator.ch\/wp-content\/uploads\/2024\/11\/Bechtle_Bild1_ps.jpg","contentUrl":"https:\/\/www.organisator.ch\/wp-content\/uploads\/2024\/11\/Bechtle_Bild1_ps.jpg","width":680,"height":453,"caption":"Ab 1. Januar 2025 \u00fcbernimmt Christian Speck die Funktion des Vice President Switzerland bei Bechtle. (Bild: www.bechtle.com)"},{"@type":"BreadcrumbList","@id":"https:\/\/www.organisator.ch\/management\/2024-11-28\/bechtle-ernennt-christian-speck-zum-vice-president-switzerland\/#breadcrumb","itemListElement":[{"@type":"ListItem","position":1,"name":"Home","item":"https:\/\/www.organisator.ch\/"},{"@type":"ListItem","position":2,"name":"Bechtle ernennt Christian Speck zum Vice President Switzerland"}]},{"@type":"WebSite","@id":"https:\/\/www.organisator.ch\/#website","url":"https:\/\/www.organisator.ch\/","name":"Organizzatore","description":"Competente. Pratico. In 10 numeri all'anno, ORGANISATOR presenta i temi essenziali per i manager delle PMI.","publisher":{"@id":"https:\/\/www.organisator.ch\/#organization"},"potentialAction":[{"@type":"SearchAction","target":{"@type":"EntryPoint","urlTemplate":"https:\/\/www.organisator.ch\/?s={search_term_string}"},"query-input":{"@type":"PropertyValueSpecification","valueRequired":true,"valueName":"search_term_string"}}],"inLanguage":"it-IT"},{"@type":"Organization","@id":"https:\/\/www.organisator.ch\/#organization","name":"Organizzatore","url":"https:\/\/www.organisator.ch\/","logo":{"@type":"ImageObject","inLanguage":"it-IT","@id":"https:\/\/www.organisator.ch\/#\/schema\/logo\/image\/","url":"https:\/\/www.organisator.ch\/wp-content\/uploads\/2022\/01\/Logo_Organisator_Website.png","contentUrl":"https:\/\/www.organisator.ch\/wp-content\/uploads\/2022\/01\/Logo_Organisator_Website.png","width":800,"height":77,"caption":"Organisator"},"image":{"@id":"https:\/\/www.organisator.ch\/#\/schema\/logo\/image\/"},"sameAs":["https:\/\/www.facebook.com\/OrganisatorFachmagazin","https:\/\/www.linkedin.com\/showcase\/organisator-das-magazin-fr-kmu","https:\/\/www.xing.com\/news\/pages\/organisator-ch-695","https:\/\/www.youtube.com\/channel\/UCGP2Sq0iWaZwT3BdIAQFYpw"]},{"@type":"Person","@id":"https:\/\/www.organisator.ch\/#\/schema\/person\/afccda3a71c06d4be2ed9100dd163db7","name":"Dzana Muminovic","image":{"@type":"ImageObject","inLanguage":"it-IT","@id":"https:\/\/secure.gravatar.com\/avatar\/909c5c71aff4b38e88686f2ab2f1ba152571f394f41ed8bae431ea56ced93050?s=96&d=mm&r=g","url":"https:\/\/secure.gravatar.com\/avatar\/909c5c71aff4b38e88686f2ab2f1ba152571f394f41ed8bae431ea56ced93050?s=96&d=mm&r=g","contentUrl":"https:\/\/secure.gravatar.com\/avatar\/909c5c71aff4b38e88686f2ab2f1ba152571f394f41ed8bae431ea56ced93050?s=96&d=mm&r=g","caption":"Dzana Muminovic"},"url":"https:\/\/www.organisator.ch\/it\/author\/dzana-muminovic\/"}]}},"_links":{"self":[{"href":"https:\/\/www.organisator.ch\/it\/wp-json\/wp\/v2\/posts\/34114","targetHints":{"allow":["GET"]}}],"collection":[{"href":"https:\/\/www.organisator.ch\/it\/wp-json\/wp\/v2\/posts"}],"about":[{"href":"https:\/\/www.organisator.ch\/it\/wp-json\/wp\/v2\/types\/post"}],"author":[{"embeddable":true,"href":"https:\/\/www.organisator.ch\/it\/wp-json\/wp\/v2\/users\/80"}],"replies":[{"embeddable":true,"href":"https:\/\/www.organisator.ch\/it\/wp-json\/wp\/v2\/comments?post=34114"}],"version-history":[{"count":4,"href":"https:\/\/www.organisator.ch\/it\/wp-json\/wp\/v2\/posts\/34114\/revisions"}],"predecessor-version":[{"id":34157,"href":"https:\/\/www.organisator.ch\/it\/wp-json\/wp\/v2\/posts\/34114\/revisions\/34157"}],"wp:featuredmedia":[{"embeddable":true,"href":"https:\/\/www.organisator.ch\/it\/wp-json\/wp\/v2\/media\/34115"}],"wp:attachment":[{"href":"https:\/\/www.organisator.ch\/it\/wp-json\/wp\/v2\/media?parent=34114"}],"wp:term":[{"taxonomy":"category","embeddable":true,"href":"https:\/\/www.organisator.ch\/it\/wp-json\/wp\/v2\/categories?post=34114"},{"taxonomy":"post_tag","embeddable":true,"href":"https:\/\/www.organisator.ch\/it\/wp-json\/wp\/v2\/tags?post=34114"}],"curies":[{"name":"wp","href":"https:\/\/api.w.org\/{rel}","templated":true}]}}