{"id":3422,"date":"2020-10-13T12:35:21","date_gmt":"2020-10-13T10:35:21","guid":{"rendered":"https:\/\/www.umweltperspektiven.ch\/?p=3422"},"modified":"2022-02-09T11:05:32","modified_gmt":"2022-02-09T10:05:32","slug":"zum-internationalen-e-waste-day","status":"publish","type":"post","link":"https:\/\/www.organisator.ch\/it\/sustainability\/2020-10-13\/zum-internationalen-e-waste-day\/","title":{"rendered":"Nella giornata internazionale dei rifiuti elettronici"},"content":{"rendered":"<figure id=\"attachment_3423\" aria-describedby=\"caption-attachment-3423\" style=\"width: 680px\" class=\"wp-caption alignnone\"><img loading=\"lazy\" decoding=\"async\" class=\"wp-image-3423 size-medium\" src=\"\/\/www.umweltperspektiven.ch\/wp-content\/uploads\/2020\/10\/International-E-Waste-UP_Umwelt-Perspektiven.jpg\" alt=\"\" width=\"680\" height=\"452\" srcset=\"https:\/\/www.organisator.ch\/wp-content\/uploads\/2020\/10\/International-E-Waste-UP_Umwelt-Perspektiven.jpg 1735w, https:\/\/www.organisator.ch\/wp-content\/uploads\/2020\/10\/International-E-Waste-UP_Umwelt-Perspektiven-680x452.jpg 680w, https:\/\/www.organisator.ch\/wp-content\/uploads\/2020\/10\/International-E-Waste-UP_Umwelt-Perspektiven-1024x680.jpg 1024w, https:\/\/www.organisator.ch\/wp-content\/uploads\/2020\/10\/International-E-Waste-UP_Umwelt-Perspektiven-768x510.jpg 768w, https:\/\/www.organisator.ch\/wp-content\/uploads\/2020\/10\/International-E-Waste-UP_Umwelt-Perspektiven-1536x1020.jpg 1536w, https:\/\/www.organisator.ch\/wp-content\/uploads\/2020\/10\/International-E-Waste-UP_Umwelt-Perspektiven-18x12.jpg 18w, https:\/\/www.organisator.ch\/wp-content\/uploads\/2020\/10\/International-E-Waste-UP_Umwelt-Perspektiven-264x175.jpg 264w, https:\/\/www.organisator.ch\/wp-content\/uploads\/2020\/10\/International-E-Waste-UP_Umwelt-Perspektiven-527x350.jpg 527w, https:\/\/www.organisator.ch\/wp-content\/uploads\/2020\/10\/International-E-Waste-UP_Umwelt-Perspektiven-1205x800.jpg 1205w, https:\/\/www.organisator.ch\/wp-content\/uploads\/2020\/10\/International-E-Waste-UP_Umwelt-Perspektiven-920x611.jpg 920w, https:\/\/www.organisator.ch\/wp-content\/uploads\/2020\/10\/International-E-Waste-UP_Umwelt-Perspektiven-1400x930.jpg 1400w, https:\/\/www.organisator.ch\/wp-content\/uploads\/2020\/10\/International-E-Waste-UP_Umwelt-Perspektiven-300x199.jpg 300w\" sizes=\"auto, (max-width: 680px) 100vw, 680px\" \/><figcaption id=\"caption-attachment-3423\" class=\"wp-caption-text\">Dopo la plastica, i rifiuti elettronici sono il flusso di rifiuti in pi\u00f9 rapida crescita nel mondo. Entro il 2030, si prevede un'incredibile quantit\u00e0 di 74,7 milioni di tonnellate di rifiuti elettronici, che equivale a circa 7390 torri Eiffel. (Immagine: Unsplash)<\/figcaption><\/figure>\n<p>In occasione della terza giornata internazionale dei rifiuti elettronici il 14 ottobre 2020, la SENS eRecycling lancia diverse attivit\u00e0.  Per aumentare la comodit\u00e0 di smaltimento per la popolazione, SENS eRecycling collabora con la Posta Svizzera. Per il progetto pilota, le borse Electro Recycling saranno consegnate alle famiglie delle citt\u00e0 di Zurigo e Berna dal 14 ottobre al 31 dicembre 2020. I sacchetti di raccolta riempiti possono essere comodamente depositati nella cassa del latte e raccolti dalla Posta.<br \/>\nAllo stesso tempo, una campagna di raccolta \u00e8 in corso in 170 scuole di Zurigo e Berna. Le scuole sono invitate a discutere di eRecycling in classe e a raccogliere insieme gli apparecchi elettrici difettosi e scartati. La classe che raccoglie di pi\u00f9 durante la campagna di raccolta vincer\u00e0 1000 franchi svizzeri per la tesoreria della classe. \"Con questa campagna vogliamo sensibilizzare i bambini al tema dell'eRecycling\", dice Sabrina Bj\u00f6\u00f6rn, responsabile del marketing e della comunicazione della SENS eRecycling.<\/p>\n<p><strong>SENS eRecycling - 30 anni per l'ambiente<\/strong><br \/>\nNegli ultimi 30 anni la SENS eRecyling ha raccolto e smaltito circa 1,2 milioni di tonnellate di apparecchi elettrici ed elettronici in Svizzera in collaborazione con la sua fitta rete di partner. In questo modo, un totale di 830.000 tonnellate di materiali riciclabili come il ferro, l'acciaio, l'alluminio, il rame o anche l'oro potrebbero tornare nella produzione di nuovi prodotti. Oltre al riciclaggio, per\u00f2, \u00e8 proprio lo smaltimento di sostanze inquinanti come il mercurio, i refrigeranti e i refrigeranti o i PCB, che sono difficili da degradare, ad essere cruciale. L'impegno della SENS eRecycling e dei partner significa 150.000 miliardi di punti d'impatto ambientale (EIP) risparmiati, il che corrisponde a un'impronta ambientale annuale di 7,5 milioni di svizzeri.<\/p>\n<p><strong>Riciclare invece di abbandonare - consapevolezza sui social media<\/strong><\/p>\n<p>I rifiuti elettronici sono il flusso di rifiuti in pi\u00f9 rapida crescita nel mondo. Entro il 2030, si prevede un'incredibile quantit\u00e0 di 74,7 milioni di tonnellate di rifiuti elettronici, che corrisponde a circa 7390 torri Eiffel. Questo dimostra quanto sia importante riciclare professionalmente e quindi recuperare e riciclare materiali preziosi. Le cifre sono chiare e impressionanti. Solo nel 2019, il valore delle materie prime contenute nei rifiuti elettronici era equivalente a circa 52 miliardi di franchi svizzeri.<\/p>\n<p>Per la Giornata dei rifiuti elettronici sono previste anche attivit\u00e0 sui social media, tra cui uno spot del regista lucernese Till Gm\u00fcr e interessanti contributi della blogger, narratrice e fotografa Andrea Monica Hug. In questo modo, la SENS eRecycling vuole creare una maggiore consapevolezza attraverso i social media e chiedere lo smaltimento professionale dei rifiuti elettronici e mobilitare la popolazione. \"Per attirare l'attenzione sull'importanza dell'eRecycling, tutti i canali dovrebbero essere utilizzati\", dice Andrea Monica Hug.<\/p>\n<p><a href=\"\/\/www.sens.ch\">www.sens.ch<\/a><\/p>","protected":false},"excerpt":{"rendered":"<p>Anl\u00e4sslich des 3. International E-Waste Days am 14. Oktober 2020 startet SENS eRecycling mehrere Aktivit\u00e4ten.\u00a0 Um den Komfort beim Entsorgen f\u00fcr die Bev\u00f6lkerung zu steigern, spannt SENS eRecycling mit der Post zusammen. So werden f\u00fcr das Pilotprojekt vom 14. Oktober bis 31. Dezember 2020 in den St\u00e4dten Z\u00fcrich und Bern, Haushalte mit Electro Recycling Bags [&hellip;]<\/p>\n","protected":false},"author":5,"featured_media":3423,"comment_status":"closed","ping_status":"closed","sticky":false,"template":"","format":"standard","meta":{"_acf_changed":false,"_yoast_wpseo_focuskw":"SENS","_yoast_wpseo_metadesc":"Am 14. Oktober findet zum 3. Mal der International E-Waste Day statt. Als eine von weltweit 40 Organisationen unterst\u00fctzt auch SENS eRecycling die Kampagne.","articlekey":"","footnotes":""},"categories":[580],"tags":[690,1008,1041,1437,424,438],"class_list":["post-3422","post","type-post","status-publish","format-standard","has-post-thumbnail","hentry","category-sustainability","tag-aktivitaeten","tag-e-waste-day","tag-elektroschrott","tag-international-e-waste-day","tag-schweiz","tag-social-media"],"acf":[],"yoast_head":"<!-- This site is optimized with the Yoast SEO plugin v27.5 - https:\/\/yoast.com\/product\/yoast-seo-wordpress\/ -->\n<title>Zum Internationalen E-Waste Day - Organisator<\/title>\n<meta name=\"description\" content=\"Am 14. Oktober findet zum 3. Mal der International E-Waste Day statt. Als eine von weltweit 40 Organisationen unterst\u00fctzt auch SENS eRecycling die Kampagne.\" \/>\n<meta name=\"robots\" content=\"index, follow, max-snippet:-1, max-image-preview:large, max-video-preview:-1\" \/>\n<link rel=\"canonical\" href=\"https:\/\/www.organisator.ch\/it\/sostenibilita\/2020-10-13\/zum-internationalen-e-waste-day\/\" \/>\n<meta property=\"og:locale\" content=\"it_IT\" \/>\n<meta property=\"og:type\" content=\"article\" \/>\n<meta property=\"og:title\" content=\"Zum Internationalen E-Waste Day - Organisator\" \/>\n<meta property=\"og:description\" content=\"Am 14. Oktober findet zum 3. Mal der International E-Waste Day statt. Als eine von weltweit 40 Organisationen unterst\u00fctzt auch SENS eRecycling die Kampagne.\" \/>\n<meta property=\"og:url\" content=\"https:\/\/www.organisator.ch\/it\/sostenibilita\/2020-10-13\/zum-internationalen-e-waste-day\/\" \/>\n<meta property=\"og:site_name\" content=\"Organisator\" \/>\n<meta property=\"article:publisher\" content=\"https:\/\/www.facebook.com\/OrganisatorFachmagazin\" \/>\n<meta property=\"article:published_time\" content=\"2020-10-13T10:35:21+00:00\" \/>\n<meta property=\"article:modified_time\" content=\"2022-02-09T10:05:32+00:00\" \/>\n<meta property=\"og:image\" content=\"https:\/\/www.organisator.ch\/wp-content\/uploads\/2020\/10\/International-E-Waste-UP_Umwelt-Perspektiven.jpg\" \/>\n\t<meta property=\"og:image:width\" content=\"1735\" \/>\n\t<meta property=\"og:image:height\" content=\"1152\" \/>\n\t<meta property=\"og:image:type\" content=\"image\/jpeg\" \/>\n<meta name=\"author\" content=\"michael.merz\" \/>\n<meta name=\"twitter:card\" content=\"summary_large_image\" \/>\n<script type=\"application\/ld+json\" class=\"yoast-schema-graph\">{\"@context\":\"https:\\\/\\\/schema.org\",\"@graph\":[{\"@type\":\"Article\",\"@id\":\"https:\\\/\\\/www.organisator.ch\\\/sustainability\\\/2020-10-13\\\/zum-internationalen-e-waste-day\\\/#article\",\"isPartOf\":{\"@id\":\"https:\\\/\\\/www.organisator.ch\\\/sustainability\\\/2020-10-13\\\/zum-internationalen-e-waste-day\\\/\"},\"author\":{\"name\":\"michael.merz\",\"@id\":\"https:\\\/\\\/www.organisator.ch\\\/#\\\/schema\\\/person\\\/134708ca9321c57b0362cceb7948ffbd\"},\"headline\":\"Zum Internationalen E-Waste Day\",\"datePublished\":\"2020-10-13T10:35:21+00:00\",\"dateModified\":\"2022-02-09T10:05:32+00:00\",\"mainEntityOfPage\":{\"@id\":\"https:\\\/\\\/www.organisator.ch\\\/sustainability\\\/2020-10-13\\\/zum-internationalen-e-waste-day\\\/\"},\"wordCount\":438,\"publisher\":{\"@id\":\"https:\\\/\\\/www.organisator.ch\\\/#organization\"},\"image\":{\"@id\":\"https:\\\/\\\/www.organisator.ch\\\/sustainability\\\/2020-10-13\\\/zum-internationalen-e-waste-day\\\/#primaryimage\"},\"thumbnailUrl\":\"https:\\\/\\\/www.organisator.ch\\\/wp-content\\\/uploads\\\/2020\\\/10\\\/International-E-Waste-UP_Umwelt-Perspektiven.jpg\",\"keywords\":[\"Aktivit\u00e4ten\",\"E-Waste Day\",\"Elektroschrott\",\"International E-Waste Day\",\"Schweiz\",\"Social Media\"],\"articleSection\":[\"SUSTAINABILITY\"],\"inLanguage\":\"it-IT\"},{\"@type\":\"WebPage\",\"@id\":\"https:\\\/\\\/www.organisator.ch\\\/sustainability\\\/2020-10-13\\\/zum-internationalen-e-waste-day\\\/\",\"url\":\"https:\\\/\\\/www.organisator.ch\\\/sustainability\\\/2020-10-13\\\/zum-internationalen-e-waste-day\\\/\",\"name\":\"Zum Internationalen E-Waste Day - Organisator\",\"isPartOf\":{\"@id\":\"https:\\\/\\\/www.organisator.ch\\\/#website\"},\"primaryImageOfPage\":{\"@id\":\"https:\\\/\\\/www.organisator.ch\\\/sustainability\\\/2020-10-13\\\/zum-internationalen-e-waste-day\\\/#primaryimage\"},\"image\":{\"@id\":\"https:\\\/\\\/www.organisator.ch\\\/sustainability\\\/2020-10-13\\\/zum-internationalen-e-waste-day\\\/#primaryimage\"},\"thumbnailUrl\":\"https:\\\/\\\/www.organisator.ch\\\/wp-content\\\/uploads\\\/2020\\\/10\\\/International-E-Waste-UP_Umwelt-Perspektiven.jpg\",\"datePublished\":\"2020-10-13T10:35:21+00:00\",\"dateModified\":\"2022-02-09T10:05:32+00:00\",\"description\":\"Am 14. Oktober findet zum 3. Mal der International E-Waste Day statt. Als eine von weltweit 40 Organisationen unterst\u00fctzt auch SENS eRecycling die Kampagne.\",\"breadcrumb\":{\"@id\":\"https:\\\/\\\/www.organisator.ch\\\/sustainability\\\/2020-10-13\\\/zum-internationalen-e-waste-day\\\/#breadcrumb\"},\"inLanguage\":\"it-IT\",\"potentialAction\":[{\"@type\":\"ReadAction\",\"target\":[\"https:\\\/\\\/www.organisator.ch\\\/sustainability\\\/2020-10-13\\\/zum-internationalen-e-waste-day\\\/\"]}]},{\"@type\":\"ImageObject\",\"inLanguage\":\"it-IT\",\"@id\":\"https:\\\/\\\/www.organisator.ch\\\/sustainability\\\/2020-10-13\\\/zum-internationalen-e-waste-day\\\/#primaryimage\",\"url\":\"https:\\\/\\\/www.organisator.ch\\\/wp-content\\\/uploads\\\/2020\\\/10\\\/International-E-Waste-UP_Umwelt-Perspektiven.jpg\",\"contentUrl\":\"https:\\\/\\\/www.organisator.ch\\\/wp-content\\\/uploads\\\/2020\\\/10\\\/International-E-Waste-UP_Umwelt-Perspektiven.jpg\",\"width\":1735,\"height\":1152},{\"@type\":\"BreadcrumbList\",\"@id\":\"https:\\\/\\\/www.organisator.ch\\\/sustainability\\\/2020-10-13\\\/zum-internationalen-e-waste-day\\\/#breadcrumb\",\"itemListElement\":[{\"@type\":\"ListItem\",\"position\":1,\"name\":\"Home\",\"item\":\"https:\\\/\\\/www.organisator.ch\\\/\"},{\"@type\":\"ListItem\",\"position\":2,\"name\":\"Zum Internationalen E-Waste Day\"}]},{\"@type\":\"WebSite\",\"@id\":\"https:\\\/\\\/www.organisator.ch\\\/#website\",\"url\":\"https:\\\/\\\/www.organisator.ch\\\/\",\"name\":\"Organisator\",\"description\":\"Kompetent. Praxisnah. Der ORGANISATOR bereitet in 10 Ausgaben pro Jahr die wesentlichen Themen f\u00fcr F\u00fchrungskr\u00e4fte von KMU auf.\",\"publisher\":{\"@id\":\"https:\\\/\\\/www.organisator.ch\\\/#organization\"},\"potentialAction\":[{\"@type\":\"SearchAction\",\"target\":{\"@type\":\"EntryPoint\",\"urlTemplate\":\"https:\\\/\\\/www.organisator.ch\\\/?s={search_term_string}\"},\"query-input\":{\"@type\":\"PropertyValueSpecification\",\"valueRequired\":true,\"valueName\":\"search_term_string\"}}],\"inLanguage\":\"it-IT\"},{\"@type\":\"Organization\",\"@id\":\"https:\\\/\\\/www.organisator.ch\\\/#organization\",\"name\":\"Organisator\",\"url\":\"https:\\\/\\\/www.organisator.ch\\\/\",\"logo\":{\"@type\":\"ImageObject\",\"inLanguage\":\"it-IT\",\"@id\":\"https:\\\/\\\/www.organisator.ch\\\/#\\\/schema\\\/logo\\\/image\\\/\",\"url\":\"https:\\\/\\\/www.organisator.ch\\\/wp-content\\\/uploads\\\/2022\\\/01\\\/Logo_Organisator_Website.png\",\"contentUrl\":\"https:\\\/\\\/www.organisator.ch\\\/wp-content\\\/uploads\\\/2022\\\/01\\\/Logo_Organisator_Website.png\",\"width\":800,\"height\":77,\"caption\":\"Organisator\"},\"image\":{\"@id\":\"https:\\\/\\\/www.organisator.ch\\\/#\\\/schema\\\/logo\\\/image\\\/\"},\"sameAs\":[\"https:\\\/\\\/www.facebook.com\\\/OrganisatorFachmagazin\",\"https:\\\/\\\/www.linkedin.com\\\/showcase\\\/organisator-das-magazin-fr-kmu\",\"https:\\\/\\\/www.xing.com\\\/news\\\/pages\\\/organisator-ch-695\",\"https:\\\/\\\/www.youtube.com\\\/channel\\\/UCGP2Sq0iWaZwT3BdIAQFYpw\"]},{\"@type\":\"Person\",\"@id\":\"https:\\\/\\\/www.organisator.ch\\\/#\\\/schema\\\/person\\\/134708ca9321c57b0362cceb7948ffbd\",\"name\":\"michael.merz\",\"image\":{\"@type\":\"ImageObject\",\"inLanguage\":\"it-IT\",\"@id\":\"https:\\\/\\\/secure.gravatar.com\\\/avatar\\\/?s=96&d=mm&r=g\",\"url\":\"https:\\\/\\\/secure.gravatar.com\\\/avatar\\\/?s=96&d=mm&r=g\",\"contentUrl\":\"https:\\\/\\\/secure.gravatar.com\\\/avatar\\\/?s=96&d=mm&r=g\",\"caption\":\"michael.merz\"},\"url\":\"https:\\\/\\\/www.organisator.ch\\\/it\\\/author\\\/michael-merz\\\/\"}]}<\/script>\n<!-- \/ Yoast SEO plugin. -->","yoast_head_json":{"title":"Nella Giornata internazionale dei rifiuti elettronici - Organizzatore","description":"Il 14 ottobre si terr\u00e0 per la terza volta la Giornata internazionale dei rifiuti elettronici. Tra le 40 organizzazioni di tutto il mondo, anche SENS eRecycling sostiene la campagna.","robots":{"index":"index","follow":"follow","max-snippet":"max-snippet:-1","max-image-preview":"max-image-preview:large","max-video-preview":"max-video-preview:-1"},"canonical":"https:\/\/www.organisator.ch\/it\/sostenibilita\/2020-10-13\/zum-internationalen-e-waste-day\/","og_locale":"it_IT","og_type":"article","og_title":"Zum Internationalen E-Waste Day - Organisator","og_description":"Am 14. Oktober findet zum 3. Mal der International E-Waste Day statt. Als eine von weltweit 40 Organisationen unterst\u00fctzt auch SENS eRecycling die Kampagne.","og_url":"https:\/\/www.organisator.ch\/it\/sostenibilita\/2020-10-13\/zum-internationalen-e-waste-day\/","og_site_name":"Organisator","article_publisher":"https:\/\/www.facebook.com\/OrganisatorFachmagazin","article_published_time":"2020-10-13T10:35:21+00:00","article_modified_time":"2022-02-09T10:05:32+00:00","og_image":[{"width":1735,"height":1152,"url":"https:\/\/www.organisator.ch\/wp-content\/uploads\/2020\/10\/International-E-Waste-UP_Umwelt-Perspektiven.jpg","type":"image\/jpeg"}],"author":"michael.merz","twitter_card":"summary_large_image","schema":{"@context":"https:\/\/schema.org","@graph":[{"@type":"Article","@id":"https:\/\/www.organisator.ch\/sustainability\/2020-10-13\/zum-internationalen-e-waste-day\/#article","isPartOf":{"@id":"https:\/\/www.organisator.ch\/sustainability\/2020-10-13\/zum-internationalen-e-waste-day\/"},"author":{"name":"michael.merz","@id":"https:\/\/www.organisator.ch\/#\/schema\/person\/134708ca9321c57b0362cceb7948ffbd"},"headline":"Zum Internationalen E-Waste Day","datePublished":"2020-10-13T10:35:21+00:00","dateModified":"2022-02-09T10:05:32+00:00","mainEntityOfPage":{"@id":"https:\/\/www.organisator.ch\/sustainability\/2020-10-13\/zum-internationalen-e-waste-day\/"},"wordCount":438,"publisher":{"@id":"https:\/\/www.organisator.ch\/#organization"},"image":{"@id":"https:\/\/www.organisator.ch\/sustainability\/2020-10-13\/zum-internationalen-e-waste-day\/#primaryimage"},"thumbnailUrl":"https:\/\/www.organisator.ch\/wp-content\/uploads\/2020\/10\/International-E-Waste-UP_Umwelt-Perspektiven.jpg","keywords":["Aktivit\u00e4ten","E-Waste Day","Elektroschrott","International E-Waste Day","Schweiz","Social Media"],"articleSection":["SUSTAINABILITY"],"inLanguage":"it-IT"},{"@type":"WebPage","@id":"https:\/\/www.organisator.ch\/sustainability\/2020-10-13\/zum-internationalen-e-waste-day\/","url":"https:\/\/www.organisator.ch\/sustainability\/2020-10-13\/zum-internationalen-e-waste-day\/","name":"Nella Giornata internazionale dei rifiuti elettronici - Organizzatore","isPartOf":{"@id":"https:\/\/www.organisator.ch\/#website"},"primaryImageOfPage":{"@id":"https:\/\/www.organisator.ch\/sustainability\/2020-10-13\/zum-internationalen-e-waste-day\/#primaryimage"},"image":{"@id":"https:\/\/www.organisator.ch\/sustainability\/2020-10-13\/zum-internationalen-e-waste-day\/#primaryimage"},"thumbnailUrl":"https:\/\/www.organisator.ch\/wp-content\/uploads\/2020\/10\/International-E-Waste-UP_Umwelt-Perspektiven.jpg","datePublished":"2020-10-13T10:35:21+00:00","dateModified":"2022-02-09T10:05:32+00:00","description":"Il 14 ottobre si terr\u00e0 per la terza volta la Giornata internazionale dei rifiuti elettronici. Tra le 40 organizzazioni di tutto il mondo, anche SENS eRecycling sostiene la campagna.","breadcrumb":{"@id":"https:\/\/www.organisator.ch\/sustainability\/2020-10-13\/zum-internationalen-e-waste-day\/#breadcrumb"},"inLanguage":"it-IT","potentialAction":[{"@type":"ReadAction","target":["https:\/\/www.organisator.ch\/sustainability\/2020-10-13\/zum-internationalen-e-waste-day\/"]}]},{"@type":"ImageObject","inLanguage":"it-IT","@id":"https:\/\/www.organisator.ch\/sustainability\/2020-10-13\/zum-internationalen-e-waste-day\/#primaryimage","url":"https:\/\/www.organisator.ch\/wp-content\/uploads\/2020\/10\/International-E-Waste-UP_Umwelt-Perspektiven.jpg","contentUrl":"https:\/\/www.organisator.ch\/wp-content\/uploads\/2020\/10\/International-E-Waste-UP_Umwelt-Perspektiven.jpg","width":1735,"height":1152},{"@type":"BreadcrumbList","@id":"https:\/\/www.organisator.ch\/sustainability\/2020-10-13\/zum-internationalen-e-waste-day\/#breadcrumb","itemListElement":[{"@type":"ListItem","position":1,"name":"Home","item":"https:\/\/www.organisator.ch\/"},{"@type":"ListItem","position":2,"name":"Zum Internationalen E-Waste Day"}]},{"@type":"WebSite","@id":"https:\/\/www.organisator.ch\/#website","url":"https:\/\/www.organisator.ch\/","name":"Organizzatore","description":"Competente. Pratico. In 10 numeri all'anno, ORGANISATOR presenta i temi essenziali per i manager delle PMI.","publisher":{"@id":"https:\/\/www.organisator.ch\/#organization"},"potentialAction":[{"@type":"SearchAction","target":{"@type":"EntryPoint","urlTemplate":"https:\/\/www.organisator.ch\/?s={search_term_string}"},"query-input":{"@type":"PropertyValueSpecification","valueRequired":true,"valueName":"search_term_string"}}],"inLanguage":"it-IT"},{"@type":"Organization","@id":"https:\/\/www.organisator.ch\/#organization","name":"Organizzatore","url":"https:\/\/www.organisator.ch\/","logo":{"@type":"ImageObject","inLanguage":"it-IT","@id":"https:\/\/www.organisator.ch\/#\/schema\/logo\/image\/","url":"https:\/\/www.organisator.ch\/wp-content\/uploads\/2022\/01\/Logo_Organisator_Website.png","contentUrl":"https:\/\/www.organisator.ch\/wp-content\/uploads\/2022\/01\/Logo_Organisator_Website.png","width":800,"height":77,"caption":"Organisator"},"image":{"@id":"https:\/\/www.organisator.ch\/#\/schema\/logo\/image\/"},"sameAs":["https:\/\/www.facebook.com\/OrganisatorFachmagazin","https:\/\/www.linkedin.com\/showcase\/organisator-das-magazin-fr-kmu","https:\/\/www.xing.com\/news\/pages\/organisator-ch-695","https:\/\/www.youtube.com\/channel\/UCGP2Sq0iWaZwT3BdIAQFYpw"]},{"@type":"Person","@id":"https:\/\/www.organisator.ch\/#\/schema\/person\/134708ca9321c57b0362cceb7948ffbd","name":"michael.merz","image":{"@type":"ImageObject","inLanguage":"it-IT","@id":"https:\/\/secure.gravatar.com\/avatar\/?s=96&d=mm&r=g","url":"https:\/\/secure.gravatar.com\/avatar\/?s=96&d=mm&r=g","contentUrl":"https:\/\/secure.gravatar.com\/avatar\/?s=96&d=mm&r=g","caption":"michael.merz"},"url":"https:\/\/www.organisator.ch\/it\/author\/michael-merz\/"}]}},"_links":{"self":[{"href":"https:\/\/www.organisator.ch\/it\/wp-json\/wp\/v2\/posts\/3422","targetHints":{"allow":["GET"]}}],"collection":[{"href":"https:\/\/www.organisator.ch\/it\/wp-json\/wp\/v2\/posts"}],"about":[{"href":"https:\/\/www.organisator.ch\/it\/wp-json\/wp\/v2\/types\/post"}],"author":[{"embeddable":true,"href":"https:\/\/www.organisator.ch\/it\/wp-json\/wp\/v2\/users\/5"}],"replies":[{"embeddable":true,"href":"https:\/\/www.organisator.ch\/it\/wp-json\/wp\/v2\/comments?post=3422"}],"version-history":[{"count":1,"href":"https:\/\/www.organisator.ch\/it\/wp-json\/wp\/v2\/posts\/3422\/revisions"}],"predecessor-version":[{"id":10384,"href":"https:\/\/www.organisator.ch\/it\/wp-json\/wp\/v2\/posts\/3422\/revisions\/10384"}],"wp:featuredmedia":[{"embeddable":true,"href":"https:\/\/www.organisator.ch\/it\/wp-json\/wp\/v2\/media\/3423"}],"wp:attachment":[{"href":"https:\/\/www.organisator.ch\/it\/wp-json\/wp\/v2\/media?parent=3422"}],"wp:term":[{"taxonomy":"category","embeddable":true,"href":"https:\/\/www.organisator.ch\/it\/wp-json\/wp\/v2\/categories?post=3422"},{"taxonomy":"post_tag","embeddable":true,"href":"https:\/\/www.organisator.ch\/it\/wp-json\/wp\/v2\/tags?post=3422"}],"curies":[{"name":"wp","href":"https:\/\/api.w.org\/{rel}","templated":true}]}}