{"id":34242,"date":"2024-12-05T22:43:38","date_gmt":"2024-12-05T21:43:38","guid":{"rendered":"https:\/\/www.organisator.ch\/de\/?p=34242"},"modified":"2024-12-02T14:18:44","modified_gmt":"2024-12-02T13:18:44","slug":"kulturwandel-durch-kollaboration","status":"publish","type":"post","link":"https:\/\/www.organisator.ch\/it\/abo\/2024-12-05\/kulturwandel-durch-kollaboration\/","title":{"rendered":"Cambiamento culturale attraverso la collaborazione"},"content":{"rendered":"<div class=\"swpm-post-not-logged-in-msg\">Devi eseguire l&#039;accesso per visualizzare questo contenuto. Avrete bisogno di <a class=\"swpm-login-link\" href=\"https:\/\/www.organisator.ch\/login\/\">Accedi<\/a>. Non sei un membro? <a href=\"https:\/\/www.organisator.ch\/shop\/\">Registrati<\/a><\/div>","protected":false},"excerpt":{"rendered":"<p>\"Stare fermi \u00e8 tornare indietro\" \u00e8 un credo ben noto ai top manager, ed \u00e8 pi\u00f9 vero che mai nel mondo volatile di oggi. Le aziende che non si adattano allo spirito dei tempi e ai concetti di lavoro progressisti sono destinate a perdere nel lungo periodo. <\/p>","protected":false},"author":1,"featured_media":34240,"comment_status":"closed","ping_status":"closed","sticky":false,"template":"","format":"standard","meta":{"_acf_changed":false,"_yoast_wpseo_focuskw":"Transformational Change","_yoast_wpseo_metadesc":"Unternehmen m\u00fcssen sich anpassen, um in einer volatilen Welt erfolgreich zu bleiben. Agilit\u00e4t und New Work sind Schl\u00fcssel dazu.","articlekey":"125299","footnotes":""},"categories":[578,579],"tags":[33,4887,4694,363,4888,492],"class_list":["post-34242","post","type-post","status-publish","format-standard","has-post-thumbnail","hentry","category-abo","category-human-resources","tag-agilitaet","tag-kulturwandel","tag-mitarbeitende","tag-new-work","tag-transformational-change","tag-unternehmen"],"acf":[],"yoast_head":"<!-- This site is optimized with the Yoast SEO plugin v27.5 - https:\/\/yoast.com\/product\/yoast-seo-wordpress\/ -->\n<title>Kulturwandel durch Kollaboration - Organisator<\/title>\n<meta name=\"description\" content=\"Unternehmen m\u00fcssen sich anpassen, um in einer volatilen Welt erfolgreich zu bleiben. Agilit\u00e4t und New Work sind Schl\u00fcssel dazu.\" \/>\n<meta name=\"robots\" content=\"index, follow, max-snippet:-1, max-image-preview:large, max-video-preview:-1\" \/>\n<link rel=\"canonical\" href=\"https:\/\/www.organisator.ch\/it\/abbonamento\/2024-12-05\/kulturwandel-durch-kollaboration\/\" \/>\n<meta property=\"og:locale\" content=\"it_IT\" \/>\n<meta property=\"og:type\" content=\"article\" \/>\n<meta property=\"og:title\" content=\"Kulturwandel durch Kollaboration\" \/>\n<meta property=\"og:description\" content=\"Unternehmen m\u00fcssen sich anpassen, um in einer volatilen Welt erfolgreich zu bleiben. Agilit\u00e4t und New Work sind Schl\u00fcssel dazu.\" \/>\n<meta property=\"og:url\" content=\"https:\/\/www.organisator.ch\/it\/abbonamento\/2024-12-05\/kulturwandel-durch-kollaboration\/\" \/>\n<meta property=\"og:site_name\" content=\"Organisator\" \/>\n<meta property=\"article:publisher\" content=\"https:\/\/www.facebook.com\/OrganisatorFachmagazin\" \/>\n<meta property=\"article:published_time\" content=\"2024-12-05T21:43:38+00:00\" \/>\n<meta property=\"og:image\" content=\"https:\/\/www.organisator.ch\/wp-content\/uploads\/2024\/12\/HRM_Auftakt_Bild_NEU_organisator_131538-scaled-e1733144279673.jpg\" \/>\n\t<meta property=\"og:image:width\" content=\"1040\" \/>\n\t<meta property=\"og:image:height\" content=\"917\" \/>\n\t<meta property=\"og:image:type\" content=\"image\/jpeg\" \/>\n<meta name=\"author\" content=\"admin\" \/>\n<meta name=\"twitter:card\" content=\"summary_large_image\" \/>\n<meta name=\"twitter:title\" content=\"Kulturwandel durch Kollaboration\" \/>\n<meta name=\"twitter:description\" content=\"#Unternehmen m\u00fcssen sich #anpassen, um in einer volatilen Welt #erfolgreich zu bleiben. #Agilit\u00e4t und #New #Work sind Schl\u00fcssel dazu.\" \/>\n<meta name=\"twitter:image\" content=\"https:\/\/www.organisator.ch\/wp-content\/uploads\/2024\/12\/HRM_Auftakt_Bild_NEU_organisator_131538-scaled-e1733144279673.jpg\" \/>\n<script type=\"application\/ld+json\" class=\"yoast-schema-graph\">{\"@context\":\"https:\\\/\\\/schema.org\",\"@graph\":[{\"@type\":\"Article\",\"@id\":\"https:\\\/\\\/www.organisator.ch\\\/abo\\\/2024-12-05\\\/kulturwandel-durch-kollaboration\\\/#article\",\"isPartOf\":{\"@id\":\"https:\\\/\\\/www.organisator.ch\\\/abo\\\/2024-12-05\\\/kulturwandel-durch-kollaboration\\\/\"},\"author\":{\"name\":\"admin\",\"@id\":\"https:\\\/\\\/www.organisator.ch\\\/#\\\/schema\\\/person\\\/aa2bace6c5c5aad60102004a50c4eb1c\"},\"headline\":\"Kulturwandel durch Kollaboration\",\"datePublished\":\"2024-12-05T21:43:38+00:00\",\"mainEntityOfPage\":{\"@id\":\"https:\\\/\\\/www.organisator.ch\\\/abo\\\/2024-12-05\\\/kulturwandel-durch-kollaboration\\\/\"},\"wordCount\":1460,\"publisher\":{\"@id\":\"https:\\\/\\\/www.organisator.ch\\\/#organization\"},\"image\":{\"@id\":\"https:\\\/\\\/www.organisator.ch\\\/abo\\\/2024-12-05\\\/kulturwandel-durch-kollaboration\\\/#primaryimage\"},\"thumbnailUrl\":\"https:\\\/\\\/www.organisator.ch\\\/wp-content\\\/uploads\\\/2024\\\/12\\\/HRM_Auftakt_Bild_NEU_organisator_131538-scaled-e1733144279673.jpg\",\"keywords\":[\"Agilit\u00e4t\",\"Kulturwandel\",\"Mitarbeitende\",\"New Work\",\"Transformational Change\",\"Unternehmen\"],\"articleSection\":[\"ABO+\",\"HUMAN RESOURCES\"],\"inLanguage\":\"it-IT\"},{\"@type\":\"WebPage\",\"@id\":\"https:\\\/\\\/www.organisator.ch\\\/abo\\\/2024-12-05\\\/kulturwandel-durch-kollaboration\\\/\",\"url\":\"https:\\\/\\\/www.organisator.ch\\\/abo\\\/2024-12-05\\\/kulturwandel-durch-kollaboration\\\/\",\"name\":\"Kulturwandel durch Kollaboration - Organisator\",\"isPartOf\":{\"@id\":\"https:\\\/\\\/www.organisator.ch\\\/#website\"},\"primaryImageOfPage\":{\"@id\":\"https:\\\/\\\/www.organisator.ch\\\/abo\\\/2024-12-05\\\/kulturwandel-durch-kollaboration\\\/#primaryimage\"},\"image\":{\"@id\":\"https:\\\/\\\/www.organisator.ch\\\/abo\\\/2024-12-05\\\/kulturwandel-durch-kollaboration\\\/#primaryimage\"},\"thumbnailUrl\":\"https:\\\/\\\/www.organisator.ch\\\/wp-content\\\/uploads\\\/2024\\\/12\\\/HRM_Auftakt_Bild_NEU_organisator_131538-scaled-e1733144279673.jpg\",\"datePublished\":\"2024-12-05T21:43:38+00:00\",\"description\":\"Unternehmen m\u00fcssen sich anpassen, um in einer volatilen Welt erfolgreich zu bleiben. Agilit\u00e4t und New Work sind Schl\u00fcssel dazu.\",\"breadcrumb\":{\"@id\":\"https:\\\/\\\/www.organisator.ch\\\/abo\\\/2024-12-05\\\/kulturwandel-durch-kollaboration\\\/#breadcrumb\"},\"inLanguage\":\"it-IT\",\"potentialAction\":[{\"@type\":\"ReadAction\",\"target\":[\"https:\\\/\\\/www.organisator.ch\\\/abo\\\/2024-12-05\\\/kulturwandel-durch-kollaboration\\\/\"]}]},{\"@type\":\"ImageObject\",\"inLanguage\":\"it-IT\",\"@id\":\"https:\\\/\\\/www.organisator.ch\\\/abo\\\/2024-12-05\\\/kulturwandel-durch-kollaboration\\\/#primaryimage\",\"url\":\"https:\\\/\\\/www.organisator.ch\\\/wp-content\\\/uploads\\\/2024\\\/12\\\/HRM_Auftakt_Bild_NEU_organisator_131538-scaled-e1733144279673.jpg\",\"contentUrl\":\"https:\\\/\\\/www.organisator.ch\\\/wp-content\\\/uploads\\\/2024\\\/12\\\/HRM_Auftakt_Bild_NEU_organisator_131538-scaled-e1733144279673.jpg\",\"width\":1040,\"height\":917,\"caption\":\"Das Leben ist unplanbar geworden und gleicht einem \u00abWandeln auf Sicht\u00bb im Nebel. Bild: Unsplash.com\"},{\"@type\":\"BreadcrumbList\",\"@id\":\"https:\\\/\\\/www.organisator.ch\\\/abo\\\/2024-12-05\\\/kulturwandel-durch-kollaboration\\\/#breadcrumb\",\"itemListElement\":[{\"@type\":\"ListItem\",\"position\":1,\"name\":\"Home\",\"item\":\"https:\\\/\\\/www.organisator.ch\\\/\"},{\"@type\":\"ListItem\",\"position\":2,\"name\":\"Kulturwandel durch Kollaboration\"}]},{\"@type\":\"WebSite\",\"@id\":\"https:\\\/\\\/www.organisator.ch\\\/#website\",\"url\":\"https:\\\/\\\/www.organisator.ch\\\/\",\"name\":\"Organisator\",\"description\":\"Kompetent. Praxisnah. Der ORGANISATOR bereitet in 10 Ausgaben pro Jahr die wesentlichen Themen f\u00fcr F\u00fchrungskr\u00e4fte von KMU auf.\",\"publisher\":{\"@id\":\"https:\\\/\\\/www.organisator.ch\\\/#organization\"},\"potentialAction\":[{\"@type\":\"SearchAction\",\"target\":{\"@type\":\"EntryPoint\",\"urlTemplate\":\"https:\\\/\\\/www.organisator.ch\\\/?s={search_term_string}\"},\"query-input\":{\"@type\":\"PropertyValueSpecification\",\"valueRequired\":true,\"valueName\":\"search_term_string\"}}],\"inLanguage\":\"it-IT\"},{\"@type\":\"Organization\",\"@id\":\"https:\\\/\\\/www.organisator.ch\\\/#organization\",\"name\":\"Organisator\",\"url\":\"https:\\\/\\\/www.organisator.ch\\\/\",\"logo\":{\"@type\":\"ImageObject\",\"inLanguage\":\"it-IT\",\"@id\":\"https:\\\/\\\/www.organisator.ch\\\/#\\\/schema\\\/logo\\\/image\\\/\",\"url\":\"https:\\\/\\\/www.organisator.ch\\\/wp-content\\\/uploads\\\/2022\\\/01\\\/Logo_Organisator_Website.png\",\"contentUrl\":\"https:\\\/\\\/www.organisator.ch\\\/wp-content\\\/uploads\\\/2022\\\/01\\\/Logo_Organisator_Website.png\",\"width\":800,\"height\":77,\"caption\":\"Organisator\"},\"image\":{\"@id\":\"https:\\\/\\\/www.organisator.ch\\\/#\\\/schema\\\/logo\\\/image\\\/\"},\"sameAs\":[\"https:\\\/\\\/www.facebook.com\\\/OrganisatorFachmagazin\",\"https:\\\/\\\/www.linkedin.com\\\/showcase\\\/organisator-das-magazin-fr-kmu\",\"https:\\\/\\\/www.xing.com\\\/news\\\/pages\\\/organisator-ch-695\",\"https:\\\/\\\/www.youtube.com\\\/channel\\\/UCGP2Sq0iWaZwT3BdIAQFYpw\"]},{\"@type\":\"Person\",\"@id\":\"https:\\\/\\\/www.organisator.ch\\\/#\\\/schema\\\/person\\\/aa2bace6c5c5aad60102004a50c4eb1c\",\"name\":\"admin\",\"image\":{\"@type\":\"ImageObject\",\"inLanguage\":\"it-IT\",\"@id\":\"https:\\\/\\\/secure.gravatar.com\\\/avatar\\\/ae2f4d718e6c49043e314ce431e7e645d646302a24a5ef5a8bc8e3f5a032e319?s=96&d=mm&r=g\",\"url\":\"https:\\\/\\\/secure.gravatar.com\\\/avatar\\\/ae2f4d718e6c49043e314ce431e7e645d646302a24a5ef5a8bc8e3f5a032e319?s=96&d=mm&r=g\",\"contentUrl\":\"https:\\\/\\\/secure.gravatar.com\\\/avatar\\\/ae2f4d718e6c49043e314ce431e7e645d646302a24a5ef5a8bc8e3f5a032e319?s=96&d=mm&r=g\",\"caption\":\"admin\"},\"sameAs\":[\"https:\\\/\\\/www.organisator.ch\"],\"url\":\"https:\\\/\\\/www.organisator.ch\\\/it\\\/author\\\/admin\\\/\"}]}<\/script>\n<!-- \/ Yoast SEO plugin. -->","yoast_head_json":{"title":"Cambiamento culturale attraverso la collaborazione - Organizzatore","description":"Le aziende devono adattarsi per continuare ad avere successo in un mondo volatile. L'agilit\u00e0 e il nuovo lavoro sono fondamentali per questo.","robots":{"index":"index","follow":"follow","max-snippet":"max-snippet:-1","max-image-preview":"max-image-preview:large","max-video-preview":"max-video-preview:-1"},"canonical":"https:\/\/www.organisator.ch\/it\/abbonamento\/2024-12-05\/kulturwandel-durch-kollaboration\/","og_locale":"it_IT","og_type":"article","og_title":"Kulturwandel durch Kollaboration","og_description":"Unternehmen m\u00fcssen sich anpassen, um in einer volatilen Welt erfolgreich zu bleiben. Agilit\u00e4t und New Work sind Schl\u00fcssel dazu.","og_url":"https:\/\/www.organisator.ch\/it\/abbonamento\/2024-12-05\/kulturwandel-durch-kollaboration\/","og_site_name":"Organisator","article_publisher":"https:\/\/www.facebook.com\/OrganisatorFachmagazin","article_published_time":"2024-12-05T21:43:38+00:00","og_image":[{"width":1040,"height":917,"url":"https:\/\/www.organisator.ch\/wp-content\/uploads\/2024\/12\/HRM_Auftakt_Bild_NEU_organisator_131538-scaled-e1733144279673.jpg","type":"image\/jpeg"}],"author":"admin","twitter_card":"summary_large_image","twitter_title":"Kulturwandel durch Kollaboration","twitter_description":"#Unternehmen m\u00fcssen sich #anpassen, um in einer volatilen Welt #erfolgreich zu bleiben. #Agilit\u00e4t und #New #Work sind Schl\u00fcssel dazu.","twitter_image":"https:\/\/www.organisator.ch\/wp-content\/uploads\/2024\/12\/HRM_Auftakt_Bild_NEU_organisator_131538-scaled-e1733144279673.jpg","schema":{"@context":"https:\/\/schema.org","@graph":[{"@type":"Article","@id":"https:\/\/www.organisator.ch\/abo\/2024-12-05\/kulturwandel-durch-kollaboration\/#article","isPartOf":{"@id":"https:\/\/www.organisator.ch\/abo\/2024-12-05\/kulturwandel-durch-kollaboration\/"},"author":{"name":"admin","@id":"https:\/\/www.organisator.ch\/#\/schema\/person\/aa2bace6c5c5aad60102004a50c4eb1c"},"headline":"Kulturwandel durch Kollaboration","datePublished":"2024-12-05T21:43:38+00:00","mainEntityOfPage":{"@id":"https:\/\/www.organisator.ch\/abo\/2024-12-05\/kulturwandel-durch-kollaboration\/"},"wordCount":1460,"publisher":{"@id":"https:\/\/www.organisator.ch\/#organization"},"image":{"@id":"https:\/\/www.organisator.ch\/abo\/2024-12-05\/kulturwandel-durch-kollaboration\/#primaryimage"},"thumbnailUrl":"https:\/\/www.organisator.ch\/wp-content\/uploads\/2024\/12\/HRM_Auftakt_Bild_NEU_organisator_131538-scaled-e1733144279673.jpg","keywords":["Agilit\u00e4t","Kulturwandel","Mitarbeitende","New Work","Transformational Change","Unternehmen"],"articleSection":["ABO+","HUMAN RESOURCES"],"inLanguage":"it-IT"},{"@type":"WebPage","@id":"https:\/\/www.organisator.ch\/abo\/2024-12-05\/kulturwandel-durch-kollaboration\/","url":"https:\/\/www.organisator.ch\/abo\/2024-12-05\/kulturwandel-durch-kollaboration\/","name":"Cambiamento culturale attraverso la collaborazione - Organizzatore","isPartOf":{"@id":"https:\/\/www.organisator.ch\/#website"},"primaryImageOfPage":{"@id":"https:\/\/www.organisator.ch\/abo\/2024-12-05\/kulturwandel-durch-kollaboration\/#primaryimage"},"image":{"@id":"https:\/\/www.organisator.ch\/abo\/2024-12-05\/kulturwandel-durch-kollaboration\/#primaryimage"},"thumbnailUrl":"https:\/\/www.organisator.ch\/wp-content\/uploads\/2024\/12\/HRM_Auftakt_Bild_NEU_organisator_131538-scaled-e1733144279673.jpg","datePublished":"2024-12-05T21:43:38+00:00","description":"Le aziende devono adattarsi per continuare ad avere successo in un mondo volatile. L'agilit\u00e0 e il nuovo lavoro sono fondamentali per questo.","breadcrumb":{"@id":"https:\/\/www.organisator.ch\/abo\/2024-12-05\/kulturwandel-durch-kollaboration\/#breadcrumb"},"inLanguage":"it-IT","potentialAction":[{"@type":"ReadAction","target":["https:\/\/www.organisator.ch\/abo\/2024-12-05\/kulturwandel-durch-kollaboration\/"]}]},{"@type":"ImageObject","inLanguage":"it-IT","@id":"https:\/\/www.organisator.ch\/abo\/2024-12-05\/kulturwandel-durch-kollaboration\/#primaryimage","url":"https:\/\/www.organisator.ch\/wp-content\/uploads\/2024\/12\/HRM_Auftakt_Bild_NEU_organisator_131538-scaled-e1733144279673.jpg","contentUrl":"https:\/\/www.organisator.ch\/wp-content\/uploads\/2024\/12\/HRM_Auftakt_Bild_NEU_organisator_131538-scaled-e1733144279673.jpg","width":1040,"height":917,"caption":"Das Leben ist unplanbar geworden und gleicht einem \u00abWandeln auf Sicht\u00bb im Nebel. Bild: Unsplash.com"},{"@type":"BreadcrumbList","@id":"https:\/\/www.organisator.ch\/abo\/2024-12-05\/kulturwandel-durch-kollaboration\/#breadcrumb","itemListElement":[{"@type":"ListItem","position":1,"name":"Home","item":"https:\/\/www.organisator.ch\/"},{"@type":"ListItem","position":2,"name":"Kulturwandel durch Kollaboration"}]},{"@type":"WebSite","@id":"https:\/\/www.organisator.ch\/#website","url":"https:\/\/www.organisator.ch\/","name":"Organizzatore","description":"Competente. Pratico. In 10 numeri all'anno, ORGANISATOR presenta i temi essenziali per i manager delle PMI.","publisher":{"@id":"https:\/\/www.organisator.ch\/#organization"},"potentialAction":[{"@type":"SearchAction","target":{"@type":"EntryPoint","urlTemplate":"https:\/\/www.organisator.ch\/?s={search_term_string}"},"query-input":{"@type":"PropertyValueSpecification","valueRequired":true,"valueName":"search_term_string"}}],"inLanguage":"it-IT"},{"@type":"Organization","@id":"https:\/\/www.organisator.ch\/#organization","name":"Organizzatore","url":"https:\/\/www.organisator.ch\/","logo":{"@type":"ImageObject","inLanguage":"it-IT","@id":"https:\/\/www.organisator.ch\/#\/schema\/logo\/image\/","url":"https:\/\/www.organisator.ch\/wp-content\/uploads\/2022\/01\/Logo_Organisator_Website.png","contentUrl":"https:\/\/www.organisator.ch\/wp-content\/uploads\/2022\/01\/Logo_Organisator_Website.png","width":800,"height":77,"caption":"Organisator"},"image":{"@id":"https:\/\/www.organisator.ch\/#\/schema\/logo\/image\/"},"sameAs":["https:\/\/www.facebook.com\/OrganisatorFachmagazin","https:\/\/www.linkedin.com\/showcase\/organisator-das-magazin-fr-kmu","https:\/\/www.xing.com\/news\/pages\/organisator-ch-695","https:\/\/www.youtube.com\/channel\/UCGP2Sq0iWaZwT3BdIAQFYpw"]},{"@type":"Person","@id":"https:\/\/www.organisator.ch\/#\/schema\/person\/aa2bace6c5c5aad60102004a50c4eb1c","name":"amministratore","image":{"@type":"ImageObject","inLanguage":"it-IT","@id":"https:\/\/secure.gravatar.com\/avatar\/ae2f4d718e6c49043e314ce431e7e645d646302a24a5ef5a8bc8e3f5a032e319?s=96&d=mm&r=g","url":"https:\/\/secure.gravatar.com\/avatar\/ae2f4d718e6c49043e314ce431e7e645d646302a24a5ef5a8bc8e3f5a032e319?s=96&d=mm&r=g","contentUrl":"https:\/\/secure.gravatar.com\/avatar\/ae2f4d718e6c49043e314ce431e7e645d646302a24a5ef5a8bc8e3f5a032e319?s=96&d=mm&r=g","caption":"admin"},"sameAs":["https:\/\/www.organisator.ch"],"url":"https:\/\/www.organisator.ch\/it\/author\/admin\/"}]}},"_links":{"self":[{"href":"https:\/\/www.organisator.ch\/it\/wp-json\/wp\/v2\/posts\/34242","targetHints":{"allow":["GET"]}}],"collection":[{"href":"https:\/\/www.organisator.ch\/it\/wp-json\/wp\/v2\/posts"}],"about":[{"href":"https:\/\/www.organisator.ch\/it\/wp-json\/wp\/v2\/types\/post"}],"author":[{"embeddable":true,"href":"https:\/\/www.organisator.ch\/it\/wp-json\/wp\/v2\/users\/1"}],"replies":[{"embeddable":true,"href":"https:\/\/www.organisator.ch\/it\/wp-json\/wp\/v2\/comments?post=34242"}],"version-history":[{"count":2,"href":"https:\/\/www.organisator.ch\/it\/wp-json\/wp\/v2\/posts\/34242\/revisions"}],"predecessor-version":[{"id":34308,"href":"https:\/\/www.organisator.ch\/it\/wp-json\/wp\/v2\/posts\/34242\/revisions\/34308"}],"wp:featuredmedia":[{"embeddable":true,"href":"https:\/\/www.organisator.ch\/it\/wp-json\/wp\/v2\/media\/34240"}],"wp:attachment":[{"href":"https:\/\/www.organisator.ch\/it\/wp-json\/wp\/v2\/media?parent=34242"}],"wp:term":[{"taxonomy":"category","embeddable":true,"href":"https:\/\/www.organisator.ch\/it\/wp-json\/wp\/v2\/categories?post=34242"},{"taxonomy":"post_tag","embeddable":true,"href":"https:\/\/www.organisator.ch\/it\/wp-json\/wp\/v2\/tags?post=34242"}],"curies":[{"name":"wp","href":"https:\/\/api.w.org\/{rel}","templated":true}]}}