{"id":3430,"date":"2018-04-11T14:02:03","date_gmt":"2018-04-11T12:02:03","guid":{"rendered":"https:\/\/www.organisator.ch\/?p=3430"},"modified":"2024-11-07T07:29:10","modified_gmt":"2024-11-07T06:29:10","slug":"happy-birthday-die-suva-wird-100","status":"publish","type":"post","link":"https:\/\/www.organisator.ch\/it\/allgemein\/2018-04-11\/happy-birthday-die-suva-wird-100\/","title":{"rendered":"Suva ha 100 anni!"},"content":{"rendered":"<figure id=\"attachment_3431\" aria-describedby=\"caption-attachment-3431\" style=\"width: 640px\" class=\"wp-caption alignnone\"><img loading=\"lazy\" decoding=\"async\" class=\"wp-image-3431 size-full\" src=\"https:\/\/www.organisator.ch\/wp-content\/uploads\/2018\/04\/Suva-wir-100-Jahre-org-organisator.jpg\" alt=\"Partenariato sociale Suva\" width=\"640\" height=\"426\" srcset=\"https:\/\/www.organisator.ch\/wp-content\/uploads\/2018\/04\/Suva-wir-100-Jahre-org-organisator.jpg 640w, https:\/\/www.organisator.ch\/wp-content\/uploads\/2018\/04\/Suva-wir-100-Jahre-org-organisator-16x12.jpg 16w, https:\/\/www.organisator.ch\/wp-content\/uploads\/2018\/04\/Suva-wir-100-Jahre-org-organisator-263x175.jpg 263w, https:\/\/www.organisator.ch\/wp-content\/uploads\/2018\/04\/Suva-wir-100-Jahre-org-organisator-526x350.jpg 526w, https:\/\/www.organisator.ch\/wp-content\/uploads\/2018\/04\/Suva-wir-100-Jahre-org-organisator-300x200.jpg 300w\" sizes=\"auto, (max-width: 640px) 100vw, 640px\" \/><figcaption id=\"caption-attachment-3431\" class=\"wp-caption-text\">Sede della Suva a Lucerna, costruita nel 1914\/15. (Immagine: wikipedia)<\/figcaption><\/figure>\n<p>Suva significa 100 anni di partenariato sociale. 100 anni fa, l'Europa era nel mezzo della prima guerra mondiale e la Svizzera era sull'orlo di uno sciopero generale nazionale. In questo contesto socio-politico esplosivo, qualcosa di sostanziale \u00e8 nato in Svizzera: i datori di lavoro, i lavoratori e la Confederazione hanno creato insieme il fondo di assicurazione contro gli infortuni della Suva.<\/p>\n<p>Ha iniziato le operazioni a Lucerna il 1\u00b0 aprile 1918. \"Con questo, \u00e8 stato raggiunto qualcosa che \u00e8 durato fino ad oggi\", ha detto Gabriele Gendotti, presidente del Consiglio della Suva, alla conferenza stampa per il centesimo anniversario della Suva. Allora come oggi, le parti sociali insieme alla Confederazione determinano il destino della Suva ed elaborano insieme soluzioni praticabili.<\/p>\n<p><strong>Compromessi invece di requisiti massimi<\/strong><\/p>\n<p>100 anni di partenariato sociale e i miglioramenti nella sicurezza sul lavoro che sono stati raggiunti come risultato sono stati al centro dell'evento dell'anniversario della Suva presso la compagnia ferroviaria BLS. Le parti sociali hanno anche giustificato l'attuale successo della Suva con la composizione paritaria del Consiglio della Suva con 16 rappresentanti dei datori di lavoro e dei lavoratori ciascuno e 8 rappresentanti della Confederazione. Kurt Gfeller, vicepresidente del Consiglio della Suva e vicedirettore dell'Associazione svizzera del commercio, e Nico Lutz, membro del Comitato del Consiglio della Suva e membro della direzione del sindacato Unia, spesso non hanno lo stesso fieno nella vita politica quotidiana. Ma nel Consiglio della Suva entrambi lavorano insieme come costruttori di ponti tra datori di lavoro e dipendenti. \"Tutti sanno che le richieste massime non portano all'obiettivo in una compagnia di assicurazioni come la Suva. Compromessi e concessioni ci portano molto pi\u00f9 lontano\", ha detto Kurt Gfeller.<\/p>\n<p><strong>Le persone colpite diventano partecipanti<\/strong><\/p>\n<p>I due consiglieri della Suva hanno anche convenuto che la sicurezza sul lavoro era nell'interesse di entrambi i rappresentanti, anche se c'erano posizioni decisamente diverse sull'attuazione. Tuttavia: \"I dipendenti hanno un interesse diretto nel lavoro di prevenzione globale, un alto livello di sicurezza sul lavoro e una protezione estesa della salute\", ha detto Lutz. La Suva ha un approccio impressionante a questo, trasformando le persone colpite in partecipanti. \"Attraverso la partecipazione dei sindacati a numerosi comitati di esperti della Suva, al Consiglio della Suva e anche al Comitato del Consiglio della Suva, che \u00e8 simile al consiglio di amministrazione, le preoccupazioni e le opinioni dei dipendenti sono direttamente incorporate.<\/p>\n<p>Gli sforzi di prevenzione nella sicurezza sul lavoro sono serviti in definitiva anche a proteggere l'azienda. \"Non appena si verifica un incidente in un'azienda, ogni proprietario di azienda \u00e8 contento di avere un'assicurazione solida\", spiega Gfeller. Mentre in passato un grave incidente significava la rovina per il dipendente, oggi - senza assicurazione - farebbe fallire molti imprenditori. Questo perch\u00e9 per coprire i costi di un incidente grave sono necessari i contributi ai premi di un massimo di 2.500 assicurati.<\/p>\n<p><strong>Insieme per il successo<\/strong><\/p>\n<p>Felix Weber, presidente del comitato esecutivo della Suva, ha mostrato che l'attuazione della sicurezza sul lavoro non \u00e8 sempre stata facile negli ultimi 100 anni. \"Contrariamente al passato, per\u00f2, da tempo \u00e8 prevalso l'intendimento che sia i lavoratori che i datori di lavoro devono assumersi la loro responsabilit\u00e0 nella prevenzione e nella sicurezza sul lavoro\". Come esempio, ha citato le \"regole vitali\" per i gruppi professionali ad alto rischio, che esistono sia per i datori di lavoro che per i dipendenti. Allo stesso modo, nella riabilitazione e reintegrazione delle persone ferite, \u00e8 la cooperazione di tutti gli ambienti coinvolti che porta al successo.<\/p>\n<p>Questo \u00e8 stato il punto di partenza per Peter Fankhauser, membro del comitato esecutivo della BLS. A nome delle 128.000 aziende attualmente assicurate con la Suva, ha mostrato dove si trovano oggi le sfide della sicurezza sul lavoro e quale responsabilit\u00e0 hanno le aziende e soprattutto i dirigenti in questo senso. La BLS, che \u00e8 assicurata con la Suva da 100 anni, sta attualmente rinnovando e modernizzando la sua officina ferroviaria a Spiez. Nel processo, attribuisce grande importanza alla progettazione di un luogo di lavoro sicuro.<\/p>\n<p><strong>Finanziariamente sano<\/strong><\/p>\n<p>Dalla met\u00e0 degli anni '80, la Suva ha registrato pi\u00f9 incidenti nel tempo libero che incidenti sul lavoro. Il CEO Felix Weber \u00e8 convinto: \"Non importa come si sviluppa la societ\u00e0, avremo bisogno di protezione. Suva lo ha fatto con successo negli ultimi 100 anni\". Oggi, dice, l'azienda si regge su gambe sane. Questo \u00e8 dovuto al modello e alle fondamenta che la Suva si \u00e8 data quando \u00e8 stata fondata. \"E lo deve a tutti i dipendenti, alle associazioni e ai sindacati, nonch\u00e9 alle aziende che con i loro sforzi e le loro innovazioni hanno reso pi\u00f9 sicuro il mondo del lavoro e del tempo libero\".<\/p>\n<p><em>Sul sito web <a class=\"a-link a-link--reference\" href=\"http:\/\/www.suva.ch\/100jahre\" target=\"_blank\" rel=\"noopener\">suva.ch\/100 anni<\/a>\u00a0la storia della Suva \u00e8 presentata sul sito web. Inoltre, la Suva aggiorna continuamente il sito web con le ultime notizie sull'anno dell'anniversario.<\/em><\/p>\n<p>&nbsp;<\/p>","protected":false},"excerpt":{"rendered":"<p>Suva heisst 100 Jahre Sozialpartnerschaft. Vor 100 Jahren war Europa mitten im Ersten Weltkrieg und die Schweiz stand kurz vor dem landesweiten Generalstreik. In diesem explosiven sozial-politischen Umfeld entstand in der Schweiz etwas Substanzielles: Arbeitgeber, Arbeitnehmer und der Bund schufen gemeinsam die Unfallversicherung Suva. Am 1. April 1918 nahm sie in Luzern den Betrieb auf. [&hellip;]<\/p>\n","protected":false},"author":5,"featured_media":3431,"comment_status":"closed","ping_status":"closed","sticky":false,"template":"","format":"standard","meta":{"_acf_changed":false,"_yoast_wpseo_focuskw":"Suva Sozialpartnerschaft","_yoast_wpseo_metadesc":"Die Suva feiert 100 Jahre Sozialpartnerschaft, die Arbeitssicherheit und Pr\u00e4ventionsarbeit in der Schweiz nachhaltig verbessert hat.","articlekey":"","footnotes":""},"categories":[1],"tags":[292,463],"class_list":["post-3430","post","type-post","status-publish","format-standard","has-post-thumbnail","hentry","category-allgemein","tag-jubilaeum","tag-suva"],"acf":[],"yoast_head":"<!-- This site is optimized with the Yoast SEO plugin v27.5 - https:\/\/yoast.com\/product\/yoast-seo-wordpress\/ -->\n<title>Die Suva ist 100 Jahre! - Organisator<\/title>\n<meta name=\"description\" content=\"Die Suva feiert 100 Jahre Sozialpartnerschaft, die Arbeitssicherheit und Pr\u00e4ventionsarbeit in der Schweiz nachhaltig verbessert hat.\" \/>\n<meta name=\"robots\" content=\"index, follow, max-snippet:-1, max-image-preview:large, max-video-preview:-1\" \/>\n<link rel=\"canonical\" href=\"https:\/\/www.organisator.ch\/it\/generale\/2018-04-11\/happy-birthday-die-suva-wird-100\/\" \/>\n<meta property=\"og:locale\" content=\"it_IT\" \/>\n<meta property=\"og:type\" content=\"article\" \/>\n<meta property=\"og:title\" content=\"Die Suva ist 100 Jahre! - Organisator\" \/>\n<meta property=\"og:description\" content=\"Die Suva feiert 100 Jahre Sozialpartnerschaft, die Arbeitssicherheit und Pr\u00e4ventionsarbeit in der Schweiz nachhaltig verbessert hat.\" \/>\n<meta property=\"og:url\" content=\"https:\/\/www.organisator.ch\/it\/generale\/2018-04-11\/happy-birthday-die-suva-wird-100\/\" \/>\n<meta property=\"og:site_name\" content=\"Organisator\" \/>\n<meta property=\"article:publisher\" content=\"https:\/\/www.facebook.com\/OrganisatorFachmagazin\" \/>\n<meta property=\"article:published_time\" content=\"2018-04-11T12:02:03+00:00\" \/>\n<meta property=\"article:modified_time\" content=\"2024-11-07T06:29:10+00:00\" \/>\n<meta property=\"og:image\" content=\"https:\/\/www.organisator.ch\/wp-content\/uploads\/2018\/04\/Suva-wir-100-Jahre-org-organisator.jpg\" \/>\n\t<meta property=\"og:image:width\" content=\"640\" \/>\n\t<meta property=\"og:image:height\" content=\"426\" \/>\n\t<meta property=\"og:image:type\" content=\"image\/jpeg\" \/>\n<meta name=\"author\" content=\"michael.merz\" \/>\n<meta name=\"twitter:card\" content=\"summary_large_image\" \/>\n<script type=\"application\/ld+json\" class=\"yoast-schema-graph\">{\"@context\":\"https:\\\/\\\/schema.org\",\"@graph\":[{\"@type\":\"Article\",\"@id\":\"https:\\\/\\\/www.organisator.ch\\\/allgemein\\\/2018-04-11\\\/happy-birthday-die-suva-wird-100\\\/#article\",\"isPartOf\":{\"@id\":\"https:\\\/\\\/www.organisator.ch\\\/allgemein\\\/2018-04-11\\\/happy-birthday-die-suva-wird-100\\\/\"},\"author\":{\"name\":\"michael.merz\",\"@id\":\"https:\\\/\\\/www.organisator.ch\\\/#\\\/schema\\\/person\\\/134708ca9321c57b0362cceb7948ffbd\"},\"headline\":\"Die Suva ist 100 Jahre!\",\"datePublished\":\"2018-04-11T12:02:03+00:00\",\"dateModified\":\"2024-11-07T06:29:10+00:00\",\"mainEntityOfPage\":{\"@id\":\"https:\\\/\\\/www.organisator.ch\\\/allgemein\\\/2018-04-11\\\/happy-birthday-die-suva-wird-100\\\/\"},\"wordCount\":710,\"publisher\":{\"@id\":\"https:\\\/\\\/www.organisator.ch\\\/#organization\"},\"image\":{\"@id\":\"https:\\\/\\\/www.organisator.ch\\\/allgemein\\\/2018-04-11\\\/happy-birthday-die-suva-wird-100\\\/#primaryimage\"},\"thumbnailUrl\":\"https:\\\/\\\/www.organisator.ch\\\/wp-content\\\/uploads\\\/2018\\\/04\\\/Suva-wir-100-Jahre-org-organisator.jpg\",\"keywords\":[\"Jubil\u00e4um\",\"SUVA\"],\"articleSection\":[\"Allgemein\"],\"inLanguage\":\"it-IT\"},{\"@type\":\"WebPage\",\"@id\":\"https:\\\/\\\/www.organisator.ch\\\/allgemein\\\/2018-04-11\\\/happy-birthday-die-suva-wird-100\\\/\",\"url\":\"https:\\\/\\\/www.organisator.ch\\\/allgemein\\\/2018-04-11\\\/happy-birthday-die-suva-wird-100\\\/\",\"name\":\"Die Suva ist 100 Jahre! - Organisator\",\"isPartOf\":{\"@id\":\"https:\\\/\\\/www.organisator.ch\\\/#website\"},\"primaryImageOfPage\":{\"@id\":\"https:\\\/\\\/www.organisator.ch\\\/allgemein\\\/2018-04-11\\\/happy-birthday-die-suva-wird-100\\\/#primaryimage\"},\"image\":{\"@id\":\"https:\\\/\\\/www.organisator.ch\\\/allgemein\\\/2018-04-11\\\/happy-birthday-die-suva-wird-100\\\/#primaryimage\"},\"thumbnailUrl\":\"https:\\\/\\\/www.organisator.ch\\\/wp-content\\\/uploads\\\/2018\\\/04\\\/Suva-wir-100-Jahre-org-organisator.jpg\",\"datePublished\":\"2018-04-11T12:02:03+00:00\",\"dateModified\":\"2024-11-07T06:29:10+00:00\",\"description\":\"Die Suva feiert 100 Jahre Sozialpartnerschaft, die Arbeitssicherheit und Pr\u00e4ventionsarbeit in der Schweiz nachhaltig verbessert hat.\",\"breadcrumb\":{\"@id\":\"https:\\\/\\\/www.organisator.ch\\\/allgemein\\\/2018-04-11\\\/happy-birthday-die-suva-wird-100\\\/#breadcrumb\"},\"inLanguage\":\"it-IT\",\"potentialAction\":[{\"@type\":\"ReadAction\",\"target\":[\"https:\\\/\\\/www.organisator.ch\\\/allgemein\\\/2018-04-11\\\/happy-birthday-die-suva-wird-100\\\/\"]}]},{\"@type\":\"ImageObject\",\"inLanguage\":\"it-IT\",\"@id\":\"https:\\\/\\\/www.organisator.ch\\\/allgemein\\\/2018-04-11\\\/happy-birthday-die-suva-wird-100\\\/#primaryimage\",\"url\":\"https:\\\/\\\/www.organisator.ch\\\/wp-content\\\/uploads\\\/2018\\\/04\\\/Suva-wir-100-Jahre-org-organisator.jpg\",\"contentUrl\":\"https:\\\/\\\/www.organisator.ch\\\/wp-content\\\/uploads\\\/2018\\\/04\\\/Suva-wir-100-Jahre-org-organisator.jpg\",\"width\":640,\"height\":426,\"caption\":\"Suva-Hauptsitz in Luzern, Baujahr 1914\\\/15. (Bild: wikipedia)\"},{\"@type\":\"BreadcrumbList\",\"@id\":\"https:\\\/\\\/www.organisator.ch\\\/allgemein\\\/2018-04-11\\\/happy-birthday-die-suva-wird-100\\\/#breadcrumb\",\"itemListElement\":[{\"@type\":\"ListItem\",\"position\":1,\"name\":\"Home\",\"item\":\"https:\\\/\\\/www.organisator.ch\\\/\"},{\"@type\":\"ListItem\",\"position\":2,\"name\":\"Die Suva ist 100 Jahre!\"}]},{\"@type\":\"WebSite\",\"@id\":\"https:\\\/\\\/www.organisator.ch\\\/#website\",\"url\":\"https:\\\/\\\/www.organisator.ch\\\/\",\"name\":\"Organisator\",\"description\":\"Kompetent. Praxisnah. Der ORGANISATOR bereitet in 10 Ausgaben pro Jahr die wesentlichen Themen f\u00fcr F\u00fchrungskr\u00e4fte von KMU auf.\",\"publisher\":{\"@id\":\"https:\\\/\\\/www.organisator.ch\\\/#organization\"},\"potentialAction\":[{\"@type\":\"SearchAction\",\"target\":{\"@type\":\"EntryPoint\",\"urlTemplate\":\"https:\\\/\\\/www.organisator.ch\\\/?s={search_term_string}\"},\"query-input\":{\"@type\":\"PropertyValueSpecification\",\"valueRequired\":true,\"valueName\":\"search_term_string\"}}],\"inLanguage\":\"it-IT\"},{\"@type\":\"Organization\",\"@id\":\"https:\\\/\\\/www.organisator.ch\\\/#organization\",\"name\":\"Organisator\",\"url\":\"https:\\\/\\\/www.organisator.ch\\\/\",\"logo\":{\"@type\":\"ImageObject\",\"inLanguage\":\"it-IT\",\"@id\":\"https:\\\/\\\/www.organisator.ch\\\/#\\\/schema\\\/logo\\\/image\\\/\",\"url\":\"https:\\\/\\\/www.organisator.ch\\\/wp-content\\\/uploads\\\/2022\\\/01\\\/Logo_Organisator_Website.png\",\"contentUrl\":\"https:\\\/\\\/www.organisator.ch\\\/wp-content\\\/uploads\\\/2022\\\/01\\\/Logo_Organisator_Website.png\",\"width\":800,\"height\":77,\"caption\":\"Organisator\"},\"image\":{\"@id\":\"https:\\\/\\\/www.organisator.ch\\\/#\\\/schema\\\/logo\\\/image\\\/\"},\"sameAs\":[\"https:\\\/\\\/www.facebook.com\\\/OrganisatorFachmagazin\",\"https:\\\/\\\/www.linkedin.com\\\/showcase\\\/organisator-das-magazin-fr-kmu\",\"https:\\\/\\\/www.xing.com\\\/news\\\/pages\\\/organisator-ch-695\",\"https:\\\/\\\/www.youtube.com\\\/channel\\\/UCGP2Sq0iWaZwT3BdIAQFYpw\"]},{\"@type\":\"Person\",\"@id\":\"https:\\\/\\\/www.organisator.ch\\\/#\\\/schema\\\/person\\\/134708ca9321c57b0362cceb7948ffbd\",\"name\":\"michael.merz\",\"image\":{\"@type\":\"ImageObject\",\"inLanguage\":\"it-IT\",\"@id\":\"https:\\\/\\\/secure.gravatar.com\\\/avatar\\\/?s=96&d=mm&r=g\",\"url\":\"https:\\\/\\\/secure.gravatar.com\\\/avatar\\\/?s=96&d=mm&r=g\",\"contentUrl\":\"https:\\\/\\\/secure.gravatar.com\\\/avatar\\\/?s=96&d=mm&r=g\",\"caption\":\"michael.merz\"},\"url\":\"https:\\\/\\\/www.organisator.ch\\\/it\\\/author\\\/michael-merz\\\/\"}]}<\/script>\n<!-- \/ Yoast SEO plugin. -->","yoast_head_json":{"title":"Suva compie 100 anni! - Organizzatore","description":"La Suva festeggia 100 anni di partenariato sociale, che ha migliorato in modo sostenibile la sicurezza sul lavoro e la prevenzione in Svizzera.","robots":{"index":"index","follow":"follow","max-snippet":"max-snippet:-1","max-image-preview":"max-image-preview:large","max-video-preview":"max-video-preview:-1"},"canonical":"https:\/\/www.organisator.ch\/it\/generale\/2018-04-11\/happy-birthday-die-suva-wird-100\/","og_locale":"it_IT","og_type":"article","og_title":"Die Suva ist 100 Jahre! - Organisator","og_description":"Die Suva feiert 100 Jahre Sozialpartnerschaft, die Arbeitssicherheit und Pr\u00e4ventionsarbeit in der Schweiz nachhaltig verbessert hat.","og_url":"https:\/\/www.organisator.ch\/it\/generale\/2018-04-11\/happy-birthday-die-suva-wird-100\/","og_site_name":"Organisator","article_publisher":"https:\/\/www.facebook.com\/OrganisatorFachmagazin","article_published_time":"2018-04-11T12:02:03+00:00","article_modified_time":"2024-11-07T06:29:10+00:00","og_image":[{"width":640,"height":426,"url":"https:\/\/www.organisator.ch\/wp-content\/uploads\/2018\/04\/Suva-wir-100-Jahre-org-organisator.jpg","type":"image\/jpeg"}],"author":"michael.merz","twitter_card":"summary_large_image","schema":{"@context":"https:\/\/schema.org","@graph":[{"@type":"Article","@id":"https:\/\/www.organisator.ch\/allgemein\/2018-04-11\/happy-birthday-die-suva-wird-100\/#article","isPartOf":{"@id":"https:\/\/www.organisator.ch\/allgemein\/2018-04-11\/happy-birthday-die-suva-wird-100\/"},"author":{"name":"michael.merz","@id":"https:\/\/www.organisator.ch\/#\/schema\/person\/134708ca9321c57b0362cceb7948ffbd"},"headline":"Die Suva ist 100 Jahre!","datePublished":"2018-04-11T12:02:03+00:00","dateModified":"2024-11-07T06:29:10+00:00","mainEntityOfPage":{"@id":"https:\/\/www.organisator.ch\/allgemein\/2018-04-11\/happy-birthday-die-suva-wird-100\/"},"wordCount":710,"publisher":{"@id":"https:\/\/www.organisator.ch\/#organization"},"image":{"@id":"https:\/\/www.organisator.ch\/allgemein\/2018-04-11\/happy-birthday-die-suva-wird-100\/#primaryimage"},"thumbnailUrl":"https:\/\/www.organisator.ch\/wp-content\/uploads\/2018\/04\/Suva-wir-100-Jahre-org-organisator.jpg","keywords":["Jubil\u00e4um","SUVA"],"articleSection":["Allgemein"],"inLanguage":"it-IT"},{"@type":"WebPage","@id":"https:\/\/www.organisator.ch\/allgemein\/2018-04-11\/happy-birthday-die-suva-wird-100\/","url":"https:\/\/www.organisator.ch\/allgemein\/2018-04-11\/happy-birthday-die-suva-wird-100\/","name":"Suva compie 100 anni! - Organizzatore","isPartOf":{"@id":"https:\/\/www.organisator.ch\/#website"},"primaryImageOfPage":{"@id":"https:\/\/www.organisator.ch\/allgemein\/2018-04-11\/happy-birthday-die-suva-wird-100\/#primaryimage"},"image":{"@id":"https:\/\/www.organisator.ch\/allgemein\/2018-04-11\/happy-birthday-die-suva-wird-100\/#primaryimage"},"thumbnailUrl":"https:\/\/www.organisator.ch\/wp-content\/uploads\/2018\/04\/Suva-wir-100-Jahre-org-organisator.jpg","datePublished":"2018-04-11T12:02:03+00:00","dateModified":"2024-11-07T06:29:10+00:00","description":"La Suva festeggia 100 anni di partenariato sociale, che ha migliorato in modo sostenibile la sicurezza sul lavoro e la prevenzione in Svizzera.","breadcrumb":{"@id":"https:\/\/www.organisator.ch\/allgemein\/2018-04-11\/happy-birthday-die-suva-wird-100\/#breadcrumb"},"inLanguage":"it-IT","potentialAction":[{"@type":"ReadAction","target":["https:\/\/www.organisator.ch\/allgemein\/2018-04-11\/happy-birthday-die-suva-wird-100\/"]}]},{"@type":"ImageObject","inLanguage":"it-IT","@id":"https:\/\/www.organisator.ch\/allgemein\/2018-04-11\/happy-birthday-die-suva-wird-100\/#primaryimage","url":"https:\/\/www.organisator.ch\/wp-content\/uploads\/2018\/04\/Suva-wir-100-Jahre-org-organisator.jpg","contentUrl":"https:\/\/www.organisator.ch\/wp-content\/uploads\/2018\/04\/Suva-wir-100-Jahre-org-organisator.jpg","width":640,"height":426,"caption":"Suva-Hauptsitz in Luzern, Baujahr 1914\/15. (Bild: wikipedia)"},{"@type":"BreadcrumbList","@id":"https:\/\/www.organisator.ch\/allgemein\/2018-04-11\/happy-birthday-die-suva-wird-100\/#breadcrumb","itemListElement":[{"@type":"ListItem","position":1,"name":"Home","item":"https:\/\/www.organisator.ch\/"},{"@type":"ListItem","position":2,"name":"Die Suva ist 100 Jahre!"}]},{"@type":"WebSite","@id":"https:\/\/www.organisator.ch\/#website","url":"https:\/\/www.organisator.ch\/","name":"Organizzatore","description":"Competente. Pratico. In 10 numeri all'anno, ORGANISATOR presenta i temi essenziali per i manager delle PMI.","publisher":{"@id":"https:\/\/www.organisator.ch\/#organization"},"potentialAction":[{"@type":"SearchAction","target":{"@type":"EntryPoint","urlTemplate":"https:\/\/www.organisator.ch\/?s={search_term_string}"},"query-input":{"@type":"PropertyValueSpecification","valueRequired":true,"valueName":"search_term_string"}}],"inLanguage":"it-IT"},{"@type":"Organization","@id":"https:\/\/www.organisator.ch\/#organization","name":"Organizzatore","url":"https:\/\/www.organisator.ch\/","logo":{"@type":"ImageObject","inLanguage":"it-IT","@id":"https:\/\/www.organisator.ch\/#\/schema\/logo\/image\/","url":"https:\/\/www.organisator.ch\/wp-content\/uploads\/2022\/01\/Logo_Organisator_Website.png","contentUrl":"https:\/\/www.organisator.ch\/wp-content\/uploads\/2022\/01\/Logo_Organisator_Website.png","width":800,"height":77,"caption":"Organisator"},"image":{"@id":"https:\/\/www.organisator.ch\/#\/schema\/logo\/image\/"},"sameAs":["https:\/\/www.facebook.com\/OrganisatorFachmagazin","https:\/\/www.linkedin.com\/showcase\/organisator-das-magazin-fr-kmu","https:\/\/www.xing.com\/news\/pages\/organisator-ch-695","https:\/\/www.youtube.com\/channel\/UCGP2Sq0iWaZwT3BdIAQFYpw"]},{"@type":"Person","@id":"https:\/\/www.organisator.ch\/#\/schema\/person\/134708ca9321c57b0362cceb7948ffbd","name":"michael.merz","image":{"@type":"ImageObject","inLanguage":"it-IT","@id":"https:\/\/secure.gravatar.com\/avatar\/?s=96&d=mm&r=g","url":"https:\/\/secure.gravatar.com\/avatar\/?s=96&d=mm&r=g","contentUrl":"https:\/\/secure.gravatar.com\/avatar\/?s=96&d=mm&r=g","caption":"michael.merz"},"url":"https:\/\/www.organisator.ch\/it\/author\/michael-merz\/"}]}},"_links":{"self":[{"href":"https:\/\/www.organisator.ch\/it\/wp-json\/wp\/v2\/posts\/3430","targetHints":{"allow":["GET"]}}],"collection":[{"href":"https:\/\/www.organisator.ch\/it\/wp-json\/wp\/v2\/posts"}],"about":[{"href":"https:\/\/www.organisator.ch\/it\/wp-json\/wp\/v2\/types\/post"}],"author":[{"embeddable":true,"href":"https:\/\/www.organisator.ch\/it\/wp-json\/wp\/v2\/users\/5"}],"replies":[{"embeddable":true,"href":"https:\/\/www.organisator.ch\/it\/wp-json\/wp\/v2\/comments?post=3430"}],"version-history":[{"count":2,"href":"https:\/\/www.organisator.ch\/it\/wp-json\/wp\/v2\/posts\/3430\/revisions"}],"predecessor-version":[{"id":31651,"href":"https:\/\/www.organisator.ch\/it\/wp-json\/wp\/v2\/posts\/3430\/revisions\/31651"}],"wp:featuredmedia":[{"embeddable":true,"href":"https:\/\/www.organisator.ch\/it\/wp-json\/wp\/v2\/media\/3431"}],"wp:attachment":[{"href":"https:\/\/www.organisator.ch\/it\/wp-json\/wp\/v2\/media?parent=3430"}],"wp:term":[{"taxonomy":"category","embeddable":true,"href":"https:\/\/www.organisator.ch\/it\/wp-json\/wp\/v2\/categories?post=3430"},{"taxonomy":"post_tag","embeddable":true,"href":"https:\/\/www.organisator.ch\/it\/wp-json\/wp\/v2\/tags?post=3430"}],"curies":[{"name":"wp","href":"https:\/\/api.w.org\/{rel}","templated":true}]}}