{"id":34358,"date":"2024-12-03T13:36:40","date_gmt":"2024-12-03T12:36:40","guid":{"rendered":"https:\/\/www.organisator.ch\/?p=34358"},"modified":"2024-12-03T10:37:53","modified_gmt":"2024-12-03T09:37:53","slug":"canon-lanciert-young-people-programme-zur-foerderung-von-kreativitaet-und-nachhaltigkeit","status":"publish","type":"post","link":"https:\/\/www.organisator.ch\/it\/sustainability\/2024-12-03\/canon-lanciert-young-people-programme-zur-foerderung-von-kreativitaet-und-nachhaltigkeit\/","title":{"rendered":"Canon lancia il \"Programma giovani\" per promuovere creativit\u00e0 e sostenibilit\u00e0"},"content":{"rendered":"<figure id=\"attachment_34360\" aria-describedby=\"caption-attachment-34360\" style=\"width: 680px\" class=\"wp-caption alignnone\"><img loading=\"lazy\" decoding=\"async\" class=\"size-full wp-image-34360\" src=\"https:\/\/www.organisator.ch\/wp-content\/uploads\/2024\/12\/Canon_Bild1_ps.jpg\" alt=\"\" width=\"680\" height=\"454\" srcset=\"https:\/\/www.organisator.ch\/wp-content\/uploads\/2024\/12\/Canon_Bild1_ps.jpg 680w, https:\/\/www.organisator.ch\/wp-content\/uploads\/2024\/12\/Canon_Bild1_ps-18x12.jpg 18w, https:\/\/www.organisator.ch\/wp-content\/uploads\/2024\/12\/Canon_Bild1_ps-375x250.jpg 375w, https:\/\/www.organisator.ch\/wp-content\/uploads\/2024\/12\/Canon_Bild1_ps-524x350.jpg 524w\" sizes=\"auto, (max-width: 680px) 100vw, 680px\" \/><figcaption id=\"caption-attachment-34360\" class=\"wp-caption-text\">Un workshop spiega i principi tecnici e creativi della fotografia e gli Obiettivi di Sviluppo Sostenibile in combinazione con la strategia di sostenibilit\u00e0 di Canon. (Immagine: Canon)<\/figcaption><\/figure>\n<p>In quanto firmataria del Global Compact delle Nazioni Unite, la strategia di sostenibilit\u00e0 di Canon si basa sui dieci principi in materia di diritti umani, lavoro, ambiente e lotta alla corruzione e sostiene attivamente i 17 SDG. Il Programma Giovani \u00e8 una componente centrale della strategia di sostenibilit\u00e0 sociale di Canon, all'insegna del motto \"Per il futuro delle persone\".<\/p>\n<h3><strong>Un calcio d'inizio pieno di ispirazione<\/strong><\/h3>\n<p>Il progetto \u00e8 stato lanciato nell'ambito della mostra fotografica \"World Unseen\" organizzata da Canon Svizzera. Questa si \u00e8 svolta dal 16 al 20 novembre 2024 a Zurigo. Questa mostra multisensoriale combinava fotografie in rilievo, Braille e descrizioni audio per consentire alle persone ipovedenti di accedere alla fotografia e sensibilizzare i visitatori vedenti alla loro prospettiva.<\/p>\n<p>\"World Unseen ha fornito il programma quadro ideale per mostrare ai giovani come la fotografia non sia solo una forma d'arte, ma possa anche essere un potente strumento di sensibilizzazione\", spiega Kim J\u00e4ggi, Sustainability Manager di Canon Svizzera.<\/p>\n<h3><strong>Usare il potere della fotografia per un cambiamento positivo<\/strong><\/h3>\n<p>Gli SDGs costituiscono una base adeguata per incoraggiare i giovani a impegnarsi in importanti questioni sociali e ambientali. Younes Benmansour, B2B Business Development Manager di Canon Svizzera, spiega: \"Il Programma Giovani consente ai creativi di affrontare consapevolmente le questioni sociali utilizzando un linguaggio visivo, per una migliore coesistenza, sia a livello sociale che ambientale. Le fotocamere Canon servono come strumenti e gli SDG come linee guida\".<\/p>\n<p>Il Programma Giovani si impegna a rispettare i seguenti tre pilastri fondamentali:<\/p>\n<ul>\n<li><strong>Ispirazione:<\/strong> Accesso a contenuti, attrezzature ed esperienze di livello mondiale per raccontare storie in modo creativo.<\/li>\n<li><strong>Istruzione:<\/strong> Sensibilizzazione su questioni globali attraverso la narrazione visiva e il pensiero critico.<\/li>\n<li><strong>Empowerment:<\/strong> Sviluppo personale e rafforzamento della fiducia in se stessi attraverso il confronto creativo con le sfide sociali.<\/li>\n<\/ul>\n<h3><strong>Approfondimenti e risultati\u00a0 <\/strong><\/h3>\n<p>Come primo passo, i 22 studenti di et\u00e0 compresa tra i 16 e i 18 anni della Scuola d'Arte Svizzera hanno ricevuto un'introduzione alla strategia di sostenibilit\u00e0 di Canon e all'importanza degli SDGs. Hanno poi approfondito le loro conoscenze tecniche e creative in un corso di fotografia orientato alla pratica. Sotto la guida di un fotografo professionista Canon, i giovani hanno messo direttamente in pratica quanto appreso. Il loro compito era quello di scattare una foto significativa di uno dei sei SDG selezionati in un ambiente urbano entro un'ora:<\/p>\n<ul>\n<li><strong>SDG 3:<\/strong> Salute e benessere<\/li>\n<li><strong>SDG 5:<\/strong> Parit\u00e0 di genere<\/li>\n<li><strong>SDG 7:<\/strong> Energia pulita e conveniente<\/li>\n<li><strong>SDG 11:<\/strong> Citt\u00e0 e comunit\u00e0 sostenibili<\/li>\n<li><strong>SDG 12:<\/strong> Consumo e produzione sostenibili<\/li>\n<li><strong>SDG 13:<\/strong> Misure di protezione del clima<\/li>\n<\/ul>\n<p>Le fotografie ottenute hanno mostrato un'impressionante variet\u00e0 di creativit\u00e0 ed espressivit\u00e0. Le fotografie servono ora come riferimento per i portafogli artistici dei giovani e una selezione di dieci opere particolarmente significative \u00e8 stata premiata.<\/p>\n<p>\"\u00c8 stato impressionante e commovente vedere quanto i giovani si siano impegnati a fondo sui temi trattati. Le loro fotografie non solo riflettevano la creativit\u00e0, ma anche una straordinaria sensibilit\u00e0 per le sfide sociali. Questo dimostra l'enorme potenziale che i giovani creativi apportano al cambiamento verso un mondo pi\u00f9 sostenibile\", afferma Kim J\u00e4ggi.<\/p>\n<figure id=\"attachment_34359\" aria-describedby=\"caption-attachment-34359\" style=\"width: 680px\" class=\"wp-caption alignnone\"><img loading=\"lazy\" decoding=\"async\" class=\"size-full wp-image-34359\" src=\"https:\/\/www.organisator.ch\/wp-content\/uploads\/2024\/12\/Canon_Bild2_ps.jpg\" alt=\"\" width=\"680\" height=\"1020\" srcset=\"https:\/\/www.organisator.ch\/wp-content\/uploads\/2024\/12\/Canon_Bild2_ps.jpg 680w, https:\/\/www.organisator.ch\/wp-content\/uploads\/2024\/12\/Canon_Bild2_ps-667x1000.jpg 667w, https:\/\/www.organisator.ch\/wp-content\/uploads\/2024\/12\/Canon_Bild2_ps-8x12.jpg 8w, https:\/\/www.organisator.ch\/wp-content\/uploads\/2024\/12\/Canon_Bild2_ps-200x300.jpg 200w, https:\/\/www.organisator.ch\/wp-content\/uploads\/2024\/12\/Canon_Bild2_ps-233x350.jpg 233w, https:\/\/www.organisator.ch\/wp-content\/uploads\/2024\/12\/Canon_Bild2_ps-533x800.jpg 533w\" sizes=\"auto, (max-width: 680px) 100vw, 680px\" \/><figcaption id=\"caption-attachment-34359\" class=\"wp-caption-text\">L'immagine riprende il terzo SDG \"Salute e benessere\" e mostra una scena di una produzione pubblicamente visibile di una farmacia naturale. L'artista vuole sottolineare quanto sia importante consentire alle persone di tutte le et\u00e0 di condurre una vita sana. (Immagine: Canon)<\/figcaption><\/figure>\n<h3><strong>Uno sguardo al futuro<\/strong><\/h3>\n<p>Grazie al successo di questo progetto pilota, Canon Svizzera intende ampliare ulteriormente il programma per i giovani, estendere le collaborazioni con le scuole e le organizzazioni partner e svolgere d'ora in poi il programma su base regolare.<\/p>\n<p>Con progetti come questo, Canon ribadisce il proprio impegno a ispirare i giovani e a fornire loro gli strumenti per utilizzare la propria creativit\u00e0 per un futuro sostenibile.<\/p>\n<p><em>Fonte: <\/em><em><a href=\"https:\/\/de.canon.ch\/sustainability\/empowering-young-people\/\">it.canon.ch\/sostenibilit\u00e0\/empowering-giovani\/<\/a><\/em><\/p>","protected":false},"excerpt":{"rendered":"<p>Canon Svizzera ha tenuto per la prima volta dei workshop locali nell'ambito del programma Young People Programme (YPP) di Canon EMEA, avviato a livello internazionale. L'obiettivo del programma \u00e8 quello di fornire ai giovani le conoscenze, le competenze e la fiducia necessarie per esplorare le tematiche della sostenibilit\u00e0 in modo creativo e critico. Il programma si concentra sulla fotografia come mezzo di espressione e sugli Obiettivi di Sviluppo Sostenibile (SDG) delle Nazioni Unite come linee guida.<\/p>","protected":false},"author":80,"featured_media":34360,"comment_status":"closed","ping_status":"closed","sticky":false,"template":"","format":"standard","meta":{"_acf_changed":false,"_yoast_wpseo_focuskw":"Young People Programme","_yoast_wpseo_metadesc":"Canon Schweiz startet das Young People Programme, um junge Menschen f\u00fcr Nachhaltigkeitsthemen zu sensibilisieren.","articlekey":"","footnotes":""},"categories":[580],"tags":[4903,4764,1787,4902,3337,2098,4205],"class_list":["post-34358","post","type-post","status-publish","format-standard","has-post-thumbnail","hentry","category-sustainability","tag-canon","tag-fotografie","tag-nachhaltigkeit","tag-nachhaltigkeitsstrategie","tag-projekt","tag-sdg","tag-sensibilisierung"],"acf":[],"yoast_head":"<!-- This site is optimized with the Yoast SEO plugin v27.4 - https:\/\/yoast.com\/product\/yoast-seo-wordpress\/ -->\n<title>Canon lanciert \u201eYoung People Programme\u201c zur F\u00f6rderung von Kreativit\u00e4t und Nachhaltigkeit - Organisator<\/title>\n<meta name=\"description\" content=\"Canon Schweiz startet das Young People Programme, um junge Menschen f\u00fcr Nachhaltigkeitsthemen zu sensibilisieren.\" \/>\n<meta name=\"robots\" content=\"index, follow, max-snippet:-1, max-image-preview:large, max-video-preview:-1\" \/>\n<link rel=\"canonical\" href=\"https:\/\/www.organisator.ch\/it\/sostenibilita\/2024-12-03\/canon-lanciert-young-people-programme-zur-foerderung-von-kreativitaet-und-nachhaltigkeit\/\" \/>\n<meta property=\"og:locale\" content=\"it_IT\" \/>\n<meta property=\"og:type\" content=\"article\" \/>\n<meta property=\"og:title\" content=\"Canon lanciert \u201eYoung People Programme\u201c\" \/>\n<meta property=\"og:description\" content=\"Canon Schweiz startet das Young People Programme, um junge Menschen f\u00fcr Nachhaltigkeitsthemen zu sensibilisieren.\" \/>\n<meta property=\"og:url\" content=\"https:\/\/www.organisator.ch\/it\/sostenibilita\/2024-12-03\/canon-lanciert-young-people-programme-zur-foerderung-von-kreativitaet-und-nachhaltigkeit\/\" \/>\n<meta property=\"og:site_name\" content=\"Organisator\" \/>\n<meta property=\"article:publisher\" content=\"https:\/\/www.facebook.com\/OrganisatorFachmagazin\" \/>\n<meta property=\"article:published_time\" content=\"2024-12-03T12:36:40+00:00\" \/>\n<meta property=\"og:image\" content=\"https:\/\/www.organisator.ch\/wp-content\/uploads\/2024\/12\/Canon_Bild1_ps.jpg\" \/>\n\t<meta property=\"og:image:width\" content=\"680\" \/>\n\t<meta property=\"og:image:height\" content=\"454\" \/>\n\t<meta property=\"og:image:type\" content=\"image\/jpeg\" \/>\n<meta name=\"author\" content=\"Dzana Muminovic\" \/>\n<meta name=\"twitter:card\" content=\"summary_large_image\" \/>\n<meta name=\"twitter:title\" content=\"Canon lanciert \u201eYoung People Programme\u201c\" \/>\n<meta name=\"twitter:description\" content=\"#Canon #Schweiz startet das #Young #People #Programme, um #junge #Menschen f\u00fcr #Nachhaltigkeitsthemen zu sensibilisieren.\" \/>\n<meta name=\"twitter:image\" content=\"https:\/\/www.organisator.ch\/wp-content\/uploads\/2024\/12\/Canon_Bild1_ps.jpg\" \/>\n<script type=\"application\/ld+json\" class=\"yoast-schema-graph\">{\"@context\":\"https:\\\/\\\/schema.org\",\"@graph\":[{\"@type\":\"Article\",\"@id\":\"https:\\\/\\\/www.organisator.ch\\\/sustainability\\\/2024-12-03\\\/canon-lanciert-young-people-programme-zur-foerderung-von-kreativitaet-und-nachhaltigkeit\\\/#article\",\"isPartOf\":{\"@id\":\"https:\\\/\\\/www.organisator.ch\\\/sustainability\\\/2024-12-03\\\/canon-lanciert-young-people-programme-zur-foerderung-von-kreativitaet-und-nachhaltigkeit\\\/\"},\"author\":{\"name\":\"Dzana Muminovic\",\"@id\":\"https:\\\/\\\/www.organisator.ch\\\/#\\\/schema\\\/person\\\/afccda3a71c06d4be2ed9100dd163db7\"},\"headline\":\"Canon lanciert \u201eYoung People Programme\u201c zur F\u00f6rderung von Kreativit\u00e4t und Nachhaltigkeit\",\"datePublished\":\"2024-12-03T12:36:40+00:00\",\"mainEntityOfPage\":{\"@id\":\"https:\\\/\\\/www.organisator.ch\\\/sustainability\\\/2024-12-03\\\/canon-lanciert-young-people-programme-zur-foerderung-von-kreativitaet-und-nachhaltigkeit\\\/\"},\"wordCount\":653,\"publisher\":{\"@id\":\"https:\\\/\\\/www.organisator.ch\\\/#organization\"},\"image\":{\"@id\":\"https:\\\/\\\/www.organisator.ch\\\/sustainability\\\/2024-12-03\\\/canon-lanciert-young-people-programme-zur-foerderung-von-kreativitaet-und-nachhaltigkeit\\\/#primaryimage\"},\"thumbnailUrl\":\"https:\\\/\\\/www.organisator.ch\\\/wp-content\\\/uploads\\\/2024\\\/12\\\/Canon_Bild1_ps.jpg\",\"keywords\":[\"Canon\",\"Fotografie\",\"Nachhaltigkeit\",\"Nachhaltigkeitsstrategie\",\"Projekt\",\"SDG\",\"Sensibilisierung\"],\"articleSection\":[\"SUSTAINABILITY\"],\"inLanguage\":\"it-IT\"},{\"@type\":\"WebPage\",\"@id\":\"https:\\\/\\\/www.organisator.ch\\\/sustainability\\\/2024-12-03\\\/canon-lanciert-young-people-programme-zur-foerderung-von-kreativitaet-und-nachhaltigkeit\\\/\",\"url\":\"https:\\\/\\\/www.organisator.ch\\\/sustainability\\\/2024-12-03\\\/canon-lanciert-young-people-programme-zur-foerderung-von-kreativitaet-und-nachhaltigkeit\\\/\",\"name\":\"Canon lanciert \u201eYoung People Programme\u201c zur F\u00f6rderung von Kreativit\u00e4t und Nachhaltigkeit - Organisator\",\"isPartOf\":{\"@id\":\"https:\\\/\\\/www.organisator.ch\\\/#website\"},\"primaryImageOfPage\":{\"@id\":\"https:\\\/\\\/www.organisator.ch\\\/sustainability\\\/2024-12-03\\\/canon-lanciert-young-people-programme-zur-foerderung-von-kreativitaet-und-nachhaltigkeit\\\/#primaryimage\"},\"image\":{\"@id\":\"https:\\\/\\\/www.organisator.ch\\\/sustainability\\\/2024-12-03\\\/canon-lanciert-young-people-programme-zur-foerderung-von-kreativitaet-und-nachhaltigkeit\\\/#primaryimage\"},\"thumbnailUrl\":\"https:\\\/\\\/www.organisator.ch\\\/wp-content\\\/uploads\\\/2024\\\/12\\\/Canon_Bild1_ps.jpg\",\"datePublished\":\"2024-12-03T12:36:40+00:00\",\"description\":\"Canon Schweiz startet das Young People Programme, um junge Menschen f\u00fcr Nachhaltigkeitsthemen zu sensibilisieren.\",\"breadcrumb\":{\"@id\":\"https:\\\/\\\/www.organisator.ch\\\/sustainability\\\/2024-12-03\\\/canon-lanciert-young-people-programme-zur-foerderung-von-kreativitaet-und-nachhaltigkeit\\\/#breadcrumb\"},\"inLanguage\":\"it-IT\",\"potentialAction\":[{\"@type\":\"ReadAction\",\"target\":[\"https:\\\/\\\/www.organisator.ch\\\/sustainability\\\/2024-12-03\\\/canon-lanciert-young-people-programme-zur-foerderung-von-kreativitaet-und-nachhaltigkeit\\\/\"]}]},{\"@type\":\"ImageObject\",\"inLanguage\":\"it-IT\",\"@id\":\"https:\\\/\\\/www.organisator.ch\\\/sustainability\\\/2024-12-03\\\/canon-lanciert-young-people-programme-zur-foerderung-von-kreativitaet-und-nachhaltigkeit\\\/#primaryimage\",\"url\":\"https:\\\/\\\/www.organisator.ch\\\/wp-content\\\/uploads\\\/2024\\\/12\\\/Canon_Bild1_ps.jpg\",\"contentUrl\":\"https:\\\/\\\/www.organisator.ch\\\/wp-content\\\/uploads\\\/2024\\\/12\\\/Canon_Bild1_ps.jpg\",\"width\":680,\"height\":454,\"caption\":\"In einem Workshop werden die technischen und kreativen Prinzipien der Fotografie erkl\u00e4rt sowie auch die Sustainable Development Goals in Kombination mit der Nachhaltigkeitsstrategie von Canon. (Bild: Canon)\"},{\"@type\":\"BreadcrumbList\",\"@id\":\"https:\\\/\\\/www.organisator.ch\\\/sustainability\\\/2024-12-03\\\/canon-lanciert-young-people-programme-zur-foerderung-von-kreativitaet-und-nachhaltigkeit\\\/#breadcrumb\",\"itemListElement\":[{\"@type\":\"ListItem\",\"position\":1,\"name\":\"Home\",\"item\":\"https:\\\/\\\/www.organisator.ch\\\/\"},{\"@type\":\"ListItem\",\"position\":2,\"name\":\"Canon lanciert \u201eYoung People Programme\u201c zur F\u00f6rderung von Kreativit\u00e4t und Nachhaltigkeit\"}]},{\"@type\":\"WebSite\",\"@id\":\"https:\\\/\\\/www.organisator.ch\\\/#website\",\"url\":\"https:\\\/\\\/www.organisator.ch\\\/\",\"name\":\"Organisator\",\"description\":\"Kompetent. Praxisnah. Der ORGANISATOR bereitet in 10 Ausgaben pro Jahr die wesentlichen Themen f\u00fcr F\u00fchrungskr\u00e4fte von KMU auf.\",\"publisher\":{\"@id\":\"https:\\\/\\\/www.organisator.ch\\\/#organization\"},\"potentialAction\":[{\"@type\":\"SearchAction\",\"target\":{\"@type\":\"EntryPoint\",\"urlTemplate\":\"https:\\\/\\\/www.organisator.ch\\\/?s={search_term_string}\"},\"query-input\":{\"@type\":\"PropertyValueSpecification\",\"valueRequired\":true,\"valueName\":\"search_term_string\"}}],\"inLanguage\":\"it-IT\"},{\"@type\":\"Organization\",\"@id\":\"https:\\\/\\\/www.organisator.ch\\\/#organization\",\"name\":\"Organisator\",\"url\":\"https:\\\/\\\/www.organisator.ch\\\/\",\"logo\":{\"@type\":\"ImageObject\",\"inLanguage\":\"it-IT\",\"@id\":\"https:\\\/\\\/www.organisator.ch\\\/#\\\/schema\\\/logo\\\/image\\\/\",\"url\":\"https:\\\/\\\/www.organisator.ch\\\/wp-content\\\/uploads\\\/2022\\\/01\\\/Logo_Organisator_Website.png\",\"contentUrl\":\"https:\\\/\\\/www.organisator.ch\\\/wp-content\\\/uploads\\\/2022\\\/01\\\/Logo_Organisator_Website.png\",\"width\":800,\"height\":77,\"caption\":\"Organisator\"},\"image\":{\"@id\":\"https:\\\/\\\/www.organisator.ch\\\/#\\\/schema\\\/logo\\\/image\\\/\"},\"sameAs\":[\"https:\\\/\\\/www.facebook.com\\\/OrganisatorFachmagazin\",\"https:\\\/\\\/www.linkedin.com\\\/showcase\\\/organisator-das-magazin-fr-kmu\",\"https:\\\/\\\/www.xing.com\\\/news\\\/pages\\\/organisator-ch-695\",\"https:\\\/\\\/www.youtube.com\\\/channel\\\/UCGP2Sq0iWaZwT3BdIAQFYpw\"]},{\"@type\":\"Person\",\"@id\":\"https:\\\/\\\/www.organisator.ch\\\/#\\\/schema\\\/person\\\/afccda3a71c06d4be2ed9100dd163db7\",\"name\":\"Dzana Muminovic\",\"image\":{\"@type\":\"ImageObject\",\"inLanguage\":\"it-IT\",\"@id\":\"https:\\\/\\\/secure.gravatar.com\\\/avatar\\\/909c5c71aff4b38e88686f2ab2f1ba152571f394f41ed8bae431ea56ced93050?s=96&d=mm&r=g\",\"url\":\"https:\\\/\\\/secure.gravatar.com\\\/avatar\\\/909c5c71aff4b38e88686f2ab2f1ba152571f394f41ed8bae431ea56ced93050?s=96&d=mm&r=g\",\"contentUrl\":\"https:\\\/\\\/secure.gravatar.com\\\/avatar\\\/909c5c71aff4b38e88686f2ab2f1ba152571f394f41ed8bae431ea56ced93050?s=96&d=mm&r=g\",\"caption\":\"Dzana Muminovic\"},\"url\":\"https:\\\/\\\/www.organisator.ch\\\/it\\\/author\\\/dzana-muminovic\\\/\"}]}<\/script>\n<!-- \/ Yoast SEO plugin. -->","yoast_head_json":{"title":"Canon lancia il \"Programma giovani\" per promuovere la creativit\u00e0 e la sostenibilit\u00e0 - Organizzatore","description":"Canon Svizzera lancia il Programma Giovani per sensibilizzare i giovani sui temi della sostenibilit\u00e0.","robots":{"index":"index","follow":"follow","max-snippet":"max-snippet:-1","max-image-preview":"max-image-preview:large","max-video-preview":"max-video-preview:-1"},"canonical":"https:\/\/www.organisator.ch\/it\/sostenibilita\/2024-12-03\/canon-lanciert-young-people-programme-zur-foerderung-von-kreativitaet-und-nachhaltigkeit\/","og_locale":"it_IT","og_type":"article","og_title":"Canon lanciert \u201eYoung People Programme\u201c","og_description":"Canon Schweiz startet das Young People Programme, um junge Menschen f\u00fcr Nachhaltigkeitsthemen zu sensibilisieren.","og_url":"https:\/\/www.organisator.ch\/it\/sostenibilita\/2024-12-03\/canon-lanciert-young-people-programme-zur-foerderung-von-kreativitaet-und-nachhaltigkeit\/","og_site_name":"Organisator","article_publisher":"https:\/\/www.facebook.com\/OrganisatorFachmagazin","article_published_time":"2024-12-03T12:36:40+00:00","og_image":[{"width":680,"height":454,"url":"https:\/\/www.organisator.ch\/wp-content\/uploads\/2024\/12\/Canon_Bild1_ps.jpg","type":"image\/jpeg"}],"author":"Dzana Muminovic","twitter_card":"summary_large_image","twitter_title":"Canon lanciert \u201eYoung People Programme\u201c","twitter_description":"#Canon #Schweiz startet das #Young #People #Programme, um #junge #Menschen f\u00fcr #Nachhaltigkeitsthemen zu sensibilisieren.","twitter_image":"https:\/\/www.organisator.ch\/wp-content\/uploads\/2024\/12\/Canon_Bild1_ps.jpg","schema":{"@context":"https:\/\/schema.org","@graph":[{"@type":"Article","@id":"https:\/\/www.organisator.ch\/sustainability\/2024-12-03\/canon-lanciert-young-people-programme-zur-foerderung-von-kreativitaet-und-nachhaltigkeit\/#article","isPartOf":{"@id":"https:\/\/www.organisator.ch\/sustainability\/2024-12-03\/canon-lanciert-young-people-programme-zur-foerderung-von-kreativitaet-und-nachhaltigkeit\/"},"author":{"name":"Dzana Muminovic","@id":"https:\/\/www.organisator.ch\/#\/schema\/person\/afccda3a71c06d4be2ed9100dd163db7"},"headline":"Canon lanciert \u201eYoung People Programme\u201c zur F\u00f6rderung von Kreativit\u00e4t und Nachhaltigkeit","datePublished":"2024-12-03T12:36:40+00:00","mainEntityOfPage":{"@id":"https:\/\/www.organisator.ch\/sustainability\/2024-12-03\/canon-lanciert-young-people-programme-zur-foerderung-von-kreativitaet-und-nachhaltigkeit\/"},"wordCount":653,"publisher":{"@id":"https:\/\/www.organisator.ch\/#organization"},"image":{"@id":"https:\/\/www.organisator.ch\/sustainability\/2024-12-03\/canon-lanciert-young-people-programme-zur-foerderung-von-kreativitaet-und-nachhaltigkeit\/#primaryimage"},"thumbnailUrl":"https:\/\/www.organisator.ch\/wp-content\/uploads\/2024\/12\/Canon_Bild1_ps.jpg","keywords":["Canon","Fotografie","Nachhaltigkeit","Nachhaltigkeitsstrategie","Projekt","SDG","Sensibilisierung"],"articleSection":["SUSTAINABILITY"],"inLanguage":"it-IT"},{"@type":"WebPage","@id":"https:\/\/www.organisator.ch\/sustainability\/2024-12-03\/canon-lanciert-young-people-programme-zur-foerderung-von-kreativitaet-und-nachhaltigkeit\/","url":"https:\/\/www.organisator.ch\/sustainability\/2024-12-03\/canon-lanciert-young-people-programme-zur-foerderung-von-kreativitaet-und-nachhaltigkeit\/","name":"Canon lancia il \"Programma giovani\" per promuovere la creativit\u00e0 e la sostenibilit\u00e0 - Organizzatore","isPartOf":{"@id":"https:\/\/www.organisator.ch\/#website"},"primaryImageOfPage":{"@id":"https:\/\/www.organisator.ch\/sustainability\/2024-12-03\/canon-lanciert-young-people-programme-zur-foerderung-von-kreativitaet-und-nachhaltigkeit\/#primaryimage"},"image":{"@id":"https:\/\/www.organisator.ch\/sustainability\/2024-12-03\/canon-lanciert-young-people-programme-zur-foerderung-von-kreativitaet-und-nachhaltigkeit\/#primaryimage"},"thumbnailUrl":"https:\/\/www.organisator.ch\/wp-content\/uploads\/2024\/12\/Canon_Bild1_ps.jpg","datePublished":"2024-12-03T12:36:40+00:00","description":"Canon Svizzera lancia il Programma Giovani per sensibilizzare i giovani sui temi della sostenibilit\u00e0.","breadcrumb":{"@id":"https:\/\/www.organisator.ch\/sustainability\/2024-12-03\/canon-lanciert-young-people-programme-zur-foerderung-von-kreativitaet-und-nachhaltigkeit\/#breadcrumb"},"inLanguage":"it-IT","potentialAction":[{"@type":"ReadAction","target":["https:\/\/www.organisator.ch\/sustainability\/2024-12-03\/canon-lanciert-young-people-programme-zur-foerderung-von-kreativitaet-und-nachhaltigkeit\/"]}]},{"@type":"ImageObject","inLanguage":"it-IT","@id":"https:\/\/www.organisator.ch\/sustainability\/2024-12-03\/canon-lanciert-young-people-programme-zur-foerderung-von-kreativitaet-und-nachhaltigkeit\/#primaryimage","url":"https:\/\/www.organisator.ch\/wp-content\/uploads\/2024\/12\/Canon_Bild1_ps.jpg","contentUrl":"https:\/\/www.organisator.ch\/wp-content\/uploads\/2024\/12\/Canon_Bild1_ps.jpg","width":680,"height":454,"caption":"In einem Workshop werden die technischen und kreativen Prinzipien der Fotografie erkl\u00e4rt sowie auch die Sustainable Development Goals in Kombination mit der Nachhaltigkeitsstrategie von Canon. (Bild: Canon)"},{"@type":"BreadcrumbList","@id":"https:\/\/www.organisator.ch\/sustainability\/2024-12-03\/canon-lanciert-young-people-programme-zur-foerderung-von-kreativitaet-und-nachhaltigkeit\/#breadcrumb","itemListElement":[{"@type":"ListItem","position":1,"name":"Home","item":"https:\/\/www.organisator.ch\/"},{"@type":"ListItem","position":2,"name":"Canon lanciert \u201eYoung People Programme\u201c zur F\u00f6rderung von Kreativit\u00e4t und Nachhaltigkeit"}]},{"@type":"WebSite","@id":"https:\/\/www.organisator.ch\/#website","url":"https:\/\/www.organisator.ch\/","name":"Organizzatore","description":"Competente. Pratico. In 10 numeri all'anno, ORGANISATOR presenta i temi essenziali per i manager delle PMI.","publisher":{"@id":"https:\/\/www.organisator.ch\/#organization"},"potentialAction":[{"@type":"SearchAction","target":{"@type":"EntryPoint","urlTemplate":"https:\/\/www.organisator.ch\/?s={search_term_string}"},"query-input":{"@type":"PropertyValueSpecification","valueRequired":true,"valueName":"search_term_string"}}],"inLanguage":"it-IT"},{"@type":"Organization","@id":"https:\/\/www.organisator.ch\/#organization","name":"Organizzatore","url":"https:\/\/www.organisator.ch\/","logo":{"@type":"ImageObject","inLanguage":"it-IT","@id":"https:\/\/www.organisator.ch\/#\/schema\/logo\/image\/","url":"https:\/\/www.organisator.ch\/wp-content\/uploads\/2022\/01\/Logo_Organisator_Website.png","contentUrl":"https:\/\/www.organisator.ch\/wp-content\/uploads\/2022\/01\/Logo_Organisator_Website.png","width":800,"height":77,"caption":"Organisator"},"image":{"@id":"https:\/\/www.organisator.ch\/#\/schema\/logo\/image\/"},"sameAs":["https:\/\/www.facebook.com\/OrganisatorFachmagazin","https:\/\/www.linkedin.com\/showcase\/organisator-das-magazin-fr-kmu","https:\/\/www.xing.com\/news\/pages\/organisator-ch-695","https:\/\/www.youtube.com\/channel\/UCGP2Sq0iWaZwT3BdIAQFYpw"]},{"@type":"Person","@id":"https:\/\/www.organisator.ch\/#\/schema\/person\/afccda3a71c06d4be2ed9100dd163db7","name":"Dzana Muminovic","image":{"@type":"ImageObject","inLanguage":"it-IT","@id":"https:\/\/secure.gravatar.com\/avatar\/909c5c71aff4b38e88686f2ab2f1ba152571f394f41ed8bae431ea56ced93050?s=96&d=mm&r=g","url":"https:\/\/secure.gravatar.com\/avatar\/909c5c71aff4b38e88686f2ab2f1ba152571f394f41ed8bae431ea56ced93050?s=96&d=mm&r=g","contentUrl":"https:\/\/secure.gravatar.com\/avatar\/909c5c71aff4b38e88686f2ab2f1ba152571f394f41ed8bae431ea56ced93050?s=96&d=mm&r=g","caption":"Dzana Muminovic"},"url":"https:\/\/www.organisator.ch\/it\/author\/dzana-muminovic\/"}]}},"_links":{"self":[{"href":"https:\/\/www.organisator.ch\/it\/wp-json\/wp\/v2\/posts\/34358","targetHints":{"allow":["GET"]}}],"collection":[{"href":"https:\/\/www.organisator.ch\/it\/wp-json\/wp\/v2\/posts"}],"about":[{"href":"https:\/\/www.organisator.ch\/it\/wp-json\/wp\/v2\/types\/post"}],"author":[{"embeddable":true,"href":"https:\/\/www.organisator.ch\/it\/wp-json\/wp\/v2\/users\/80"}],"replies":[{"embeddable":true,"href":"https:\/\/www.organisator.ch\/it\/wp-json\/wp\/v2\/comments?post=34358"}],"version-history":[{"count":4,"href":"https:\/\/www.organisator.ch\/it\/wp-json\/wp\/v2\/posts\/34358\/revisions"}],"predecessor-version":[{"id":34397,"href":"https:\/\/www.organisator.ch\/it\/wp-json\/wp\/v2\/posts\/34358\/revisions\/34397"}],"wp:featuredmedia":[{"embeddable":true,"href":"https:\/\/www.organisator.ch\/it\/wp-json\/wp\/v2\/media\/34360"}],"wp:attachment":[{"href":"https:\/\/www.organisator.ch\/it\/wp-json\/wp\/v2\/media?parent=34358"}],"wp:term":[{"taxonomy":"category","embeddable":true,"href":"https:\/\/www.organisator.ch\/it\/wp-json\/wp\/v2\/categories?post=34358"},{"taxonomy":"post_tag","embeddable":true,"href":"https:\/\/www.organisator.ch\/it\/wp-json\/wp\/v2\/tags?post=34358"}],"curies":[{"name":"wp","href":"https:\/\/api.w.org\/{rel}","templated":true}]}}