{"id":34413,"date":"2024-12-05T06:52:35","date_gmt":"2024-12-05T05:52:35","guid":{"rendered":"https:\/\/www.organisator.ch\/?p=34413"},"modified":"2024-12-04T13:53:00","modified_gmt":"2024-12-04T12:53:00","slug":"ruppige-weltmaerkte-fordern-die-wirtschaft","status":"publish","type":"post","link":"https:\/\/www.organisator.ch\/it\/management\/2024-12-05\/ruppige-weltmaerkte-fordern-die-wirtschaft\/","title":{"rendered":"I mercati globali in difficolt\u00e0 sfidano l'economia"},"content":{"rendered":"<figure id=\"attachment_34414\" aria-describedby=\"caption-attachment-34414\" style=\"width: 680px\" class=\"wp-caption alignnone\"><img loading=\"lazy\" decoding=\"async\" class=\"size-full wp-image-34414\" src=\"https:\/\/www.organisator.ch\/wp-content\/uploads\/2024\/12\/Economiesuisse_Bild1_ps.jpg\" alt=\"\" width=\"680\" height=\"381\" srcset=\"https:\/\/www.organisator.ch\/wp-content\/uploads\/2024\/12\/Economiesuisse_Bild1_ps.jpg 680w, https:\/\/www.organisator.ch\/wp-content\/uploads\/2024\/12\/Economiesuisse_Bild1_ps-18x10.jpg 18w, https:\/\/www.organisator.ch\/wp-content\/uploads\/2024\/12\/Economiesuisse_Bild1_ps-375x210.jpg 375w, https:\/\/www.organisator.ch\/wp-content\/uploads\/2024\/12\/Economiesuisse_Bild1_ps-625x350.jpg 625w\" sizes=\"auto, (max-width: 680px) 100vw, 680px\" \/><figcaption id=\"caption-attachment-34414\" class=\"wp-caption-text\">Le tensioni geopolitiche pesano sulla crescita economica globale e sull'industria svizzera delle esportazioni. Domanda debole, soprattutto in Europa. (Immagine: www.economiesuisse.ch)<\/figcaption><\/figure>\n<p>L'economia nazionale svizzera \u00e8 in solida crescita. Economiesuisse stima che il prodotto interno lordo (PIL) reale svizzero aumenter\u00e0 complessivamente dell'1,1% nel 2024 (invariato). Nel 2025 la crescita, pari all'1,4%, rimarr\u00e0 leggermente inferiore al potenziale. La carenza di manodopera si attenuer\u00e0 leggermente. Il tasso di disoccupazione rimarr\u00e0 basso, al 2,4% (2024) e al 2,6% (2025). L'inflazione continua a scendere su base annua e si colloca all'interno della fascia obiettivo della BNS.<\/p>\n<h3>Mercati globali in preda a conflitti commerciali e inflazione<\/h3>\n<p>Le tensioni geopolitiche continuano e i mercati globali si frammentano ulteriormente in blocchi commerciali e singoli mercati che si isolano l'uno dall'altro. Questa situazione non cambier\u00e0 con l'insediamento di Trump; anzi, \u00e8 probabile che vengano erette ulteriori barriere commerciali, accompagnate da contromisure da parte di altri Paesi. Tuttavia, i governi dovranno fare attenzione a non riaccendere l'inflazione nei loro Paesi aumentando le tariffe. I consumatori sono troppo sensibilizzati alle conseguenze negative dell'inflazione, che ha avuto e continua ad avere un impatto particolarmente negativo sulla popolazione a basso reddito negli Stati Uniti e nei Paesi dell'UE.<\/p>\n<p>L'inflazione negli Stati Uniti \u00e8 ancora al 2,6% e nell'UE al 2,3%, quindi non \u00e8 pi\u00f9 molto al di sopra dell'obiettivo del 2%. Tuttavia, l'inflazione di fondo - ovvero il tasso di inflazione che esclude le componenti volatili dei prezzi dei generi alimentari e dell'energia - supera nettamente questo valore target sia negli Stati Uniti, con il 3,3%, sia nell'Eurozona, con il 2,7%. Un aumento dei prezzi delle importazioni, ad esempio, alimenterebbe molto rapidamente il tasso di inflazione. Sebbene l'inflazione sia un problema minore in Cina, il Paese non svolge pi\u00f9 il ruolo di motore di crescita dell'economia globale. L'economia interna risente delle conseguenze dello scoppio della bolla immobiliare: i consumi si indeboliscono e gli investimenti sono bassi. Anche l'economia delle esportazioni \u00e8 frenata dal conflitto commerciale, in particolare con gli Stati Uniti. La guerra in Ucraina e il conflitto in Medio Oriente continuano a pesare sull'economia globale e a causare incertezza.<\/p>\n<h3><strong>Industria dell'export: un anno di sfide<\/strong><\/h3>\n<p>La difficile economia globale pesa sull'industria svizzera delle esportazioni. Nel complesso, tuttavia, l'industria svizzera sta resistendo anche in un contesto internazionale difficile, grazie alla sua focalizzazione su prodotti di nicchia altamente specializzati e su specialit\u00e0 innovative. L'industria svizzera delle esportazioni beneficia di un'ampia diversificazione, con un buon mix di settori e un orientamento globale. Questo aiuta nei momenti di incertezza. Se la domanda nell'industria automobilistica europea \u00e8 debole, ad esempio, questo \u00e8 problematico per la Svizzera, ma non ne minaccia l'esistenza perch\u00e9 altri mercati compensano almeno in parte questa situazione. Tuttavia, nel 2025 le sfide all'estero aumenteranno anzich\u00e9 diminuire.<\/p>\n<p>Economiesuisse prevede per il prossimo anno solo un leggero aumento complessivo delle esportazioni di beni e servizi. L'industria farmaceutica e quella dei prodotti medicali, meno esposte alle fluttuazioni economiche, registreranno una crescita stabile. La debolezza della domanda ha un impatto particolarmente negativo sull'industria dei macchinari e dell'orologeria. Le prospettive per l'industria tessile e chimica sono contrastanti. I settori fortemente orientati verso la Cina e la Germania sono quelli pi\u00f9 in difficolt\u00e0. Tuttavia, la prospettiva settoriale distorce un po' il quadro, poich\u00e9 le singole aziende di ogni settore possono espandersi con successo. Le esportazioni svizzere di servizi sono un po' meno in evidenza, anche se in forte crescita. Il turismo potrebbe non essere in grado di raggiungere le cifre del periodo post-pandemia, ma le prospettive per il futuro sono positive. I servizi bancari e assicurativi sono stabili. Il commercio di materie prime tende a beneficiare di un contesto di mercato pi\u00f9 volatile e di prezzi pi\u00f9 elevati.<\/p>\n<h3><strong>Solido sviluppo dell'economia nazionale<\/strong><\/h3>\n<p>L'economia nazionale pu\u00f2 contare su una domanda di consumo stabile. Le famiglie private stanno beneficiando degli aumenti dei salari reali e del basso tasso di disoccupazione. Anche lo Stato sta consumando molto. Le aziende sono molto pi\u00f9 caute e l'incertezza dell'andamento del mercato frena gli investimenti. Tuttavia, gli investimenti in attrezzature dovrebbero tornare a crescere nel 2025. Dopo un buon 2024, anche molti settori a prevalente orientamento nazionale avranno un andamento positivo nel 2025: l'edilizia e in particolare il commercio di finitura, il commercio all'ingrosso, il commercio al dettaglio, la sanit\u00e0, la consulenza e l'informatica\/telecomunicazioni saranno in grado di crescere complessivamente. Sar\u00e0 pi\u00f9 difficile per l'industria della stampa e dell'editoria. L'economia nazionale sar\u00e0 sostenuta da bassi tassi di interesse, inflazione contenuta, aumento dei salari nominali, calo dei prezzi dell'elettricit\u00e0 e un leggero aumento dell'occupazione.<\/p>\n<p>Il mercato del lavoro svizzero si sta normalizzando. Il numero di posti vacanti sta diminuendo e la carenza di manodopera si sta leggermente attenuando. Tuttavia, le prospettive occupazionali rimangono complessivamente buone, in quanto sono pi\u00f9 numerose le aziende che desiderano ampliare la propria forza lavoro piuttosto che ridurla. Economiesuisse prevede un leggero aumento del tasso di disoccupazione dal 2,4% (2024) al 2,6% (2025).<\/p>\n<p>L'inflazione in Svizzera \u00e8 bassa. \u00c8 scesa pi\u00f9 rapidamente del previsto. Finch\u00e9 i prezzi dell'energia non torneranno a salire bruscamente, l'aumento dei prezzi per il 2025 sar\u00e0 limitato. L'inflazione rimarr\u00e0 all'interno della fascia obiettivo della BNS e scender\u00e0 al di sotto dell'1%. Il franco svizzero si rafforzer\u00e0 (in termini nominali) su base annua per diversi motivi. In primo luogo, i differenziali dei tassi d'interesse tra il franco svizzero e l'euro e il dollaro stanno diminuendo. In secondo luogo, l'inflazione in Svizzera \u00e8 stabilmente inferiore a quella di altre aree valutarie. In terzo luogo, il debito pubblico complessivo del nostro Paese e i nuovi prestiti sono bassi. In quarto luogo, l'avanzo commerciale della Svizzera continua. Di conseguenza, il franco svizzero si rafforzer\u00e0 rispetto all'euro. Economiesuisse prevede un tasso di cambio medio franco\/euro di 91 centesimi nel 2025. Poich\u00e9 lo sviluppo economico degli Stati Uniti \u00e8 nettamente migliore di quello dell'eurozona, l'apprezzamento rispetto al dollaro sar\u00e0 minore. Abbiamo a che fare soprattutto con un euro debole.<\/p>\n<h3><strong>Rischi economici e ostacoli alla crescita<\/strong><\/h3>\n<p>I partecipanti al sondaggio Economiesuisse di novembre ritengono che le tensioni geopolitiche rappresentino il rischio maggiore per l'economia. Come dimostrano le risposte non supportate, i rischi sono principalmente localizzati all'estero, con Germania e Stati Uniti particolarmente enfatizzati. Tuttavia, anche le condizioni interne ostacolano la crescita economica, con la burocrazia e le normative in testa. Quasi un quinto dichiara che ci\u00f2 limita la crescita. Rispetto a giugno 2024 e all'anno scorso, la percentuale di aziende che soffrono di una forte carenza di manodopera \u00e8 diminuita. Tuttavia, circa il 7% dei partecipanti al sondaggio dichiara che questo \u00e8 ancora il rischio economico maggiore per la propria azienda. Inoltre, il 10% \u00e8 preoccupato per il tasso di cambio.<\/p>\n<figure id=\"attachment_34415\" aria-describedby=\"caption-attachment-34415\" style=\"width: 680px\" class=\"wp-caption alignnone\"><img loading=\"lazy\" decoding=\"async\" class=\"wp-image-34415 size-full\" src=\"https:\/\/www.organisator.ch\/wp-content\/uploads\/2024\/12\/Economiesuisse_Bild2_ps.jpg\" alt=\"\" width=\"680\" height=\"512\" srcset=\"https:\/\/www.organisator.ch\/wp-content\/uploads\/2024\/12\/Economiesuisse_Bild2_ps.jpg 680w, https:\/\/www.organisator.ch\/wp-content\/uploads\/2024\/12\/Economiesuisse_Bild2_ps-16x12.jpg 16w, https:\/\/www.organisator.ch\/wp-content\/uploads\/2024\/12\/Economiesuisse_Bild2_ps-375x282.jpg 375w, https:\/\/www.organisator.ch\/wp-content\/uploads\/2024\/12\/Economiesuisse_Bild2_ps-465x350.jpg 465w\" sizes=\"auto, (max-width: 680px) 100vw, 680px\" \/><figcaption id=\"caption-attachment-34415\" class=\"wp-caption-text\">Sondaggio Economiesuisse novembre 2024, n=431.<\/figcaption><\/figure>\n<p><em>Fonte: <a href=\"http:\/\/www.economiesuisse.ch\">www.economiesuisse.ch<\/a><\/em><\/p>","protected":false},"excerpt":{"rendered":"<p>Le tensioni geopolitiche pesano sulla crescita economica mondiale e quindi sulle esportazioni svizzere. La domanda \u00e8 debole, soprattutto in Europa. La situazione economica globale non migliorer\u00e0 in modo significativo nemmeno l'anno prossimo; al contrario, si prevede un'intensificazione delle controversie commerciali. <\/p>","protected":false},"author":80,"featured_media":34414,"comment_status":"closed","ping_status":"closed","sticky":false,"template":"","format":"standard","meta":{"_acf_changed":false,"_yoast_wpseo_focuskw":"Schweizer Exportwirtschaft","_yoast_wpseo_metadesc":"Geopolitische Spannungen belasten das Weltwirtschaftswachstum und die Schweizer Exportwirtschaft. Schwache Nachfrage, besonders in Europa.","articlekey":"","footnotes":""},"categories":[28],"tags":[4916,2994,310,2643,4915,2861],"class_list":["post-34413","post","type-post","status-publish","format-standard","has-post-thumbnail","hentry","category-management","tag-binnenwirtschaft","tag-exportwirtschaft","tag-konjunktur","tag-wachstum","tag-weltmarkt","tag-weltwirtschaft"],"acf":[],"yoast_head":"<!-- This site is optimized with the Yoast SEO plugin v27.4 - https:\/\/yoast.com\/product\/yoast-seo-wordpress\/ -->\n<title>Ruppige Weltm\u00e4rkte fordern die Wirtschaft - Organisator<\/title>\n<meta name=\"description\" content=\"Geopolitische Spannungen belasten das Weltwirtschaftswachstum und die Schweizer Exportwirtschaft. Schwache Nachfrage, besonders in Europa.\" \/>\n<meta name=\"robots\" content=\"index, follow, max-snippet:-1, max-image-preview:large, max-video-preview:-1\" \/>\n<link rel=\"canonical\" href=\"https:\/\/www.organisator.ch\/it\/gestione-2\/2024-12-05\/ruppige-weltmaerkte-fordern-die-wirtschaft\/\" \/>\n<meta property=\"og:locale\" content=\"it_IT\" \/>\n<meta property=\"og:type\" content=\"article\" \/>\n<meta property=\"og:title\" content=\"Ruppige Weltm\u00e4rkte fordern die Wirtschaft\" \/>\n<meta property=\"og:description\" content=\"Geopolitische Spannungen belasten das Weltwirtschaftswachstum und die Schweizer Exportwirtschaft. Schwache Nachfrage, besonders in Europa.\" \/>\n<meta property=\"og:url\" content=\"https:\/\/www.organisator.ch\/it\/gestione-2\/2024-12-05\/ruppige-weltmaerkte-fordern-die-wirtschaft\/\" \/>\n<meta property=\"og:site_name\" content=\"Organisator\" \/>\n<meta property=\"article:publisher\" content=\"https:\/\/www.facebook.com\/OrganisatorFachmagazin\" \/>\n<meta property=\"article:published_time\" content=\"2024-12-05T05:52:35+00:00\" \/>\n<meta property=\"og:image\" content=\"https:\/\/www.organisator.ch\/wp-content\/uploads\/2024\/12\/Economiesuisse_Bild1_ps.jpg\" \/>\n\t<meta property=\"og:image:width\" content=\"680\" \/>\n\t<meta property=\"og:image:height\" content=\"381\" \/>\n\t<meta property=\"og:image:type\" content=\"image\/jpeg\" \/>\n<meta name=\"author\" content=\"Dzana Muminovic\" \/>\n<meta name=\"twitter:card\" content=\"summary_large_image\" \/>\n<meta name=\"twitter:title\" content=\"Ruppige Weltm\u00e4rkte fordern die Wirtschaft\" \/>\n<meta name=\"twitter:description\" content=\"#Geopolitische #Spannungen belasten das #Weltwirtschaftswachstum und die #Schweizer #Exportwirtschaft. Schwache #Nachfrage, besonders in #Europa.\" \/>\n<meta name=\"twitter:image\" content=\"https:\/\/www.organisator.ch\/wp-content\/uploads\/2024\/12\/Economiesuisse_Bild1_ps.jpg\" \/>\n<script type=\"application\/ld+json\" class=\"yoast-schema-graph\">{\"@context\":\"https:\\\/\\\/schema.org\",\"@graph\":[{\"@type\":\"Article\",\"@id\":\"https:\\\/\\\/www.organisator.ch\\\/management\\\/2024-12-05\\\/ruppige-weltmaerkte-fordern-die-wirtschaft\\\/#article\",\"isPartOf\":{\"@id\":\"https:\\\/\\\/www.organisator.ch\\\/management\\\/2024-12-05\\\/ruppige-weltmaerkte-fordern-die-wirtschaft\\\/\"},\"author\":{\"name\":\"Dzana Muminovic\",\"@id\":\"https:\\\/\\\/www.organisator.ch\\\/#\\\/schema\\\/person\\\/afccda3a71c06d4be2ed9100dd163db7\"},\"headline\":\"Ruppige Weltm\u00e4rkte fordern die Wirtschaft\",\"datePublished\":\"2024-12-05T05:52:35+00:00\",\"mainEntityOfPage\":{\"@id\":\"https:\\\/\\\/www.organisator.ch\\\/management\\\/2024-12-05\\\/ruppige-weltmaerkte-fordern-die-wirtschaft\\\/\"},\"wordCount\":1047,\"publisher\":{\"@id\":\"https:\\\/\\\/www.organisator.ch\\\/#organization\"},\"image\":{\"@id\":\"https:\\\/\\\/www.organisator.ch\\\/management\\\/2024-12-05\\\/ruppige-weltmaerkte-fordern-die-wirtschaft\\\/#primaryimage\"},\"thumbnailUrl\":\"https:\\\/\\\/www.organisator.ch\\\/wp-content\\\/uploads\\\/2024\\\/12\\\/Economiesuisse_Bild1_ps.jpg\",\"keywords\":[\"Binnenwirtschaft\",\"Exportwirtschaft\",\"Konjunktur\",\"Wachstum\",\"Weltmarkt\",\"Weltwirtschaft\"],\"articleSection\":[\"MANAGEMENT\"],\"inLanguage\":\"it-IT\"},{\"@type\":\"WebPage\",\"@id\":\"https:\\\/\\\/www.organisator.ch\\\/management\\\/2024-12-05\\\/ruppige-weltmaerkte-fordern-die-wirtschaft\\\/\",\"url\":\"https:\\\/\\\/www.organisator.ch\\\/management\\\/2024-12-05\\\/ruppige-weltmaerkte-fordern-die-wirtschaft\\\/\",\"name\":\"Ruppige Weltm\u00e4rkte fordern die Wirtschaft - Organisator\",\"isPartOf\":{\"@id\":\"https:\\\/\\\/www.organisator.ch\\\/#website\"},\"primaryImageOfPage\":{\"@id\":\"https:\\\/\\\/www.organisator.ch\\\/management\\\/2024-12-05\\\/ruppige-weltmaerkte-fordern-die-wirtschaft\\\/#primaryimage\"},\"image\":{\"@id\":\"https:\\\/\\\/www.organisator.ch\\\/management\\\/2024-12-05\\\/ruppige-weltmaerkte-fordern-die-wirtschaft\\\/#primaryimage\"},\"thumbnailUrl\":\"https:\\\/\\\/www.organisator.ch\\\/wp-content\\\/uploads\\\/2024\\\/12\\\/Economiesuisse_Bild1_ps.jpg\",\"datePublished\":\"2024-12-05T05:52:35+00:00\",\"description\":\"Geopolitische Spannungen belasten das Weltwirtschaftswachstum und die Schweizer Exportwirtschaft. Schwache Nachfrage, besonders in Europa.\",\"breadcrumb\":{\"@id\":\"https:\\\/\\\/www.organisator.ch\\\/management\\\/2024-12-05\\\/ruppige-weltmaerkte-fordern-die-wirtschaft\\\/#breadcrumb\"},\"inLanguage\":\"it-IT\",\"potentialAction\":[{\"@type\":\"ReadAction\",\"target\":[\"https:\\\/\\\/www.organisator.ch\\\/management\\\/2024-12-05\\\/ruppige-weltmaerkte-fordern-die-wirtschaft\\\/\"]}]},{\"@type\":\"ImageObject\",\"inLanguage\":\"it-IT\",\"@id\":\"https:\\\/\\\/www.organisator.ch\\\/management\\\/2024-12-05\\\/ruppige-weltmaerkte-fordern-die-wirtschaft\\\/#primaryimage\",\"url\":\"https:\\\/\\\/www.organisator.ch\\\/wp-content\\\/uploads\\\/2024\\\/12\\\/Economiesuisse_Bild1_ps.jpg\",\"contentUrl\":\"https:\\\/\\\/www.organisator.ch\\\/wp-content\\\/uploads\\\/2024\\\/12\\\/Economiesuisse_Bild1_ps.jpg\",\"width\":680,\"height\":381,\"caption\":\"Geopolitische Spannungen belasten das Weltwirtschaftswachstum und die Schweizer Exportwirtschaft. Schwache Nachfrage, besonders in Europa. (Bild: www.economiesuisse.ch)\"},{\"@type\":\"BreadcrumbList\",\"@id\":\"https:\\\/\\\/www.organisator.ch\\\/management\\\/2024-12-05\\\/ruppige-weltmaerkte-fordern-die-wirtschaft\\\/#breadcrumb\",\"itemListElement\":[{\"@type\":\"ListItem\",\"position\":1,\"name\":\"Home\",\"item\":\"https:\\\/\\\/www.organisator.ch\\\/\"},{\"@type\":\"ListItem\",\"position\":2,\"name\":\"Ruppige Weltm\u00e4rkte fordern die Wirtschaft\"}]},{\"@type\":\"WebSite\",\"@id\":\"https:\\\/\\\/www.organisator.ch\\\/#website\",\"url\":\"https:\\\/\\\/www.organisator.ch\\\/\",\"name\":\"Organisator\",\"description\":\"Kompetent. Praxisnah. Der ORGANISATOR bereitet in 10 Ausgaben pro Jahr die wesentlichen Themen f\u00fcr F\u00fchrungskr\u00e4fte von KMU auf.\",\"publisher\":{\"@id\":\"https:\\\/\\\/www.organisator.ch\\\/#organization\"},\"potentialAction\":[{\"@type\":\"SearchAction\",\"target\":{\"@type\":\"EntryPoint\",\"urlTemplate\":\"https:\\\/\\\/www.organisator.ch\\\/?s={search_term_string}\"},\"query-input\":{\"@type\":\"PropertyValueSpecification\",\"valueRequired\":true,\"valueName\":\"search_term_string\"}}],\"inLanguage\":\"it-IT\"},{\"@type\":\"Organization\",\"@id\":\"https:\\\/\\\/www.organisator.ch\\\/#organization\",\"name\":\"Organisator\",\"url\":\"https:\\\/\\\/www.organisator.ch\\\/\",\"logo\":{\"@type\":\"ImageObject\",\"inLanguage\":\"it-IT\",\"@id\":\"https:\\\/\\\/www.organisator.ch\\\/#\\\/schema\\\/logo\\\/image\\\/\",\"url\":\"https:\\\/\\\/www.organisator.ch\\\/wp-content\\\/uploads\\\/2022\\\/01\\\/Logo_Organisator_Website.png\",\"contentUrl\":\"https:\\\/\\\/www.organisator.ch\\\/wp-content\\\/uploads\\\/2022\\\/01\\\/Logo_Organisator_Website.png\",\"width\":800,\"height\":77,\"caption\":\"Organisator\"},\"image\":{\"@id\":\"https:\\\/\\\/www.organisator.ch\\\/#\\\/schema\\\/logo\\\/image\\\/\"},\"sameAs\":[\"https:\\\/\\\/www.facebook.com\\\/OrganisatorFachmagazin\",\"https:\\\/\\\/www.linkedin.com\\\/showcase\\\/organisator-das-magazin-fr-kmu\",\"https:\\\/\\\/www.xing.com\\\/news\\\/pages\\\/organisator-ch-695\",\"https:\\\/\\\/www.youtube.com\\\/channel\\\/UCGP2Sq0iWaZwT3BdIAQFYpw\"]},{\"@type\":\"Person\",\"@id\":\"https:\\\/\\\/www.organisator.ch\\\/#\\\/schema\\\/person\\\/afccda3a71c06d4be2ed9100dd163db7\",\"name\":\"Dzana Muminovic\",\"image\":{\"@type\":\"ImageObject\",\"inLanguage\":\"it-IT\",\"@id\":\"https:\\\/\\\/secure.gravatar.com\\\/avatar\\\/909c5c71aff4b38e88686f2ab2f1ba152571f394f41ed8bae431ea56ced93050?s=96&d=mm&r=g\",\"url\":\"https:\\\/\\\/secure.gravatar.com\\\/avatar\\\/909c5c71aff4b38e88686f2ab2f1ba152571f394f41ed8bae431ea56ced93050?s=96&d=mm&r=g\",\"contentUrl\":\"https:\\\/\\\/secure.gravatar.com\\\/avatar\\\/909c5c71aff4b38e88686f2ab2f1ba152571f394f41ed8bae431ea56ced93050?s=96&d=mm&r=g\",\"caption\":\"Dzana Muminovic\"},\"url\":\"https:\\\/\\\/www.organisator.ch\\\/it\\\/author\\\/dzana-muminovic\\\/\"}]}<\/script>\n<!-- \/ Yoast SEO plugin. -->","yoast_head_json":{"title":"I mercati globali difficili sfidano l'economia - Organizzatore","description":"Le tensioni geopolitiche pesano sulla crescita economica globale e sull'industria svizzera delle esportazioni. Domanda debole, soprattutto in Europa.","robots":{"index":"index","follow":"follow","max-snippet":"max-snippet:-1","max-image-preview":"max-image-preview:large","max-video-preview":"max-video-preview:-1"},"canonical":"https:\/\/www.organisator.ch\/it\/gestione-2\/2024-12-05\/ruppige-weltmaerkte-fordern-die-wirtschaft\/","og_locale":"it_IT","og_type":"article","og_title":"Ruppige Weltm\u00e4rkte fordern die Wirtschaft","og_description":"Geopolitische Spannungen belasten das Weltwirtschaftswachstum und die Schweizer Exportwirtschaft. Schwache Nachfrage, besonders in Europa.","og_url":"https:\/\/www.organisator.ch\/it\/gestione-2\/2024-12-05\/ruppige-weltmaerkte-fordern-die-wirtschaft\/","og_site_name":"Organisator","article_publisher":"https:\/\/www.facebook.com\/OrganisatorFachmagazin","article_published_time":"2024-12-05T05:52:35+00:00","og_image":[{"width":680,"height":381,"url":"https:\/\/www.organisator.ch\/wp-content\/uploads\/2024\/12\/Economiesuisse_Bild1_ps.jpg","type":"image\/jpeg"}],"author":"Dzana Muminovic","twitter_card":"summary_large_image","twitter_title":"Ruppige Weltm\u00e4rkte fordern die Wirtschaft","twitter_description":"#Geopolitische #Spannungen belasten das #Weltwirtschaftswachstum und die #Schweizer #Exportwirtschaft. Schwache #Nachfrage, besonders in #Europa.","twitter_image":"https:\/\/www.organisator.ch\/wp-content\/uploads\/2024\/12\/Economiesuisse_Bild1_ps.jpg","schema":{"@context":"https:\/\/schema.org","@graph":[{"@type":"Article","@id":"https:\/\/www.organisator.ch\/management\/2024-12-05\/ruppige-weltmaerkte-fordern-die-wirtschaft\/#article","isPartOf":{"@id":"https:\/\/www.organisator.ch\/management\/2024-12-05\/ruppige-weltmaerkte-fordern-die-wirtschaft\/"},"author":{"name":"Dzana Muminovic","@id":"https:\/\/www.organisator.ch\/#\/schema\/person\/afccda3a71c06d4be2ed9100dd163db7"},"headline":"Ruppige Weltm\u00e4rkte fordern die Wirtschaft","datePublished":"2024-12-05T05:52:35+00:00","mainEntityOfPage":{"@id":"https:\/\/www.organisator.ch\/management\/2024-12-05\/ruppige-weltmaerkte-fordern-die-wirtschaft\/"},"wordCount":1047,"publisher":{"@id":"https:\/\/www.organisator.ch\/#organization"},"image":{"@id":"https:\/\/www.organisator.ch\/management\/2024-12-05\/ruppige-weltmaerkte-fordern-die-wirtschaft\/#primaryimage"},"thumbnailUrl":"https:\/\/www.organisator.ch\/wp-content\/uploads\/2024\/12\/Economiesuisse_Bild1_ps.jpg","keywords":["Binnenwirtschaft","Exportwirtschaft","Konjunktur","Wachstum","Weltmarkt","Weltwirtschaft"],"articleSection":["MANAGEMENT"],"inLanguage":"it-IT"},{"@type":"WebPage","@id":"https:\/\/www.organisator.ch\/management\/2024-12-05\/ruppige-weltmaerkte-fordern-die-wirtschaft\/","url":"https:\/\/www.organisator.ch\/management\/2024-12-05\/ruppige-weltmaerkte-fordern-die-wirtschaft\/","name":"I mercati globali difficili sfidano l'economia - Organizzatore","isPartOf":{"@id":"https:\/\/www.organisator.ch\/#website"},"primaryImageOfPage":{"@id":"https:\/\/www.organisator.ch\/management\/2024-12-05\/ruppige-weltmaerkte-fordern-die-wirtschaft\/#primaryimage"},"image":{"@id":"https:\/\/www.organisator.ch\/management\/2024-12-05\/ruppige-weltmaerkte-fordern-die-wirtschaft\/#primaryimage"},"thumbnailUrl":"https:\/\/www.organisator.ch\/wp-content\/uploads\/2024\/12\/Economiesuisse_Bild1_ps.jpg","datePublished":"2024-12-05T05:52:35+00:00","description":"Le tensioni geopolitiche pesano sulla crescita economica globale e sull'industria svizzera delle esportazioni. Domanda debole, soprattutto in Europa.","breadcrumb":{"@id":"https:\/\/www.organisator.ch\/management\/2024-12-05\/ruppige-weltmaerkte-fordern-die-wirtschaft\/#breadcrumb"},"inLanguage":"it-IT","potentialAction":[{"@type":"ReadAction","target":["https:\/\/www.organisator.ch\/management\/2024-12-05\/ruppige-weltmaerkte-fordern-die-wirtschaft\/"]}]},{"@type":"ImageObject","inLanguage":"it-IT","@id":"https:\/\/www.organisator.ch\/management\/2024-12-05\/ruppige-weltmaerkte-fordern-die-wirtschaft\/#primaryimage","url":"https:\/\/www.organisator.ch\/wp-content\/uploads\/2024\/12\/Economiesuisse_Bild1_ps.jpg","contentUrl":"https:\/\/www.organisator.ch\/wp-content\/uploads\/2024\/12\/Economiesuisse_Bild1_ps.jpg","width":680,"height":381,"caption":"Geopolitische Spannungen belasten das Weltwirtschaftswachstum und die Schweizer Exportwirtschaft. Schwache Nachfrage, besonders in Europa. (Bild: www.economiesuisse.ch)"},{"@type":"BreadcrumbList","@id":"https:\/\/www.organisator.ch\/management\/2024-12-05\/ruppige-weltmaerkte-fordern-die-wirtschaft\/#breadcrumb","itemListElement":[{"@type":"ListItem","position":1,"name":"Home","item":"https:\/\/www.organisator.ch\/"},{"@type":"ListItem","position":2,"name":"Ruppige Weltm\u00e4rkte fordern die Wirtschaft"}]},{"@type":"WebSite","@id":"https:\/\/www.organisator.ch\/#website","url":"https:\/\/www.organisator.ch\/","name":"Organizzatore","description":"Competente. Pratico. In 10 numeri all'anno, ORGANISATOR presenta i temi essenziali per i manager delle PMI.","publisher":{"@id":"https:\/\/www.organisator.ch\/#organization"},"potentialAction":[{"@type":"SearchAction","target":{"@type":"EntryPoint","urlTemplate":"https:\/\/www.organisator.ch\/?s={search_term_string}"},"query-input":{"@type":"PropertyValueSpecification","valueRequired":true,"valueName":"search_term_string"}}],"inLanguage":"it-IT"},{"@type":"Organization","@id":"https:\/\/www.organisator.ch\/#organization","name":"Organizzatore","url":"https:\/\/www.organisator.ch\/","logo":{"@type":"ImageObject","inLanguage":"it-IT","@id":"https:\/\/www.organisator.ch\/#\/schema\/logo\/image\/","url":"https:\/\/www.organisator.ch\/wp-content\/uploads\/2022\/01\/Logo_Organisator_Website.png","contentUrl":"https:\/\/www.organisator.ch\/wp-content\/uploads\/2022\/01\/Logo_Organisator_Website.png","width":800,"height":77,"caption":"Organisator"},"image":{"@id":"https:\/\/www.organisator.ch\/#\/schema\/logo\/image\/"},"sameAs":["https:\/\/www.facebook.com\/OrganisatorFachmagazin","https:\/\/www.linkedin.com\/showcase\/organisator-das-magazin-fr-kmu","https:\/\/www.xing.com\/news\/pages\/organisator-ch-695","https:\/\/www.youtube.com\/channel\/UCGP2Sq0iWaZwT3BdIAQFYpw"]},{"@type":"Person","@id":"https:\/\/www.organisator.ch\/#\/schema\/person\/afccda3a71c06d4be2ed9100dd163db7","name":"Dzana Muminovic","image":{"@type":"ImageObject","inLanguage":"it-IT","@id":"https:\/\/secure.gravatar.com\/avatar\/909c5c71aff4b38e88686f2ab2f1ba152571f394f41ed8bae431ea56ced93050?s=96&d=mm&r=g","url":"https:\/\/secure.gravatar.com\/avatar\/909c5c71aff4b38e88686f2ab2f1ba152571f394f41ed8bae431ea56ced93050?s=96&d=mm&r=g","contentUrl":"https:\/\/secure.gravatar.com\/avatar\/909c5c71aff4b38e88686f2ab2f1ba152571f394f41ed8bae431ea56ced93050?s=96&d=mm&r=g","caption":"Dzana Muminovic"},"url":"https:\/\/www.organisator.ch\/it\/author\/dzana-muminovic\/"}]}},"_links":{"self":[{"href":"https:\/\/www.organisator.ch\/it\/wp-json\/wp\/v2\/posts\/34413","targetHints":{"allow":["GET"]}}],"collection":[{"href":"https:\/\/www.organisator.ch\/it\/wp-json\/wp\/v2\/posts"}],"about":[{"href":"https:\/\/www.organisator.ch\/it\/wp-json\/wp\/v2\/types\/post"}],"author":[{"embeddable":true,"href":"https:\/\/www.organisator.ch\/it\/wp-json\/wp\/v2\/users\/80"}],"replies":[{"embeddable":true,"href":"https:\/\/www.organisator.ch\/it\/wp-json\/wp\/v2\/comments?post=34413"}],"version-history":[{"count":3,"href":"https:\/\/www.organisator.ch\/it\/wp-json\/wp\/v2\/posts\/34413\/revisions"}],"predecessor-version":[{"id":34452,"href":"https:\/\/www.organisator.ch\/it\/wp-json\/wp\/v2\/posts\/34413\/revisions\/34452"}],"wp:featuredmedia":[{"embeddable":true,"href":"https:\/\/www.organisator.ch\/it\/wp-json\/wp\/v2\/media\/34414"}],"wp:attachment":[{"href":"https:\/\/www.organisator.ch\/it\/wp-json\/wp\/v2\/media?parent=34413"}],"wp:term":[{"taxonomy":"category","embeddable":true,"href":"https:\/\/www.organisator.ch\/it\/wp-json\/wp\/v2\/categories?post=34413"},{"taxonomy":"post_tag","embeddable":true,"href":"https:\/\/www.organisator.ch\/it\/wp-json\/wp\/v2\/tags?post=34413"}],"curies":[{"name":"wp","href":"https:\/\/api.w.org\/{rel}","templated":true}]}}