{"id":34419,"date":"2024-12-04T13:25:43","date_gmt":"2024-12-04T12:25:43","guid":{"rendered":"https:\/\/www.markt-kom.com\/?p=227670"},"modified":"2024-12-05T11:35:34","modified_gmt":"2024-12-05T10:35:34","slug":"dentsu-dach-und-cee-markt-werden-zu-central-europe-cluster","status":"publish","type":"post","link":"https:\/\/www.organisator.ch\/it\/marketing\/2024-12-04\/dentsu-dach-und-cee-markt-werden-zu-central-europe-cluster\/","title":{"rendered":"Dentsu: il mercato DACH e CEE diventa Cluster Europa Centrale"},"content":{"rendered":"<figure id=\"attachment_227672\" class=\"wp-caption alignnone\" style=\"width: 1200px;\" aria-describedby=\"caption-attachment-227672\"><img class=\"wp-image-227672 size-full\" src=\"https:\/\/www.markt-kom.com\/wp-content\/uploads\/2024\/12\/dentsu.jpg\" sizes=\"(max-width: 1200px) 100vw, 1200px\" srcset=\"https:\/\/www.markt-kom.com\/wp-content\/uploads\/2024\/12\/dentsu.jpg 1200w, https:\/\/www.markt-kom.com\/wp-content\/uploads\/2024\/12\/dentsu-600x300.jpg 600w, https:\/\/www.markt-kom.com\/wp-content\/uploads\/2024\/12\/dentsu-1024x512.jpg 1024w, https:\/\/www.markt-kom.com\/wp-content\/uploads\/2024\/12\/dentsu-768x384.jpg 768w, https:\/\/www.markt-kom.com\/wp-content\/uploads\/2024\/12\/dentsu-18x9.jpg 18w, https:\/\/www.markt-kom.com\/wp-content\/uploads\/2024\/12\/dentsu-350x175.jpg 350w, https:\/\/www.markt-kom.com\/wp-content\/uploads\/2024\/12\/dentsu-700x350.jpg 700w, https:\/\/www.markt-kom.com\/wp-content\/uploads\/2024\/12\/dentsu-1000x500.jpg 1000w\" alt=\"\" width=\"1200\" height=\"600\" \/>\r\n<figcaption id=\"caption-attachment-227672\" class=\"wp-caption-text\">Slawomir Stepniewski e Karin Zimmermann. Immagine: Dentsu.<\/figcaption>\r\n<\/figure>\r\n<p>Dentsu EMEA si riorganizza: sotto la guida di Andr\u00e9 Andrade, CEO di Dentsu EMEA, il 1\u00b0 gennaio i precedenti cluster DACH e CEE saranno fusi per formare il nuovo cluster Central Europe e S\u0142awomir St\u0119pniewski sar\u00e0 nominato CEO di Dentsu Central Europe &amp; Poland. Karin Zimmermann, attualmente CEO Dentsu DACH, assumer\u00e0 il nuovo ruolo strategico di Presidente BX (Business Transformation) per l'intera regione EMEA.<\/p>\r\n<p>L'obiettivo \u00e8 quello di essere strategicamente meglio posizionati e di fornire ai clienti un pi\u00f9 facile accesso a competenze e talenti multidisciplinari attraverso un modello pi\u00f9 integrato.<\/p>\r\n<p>Negli ultimi cinque anni St\u0119pniewski ha diretto il cluster dell'Europa centro-orientale, che comprende otto mercati tra cui la Polonia. La Zimmermann porta nella sua nuova posizione oltre 20 anni di esperienza nella gestione dei marchi, nella consulenza e nella trasformazione incentrata sul cliente. Si occuper\u00e0 di costruire la comunit\u00e0 regionale di BX nell'area EMEA, di definire competenze e soluzioni interfunzionali e di concentrarsi sulle sfide strategiche pi\u00f9 importanti per i clienti. Stepniewski e Zimmermann hanno avviato una stretta collaborazione tra i due cluster nel 2024. Secondo un comunicato, le nuove nomine segnano la fusione definitiva dei due cluster.<\/p>","protected":false},"excerpt":{"rendered":"<p>Riorganizzazione in Dentsu: i mercati DACH e CEE vengono fusi per formare un Cluster Central Europe, che dovrebbe promuovere un migliore posizionamento strategico.<\/p>","protected":false},"author":8,"featured_media":0,"comment_status":"closed","ping_status":"closed","sticky":false,"template":"","format":"standard","meta":{"_acf_changed":false,"_yoast_wpseo_focuskw":"Dentsu Central Europe Cluster","_yoast_wpseo_metadesc":"Dentsu formt Central Europe Cluster unter neuer Leitung f\u00fcr bessere strategische Positionierung und integrierte Kundenl\u00f6sungen.","articlekey":"","footnotes":""},"categories":[29],"tags":[4345,3537,4351],"class_list":["post-34419","post","type-post","status-publish","format-standard","hentry","category-marketing","tag-business","tag-dentsu","tag-dexat"],"acf":[],"yoast_head":"<!-- This site is optimized with the Yoast SEO plugin v27.5 - https:\/\/yoast.com\/product\/yoast-seo-wordpress\/ -->\n<title>Dentsu: DACH und CEE-Markt werden zu Central Europe Cluster - Organisator<\/title>\n<meta name=\"description\" content=\"Dentsu formt Central Europe Cluster unter neuer Leitung f\u00fcr bessere strategische Positionierung und integrierte Kundenl\u00f6sungen.\" \/>\n<meta name=\"robots\" content=\"index, follow, max-snippet:-1, max-image-preview:large, max-video-preview:-1\" \/>\n<link rel=\"canonical\" href=\"https:\/\/www.organisator.ch\/it\/marketing\/2024-12-04\/dentsu-dach-und-cee-markt-werden-zu-central-europe-cluster\/\" \/>\n<meta property=\"og:locale\" content=\"it_IT\" \/>\n<meta property=\"og:type\" content=\"article\" \/>\n<meta property=\"og:title\" content=\"Dentsu: DACH und CEE-Markt werden zu Central Europe Cluster - Organisator\" \/>\n<meta property=\"og:description\" content=\"Dentsu formt Central Europe Cluster unter neuer Leitung f\u00fcr bessere strategische Positionierung und integrierte Kundenl\u00f6sungen.\" \/>\n<meta property=\"og:url\" content=\"https:\/\/www.organisator.ch\/it\/marketing\/2024-12-04\/dentsu-dach-und-cee-markt-werden-zu-central-europe-cluster\/\" \/>\n<meta property=\"og:site_name\" content=\"Organisator\" \/>\n<meta property=\"article:publisher\" content=\"https:\/\/www.facebook.com\/OrganisatorFachmagazin\" \/>\n<meta property=\"article:published_time\" content=\"2024-12-04T12:25:43+00:00\" \/>\n<meta property=\"article:modified_time\" content=\"2024-12-05T10:35:34+00:00\" \/>\n<meta name=\"author\" content=\"galledia\" \/>\n<meta name=\"twitter:card\" content=\"summary_large_image\" \/>\n<meta name=\"twitter:creator\" content=\"@admin\" \/>\n<script type=\"application\/ld+json\" class=\"yoast-schema-graph\">{\"@context\":\"https:\\\/\\\/schema.org\",\"@graph\":[{\"@type\":\"Article\",\"@id\":\"https:\\\/\\\/www.organisator.ch\\\/marketing\\\/2024-12-04\\\/dentsu-dach-und-cee-markt-werden-zu-central-europe-cluster\\\/#article\",\"isPartOf\":{\"@id\":\"https:\\\/\\\/www.organisator.ch\\\/marketing\\\/2024-12-04\\\/dentsu-dach-und-cee-markt-werden-zu-central-europe-cluster\\\/\"},\"author\":{\"name\":\"galledia\",\"@id\":\"https:\\\/\\\/www.organisator.ch\\\/#\\\/schema\\\/person\\\/4e51799071cd2dd1232ac003643ef5f0\"},\"headline\":\"Dentsu: DACH und CEE-Markt werden zu Central Europe Cluster\",\"datePublished\":\"2024-12-04T12:25:43+00:00\",\"dateModified\":\"2024-12-05T10:35:34+00:00\",\"mainEntityOfPage\":{\"@id\":\"https:\\\/\\\/www.organisator.ch\\\/marketing\\\/2024-12-04\\\/dentsu-dach-und-cee-markt-werden-zu-central-europe-cluster\\\/\"},\"wordCount\":201,\"publisher\":{\"@id\":\"https:\\\/\\\/www.organisator.ch\\\/#organization\"},\"image\":{\"@id\":\"https:\\\/\\\/www.organisator.ch\\\/marketing\\\/2024-12-04\\\/dentsu-dach-und-cee-markt-werden-zu-central-europe-cluster\\\/#primaryimage\"},\"thumbnailUrl\":\"https:\\\/\\\/www.markt-kom.com\\\/wp-content\\\/uploads\\\/2024\\\/12\\\/dentsu.jpg\",\"keywords\":[\"Business\",\"Dentsu\",\"DExAT\"],\"articleSection\":[\"MARKETING\"],\"inLanguage\":\"it-IT\"},{\"@type\":\"WebPage\",\"@id\":\"https:\\\/\\\/www.organisator.ch\\\/marketing\\\/2024-12-04\\\/dentsu-dach-und-cee-markt-werden-zu-central-europe-cluster\\\/\",\"url\":\"https:\\\/\\\/www.organisator.ch\\\/marketing\\\/2024-12-04\\\/dentsu-dach-und-cee-markt-werden-zu-central-europe-cluster\\\/\",\"name\":\"Dentsu: DACH und CEE-Markt werden zu Central Europe Cluster - Organisator\",\"isPartOf\":{\"@id\":\"https:\\\/\\\/www.organisator.ch\\\/#website\"},\"primaryImageOfPage\":{\"@id\":\"https:\\\/\\\/www.organisator.ch\\\/marketing\\\/2024-12-04\\\/dentsu-dach-und-cee-markt-werden-zu-central-europe-cluster\\\/#primaryimage\"},\"image\":{\"@id\":\"https:\\\/\\\/www.organisator.ch\\\/marketing\\\/2024-12-04\\\/dentsu-dach-und-cee-markt-werden-zu-central-europe-cluster\\\/#primaryimage\"},\"thumbnailUrl\":\"https:\\\/\\\/www.markt-kom.com\\\/wp-content\\\/uploads\\\/2024\\\/12\\\/dentsu.jpg\",\"datePublished\":\"2024-12-04T12:25:43+00:00\",\"dateModified\":\"2024-12-05T10:35:34+00:00\",\"description\":\"Dentsu formt Central Europe Cluster unter neuer Leitung f\u00fcr bessere strategische Positionierung und integrierte Kundenl\u00f6sungen.\",\"breadcrumb\":{\"@id\":\"https:\\\/\\\/www.organisator.ch\\\/marketing\\\/2024-12-04\\\/dentsu-dach-und-cee-markt-werden-zu-central-europe-cluster\\\/#breadcrumb\"},\"inLanguage\":\"it-IT\",\"potentialAction\":[{\"@type\":\"ReadAction\",\"target\":[\"https:\\\/\\\/www.organisator.ch\\\/marketing\\\/2024-12-04\\\/dentsu-dach-und-cee-markt-werden-zu-central-europe-cluster\\\/\"]}]},{\"@type\":\"ImageObject\",\"inLanguage\":\"it-IT\",\"@id\":\"https:\\\/\\\/www.organisator.ch\\\/marketing\\\/2024-12-04\\\/dentsu-dach-und-cee-markt-werden-zu-central-europe-cluster\\\/#primaryimage\",\"url\":\"https:\\\/\\\/www.markt-kom.com\\\/wp-content\\\/uploads\\\/2024\\\/12\\\/dentsu.jpg\",\"contentUrl\":\"https:\\\/\\\/www.markt-kom.com\\\/wp-content\\\/uploads\\\/2024\\\/12\\\/dentsu.jpg\"},{\"@type\":\"BreadcrumbList\",\"@id\":\"https:\\\/\\\/www.organisator.ch\\\/marketing\\\/2024-12-04\\\/dentsu-dach-und-cee-markt-werden-zu-central-europe-cluster\\\/#breadcrumb\",\"itemListElement\":[{\"@type\":\"ListItem\",\"position\":1,\"name\":\"Home\",\"item\":\"https:\\\/\\\/www.organisator.ch\\\/\"},{\"@type\":\"ListItem\",\"position\":2,\"name\":\"Dentsu: DACH und CEE-Markt werden zu Central Europe Cluster\"}]},{\"@type\":\"WebSite\",\"@id\":\"https:\\\/\\\/www.organisator.ch\\\/#website\",\"url\":\"https:\\\/\\\/www.organisator.ch\\\/\",\"name\":\"Organisator\",\"description\":\"Kompetent. Praxisnah. Der ORGANISATOR bereitet in 10 Ausgaben pro Jahr die wesentlichen Themen f\u00fcr F\u00fchrungskr\u00e4fte von KMU auf.\",\"publisher\":{\"@id\":\"https:\\\/\\\/www.organisator.ch\\\/#organization\"},\"potentialAction\":[{\"@type\":\"SearchAction\",\"target\":{\"@type\":\"EntryPoint\",\"urlTemplate\":\"https:\\\/\\\/www.organisator.ch\\\/?s={search_term_string}\"},\"query-input\":{\"@type\":\"PropertyValueSpecification\",\"valueRequired\":true,\"valueName\":\"search_term_string\"}}],\"inLanguage\":\"it-IT\"},{\"@type\":\"Organization\",\"@id\":\"https:\\\/\\\/www.organisator.ch\\\/#organization\",\"name\":\"Organisator\",\"url\":\"https:\\\/\\\/www.organisator.ch\\\/\",\"logo\":{\"@type\":\"ImageObject\",\"inLanguage\":\"it-IT\",\"@id\":\"https:\\\/\\\/www.organisator.ch\\\/#\\\/schema\\\/logo\\\/image\\\/\",\"url\":\"https:\\\/\\\/www.organisator.ch\\\/wp-content\\\/uploads\\\/2022\\\/01\\\/Logo_Organisator_Website.png\",\"contentUrl\":\"https:\\\/\\\/www.organisator.ch\\\/wp-content\\\/uploads\\\/2022\\\/01\\\/Logo_Organisator_Website.png\",\"width\":800,\"height\":77,\"caption\":\"Organisator\"},\"image\":{\"@id\":\"https:\\\/\\\/www.organisator.ch\\\/#\\\/schema\\\/logo\\\/image\\\/\"},\"sameAs\":[\"https:\\\/\\\/www.facebook.com\\\/OrganisatorFachmagazin\",\"https:\\\/\\\/www.linkedin.com\\\/showcase\\\/organisator-das-magazin-fr-kmu\",\"https:\\\/\\\/www.xing.com\\\/news\\\/pages\\\/organisator-ch-695\",\"https:\\\/\\\/www.youtube.com\\\/channel\\\/UCGP2Sq0iWaZwT3BdIAQFYpw\"]},{\"@type\":\"Person\",\"@id\":\"https:\\\/\\\/www.organisator.ch\\\/#\\\/schema\\\/person\\\/4e51799071cd2dd1232ac003643ef5f0\",\"name\":\"galledia\",\"image\":{\"@type\":\"ImageObject\",\"inLanguage\":\"it-IT\",\"@id\":\"https:\\\/\\\/secure.gravatar.com\\\/avatar\\\/78a7f90c01fc2bfc875782a0d4922b37cde2cf184ce347b91316d23cd7f69a36?s=96&d=mm&r=g\",\"url\":\"https:\\\/\\\/secure.gravatar.com\\\/avatar\\\/78a7f90c01fc2bfc875782a0d4922b37cde2cf184ce347b91316d23cd7f69a36?s=96&d=mm&r=g\",\"contentUrl\":\"https:\\\/\\\/secure.gravatar.com\\\/avatar\\\/78a7f90c01fc2bfc875782a0d4922b37cde2cf184ce347b91316d23cd7f69a36?s=96&d=mm&r=g\",\"caption\":\"galledia\"},\"sameAs\":[\"https:\\\/\\\/x.com\\\/admin\"],\"url\":\"https:\\\/\\\/www.organisator.ch\\\/it\\\/author\\\/galledia\\\/\"}]}<\/script>\n<!-- \/ Yoast SEO plugin. -->","yoast_head_json":{"title":"Dentsu: il mercato DACH e CEE diventa Cluster Europa Centrale - Organizzatore","description":"Dentsu forma il Cluster Central Europe con una nuova leadership per un migliore posizionamento strategico e soluzioni integrate per i clienti.","robots":{"index":"index","follow":"follow","max-snippet":"max-snippet:-1","max-image-preview":"max-image-preview:large","max-video-preview":"max-video-preview:-1"},"canonical":"https:\/\/www.organisator.ch\/it\/marketing\/2024-12-04\/dentsu-dach-und-cee-markt-werden-zu-central-europe-cluster\/","og_locale":"it_IT","og_type":"article","og_title":"Dentsu: DACH und CEE-Markt werden zu Central Europe Cluster - Organisator","og_description":"Dentsu formt Central Europe Cluster unter neuer Leitung f\u00fcr bessere strategische Positionierung und integrierte Kundenl\u00f6sungen.","og_url":"https:\/\/www.organisator.ch\/it\/marketing\/2024-12-04\/dentsu-dach-und-cee-markt-werden-zu-central-europe-cluster\/","og_site_name":"Organisator","article_publisher":"https:\/\/www.facebook.com\/OrganisatorFachmagazin","article_published_time":"2024-12-04T12:25:43+00:00","article_modified_time":"2024-12-05T10:35:34+00:00","author":"galledia","twitter_card":"summary_large_image","twitter_creator":"@admin","schema":{"@context":"https:\/\/schema.org","@graph":[{"@type":"Article","@id":"https:\/\/www.organisator.ch\/marketing\/2024-12-04\/dentsu-dach-und-cee-markt-werden-zu-central-europe-cluster\/#article","isPartOf":{"@id":"https:\/\/www.organisator.ch\/marketing\/2024-12-04\/dentsu-dach-und-cee-markt-werden-zu-central-europe-cluster\/"},"author":{"name":"galledia","@id":"https:\/\/www.organisator.ch\/#\/schema\/person\/4e51799071cd2dd1232ac003643ef5f0"},"headline":"Dentsu: DACH und CEE-Markt werden zu Central Europe Cluster","datePublished":"2024-12-04T12:25:43+00:00","dateModified":"2024-12-05T10:35:34+00:00","mainEntityOfPage":{"@id":"https:\/\/www.organisator.ch\/marketing\/2024-12-04\/dentsu-dach-und-cee-markt-werden-zu-central-europe-cluster\/"},"wordCount":201,"publisher":{"@id":"https:\/\/www.organisator.ch\/#organization"},"image":{"@id":"https:\/\/www.organisator.ch\/marketing\/2024-12-04\/dentsu-dach-und-cee-markt-werden-zu-central-europe-cluster\/#primaryimage"},"thumbnailUrl":"https:\/\/www.markt-kom.com\/wp-content\/uploads\/2024\/12\/dentsu.jpg","keywords":["Business","Dentsu","DExAT"],"articleSection":["MARKETING"],"inLanguage":"it-IT"},{"@type":"WebPage","@id":"https:\/\/www.organisator.ch\/marketing\/2024-12-04\/dentsu-dach-und-cee-markt-werden-zu-central-europe-cluster\/","url":"https:\/\/www.organisator.ch\/marketing\/2024-12-04\/dentsu-dach-und-cee-markt-werden-zu-central-europe-cluster\/","name":"Dentsu: il mercato DACH e CEE diventa Cluster Europa Centrale - Organizzatore","isPartOf":{"@id":"https:\/\/www.organisator.ch\/#website"},"primaryImageOfPage":{"@id":"https:\/\/www.organisator.ch\/marketing\/2024-12-04\/dentsu-dach-und-cee-markt-werden-zu-central-europe-cluster\/#primaryimage"},"image":{"@id":"https:\/\/www.organisator.ch\/marketing\/2024-12-04\/dentsu-dach-und-cee-markt-werden-zu-central-europe-cluster\/#primaryimage"},"thumbnailUrl":"https:\/\/www.markt-kom.com\/wp-content\/uploads\/2024\/12\/dentsu.jpg","datePublished":"2024-12-04T12:25:43+00:00","dateModified":"2024-12-05T10:35:34+00:00","description":"Dentsu forma il Cluster Central Europe con una nuova leadership per un migliore posizionamento strategico e soluzioni integrate per i clienti.","breadcrumb":{"@id":"https:\/\/www.organisator.ch\/marketing\/2024-12-04\/dentsu-dach-und-cee-markt-werden-zu-central-europe-cluster\/#breadcrumb"},"inLanguage":"it-IT","potentialAction":[{"@type":"ReadAction","target":["https:\/\/www.organisator.ch\/marketing\/2024-12-04\/dentsu-dach-und-cee-markt-werden-zu-central-europe-cluster\/"]}]},{"@type":"ImageObject","inLanguage":"it-IT","@id":"https:\/\/www.organisator.ch\/marketing\/2024-12-04\/dentsu-dach-und-cee-markt-werden-zu-central-europe-cluster\/#primaryimage","url":"https:\/\/www.markt-kom.com\/wp-content\/uploads\/2024\/12\/dentsu.jpg","contentUrl":"https:\/\/www.markt-kom.com\/wp-content\/uploads\/2024\/12\/dentsu.jpg"},{"@type":"BreadcrumbList","@id":"https:\/\/www.organisator.ch\/marketing\/2024-12-04\/dentsu-dach-und-cee-markt-werden-zu-central-europe-cluster\/#breadcrumb","itemListElement":[{"@type":"ListItem","position":1,"name":"Home","item":"https:\/\/www.organisator.ch\/"},{"@type":"ListItem","position":2,"name":"Dentsu: DACH und CEE-Markt werden zu Central Europe Cluster"}]},{"@type":"WebSite","@id":"https:\/\/www.organisator.ch\/#website","url":"https:\/\/www.organisator.ch\/","name":"Organizzatore","description":"Competente. Pratico. In 10 numeri all'anno, ORGANISATOR presenta i temi essenziali per i manager delle PMI.","publisher":{"@id":"https:\/\/www.organisator.ch\/#organization"},"potentialAction":[{"@type":"SearchAction","target":{"@type":"EntryPoint","urlTemplate":"https:\/\/www.organisator.ch\/?s={search_term_string}"},"query-input":{"@type":"PropertyValueSpecification","valueRequired":true,"valueName":"search_term_string"}}],"inLanguage":"it-IT"},{"@type":"Organization","@id":"https:\/\/www.organisator.ch\/#organization","name":"Organizzatore","url":"https:\/\/www.organisator.ch\/","logo":{"@type":"ImageObject","inLanguage":"it-IT","@id":"https:\/\/www.organisator.ch\/#\/schema\/logo\/image\/","url":"https:\/\/www.organisator.ch\/wp-content\/uploads\/2022\/01\/Logo_Organisator_Website.png","contentUrl":"https:\/\/www.organisator.ch\/wp-content\/uploads\/2022\/01\/Logo_Organisator_Website.png","width":800,"height":77,"caption":"Organisator"},"image":{"@id":"https:\/\/www.organisator.ch\/#\/schema\/logo\/image\/"},"sameAs":["https:\/\/www.facebook.com\/OrganisatorFachmagazin","https:\/\/www.linkedin.com\/showcase\/organisator-das-magazin-fr-kmu","https:\/\/www.xing.com\/news\/pages\/organisator-ch-695","https:\/\/www.youtube.com\/channel\/UCGP2Sq0iWaZwT3BdIAQFYpw"]},{"@type":"Person","@id":"https:\/\/www.organisator.ch\/#\/schema\/person\/4e51799071cd2dd1232ac003643ef5f0","name":"galledia","image":{"@type":"ImageObject","inLanguage":"it-IT","@id":"https:\/\/secure.gravatar.com\/avatar\/78a7f90c01fc2bfc875782a0d4922b37cde2cf184ce347b91316d23cd7f69a36?s=96&d=mm&r=g","url":"https:\/\/secure.gravatar.com\/avatar\/78a7f90c01fc2bfc875782a0d4922b37cde2cf184ce347b91316d23cd7f69a36?s=96&d=mm&r=g","contentUrl":"https:\/\/secure.gravatar.com\/avatar\/78a7f90c01fc2bfc875782a0d4922b37cde2cf184ce347b91316d23cd7f69a36?s=96&d=mm&r=g","caption":"galledia"},"sameAs":["https:\/\/x.com\/admin"],"url":"https:\/\/www.organisator.ch\/it\/author\/galledia\/"}]}},"_links":{"self":[{"href":"https:\/\/www.organisator.ch\/it\/wp-json\/wp\/v2\/posts\/34419","targetHints":{"allow":["GET"]}}],"collection":[{"href":"https:\/\/www.organisator.ch\/it\/wp-json\/wp\/v2\/posts"}],"about":[{"href":"https:\/\/www.organisator.ch\/it\/wp-json\/wp\/v2\/types\/post"}],"author":[{"embeddable":true,"href":"https:\/\/www.organisator.ch\/it\/wp-json\/wp\/v2\/users\/8"}],"replies":[{"embeddable":true,"href":"https:\/\/www.organisator.ch\/it\/wp-json\/wp\/v2\/comments?post=34419"}],"version-history":[{"count":5,"href":"https:\/\/www.organisator.ch\/it\/wp-json\/wp\/v2\/posts\/34419\/revisions"}],"predecessor-version":[{"id":34445,"href":"https:\/\/www.organisator.ch\/it\/wp-json\/wp\/v2\/posts\/34419\/revisions\/34445"}],"wp:attachment":[{"href":"https:\/\/www.organisator.ch\/it\/wp-json\/wp\/v2\/media?parent=34419"}],"wp:term":[{"taxonomy":"category","embeddable":true,"href":"https:\/\/www.organisator.ch\/it\/wp-json\/wp\/v2\/categories?post=34419"},{"taxonomy":"post_tag","embeddable":true,"href":"https:\/\/www.organisator.ch\/it\/wp-json\/wp\/v2\/tags?post=34419"}],"curies":[{"name":"wp","href":"https:\/\/api.w.org\/{rel}","templated":true}]}}