{"id":34447,"date":"2024-12-05T14:30:35","date_gmt":"2024-12-05T13:30:35","guid":{"rendered":"https:\/\/www.organisator.ch\/?p=34447"},"modified":"2024-12-05T14:01:59","modified_gmt":"2024-12-05T13:01:59","slug":"jeannette-matti-wird-chief-people-culture-officer-bei-brack-alltron","status":"publish","type":"post","link":"https:\/\/www.organisator.ch\/it\/management\/2024-12-05\/jeannette-matti-wird-chief-people-culture-officer-bei-brack-alltron\/","title":{"rendered":"Jeannette Matti diventa Chief People &amp; Culture Officer di Brack Alltron"},"content":{"rendered":"<figure id=\"attachment_34448\" aria-describedby=\"caption-attachment-34448\" style=\"width: 680px\" class=\"wp-caption alignnone\"><img loading=\"lazy\" decoding=\"async\" class=\"size-full wp-image-34448\" src=\"https:\/\/www.organisator.ch\/wp-content\/uploads\/2024\/12\/Brack-Alltron_Bild1_ps.jpg\" alt=\"\" width=\"680\" height=\"457\" srcset=\"https:\/\/www.organisator.ch\/wp-content\/uploads\/2024\/12\/Brack-Alltron_Bild1_ps.jpg 680w, https:\/\/www.organisator.ch\/wp-content\/uploads\/2024\/12\/Brack-Alltron_Bild1_ps-18x12.jpg 18w, https:\/\/www.organisator.ch\/wp-content\/uploads\/2024\/12\/Brack-Alltron_Bild1_ps-375x252.jpg 375w, https:\/\/www.organisator.ch\/wp-content\/uploads\/2024\/12\/Brack-Alltron_Bild1_ps-521x350.jpg 521w\" sizes=\"auto, (max-width: 680px) 100vw, 680px\" \/><figcaption id=\"caption-attachment-34448\" class=\"wp-caption-text\">Jeanette Matti diventer\u00e0 Chief People &amp; Culture Officer e membro del Comitato esecutivo di Brack Alltron dal 2025. (Immagine: www.competec.ch)<\/figcaption><\/figure>\n<p>Secondo Fraude, la ricerca e la promozione di talenti e la creazione di una cultura aziendale che favorisca e valorizzi le prestazioni eccezionali ancora pi\u00f9 di prima sono fattori chiave dell'attuale riallineamento strategico, per continuare a svolgere un ruolo decisivo nel plasmare il panorama del retail svizzero in futuro. \"Sono lieto che Jeannette Matti si unisca al nostro team di gestione e che porti Brack Alltron a un livello superiore come datore di lavoro\", afferma Stefan Fraude, CEO di Brack Alltron.<\/p>\n<p>Matti ha oltre 15 anni di esperienza in posizioni senior nel settore delle risorse umane. Negli ultimi cinque anni ha ricoperto il ruolo di responsabile delle risorse umane presso il grossista di catering Saviva. L'esperta di risorse umane si \u00e8 specializzata nello sviluppo organizzativo e manageriale nel moderno \"Mondo del lavoro 4.0\" in diversi corsi post-laurea e interviene in eventi pubblici sui temi della leadership, del nuovo lavoro e della trasformazione digitale.<\/p>\n<p>Jeannette Matti ha 39 anni e vive con la sua famiglia nel cantone di Zurigo. Matti succede a Manuela Wendland, che a settembre ha annunciato di voler cambiare datore di lavoro. Wendland era responsabile delle risorse umane dell'azienda dal febbraio 2023. L'amministratore delegato Stefan Fraude desidera ringraziarla di cuore per il suo significativo contributo a rendere Brack Alltron un datore di lavoro attraente e per il suo intenso sostegno, soprattutto durante il processo di trasformazione che Brack Alltron sta attualmente attraversando. Wendland lascer\u00e0 l'azienda alla fine di gennaio.<\/p>\n<p><em>Fonte: <a href=\"http:\/\/www.competec.ch\">www.competec.ch<\/a><\/em><\/p>","protected":false},"excerpt":{"rendered":"<p>L'azienda di vendita al dettaglio Brack Alltron ha nominato Jeannette Matti Chief People &amp; Culture Officer e membro del Comitato esecutivo. Nel suo ruolo, riporter\u00e0 direttamente all'amministratore delegato Stefan Fraude e guider\u00e0 il team delle risorse umane composto da oltre 20 dipendenti. <\/p>","protected":false},"author":80,"featured_media":34448,"comment_status":"closed","ping_status":"closed","sticky":false,"template":"","format":"standard","meta":{"_acf_changed":false,"_yoast_wpseo_focuskw":"Jeannette Matti","_yoast_wpseo_metadesc":"Das Handelsunternehmen Brack Alltron ernennt Jeannette Matti zur Chief People & Culture Officer und zum Mitglied der Gesch\u00e4ftsleitung.","articlekey":"","footnotes":""},"categories":[28],"tags":[4144,253,424,475,2343],"class_list":["post-34447","post","type-post","status-publish","format-standard","has-post-thumbnail","hentry","category-management","tag-geschaeftsleitungsmitglied","tag-hr","tag-schweiz","tag-technologie","tag-uebernahme"],"acf":[],"yoast_head":"<!-- This site is optimized with the Yoast SEO plugin v27.4 - https:\/\/yoast.com\/product\/yoast-seo-wordpress\/ -->\n<title>Jeannette Matti wird Chief People &amp; Culture Officer bei Brack Alltron - Organisator<\/title>\n<meta name=\"description\" content=\"Das Handelsunternehmen Brack Alltron ernennt Jeannette Matti zur Chief People &amp; Culture Officer und zum Mitglied der Gesch\u00e4ftsleitung.\" \/>\n<meta name=\"robots\" content=\"index, follow, max-snippet:-1, max-image-preview:large, max-video-preview:-1\" \/>\n<link rel=\"canonical\" href=\"https:\/\/www.organisator.ch\/it\/gestione-2\/2024-12-05\/jeannette-matti-wird-chief-people-culture-officer-bei-brack-alltron\/\" \/>\n<meta property=\"og:locale\" content=\"it_IT\" \/>\n<meta property=\"og:type\" content=\"article\" \/>\n<meta property=\"og:title\" content=\"Jeannette Matti wird Chief People &amp; Culture Officer bei Brack Alltron\" \/>\n<meta property=\"og:description\" content=\"Das Handelsunternehmen Brack Alltron ernennt Jeannette Matti zur Chief People &amp; Culture Officer und zum Mitglied der Gesch\u00e4ftsleitung.\" \/>\n<meta property=\"og:url\" content=\"https:\/\/www.organisator.ch\/it\/gestione-2\/2024-12-05\/jeannette-matti-wird-chief-people-culture-officer-bei-brack-alltron\/\" \/>\n<meta property=\"og:site_name\" content=\"Organisator\" \/>\n<meta property=\"article:publisher\" content=\"https:\/\/www.facebook.com\/OrganisatorFachmagazin\" \/>\n<meta property=\"article:published_time\" content=\"2024-12-05T13:30:35+00:00\" \/>\n<meta property=\"og:image\" content=\"https:\/\/www.organisator.ch\/wp-content\/uploads\/2024\/12\/Brack-Alltron_Bild1_ps.jpg\" \/>\n\t<meta property=\"og:image:width\" content=\"680\" \/>\n\t<meta property=\"og:image:height\" content=\"457\" \/>\n\t<meta property=\"og:image:type\" content=\"image\/jpeg\" \/>\n<meta name=\"author\" content=\"Dzana Muminovic\" \/>\n<meta name=\"twitter:card\" content=\"summary_large_image\" \/>\n<meta name=\"twitter:title\" content=\"Jeannette Matti wird Chief People &amp; Culture Officer bei Brack Alltron\" \/>\n<meta name=\"twitter:description\" content=\"Das #Handelsunternehmen #Brack #Alltron ernennt J#eannette #Matti zur #Chief #People &amp; #Culture #Officer und zum Mitglied der #Gesch\u00e4ftsleitung.\" \/>\n<meta name=\"twitter:image\" content=\"https:\/\/www.organisator.ch\/wp-content\/uploads\/2024\/12\/Brack-Alltron_Bild1_ps.jpg\" \/>\n<script type=\"application\/ld+json\" class=\"yoast-schema-graph\">{\"@context\":\"https:\\\/\\\/schema.org\",\"@graph\":[{\"@type\":\"Article\",\"@id\":\"https:\\\/\\\/www.organisator.ch\\\/management\\\/2024-12-05\\\/jeannette-matti-wird-chief-people-culture-officer-bei-brack-alltron\\\/#article\",\"isPartOf\":{\"@id\":\"https:\\\/\\\/www.organisator.ch\\\/management\\\/2024-12-05\\\/jeannette-matti-wird-chief-people-culture-officer-bei-brack-alltron\\\/\"},\"author\":{\"name\":\"Dzana Muminovic\",\"@id\":\"https:\\\/\\\/www.organisator.ch\\\/#\\\/schema\\\/person\\\/afccda3a71c06d4be2ed9100dd163db7\"},\"headline\":\"Jeannette Matti wird Chief People &#038; Culture Officer bei Brack Alltron\",\"datePublished\":\"2024-12-05T13:30:35+00:00\",\"mainEntityOfPage\":{\"@id\":\"https:\\\/\\\/www.organisator.ch\\\/management\\\/2024-12-05\\\/jeannette-matti-wird-chief-people-culture-officer-bei-brack-alltron\\\/\"},\"wordCount\":260,\"publisher\":{\"@id\":\"https:\\\/\\\/www.organisator.ch\\\/#organization\"},\"image\":{\"@id\":\"https:\\\/\\\/www.organisator.ch\\\/management\\\/2024-12-05\\\/jeannette-matti-wird-chief-people-culture-officer-bei-brack-alltron\\\/#primaryimage\"},\"thumbnailUrl\":\"https:\\\/\\\/www.organisator.ch\\\/wp-content\\\/uploads\\\/2024\\\/12\\\/Brack-Alltron_Bild1_ps.jpg\",\"keywords\":[\"Gesch\u00e4ftsleitungsmitglied\",\"HR\",\"Schweiz\",\"Technologie\",\"\u00dcbernahme\"],\"articleSection\":[\"MANAGEMENT\"],\"inLanguage\":\"it-IT\"},{\"@type\":\"WebPage\",\"@id\":\"https:\\\/\\\/www.organisator.ch\\\/management\\\/2024-12-05\\\/jeannette-matti-wird-chief-people-culture-officer-bei-brack-alltron\\\/\",\"url\":\"https:\\\/\\\/www.organisator.ch\\\/management\\\/2024-12-05\\\/jeannette-matti-wird-chief-people-culture-officer-bei-brack-alltron\\\/\",\"name\":\"Jeannette Matti wird Chief People & Culture Officer bei Brack Alltron - Organisator\",\"isPartOf\":{\"@id\":\"https:\\\/\\\/www.organisator.ch\\\/#website\"},\"primaryImageOfPage\":{\"@id\":\"https:\\\/\\\/www.organisator.ch\\\/management\\\/2024-12-05\\\/jeannette-matti-wird-chief-people-culture-officer-bei-brack-alltron\\\/#primaryimage\"},\"image\":{\"@id\":\"https:\\\/\\\/www.organisator.ch\\\/management\\\/2024-12-05\\\/jeannette-matti-wird-chief-people-culture-officer-bei-brack-alltron\\\/#primaryimage\"},\"thumbnailUrl\":\"https:\\\/\\\/www.organisator.ch\\\/wp-content\\\/uploads\\\/2024\\\/12\\\/Brack-Alltron_Bild1_ps.jpg\",\"datePublished\":\"2024-12-05T13:30:35+00:00\",\"description\":\"Das Handelsunternehmen Brack Alltron ernennt Jeannette Matti zur Chief People & Culture Officer und zum Mitglied der Gesch\u00e4ftsleitung.\",\"breadcrumb\":{\"@id\":\"https:\\\/\\\/www.organisator.ch\\\/management\\\/2024-12-05\\\/jeannette-matti-wird-chief-people-culture-officer-bei-brack-alltron\\\/#breadcrumb\"},\"inLanguage\":\"it-IT\",\"potentialAction\":[{\"@type\":\"ReadAction\",\"target\":[\"https:\\\/\\\/www.organisator.ch\\\/management\\\/2024-12-05\\\/jeannette-matti-wird-chief-people-culture-officer-bei-brack-alltron\\\/\"]}]},{\"@type\":\"ImageObject\",\"inLanguage\":\"it-IT\",\"@id\":\"https:\\\/\\\/www.organisator.ch\\\/management\\\/2024-12-05\\\/jeannette-matti-wird-chief-people-culture-officer-bei-brack-alltron\\\/#primaryimage\",\"url\":\"https:\\\/\\\/www.organisator.ch\\\/wp-content\\\/uploads\\\/2024\\\/12\\\/Brack-Alltron_Bild1_ps.jpg\",\"contentUrl\":\"https:\\\/\\\/www.organisator.ch\\\/wp-content\\\/uploads\\\/2024\\\/12\\\/Brack-Alltron_Bild1_ps.jpg\",\"width\":680,\"height\":457,\"caption\":\"Jeanette Matti wird ab 2025 Chief People & Culture Officer und Mitglied der Gesch\u00e4ftsleitung von Brack Alltron. (Bild: www.competec.ch)\"},{\"@type\":\"BreadcrumbList\",\"@id\":\"https:\\\/\\\/www.organisator.ch\\\/management\\\/2024-12-05\\\/jeannette-matti-wird-chief-people-culture-officer-bei-brack-alltron\\\/#breadcrumb\",\"itemListElement\":[{\"@type\":\"ListItem\",\"position\":1,\"name\":\"Home\",\"item\":\"https:\\\/\\\/www.organisator.ch\\\/\"},{\"@type\":\"ListItem\",\"position\":2,\"name\":\"Jeannette Matti wird Chief People &#038; Culture Officer bei Brack Alltron\"}]},{\"@type\":\"WebSite\",\"@id\":\"https:\\\/\\\/www.organisator.ch\\\/#website\",\"url\":\"https:\\\/\\\/www.organisator.ch\\\/\",\"name\":\"Organisator\",\"description\":\"Kompetent. Praxisnah. Der ORGANISATOR bereitet in 10 Ausgaben pro Jahr die wesentlichen Themen f\u00fcr F\u00fchrungskr\u00e4fte von KMU auf.\",\"publisher\":{\"@id\":\"https:\\\/\\\/www.organisator.ch\\\/#organization\"},\"potentialAction\":[{\"@type\":\"SearchAction\",\"target\":{\"@type\":\"EntryPoint\",\"urlTemplate\":\"https:\\\/\\\/www.organisator.ch\\\/?s={search_term_string}\"},\"query-input\":{\"@type\":\"PropertyValueSpecification\",\"valueRequired\":true,\"valueName\":\"search_term_string\"}}],\"inLanguage\":\"it-IT\"},{\"@type\":\"Organization\",\"@id\":\"https:\\\/\\\/www.organisator.ch\\\/#organization\",\"name\":\"Organisator\",\"url\":\"https:\\\/\\\/www.organisator.ch\\\/\",\"logo\":{\"@type\":\"ImageObject\",\"inLanguage\":\"it-IT\",\"@id\":\"https:\\\/\\\/www.organisator.ch\\\/#\\\/schema\\\/logo\\\/image\\\/\",\"url\":\"https:\\\/\\\/www.organisator.ch\\\/wp-content\\\/uploads\\\/2022\\\/01\\\/Logo_Organisator_Website.png\",\"contentUrl\":\"https:\\\/\\\/www.organisator.ch\\\/wp-content\\\/uploads\\\/2022\\\/01\\\/Logo_Organisator_Website.png\",\"width\":800,\"height\":77,\"caption\":\"Organisator\"},\"image\":{\"@id\":\"https:\\\/\\\/www.organisator.ch\\\/#\\\/schema\\\/logo\\\/image\\\/\"},\"sameAs\":[\"https:\\\/\\\/www.facebook.com\\\/OrganisatorFachmagazin\",\"https:\\\/\\\/www.linkedin.com\\\/showcase\\\/organisator-das-magazin-fr-kmu\",\"https:\\\/\\\/www.xing.com\\\/news\\\/pages\\\/organisator-ch-695\",\"https:\\\/\\\/www.youtube.com\\\/channel\\\/UCGP2Sq0iWaZwT3BdIAQFYpw\"]},{\"@type\":\"Person\",\"@id\":\"https:\\\/\\\/www.organisator.ch\\\/#\\\/schema\\\/person\\\/afccda3a71c06d4be2ed9100dd163db7\",\"name\":\"Dzana Muminovic\",\"image\":{\"@type\":\"ImageObject\",\"inLanguage\":\"it-IT\",\"@id\":\"https:\\\/\\\/secure.gravatar.com\\\/avatar\\\/909c5c71aff4b38e88686f2ab2f1ba152571f394f41ed8bae431ea56ced93050?s=96&d=mm&r=g\",\"url\":\"https:\\\/\\\/secure.gravatar.com\\\/avatar\\\/909c5c71aff4b38e88686f2ab2f1ba152571f394f41ed8bae431ea56ced93050?s=96&d=mm&r=g\",\"contentUrl\":\"https:\\\/\\\/secure.gravatar.com\\\/avatar\\\/909c5c71aff4b38e88686f2ab2f1ba152571f394f41ed8bae431ea56ced93050?s=96&d=mm&r=g\",\"caption\":\"Dzana Muminovic\"},\"url\":\"https:\\\/\\\/www.organisator.ch\\\/it\\\/author\\\/dzana-muminovic\\\/\"}]}<\/script>\n<!-- \/ Yoast SEO plugin. -->","yoast_head_json":{"title":"Jeannette Matti diventa Chief People &amp; Culture Officer di Brack Alltron - Organizzatore","description":"L'azienda di vendita al dettaglio Brack Alltron nomina Jeannette Matti Chief People &amp; Culture Officer e membro del Comitato esecutivo.","robots":{"index":"index","follow":"follow","max-snippet":"max-snippet:-1","max-image-preview":"max-image-preview:large","max-video-preview":"max-video-preview:-1"},"canonical":"https:\/\/www.organisator.ch\/it\/gestione-2\/2024-12-05\/jeannette-matti-wird-chief-people-culture-officer-bei-brack-alltron\/","og_locale":"it_IT","og_type":"article","og_title":"Jeannette Matti wird Chief People & Culture Officer bei Brack Alltron","og_description":"Das Handelsunternehmen Brack Alltron ernennt Jeannette Matti zur Chief People & Culture Officer und zum Mitglied der Gesch\u00e4ftsleitung.","og_url":"https:\/\/www.organisator.ch\/it\/gestione-2\/2024-12-05\/jeannette-matti-wird-chief-people-culture-officer-bei-brack-alltron\/","og_site_name":"Organisator","article_publisher":"https:\/\/www.facebook.com\/OrganisatorFachmagazin","article_published_time":"2024-12-05T13:30:35+00:00","og_image":[{"width":680,"height":457,"url":"https:\/\/www.organisator.ch\/wp-content\/uploads\/2024\/12\/Brack-Alltron_Bild1_ps.jpg","type":"image\/jpeg"}],"author":"Dzana Muminovic","twitter_card":"summary_large_image","twitter_title":"Jeannette Matti wird Chief People & Culture Officer bei Brack Alltron","twitter_description":"Das #Handelsunternehmen #Brack #Alltron ernennt J#eannette #Matti zur #Chief #People & #Culture #Officer und zum Mitglied der #Gesch\u00e4ftsleitung.","twitter_image":"https:\/\/www.organisator.ch\/wp-content\/uploads\/2024\/12\/Brack-Alltron_Bild1_ps.jpg","schema":{"@context":"https:\/\/schema.org","@graph":[{"@type":"Article","@id":"https:\/\/www.organisator.ch\/management\/2024-12-05\/jeannette-matti-wird-chief-people-culture-officer-bei-brack-alltron\/#article","isPartOf":{"@id":"https:\/\/www.organisator.ch\/management\/2024-12-05\/jeannette-matti-wird-chief-people-culture-officer-bei-brack-alltron\/"},"author":{"name":"Dzana Muminovic","@id":"https:\/\/www.organisator.ch\/#\/schema\/person\/afccda3a71c06d4be2ed9100dd163db7"},"headline":"Jeannette Matti wird Chief People &#038; Culture Officer bei Brack Alltron","datePublished":"2024-12-05T13:30:35+00:00","mainEntityOfPage":{"@id":"https:\/\/www.organisator.ch\/management\/2024-12-05\/jeannette-matti-wird-chief-people-culture-officer-bei-brack-alltron\/"},"wordCount":260,"publisher":{"@id":"https:\/\/www.organisator.ch\/#organization"},"image":{"@id":"https:\/\/www.organisator.ch\/management\/2024-12-05\/jeannette-matti-wird-chief-people-culture-officer-bei-brack-alltron\/#primaryimage"},"thumbnailUrl":"https:\/\/www.organisator.ch\/wp-content\/uploads\/2024\/12\/Brack-Alltron_Bild1_ps.jpg","keywords":["Gesch\u00e4ftsleitungsmitglied","HR","Schweiz","Technologie","\u00dcbernahme"],"articleSection":["MANAGEMENT"],"inLanguage":"it-IT"},{"@type":"WebPage","@id":"https:\/\/www.organisator.ch\/management\/2024-12-05\/jeannette-matti-wird-chief-people-culture-officer-bei-brack-alltron\/","url":"https:\/\/www.organisator.ch\/management\/2024-12-05\/jeannette-matti-wird-chief-people-culture-officer-bei-brack-alltron\/","name":"Jeannette Matti diventa Chief People &amp; Culture Officer di Brack Alltron - Organizzatore","isPartOf":{"@id":"https:\/\/www.organisator.ch\/#website"},"primaryImageOfPage":{"@id":"https:\/\/www.organisator.ch\/management\/2024-12-05\/jeannette-matti-wird-chief-people-culture-officer-bei-brack-alltron\/#primaryimage"},"image":{"@id":"https:\/\/www.organisator.ch\/management\/2024-12-05\/jeannette-matti-wird-chief-people-culture-officer-bei-brack-alltron\/#primaryimage"},"thumbnailUrl":"https:\/\/www.organisator.ch\/wp-content\/uploads\/2024\/12\/Brack-Alltron_Bild1_ps.jpg","datePublished":"2024-12-05T13:30:35+00:00","description":"L'azienda di vendita al dettaglio Brack Alltron nomina Jeannette Matti Chief People &amp; Culture Officer e membro del Comitato esecutivo.","breadcrumb":{"@id":"https:\/\/www.organisator.ch\/management\/2024-12-05\/jeannette-matti-wird-chief-people-culture-officer-bei-brack-alltron\/#breadcrumb"},"inLanguage":"it-IT","potentialAction":[{"@type":"ReadAction","target":["https:\/\/www.organisator.ch\/management\/2024-12-05\/jeannette-matti-wird-chief-people-culture-officer-bei-brack-alltron\/"]}]},{"@type":"ImageObject","inLanguage":"it-IT","@id":"https:\/\/www.organisator.ch\/management\/2024-12-05\/jeannette-matti-wird-chief-people-culture-officer-bei-brack-alltron\/#primaryimage","url":"https:\/\/www.organisator.ch\/wp-content\/uploads\/2024\/12\/Brack-Alltron_Bild1_ps.jpg","contentUrl":"https:\/\/www.organisator.ch\/wp-content\/uploads\/2024\/12\/Brack-Alltron_Bild1_ps.jpg","width":680,"height":457,"caption":"Jeanette Matti wird ab 2025 Chief People & Culture Officer und Mitglied der Gesch\u00e4ftsleitung von Brack Alltron. (Bild: www.competec.ch)"},{"@type":"BreadcrumbList","@id":"https:\/\/www.organisator.ch\/management\/2024-12-05\/jeannette-matti-wird-chief-people-culture-officer-bei-brack-alltron\/#breadcrumb","itemListElement":[{"@type":"ListItem","position":1,"name":"Home","item":"https:\/\/www.organisator.ch\/"},{"@type":"ListItem","position":2,"name":"Jeannette Matti wird Chief People &#038; Culture Officer bei Brack Alltron"}]},{"@type":"WebSite","@id":"https:\/\/www.organisator.ch\/#website","url":"https:\/\/www.organisator.ch\/","name":"Organizzatore","description":"Competente. Pratico. In 10 numeri all'anno, ORGANISATOR presenta i temi essenziali per i manager delle PMI.","publisher":{"@id":"https:\/\/www.organisator.ch\/#organization"},"potentialAction":[{"@type":"SearchAction","target":{"@type":"EntryPoint","urlTemplate":"https:\/\/www.organisator.ch\/?s={search_term_string}"},"query-input":{"@type":"PropertyValueSpecification","valueRequired":true,"valueName":"search_term_string"}}],"inLanguage":"it-IT"},{"@type":"Organization","@id":"https:\/\/www.organisator.ch\/#organization","name":"Organizzatore","url":"https:\/\/www.organisator.ch\/","logo":{"@type":"ImageObject","inLanguage":"it-IT","@id":"https:\/\/www.organisator.ch\/#\/schema\/logo\/image\/","url":"https:\/\/www.organisator.ch\/wp-content\/uploads\/2022\/01\/Logo_Organisator_Website.png","contentUrl":"https:\/\/www.organisator.ch\/wp-content\/uploads\/2022\/01\/Logo_Organisator_Website.png","width":800,"height":77,"caption":"Organisator"},"image":{"@id":"https:\/\/www.organisator.ch\/#\/schema\/logo\/image\/"},"sameAs":["https:\/\/www.facebook.com\/OrganisatorFachmagazin","https:\/\/www.linkedin.com\/showcase\/organisator-das-magazin-fr-kmu","https:\/\/www.xing.com\/news\/pages\/organisator-ch-695","https:\/\/www.youtube.com\/channel\/UCGP2Sq0iWaZwT3BdIAQFYpw"]},{"@type":"Person","@id":"https:\/\/www.organisator.ch\/#\/schema\/person\/afccda3a71c06d4be2ed9100dd163db7","name":"Dzana Muminovic","image":{"@type":"ImageObject","inLanguage":"it-IT","@id":"https:\/\/secure.gravatar.com\/avatar\/909c5c71aff4b38e88686f2ab2f1ba152571f394f41ed8bae431ea56ced93050?s=96&d=mm&r=g","url":"https:\/\/secure.gravatar.com\/avatar\/909c5c71aff4b38e88686f2ab2f1ba152571f394f41ed8bae431ea56ced93050?s=96&d=mm&r=g","contentUrl":"https:\/\/secure.gravatar.com\/avatar\/909c5c71aff4b38e88686f2ab2f1ba152571f394f41ed8bae431ea56ced93050?s=96&d=mm&r=g","caption":"Dzana Muminovic"},"url":"https:\/\/www.organisator.ch\/it\/author\/dzana-muminovic\/"}]}},"_links":{"self":[{"href":"https:\/\/www.organisator.ch\/it\/wp-json\/wp\/v2\/posts\/34447","targetHints":{"allow":["GET"]}}],"collection":[{"href":"https:\/\/www.organisator.ch\/it\/wp-json\/wp\/v2\/posts"}],"about":[{"href":"https:\/\/www.organisator.ch\/it\/wp-json\/wp\/v2\/types\/post"}],"author":[{"embeddable":true,"href":"https:\/\/www.organisator.ch\/it\/wp-json\/wp\/v2\/users\/80"}],"replies":[{"embeddable":true,"href":"https:\/\/www.organisator.ch\/it\/wp-json\/wp\/v2\/comments?post=34447"}],"version-history":[{"count":4,"href":"https:\/\/www.organisator.ch\/it\/wp-json\/wp\/v2\/posts\/34447\/revisions"}],"predecessor-version":[{"id":34481,"href":"https:\/\/www.organisator.ch\/it\/wp-json\/wp\/v2\/posts\/34447\/revisions\/34481"}],"wp:featuredmedia":[{"embeddable":true,"href":"https:\/\/www.organisator.ch\/it\/wp-json\/wp\/v2\/media\/34448"}],"wp:attachment":[{"href":"https:\/\/www.organisator.ch\/it\/wp-json\/wp\/v2\/media?parent=34447"}],"wp:term":[{"taxonomy":"category","embeddable":true,"href":"https:\/\/www.organisator.ch\/it\/wp-json\/wp\/v2\/categories?post=34447"},{"taxonomy":"post_tag","embeddable":true,"href":"https:\/\/www.organisator.ch\/it\/wp-json\/wp\/v2\/tags?post=34447"}],"curies":[{"name":"wp","href":"https:\/\/api.w.org\/{rel}","templated":true}]}}