{"id":34491,"date":"2024-12-06T11:59:20","date_gmt":"2024-12-06T10:59:20","guid":{"rendered":"https:\/\/www.markt-kom.com\/?p=227812"},"modified":"2024-12-09T07:46:17","modified_gmt":"2024-12-09T06:46:17","slug":"zertifizierte-klimabilanz-fuer-partnerunternehmen-von-team-farner","status":"publish","type":"post","link":"https:\/\/www.organisator.ch\/it\/marketing\/2024-12-06\/zertifizierte-klimabilanz-fuer-partnerunternehmen-von-team-farner\/","title":{"rendered":"Impronta di carbonio certificata per le aziende partner del Team Farner"},"content":{"rendered":"<p><a href=\"https:\/\/www.markt-kom.com\/wp-content\/uploads\/2024\/12\/GUTcert_Verification_Farner.jpg\"><img class=\"aligncenter size-full wp-image-227813\" src=\"https:\/\/www.markt-kom.com\/wp-content\/uploads\/2024\/12\/GUTcert_Verification_Farner.jpg\" sizes=\"(max-width: 1200px) 100vw, 1200px\" srcset=\"https:\/\/www.markt-kom.com\/wp-content\/uploads\/2024\/12\/GUTcert_Verification_Farner.jpg 1200w, https:\/\/www.markt-kom.com\/wp-content\/uploads\/2024\/12\/GUTcert_Verification_Farner-600x425.jpg 600w, https:\/\/www.markt-kom.com\/wp-content\/uploads\/2024\/12\/GUTcert_Verification_Farner-1024x725.jpg 1024w, https:\/\/www.markt-kom.com\/wp-content\/uploads\/2024\/12\/GUTcert_Verification_Farner-768x544.jpg 768w, https:\/\/www.markt-kom.com\/wp-content\/uploads\/2024\/12\/GUTcert_Verification_Farner-18x12.jpg 18w, https:\/\/www.markt-kom.com\/wp-content\/uploads\/2024\/12\/GUTcert_Verification_Farner-247x175.jpg 247w, https:\/\/www.markt-kom.com\/wp-content\/uploads\/2024\/12\/GUTcert_Verification_Farner-494x350.jpg 494w, https:\/\/www.markt-kom.com\/wp-content\/uploads\/2024\/12\/GUTcert_Verification_Farner-1000x708.jpg 1000w\" alt=\"\" width=\"1200\" height=\"850\" \/><\/a><\/p>\r\n<p>\"La conoscenza \u00e8 buona, l'esperienza (propria) \u00e8 migliore: in quest'ottica, abbiamo intrapreso il processo di contabilit\u00e0 climatica come pionieri del nostro settore e siamo stati in grado di acquisire un'esperienza importante\", spiega Vincent Furnari, CSO, Practice Head ESG di Team Farner e Managing Partner di Kirchhoff in Germania. \"Insieme, vogliamo raggiungere la neutralit\u00e0 climatica, passo dopo passo. Con la nostra impronta di carbonio, abbiamo raggiunto la prima pietra miliare nello sviluppo di una strategia di sostenibilit\u00e0 a livello di Team Farner\", afferma Melanie Faithfull Kent, CEO di Team Farner. \"Nei prossimi anni, includeremo altre aziende partner nel processo di carbon footprinting\".<\/p>\r\n<p>Nel settore della consulenza, le emissioni di gas serra sono generate principalmente nelle aree dell'infrastruttura elettrica, della gestione degli edifici e della mobilit\u00e0. La valutazione congiunta ha rivelato che circa il 25% delle emissioni delle quattro aziende partner \u00e8 attribuibile al pendolarismo dei dipendenti, il 17% ai viaggi di lavoro e il 15% al parco veicoli.<\/p>\r\n<p>\"La nostra mobilit\u00e0 \u00e8 il principale motore delle emissioni e allo stesso tempo la leva pi\u00f9 importante per i potenziali risparmi\", spiega Dominic Thalmann, consulente senior e responsabile ESG\/Sostenibilit\u00e0 di Farner. \"Non solo possiamo utilizzare i dati della nostra impronta di carbonio per ricavare i nostri obiettivi di riduzione, ma possiamo anche fornire ai nostri clienti i dati sulle emissioni Scope 3 necessari per le loro impronte di carbonio\".<\/p>","protected":false},"excerpt":{"rendered":"<p>Farner, Kirchhoff Consult, Komm.passion e Vim Group sono state le prime aziende dell'alleanza Team Farner a registrare congiuntamente tutti i dati rilevanti per il clima per l'anno finanziario 2023 e a bilanciarli secondo lo standard internazionale Greenhouse Gas (GHG) Protocol. GUTcert ha ora certificato ufficialmente questa impronta di carbonio.<\/p>","protected":false},"author":8,"featured_media":0,"comment_status":"closed","ping_status":"closed","sticky":false,"template":"","format":"standard","meta":{"_acf_changed":false,"_yoast_wpseo_focuskw":"Klimabilanzierung Team Farner","_yoast_wpseo_metadesc":"Team Farner bilanziert 2023 klimarelevante Daten nach GHG-Standard. GUTcert zertifiziert. Schritt zur Klimaneutralit\u00e4t.","articlekey":"","footnotes":""},"categories":[29],"tags":[4345,3655,1787],"class_list":["post-34491","post","type-post","status-publish","format-standard","hentry","category-marketing","tag-business","tag-farner","tag-nachhaltigkeit"],"acf":[],"yoast_head":"<!-- This site is optimized with the Yoast SEO plugin v27.5 - https:\/\/yoast.com\/product\/yoast-seo-wordpress\/ -->\n<title>Zertifizierte Klimabilanz f\u00fcr Partnerunternehmen von Team Farner - Organisator<\/title>\n<meta name=\"description\" content=\"Team Farner bilanziert 2023 klimarelevante Daten nach GHG-Standard. GUTcert zertifiziert. Schritt zur Klimaneutralit\u00e4t.\" \/>\n<meta name=\"robots\" content=\"index, follow, max-snippet:-1, max-image-preview:large, max-video-preview:-1\" \/>\n<link rel=\"canonical\" href=\"https:\/\/www.organisator.ch\/it\/marketing\/2024-12-06\/zertifizierte-klimabilanz-fuer-partnerunternehmen-von-team-farner\/\" \/>\n<meta property=\"og:locale\" content=\"it_IT\" \/>\n<meta property=\"og:type\" content=\"article\" \/>\n<meta property=\"og:title\" content=\"Zertifizierte Klimabilanz f\u00fcr Partnerunternehmen von Team Farner - Organisator\" \/>\n<meta property=\"og:description\" content=\"Team Farner bilanziert 2023 klimarelevante Daten nach GHG-Standard. GUTcert zertifiziert. Schritt zur Klimaneutralit\u00e4t.\" \/>\n<meta property=\"og:url\" content=\"https:\/\/www.organisator.ch\/it\/marketing\/2024-12-06\/zertifizierte-klimabilanz-fuer-partnerunternehmen-von-team-farner\/\" \/>\n<meta property=\"og:site_name\" content=\"Organisator\" \/>\n<meta property=\"article:publisher\" content=\"https:\/\/www.facebook.com\/OrganisatorFachmagazin\" \/>\n<meta property=\"article:published_time\" content=\"2024-12-06T10:59:20+00:00\" \/>\n<meta property=\"article:modified_time\" content=\"2024-12-09T06:46:17+00:00\" \/>\n<meta name=\"author\" content=\"galledia\" \/>\n<meta name=\"twitter:card\" content=\"summary_large_image\" \/>\n<meta name=\"twitter:creator\" content=\"@admin\" \/>\n<script type=\"application\/ld+json\" class=\"yoast-schema-graph\">{\"@context\":\"https:\\\/\\\/schema.org\",\"@graph\":[{\"@type\":\"Article\",\"@id\":\"https:\\\/\\\/www.organisator.ch\\\/marketing\\\/2024-12-06\\\/zertifizierte-klimabilanz-fuer-partnerunternehmen-von-team-farner\\\/#article\",\"isPartOf\":{\"@id\":\"https:\\\/\\\/www.organisator.ch\\\/marketing\\\/2024-12-06\\\/zertifizierte-klimabilanz-fuer-partnerunternehmen-von-team-farner\\\/\"},\"author\":{\"name\":\"galledia\",\"@id\":\"https:\\\/\\\/www.organisator.ch\\\/#\\\/schema\\\/person\\\/4e51799071cd2dd1232ac003643ef5f0\"},\"headline\":\"Zertifizierte Klimabilanz f\u00fcr Partnerunternehmen von Team Farner\",\"datePublished\":\"2024-12-06T10:59:20+00:00\",\"dateModified\":\"2024-12-09T06:46:17+00:00\",\"mainEntityOfPage\":{\"@id\":\"https:\\\/\\\/www.organisator.ch\\\/marketing\\\/2024-12-06\\\/zertifizierte-klimabilanz-fuer-partnerunternehmen-von-team-farner\\\/\"},\"wordCount\":227,\"publisher\":{\"@id\":\"https:\\\/\\\/www.organisator.ch\\\/#organization\"},\"image\":{\"@id\":\"https:\\\/\\\/www.organisator.ch\\\/marketing\\\/2024-12-06\\\/zertifizierte-klimabilanz-fuer-partnerunternehmen-von-team-farner\\\/#primaryimage\"},\"thumbnailUrl\":\"https:\\\/\\\/www.markt-kom.com\\\/wp-content\\\/uploads\\\/2024\\\/12\\\/GUTcert_Verification_Farner.jpg\",\"keywords\":[\"Business\",\"Farner\",\"Nachhaltigkeit\"],\"articleSection\":[\"MARKETING\"],\"inLanguage\":\"it-IT\"},{\"@type\":\"WebPage\",\"@id\":\"https:\\\/\\\/www.organisator.ch\\\/marketing\\\/2024-12-06\\\/zertifizierte-klimabilanz-fuer-partnerunternehmen-von-team-farner\\\/\",\"url\":\"https:\\\/\\\/www.organisator.ch\\\/marketing\\\/2024-12-06\\\/zertifizierte-klimabilanz-fuer-partnerunternehmen-von-team-farner\\\/\",\"name\":\"Zertifizierte Klimabilanz f\u00fcr Partnerunternehmen von Team Farner - Organisator\",\"isPartOf\":{\"@id\":\"https:\\\/\\\/www.organisator.ch\\\/#website\"},\"primaryImageOfPage\":{\"@id\":\"https:\\\/\\\/www.organisator.ch\\\/marketing\\\/2024-12-06\\\/zertifizierte-klimabilanz-fuer-partnerunternehmen-von-team-farner\\\/#primaryimage\"},\"image\":{\"@id\":\"https:\\\/\\\/www.organisator.ch\\\/marketing\\\/2024-12-06\\\/zertifizierte-klimabilanz-fuer-partnerunternehmen-von-team-farner\\\/#primaryimage\"},\"thumbnailUrl\":\"https:\\\/\\\/www.markt-kom.com\\\/wp-content\\\/uploads\\\/2024\\\/12\\\/GUTcert_Verification_Farner.jpg\",\"datePublished\":\"2024-12-06T10:59:20+00:00\",\"dateModified\":\"2024-12-09T06:46:17+00:00\",\"description\":\"Team Farner bilanziert 2023 klimarelevante Daten nach GHG-Standard. GUTcert zertifiziert. Schritt zur Klimaneutralit\u00e4t.\",\"breadcrumb\":{\"@id\":\"https:\\\/\\\/www.organisator.ch\\\/marketing\\\/2024-12-06\\\/zertifizierte-klimabilanz-fuer-partnerunternehmen-von-team-farner\\\/#breadcrumb\"},\"inLanguage\":\"it-IT\",\"potentialAction\":[{\"@type\":\"ReadAction\",\"target\":[\"https:\\\/\\\/www.organisator.ch\\\/marketing\\\/2024-12-06\\\/zertifizierte-klimabilanz-fuer-partnerunternehmen-von-team-farner\\\/\"]}]},{\"@type\":\"ImageObject\",\"inLanguage\":\"it-IT\",\"@id\":\"https:\\\/\\\/www.organisator.ch\\\/marketing\\\/2024-12-06\\\/zertifizierte-klimabilanz-fuer-partnerunternehmen-von-team-farner\\\/#primaryimage\",\"url\":\"https:\\\/\\\/www.markt-kom.com\\\/wp-content\\\/uploads\\\/2024\\\/12\\\/GUTcert_Verification_Farner.jpg\",\"contentUrl\":\"https:\\\/\\\/www.markt-kom.com\\\/wp-content\\\/uploads\\\/2024\\\/12\\\/GUTcert_Verification_Farner.jpg\"},{\"@type\":\"BreadcrumbList\",\"@id\":\"https:\\\/\\\/www.organisator.ch\\\/marketing\\\/2024-12-06\\\/zertifizierte-klimabilanz-fuer-partnerunternehmen-von-team-farner\\\/#breadcrumb\",\"itemListElement\":[{\"@type\":\"ListItem\",\"position\":1,\"name\":\"Home\",\"item\":\"https:\\\/\\\/www.organisator.ch\\\/\"},{\"@type\":\"ListItem\",\"position\":2,\"name\":\"Zertifizierte Klimabilanz f\u00fcr Partnerunternehmen von Team Farner\"}]},{\"@type\":\"WebSite\",\"@id\":\"https:\\\/\\\/www.organisator.ch\\\/#website\",\"url\":\"https:\\\/\\\/www.organisator.ch\\\/\",\"name\":\"Organisator\",\"description\":\"Kompetent. Praxisnah. Der ORGANISATOR bereitet in 10 Ausgaben pro Jahr die wesentlichen Themen f\u00fcr F\u00fchrungskr\u00e4fte von KMU auf.\",\"publisher\":{\"@id\":\"https:\\\/\\\/www.organisator.ch\\\/#organization\"},\"potentialAction\":[{\"@type\":\"SearchAction\",\"target\":{\"@type\":\"EntryPoint\",\"urlTemplate\":\"https:\\\/\\\/www.organisator.ch\\\/?s={search_term_string}\"},\"query-input\":{\"@type\":\"PropertyValueSpecification\",\"valueRequired\":true,\"valueName\":\"search_term_string\"}}],\"inLanguage\":\"it-IT\"},{\"@type\":\"Organization\",\"@id\":\"https:\\\/\\\/www.organisator.ch\\\/#organization\",\"name\":\"Organisator\",\"url\":\"https:\\\/\\\/www.organisator.ch\\\/\",\"logo\":{\"@type\":\"ImageObject\",\"inLanguage\":\"it-IT\",\"@id\":\"https:\\\/\\\/www.organisator.ch\\\/#\\\/schema\\\/logo\\\/image\\\/\",\"url\":\"https:\\\/\\\/www.organisator.ch\\\/wp-content\\\/uploads\\\/2022\\\/01\\\/Logo_Organisator_Website.png\",\"contentUrl\":\"https:\\\/\\\/www.organisator.ch\\\/wp-content\\\/uploads\\\/2022\\\/01\\\/Logo_Organisator_Website.png\",\"width\":800,\"height\":77,\"caption\":\"Organisator\"},\"image\":{\"@id\":\"https:\\\/\\\/www.organisator.ch\\\/#\\\/schema\\\/logo\\\/image\\\/\"},\"sameAs\":[\"https:\\\/\\\/www.facebook.com\\\/OrganisatorFachmagazin\",\"https:\\\/\\\/www.linkedin.com\\\/showcase\\\/organisator-das-magazin-fr-kmu\",\"https:\\\/\\\/www.xing.com\\\/news\\\/pages\\\/organisator-ch-695\",\"https:\\\/\\\/www.youtube.com\\\/channel\\\/UCGP2Sq0iWaZwT3BdIAQFYpw\"]},{\"@type\":\"Person\",\"@id\":\"https:\\\/\\\/www.organisator.ch\\\/#\\\/schema\\\/person\\\/4e51799071cd2dd1232ac003643ef5f0\",\"name\":\"galledia\",\"image\":{\"@type\":\"ImageObject\",\"inLanguage\":\"it-IT\",\"@id\":\"https:\\\/\\\/secure.gravatar.com\\\/avatar\\\/78a7f90c01fc2bfc875782a0d4922b37cde2cf184ce347b91316d23cd7f69a36?s=96&d=mm&r=g\",\"url\":\"https:\\\/\\\/secure.gravatar.com\\\/avatar\\\/78a7f90c01fc2bfc875782a0d4922b37cde2cf184ce347b91316d23cd7f69a36?s=96&d=mm&r=g\",\"contentUrl\":\"https:\\\/\\\/secure.gravatar.com\\\/avatar\\\/78a7f90c01fc2bfc875782a0d4922b37cde2cf184ce347b91316d23cd7f69a36?s=96&d=mm&r=g\",\"caption\":\"galledia\"},\"sameAs\":[\"https:\\\/\\\/x.com\\\/admin\"],\"url\":\"https:\\\/\\\/www.organisator.ch\\\/it\\\/author\\\/galledia\\\/\"}]}<\/script>\n<!-- \/ Yoast SEO plugin. -->","yoast_head_json":{"title":"Impronta di carbonio certificata per le aziende partner del Team Farner - Organizzatore","description":"Il Team Farner bilancia i dati rilevanti per il clima secondo lo standard GHG nel 2023. Certificato GUTcert. Un passo avanti verso la neutralit\u00e0 climatica.","robots":{"index":"index","follow":"follow","max-snippet":"max-snippet:-1","max-image-preview":"max-image-preview:large","max-video-preview":"max-video-preview:-1"},"canonical":"https:\/\/www.organisator.ch\/it\/marketing\/2024-12-06\/zertifizierte-klimabilanz-fuer-partnerunternehmen-von-team-farner\/","og_locale":"it_IT","og_type":"article","og_title":"Zertifizierte Klimabilanz f\u00fcr Partnerunternehmen von Team Farner - Organisator","og_description":"Team Farner bilanziert 2023 klimarelevante Daten nach GHG-Standard. GUTcert zertifiziert. Schritt zur Klimaneutralit\u00e4t.","og_url":"https:\/\/www.organisator.ch\/it\/marketing\/2024-12-06\/zertifizierte-klimabilanz-fuer-partnerunternehmen-von-team-farner\/","og_site_name":"Organisator","article_publisher":"https:\/\/www.facebook.com\/OrganisatorFachmagazin","article_published_time":"2024-12-06T10:59:20+00:00","article_modified_time":"2024-12-09T06:46:17+00:00","author":"galledia","twitter_card":"summary_large_image","twitter_creator":"@admin","schema":{"@context":"https:\/\/schema.org","@graph":[{"@type":"Article","@id":"https:\/\/www.organisator.ch\/marketing\/2024-12-06\/zertifizierte-klimabilanz-fuer-partnerunternehmen-von-team-farner\/#article","isPartOf":{"@id":"https:\/\/www.organisator.ch\/marketing\/2024-12-06\/zertifizierte-klimabilanz-fuer-partnerunternehmen-von-team-farner\/"},"author":{"name":"galledia","@id":"https:\/\/www.organisator.ch\/#\/schema\/person\/4e51799071cd2dd1232ac003643ef5f0"},"headline":"Zertifizierte Klimabilanz f\u00fcr Partnerunternehmen von Team Farner","datePublished":"2024-12-06T10:59:20+00:00","dateModified":"2024-12-09T06:46:17+00:00","mainEntityOfPage":{"@id":"https:\/\/www.organisator.ch\/marketing\/2024-12-06\/zertifizierte-klimabilanz-fuer-partnerunternehmen-von-team-farner\/"},"wordCount":227,"publisher":{"@id":"https:\/\/www.organisator.ch\/#organization"},"image":{"@id":"https:\/\/www.organisator.ch\/marketing\/2024-12-06\/zertifizierte-klimabilanz-fuer-partnerunternehmen-von-team-farner\/#primaryimage"},"thumbnailUrl":"https:\/\/www.markt-kom.com\/wp-content\/uploads\/2024\/12\/GUTcert_Verification_Farner.jpg","keywords":["Business","Farner","Nachhaltigkeit"],"articleSection":["MARKETING"],"inLanguage":"it-IT"},{"@type":"WebPage","@id":"https:\/\/www.organisator.ch\/marketing\/2024-12-06\/zertifizierte-klimabilanz-fuer-partnerunternehmen-von-team-farner\/","url":"https:\/\/www.organisator.ch\/marketing\/2024-12-06\/zertifizierte-klimabilanz-fuer-partnerunternehmen-von-team-farner\/","name":"Impronta di carbonio certificata per le aziende partner del Team Farner - Organizzatore","isPartOf":{"@id":"https:\/\/www.organisator.ch\/#website"},"primaryImageOfPage":{"@id":"https:\/\/www.organisator.ch\/marketing\/2024-12-06\/zertifizierte-klimabilanz-fuer-partnerunternehmen-von-team-farner\/#primaryimage"},"image":{"@id":"https:\/\/www.organisator.ch\/marketing\/2024-12-06\/zertifizierte-klimabilanz-fuer-partnerunternehmen-von-team-farner\/#primaryimage"},"thumbnailUrl":"https:\/\/www.markt-kom.com\/wp-content\/uploads\/2024\/12\/GUTcert_Verification_Farner.jpg","datePublished":"2024-12-06T10:59:20+00:00","dateModified":"2024-12-09T06:46:17+00:00","description":"Il Team Farner bilancia i dati rilevanti per il clima secondo lo standard GHG nel 2023. Certificato GUTcert. Un passo avanti verso la neutralit\u00e0 climatica.","breadcrumb":{"@id":"https:\/\/www.organisator.ch\/marketing\/2024-12-06\/zertifizierte-klimabilanz-fuer-partnerunternehmen-von-team-farner\/#breadcrumb"},"inLanguage":"it-IT","potentialAction":[{"@type":"ReadAction","target":["https:\/\/www.organisator.ch\/marketing\/2024-12-06\/zertifizierte-klimabilanz-fuer-partnerunternehmen-von-team-farner\/"]}]},{"@type":"ImageObject","inLanguage":"it-IT","@id":"https:\/\/www.organisator.ch\/marketing\/2024-12-06\/zertifizierte-klimabilanz-fuer-partnerunternehmen-von-team-farner\/#primaryimage","url":"https:\/\/www.markt-kom.com\/wp-content\/uploads\/2024\/12\/GUTcert_Verification_Farner.jpg","contentUrl":"https:\/\/www.markt-kom.com\/wp-content\/uploads\/2024\/12\/GUTcert_Verification_Farner.jpg"},{"@type":"BreadcrumbList","@id":"https:\/\/www.organisator.ch\/marketing\/2024-12-06\/zertifizierte-klimabilanz-fuer-partnerunternehmen-von-team-farner\/#breadcrumb","itemListElement":[{"@type":"ListItem","position":1,"name":"Home","item":"https:\/\/www.organisator.ch\/"},{"@type":"ListItem","position":2,"name":"Zertifizierte Klimabilanz f\u00fcr Partnerunternehmen von Team Farner"}]},{"@type":"WebSite","@id":"https:\/\/www.organisator.ch\/#website","url":"https:\/\/www.organisator.ch\/","name":"Organizzatore","description":"Competente. Pratico. In 10 numeri all'anno, ORGANISATOR presenta i temi essenziali per i manager delle PMI.","publisher":{"@id":"https:\/\/www.organisator.ch\/#organization"},"potentialAction":[{"@type":"SearchAction","target":{"@type":"EntryPoint","urlTemplate":"https:\/\/www.organisator.ch\/?s={search_term_string}"},"query-input":{"@type":"PropertyValueSpecification","valueRequired":true,"valueName":"search_term_string"}}],"inLanguage":"it-IT"},{"@type":"Organization","@id":"https:\/\/www.organisator.ch\/#organization","name":"Organizzatore","url":"https:\/\/www.organisator.ch\/","logo":{"@type":"ImageObject","inLanguage":"it-IT","@id":"https:\/\/www.organisator.ch\/#\/schema\/logo\/image\/","url":"https:\/\/www.organisator.ch\/wp-content\/uploads\/2022\/01\/Logo_Organisator_Website.png","contentUrl":"https:\/\/www.organisator.ch\/wp-content\/uploads\/2022\/01\/Logo_Organisator_Website.png","width":800,"height":77,"caption":"Organisator"},"image":{"@id":"https:\/\/www.organisator.ch\/#\/schema\/logo\/image\/"},"sameAs":["https:\/\/www.facebook.com\/OrganisatorFachmagazin","https:\/\/www.linkedin.com\/showcase\/organisator-das-magazin-fr-kmu","https:\/\/www.xing.com\/news\/pages\/organisator-ch-695","https:\/\/www.youtube.com\/channel\/UCGP2Sq0iWaZwT3BdIAQFYpw"]},{"@type":"Person","@id":"https:\/\/www.organisator.ch\/#\/schema\/person\/4e51799071cd2dd1232ac003643ef5f0","name":"galledia","image":{"@type":"ImageObject","inLanguage":"it-IT","@id":"https:\/\/secure.gravatar.com\/avatar\/78a7f90c01fc2bfc875782a0d4922b37cde2cf184ce347b91316d23cd7f69a36?s=96&d=mm&r=g","url":"https:\/\/secure.gravatar.com\/avatar\/78a7f90c01fc2bfc875782a0d4922b37cde2cf184ce347b91316d23cd7f69a36?s=96&d=mm&r=g","contentUrl":"https:\/\/secure.gravatar.com\/avatar\/78a7f90c01fc2bfc875782a0d4922b37cde2cf184ce347b91316d23cd7f69a36?s=96&d=mm&r=g","caption":"galledia"},"sameAs":["https:\/\/x.com\/admin"],"url":"https:\/\/www.organisator.ch\/it\/author\/galledia\/"}]}},"_links":{"self":[{"href":"https:\/\/www.organisator.ch\/it\/wp-json\/wp\/v2\/posts\/34491","targetHints":{"allow":["GET"]}}],"collection":[{"href":"https:\/\/www.organisator.ch\/it\/wp-json\/wp\/v2\/posts"}],"about":[{"href":"https:\/\/www.organisator.ch\/it\/wp-json\/wp\/v2\/types\/post"}],"author":[{"embeddable":true,"href":"https:\/\/www.organisator.ch\/it\/wp-json\/wp\/v2\/users\/8"}],"replies":[{"embeddable":true,"href":"https:\/\/www.organisator.ch\/it\/wp-json\/wp\/v2\/comments?post=34491"}],"version-history":[{"count":3,"href":"https:\/\/www.organisator.ch\/it\/wp-json\/wp\/v2\/posts\/34491\/revisions"}],"predecessor-version":[{"id":34510,"href":"https:\/\/www.organisator.ch\/it\/wp-json\/wp\/v2\/posts\/34491\/revisions\/34510"}],"wp:attachment":[{"href":"https:\/\/www.organisator.ch\/it\/wp-json\/wp\/v2\/media?parent=34491"}],"wp:term":[{"taxonomy":"category","embeddable":true,"href":"https:\/\/www.organisator.ch\/it\/wp-json\/wp\/v2\/categories?post=34491"},{"taxonomy":"post_tag","embeddable":true,"href":"https:\/\/www.organisator.ch\/it\/wp-json\/wp\/v2\/tags?post=34491"}],"curies":[{"name":"wp","href":"https:\/\/api.w.org\/{rel}","templated":true}]}}