{"id":34536,"date":"2024-12-09T10:10:57","date_gmt":"2024-12-09T09:10:57","guid":{"rendered":"https:\/\/www.markt-kom.com\/?p=227851"},"modified":"2024-12-09T11:54:36","modified_gmt":"2024-12-09T10:54:36","slug":"ungerechtigkeit-spaltet-die-schweiz-gerechtigkeits-barometer-liefert-einblicke","status":"publish","type":"post","link":"https:\/\/www.organisator.ch\/it\/marketing\/2024-12-09\/ungerechtigkeit-spaltet-die-schweiz-gerechtigkeits-barometer-liefert-einblicke\/","title":{"rendered":"L'ingiustizia divide la Svizzera: il Barometro della Giustizia fornisce informazioni"},"content":{"rendered":"<h3><a href=\"https:\/\/www.markt-kom.com\/wp-content\/uploads\/2024\/12\/09e95154-2e25-18db-f9b7-c2e76d96b5e2.png\"><img class=\"alignnone size-full wp-image-227853\" src=\"https:\/\/www.markt-kom.com\/wp-content\/uploads\/2024\/12\/09e95154-2e25-18db-f9b7-c2e76d96b5e2.png\" sizes=\"(max-width: 1200px) 100vw, 1200px\" srcset=\"https:\/\/www.markt-kom.com\/wp-content\/uploads\/2024\/12\/09e95154-2e25-18db-f9b7-c2e76d96b5e2.png 1200w, https:\/\/www.markt-kom.com\/wp-content\/uploads\/2024\/12\/09e95154-2e25-18db-f9b7-c2e76d96b5e2-600x338.png 600w, https:\/\/www.markt-kom.com\/wp-content\/uploads\/2024\/12\/09e95154-2e25-18db-f9b7-c2e76d96b5e2-1024x576.png 1024w, https:\/\/www.markt-kom.com\/wp-content\/uploads\/2024\/12\/09e95154-2e25-18db-f9b7-c2e76d96b5e2-768x432.png 768w, https:\/\/www.markt-kom.com\/wp-content\/uploads\/2024\/12\/09e95154-2e25-18db-f9b7-c2e76d96b5e2-18x10.png 18w, https:\/\/www.markt-kom.com\/wp-content\/uploads\/2024\/12\/09e95154-2e25-18db-f9b7-c2e76d96b5e2-311x175.png 311w, https:\/\/www.markt-kom.com\/wp-content\/uploads\/2024\/12\/09e95154-2e25-18db-f9b7-c2e76d96b5e2-622x350.png 622w, https:\/\/www.markt-kom.com\/wp-content\/uploads\/2024\/12\/09e95154-2e25-18db-f9b7-c2e76d96b5e2-1000x563.png 1000w\" alt=\"\" width=\"1200\" height=\"675\" \/><\/a><strong>Focus sulle tensioni sociali<\/strong><\/h3>\r\n<p>Il primo Barometro della Giustizia dell'Observer, condotto in collaborazione con Coop Rechtsschutz, fornisce informazioni sulla percezione soggettiva dell'ingiustizia in Svizzera. Sono state intervistate 5.500 persone di et\u00e0 superiore ai 16 anni. I risultati delineano un quadro differenziato: Mentre una leggera maggioranza giudica la vita in Svizzera piuttosto giusta, una persona su otto ritiene che la situazione sia \"per niente giusta\". Particolarmente criticati sono il sistema di asilo e lo sviluppo economico. Circa la met\u00e0 degli intervistati \u00e8 infastidita dal fatto che i criminali stranieri vengono espulsi troppo raramente. Quasi altrettanti si lamentano dell'aumento del costo della vita, con cui i salari tengono a malapena il passo.<\/p>\r\n<h3><strong>Diminuzione della fiducia nell'\u00e9lite<\/strong><\/h3>\r\n<p>Il barometro mostra anche che la fiducia nello Stato, nella politica e nell'economia si sta erodendo. Molti temono che gli interessi dei cittadini non siano pi\u00f9 adeguatamente rappresentati dall'\u00e9lite. Allo stesso tempo, i risultati fanno luce su una serie di ingiustizie sistematiche che sono fortemente caratterizzate dalle percezioni individuali e dagli atteggiamenti politici. Il politologo Clo\u00e9 Jans sintetizza cos\u00ec: \"Viviamo in tempi polarizzati, lo si vede chiaramente\".<\/p>\r\n<h3><strong>Analisi annuale prevista<\/strong><\/h3>\r\n<p>Per monitorare costantemente gli sviluppi sociali, in futuro il Barometro della Giustizia sar\u00e0 condotto annualmente. L'istituto di ricerca d'opinione GFS Bern \u00e8 responsabile della realizzazione scientifica dell'indagine.<\/p>","protected":false},"excerpt":{"rendered":"<p>Cosa pensa la gente in Svizzera che sia ingiusto? Lo dimostra un nuovo studio del Beobachter: Molti sono particolarmente infastiditi dalla mancata espulsione dei criminali stranieri. Ma anche lo sviluppo economico \u00e8 fonte di malcontento.<\/p>","protected":false},"author":8,"featured_media":0,"comment_status":"closed","ping_status":"closed","sticky":false,"template":"","format":"standard","meta":{"_acf_changed":false,"_yoast_wpseo_focuskw":"Gerechtigkeits-Barometer","_yoast_wpseo_metadesc":"Neue Studie zeigt: Viele Schweizer empfinden mangelnde Ausschaffung straff\u00e4lliger Ausl\u00e4nder und wirtschaftliche Entwicklung als ungerecht.","articlekey":"","footnotes":""},"categories":[29],"tags":[4598,4343],"class_list":["post-34536","post","type-post","status-publish","format-standard","hentry","category-marketing","tag-beobachter","tag-markom"],"acf":[],"yoast_head":"<!-- This site is optimized with the Yoast SEO plugin v27.5 - https:\/\/yoast.com\/product\/yoast-seo-wordpress\/ -->\n<title>Ungerechtigkeit spaltet die Schweiz: Gerechtigkeits-Barometer liefert Einblicke - Organisator<\/title>\n<meta name=\"description\" content=\"Neue Studie zeigt: Viele Schweizer empfinden mangelnde Ausschaffung straff\u00e4lliger Ausl\u00e4nder und wirtschaftliche Entwicklung als ungerecht.\" \/>\n<meta name=\"robots\" content=\"index, follow, max-snippet:-1, max-image-preview:large, max-video-preview:-1\" \/>\n<link rel=\"canonical\" href=\"https:\/\/www.organisator.ch\/it\/marketing\/2024-12-09\/ungerechtigkeit-spaltet-die-schweiz-gerechtigkeits-barometer-liefert-einblicke\/\" \/>\n<meta property=\"og:locale\" content=\"it_IT\" \/>\n<meta property=\"og:type\" content=\"article\" \/>\n<meta property=\"og:title\" content=\"Ungerechtigkeit spaltet die Schweiz: Gerechtigkeits-Barometer liefert Einblicke - Organisator\" \/>\n<meta property=\"og:description\" content=\"Neue Studie zeigt: Viele Schweizer empfinden mangelnde Ausschaffung straff\u00e4lliger Ausl\u00e4nder und wirtschaftliche Entwicklung als ungerecht.\" \/>\n<meta property=\"og:url\" content=\"https:\/\/www.organisator.ch\/it\/marketing\/2024-12-09\/ungerechtigkeit-spaltet-die-schweiz-gerechtigkeits-barometer-liefert-einblicke\/\" \/>\n<meta property=\"og:site_name\" content=\"Organisator\" \/>\n<meta property=\"article:publisher\" content=\"https:\/\/www.facebook.com\/OrganisatorFachmagazin\" \/>\n<meta property=\"article:published_time\" content=\"2024-12-09T09:10:57+00:00\" \/>\n<meta property=\"article:modified_time\" content=\"2024-12-09T10:54:36+00:00\" \/>\n<meta name=\"author\" content=\"galledia\" \/>\n<meta name=\"twitter:card\" content=\"summary_large_image\" \/>\n<meta name=\"twitter:creator\" content=\"@admin\" \/>\n<script type=\"application\/ld+json\" class=\"yoast-schema-graph\">{\"@context\":\"https:\\\/\\\/schema.org\",\"@graph\":[{\"@type\":\"Article\",\"@id\":\"https:\\\/\\\/www.organisator.ch\\\/marketing\\\/2024-12-09\\\/ungerechtigkeit-spaltet-die-schweiz-gerechtigkeits-barometer-liefert-einblicke\\\/#article\",\"isPartOf\":{\"@id\":\"https:\\\/\\\/www.organisator.ch\\\/marketing\\\/2024-12-09\\\/ungerechtigkeit-spaltet-die-schweiz-gerechtigkeits-barometer-liefert-einblicke\\\/\"},\"author\":{\"name\":\"galledia\",\"@id\":\"https:\\\/\\\/www.organisator.ch\\\/#\\\/schema\\\/person\\\/4e51799071cd2dd1232ac003643ef5f0\"},\"headline\":\"Ungerechtigkeit spaltet die Schweiz: Gerechtigkeits-Barometer liefert Einblicke\",\"datePublished\":\"2024-12-09T09:10:57+00:00\",\"dateModified\":\"2024-12-09T10:54:36+00:00\",\"mainEntityOfPage\":{\"@id\":\"https:\\\/\\\/www.organisator.ch\\\/marketing\\\/2024-12-09\\\/ungerechtigkeit-spaltet-die-schweiz-gerechtigkeits-barometer-liefert-einblicke\\\/\"},\"wordCount\":219,\"publisher\":{\"@id\":\"https:\\\/\\\/www.organisator.ch\\\/#organization\"},\"image\":{\"@id\":\"https:\\\/\\\/www.organisator.ch\\\/marketing\\\/2024-12-09\\\/ungerechtigkeit-spaltet-die-schweiz-gerechtigkeits-barometer-liefert-einblicke\\\/#primaryimage\"},\"thumbnailUrl\":\"https:\\\/\\\/www.markt-kom.com\\\/wp-content\\\/uploads\\\/2024\\\/12\\\/09e95154-2e25-18db-f9b7-c2e76d96b5e2.png\",\"keywords\":[\"Beobachter\",\"MarKom\"],\"articleSection\":[\"MARKETING\"],\"inLanguage\":\"it-IT\"},{\"@type\":\"WebPage\",\"@id\":\"https:\\\/\\\/www.organisator.ch\\\/marketing\\\/2024-12-09\\\/ungerechtigkeit-spaltet-die-schweiz-gerechtigkeits-barometer-liefert-einblicke\\\/\",\"url\":\"https:\\\/\\\/www.organisator.ch\\\/marketing\\\/2024-12-09\\\/ungerechtigkeit-spaltet-die-schweiz-gerechtigkeits-barometer-liefert-einblicke\\\/\",\"name\":\"Ungerechtigkeit spaltet die Schweiz: Gerechtigkeits-Barometer liefert Einblicke - Organisator\",\"isPartOf\":{\"@id\":\"https:\\\/\\\/www.organisator.ch\\\/#website\"},\"primaryImageOfPage\":{\"@id\":\"https:\\\/\\\/www.organisator.ch\\\/marketing\\\/2024-12-09\\\/ungerechtigkeit-spaltet-die-schweiz-gerechtigkeits-barometer-liefert-einblicke\\\/#primaryimage\"},\"image\":{\"@id\":\"https:\\\/\\\/www.organisator.ch\\\/marketing\\\/2024-12-09\\\/ungerechtigkeit-spaltet-die-schweiz-gerechtigkeits-barometer-liefert-einblicke\\\/#primaryimage\"},\"thumbnailUrl\":\"https:\\\/\\\/www.markt-kom.com\\\/wp-content\\\/uploads\\\/2024\\\/12\\\/09e95154-2e25-18db-f9b7-c2e76d96b5e2.png\",\"datePublished\":\"2024-12-09T09:10:57+00:00\",\"dateModified\":\"2024-12-09T10:54:36+00:00\",\"description\":\"Neue Studie zeigt: Viele Schweizer empfinden mangelnde Ausschaffung straff\u00e4lliger Ausl\u00e4nder und wirtschaftliche Entwicklung als ungerecht.\",\"breadcrumb\":{\"@id\":\"https:\\\/\\\/www.organisator.ch\\\/marketing\\\/2024-12-09\\\/ungerechtigkeit-spaltet-die-schweiz-gerechtigkeits-barometer-liefert-einblicke\\\/#breadcrumb\"},\"inLanguage\":\"it-IT\",\"potentialAction\":[{\"@type\":\"ReadAction\",\"target\":[\"https:\\\/\\\/www.organisator.ch\\\/marketing\\\/2024-12-09\\\/ungerechtigkeit-spaltet-die-schweiz-gerechtigkeits-barometer-liefert-einblicke\\\/\"]}]},{\"@type\":\"ImageObject\",\"inLanguage\":\"it-IT\",\"@id\":\"https:\\\/\\\/www.organisator.ch\\\/marketing\\\/2024-12-09\\\/ungerechtigkeit-spaltet-die-schweiz-gerechtigkeits-barometer-liefert-einblicke\\\/#primaryimage\",\"url\":\"https:\\\/\\\/www.markt-kom.com\\\/wp-content\\\/uploads\\\/2024\\\/12\\\/09e95154-2e25-18db-f9b7-c2e76d96b5e2.png\",\"contentUrl\":\"https:\\\/\\\/www.markt-kom.com\\\/wp-content\\\/uploads\\\/2024\\\/12\\\/09e95154-2e25-18db-f9b7-c2e76d96b5e2.png\"},{\"@type\":\"BreadcrumbList\",\"@id\":\"https:\\\/\\\/www.organisator.ch\\\/marketing\\\/2024-12-09\\\/ungerechtigkeit-spaltet-die-schweiz-gerechtigkeits-barometer-liefert-einblicke\\\/#breadcrumb\",\"itemListElement\":[{\"@type\":\"ListItem\",\"position\":1,\"name\":\"Home\",\"item\":\"https:\\\/\\\/www.organisator.ch\\\/\"},{\"@type\":\"ListItem\",\"position\":2,\"name\":\"Ungerechtigkeit spaltet die Schweiz: Gerechtigkeits-Barometer liefert Einblicke\"}]},{\"@type\":\"WebSite\",\"@id\":\"https:\\\/\\\/www.organisator.ch\\\/#website\",\"url\":\"https:\\\/\\\/www.organisator.ch\\\/\",\"name\":\"Organisator\",\"description\":\"Kompetent. Praxisnah. Der ORGANISATOR bereitet in 10 Ausgaben pro Jahr die wesentlichen Themen f\u00fcr F\u00fchrungskr\u00e4fte von KMU auf.\",\"publisher\":{\"@id\":\"https:\\\/\\\/www.organisator.ch\\\/#organization\"},\"potentialAction\":[{\"@type\":\"SearchAction\",\"target\":{\"@type\":\"EntryPoint\",\"urlTemplate\":\"https:\\\/\\\/www.organisator.ch\\\/?s={search_term_string}\"},\"query-input\":{\"@type\":\"PropertyValueSpecification\",\"valueRequired\":true,\"valueName\":\"search_term_string\"}}],\"inLanguage\":\"it-IT\"},{\"@type\":\"Organization\",\"@id\":\"https:\\\/\\\/www.organisator.ch\\\/#organization\",\"name\":\"Organisator\",\"url\":\"https:\\\/\\\/www.organisator.ch\\\/\",\"logo\":{\"@type\":\"ImageObject\",\"inLanguage\":\"it-IT\",\"@id\":\"https:\\\/\\\/www.organisator.ch\\\/#\\\/schema\\\/logo\\\/image\\\/\",\"url\":\"https:\\\/\\\/www.organisator.ch\\\/wp-content\\\/uploads\\\/2022\\\/01\\\/Logo_Organisator_Website.png\",\"contentUrl\":\"https:\\\/\\\/www.organisator.ch\\\/wp-content\\\/uploads\\\/2022\\\/01\\\/Logo_Organisator_Website.png\",\"width\":800,\"height\":77,\"caption\":\"Organisator\"},\"image\":{\"@id\":\"https:\\\/\\\/www.organisator.ch\\\/#\\\/schema\\\/logo\\\/image\\\/\"},\"sameAs\":[\"https:\\\/\\\/www.facebook.com\\\/OrganisatorFachmagazin\",\"https:\\\/\\\/www.linkedin.com\\\/showcase\\\/organisator-das-magazin-fr-kmu\",\"https:\\\/\\\/www.xing.com\\\/news\\\/pages\\\/organisator-ch-695\",\"https:\\\/\\\/www.youtube.com\\\/channel\\\/UCGP2Sq0iWaZwT3BdIAQFYpw\"]},{\"@type\":\"Person\",\"@id\":\"https:\\\/\\\/www.organisator.ch\\\/#\\\/schema\\\/person\\\/4e51799071cd2dd1232ac003643ef5f0\",\"name\":\"galledia\",\"image\":{\"@type\":\"ImageObject\",\"inLanguage\":\"it-IT\",\"@id\":\"https:\\\/\\\/secure.gravatar.com\\\/avatar\\\/78a7f90c01fc2bfc875782a0d4922b37cde2cf184ce347b91316d23cd7f69a36?s=96&d=mm&r=g\",\"url\":\"https:\\\/\\\/secure.gravatar.com\\\/avatar\\\/78a7f90c01fc2bfc875782a0d4922b37cde2cf184ce347b91316d23cd7f69a36?s=96&d=mm&r=g\",\"contentUrl\":\"https:\\\/\\\/secure.gravatar.com\\\/avatar\\\/78a7f90c01fc2bfc875782a0d4922b37cde2cf184ce347b91316d23cd7f69a36?s=96&d=mm&r=g\",\"caption\":\"galledia\"},\"sameAs\":[\"https:\\\/\\\/x.com\\\/admin\"],\"url\":\"https:\\\/\\\/www.organisator.ch\\\/it\\\/author\\\/galledia\\\/\"}]}<\/script>\n<!-- \/ Yoast SEO plugin. -->","yoast_head_json":{"title":"L'ingiustizia divide la Svizzera: il Barometro della Giustizia fornisce indicazioni - Organizzatore","description":"Un nuovo studio dimostra che molti svizzeri ritengono che la mancata espulsione dei criminali stranieri e lo sviluppo economico siano ingiusti.","robots":{"index":"index","follow":"follow","max-snippet":"max-snippet:-1","max-image-preview":"max-image-preview:large","max-video-preview":"max-video-preview:-1"},"canonical":"https:\/\/www.organisator.ch\/it\/marketing\/2024-12-09\/ungerechtigkeit-spaltet-die-schweiz-gerechtigkeits-barometer-liefert-einblicke\/","og_locale":"it_IT","og_type":"article","og_title":"Ungerechtigkeit spaltet die Schweiz: Gerechtigkeits-Barometer liefert Einblicke - Organisator","og_description":"Neue Studie zeigt: Viele Schweizer empfinden mangelnde Ausschaffung straff\u00e4lliger Ausl\u00e4nder und wirtschaftliche Entwicklung als ungerecht.","og_url":"https:\/\/www.organisator.ch\/it\/marketing\/2024-12-09\/ungerechtigkeit-spaltet-die-schweiz-gerechtigkeits-barometer-liefert-einblicke\/","og_site_name":"Organisator","article_publisher":"https:\/\/www.facebook.com\/OrganisatorFachmagazin","article_published_time":"2024-12-09T09:10:57+00:00","article_modified_time":"2024-12-09T10:54:36+00:00","author":"galledia","twitter_card":"summary_large_image","twitter_creator":"@admin","schema":{"@context":"https:\/\/schema.org","@graph":[{"@type":"Article","@id":"https:\/\/www.organisator.ch\/marketing\/2024-12-09\/ungerechtigkeit-spaltet-die-schweiz-gerechtigkeits-barometer-liefert-einblicke\/#article","isPartOf":{"@id":"https:\/\/www.organisator.ch\/marketing\/2024-12-09\/ungerechtigkeit-spaltet-die-schweiz-gerechtigkeits-barometer-liefert-einblicke\/"},"author":{"name":"galledia","@id":"https:\/\/www.organisator.ch\/#\/schema\/person\/4e51799071cd2dd1232ac003643ef5f0"},"headline":"Ungerechtigkeit spaltet die Schweiz: Gerechtigkeits-Barometer liefert Einblicke","datePublished":"2024-12-09T09:10:57+00:00","dateModified":"2024-12-09T10:54:36+00:00","mainEntityOfPage":{"@id":"https:\/\/www.organisator.ch\/marketing\/2024-12-09\/ungerechtigkeit-spaltet-die-schweiz-gerechtigkeits-barometer-liefert-einblicke\/"},"wordCount":219,"publisher":{"@id":"https:\/\/www.organisator.ch\/#organization"},"image":{"@id":"https:\/\/www.organisator.ch\/marketing\/2024-12-09\/ungerechtigkeit-spaltet-die-schweiz-gerechtigkeits-barometer-liefert-einblicke\/#primaryimage"},"thumbnailUrl":"https:\/\/www.markt-kom.com\/wp-content\/uploads\/2024\/12\/09e95154-2e25-18db-f9b7-c2e76d96b5e2.png","keywords":["Beobachter","MarKom"],"articleSection":["MARKETING"],"inLanguage":"it-IT"},{"@type":"WebPage","@id":"https:\/\/www.organisator.ch\/marketing\/2024-12-09\/ungerechtigkeit-spaltet-die-schweiz-gerechtigkeits-barometer-liefert-einblicke\/","url":"https:\/\/www.organisator.ch\/marketing\/2024-12-09\/ungerechtigkeit-spaltet-die-schweiz-gerechtigkeits-barometer-liefert-einblicke\/","name":"L'ingiustizia divide la Svizzera: il Barometro della Giustizia fornisce indicazioni - Organizzatore","isPartOf":{"@id":"https:\/\/www.organisator.ch\/#website"},"primaryImageOfPage":{"@id":"https:\/\/www.organisator.ch\/marketing\/2024-12-09\/ungerechtigkeit-spaltet-die-schweiz-gerechtigkeits-barometer-liefert-einblicke\/#primaryimage"},"image":{"@id":"https:\/\/www.organisator.ch\/marketing\/2024-12-09\/ungerechtigkeit-spaltet-die-schweiz-gerechtigkeits-barometer-liefert-einblicke\/#primaryimage"},"thumbnailUrl":"https:\/\/www.markt-kom.com\/wp-content\/uploads\/2024\/12\/09e95154-2e25-18db-f9b7-c2e76d96b5e2.png","datePublished":"2024-12-09T09:10:57+00:00","dateModified":"2024-12-09T10:54:36+00:00","description":"Un nuovo studio dimostra che molti svizzeri ritengono che la mancata espulsione dei criminali stranieri e lo sviluppo economico siano ingiusti.","breadcrumb":{"@id":"https:\/\/www.organisator.ch\/marketing\/2024-12-09\/ungerechtigkeit-spaltet-die-schweiz-gerechtigkeits-barometer-liefert-einblicke\/#breadcrumb"},"inLanguage":"it-IT","potentialAction":[{"@type":"ReadAction","target":["https:\/\/www.organisator.ch\/marketing\/2024-12-09\/ungerechtigkeit-spaltet-die-schweiz-gerechtigkeits-barometer-liefert-einblicke\/"]}]},{"@type":"ImageObject","inLanguage":"it-IT","@id":"https:\/\/www.organisator.ch\/marketing\/2024-12-09\/ungerechtigkeit-spaltet-die-schweiz-gerechtigkeits-barometer-liefert-einblicke\/#primaryimage","url":"https:\/\/www.markt-kom.com\/wp-content\/uploads\/2024\/12\/09e95154-2e25-18db-f9b7-c2e76d96b5e2.png","contentUrl":"https:\/\/www.markt-kom.com\/wp-content\/uploads\/2024\/12\/09e95154-2e25-18db-f9b7-c2e76d96b5e2.png"},{"@type":"BreadcrumbList","@id":"https:\/\/www.organisator.ch\/marketing\/2024-12-09\/ungerechtigkeit-spaltet-die-schweiz-gerechtigkeits-barometer-liefert-einblicke\/#breadcrumb","itemListElement":[{"@type":"ListItem","position":1,"name":"Home","item":"https:\/\/www.organisator.ch\/"},{"@type":"ListItem","position":2,"name":"Ungerechtigkeit spaltet die Schweiz: Gerechtigkeits-Barometer liefert Einblicke"}]},{"@type":"WebSite","@id":"https:\/\/www.organisator.ch\/#website","url":"https:\/\/www.organisator.ch\/","name":"Organizzatore","description":"Competente. Pratico. In 10 numeri all'anno, ORGANISATOR presenta i temi essenziali per i manager delle PMI.","publisher":{"@id":"https:\/\/www.organisator.ch\/#organization"},"potentialAction":[{"@type":"SearchAction","target":{"@type":"EntryPoint","urlTemplate":"https:\/\/www.organisator.ch\/?s={search_term_string}"},"query-input":{"@type":"PropertyValueSpecification","valueRequired":true,"valueName":"search_term_string"}}],"inLanguage":"it-IT"},{"@type":"Organization","@id":"https:\/\/www.organisator.ch\/#organization","name":"Organizzatore","url":"https:\/\/www.organisator.ch\/","logo":{"@type":"ImageObject","inLanguage":"it-IT","@id":"https:\/\/www.organisator.ch\/#\/schema\/logo\/image\/","url":"https:\/\/www.organisator.ch\/wp-content\/uploads\/2022\/01\/Logo_Organisator_Website.png","contentUrl":"https:\/\/www.organisator.ch\/wp-content\/uploads\/2022\/01\/Logo_Organisator_Website.png","width":800,"height":77,"caption":"Organisator"},"image":{"@id":"https:\/\/www.organisator.ch\/#\/schema\/logo\/image\/"},"sameAs":["https:\/\/www.facebook.com\/OrganisatorFachmagazin","https:\/\/www.linkedin.com\/showcase\/organisator-das-magazin-fr-kmu","https:\/\/www.xing.com\/news\/pages\/organisator-ch-695","https:\/\/www.youtube.com\/channel\/UCGP2Sq0iWaZwT3BdIAQFYpw"]},{"@type":"Person","@id":"https:\/\/www.organisator.ch\/#\/schema\/person\/4e51799071cd2dd1232ac003643ef5f0","name":"galledia","image":{"@type":"ImageObject","inLanguage":"it-IT","@id":"https:\/\/secure.gravatar.com\/avatar\/78a7f90c01fc2bfc875782a0d4922b37cde2cf184ce347b91316d23cd7f69a36?s=96&d=mm&r=g","url":"https:\/\/secure.gravatar.com\/avatar\/78a7f90c01fc2bfc875782a0d4922b37cde2cf184ce347b91316d23cd7f69a36?s=96&d=mm&r=g","contentUrl":"https:\/\/secure.gravatar.com\/avatar\/78a7f90c01fc2bfc875782a0d4922b37cde2cf184ce347b91316d23cd7f69a36?s=96&d=mm&r=g","caption":"galledia"},"sameAs":["https:\/\/x.com\/admin"],"url":"https:\/\/www.organisator.ch\/it\/author\/galledia\/"}]}},"_links":{"self":[{"href":"https:\/\/www.organisator.ch\/it\/wp-json\/wp\/v2\/posts\/34536","targetHints":{"allow":["GET"]}}],"collection":[{"href":"https:\/\/www.organisator.ch\/it\/wp-json\/wp\/v2\/posts"}],"about":[{"href":"https:\/\/www.organisator.ch\/it\/wp-json\/wp\/v2\/types\/post"}],"author":[{"embeddable":true,"href":"https:\/\/www.organisator.ch\/it\/wp-json\/wp\/v2\/users\/8"}],"replies":[{"embeddable":true,"href":"https:\/\/www.organisator.ch\/it\/wp-json\/wp\/v2\/comments?post=34536"}],"version-history":[{"count":3,"href":"https:\/\/www.organisator.ch\/it\/wp-json\/wp\/v2\/posts\/34536\/revisions"}],"predecessor-version":[{"id":34539,"href":"https:\/\/www.organisator.ch\/it\/wp-json\/wp\/v2\/posts\/34536\/revisions\/34539"}],"wp:attachment":[{"href":"https:\/\/www.organisator.ch\/it\/wp-json\/wp\/v2\/media?parent=34536"}],"wp:term":[{"taxonomy":"category","embeddable":true,"href":"https:\/\/www.organisator.ch\/it\/wp-json\/wp\/v2\/categories?post=34536"},{"taxonomy":"post_tag","embeddable":true,"href":"https:\/\/www.organisator.ch\/it\/wp-json\/wp\/v2\/tags?post=34536"}],"curies":[{"name":"wp","href":"https:\/\/api.w.org\/{rel}","templated":true}]}}