{"id":34556,"date":"2024-12-09T13:28:44","date_gmt":"2024-12-09T12:28:44","guid":{"rendered":"https:\/\/www.markt-kom.com\/?p=227947"},"modified":"2024-12-09T15:54:31","modified_gmt":"2024-12-09T14:54:31","slug":"havas-social-gewinnt-buenting-gruppe-neuer-schwung-fuer-die-digitale-markenfuehrung","status":"publish","type":"post","link":"https:\/\/www.organisator.ch\/it\/marketing\/2024-12-09\/havas-social-gewinnt-buenting-gruppe-neuer-schwung-fuer-die-digitale-markenfuehrung\/","title":{"rendered":"Havas Social conquista il Gruppo B\u00fcnting: nuovo slancio per la gestione digitale del marchio"},"content":{"rendered":"<p><a href=\"https:\/\/www.markt-kom.com\/wp-content\/uploads\/2024\/12\/Logo_Havas_Social_Secondary.png\"><img class=\"alignnone size-full wp-image-227951\" src=\"https:\/\/www.markt-kom.com\/wp-content\/uploads\/2024\/12\/Logo_Havas_Social_Secondary.png\" sizes=\"(max-width: 5582px) 100vw, 5582px\" srcset=\"https:\/\/www.markt-kom.com\/wp-content\/uploads\/2024\/12\/Logo_Havas_Social_Secondary.png 1300w, https:\/\/www.markt-kom.com\/wp-content\/uploads\/2024\/12\/Logo_Havas_Social_Secondary-600x341.png 600w, https:\/\/www.markt-kom.com\/wp-content\/uploads\/2024\/12\/Logo_Havas_Social_Secondary-1024x582.png 1024w, https:\/\/www.markt-kom.com\/wp-content\/uploads\/2024\/12\/Logo_Havas_Social_Secondary-768x437.png 768w, https:\/\/www.markt-kom.com\/wp-content\/uploads\/2024\/12\/Logo_Havas_Social_Secondary-1536x874.png 1536w, https:\/\/www.markt-kom.com\/wp-content\/uploads\/2024\/12\/Logo_Havas_Social_Secondary-2048x1165.png 2048w, https:\/\/www.markt-kom.com\/wp-content\/uploads\/2024\/12\/Logo_Havas_Social_Secondary-18x10.png 18w, https:\/\/www.markt-kom.com\/wp-content\/uploads\/2024\/12\/Logo_Havas_Social_Secondary-308x175.png 308w, https:\/\/www.markt-kom.com\/wp-content\/uploads\/2024\/12\/Logo_Havas_Social_Secondary-615x350.png 615w, https:\/\/www.markt-kom.com\/wp-content\/uploads\/2024\/12\/Logo_Havas_Social_Secondary-1000x569.png 1000w\" alt=\"\" width=\"5582\" height=\"3175\" \/><\/a><\/p>\r\n<p>Il Gruppo B\u00fcnting, un attore affermato nel settore della vendita al dettaglio di prodotti alimentari, ha scelto Havas Social come nuova agenzia partner. L'agenzia ha vinto il pitch contro due concorrenti e si occuper\u00e0 della gestione digitale del marchio a partire da gennaio 2025. Dalle attivazioni sui social media alla gestione della comunit\u00e0 e alla creazione di contenuti, Havas Social sar\u00e0 responsabile di tutte le aree rilevanti.<\/p>\r\n<p>Birgit Schr\u00f6der, responsabile dello sviluppo aziendale, del marketing e della sostenibilit\u00e0 del Gruppo B\u00fcnting, ha elogiato la strategia su misura: \"Havas Social ci ha impressionato con un concetto personalizzato che coglie con precisione le nostre sfide nella vendita al dettaglio di generi alimentari e le traduce in soluzioni innovative\". Ha sottolineato in particolare la comprensione dei marchi Combi e Famila Nordwest, che costituisce la base per un nuovo impulso e un migliore approccio al cliente.<\/p>\r\n<h3><strong>Un legame con la tradizione<\/strong><\/h3>\r\n<p>La collaborazione tra Havas Social e B\u00fcnting ha una lunga storia. Anche prima della creazione della nuova unit\u00e0, HRZN, che \u00e8 stata fusa in Havas Social, si occupava del Gruppo B\u00fcnting da otto anni. Il ritorno non \u00e8 quindi solo un successo commerciale, ma anche una decisione emotiva. \"B\u00fcnting \u00e8 stato uno dei nostri primi clienti e il ritorno \u00e8 una questione che mi sta a cuore\", spiega Stephan Lachmann, amministratore delegato di Havas Social.<\/p>\r\n<h3><strong>Havas Social: social-first con sostanza<\/strong><\/h3>\r\n<p>Havas Social, in qualit\u00e0 di one-stop shop per soluzioni olistiche per i social media, offre un'esperienza completa, dalla consulenza alla strategia, dalla creazione di contenuti alla gestione delle community. L'agenzia pone particolare enfasi sul \"social first\" e utilizza i propri studi di contenuti per creare campagne accattivanti che connettono i marchi con il loro pubblico a lungo termine. Con molti anni di esperienza nei settori FMCG, food &amp; beverage e altri settori chiave, Havas Social \u00e8 il partner ideale per aziende come B\u00fcnting.<\/p>\r\n<h3><strong>Una dichiarazione per visioni condivise<\/strong><\/h3>\r\n<p>La rinnovata collaborazione segna una tappa significativa. \"Insieme abbiamo stabilito degli standard in passato\", continua Lachmann. La partnership \u00e8 una forte dichiarazione di fiducia e di visioni condivise che ridefiniranno la vendita al dettaglio di prodotti alimentari in modo digitale\".<\/p>\r\n<p><a href=\"https:\/\/www.markt-kom.com\/wp-content\/uploads\/2024\/12\/Stephan-Lachmann-scaled.jpg\"><img class=\"alignnone size-full wp-image-227949\" src=\"https:\/\/www.markt-kom.com\/wp-content\/uploads\/2024\/12\/Stephan-Lachmann-scaled.jpg\" sizes=\"(max-width: 1050px) 100vw, 1050px\" srcset=\"https:\/\/www.markt-kom.com\/wp-content\/uploads\/2024\/12\/Stephan-Lachmann-scaled.jpg 750w, https:\/\/www.markt-kom.com\/wp-content\/uploads\/2024\/12\/Stephan-Lachmann-450x600.jpg 450w, https:\/\/www.markt-kom.com\/wp-content\/uploads\/2024\/12\/Stephan-Lachmann-768x1024.jpg 768w, https:\/\/www.markt-kom.com\/wp-content\/uploads\/2024\/12\/Stephan-Lachmann-1152x1536.jpg 1152w, https:\/\/www.markt-kom.com\/wp-content\/uploads\/2024\/12\/Stephan-Lachmann-1536x2048.jpg 1536w, https:\/\/www.markt-kom.com\/wp-content\/uploads\/2024\/12\/Stephan-Lachmann-9x12.jpg 9w, https:\/\/www.markt-kom.com\/wp-content\/uploads\/2024\/12\/Stephan-Lachmann-131x175.jpg 131w, https:\/\/www.markt-kom.com\/wp-content\/uploads\/2024\/12\/Stephan-Lachmann-262x350.jpg 262w, https:\/\/www.markt-kom.com\/wp-content\/uploads\/2024\/12\/Stephan-Lachmann-600x800.jpg 600w\" alt=\"\" width=\"1050\" height=\"1400\" \/><\/a><\/p>","protected":false},"excerpt":{"rendered":"<p>A seguito di un pitch di successo, Havas Social assumer\u00e0 la gestione del marchio digitale del Gruppo B\u00fcnting a partire da gennaio 2025. Con concetti innovativi e una profonda conoscenza del settore, l'obiettivo \u00e8 quello di ottimizzare ulteriormente l'approccio ai clienti di Combi e famila Nordwest.<\/p>","protected":false},"author":8,"featured_media":0,"comment_status":"closed","ping_status":"closed","sticky":false,"template":"","format":"standard","meta":{"_acf_changed":false,"_yoast_wpseo_focuskw":"Havas Social B\u00fcnting-Gruppe","_yoast_wpseo_metadesc":"Havas Social \u00fcbernimmt ab Januar 2025 die digitale Markenf\u00fchrung der B\u00fcnting-Gruppe mit innovativen Konzepten und Branchenverst\u00e4ndnis.","articlekey":"","footnotes":""},"categories":[29],"tags":[4345,4930],"class_list":["post-34556","post","type-post","status-publish","format-standard","hentry","category-marketing","tag-business","tag-havas-social"],"acf":[],"yoast_head":"<!-- This site is optimized with the Yoast SEO plugin v27.5 - https:\/\/yoast.com\/product\/yoast-seo-wordpress\/ -->\n<title>Havas Social gewinnt B\u00fcnting-Gruppe: Neuer Schwung f\u00fcr die digitale Markenf\u00fchrung - Organisator<\/title>\n<meta name=\"description\" content=\"Havas Social \u00fcbernimmt ab Januar 2025 die digitale Markenf\u00fchrung der B\u00fcnting-Gruppe mit innovativen Konzepten und Branchenverst\u00e4ndnis.\" \/>\n<meta name=\"robots\" content=\"index, follow, max-snippet:-1, max-image-preview:large, max-video-preview:-1\" \/>\n<link rel=\"canonical\" href=\"https:\/\/www.organisator.ch\/it\/marketing\/2024-12-09\/havas-social-gewinnt-buenting-gruppe-neuer-schwung-fuer-die-digitale-markenfuehrung\/\" \/>\n<meta property=\"og:locale\" content=\"it_IT\" \/>\n<meta property=\"og:type\" content=\"article\" \/>\n<meta property=\"og:title\" content=\"Havas Social gewinnt B\u00fcnting-Gruppe: Neuer Schwung f\u00fcr die digitale Markenf\u00fchrung - Organisator\" \/>\n<meta property=\"og:description\" content=\"Havas Social \u00fcbernimmt ab Januar 2025 die digitale Markenf\u00fchrung der B\u00fcnting-Gruppe mit innovativen Konzepten und Branchenverst\u00e4ndnis.\" \/>\n<meta property=\"og:url\" content=\"https:\/\/www.organisator.ch\/it\/marketing\/2024-12-09\/havas-social-gewinnt-buenting-gruppe-neuer-schwung-fuer-die-digitale-markenfuehrung\/\" \/>\n<meta property=\"og:site_name\" content=\"Organisator\" \/>\n<meta property=\"article:publisher\" content=\"https:\/\/www.facebook.com\/OrganisatorFachmagazin\" \/>\n<meta property=\"article:published_time\" content=\"2024-12-09T12:28:44+00:00\" \/>\n<meta property=\"article:modified_time\" content=\"2024-12-09T14:54:31+00:00\" \/>\n<meta name=\"author\" content=\"galledia\" \/>\n<meta name=\"twitter:card\" content=\"summary_large_image\" \/>\n<meta name=\"twitter:creator\" content=\"@admin\" \/>\n<script type=\"application\/ld+json\" class=\"yoast-schema-graph\">{\"@context\":\"https:\\\/\\\/schema.org\",\"@graph\":[{\"@type\":\"Article\",\"@id\":\"https:\\\/\\\/www.organisator.ch\\\/marketing\\\/2024-12-09\\\/havas-social-gewinnt-buenting-gruppe-neuer-schwung-fuer-die-digitale-markenfuehrung\\\/#article\",\"isPartOf\":{\"@id\":\"https:\\\/\\\/www.organisator.ch\\\/marketing\\\/2024-12-09\\\/havas-social-gewinnt-buenting-gruppe-neuer-schwung-fuer-die-digitale-markenfuehrung\\\/\"},\"author\":{\"name\":\"galledia\",\"@id\":\"https:\\\/\\\/www.organisator.ch\\\/#\\\/schema\\\/person\\\/4e51799071cd2dd1232ac003643ef5f0\"},\"headline\":\"Havas Social gewinnt B\u00fcnting-Gruppe: Neuer Schwung f\u00fcr die digitale Markenf\u00fchrung\",\"datePublished\":\"2024-12-09T12:28:44+00:00\",\"dateModified\":\"2024-12-09T14:54:31+00:00\",\"mainEntityOfPage\":{\"@id\":\"https:\\\/\\\/www.organisator.ch\\\/marketing\\\/2024-12-09\\\/havas-social-gewinnt-buenting-gruppe-neuer-schwung-fuer-die-digitale-markenfuehrung\\\/\"},\"wordCount\":333,\"publisher\":{\"@id\":\"https:\\\/\\\/www.organisator.ch\\\/#organization\"},\"image\":{\"@id\":\"https:\\\/\\\/www.organisator.ch\\\/marketing\\\/2024-12-09\\\/havas-social-gewinnt-buenting-gruppe-neuer-schwung-fuer-die-digitale-markenfuehrung\\\/#primaryimage\"},\"thumbnailUrl\":\"https:\\\/\\\/www.markt-kom.com\\\/wp-content\\\/uploads\\\/2024\\\/12\\\/Logo_Havas_Social_Secondary.png\",\"keywords\":[\"Business\",\"Havas Social\"],\"articleSection\":[\"MARKETING\"],\"inLanguage\":\"it-IT\"},{\"@type\":\"WebPage\",\"@id\":\"https:\\\/\\\/www.organisator.ch\\\/marketing\\\/2024-12-09\\\/havas-social-gewinnt-buenting-gruppe-neuer-schwung-fuer-die-digitale-markenfuehrung\\\/\",\"url\":\"https:\\\/\\\/www.organisator.ch\\\/marketing\\\/2024-12-09\\\/havas-social-gewinnt-buenting-gruppe-neuer-schwung-fuer-die-digitale-markenfuehrung\\\/\",\"name\":\"Havas Social gewinnt B\u00fcnting-Gruppe: Neuer Schwung f\u00fcr die digitale Markenf\u00fchrung - Organisator\",\"isPartOf\":{\"@id\":\"https:\\\/\\\/www.organisator.ch\\\/#website\"},\"primaryImageOfPage\":{\"@id\":\"https:\\\/\\\/www.organisator.ch\\\/marketing\\\/2024-12-09\\\/havas-social-gewinnt-buenting-gruppe-neuer-schwung-fuer-die-digitale-markenfuehrung\\\/#primaryimage\"},\"image\":{\"@id\":\"https:\\\/\\\/www.organisator.ch\\\/marketing\\\/2024-12-09\\\/havas-social-gewinnt-buenting-gruppe-neuer-schwung-fuer-die-digitale-markenfuehrung\\\/#primaryimage\"},\"thumbnailUrl\":\"https:\\\/\\\/www.markt-kom.com\\\/wp-content\\\/uploads\\\/2024\\\/12\\\/Logo_Havas_Social_Secondary.png\",\"datePublished\":\"2024-12-09T12:28:44+00:00\",\"dateModified\":\"2024-12-09T14:54:31+00:00\",\"description\":\"Havas Social \u00fcbernimmt ab Januar 2025 die digitale Markenf\u00fchrung der B\u00fcnting-Gruppe mit innovativen Konzepten und Branchenverst\u00e4ndnis.\",\"breadcrumb\":{\"@id\":\"https:\\\/\\\/www.organisator.ch\\\/marketing\\\/2024-12-09\\\/havas-social-gewinnt-buenting-gruppe-neuer-schwung-fuer-die-digitale-markenfuehrung\\\/#breadcrumb\"},\"inLanguage\":\"it-IT\",\"potentialAction\":[{\"@type\":\"ReadAction\",\"target\":[\"https:\\\/\\\/www.organisator.ch\\\/marketing\\\/2024-12-09\\\/havas-social-gewinnt-buenting-gruppe-neuer-schwung-fuer-die-digitale-markenfuehrung\\\/\"]}]},{\"@type\":\"ImageObject\",\"inLanguage\":\"it-IT\",\"@id\":\"https:\\\/\\\/www.organisator.ch\\\/marketing\\\/2024-12-09\\\/havas-social-gewinnt-buenting-gruppe-neuer-schwung-fuer-die-digitale-markenfuehrung\\\/#primaryimage\",\"url\":\"https:\\\/\\\/www.markt-kom.com\\\/wp-content\\\/uploads\\\/2024\\\/12\\\/Logo_Havas_Social_Secondary.png\",\"contentUrl\":\"https:\\\/\\\/www.markt-kom.com\\\/wp-content\\\/uploads\\\/2024\\\/12\\\/Logo_Havas_Social_Secondary.png\"},{\"@type\":\"BreadcrumbList\",\"@id\":\"https:\\\/\\\/www.organisator.ch\\\/marketing\\\/2024-12-09\\\/havas-social-gewinnt-buenting-gruppe-neuer-schwung-fuer-die-digitale-markenfuehrung\\\/#breadcrumb\",\"itemListElement\":[{\"@type\":\"ListItem\",\"position\":1,\"name\":\"Home\",\"item\":\"https:\\\/\\\/www.organisator.ch\\\/\"},{\"@type\":\"ListItem\",\"position\":2,\"name\":\"Havas Social gewinnt B\u00fcnting-Gruppe: Neuer Schwung f\u00fcr die digitale Markenf\u00fchrung\"}]},{\"@type\":\"WebSite\",\"@id\":\"https:\\\/\\\/www.organisator.ch\\\/#website\",\"url\":\"https:\\\/\\\/www.organisator.ch\\\/\",\"name\":\"Organisator\",\"description\":\"Kompetent. Praxisnah. Der ORGANISATOR bereitet in 10 Ausgaben pro Jahr die wesentlichen Themen f\u00fcr F\u00fchrungskr\u00e4fte von KMU auf.\",\"publisher\":{\"@id\":\"https:\\\/\\\/www.organisator.ch\\\/#organization\"},\"potentialAction\":[{\"@type\":\"SearchAction\",\"target\":{\"@type\":\"EntryPoint\",\"urlTemplate\":\"https:\\\/\\\/www.organisator.ch\\\/?s={search_term_string}\"},\"query-input\":{\"@type\":\"PropertyValueSpecification\",\"valueRequired\":true,\"valueName\":\"search_term_string\"}}],\"inLanguage\":\"it-IT\"},{\"@type\":\"Organization\",\"@id\":\"https:\\\/\\\/www.organisator.ch\\\/#organization\",\"name\":\"Organisator\",\"url\":\"https:\\\/\\\/www.organisator.ch\\\/\",\"logo\":{\"@type\":\"ImageObject\",\"inLanguage\":\"it-IT\",\"@id\":\"https:\\\/\\\/www.organisator.ch\\\/#\\\/schema\\\/logo\\\/image\\\/\",\"url\":\"https:\\\/\\\/www.organisator.ch\\\/wp-content\\\/uploads\\\/2022\\\/01\\\/Logo_Organisator_Website.png\",\"contentUrl\":\"https:\\\/\\\/www.organisator.ch\\\/wp-content\\\/uploads\\\/2022\\\/01\\\/Logo_Organisator_Website.png\",\"width\":800,\"height\":77,\"caption\":\"Organisator\"},\"image\":{\"@id\":\"https:\\\/\\\/www.organisator.ch\\\/#\\\/schema\\\/logo\\\/image\\\/\"},\"sameAs\":[\"https:\\\/\\\/www.facebook.com\\\/OrganisatorFachmagazin\",\"https:\\\/\\\/www.linkedin.com\\\/showcase\\\/organisator-das-magazin-fr-kmu\",\"https:\\\/\\\/www.xing.com\\\/news\\\/pages\\\/organisator-ch-695\",\"https:\\\/\\\/www.youtube.com\\\/channel\\\/UCGP2Sq0iWaZwT3BdIAQFYpw\"]},{\"@type\":\"Person\",\"@id\":\"https:\\\/\\\/www.organisator.ch\\\/#\\\/schema\\\/person\\\/4e51799071cd2dd1232ac003643ef5f0\",\"name\":\"galledia\",\"image\":{\"@type\":\"ImageObject\",\"inLanguage\":\"it-IT\",\"@id\":\"https:\\\/\\\/secure.gravatar.com\\\/avatar\\\/78a7f90c01fc2bfc875782a0d4922b37cde2cf184ce347b91316d23cd7f69a36?s=96&d=mm&r=g\",\"url\":\"https:\\\/\\\/secure.gravatar.com\\\/avatar\\\/78a7f90c01fc2bfc875782a0d4922b37cde2cf184ce347b91316d23cd7f69a36?s=96&d=mm&r=g\",\"contentUrl\":\"https:\\\/\\\/secure.gravatar.com\\\/avatar\\\/78a7f90c01fc2bfc875782a0d4922b37cde2cf184ce347b91316d23cd7f69a36?s=96&d=mm&r=g\",\"caption\":\"galledia\"},\"sameAs\":[\"https:\\\/\\\/x.com\\\/admin\"],\"url\":\"https:\\\/\\\/www.organisator.ch\\\/it\\\/author\\\/galledia\\\/\"}]}<\/script>\n<!-- \/ Yoast SEO plugin. -->","yoast_head_json":{"title":"Havas Social conquista il Gruppo B\u00fcnting: nuovo slancio per la gestione digitale del marchio - Organizzatore","description":"A partire da gennaio 2025, Havas Social si occuper\u00e0 della gestione del marchio digitale del Gruppo B\u00fcnting con concetti innovativi ed esperienza nel settore.","robots":{"index":"index","follow":"follow","max-snippet":"max-snippet:-1","max-image-preview":"max-image-preview:large","max-video-preview":"max-video-preview:-1"},"canonical":"https:\/\/www.organisator.ch\/it\/marketing\/2024-12-09\/havas-social-gewinnt-buenting-gruppe-neuer-schwung-fuer-die-digitale-markenfuehrung\/","og_locale":"it_IT","og_type":"article","og_title":"Havas Social gewinnt B\u00fcnting-Gruppe: Neuer Schwung f\u00fcr die digitale Markenf\u00fchrung - Organisator","og_description":"Havas Social \u00fcbernimmt ab Januar 2025 die digitale Markenf\u00fchrung der B\u00fcnting-Gruppe mit innovativen Konzepten und Branchenverst\u00e4ndnis.","og_url":"https:\/\/www.organisator.ch\/it\/marketing\/2024-12-09\/havas-social-gewinnt-buenting-gruppe-neuer-schwung-fuer-die-digitale-markenfuehrung\/","og_site_name":"Organisator","article_publisher":"https:\/\/www.facebook.com\/OrganisatorFachmagazin","article_published_time":"2024-12-09T12:28:44+00:00","article_modified_time":"2024-12-09T14:54:31+00:00","author":"galledia","twitter_card":"summary_large_image","twitter_creator":"@admin","schema":{"@context":"https:\/\/schema.org","@graph":[{"@type":"Article","@id":"https:\/\/www.organisator.ch\/marketing\/2024-12-09\/havas-social-gewinnt-buenting-gruppe-neuer-schwung-fuer-die-digitale-markenfuehrung\/#article","isPartOf":{"@id":"https:\/\/www.organisator.ch\/marketing\/2024-12-09\/havas-social-gewinnt-buenting-gruppe-neuer-schwung-fuer-die-digitale-markenfuehrung\/"},"author":{"name":"galledia","@id":"https:\/\/www.organisator.ch\/#\/schema\/person\/4e51799071cd2dd1232ac003643ef5f0"},"headline":"Havas Social gewinnt B\u00fcnting-Gruppe: Neuer Schwung f\u00fcr die digitale Markenf\u00fchrung","datePublished":"2024-12-09T12:28:44+00:00","dateModified":"2024-12-09T14:54:31+00:00","mainEntityOfPage":{"@id":"https:\/\/www.organisator.ch\/marketing\/2024-12-09\/havas-social-gewinnt-buenting-gruppe-neuer-schwung-fuer-die-digitale-markenfuehrung\/"},"wordCount":333,"publisher":{"@id":"https:\/\/www.organisator.ch\/#organization"},"image":{"@id":"https:\/\/www.organisator.ch\/marketing\/2024-12-09\/havas-social-gewinnt-buenting-gruppe-neuer-schwung-fuer-die-digitale-markenfuehrung\/#primaryimage"},"thumbnailUrl":"https:\/\/www.markt-kom.com\/wp-content\/uploads\/2024\/12\/Logo_Havas_Social_Secondary.png","keywords":["Business","Havas Social"],"articleSection":["MARKETING"],"inLanguage":"it-IT"},{"@type":"WebPage","@id":"https:\/\/www.organisator.ch\/marketing\/2024-12-09\/havas-social-gewinnt-buenting-gruppe-neuer-schwung-fuer-die-digitale-markenfuehrung\/","url":"https:\/\/www.organisator.ch\/marketing\/2024-12-09\/havas-social-gewinnt-buenting-gruppe-neuer-schwung-fuer-die-digitale-markenfuehrung\/","name":"Havas Social conquista il Gruppo B\u00fcnting: nuovo slancio per la gestione digitale del marchio - Organizzatore","isPartOf":{"@id":"https:\/\/www.organisator.ch\/#website"},"primaryImageOfPage":{"@id":"https:\/\/www.organisator.ch\/marketing\/2024-12-09\/havas-social-gewinnt-buenting-gruppe-neuer-schwung-fuer-die-digitale-markenfuehrung\/#primaryimage"},"image":{"@id":"https:\/\/www.organisator.ch\/marketing\/2024-12-09\/havas-social-gewinnt-buenting-gruppe-neuer-schwung-fuer-die-digitale-markenfuehrung\/#primaryimage"},"thumbnailUrl":"https:\/\/www.markt-kom.com\/wp-content\/uploads\/2024\/12\/Logo_Havas_Social_Secondary.png","datePublished":"2024-12-09T12:28:44+00:00","dateModified":"2024-12-09T14:54:31+00:00","description":"A partire da gennaio 2025, Havas Social si occuper\u00e0 della gestione del marchio digitale del Gruppo B\u00fcnting con concetti innovativi ed esperienza nel settore.","breadcrumb":{"@id":"https:\/\/www.organisator.ch\/marketing\/2024-12-09\/havas-social-gewinnt-buenting-gruppe-neuer-schwung-fuer-die-digitale-markenfuehrung\/#breadcrumb"},"inLanguage":"it-IT","potentialAction":[{"@type":"ReadAction","target":["https:\/\/www.organisator.ch\/marketing\/2024-12-09\/havas-social-gewinnt-buenting-gruppe-neuer-schwung-fuer-die-digitale-markenfuehrung\/"]}]},{"@type":"ImageObject","inLanguage":"it-IT","@id":"https:\/\/www.organisator.ch\/marketing\/2024-12-09\/havas-social-gewinnt-buenting-gruppe-neuer-schwung-fuer-die-digitale-markenfuehrung\/#primaryimage","url":"https:\/\/www.markt-kom.com\/wp-content\/uploads\/2024\/12\/Logo_Havas_Social_Secondary.png","contentUrl":"https:\/\/www.markt-kom.com\/wp-content\/uploads\/2024\/12\/Logo_Havas_Social_Secondary.png"},{"@type":"BreadcrumbList","@id":"https:\/\/www.organisator.ch\/marketing\/2024-12-09\/havas-social-gewinnt-buenting-gruppe-neuer-schwung-fuer-die-digitale-markenfuehrung\/#breadcrumb","itemListElement":[{"@type":"ListItem","position":1,"name":"Home","item":"https:\/\/www.organisator.ch\/"},{"@type":"ListItem","position":2,"name":"Havas Social gewinnt B\u00fcnting-Gruppe: Neuer Schwung f\u00fcr die digitale Markenf\u00fchrung"}]},{"@type":"WebSite","@id":"https:\/\/www.organisator.ch\/#website","url":"https:\/\/www.organisator.ch\/","name":"Organizzatore","description":"Competente. Pratico. In 10 numeri all'anno, ORGANISATOR presenta i temi essenziali per i manager delle PMI.","publisher":{"@id":"https:\/\/www.organisator.ch\/#organization"},"potentialAction":[{"@type":"SearchAction","target":{"@type":"EntryPoint","urlTemplate":"https:\/\/www.organisator.ch\/?s={search_term_string}"},"query-input":{"@type":"PropertyValueSpecification","valueRequired":true,"valueName":"search_term_string"}}],"inLanguage":"it-IT"},{"@type":"Organization","@id":"https:\/\/www.organisator.ch\/#organization","name":"Organizzatore","url":"https:\/\/www.organisator.ch\/","logo":{"@type":"ImageObject","inLanguage":"it-IT","@id":"https:\/\/www.organisator.ch\/#\/schema\/logo\/image\/","url":"https:\/\/www.organisator.ch\/wp-content\/uploads\/2022\/01\/Logo_Organisator_Website.png","contentUrl":"https:\/\/www.organisator.ch\/wp-content\/uploads\/2022\/01\/Logo_Organisator_Website.png","width":800,"height":77,"caption":"Organisator"},"image":{"@id":"https:\/\/www.organisator.ch\/#\/schema\/logo\/image\/"},"sameAs":["https:\/\/www.facebook.com\/OrganisatorFachmagazin","https:\/\/www.linkedin.com\/showcase\/organisator-das-magazin-fr-kmu","https:\/\/www.xing.com\/news\/pages\/organisator-ch-695","https:\/\/www.youtube.com\/channel\/UCGP2Sq0iWaZwT3BdIAQFYpw"]},{"@type":"Person","@id":"https:\/\/www.organisator.ch\/#\/schema\/person\/4e51799071cd2dd1232ac003643ef5f0","name":"galledia","image":{"@type":"ImageObject","inLanguage":"it-IT","@id":"https:\/\/secure.gravatar.com\/avatar\/78a7f90c01fc2bfc875782a0d4922b37cde2cf184ce347b91316d23cd7f69a36?s=96&d=mm&r=g","url":"https:\/\/secure.gravatar.com\/avatar\/78a7f90c01fc2bfc875782a0d4922b37cde2cf184ce347b91316d23cd7f69a36?s=96&d=mm&r=g","contentUrl":"https:\/\/secure.gravatar.com\/avatar\/78a7f90c01fc2bfc875782a0d4922b37cde2cf184ce347b91316d23cd7f69a36?s=96&d=mm&r=g","caption":"galledia"},"sameAs":["https:\/\/x.com\/admin"],"url":"https:\/\/www.organisator.ch\/it\/author\/galledia\/"}]}},"_links":{"self":[{"href":"https:\/\/www.organisator.ch\/it\/wp-json\/wp\/v2\/posts\/34556","targetHints":{"allow":["GET"]}}],"collection":[{"href":"https:\/\/www.organisator.ch\/it\/wp-json\/wp\/v2\/posts"}],"about":[{"href":"https:\/\/www.organisator.ch\/it\/wp-json\/wp\/v2\/types\/post"}],"author":[{"embeddable":true,"href":"https:\/\/www.organisator.ch\/it\/wp-json\/wp\/v2\/users\/8"}],"replies":[{"embeddable":true,"href":"https:\/\/www.organisator.ch\/it\/wp-json\/wp\/v2\/comments?post=34556"}],"version-history":[{"count":4,"href":"https:\/\/www.organisator.ch\/it\/wp-json\/wp\/v2\/posts\/34556\/revisions"}],"predecessor-version":[{"id":34583,"href":"https:\/\/www.organisator.ch\/it\/wp-json\/wp\/v2\/posts\/34556\/revisions\/34583"}],"wp:attachment":[{"href":"https:\/\/www.organisator.ch\/it\/wp-json\/wp\/v2\/media?parent=34556"}],"wp:term":[{"taxonomy":"category","embeddable":true,"href":"https:\/\/www.organisator.ch\/it\/wp-json\/wp\/v2\/categories?post=34556"},{"taxonomy":"post_tag","embeddable":true,"href":"https:\/\/www.organisator.ch\/it\/wp-json\/wp\/v2\/tags?post=34556"}],"curies":[{"name":"wp","href":"https:\/\/api.w.org\/{rel}","templated":true}]}}