{"id":3458,"date":"2018-04-17T10:11:38","date_gmt":"2018-04-17T08:11:38","guid":{"rendered":"https:\/\/www.organisator.ch\/?p=3458"},"modified":"2018-04-17T10:11:38","modified_gmt":"2018-04-17T08:11:38","slug":"geschaeftsreisende-wieder-auf-luxuskurs","status":"publish","type":"post","link":"https:\/\/www.organisator.ch\/it\/allgemein\/2018-04-17\/geschaeftsreisende-wieder-auf-luxuskurs\/","title":{"rendered":"I viaggiatori d'affari tornano sulla rotta del lusso"},"content":{"rendered":"<figure id=\"attachment_3459\" aria-describedby=\"caption-attachment-3459\" style=\"width: 680px\" class=\"wp-caption alignnone\"><img loading=\"lazy\" decoding=\"async\" class=\"size-medium wp-image-3459\" src=\"https:\/\/www.organisator.ch\/wp-content\/uploads\/2018\/04\/Geschaeftsreisende_Airplus_org-organisator.jpg\" alt=\"\" width=\"680\" height=\"420\" srcset=\"https:\/\/www.organisator.ch\/wp-content\/uploads\/2018\/04\/Geschaeftsreisende_Airplus_org-organisator.jpg 692w, https:\/\/www.organisator.ch\/wp-content\/uploads\/2018\/04\/Geschaeftsreisende_Airplus_org-organisator-680x420.jpg 680w, https:\/\/www.organisator.ch\/wp-content\/uploads\/2018\/04\/Geschaeftsreisende_Airplus_org-organisator-16x10.jpg 16w, https:\/\/www.organisator.ch\/wp-content\/uploads\/2018\/04\/Geschaeftsreisende_Airplus_org-organisator-284x175.jpg 284w, https:\/\/www.organisator.ch\/wp-content\/uploads\/2018\/04\/Geschaeftsreisende_Airplus_org-organisator-567x350.jpg 567w, https:\/\/www.organisator.ch\/wp-content\/uploads\/2018\/04\/Geschaeftsreisende_Airplus_org-organisator-300x185.jpg 300w\" sizes=\"auto, (max-width: 680px) 100vw, 680px\" \/><figcaption id=\"caption-attachment-3459\" class=\"wp-caption-text\">Mentre quasi uno su dieci (9,9 %) viaggiatori d'affari ha volato con una compagnia aerea low-cost nel 2016, la proporzione \u00e8 scesa al 9,1 % l'anno scorso, dice lo studio di AirPlus. (Immagine: Flughafen Z\u00fcrich AG)<\/figcaption><\/figure>\n<p style=\"text-align: justify;\"><span style=\"font-size: 10.0pt; font-family: 'Arial','sans-serif';\">I viaggiatori d'affari svizzeri forse consumano di nuovo di pi\u00f9, in ogni caso le loro prenotazioni sono di nuovo in ripresa. La linea di fondo \u00e8 che le spese di volo dei manager svizzeri in viaggio sono aumentate leggermente nel 2017 per la prima volta in cinque anni. Questo \u00e8 il risultato di uno studio di mercato rappresentativo annuale di AirPlus, una societ\u00e0 per le soluzioni di pagamento nella gestione dei viaggi aziendali. <\/span><\/p>\n<p><span style=\"font-size: 10.0pt; font-family: 'Arial','sans-serif';\">Airplus spiega il considerevole aumento dei prezzi dei biglietti di prima classe con l'aumento dell'offerta di suite esclusive sugli aerei. \"Molte compagnie aeree rinomate hanno investito molto in questo segmento e sono praticamente in competizione per i clienti pi\u00f9 paganti\", dice Andy Stehrenberger, amministratore delegato di AirPlus Svizzera.<\/span><\/p>\n<p style=\"text-align: justify;\"><span style=\"font-size: 10.0pt; font-family: 'Arial','sans-serif';\"><strong>Prima classe - anche sulle ferrovie<\/strong> <\/span><\/p>\n<p style=\"text-align: justify;\"><span style=\"font-size: 10.0pt; font-family: 'Arial','sans-serif';\">Anche se i viaggi in treno sono aumentati in popolarit\u00e0 tra i viaggiatori d'affari svizzeri parallelamente ai voli - 2,3 % in pi\u00f9 di biglietti ferroviari sono stati fatturati tramite AirPlus lo scorso anno rispetto al 2016 - la spesa per biglietto ferroviario \u00e8 scesa da una media di 149 a 141 franchi svizzeri. La spesa media per le auto a noleggio (236 franchi) e l'alloggio in hotel (446 franchi) sono anch'essi diminuiti, ma solo modestamente, rispettivamente a - 0,8 % e - 0,4 %.<\/span><\/p>\n<p style=\"text-align: justify;\"><strong><span style=\"font-size: 10.0pt; font-family: 'Arial','sans-serif';\">Germania, Londra e New York sono al top<\/span><\/strong><span style=\"font-size: 10.0pt; font-family: 'Arial','sans-serif';\"><br \/>\n<\/span><\/p>\n<p style=\"text-align: justify;\"><span style=\"font-size: 10.0pt; font-family: 'Arial','sans-serif';\">Nella classifica di AirPlus delle destinazioni europee pi\u00f9 popolari per i viaggiatori d'affari svizzeri nel 2017, la Germania \u00e8 al primo posto, seguita da Regno Unito, Francia, Spagna e Austria. La classifica della citt\u00e0 \u00e8 rimasta invariata per anni: Londra davanti a D\u00fcsseldorf, Vienna e Berlino. Nel segmento intercontinentale, gli Stati Uniti, la Cina, la Russia, l'India e gli Emirati Arabi Uniti sono i paesi pi\u00f9 visitati per affari, in quest'ordine. Nella classifica delle citt\u00e0, New York e Shanghai sono in testa. Dubai \u00e8 ora al terzo posto, davanti a Singapore. <\/span><\/p>\n<p style=\"text-align: justify;\"><span style=\"font-size: 10.0pt; font-family: 'Arial','sans-serif';\"><em>La maggior parte dei viaggi (41,4 %) dura da due a tre giorni e il 31,7 % dei viaggi di lavoro i loro quattro a sette giorni. Un viaggio di lavoro su venti (4,8 %) dura 15 giorni o pi\u00f9.<\/em> <\/span><\/p>\n<p><a href=\"http:\/\/www.airplus.com\">www.airplus.com<\/a><\/p>\n<p><em><strong><span style=\"font-family: 'Arial', 'sans-serif';\">Le donne d'affari volano pi\u00f9 modestamente<\/span><\/strong><b><span style=\"font-family: 'Arial', 'sans-serif';\"><br \/>\n<\/span><\/b><span style=\"font-size: 10pt; font-family: 'Arial', 'sans-serif';\">Anche se la proporzione di donne che viaggiano per affari in Svizzera \u00e8 in costante aumento e ha raggiunto il 20,5 % nel 2017, le donne rimangono pi\u00f9 modeste nel cielo. Circa 85 % di loro volano in classe economica, rispetto a 82 % per gli uomini. Del numero significativamente inferiore di donne d'affari che viaggiano, una percentuale minore, 14,9 %, opta anche per un biglietto di Business Class (uomini: 17,4 %) Prima Classe (0,1 % ggr. 0,2 %) chiaramente sottorappresentata. I dati sono stati raccolti da AirPlus, una societ\u00e0 per le soluzioni di pagamento nella gestione dei viaggi aziendali. <\/span><\/em><em><span style=\"font-size: 10pt; font-family: 'Arial', 'sans-serif';\">Per Andy Stehrenberger, amministratore delegato di AirPlus Svizzera, la sottorappresentazione delle donne nelle classi di prenotazione pi\u00f9 alte \u00e8 legata soprattutto al fatto che i piani di moquette delle compagnie sono ancora fortemente dominati dagli uomini. Tuttavia, un'uguaglianza di genere ha avuto luogo per quanto riguarda le destinazioni di viaggio. \"Mentre negli ultimi anni le donne tendevano a volare di pi\u00f9 sulle rotte europee a corto raggio, ora hanno anche raggiunto i loro colleghi maschi sui voli intercontinentali pi\u00f9 lunghi\", dice Stehrenberger.<\/span><\/em><\/p>\n<p style=\"text-align: justify;\"><em><strong><span style=\"font-family: 'Arial', 'sans-serif';\">I viaggiatori d'affari svizzeri evitano Facebook e Co.<\/span><\/strong><span style=\"font-size: 10pt; font-family: 'Arial', 'sans-serif';\"><br \/>\nI viaggiatori d'affari svizzeri sono meno fissati con i loro smartphone rispetto ai loro colleghi stranieri. Questa \u00e8 la conclusione di un recente studio di AirPlus, che \u00e8 stato condotto tra circa 3.000 viaggiatori d'affari e travel manager in 24 paesi. L'azienda per le soluzioni di pagamento nella gestione dei viaggi analizza il mercato dei viaggi d'affari in uno studio annuale e quest'anno ha anche esaminato per la prima volta l'uso dei social media nei viaggi d'affari. Mentre oltre l'80 % dei viaggiatori d'affari provenienti dall'India e dalla Cina pubblicano regolarmente o frequentemente foto e messaggi sui loro account Facebook e altri, il 55 % dei loro colleghi svizzeri lo lasciano del tutto. Solo i viaggiatori d'affari britannici (57 %) guardano male i canali dei social media ancora pi\u00f9 intensamente.<\/span><\/em><\/p>\n<p style=\"text-align: justify;\"><span style=\"font-size: 10.0pt; font-family: 'Arial','sans-serif';\"><em>La moderazione interattiva dei manager svizzeri \u00e8 assolutamente apprezzata dai loro datori di lavoro. Andy Stehrenberger, amministratore delegato di AirPlus Svizzera, sa che \"l'uso a volte dilagante dei social media durante i viaggi d'affari oggi tiene impegnato un esercito di avvocati e addetti alla sicurezza nelle aziende di tutto il mondo\". La principale preoccupazione sono i rischi associati a questo argomento, come il furto con scasso, la rapina, il rapimento e lo spionaggio industriale. (Fonte: AirPlus)\u00a0<\/em> <\/span><\/p>","protected":false},"excerpt":{"rendered":"<p>Schweizer Gesch\u00e4ftsreisende konsumiere vielleicht wieder mehr, jedenfalls nehmen ihre Buchungen wieder Fahrt auf.\u00a0Unter dem Strich sind die Flugausgaben der reisenden Schweizer Manager im 2017 erstmals seit f\u00fcnf Jahren wieder leicht angewachsen. Dies hat eine j\u00e4hrliche erhobene repr\u00e4sentative Marktstudie von AirPlus, einem Unternehmen f\u00fcr Bezahll\u00f6sungen im Travel Management von Firmen, ergeben. Den erheblichen Preisanstieg bei den [&hellip;]<\/p>\n","protected":false},"author":5,"featured_media":3459,"comment_status":"open","ping_status":"open","sticky":false,"template":"","format":"standard","meta":{"_acf_changed":false,"_yoast_wpseo_focuskw":"Gesch\u00e4ftsreisende","_yoast_wpseo_metadesc":"Schweizer Gesch\u00e4ftsreisende bl\u00e4tterten f\u00fcr einen Flug in der First Class im Jahr 2017 durchschnittlich 6797 Franken hin, was einer satten Steigerung um 40 % gegen\u00fcber dem Vorjahr (4849 Franken) entspricht.","articlekey":"","footnotes":""},"categories":[1],"tags":[106,107,237],"class_list":["post-3458","post","type-post","status-publish","format-standard","has-post-thumbnail","hentry","category-allgemein","tag-business-reisen","tag-business-travel","tag-geschaeftsfrauen"],"acf":[],"yoast_head":"<!-- This site is optimized with the Yoast SEO plugin v27.5 - https:\/\/yoast.com\/product\/yoast-seo-wordpress\/ -->\n<title>Gesch\u00e4ftsreisende wieder auf Luxuskurs - Organisator<\/title>\n<meta name=\"description\" content=\"Schweizer Gesch\u00e4ftsreisende bl\u00e4tterten f\u00fcr einen Flug in der First Class im Jahr 2017 durchschnittlich 6797 Franken hin, was einer satten Steigerung um 40 % gegen\u00fcber dem Vorjahr (4849 Franken) entspricht.\" \/>\n<meta name=\"robots\" content=\"index, follow, max-snippet:-1, max-image-preview:large, max-video-preview:-1\" \/>\n<link rel=\"canonical\" href=\"https:\/\/www.organisator.ch\/it\/generale\/2018-04-17\/geschaeftsreisende-wieder-auf-luxuskurs\/\" \/>\n<meta property=\"og:locale\" content=\"it_IT\" \/>\n<meta property=\"og:type\" content=\"article\" \/>\n<meta property=\"og:title\" content=\"Gesch\u00e4ftsreisende wieder auf Luxuskurs - Organisator\" \/>\n<meta property=\"og:description\" content=\"Schweizer Gesch\u00e4ftsreisende bl\u00e4tterten f\u00fcr einen Flug in der First Class im Jahr 2017 durchschnittlich 6797 Franken hin, was einer satten Steigerung um 40 % gegen\u00fcber dem Vorjahr (4849 Franken) entspricht.\" \/>\n<meta property=\"og:url\" content=\"https:\/\/www.organisator.ch\/it\/generale\/2018-04-17\/geschaeftsreisende-wieder-auf-luxuskurs\/\" \/>\n<meta property=\"og:site_name\" content=\"Organisator\" \/>\n<meta property=\"article:publisher\" content=\"https:\/\/www.facebook.com\/OrganisatorFachmagazin\" \/>\n<meta property=\"article:published_time\" content=\"2018-04-17T08:11:38+00:00\" \/>\n<meta property=\"og:image\" content=\"https:\/\/www.organisator.ch\/wp-content\/uploads\/2018\/04\/Geschaeftsreisende_Airplus_org-organisator.jpg\" \/>\n\t<meta property=\"og:image:width\" content=\"692\" \/>\n\t<meta property=\"og:image:height\" content=\"427\" \/>\n\t<meta property=\"og:image:type\" content=\"image\/jpeg\" \/>\n<meta name=\"author\" content=\"michael.merz\" \/>\n<meta name=\"twitter:card\" content=\"summary_large_image\" \/>\n<script type=\"application\/ld+json\" class=\"yoast-schema-graph\">{\"@context\":\"https:\\\/\\\/schema.org\",\"@graph\":[{\"@type\":\"Article\",\"@id\":\"https:\\\/\\\/www.organisator.ch\\\/de\\\/allgemein\\\/2018-04-17\\\/geschaeftsreisende-wieder-auf-luxuskurs\\\/#article\",\"isPartOf\":{\"@id\":\"https:\\\/\\\/www.organisator.ch\\\/de\\\/allgemein\\\/2018-04-17\\\/geschaeftsreisende-wieder-auf-luxuskurs\\\/\"},\"author\":{\"name\":\"michael.merz\",\"@id\":\"https:\\\/\\\/www.organisator.ch\\\/#\\\/schema\\\/person\\\/134708ca9321c57b0362cceb7948ffbd\"},\"headline\":\"Gesch\u00e4ftsreisende wieder auf Luxuskurs\",\"datePublished\":\"2018-04-17T08:11:38+00:00\",\"mainEntityOfPage\":{\"@id\":\"https:\\\/\\\/www.organisator.ch\\\/de\\\/allgemein\\\/2018-04-17\\\/geschaeftsreisende-wieder-auf-luxuskurs\\\/\"},\"wordCount\":704,\"commentCount\":0,\"publisher\":{\"@id\":\"https:\\\/\\\/www.organisator.ch\\\/#organization\"},\"image\":{\"@id\":\"https:\\\/\\\/www.organisator.ch\\\/de\\\/allgemein\\\/2018-04-17\\\/geschaeftsreisende-wieder-auf-luxuskurs\\\/#primaryimage\"},\"thumbnailUrl\":\"https:\\\/\\\/www.organisator.ch\\\/wp-content\\\/uploads\\\/2018\\\/04\\\/Geschaeftsreisende_Airplus_org-organisator.jpg\",\"keywords\":[\"Business Reisen\",\"Business Travel\",\"Gesch\u00e4ftsfrauen\"],\"articleSection\":[\"Allgemein\"],\"inLanguage\":\"it-IT\"},{\"@type\":\"WebPage\",\"@id\":\"https:\\\/\\\/www.organisator.ch\\\/de\\\/allgemein\\\/2018-04-17\\\/geschaeftsreisende-wieder-auf-luxuskurs\\\/\",\"url\":\"https:\\\/\\\/www.organisator.ch\\\/de\\\/allgemein\\\/2018-04-17\\\/geschaeftsreisende-wieder-auf-luxuskurs\\\/\",\"name\":\"Gesch\u00e4ftsreisende wieder auf Luxuskurs - Organisator\",\"isPartOf\":{\"@id\":\"https:\\\/\\\/www.organisator.ch\\\/#website\"},\"primaryImageOfPage\":{\"@id\":\"https:\\\/\\\/www.organisator.ch\\\/de\\\/allgemein\\\/2018-04-17\\\/geschaeftsreisende-wieder-auf-luxuskurs\\\/#primaryimage\"},\"image\":{\"@id\":\"https:\\\/\\\/www.organisator.ch\\\/de\\\/allgemein\\\/2018-04-17\\\/geschaeftsreisende-wieder-auf-luxuskurs\\\/#primaryimage\"},\"thumbnailUrl\":\"https:\\\/\\\/www.organisator.ch\\\/wp-content\\\/uploads\\\/2018\\\/04\\\/Geschaeftsreisende_Airplus_org-organisator.jpg\",\"datePublished\":\"2018-04-17T08:11:38+00:00\",\"description\":\"Schweizer Gesch\u00e4ftsreisende bl\u00e4tterten f\u00fcr einen Flug in der First Class im Jahr 2017 durchschnittlich 6797 Franken hin, was einer satten Steigerung um 40 % gegen\u00fcber dem Vorjahr (4849 Franken) entspricht.\",\"breadcrumb\":{\"@id\":\"https:\\\/\\\/www.organisator.ch\\\/de\\\/allgemein\\\/2018-04-17\\\/geschaeftsreisende-wieder-auf-luxuskurs\\\/#breadcrumb\"},\"inLanguage\":\"it-IT\",\"potentialAction\":[{\"@type\":\"ReadAction\",\"target\":[\"https:\\\/\\\/www.organisator.ch\\\/de\\\/allgemein\\\/2018-04-17\\\/geschaeftsreisende-wieder-auf-luxuskurs\\\/\"]}]},{\"@type\":\"ImageObject\",\"inLanguage\":\"it-IT\",\"@id\":\"https:\\\/\\\/www.organisator.ch\\\/de\\\/allgemein\\\/2018-04-17\\\/geschaeftsreisende-wieder-auf-luxuskurs\\\/#primaryimage\",\"url\":\"https:\\\/\\\/www.organisator.ch\\\/wp-content\\\/uploads\\\/2018\\\/04\\\/Geschaeftsreisende_Airplus_org-organisator.jpg\",\"contentUrl\":\"https:\\\/\\\/www.organisator.ch\\\/wp-content\\\/uploads\\\/2018\\\/04\\\/Geschaeftsreisende_Airplus_org-organisator.jpg\",\"width\":692,\"height\":427,\"caption\":\"Flog 2016 noch fast jeder Zehnte (9,9 %) Dienstreisende mit einer Billigfluggesellschaft, sank der Anteil im letzten Jahr auf 9,1 %, heisst es in der AirPlus-Studie. (Bild: Flughafen Z\u00fcrich AG)\"},{\"@type\":\"BreadcrumbList\",\"@id\":\"https:\\\/\\\/www.organisator.ch\\\/de\\\/allgemein\\\/2018-04-17\\\/geschaeftsreisende-wieder-auf-luxuskurs\\\/#breadcrumb\",\"itemListElement\":[{\"@type\":\"ListItem\",\"position\":1,\"name\":\"Home\",\"item\":\"https:\\\/\\\/www.organisator.ch\\\/\"},{\"@type\":\"ListItem\",\"position\":2,\"name\":\"Gesch\u00e4ftsreisende wieder auf Luxuskurs\"}]},{\"@type\":\"WebSite\",\"@id\":\"https:\\\/\\\/www.organisator.ch\\\/#website\",\"url\":\"https:\\\/\\\/www.organisator.ch\\\/\",\"name\":\"Organisator\",\"description\":\"Kompetent. Praxisnah. Der ORGANISATOR bereitet in 10 Ausgaben pro Jahr die wesentlichen Themen f\u00fcr F\u00fchrungskr\u00e4fte von KMU auf.\",\"publisher\":{\"@id\":\"https:\\\/\\\/www.organisator.ch\\\/#organization\"},\"potentialAction\":[{\"@type\":\"SearchAction\",\"target\":{\"@type\":\"EntryPoint\",\"urlTemplate\":\"https:\\\/\\\/www.organisator.ch\\\/?s={search_term_string}\"},\"query-input\":{\"@type\":\"PropertyValueSpecification\",\"valueRequired\":true,\"valueName\":\"search_term_string\"}}],\"inLanguage\":\"it-IT\"},{\"@type\":\"Organization\",\"@id\":\"https:\\\/\\\/www.organisator.ch\\\/#organization\",\"name\":\"Organisator\",\"url\":\"https:\\\/\\\/www.organisator.ch\\\/\",\"logo\":{\"@type\":\"ImageObject\",\"inLanguage\":\"it-IT\",\"@id\":\"https:\\\/\\\/www.organisator.ch\\\/#\\\/schema\\\/logo\\\/image\\\/\",\"url\":\"https:\\\/\\\/www.organisator.ch\\\/wp-content\\\/uploads\\\/2022\\\/01\\\/Logo_Organisator_Website.png\",\"contentUrl\":\"https:\\\/\\\/www.organisator.ch\\\/wp-content\\\/uploads\\\/2022\\\/01\\\/Logo_Organisator_Website.png\",\"width\":800,\"height\":77,\"caption\":\"Organisator\"},\"image\":{\"@id\":\"https:\\\/\\\/www.organisator.ch\\\/#\\\/schema\\\/logo\\\/image\\\/\"},\"sameAs\":[\"https:\\\/\\\/www.facebook.com\\\/OrganisatorFachmagazin\",\"https:\\\/\\\/www.linkedin.com\\\/showcase\\\/organisator-das-magazin-fr-kmu\",\"https:\\\/\\\/www.xing.com\\\/news\\\/pages\\\/organisator-ch-695\",\"https:\\\/\\\/www.youtube.com\\\/channel\\\/UCGP2Sq0iWaZwT3BdIAQFYpw\"]},{\"@type\":\"Person\",\"@id\":\"https:\\\/\\\/www.organisator.ch\\\/#\\\/schema\\\/person\\\/134708ca9321c57b0362cceb7948ffbd\",\"name\":\"michael.merz\",\"image\":{\"@type\":\"ImageObject\",\"inLanguage\":\"it-IT\",\"@id\":\"https:\\\/\\\/secure.gravatar.com\\\/avatar\\\/?s=96&d=mm&r=g\",\"url\":\"https:\\\/\\\/secure.gravatar.com\\\/avatar\\\/?s=96&d=mm&r=g\",\"contentUrl\":\"https:\\\/\\\/secure.gravatar.com\\\/avatar\\\/?s=96&d=mm&r=g\",\"caption\":\"michael.merz\"},\"url\":\"https:\\\/\\\/www.organisator.ch\\\/it\\\/author\\\/michael-merz\\\/\"}]}<\/script>\n<!-- \/ Yoast SEO plugin. -->","yoast_head_json":{"title":"I viaggiatori d'affari tornano a viaggiare nel lusso - Organizzatore","description":"I viaggiatori d'affari svizzeri hanno pagato in media 6797 franchi svizzeri per un volo di Prima Classe nel 2017, con un aumento di 40 franchi % rispetto all'anno precedente (4849 franchi).","robots":{"index":"index","follow":"follow","max-snippet":"max-snippet:-1","max-image-preview":"max-image-preview:large","max-video-preview":"max-video-preview:-1"},"canonical":"https:\/\/www.organisator.ch\/it\/generale\/2018-04-17\/geschaeftsreisende-wieder-auf-luxuskurs\/","og_locale":"it_IT","og_type":"article","og_title":"Gesch\u00e4ftsreisende wieder auf Luxuskurs - Organisator","og_description":"Schweizer Gesch\u00e4ftsreisende bl\u00e4tterten f\u00fcr einen Flug in der First Class im Jahr 2017 durchschnittlich 6797 Franken hin, was einer satten Steigerung um 40 % gegen\u00fcber dem Vorjahr (4849 Franken) entspricht.","og_url":"https:\/\/www.organisator.ch\/it\/generale\/2018-04-17\/geschaeftsreisende-wieder-auf-luxuskurs\/","og_site_name":"Organisator","article_publisher":"https:\/\/www.facebook.com\/OrganisatorFachmagazin","article_published_time":"2018-04-17T08:11:38+00:00","og_image":[{"width":692,"height":427,"url":"https:\/\/www.organisator.ch\/wp-content\/uploads\/2018\/04\/Geschaeftsreisende_Airplus_org-organisator.jpg","type":"image\/jpeg"}],"author":"michael.merz","twitter_card":"summary_large_image","schema":{"@context":"https:\/\/schema.org","@graph":[{"@type":"Article","@id":"https:\/\/www.organisator.ch\/de\/allgemein\/2018-04-17\/geschaeftsreisende-wieder-auf-luxuskurs\/#article","isPartOf":{"@id":"https:\/\/www.organisator.ch\/de\/allgemein\/2018-04-17\/geschaeftsreisende-wieder-auf-luxuskurs\/"},"author":{"name":"michael.merz","@id":"https:\/\/www.organisator.ch\/#\/schema\/person\/134708ca9321c57b0362cceb7948ffbd"},"headline":"Gesch\u00e4ftsreisende wieder auf Luxuskurs","datePublished":"2018-04-17T08:11:38+00:00","mainEntityOfPage":{"@id":"https:\/\/www.organisator.ch\/de\/allgemein\/2018-04-17\/geschaeftsreisende-wieder-auf-luxuskurs\/"},"wordCount":704,"commentCount":0,"publisher":{"@id":"https:\/\/www.organisator.ch\/#organization"},"image":{"@id":"https:\/\/www.organisator.ch\/de\/allgemein\/2018-04-17\/geschaeftsreisende-wieder-auf-luxuskurs\/#primaryimage"},"thumbnailUrl":"https:\/\/www.organisator.ch\/wp-content\/uploads\/2018\/04\/Geschaeftsreisende_Airplus_org-organisator.jpg","keywords":["Business Reisen","Business Travel","Gesch\u00e4ftsfrauen"],"articleSection":["Allgemein"],"inLanguage":"it-IT"},{"@type":"WebPage","@id":"https:\/\/www.organisator.ch\/de\/allgemein\/2018-04-17\/geschaeftsreisende-wieder-auf-luxuskurs\/","url":"https:\/\/www.organisator.ch\/de\/allgemein\/2018-04-17\/geschaeftsreisende-wieder-auf-luxuskurs\/","name":"I viaggiatori d'affari tornano a viaggiare nel lusso - Organizzatore","isPartOf":{"@id":"https:\/\/www.organisator.ch\/#website"},"primaryImageOfPage":{"@id":"https:\/\/www.organisator.ch\/de\/allgemein\/2018-04-17\/geschaeftsreisende-wieder-auf-luxuskurs\/#primaryimage"},"image":{"@id":"https:\/\/www.organisator.ch\/de\/allgemein\/2018-04-17\/geschaeftsreisende-wieder-auf-luxuskurs\/#primaryimage"},"thumbnailUrl":"https:\/\/www.organisator.ch\/wp-content\/uploads\/2018\/04\/Geschaeftsreisende_Airplus_org-organisator.jpg","datePublished":"2018-04-17T08:11:38+00:00","description":"I viaggiatori d'affari svizzeri hanno pagato in media 6797 franchi svizzeri per un volo di Prima Classe nel 2017, con un aumento di 40 franchi % rispetto all'anno precedente (4849 franchi).","breadcrumb":{"@id":"https:\/\/www.organisator.ch\/de\/allgemein\/2018-04-17\/geschaeftsreisende-wieder-auf-luxuskurs\/#breadcrumb"},"inLanguage":"it-IT","potentialAction":[{"@type":"ReadAction","target":["https:\/\/www.organisator.ch\/de\/allgemein\/2018-04-17\/geschaeftsreisende-wieder-auf-luxuskurs\/"]}]},{"@type":"ImageObject","inLanguage":"it-IT","@id":"https:\/\/www.organisator.ch\/de\/allgemein\/2018-04-17\/geschaeftsreisende-wieder-auf-luxuskurs\/#primaryimage","url":"https:\/\/www.organisator.ch\/wp-content\/uploads\/2018\/04\/Geschaeftsreisende_Airplus_org-organisator.jpg","contentUrl":"https:\/\/www.organisator.ch\/wp-content\/uploads\/2018\/04\/Geschaeftsreisende_Airplus_org-organisator.jpg","width":692,"height":427,"caption":"Flog 2016 noch fast jeder Zehnte (9,9 %) Dienstreisende mit einer Billigfluggesellschaft, sank der Anteil im letzten Jahr auf 9,1 %, heisst es in der AirPlus-Studie. (Bild: Flughafen Z\u00fcrich AG)"},{"@type":"BreadcrumbList","@id":"https:\/\/www.organisator.ch\/de\/allgemein\/2018-04-17\/geschaeftsreisende-wieder-auf-luxuskurs\/#breadcrumb","itemListElement":[{"@type":"ListItem","position":1,"name":"Home","item":"https:\/\/www.organisator.ch\/"},{"@type":"ListItem","position":2,"name":"Gesch\u00e4ftsreisende wieder auf Luxuskurs"}]},{"@type":"WebSite","@id":"https:\/\/www.organisator.ch\/#website","url":"https:\/\/www.organisator.ch\/","name":"Organizzatore","description":"Competente. Pratico. In 10 numeri all'anno, ORGANISATOR presenta i temi essenziali per i manager delle PMI.","publisher":{"@id":"https:\/\/www.organisator.ch\/#organization"},"potentialAction":[{"@type":"SearchAction","target":{"@type":"EntryPoint","urlTemplate":"https:\/\/www.organisator.ch\/?s={search_term_string}"},"query-input":{"@type":"PropertyValueSpecification","valueRequired":true,"valueName":"search_term_string"}}],"inLanguage":"it-IT"},{"@type":"Organization","@id":"https:\/\/www.organisator.ch\/#organization","name":"Organizzatore","url":"https:\/\/www.organisator.ch\/","logo":{"@type":"ImageObject","inLanguage":"it-IT","@id":"https:\/\/www.organisator.ch\/#\/schema\/logo\/image\/","url":"https:\/\/www.organisator.ch\/wp-content\/uploads\/2022\/01\/Logo_Organisator_Website.png","contentUrl":"https:\/\/www.organisator.ch\/wp-content\/uploads\/2022\/01\/Logo_Organisator_Website.png","width":800,"height":77,"caption":"Organisator"},"image":{"@id":"https:\/\/www.organisator.ch\/#\/schema\/logo\/image\/"},"sameAs":["https:\/\/www.facebook.com\/OrganisatorFachmagazin","https:\/\/www.linkedin.com\/showcase\/organisator-das-magazin-fr-kmu","https:\/\/www.xing.com\/news\/pages\/organisator-ch-695","https:\/\/www.youtube.com\/channel\/UCGP2Sq0iWaZwT3BdIAQFYpw"]},{"@type":"Person","@id":"https:\/\/www.organisator.ch\/#\/schema\/person\/134708ca9321c57b0362cceb7948ffbd","name":"michael.merz","image":{"@type":"ImageObject","inLanguage":"it-IT","@id":"https:\/\/secure.gravatar.com\/avatar\/?s=96&d=mm&r=g","url":"https:\/\/secure.gravatar.com\/avatar\/?s=96&d=mm&r=g","contentUrl":"https:\/\/secure.gravatar.com\/avatar\/?s=96&d=mm&r=g","caption":"michael.merz"},"url":"https:\/\/www.organisator.ch\/it\/author\/michael-merz\/"}]}},"_links":{"self":[{"href":"https:\/\/www.organisator.ch\/it\/wp-json\/wp\/v2\/posts\/3458","targetHints":{"allow":["GET"]}}],"collection":[{"href":"https:\/\/www.organisator.ch\/it\/wp-json\/wp\/v2\/posts"}],"about":[{"href":"https:\/\/www.organisator.ch\/it\/wp-json\/wp\/v2\/types\/post"}],"author":[{"embeddable":true,"href":"https:\/\/www.organisator.ch\/it\/wp-json\/wp\/v2\/users\/5"}],"replies":[{"embeddable":true,"href":"https:\/\/www.organisator.ch\/it\/wp-json\/wp\/v2\/comments?post=3458"}],"version-history":[{"count":0,"href":"https:\/\/www.organisator.ch\/it\/wp-json\/wp\/v2\/posts\/3458\/revisions"}],"wp:featuredmedia":[{"embeddable":true,"href":"https:\/\/www.organisator.ch\/it\/wp-json\/wp\/v2\/media\/3459"}],"wp:attachment":[{"href":"https:\/\/www.organisator.ch\/it\/wp-json\/wp\/v2\/media?parent=3458"}],"wp:term":[{"taxonomy":"category","embeddable":true,"href":"https:\/\/www.organisator.ch\/it\/wp-json\/wp\/v2\/categories?post=3458"},{"taxonomy":"post_tag","embeddable":true,"href":"https:\/\/www.organisator.ch\/it\/wp-json\/wp\/v2\/tags?post=3458"}],"curies":[{"name":"wp","href":"https:\/\/api.w.org\/{rel}","templated":true}]}}