{"id":34627,"date":"2024-12-10T15:23:58","date_gmt":"2024-12-10T14:23:58","guid":{"rendered":"https:\/\/www.markt-kom.com\/?p=228032"},"modified":"2024-12-11T07:23:04","modified_gmt":"2024-12-11T06:23:04","slug":"re-thinking-diversity-wird-neues-partnermitglied-bei-perikom","status":"publish","type":"post","link":"https:\/\/www.organisator.ch\/it\/marketing\/2024-12-10\/re-thinking-diversity-wird-neues-partnermitglied-bei-perikom\/","title":{"rendered":"Re-Thinking Diversity diventa un nuovo membro partner di Perikom"},"content":{"rendered":"<figure id=\"attachment_228033\" class=\"wp-caption aligncenter\" style=\"width: 1200px;\" aria-describedby=\"caption-attachment-228033\"><a href=\"https:\/\/www.markt-kom.com\/wp-content\/uploads\/2024\/12\/Barbara-Fry-134-hoch.jpg\"><img class=\"size-full wp-image-228033\" src=\"https:\/\/www.markt-kom.com\/wp-content\/uploads\/2024\/12\/Barbara-Fry-134-hoch.jpg\" sizes=\"(max-width: 1200px) 100vw, 1200px\" srcset=\"https:\/\/www.markt-kom.com\/wp-content\/uploads\/2024\/12\/Barbara-Fry-134-hoch.jpg 1200w, https:\/\/www.markt-kom.com\/wp-content\/uploads\/2024\/12\/Barbara-Fry-134-hoch-600x450.jpg 600w, https:\/\/www.markt-kom.com\/wp-content\/uploads\/2024\/12\/Barbara-Fry-134-hoch-1024x768.jpg 1024w, https:\/\/www.markt-kom.com\/wp-content\/uploads\/2024\/12\/Barbara-Fry-134-hoch-768x576.jpg 768w, https:\/\/www.markt-kom.com\/wp-content\/uploads\/2024\/12\/Barbara-Fry-134-hoch-16x12.jpg 16w, https:\/\/www.markt-kom.com\/wp-content\/uploads\/2024\/12\/Barbara-Fry-134-hoch-233x175.jpg 233w, https:\/\/www.markt-kom.com\/wp-content\/uploads\/2024\/12\/Barbara-Fry-134-hoch-467x350.jpg 467w, https:\/\/www.markt-kom.com\/wp-content\/uploads\/2024\/12\/Barbara-Fry-134-hoch-1000x750.jpg 1000w\" alt=\"\" width=\"1200\" height=\"900\" \/><\/a>\r\n<figcaption id=\"caption-attachment-228033\" class=\"wp-caption-text\">Barbara Fry Henchoz, fondatrice di Re-Thinking Diversity. (Immagine: zVg.)<\/figcaption>\r\n<\/figure>\r\n<p>\"Affrontare con competenza la diversit\u00e0 e vivere una cultura di apprezzamento sono argomenti impegnativi. Oltre alle competenze in materia di diversit\u00e0, ci\u00f2 richiede anche dialogo e narrazione\", spiega Barbara Fry Henchoz, fondatrice di Re-Thinking Diversity. Da qui l'impegno con l'associazione professionale: \"Perikom unisce sotto lo stesso tetto le risorse umane e la comunicazione, le due aree chiave per la D&amp;I, ed \u00e8 quindi il partner perfetto per dare forma a una cultura del lavoro orientata al futuro\".<\/p>\r\n<h3><strong>Dalla diversit\u00e0 e dall'inclusione alla sostenibilit\u00e0\u00a0 <\/strong><\/h3>\r\n<p>Con Re-Thinking Diversity, l'associazione Perikom conta ora 15 membri partner che, tra l'altro, organizzano regolarmente eventi serali per i responsabili delle risorse umane e della comunicazione per condividere le loro esperienze.<\/p>\r\n<p>Il primo evento organizzato dal nuovo membro partner sar\u00e0 presentato in un webinar utilizzando come caso di studio l'Esercito svizzero. I responsabili delle risorse umane Martina Morard-Egli, Michael Z\u00fcrcher e Vanessa Kleinschnittger mostreranno come l'influenza indesiderata dei pregiudizi inconsci sulle decisioni del personale possa essere ridotta in modo sostenibile attraverso una progettazione mirata dei processi HR. Il <a href=\"https:\/\/perikom.ch\/portfolio\/the-power-of-process-design-wie-gut-gestaltete-hr-prozesse-diversity-inclusion-zur-nachhaltigkeit-verhelfen\/\" rel=\"noopener\">Il webinar \"Il potere della progettazione dei processi\" si terr\u00e0 alla fine di febbraio<\/a>.<\/p>","protected":false},"excerpt":{"rendered":"<p>Con l'ingresso di \"Re-Thinking Diversity\" tra i soci, Perikom amplia le proprie competenze nei settori sempre pi\u00f9 importanti della diversit\u00e0 e dell'inclusione. L'associazione professionale Perikom conta ora 15 membri partner.<\/p>","protected":false},"author":8,"featured_media":0,"comment_status":"closed","ping_status":"closed","sticky":false,"template":"","format":"standard","meta":{"_acf_changed":false,"_yoast_wpseo_focuskw":"Re-Thinking Diversity bei Perikom","_yoast_wpseo_metadesc":"Re-Thinking Diversity wird Partnermitglied bei Perikom und st\u00e4rkt den Fachverein mit Expertise in Diversity, Inklusion und nachhaltigem HR-Design.","articlekey":"","footnotes":""},"categories":[29],"tags":[159,4343,378],"class_list":["post-34627","post","type-post","status-publish","format-standard","hentry","category-marketing","tag-diversity","tag-markom","tag-perikom"],"acf":[],"yoast_head":"<!-- This site is optimized with the Yoast SEO plugin v27.4 - https:\/\/yoast.com\/product\/yoast-seo-wordpress\/ -->\n<title>Re-Thinking Diversity wird neues Partnermitglied bei Perikom - Organisator<\/title>\n<meta name=\"description\" content=\"Re-Thinking Diversity wird Partnermitglied bei Perikom und st\u00e4rkt den Fachverein mit Expertise in Diversity, Inklusion und nachhaltigem HR-Design.\" \/>\n<meta name=\"robots\" content=\"index, follow, max-snippet:-1, max-image-preview:large, max-video-preview:-1\" \/>\n<link rel=\"canonical\" href=\"https:\/\/www.organisator.ch\/it\/marketing\/2024-12-10\/re-thinking-diversity-wird-neues-partnermitglied-bei-perikom\/\" \/>\n<meta property=\"og:locale\" content=\"it_IT\" \/>\n<meta property=\"og:type\" content=\"article\" \/>\n<meta property=\"og:title\" content=\"Re-Thinking Diversity wird neues Partnermitglied bei Perikom - Organisator\" \/>\n<meta property=\"og:description\" content=\"Re-Thinking Diversity wird Partnermitglied bei Perikom und st\u00e4rkt den Fachverein mit Expertise in Diversity, Inklusion und nachhaltigem HR-Design.\" \/>\n<meta property=\"og:url\" content=\"https:\/\/www.organisator.ch\/it\/marketing\/2024-12-10\/re-thinking-diversity-wird-neues-partnermitglied-bei-perikom\/\" \/>\n<meta property=\"og:site_name\" content=\"Organisator\" \/>\n<meta property=\"article:publisher\" content=\"https:\/\/www.facebook.com\/OrganisatorFachmagazin\" \/>\n<meta property=\"article:published_time\" content=\"2024-12-10T14:23:58+00:00\" \/>\n<meta property=\"article:modified_time\" content=\"2024-12-11T06:23:04+00:00\" \/>\n<meta name=\"author\" content=\"galledia\" \/>\n<meta name=\"twitter:card\" content=\"summary_large_image\" \/>\n<meta name=\"twitter:creator\" content=\"@admin\" \/>\n<script type=\"application\/ld+json\" class=\"yoast-schema-graph\">{\"@context\":\"https:\\\/\\\/schema.org\",\"@graph\":[{\"@type\":\"Article\",\"@id\":\"https:\\\/\\\/www.organisator.ch\\\/marketing\\\/2024-12-10\\\/re-thinking-diversity-wird-neues-partnermitglied-bei-perikom\\\/#article\",\"isPartOf\":{\"@id\":\"https:\\\/\\\/www.organisator.ch\\\/marketing\\\/2024-12-10\\\/re-thinking-diversity-wird-neues-partnermitglied-bei-perikom\\\/\"},\"author\":{\"name\":\"galledia\",\"@id\":\"https:\\\/\\\/www.organisator.ch\\\/#\\\/schema\\\/person\\\/4e51799071cd2dd1232ac003643ef5f0\"},\"headline\":\"Re-Thinking Diversity wird neues Partnermitglied bei Perikom\",\"datePublished\":\"2024-12-10T14:23:58+00:00\",\"dateModified\":\"2024-12-11T06:23:04+00:00\",\"mainEntityOfPage\":{\"@id\":\"https:\\\/\\\/www.organisator.ch\\\/marketing\\\/2024-12-10\\\/re-thinking-diversity-wird-neues-partnermitglied-bei-perikom\\\/\"},\"wordCount\":171,\"publisher\":{\"@id\":\"https:\\\/\\\/www.organisator.ch\\\/#organization\"},\"image\":{\"@id\":\"https:\\\/\\\/www.organisator.ch\\\/marketing\\\/2024-12-10\\\/re-thinking-diversity-wird-neues-partnermitglied-bei-perikom\\\/#primaryimage\"},\"thumbnailUrl\":\"https:\\\/\\\/www.markt-kom.com\\\/wp-content\\\/uploads\\\/2024\\\/12\\\/Barbara-Fry-134-hoch.jpg\",\"keywords\":[\"Diversity\",\"MarKom\",\"Perikom\"],\"articleSection\":[\"MARKETING\"],\"inLanguage\":\"it-IT\"},{\"@type\":\"WebPage\",\"@id\":\"https:\\\/\\\/www.organisator.ch\\\/marketing\\\/2024-12-10\\\/re-thinking-diversity-wird-neues-partnermitglied-bei-perikom\\\/\",\"url\":\"https:\\\/\\\/www.organisator.ch\\\/marketing\\\/2024-12-10\\\/re-thinking-diversity-wird-neues-partnermitglied-bei-perikom\\\/\",\"name\":\"Re-Thinking Diversity wird neues Partnermitglied bei Perikom - Organisator\",\"isPartOf\":{\"@id\":\"https:\\\/\\\/www.organisator.ch\\\/#website\"},\"primaryImageOfPage\":{\"@id\":\"https:\\\/\\\/www.organisator.ch\\\/marketing\\\/2024-12-10\\\/re-thinking-diversity-wird-neues-partnermitglied-bei-perikom\\\/#primaryimage\"},\"image\":{\"@id\":\"https:\\\/\\\/www.organisator.ch\\\/marketing\\\/2024-12-10\\\/re-thinking-diversity-wird-neues-partnermitglied-bei-perikom\\\/#primaryimage\"},\"thumbnailUrl\":\"https:\\\/\\\/www.markt-kom.com\\\/wp-content\\\/uploads\\\/2024\\\/12\\\/Barbara-Fry-134-hoch.jpg\",\"datePublished\":\"2024-12-10T14:23:58+00:00\",\"dateModified\":\"2024-12-11T06:23:04+00:00\",\"description\":\"Re-Thinking Diversity wird Partnermitglied bei Perikom und st\u00e4rkt den Fachverein mit Expertise in Diversity, Inklusion und nachhaltigem HR-Design.\",\"breadcrumb\":{\"@id\":\"https:\\\/\\\/www.organisator.ch\\\/marketing\\\/2024-12-10\\\/re-thinking-diversity-wird-neues-partnermitglied-bei-perikom\\\/#breadcrumb\"},\"inLanguage\":\"it-IT\",\"potentialAction\":[{\"@type\":\"ReadAction\",\"target\":[\"https:\\\/\\\/www.organisator.ch\\\/marketing\\\/2024-12-10\\\/re-thinking-diversity-wird-neues-partnermitglied-bei-perikom\\\/\"]}]},{\"@type\":\"ImageObject\",\"inLanguage\":\"it-IT\",\"@id\":\"https:\\\/\\\/www.organisator.ch\\\/marketing\\\/2024-12-10\\\/re-thinking-diversity-wird-neues-partnermitglied-bei-perikom\\\/#primaryimage\",\"url\":\"https:\\\/\\\/www.markt-kom.com\\\/wp-content\\\/uploads\\\/2024\\\/12\\\/Barbara-Fry-134-hoch.jpg\",\"contentUrl\":\"https:\\\/\\\/www.markt-kom.com\\\/wp-content\\\/uploads\\\/2024\\\/12\\\/Barbara-Fry-134-hoch.jpg\"},{\"@type\":\"BreadcrumbList\",\"@id\":\"https:\\\/\\\/www.organisator.ch\\\/marketing\\\/2024-12-10\\\/re-thinking-diversity-wird-neues-partnermitglied-bei-perikom\\\/#breadcrumb\",\"itemListElement\":[{\"@type\":\"ListItem\",\"position\":1,\"name\":\"Home\",\"item\":\"https:\\\/\\\/www.organisator.ch\\\/\"},{\"@type\":\"ListItem\",\"position\":2,\"name\":\"Re-Thinking Diversity wird neues Partnermitglied bei Perikom\"}]},{\"@type\":\"WebSite\",\"@id\":\"https:\\\/\\\/www.organisator.ch\\\/#website\",\"url\":\"https:\\\/\\\/www.organisator.ch\\\/\",\"name\":\"Organisator\",\"description\":\"Kompetent. Praxisnah. Der ORGANISATOR bereitet in 10 Ausgaben pro Jahr die wesentlichen Themen f\u00fcr F\u00fchrungskr\u00e4fte von KMU auf.\",\"publisher\":{\"@id\":\"https:\\\/\\\/www.organisator.ch\\\/#organization\"},\"potentialAction\":[{\"@type\":\"SearchAction\",\"target\":{\"@type\":\"EntryPoint\",\"urlTemplate\":\"https:\\\/\\\/www.organisator.ch\\\/?s={search_term_string}\"},\"query-input\":{\"@type\":\"PropertyValueSpecification\",\"valueRequired\":true,\"valueName\":\"search_term_string\"}}],\"inLanguage\":\"it-IT\"},{\"@type\":\"Organization\",\"@id\":\"https:\\\/\\\/www.organisator.ch\\\/#organization\",\"name\":\"Organisator\",\"url\":\"https:\\\/\\\/www.organisator.ch\\\/\",\"logo\":{\"@type\":\"ImageObject\",\"inLanguage\":\"it-IT\",\"@id\":\"https:\\\/\\\/www.organisator.ch\\\/#\\\/schema\\\/logo\\\/image\\\/\",\"url\":\"https:\\\/\\\/www.organisator.ch\\\/wp-content\\\/uploads\\\/2022\\\/01\\\/Logo_Organisator_Website.png\",\"contentUrl\":\"https:\\\/\\\/www.organisator.ch\\\/wp-content\\\/uploads\\\/2022\\\/01\\\/Logo_Organisator_Website.png\",\"width\":800,\"height\":77,\"caption\":\"Organisator\"},\"image\":{\"@id\":\"https:\\\/\\\/www.organisator.ch\\\/#\\\/schema\\\/logo\\\/image\\\/\"},\"sameAs\":[\"https:\\\/\\\/www.facebook.com\\\/OrganisatorFachmagazin\",\"https:\\\/\\\/www.linkedin.com\\\/showcase\\\/organisator-das-magazin-fr-kmu\",\"https:\\\/\\\/www.xing.com\\\/news\\\/pages\\\/organisator-ch-695\",\"https:\\\/\\\/www.youtube.com\\\/channel\\\/UCGP2Sq0iWaZwT3BdIAQFYpw\"]},{\"@type\":\"Person\",\"@id\":\"https:\\\/\\\/www.organisator.ch\\\/#\\\/schema\\\/person\\\/4e51799071cd2dd1232ac003643ef5f0\",\"name\":\"galledia\",\"image\":{\"@type\":\"ImageObject\",\"inLanguage\":\"it-IT\",\"@id\":\"https:\\\/\\\/secure.gravatar.com\\\/avatar\\\/78a7f90c01fc2bfc875782a0d4922b37cde2cf184ce347b91316d23cd7f69a36?s=96&d=mm&r=g\",\"url\":\"https:\\\/\\\/secure.gravatar.com\\\/avatar\\\/78a7f90c01fc2bfc875782a0d4922b37cde2cf184ce347b91316d23cd7f69a36?s=96&d=mm&r=g\",\"contentUrl\":\"https:\\\/\\\/secure.gravatar.com\\\/avatar\\\/78a7f90c01fc2bfc875782a0d4922b37cde2cf184ce347b91316d23cd7f69a36?s=96&d=mm&r=g\",\"caption\":\"galledia\"},\"sameAs\":[\"https:\\\/\\\/x.com\\\/admin\"],\"url\":\"https:\\\/\\\/www.organisator.ch\\\/it\\\/author\\\/galledia\\\/\"}]}<\/script>\n<!-- \/ Yoast SEO plugin. -->","yoast_head_json":{"title":"Re-Thinking Diversity diventa un nuovo membro partner di Perikom - Organizzatore","description":"Re-Thinking Diversity diventa membro partner di Perikom e rafforza l'associazione professionale con competenze in materia di diversit\u00e0, inclusione e progettazione sostenibile delle risorse umane.","robots":{"index":"index","follow":"follow","max-snippet":"max-snippet:-1","max-image-preview":"max-image-preview:large","max-video-preview":"max-video-preview:-1"},"canonical":"https:\/\/www.organisator.ch\/it\/marketing\/2024-12-10\/re-thinking-diversity-wird-neues-partnermitglied-bei-perikom\/","og_locale":"it_IT","og_type":"article","og_title":"Re-Thinking Diversity wird neues Partnermitglied bei Perikom - Organisator","og_description":"Re-Thinking Diversity wird Partnermitglied bei Perikom und st\u00e4rkt den Fachverein mit Expertise in Diversity, Inklusion und nachhaltigem HR-Design.","og_url":"https:\/\/www.organisator.ch\/it\/marketing\/2024-12-10\/re-thinking-diversity-wird-neues-partnermitglied-bei-perikom\/","og_site_name":"Organisator","article_publisher":"https:\/\/www.facebook.com\/OrganisatorFachmagazin","article_published_time":"2024-12-10T14:23:58+00:00","article_modified_time":"2024-12-11T06:23:04+00:00","author":"galledia","twitter_card":"summary_large_image","twitter_creator":"@admin","schema":{"@context":"https:\/\/schema.org","@graph":[{"@type":"Article","@id":"https:\/\/www.organisator.ch\/marketing\/2024-12-10\/re-thinking-diversity-wird-neues-partnermitglied-bei-perikom\/#article","isPartOf":{"@id":"https:\/\/www.organisator.ch\/marketing\/2024-12-10\/re-thinking-diversity-wird-neues-partnermitglied-bei-perikom\/"},"author":{"name":"galledia","@id":"https:\/\/www.organisator.ch\/#\/schema\/person\/4e51799071cd2dd1232ac003643ef5f0"},"headline":"Re-Thinking Diversity wird neues Partnermitglied bei Perikom","datePublished":"2024-12-10T14:23:58+00:00","dateModified":"2024-12-11T06:23:04+00:00","mainEntityOfPage":{"@id":"https:\/\/www.organisator.ch\/marketing\/2024-12-10\/re-thinking-diversity-wird-neues-partnermitglied-bei-perikom\/"},"wordCount":171,"publisher":{"@id":"https:\/\/www.organisator.ch\/#organization"},"image":{"@id":"https:\/\/www.organisator.ch\/marketing\/2024-12-10\/re-thinking-diversity-wird-neues-partnermitglied-bei-perikom\/#primaryimage"},"thumbnailUrl":"https:\/\/www.markt-kom.com\/wp-content\/uploads\/2024\/12\/Barbara-Fry-134-hoch.jpg","keywords":["Diversity","MarKom","Perikom"],"articleSection":["MARKETING"],"inLanguage":"it-IT"},{"@type":"WebPage","@id":"https:\/\/www.organisator.ch\/marketing\/2024-12-10\/re-thinking-diversity-wird-neues-partnermitglied-bei-perikom\/","url":"https:\/\/www.organisator.ch\/marketing\/2024-12-10\/re-thinking-diversity-wird-neues-partnermitglied-bei-perikom\/","name":"Re-Thinking Diversity diventa un nuovo membro partner di Perikom - Organizzatore","isPartOf":{"@id":"https:\/\/www.organisator.ch\/#website"},"primaryImageOfPage":{"@id":"https:\/\/www.organisator.ch\/marketing\/2024-12-10\/re-thinking-diversity-wird-neues-partnermitglied-bei-perikom\/#primaryimage"},"image":{"@id":"https:\/\/www.organisator.ch\/marketing\/2024-12-10\/re-thinking-diversity-wird-neues-partnermitglied-bei-perikom\/#primaryimage"},"thumbnailUrl":"https:\/\/www.markt-kom.com\/wp-content\/uploads\/2024\/12\/Barbara-Fry-134-hoch.jpg","datePublished":"2024-12-10T14:23:58+00:00","dateModified":"2024-12-11T06:23:04+00:00","description":"Re-Thinking Diversity diventa membro partner di Perikom e rafforza l'associazione professionale con competenze in materia di diversit\u00e0, inclusione e progettazione sostenibile delle risorse umane.","breadcrumb":{"@id":"https:\/\/www.organisator.ch\/marketing\/2024-12-10\/re-thinking-diversity-wird-neues-partnermitglied-bei-perikom\/#breadcrumb"},"inLanguage":"it-IT","potentialAction":[{"@type":"ReadAction","target":["https:\/\/www.organisator.ch\/marketing\/2024-12-10\/re-thinking-diversity-wird-neues-partnermitglied-bei-perikom\/"]}]},{"@type":"ImageObject","inLanguage":"it-IT","@id":"https:\/\/www.organisator.ch\/marketing\/2024-12-10\/re-thinking-diversity-wird-neues-partnermitglied-bei-perikom\/#primaryimage","url":"https:\/\/www.markt-kom.com\/wp-content\/uploads\/2024\/12\/Barbara-Fry-134-hoch.jpg","contentUrl":"https:\/\/www.markt-kom.com\/wp-content\/uploads\/2024\/12\/Barbara-Fry-134-hoch.jpg"},{"@type":"BreadcrumbList","@id":"https:\/\/www.organisator.ch\/marketing\/2024-12-10\/re-thinking-diversity-wird-neues-partnermitglied-bei-perikom\/#breadcrumb","itemListElement":[{"@type":"ListItem","position":1,"name":"Home","item":"https:\/\/www.organisator.ch\/"},{"@type":"ListItem","position":2,"name":"Re-Thinking Diversity wird neues Partnermitglied bei Perikom"}]},{"@type":"WebSite","@id":"https:\/\/www.organisator.ch\/#website","url":"https:\/\/www.organisator.ch\/","name":"Organizzatore","description":"Competente. Pratico. In 10 numeri all'anno, ORGANISATOR presenta i temi essenziali per i manager delle PMI.","publisher":{"@id":"https:\/\/www.organisator.ch\/#organization"},"potentialAction":[{"@type":"SearchAction","target":{"@type":"EntryPoint","urlTemplate":"https:\/\/www.organisator.ch\/?s={search_term_string}"},"query-input":{"@type":"PropertyValueSpecification","valueRequired":true,"valueName":"search_term_string"}}],"inLanguage":"it-IT"},{"@type":"Organization","@id":"https:\/\/www.organisator.ch\/#organization","name":"Organizzatore","url":"https:\/\/www.organisator.ch\/","logo":{"@type":"ImageObject","inLanguage":"it-IT","@id":"https:\/\/www.organisator.ch\/#\/schema\/logo\/image\/","url":"https:\/\/www.organisator.ch\/wp-content\/uploads\/2022\/01\/Logo_Organisator_Website.png","contentUrl":"https:\/\/www.organisator.ch\/wp-content\/uploads\/2022\/01\/Logo_Organisator_Website.png","width":800,"height":77,"caption":"Organisator"},"image":{"@id":"https:\/\/www.organisator.ch\/#\/schema\/logo\/image\/"},"sameAs":["https:\/\/www.facebook.com\/OrganisatorFachmagazin","https:\/\/www.linkedin.com\/showcase\/organisator-das-magazin-fr-kmu","https:\/\/www.xing.com\/news\/pages\/organisator-ch-695","https:\/\/www.youtube.com\/channel\/UCGP2Sq0iWaZwT3BdIAQFYpw"]},{"@type":"Person","@id":"https:\/\/www.organisator.ch\/#\/schema\/person\/4e51799071cd2dd1232ac003643ef5f0","name":"galledia","image":{"@type":"ImageObject","inLanguage":"it-IT","@id":"https:\/\/secure.gravatar.com\/avatar\/78a7f90c01fc2bfc875782a0d4922b37cde2cf184ce347b91316d23cd7f69a36?s=96&d=mm&r=g","url":"https:\/\/secure.gravatar.com\/avatar\/78a7f90c01fc2bfc875782a0d4922b37cde2cf184ce347b91316d23cd7f69a36?s=96&d=mm&r=g","contentUrl":"https:\/\/secure.gravatar.com\/avatar\/78a7f90c01fc2bfc875782a0d4922b37cde2cf184ce347b91316d23cd7f69a36?s=96&d=mm&r=g","caption":"galledia"},"sameAs":["https:\/\/x.com\/admin"],"url":"https:\/\/www.organisator.ch\/it\/author\/galledia\/"}]}},"_links":{"self":[{"href":"https:\/\/www.organisator.ch\/it\/wp-json\/wp\/v2\/posts\/34627","targetHints":{"allow":["GET"]}}],"collection":[{"href":"https:\/\/www.organisator.ch\/it\/wp-json\/wp\/v2\/posts"}],"about":[{"href":"https:\/\/www.organisator.ch\/it\/wp-json\/wp\/v2\/types\/post"}],"author":[{"embeddable":true,"href":"https:\/\/www.organisator.ch\/it\/wp-json\/wp\/v2\/users\/8"}],"replies":[{"embeddable":true,"href":"https:\/\/www.organisator.ch\/it\/wp-json\/wp\/v2\/comments?post=34627"}],"version-history":[{"count":3,"href":"https:\/\/www.organisator.ch\/it\/wp-json\/wp\/v2\/posts\/34627\/revisions"}],"predecessor-version":[{"id":34642,"href":"https:\/\/www.organisator.ch\/it\/wp-json\/wp\/v2\/posts\/34627\/revisions\/34642"}],"wp:attachment":[{"href":"https:\/\/www.organisator.ch\/it\/wp-json\/wp\/v2\/media?parent=34627"}],"wp:term":[{"taxonomy":"category","embeddable":true,"href":"https:\/\/www.organisator.ch\/it\/wp-json\/wp\/v2\/categories?post=34627"},{"taxonomy":"post_tag","embeddable":true,"href":"https:\/\/www.organisator.ch\/it\/wp-json\/wp\/v2\/tags?post=34627"}],"curies":[{"name":"wp","href":"https:\/\/api.w.org\/{rel}","templated":true}]}}