{"id":3463,"date":"2020-11-10T14:43:00","date_gmt":"2020-11-10T13:43:00","guid":{"rendered":"https:\/\/www.umweltperspektiven.ch\/?p=3463"},"modified":"2022-02-09T11:09:55","modified_gmt":"2022-02-09T10:09:55","slug":"covid-und-die-psyche-wie-wichtig-ist-umweltpsychologie","status":"publish","type":"post","link":"https:\/\/www.organisator.ch\/it\/sustainability\/2020-11-10\/covid-und-die-psyche-wie-wichtig-ist-umweltpsychologie\/","title":{"rendered":"Covid e la psiche - Quanto \u00e8 importante la psicologia ambientale?"},"content":{"rendered":"<p>&nbsp;<\/p>\n<figure id=\"attachment_3464\" aria-describedby=\"caption-attachment-3464\" style=\"width: 680px\" class=\"wp-caption alignnone\"><img loading=\"lazy\" decoding=\"async\" class=\"wp-image-3464 size-medium\" src=\"\/\/www.umweltperspektiven.ch\/wp-content\/uploads\/2020\/11\/RISK_ISO_Covid_evgeni-tcherkasski.jpg\" alt=\"\" width=\"680\" height=\"445\" \/><figcaption id=\"caption-attachment-3464\" class=\"wp-caption-text\">Le intuizioni della psicologia ambientale potrebbero essere utilizzate per promuovere un comportamento sostenibile e, in definitiva, il benessere. (Immagine: Unsplash)<\/figcaption><\/figure>\n<p>La pandemia di Covid 19 e le misure per contenerla hanno anche un impatto sulla salute mentale. Un sondaggio su 1300 psicologi d\u00e0 un'indicazione della misura. Il 46% degli intervistati dichiara che la domanda di terapia psicologica o di consulenza \u00e8 aumentata dall'estate a causa della pandemia di COVID-19 e delle sue conseguenze.<\/p>\n<p>Gli psicologi parlano di paure esistenziali crescenti. La Svizzera mostra la necessit\u00e0 di recuperare il ritardo. Ci sono lacune nelle cure non solo nell'area dei farmaci, ma anche in quella della salute mentale. \"I pazienti devono aspettare fino a sei mesi per una terapia ambulatoriale\", dice lo psicologo dedicato Yvik Adler. Adler \u00e8 allarmato: \"Se il bisogno aumenta ulteriormente ora, le conseguenze possono essere devastanti\". (Fonte:\u00a0<a href=\"\/\/www.psychologie.ch\">psicologia.ch<\/a>)<\/p>\n<p>Maya Mathias, presidente dell'associazione Initiative Psychologie im Umweltschutz (IPU), vede la psicologia ambientale come una grande opportunit\u00e0 per la societ\u00e0 colpita dalla pandemia, ma anche per gli individui. Infine, giovani scienziate come la nota epidemiologa inglese Tolu Oni spiegano perch\u00e9 le innovazioni tecniche da sole non bastano a compensare i problemi psicologici del mondo di oggi.<\/p>\n<p>Perch\u00e9 \u00e8 cos\u00ec difficile per noi passare dalla conoscenza all'azione? E perch\u00e9 c'\u00e8 ancora motivo di sperare?<\/p>\n<p><strong>Dove la psicologia ambientale aiuta\u00a0<\/strong><\/p>\n<p>La psicologia ambientale si occupa dell'interazione tra l'uomo e l'ambiente. Da un lato, si tratta di come le persone influenzano l'ambiente con i loro pensieri e azioni, per esempio con il loro comportamento nel tempo libero o nella pianificazione urbana. D'altra parte, l'effetto dell'ambiente sulle persone \u00e8 interessante, per esempio l'effetto delle aree ricreative quasi naturali o l'architettura a misura d'uomo.<\/p>\n<p>Al <a href=\"\/\/www.umwelt-psychologie.ch\/\">IPU<\/a> sono particolarmente interessati ai settori della protezione ambientale e della sostenibilit\u00e0. I modelli di comportamento come i viaggi aerei, la guida, l'enorme consumo di risorse per soddisfare i nostri desideri di ricompensa e di consumo stanno avendo un effetto sempre pi\u00f9 dannoso sul clima, sulla natura, ma anche su noi stessi. Di per s\u00e9, le azioni umane sono considerate la causa di molti problemi ambientali.<\/p>\n<p>\"Per questo motivo, la soluzione va cercata anche nelle persone\", dice Maya Mathias, presidente dell'IPU, e sottolinea: \"Le innovazioni tecniche non sono sufficienti per vivere in modo pi\u00f9 sostenibile, poich\u00e9 i guadagni di efficienza sono di solito annullati dall'aumento dei consumi.\" La psicologia ambientale mostra come la conoscenza psicologica e le strategie appropriate possano promuovere un comportamento rispettoso dell'ambiente.<\/p>\n<p>Cos\u00ec, Maya Mathias si occupa di comprendere meglio i bisogni e le motivazioni, gli atteggiamenti e il pensiero. Queste intuizioni possono essere utilizzate per promuovere un comportamento rispettoso dell'ambiente. Per esempio, le scelte e i comportamenti umani giocano un ruolo nel consumo di energia,\u00a0<a href=\"\/\/www.kalaidos-fh.ch\/de-CH\/Blog\/Posts\/Archiv\/wp-1046-Mobilitaet-der-Preis-des-Pendelns\">Mobilit\u00e0<\/a>, viaggio,\u00a0<a href=\"\/\/www.kalaidos-fh.ch\/de-CH\/Blog\/Posts\/Archiv\/wp-1138-Von-Verhalten-und-Fussabdruecken\">Nutrizione<\/a>,\u00a0<a href=\"\/\/www.kalaidos-fh.ch\/de-CH\/Blog\/Posts\/Archiv\/wp-1104-Kauf-dich-gluecklich\">Consumo<\/a>,\u00a0<a href=\"\/\/www.kalaidos-fh.ch\/de-CH\/Blog\/Posts\/Archiv\/wp-1137-Was-tun-gegen-Abfallberge\">Prevenzione e smaltimento dei rifiuti<\/a>\u00a0o stili di vita sostenibili giocano un ruolo.<\/p>\n<p><strong>Investimenti contro i Corona Blues\u00a0<\/strong><\/p>\n<p>Tolullah \"Tolu\" Oni \u00e8 un epidemiologo che lavora al Dipartimento per lo sviluppo urbano sostenibile. Oni non \u00e8 solo uno studente del Medical Research Council dell'Universit\u00e0 di Cambridge, ma \u00e8 gi\u00e0 un Fellow del NextEinstein Forum e un Young Global Leader del World Economic Forum.<\/p>\n<p>L'epidemiologo scrive su un blog del WEF sulla necessit\u00e0 di un \"Piano Marshall per la salute planetaria\" globale: l'attenzione finora si \u00e8 concentrata troppo sull'assicurare la prosperit\u00e0 e il cibo, il che ha portato a una maggiore motorizzazione nelle citt\u00e0, senza tener conto che ci deve essere anche spazio per l'attivit\u00e0 fisica in aria pulita.<\/p>\n<p>\"Possiamo e dobbiamo fare meglio, lanciando un nuovo programma di investimenti coraggiosi per la salute del pianeta\", scrive Oni.<\/p>\n<p><strong>Misurare il benessere in base al PIL<\/strong><br \/>\nCita l'aumento della mortalit\u00e0 coronarica tra la popolazione pi\u00f9 povera del Regno Unito come esempio dell'impatto negativo di politiche abitative fallimentari. Anche se diverse iniziative filantropiche globali hanno tentato di migliorare la salute urbana, anche con successo, i sistemi imperfetti di oggi hanno bisogno di un cambiamento pi\u00f9 fondamentale.<\/p>\n<p>I governi cos\u00ec come il settore privato sono sfidati, i politici devono agire e una migliore salute e resilienza delle persone, per esempio nelle grandi citt\u00e0, non dovrebbe essere vista come una conseguenza dei loro successi economici, ma come un obiettivo della nuova pianificazione urbana fin dall'inizio.<\/p>\n<p>Tali approcci esistono gi\u00e0, dal Bhutan nell'Himalaya con il suo \"fattore di felicit\u00e0\" nella misurazione del prodotto interno lordo alla Nuova Zelanda, dove si sta cercando di realizzare una cosiddetta \"economia del benessere\".<\/p>\n<p>\"Allo stesso modo, le istituzioni finanziarie multilaterali di sviluppo (MDFI), come la Banca Africana di Sviluppo e la Banca Asiatica di Sviluppo, potrebbero aiutare\", dice Oni. Come organizzazioni non commerciali che forniscono capitale per progetti di sviluppo economico in una vasta gamma di stati membri, tali istituzioni sono posizionate in modo unico per guidare lo schema alla maniera di un piano Marshall universalmente compreso attraverso la condizionalit\u00e0 nei prestiti e nei finanziamenti, dice.<\/p>\n<p><em>Potete anche trovare altri approcci al tema della psicologia ambientale e dello sviluppo urbano sul blog di Oni:<\/em><\/p>\n<p><a href=\"\/\/www.weforum.org\/agenda\/authors\/tolu-oni-3469ffacac\">https:\/\/www.weforum.org\/agenda\/authors\/tolu-oni-3469ffacac<\/a><\/p>","protected":false},"excerpt":{"rendered":"<p>&nbsp; Die Covid-19-Pandemie und die Massnahmen zu ihrer Eind\u00e4mmung wirken sich auch auf die psychische Gesundheit aus. Eine Umfrage unter 1300 Psychologinnen und Psychologen gibt Hinweise zu den Ausmassen. 46 Prozent der Befragten geben an, dass die Nachfrage nach psychologischer Therapie oder Beratung seit dem Sommer wegen der COVID-19 Pandemie und deren Folgen zugenommen hat. [&hellip;]<\/p>\n","protected":false},"author":5,"featured_media":3464,"comment_status":"closed","ping_status":"closed","sticky":false,"template":"","format":"standard","meta":{"_acf_changed":false,"_yoast_wpseo_focuskw":"Umweltpsychologie","_yoast_wpseo_metadesc":"Die mentale Gesundheit ist in Krisenzeiten besonders gef\u00e4hrdet. Das gilt auch f\u00fcr die Covid-19-Pandemie. Was k\u00f6nnte Umweltpsychologie dagegen bewirken?","articlekey":"","footnotes":""},"categories":[580],"tags":[952,1570,1688,424,2186,2375],"class_list":["post-3463","post","type-post","status-publish","format-standard","has-post-thumbnail","hentry","category-sustainability","tag-covid","tag-krise","tag-mentale-gesundheit","tag-schweiz","tag-staedteplanung","tag-umweltpsychologie"],"acf":[],"yoast_head":"<!-- This site is optimized with the Yoast SEO plugin v27.5 - https:\/\/yoast.com\/product\/yoast-seo-wordpress\/ -->\n<title>Covid und die Psyche \u2013 Wie wichtig ist Umweltpsychologie? - Organisator<\/title>\n<meta name=\"description\" content=\"Die mentale Gesundheit ist in Krisenzeiten besonders gef\u00e4hrdet. Das gilt auch f\u00fcr die Covid-19-Pandemie. Was k\u00f6nnte Umweltpsychologie dagegen bewirken?\" \/>\n<meta name=\"robots\" content=\"index, follow, max-snippet:-1, max-image-preview:large, max-video-preview:-1\" \/>\n<link rel=\"canonical\" href=\"https:\/\/www.organisator.ch\/it\/sostenibilita\/2020-11-10\/covid-und-die-psyche-wie-wichtig-ist-umweltpsychologie\/\" \/>\n<meta property=\"og:locale\" content=\"it_IT\" \/>\n<meta property=\"og:type\" content=\"article\" \/>\n<meta property=\"og:title\" content=\"Covid und die Psyche \u2013 Wie wichtig ist Umweltpsychologie? - Organisator\" \/>\n<meta property=\"og:description\" content=\"Die mentale Gesundheit ist in Krisenzeiten besonders gef\u00e4hrdet. Das gilt auch f\u00fcr die Covid-19-Pandemie. Was k\u00f6nnte Umweltpsychologie dagegen bewirken?\" \/>\n<meta property=\"og:url\" content=\"https:\/\/www.organisator.ch\/it\/sostenibilita\/2020-11-10\/covid-und-die-psyche-wie-wichtig-ist-umweltpsychologie\/\" \/>\n<meta property=\"og:site_name\" content=\"Organisator\" \/>\n<meta property=\"article:publisher\" content=\"https:\/\/www.facebook.com\/OrganisatorFachmagazin\" \/>\n<meta property=\"article:published_time\" content=\"2020-11-10T13:43:00+00:00\" \/>\n<meta property=\"article:modified_time\" content=\"2022-02-09T10:09:55+00:00\" \/>\n<meta property=\"og:image\" content=\"https:\/\/www.organisator.ch\/wp-content\/uploads\/2020\/11\/RISK_ISO_Covid_evgeni-tcherkasski-scaled.jpg\" \/>\n\t<meta property=\"og:image:width\" content=\"2560\" \/>\n\t<meta property=\"og:image:height\" content=\"1675\" \/>\n\t<meta property=\"og:image:type\" content=\"image\/jpeg\" \/>\n<meta name=\"author\" content=\"michael.merz\" \/>\n<meta name=\"twitter:card\" content=\"summary_large_image\" \/>\n<script type=\"application\/ld+json\" class=\"yoast-schema-graph\">{\"@context\":\"https:\\\/\\\/schema.org\",\"@graph\":[{\"@type\":\"Article\",\"@id\":\"https:\\\/\\\/www.organisator.ch\\\/sustainability\\\/2020-11-10\\\/covid-und-die-psyche-wie-wichtig-ist-umweltpsychologie\\\/#article\",\"isPartOf\":{\"@id\":\"https:\\\/\\\/www.organisator.ch\\\/sustainability\\\/2020-11-10\\\/covid-und-die-psyche-wie-wichtig-ist-umweltpsychologie\\\/\"},\"author\":{\"name\":\"michael.merz\",\"@id\":\"https:\\\/\\\/www.organisator.ch\\\/#\\\/schema\\\/person\\\/134708ca9321c57b0362cceb7948ffbd\"},\"headline\":\"Covid und die Psyche \u2013 Wie wichtig ist Umweltpsychologie?\",\"datePublished\":\"2020-11-10T13:43:00+00:00\",\"dateModified\":\"2022-02-09T10:09:55+00:00\",\"mainEntityOfPage\":{\"@id\":\"https:\\\/\\\/www.organisator.ch\\\/sustainability\\\/2020-11-10\\\/covid-und-die-psyche-wie-wichtig-ist-umweltpsychologie\\\/\"},\"wordCount\":808,\"publisher\":{\"@id\":\"https:\\\/\\\/www.organisator.ch\\\/#organization\"},\"image\":{\"@id\":\"https:\\\/\\\/www.organisator.ch\\\/sustainability\\\/2020-11-10\\\/covid-und-die-psyche-wie-wichtig-ist-umweltpsychologie\\\/#primaryimage\"},\"thumbnailUrl\":\"https:\\\/\\\/www.organisator.ch\\\/wp-content\\\/uploads\\\/2020\\\/11\\\/RISK_ISO_Covid_evgeni-tcherkasski-scaled.jpg\",\"keywords\":[\"Covid\",\"Krise\",\"Mentale Gesundheit\",\"Schweiz\",\"St\u00e4dteplanung\",\"Umweltpsychologie\"],\"articleSection\":[\"SUSTAINABILITY\"],\"inLanguage\":\"it-IT\"},{\"@type\":\"WebPage\",\"@id\":\"https:\\\/\\\/www.organisator.ch\\\/sustainability\\\/2020-11-10\\\/covid-und-die-psyche-wie-wichtig-ist-umweltpsychologie\\\/\",\"url\":\"https:\\\/\\\/www.organisator.ch\\\/sustainability\\\/2020-11-10\\\/covid-und-die-psyche-wie-wichtig-ist-umweltpsychologie\\\/\",\"name\":\"Covid und die Psyche \u2013 Wie wichtig ist Umweltpsychologie? - Organisator\",\"isPartOf\":{\"@id\":\"https:\\\/\\\/www.organisator.ch\\\/#website\"},\"primaryImageOfPage\":{\"@id\":\"https:\\\/\\\/www.organisator.ch\\\/sustainability\\\/2020-11-10\\\/covid-und-die-psyche-wie-wichtig-ist-umweltpsychologie\\\/#primaryimage\"},\"image\":{\"@id\":\"https:\\\/\\\/www.organisator.ch\\\/sustainability\\\/2020-11-10\\\/covid-und-die-psyche-wie-wichtig-ist-umweltpsychologie\\\/#primaryimage\"},\"thumbnailUrl\":\"https:\\\/\\\/www.organisator.ch\\\/wp-content\\\/uploads\\\/2020\\\/11\\\/RISK_ISO_Covid_evgeni-tcherkasski-scaled.jpg\",\"datePublished\":\"2020-11-10T13:43:00+00:00\",\"dateModified\":\"2022-02-09T10:09:55+00:00\",\"description\":\"Die mentale Gesundheit ist in Krisenzeiten besonders gef\u00e4hrdet. Das gilt auch f\u00fcr die Covid-19-Pandemie. Was k\u00f6nnte Umweltpsychologie dagegen bewirken?\",\"breadcrumb\":{\"@id\":\"https:\\\/\\\/www.organisator.ch\\\/sustainability\\\/2020-11-10\\\/covid-und-die-psyche-wie-wichtig-ist-umweltpsychologie\\\/#breadcrumb\"},\"inLanguage\":\"it-IT\",\"potentialAction\":[{\"@type\":\"ReadAction\",\"target\":[\"https:\\\/\\\/www.organisator.ch\\\/sustainability\\\/2020-11-10\\\/covid-und-die-psyche-wie-wichtig-ist-umweltpsychologie\\\/\"]}]},{\"@type\":\"ImageObject\",\"inLanguage\":\"it-IT\",\"@id\":\"https:\\\/\\\/www.organisator.ch\\\/sustainability\\\/2020-11-10\\\/covid-und-die-psyche-wie-wichtig-ist-umweltpsychologie\\\/#primaryimage\",\"url\":\"https:\\\/\\\/www.organisator.ch\\\/wp-content\\\/uploads\\\/2020\\\/11\\\/RISK_ISO_Covid_evgeni-tcherkasski-scaled.jpg\",\"contentUrl\":\"https:\\\/\\\/www.organisator.ch\\\/wp-content\\\/uploads\\\/2020\\\/11\\\/RISK_ISO_Covid_evgeni-tcherkasski-scaled.jpg\",\"width\":2560,\"height\":1675},{\"@type\":\"BreadcrumbList\",\"@id\":\"https:\\\/\\\/www.organisator.ch\\\/sustainability\\\/2020-11-10\\\/covid-und-die-psyche-wie-wichtig-ist-umweltpsychologie\\\/#breadcrumb\",\"itemListElement\":[{\"@type\":\"ListItem\",\"position\":1,\"name\":\"Home\",\"item\":\"https:\\\/\\\/www.organisator.ch\\\/\"},{\"@type\":\"ListItem\",\"position\":2,\"name\":\"Covid und die Psyche \u2013 Wie wichtig ist Umweltpsychologie?\"}]},{\"@type\":\"WebSite\",\"@id\":\"https:\\\/\\\/www.organisator.ch\\\/#website\",\"url\":\"https:\\\/\\\/www.organisator.ch\\\/\",\"name\":\"Organisator\",\"description\":\"Kompetent. Praxisnah. Der ORGANISATOR bereitet in 10 Ausgaben pro Jahr die wesentlichen Themen f\u00fcr F\u00fchrungskr\u00e4fte von KMU auf.\",\"publisher\":{\"@id\":\"https:\\\/\\\/www.organisator.ch\\\/#organization\"},\"potentialAction\":[{\"@type\":\"SearchAction\",\"target\":{\"@type\":\"EntryPoint\",\"urlTemplate\":\"https:\\\/\\\/www.organisator.ch\\\/?s={search_term_string}\"},\"query-input\":{\"@type\":\"PropertyValueSpecification\",\"valueRequired\":true,\"valueName\":\"search_term_string\"}}],\"inLanguage\":\"it-IT\"},{\"@type\":\"Organization\",\"@id\":\"https:\\\/\\\/www.organisator.ch\\\/#organization\",\"name\":\"Organisator\",\"url\":\"https:\\\/\\\/www.organisator.ch\\\/\",\"logo\":{\"@type\":\"ImageObject\",\"inLanguage\":\"it-IT\",\"@id\":\"https:\\\/\\\/www.organisator.ch\\\/#\\\/schema\\\/logo\\\/image\\\/\",\"url\":\"https:\\\/\\\/www.organisator.ch\\\/wp-content\\\/uploads\\\/2022\\\/01\\\/Logo_Organisator_Website.png\",\"contentUrl\":\"https:\\\/\\\/www.organisator.ch\\\/wp-content\\\/uploads\\\/2022\\\/01\\\/Logo_Organisator_Website.png\",\"width\":800,\"height\":77,\"caption\":\"Organisator\"},\"image\":{\"@id\":\"https:\\\/\\\/www.organisator.ch\\\/#\\\/schema\\\/logo\\\/image\\\/\"},\"sameAs\":[\"https:\\\/\\\/www.facebook.com\\\/OrganisatorFachmagazin\",\"https:\\\/\\\/www.linkedin.com\\\/showcase\\\/organisator-das-magazin-fr-kmu\",\"https:\\\/\\\/www.xing.com\\\/news\\\/pages\\\/organisator-ch-695\",\"https:\\\/\\\/www.youtube.com\\\/channel\\\/UCGP2Sq0iWaZwT3BdIAQFYpw\"]},{\"@type\":\"Person\",\"@id\":\"https:\\\/\\\/www.organisator.ch\\\/#\\\/schema\\\/person\\\/134708ca9321c57b0362cceb7948ffbd\",\"name\":\"michael.merz\",\"image\":{\"@type\":\"ImageObject\",\"inLanguage\":\"it-IT\",\"@id\":\"https:\\\/\\\/secure.gravatar.com\\\/avatar\\\/?s=96&d=mm&r=g\",\"url\":\"https:\\\/\\\/secure.gravatar.com\\\/avatar\\\/?s=96&d=mm&r=g\",\"contentUrl\":\"https:\\\/\\\/secure.gravatar.com\\\/avatar\\\/?s=96&d=mm&r=g\",\"caption\":\"michael.merz\"},\"url\":\"https:\\\/\\\/www.organisator.ch\\\/it\\\/author\\\/michael-merz\\\/\"}]}<\/script>\n<!-- \/ Yoast SEO plugin. -->","yoast_head_json":{"title":"Covid e la psiche - Quanto \u00e8 importante la psicologia ambientale? - Organizzatore","description":"La salute mentale \u00e8 particolarmente a rischio nei periodi di crisi. Questo vale anche per la pandemia Covid 19. Cosa potrebbe fare la psicologia ambientale?","robots":{"index":"index","follow":"follow","max-snippet":"max-snippet:-1","max-image-preview":"max-image-preview:large","max-video-preview":"max-video-preview:-1"},"canonical":"https:\/\/www.organisator.ch\/it\/sostenibilita\/2020-11-10\/covid-und-die-psyche-wie-wichtig-ist-umweltpsychologie\/","og_locale":"it_IT","og_type":"article","og_title":"Covid und die Psyche \u2013 Wie wichtig ist Umweltpsychologie? - Organisator","og_description":"Die mentale Gesundheit ist in Krisenzeiten besonders gef\u00e4hrdet. Das gilt auch f\u00fcr die Covid-19-Pandemie. Was k\u00f6nnte Umweltpsychologie dagegen bewirken?","og_url":"https:\/\/www.organisator.ch\/it\/sostenibilita\/2020-11-10\/covid-und-die-psyche-wie-wichtig-ist-umweltpsychologie\/","og_site_name":"Organisator","article_publisher":"https:\/\/www.facebook.com\/OrganisatorFachmagazin","article_published_time":"2020-11-10T13:43:00+00:00","article_modified_time":"2022-02-09T10:09:55+00:00","og_image":[{"width":2560,"height":1675,"url":"https:\/\/www.organisator.ch\/wp-content\/uploads\/2020\/11\/RISK_ISO_Covid_evgeni-tcherkasski-scaled.jpg","type":"image\/jpeg"}],"author":"michael.merz","twitter_card":"summary_large_image","schema":{"@context":"https:\/\/schema.org","@graph":[{"@type":"Article","@id":"https:\/\/www.organisator.ch\/sustainability\/2020-11-10\/covid-und-die-psyche-wie-wichtig-ist-umweltpsychologie\/#article","isPartOf":{"@id":"https:\/\/www.organisator.ch\/sustainability\/2020-11-10\/covid-und-die-psyche-wie-wichtig-ist-umweltpsychologie\/"},"author":{"name":"michael.merz","@id":"https:\/\/www.organisator.ch\/#\/schema\/person\/134708ca9321c57b0362cceb7948ffbd"},"headline":"Covid und die Psyche \u2013 Wie wichtig ist Umweltpsychologie?","datePublished":"2020-11-10T13:43:00+00:00","dateModified":"2022-02-09T10:09:55+00:00","mainEntityOfPage":{"@id":"https:\/\/www.organisator.ch\/sustainability\/2020-11-10\/covid-und-die-psyche-wie-wichtig-ist-umweltpsychologie\/"},"wordCount":808,"publisher":{"@id":"https:\/\/www.organisator.ch\/#organization"},"image":{"@id":"https:\/\/www.organisator.ch\/sustainability\/2020-11-10\/covid-und-die-psyche-wie-wichtig-ist-umweltpsychologie\/#primaryimage"},"thumbnailUrl":"https:\/\/www.organisator.ch\/wp-content\/uploads\/2020\/11\/RISK_ISO_Covid_evgeni-tcherkasski-scaled.jpg","keywords":["Covid","Krise","Mentale Gesundheit","Schweiz","St\u00e4dteplanung","Umweltpsychologie"],"articleSection":["SUSTAINABILITY"],"inLanguage":"it-IT"},{"@type":"WebPage","@id":"https:\/\/www.organisator.ch\/sustainability\/2020-11-10\/covid-und-die-psyche-wie-wichtig-ist-umweltpsychologie\/","url":"https:\/\/www.organisator.ch\/sustainability\/2020-11-10\/covid-und-die-psyche-wie-wichtig-ist-umweltpsychologie\/","name":"Covid e la psiche - Quanto \u00e8 importante la psicologia ambientale? - Organizzatore","isPartOf":{"@id":"https:\/\/www.organisator.ch\/#website"},"primaryImageOfPage":{"@id":"https:\/\/www.organisator.ch\/sustainability\/2020-11-10\/covid-und-die-psyche-wie-wichtig-ist-umweltpsychologie\/#primaryimage"},"image":{"@id":"https:\/\/www.organisator.ch\/sustainability\/2020-11-10\/covid-und-die-psyche-wie-wichtig-ist-umweltpsychologie\/#primaryimage"},"thumbnailUrl":"https:\/\/www.organisator.ch\/wp-content\/uploads\/2020\/11\/RISK_ISO_Covid_evgeni-tcherkasski-scaled.jpg","datePublished":"2020-11-10T13:43:00+00:00","dateModified":"2022-02-09T10:09:55+00:00","description":"La salute mentale \u00e8 particolarmente a rischio nei periodi di crisi. Questo vale anche per la pandemia Covid 19. Cosa potrebbe fare la psicologia ambientale?","breadcrumb":{"@id":"https:\/\/www.organisator.ch\/sustainability\/2020-11-10\/covid-und-die-psyche-wie-wichtig-ist-umweltpsychologie\/#breadcrumb"},"inLanguage":"it-IT","potentialAction":[{"@type":"ReadAction","target":["https:\/\/www.organisator.ch\/sustainability\/2020-11-10\/covid-und-die-psyche-wie-wichtig-ist-umweltpsychologie\/"]}]},{"@type":"ImageObject","inLanguage":"it-IT","@id":"https:\/\/www.organisator.ch\/sustainability\/2020-11-10\/covid-und-die-psyche-wie-wichtig-ist-umweltpsychologie\/#primaryimage","url":"https:\/\/www.organisator.ch\/wp-content\/uploads\/2020\/11\/RISK_ISO_Covid_evgeni-tcherkasski-scaled.jpg","contentUrl":"https:\/\/www.organisator.ch\/wp-content\/uploads\/2020\/11\/RISK_ISO_Covid_evgeni-tcherkasski-scaled.jpg","width":2560,"height":1675},{"@type":"BreadcrumbList","@id":"https:\/\/www.organisator.ch\/sustainability\/2020-11-10\/covid-und-die-psyche-wie-wichtig-ist-umweltpsychologie\/#breadcrumb","itemListElement":[{"@type":"ListItem","position":1,"name":"Home","item":"https:\/\/www.organisator.ch\/"},{"@type":"ListItem","position":2,"name":"Covid und die Psyche \u2013 Wie wichtig ist Umweltpsychologie?"}]},{"@type":"WebSite","@id":"https:\/\/www.organisator.ch\/#website","url":"https:\/\/www.organisator.ch\/","name":"Organizzatore","description":"Competente. Pratico. In 10 numeri all'anno, ORGANISATOR presenta i temi essenziali per i manager delle PMI.","publisher":{"@id":"https:\/\/www.organisator.ch\/#organization"},"potentialAction":[{"@type":"SearchAction","target":{"@type":"EntryPoint","urlTemplate":"https:\/\/www.organisator.ch\/?s={search_term_string}"},"query-input":{"@type":"PropertyValueSpecification","valueRequired":true,"valueName":"search_term_string"}}],"inLanguage":"it-IT"},{"@type":"Organization","@id":"https:\/\/www.organisator.ch\/#organization","name":"Organizzatore","url":"https:\/\/www.organisator.ch\/","logo":{"@type":"ImageObject","inLanguage":"it-IT","@id":"https:\/\/www.organisator.ch\/#\/schema\/logo\/image\/","url":"https:\/\/www.organisator.ch\/wp-content\/uploads\/2022\/01\/Logo_Organisator_Website.png","contentUrl":"https:\/\/www.organisator.ch\/wp-content\/uploads\/2022\/01\/Logo_Organisator_Website.png","width":800,"height":77,"caption":"Organisator"},"image":{"@id":"https:\/\/www.organisator.ch\/#\/schema\/logo\/image\/"},"sameAs":["https:\/\/www.facebook.com\/OrganisatorFachmagazin","https:\/\/www.linkedin.com\/showcase\/organisator-das-magazin-fr-kmu","https:\/\/www.xing.com\/news\/pages\/organisator-ch-695","https:\/\/www.youtube.com\/channel\/UCGP2Sq0iWaZwT3BdIAQFYpw"]},{"@type":"Person","@id":"https:\/\/www.organisator.ch\/#\/schema\/person\/134708ca9321c57b0362cceb7948ffbd","name":"michael.merz","image":{"@type":"ImageObject","inLanguage":"it-IT","@id":"https:\/\/secure.gravatar.com\/avatar\/?s=96&d=mm&r=g","url":"https:\/\/secure.gravatar.com\/avatar\/?s=96&d=mm&r=g","contentUrl":"https:\/\/secure.gravatar.com\/avatar\/?s=96&d=mm&r=g","caption":"michael.merz"},"url":"https:\/\/www.organisator.ch\/it\/author\/michael-merz\/"}]}},"_links":{"self":[{"href":"https:\/\/www.organisator.ch\/it\/wp-json\/wp\/v2\/posts\/3463","targetHints":{"allow":["GET"]}}],"collection":[{"href":"https:\/\/www.organisator.ch\/it\/wp-json\/wp\/v2\/posts"}],"about":[{"href":"https:\/\/www.organisator.ch\/it\/wp-json\/wp\/v2\/types\/post"}],"author":[{"embeddable":true,"href":"https:\/\/www.organisator.ch\/it\/wp-json\/wp\/v2\/users\/5"}],"replies":[{"embeddable":true,"href":"https:\/\/www.organisator.ch\/it\/wp-json\/wp\/v2\/comments?post=3463"}],"version-history":[{"count":1,"href":"https:\/\/www.organisator.ch\/it\/wp-json\/wp\/v2\/posts\/3463\/revisions"}],"predecessor-version":[{"id":10811,"href":"https:\/\/www.organisator.ch\/it\/wp-json\/wp\/v2\/posts\/3463\/revisions\/10811"}],"wp:featuredmedia":[{"embeddable":true,"href":"https:\/\/www.organisator.ch\/it\/wp-json\/wp\/v2\/media\/3464"}],"wp:attachment":[{"href":"https:\/\/www.organisator.ch\/it\/wp-json\/wp\/v2\/media?parent=3463"}],"wp:term":[{"taxonomy":"category","embeddable":true,"href":"https:\/\/www.organisator.ch\/it\/wp-json\/wp\/v2\/categories?post=3463"},{"taxonomy":"post_tag","embeddable":true,"href":"https:\/\/www.organisator.ch\/it\/wp-json\/wp\/v2\/tags?post=3463"}],"curies":[{"name":"wp","href":"https:\/\/api.w.org\/{rel}","templated":true}]}}