{"id":34635,"date":"2024-12-11T01:10:47","date_gmt":"2024-12-11T00:10:47","guid":{"rendered":"https:\/\/www.markt-kom.com\/?p=228020"},"modified":"2024-12-11T07:19:32","modified_gmt":"2024-12-11T06:19:32","slug":"kingfluencers-trennt-sich-von-seinem-ceo","status":"publish","type":"post","link":"https:\/\/www.organisator.ch\/it\/marketing\/2024-12-11\/kingfluencers-trennt-sich-von-seinem-ceo\/","title":{"rendered":"Kingfluencers si separa dal suo CEO"},"content":{"rendered":"<figure id=\"attachment_228024\" class=\"wp-caption aligncenter\" style=\"width: 1175px;\" aria-describedby=\"caption-attachment-228024\"><a href=\"https:\/\/www.markt-kom.com\/wp-content\/uploads\/2024\/12\/yoeri-callebaut-kingfluencers.jpg\"><img class=\"size-full wp-image-228024\" src=\"https:\/\/www.markt-kom.com\/wp-content\/uploads\/2024\/12\/yoeri-callebaut-kingfluencers.jpg\" sizes=\"(max-width: 1175px) 100vw, 1175px\" srcset=\"https:\/\/www.markt-kom.com\/wp-content\/uploads\/2024\/12\/yoeri-callebaut-kingfluencers.jpg 1175w, https:\/\/www.markt-kom.com\/wp-content\/uploads\/2024\/12\/yoeri-callebaut-kingfluencers-600x450.jpg 600w, https:\/\/www.markt-kom.com\/wp-content\/uploads\/2024\/12\/yoeri-callebaut-kingfluencers-1024x769.jpg 1024w, https:\/\/www.markt-kom.com\/wp-content\/uploads\/2024\/12\/yoeri-callebaut-kingfluencers-768x576.jpg 768w, https:\/\/www.markt-kom.com\/wp-content\/uploads\/2024\/12\/yoeri-callebaut-kingfluencers-16x12.jpg 16w, https:\/\/www.markt-kom.com\/wp-content\/uploads\/2024\/12\/yoeri-callebaut-kingfluencers-233x175.jpg 233w, https:\/\/www.markt-kom.com\/wp-content\/uploads\/2024\/12\/yoeri-callebaut-kingfluencers-466x350.jpg 466w, https:\/\/www.markt-kom.com\/wp-content\/uploads\/2024\/12\/yoeri-callebaut-kingfluencers-1000x751.jpg 1000w\" alt=\"\" width=\"1175\" height=\"882\" \/><\/a>\r\n<figcaption id=\"caption-attachment-228024\" class=\"wp-caption-text\">Il defunto CEO di Kingfluencers Yoeri Callebaut, qui al Forum svizzero sull'Influence Marketing, che l'agenzia ha organizzato per la prima volta a Zurigo nell'ottobre 2024. (Foto: zVg.)<\/figcaption>\r\n<\/figure>\r\n<p>Yoeri Callebaut non \u00e8 pi\u00f9 amministratore delegato di Kingfluencers. Secondo le informazioni fornite da <em>m&amp;k<\/em> il precedente CEO e il Consiglio di Amministrazione di Kingfluencers avevano opinioni diverse su come l'agenzia di Zurigo dovesse essere guidata con successo nel futuro, sia dal punto di vista strategico che operativo. Lo conferma il presidente del Consiglio di amministrazione di Kingfluencers, Roman Gertsch: \"Poich\u00e9 i tentativi di entrambe le parti di convincere la controparte del rispettivo approccio sono stati infruttuosi, siamo giunti congiuntamente alla conclusione che un'ulteriore collaborazione non ha pi\u00f9 senso in queste condizioni\".<\/p>\r\n<p>Sebbene Gertsch parli di \"opinioni divergenti\", non c'\u00e8 stata alcuna controversia tra Callebaut e il Consiglio di Amministrazione. \"Dopo diversi anni di buona collaborazione, siamo riusciti a trovare insieme una soluzione di separazione amichevole e professionale\", afferma il 43enne co-fondatore di Kingfluencers.<br \/>\r\nYoeri \u00e8 quindi ancora a disposizione del team di gestione e del Consiglio di amministrazione per consigli e supporto durante la fase di transizione. \"Yoeri augura a King\ufb02uencers di continuare ad avere successo, anche se il percorso previsto si discosta in parte dalle sue idee\", continua Gertsch.<\/p>\r\n<figure id=\"attachment_228021\" class=\"wp-caption aligncenter\" style=\"width: 562px;\" aria-describedby=\"caption-attachment-228021\"><a href=\"https:\/\/www.markt-kom.com\/wp-content\/uploads\/2024\/12\/Gertsch-VRP-Kingfluencers.jpg\"><img class=\"size-full wp-image-228021\" src=\"https:\/\/www.markt-kom.com\/wp-content\/uploads\/2024\/12\/Gertsch-VRP-Kingfluencers.jpg\" sizes=\"(max-width: 562px) 100vw, 562px\" srcset=\"https:\/\/www.markt-kom.com\/wp-content\/uploads\/2024\/12\/Gertsch-VRP-Kingfluencers.jpg 562w, https:\/\/www.markt-kom.com\/wp-content\/uploads\/2024\/12\/Gertsch-VRP-Kingfluencers-16x12.jpg 16w, https:\/\/www.markt-kom.com\/wp-content\/uploads\/2024\/12\/Gertsch-VRP-Kingfluencers-234x175.jpg 234w, https:\/\/www.markt-kom.com\/wp-content\/uploads\/2024\/12\/Gertsch-VRP-Kingfluencers-467x350.jpg 467w\" alt=\"\" width=\"562\" height=\"421\" \/><\/a>\r\n<figcaption id=\"caption-attachment-228021\" class=\"wp-caption-text\">Roman Gertsch \u00e8 cofondatore e presidente del Consiglio di amministrazione di Kingfluencers.<\/figcaption>\r\n<\/figure>\r\n<h3><strong>L'amministratore delegato voleva diversificare maggiormente l'agenzia<\/strong><\/h3>\r\n<p>Yoeri Callebaut conferma di aver gi\u00e0 lasciato la sua posizione di Amministratore Delegato. Continuer\u00e0 a supportare Kingfluencers come consulente fino a met\u00e0 febbraio per garantire una transizione senza intoppi. Alla domanda sulle ragioni esatte della sua partenza, il 41enne parla di una visione pi\u00f9 ampia che avrebbe voluto affrontare come CEO. La sua ambizione era quella di aprire nuove e innovative aree di business per essere meno dipendente dall'influencer marketing tradizionale. Voleva inoltre concentrarsi maggiormente sulla regione DACH.<\/p>\r\n<p>\"Mi sono reso conto che in quel momento la mia visione era forse troppo grande e troppo estesa\", ha raccontato il belga. <em>m&amp;k<\/em>. \u00c8 quindi giunto alla conclusione che l'azienda e lui si trovavano in punti diversi. \"Ho quindi deciso di cercare un nuovo ambiente. Dove poter realizzare appieno il mio bisogno di essere innovativo e di trasformare grandi e folli visioni in realt\u00e0\".<\/p>\r\n<p>Yoeri Callebaut ha lavorato in diversi Paesi prima di diventare CEO a Zurigo. Ha vissuto a Montreal, in Canada, per un anno e mezzo, dove ha creato l'attivit\u00e0 canadese dell'agenzia belga di consulenza aziendale e informatica Onetowin. A San Paolo \u00e8 stato responsabile della joint venture tra l'istituto belga di ricerche di mercato iVOX e la sua grande controparte brasiliana Ibope Intelig\u00eancia. La nuova societ\u00e0 Ibope Conecta, gestita da Callebaut, \u00e8 stata venduta qualche anno dopo al gruppo Kantar, attivo a livello globale.<\/p>\r\n<h3><strong>Aumento del 290 per cento delle vendite<\/strong><\/h3>\r\n<p>I tre co-fondatori di Kingfluencers, Fabian Pl\u00fcss, Roman Gertsch e Christian Reiter, hanno collaborato con il CEO di Yoeri Callebaut, ora scomparso, in diversi ruoli negli ultimi anni, sia come membri del Consiglio di Amministrazione che come membri del team di gestione di Yoeri Callebaut. \"L'impegno di Yoeri nei confronti dell'azienda ha colpito l'intero Consiglio di Amministrazione e noi fondatori ed \u00e8 sempre stato molto apprezzato\", afferma Gertsch. Anche la collaborazione con Callebaut \u00e8 stata sempre professionale e nell'interesse dell'azienda\".<\/p>\r\n<p>Secondo lo zurighese, sotto la guida di Yoeri Callebaut, Kingfluencers si \u00e8 trasformata in un'agenzia orientata alla strategia e alla creativit\u00e0. \"Yoeri ha fortemente guidato le varie innovazioni e la crescita di Kingfluencers\", continua Roman Gertsch. Nel complesso, il fatturato dell'agenzia \u00e8 aumentato del 290% negli ultimi quattro anni.<\/p>\r\n<figure id=\"attachment_228022\" class=\"wp-caption aligncenter\" style=\"width: 563px;\" aria-describedby=\"caption-attachment-228022\"><a href=\"https:\/\/www.markt-kom.com\/wp-content\/uploads\/2024\/12\/kingfluencers-team.jpg\"><img class=\"size-full wp-image-228022\" src=\"https:\/\/www.markt-kom.com\/wp-content\/uploads\/2024\/12\/kingfluencers-team.jpg\" sizes=\"(max-width: 563px) 100vw, 563px\" srcset=\"https:\/\/www.markt-kom.com\/wp-content\/uploads\/2024\/12\/kingfluencers-team.jpg 563w, https:\/\/www.markt-kom.com\/wp-content\/uploads\/2024\/12\/kingfluencers-team-16x12.jpg 16w, https:\/\/www.markt-kom.com\/wp-content\/uploads\/2024\/12\/kingfluencers-team-233x175.jpg 233w, https:\/\/www.markt-kom.com\/wp-content\/uploads\/2024\/12\/kingfluencers-team-467x350.jpg 467w\" alt=\"\" width=\"563\" height=\"422\" \/><\/a>\r\n<figcaption id=\"caption-attachment-228022\" class=\"wp-caption-text\">Secondo Yoeri Callebaut, il team di Kingfluencers \u00e8 passato da 12 a quasi 40 persone.<\/figcaption>\r\n<\/figure>\r\n<p>Vogliamo sapere dal Presidente del Consiglio di Amministrazione quale direzione prender\u00e0 Kingfluencers in futuro e chi sostituir\u00e0 Callebaut come CEO. \"Kingfluencers si concentra su un'ulteriore crescita organica di successo nella sua competenza principale di agenzia di in\ufb02uencer marketing leader in Svizzera\". Sulla base dell'attuale posizione di mercato, il Consiglio di amministrazione vorrebbe ampliare selettivamente i servizi e le offerte complementari. In futuro sono possibili anche partnership strategiche. \"Siamo convinti che i nostri clienti attuali e futuri continueranno ad apprezzare l'alto livello di competenza e la qualit\u00e0 dei servizi di King\ufb02uencers\", continua Roman Gertsch.<\/p>\r\n<h3><strong>Chris Bitzer assume l'incarico ad interim<\/strong><\/h3>\r\n<p>Chris Bitzer, membro del consiglio di amministrazione e co-investitore di lunga data, assumer\u00e0 la guida di King\ufb02uencers ad interim in stretta collaborazione con il team di gestione esistente. Parte del mandato prevede anche la ricerca di un nuovo CEO, che poi riprender\u00e0 in mano l'azienda. Bitzer non \u00e8 disponibile per un ruolo dirigenziale a lungo termine. \"Ci prenderemo il tempo necessario per garantire una nomina competente e sostenibile e poi vi informeremo nuovamente\", afferma il presidente del Consiglio di amministrazione di Kingfluencers.<\/p>\r\n<figure id=\"attachment_228023\" class=\"wp-caption aligncenter\" style=\"width: 517px;\" aria-describedby=\"caption-attachment-228023\"><a href=\"https:\/\/www.markt-kom.com\/wp-content\/uploads\/2024\/12\/bitzer_chris-KF-VR.jpg\"><img class=\"size-full wp-image-228023\" src=\"https:\/\/www.markt-kom.com\/wp-content\/uploads\/2024\/12\/bitzer_chris-KF-VR.jpg\" sizes=\"(max-width: 517px) 100vw, 517px\" srcset=\"https:\/\/www.markt-kom.com\/wp-content\/uploads\/2024\/12\/bitzer_chris-KF-VR.jpg 517w, https:\/\/www.markt-kom.com\/wp-content\/uploads\/2024\/12\/bitzer_chris-KF-VR-16x12.jpg 16w, https:\/\/www.markt-kom.com\/wp-content\/uploads\/2024\/12\/bitzer_chris-KF-VR-233x175.jpg 233w, https:\/\/www.markt-kom.com\/wp-content\/uploads\/2024\/12\/bitzer_chris-KF-VR-466x350.jpg 466w\" alt=\"\" width=\"517\" height=\"388\" \/><\/a>\r\n<figcaption id=\"caption-attachment-228023\" class=\"wp-caption-text\">Il membro del consiglio di amministrazione Chris Bitzer \u00e8 ora CEO ad interim di Kingfluencers.<\/figcaption>\r\n<\/figure>\r\n<p>Non pu\u00f2 ancora dire dove si trasferir\u00e0 Yoeri Callebaut. L'attuale CEO si prender\u00e0 ora un po' di tempo per s\u00e9. \"Affronter\u00f2 alcuni progetti personali\". Ha gi\u00e0 iniziato a parlare con rappresentanti di agenzie di marketing e di altri settori.<\/p>\r\n<p>Gli manca gi\u00e0 lavorare con il suo team molto fedele e impegnato negli anni. Tutti i dipendenti hanno reagito con tristezza e in alcuni casi con sgomento alla sua partenza. \"Vorrei ringraziare tutti per gli insegnamenti estremamente preziosi e i momenti meravigliosi che ho potuto vivere con loro\", afferma Callebaut, congedandosi dal suo team.<\/p>","protected":false},"excerpt":{"rendered":"<p>L'agenzia di influencer marketing Kingfluencers e il suo precedente CEO Yoeri Callebaut si separano dopo quattro anni e mezzo. A quanto pare, le condizioni per un'ulteriore collaborazione non erano pi\u00f9 favorevoli per entrambe le parti.<\/p>","protected":false},"author":8,"featured_media":0,"comment_status":"closed","ping_status":"closed","sticky":false,"template":"","format":"standard","meta":{"_acf_changed":false,"_yoast_wpseo_focuskw":"Kingfluencers","_yoast_wpseo_metadesc":"Yoeri Callebaut ist nicht mehr CEO von Kingfluencers. Nach 4,5 Jahren trennen sich die Wege. Interimistisch \u00fcbernimmt Chris Bitzer.","articlekey":"","footnotes":""},"categories":[29],"tags":[4345,2853,4103],"class_list":["post-34635","post","type-post","status-publish","format-standard","hentry","category-marketing","tag-business","tag-jobchange","tag-kingfluencers"],"acf":[],"yoast_head":"<!-- This site is optimized with the Yoast SEO plugin v27.5 - https:\/\/yoast.com\/product\/yoast-seo-wordpress\/ -->\n<title>Kingfluencers trennt sich von seinem CEO - Organisator<\/title>\n<meta name=\"description\" content=\"Yoeri Callebaut ist nicht mehr CEO von Kingfluencers. Nach 4,5 Jahren trennen sich die Wege. Interimistisch \u00fcbernimmt Chris Bitzer.\" \/>\n<meta name=\"robots\" content=\"index, follow, max-snippet:-1, max-image-preview:large, max-video-preview:-1\" \/>\n<link rel=\"canonical\" href=\"https:\/\/www.organisator.ch\/it\/marketing\/2024-12-11\/kingfluencers-trennt-sich-von-seinem-ceo\/\" \/>\n<meta property=\"og:locale\" content=\"it_IT\" \/>\n<meta property=\"og:type\" content=\"article\" \/>\n<meta property=\"og:title\" content=\"Kingfluencers trennt sich von seinem CEO - Organisator\" \/>\n<meta property=\"og:description\" content=\"Yoeri Callebaut ist nicht mehr CEO von Kingfluencers. Nach 4,5 Jahren trennen sich die Wege. Interimistisch \u00fcbernimmt Chris Bitzer.\" \/>\n<meta property=\"og:url\" content=\"https:\/\/www.organisator.ch\/it\/marketing\/2024-12-11\/kingfluencers-trennt-sich-von-seinem-ceo\/\" \/>\n<meta property=\"og:site_name\" content=\"Organisator\" \/>\n<meta property=\"article:publisher\" content=\"https:\/\/www.facebook.com\/OrganisatorFachmagazin\" \/>\n<meta property=\"article:published_time\" content=\"2024-12-11T00:10:47+00:00\" \/>\n<meta property=\"article:modified_time\" content=\"2024-12-11T06:19:32+00:00\" \/>\n<meta name=\"author\" content=\"galledia\" \/>\n<meta name=\"twitter:card\" content=\"summary_large_image\" \/>\n<meta name=\"twitter:creator\" content=\"@admin\" \/>\n<script type=\"application\/ld+json\" class=\"yoast-schema-graph\">{\"@context\":\"https:\\\/\\\/schema.org\",\"@graph\":[{\"@type\":\"Article\",\"@id\":\"https:\\\/\\\/www.organisator.ch\\\/marketing\\\/2024-12-11\\\/kingfluencers-trennt-sich-von-seinem-ceo\\\/#article\",\"isPartOf\":{\"@id\":\"https:\\\/\\\/www.organisator.ch\\\/marketing\\\/2024-12-11\\\/kingfluencers-trennt-sich-von-seinem-ceo\\\/\"},\"author\":{\"name\":\"galledia\",\"@id\":\"https:\\\/\\\/www.organisator.ch\\\/#\\\/schema\\\/person\\\/4e51799071cd2dd1232ac003643ef5f0\"},\"headline\":\"Kingfluencers trennt sich von seinem CEO\",\"datePublished\":\"2024-12-11T00:10:47+00:00\",\"dateModified\":\"2024-12-11T06:19:32+00:00\",\"mainEntityOfPage\":{\"@id\":\"https:\\\/\\\/www.organisator.ch\\\/marketing\\\/2024-12-11\\\/kingfluencers-trennt-sich-von-seinem-ceo\\\/\"},\"wordCount\":909,\"publisher\":{\"@id\":\"https:\\\/\\\/www.organisator.ch\\\/#organization\"},\"image\":{\"@id\":\"https:\\\/\\\/www.organisator.ch\\\/marketing\\\/2024-12-11\\\/kingfluencers-trennt-sich-von-seinem-ceo\\\/#primaryimage\"},\"thumbnailUrl\":\"https:\\\/\\\/www.markt-kom.com\\\/wp-content\\\/uploads\\\/2024\\\/12\\\/yoeri-callebaut-kingfluencers.jpg\",\"keywords\":[\"Business\",\"Jobchange\",\"Kingfluencers\"],\"articleSection\":[\"MARKETING\"],\"inLanguage\":\"it-IT\"},{\"@type\":\"WebPage\",\"@id\":\"https:\\\/\\\/www.organisator.ch\\\/marketing\\\/2024-12-11\\\/kingfluencers-trennt-sich-von-seinem-ceo\\\/\",\"url\":\"https:\\\/\\\/www.organisator.ch\\\/marketing\\\/2024-12-11\\\/kingfluencers-trennt-sich-von-seinem-ceo\\\/\",\"name\":\"Kingfluencers trennt sich von seinem CEO - Organisator\",\"isPartOf\":{\"@id\":\"https:\\\/\\\/www.organisator.ch\\\/#website\"},\"primaryImageOfPage\":{\"@id\":\"https:\\\/\\\/www.organisator.ch\\\/marketing\\\/2024-12-11\\\/kingfluencers-trennt-sich-von-seinem-ceo\\\/#primaryimage\"},\"image\":{\"@id\":\"https:\\\/\\\/www.organisator.ch\\\/marketing\\\/2024-12-11\\\/kingfluencers-trennt-sich-von-seinem-ceo\\\/#primaryimage\"},\"thumbnailUrl\":\"https:\\\/\\\/www.markt-kom.com\\\/wp-content\\\/uploads\\\/2024\\\/12\\\/yoeri-callebaut-kingfluencers.jpg\",\"datePublished\":\"2024-12-11T00:10:47+00:00\",\"dateModified\":\"2024-12-11T06:19:32+00:00\",\"description\":\"Yoeri Callebaut ist nicht mehr CEO von Kingfluencers. Nach 4,5 Jahren trennen sich die Wege. Interimistisch \u00fcbernimmt Chris Bitzer.\",\"breadcrumb\":{\"@id\":\"https:\\\/\\\/www.organisator.ch\\\/marketing\\\/2024-12-11\\\/kingfluencers-trennt-sich-von-seinem-ceo\\\/#breadcrumb\"},\"inLanguage\":\"it-IT\",\"potentialAction\":[{\"@type\":\"ReadAction\",\"target\":[\"https:\\\/\\\/www.organisator.ch\\\/marketing\\\/2024-12-11\\\/kingfluencers-trennt-sich-von-seinem-ceo\\\/\"]}]},{\"@type\":\"ImageObject\",\"inLanguage\":\"it-IT\",\"@id\":\"https:\\\/\\\/www.organisator.ch\\\/marketing\\\/2024-12-11\\\/kingfluencers-trennt-sich-von-seinem-ceo\\\/#primaryimage\",\"url\":\"https:\\\/\\\/www.markt-kom.com\\\/wp-content\\\/uploads\\\/2024\\\/12\\\/yoeri-callebaut-kingfluencers.jpg\",\"contentUrl\":\"https:\\\/\\\/www.markt-kom.com\\\/wp-content\\\/uploads\\\/2024\\\/12\\\/yoeri-callebaut-kingfluencers.jpg\"},{\"@type\":\"BreadcrumbList\",\"@id\":\"https:\\\/\\\/www.organisator.ch\\\/marketing\\\/2024-12-11\\\/kingfluencers-trennt-sich-von-seinem-ceo\\\/#breadcrumb\",\"itemListElement\":[{\"@type\":\"ListItem\",\"position\":1,\"name\":\"Home\",\"item\":\"https:\\\/\\\/www.organisator.ch\\\/\"},{\"@type\":\"ListItem\",\"position\":2,\"name\":\"Kingfluencers trennt sich von seinem CEO\"}]},{\"@type\":\"WebSite\",\"@id\":\"https:\\\/\\\/www.organisator.ch\\\/#website\",\"url\":\"https:\\\/\\\/www.organisator.ch\\\/\",\"name\":\"Organisator\",\"description\":\"Kompetent. Praxisnah. Der ORGANISATOR bereitet in 10 Ausgaben pro Jahr die wesentlichen Themen f\u00fcr F\u00fchrungskr\u00e4fte von KMU auf.\",\"publisher\":{\"@id\":\"https:\\\/\\\/www.organisator.ch\\\/#organization\"},\"potentialAction\":[{\"@type\":\"SearchAction\",\"target\":{\"@type\":\"EntryPoint\",\"urlTemplate\":\"https:\\\/\\\/www.organisator.ch\\\/?s={search_term_string}\"},\"query-input\":{\"@type\":\"PropertyValueSpecification\",\"valueRequired\":true,\"valueName\":\"search_term_string\"}}],\"inLanguage\":\"it-IT\"},{\"@type\":\"Organization\",\"@id\":\"https:\\\/\\\/www.organisator.ch\\\/#organization\",\"name\":\"Organisator\",\"url\":\"https:\\\/\\\/www.organisator.ch\\\/\",\"logo\":{\"@type\":\"ImageObject\",\"inLanguage\":\"it-IT\",\"@id\":\"https:\\\/\\\/www.organisator.ch\\\/#\\\/schema\\\/logo\\\/image\\\/\",\"url\":\"https:\\\/\\\/www.organisator.ch\\\/wp-content\\\/uploads\\\/2022\\\/01\\\/Logo_Organisator_Website.png\",\"contentUrl\":\"https:\\\/\\\/www.organisator.ch\\\/wp-content\\\/uploads\\\/2022\\\/01\\\/Logo_Organisator_Website.png\",\"width\":800,\"height\":77,\"caption\":\"Organisator\"},\"image\":{\"@id\":\"https:\\\/\\\/www.organisator.ch\\\/#\\\/schema\\\/logo\\\/image\\\/\"},\"sameAs\":[\"https:\\\/\\\/www.facebook.com\\\/OrganisatorFachmagazin\",\"https:\\\/\\\/www.linkedin.com\\\/showcase\\\/organisator-das-magazin-fr-kmu\",\"https:\\\/\\\/www.xing.com\\\/news\\\/pages\\\/organisator-ch-695\",\"https:\\\/\\\/www.youtube.com\\\/channel\\\/UCGP2Sq0iWaZwT3BdIAQFYpw\"]},{\"@type\":\"Person\",\"@id\":\"https:\\\/\\\/www.organisator.ch\\\/#\\\/schema\\\/person\\\/4e51799071cd2dd1232ac003643ef5f0\",\"name\":\"galledia\",\"image\":{\"@type\":\"ImageObject\",\"inLanguage\":\"it-IT\",\"@id\":\"https:\\\/\\\/secure.gravatar.com\\\/avatar\\\/78a7f90c01fc2bfc875782a0d4922b37cde2cf184ce347b91316d23cd7f69a36?s=96&d=mm&r=g\",\"url\":\"https:\\\/\\\/secure.gravatar.com\\\/avatar\\\/78a7f90c01fc2bfc875782a0d4922b37cde2cf184ce347b91316d23cd7f69a36?s=96&d=mm&r=g\",\"contentUrl\":\"https:\\\/\\\/secure.gravatar.com\\\/avatar\\\/78a7f90c01fc2bfc875782a0d4922b37cde2cf184ce347b91316d23cd7f69a36?s=96&d=mm&r=g\",\"caption\":\"galledia\"},\"sameAs\":[\"https:\\\/\\\/x.com\\\/admin\"],\"url\":\"https:\\\/\\\/www.organisator.ch\\\/it\\\/author\\\/galledia\\\/\"}]}<\/script>\n<!-- \/ Yoast SEO plugin. -->","yoast_head_json":{"title":"Kingfluencers lascia il suo CEO - Organizzatore","description":"Yoeri Callebaut non \u00e8 pi\u00f9 CEO di Kingfluencers. Dopo 4,5 anni, i due si separano. Chris Bitzer subentra ad interim.","robots":{"index":"index","follow":"follow","max-snippet":"max-snippet:-1","max-image-preview":"max-image-preview:large","max-video-preview":"max-video-preview:-1"},"canonical":"https:\/\/www.organisator.ch\/it\/marketing\/2024-12-11\/kingfluencers-trennt-sich-von-seinem-ceo\/","og_locale":"it_IT","og_type":"article","og_title":"Kingfluencers trennt sich von seinem CEO - Organisator","og_description":"Yoeri Callebaut ist nicht mehr CEO von Kingfluencers. Nach 4,5 Jahren trennen sich die Wege. Interimistisch \u00fcbernimmt Chris Bitzer.","og_url":"https:\/\/www.organisator.ch\/it\/marketing\/2024-12-11\/kingfluencers-trennt-sich-von-seinem-ceo\/","og_site_name":"Organisator","article_publisher":"https:\/\/www.facebook.com\/OrganisatorFachmagazin","article_published_time":"2024-12-11T00:10:47+00:00","article_modified_time":"2024-12-11T06:19:32+00:00","author":"galledia","twitter_card":"summary_large_image","twitter_creator":"@admin","schema":{"@context":"https:\/\/schema.org","@graph":[{"@type":"Article","@id":"https:\/\/www.organisator.ch\/marketing\/2024-12-11\/kingfluencers-trennt-sich-von-seinem-ceo\/#article","isPartOf":{"@id":"https:\/\/www.organisator.ch\/marketing\/2024-12-11\/kingfluencers-trennt-sich-von-seinem-ceo\/"},"author":{"name":"galledia","@id":"https:\/\/www.organisator.ch\/#\/schema\/person\/4e51799071cd2dd1232ac003643ef5f0"},"headline":"Kingfluencers trennt sich von seinem CEO","datePublished":"2024-12-11T00:10:47+00:00","dateModified":"2024-12-11T06:19:32+00:00","mainEntityOfPage":{"@id":"https:\/\/www.organisator.ch\/marketing\/2024-12-11\/kingfluencers-trennt-sich-von-seinem-ceo\/"},"wordCount":909,"publisher":{"@id":"https:\/\/www.organisator.ch\/#organization"},"image":{"@id":"https:\/\/www.organisator.ch\/marketing\/2024-12-11\/kingfluencers-trennt-sich-von-seinem-ceo\/#primaryimage"},"thumbnailUrl":"https:\/\/www.markt-kom.com\/wp-content\/uploads\/2024\/12\/yoeri-callebaut-kingfluencers.jpg","keywords":["Business","Jobchange","Kingfluencers"],"articleSection":["MARKETING"],"inLanguage":"it-IT"},{"@type":"WebPage","@id":"https:\/\/www.organisator.ch\/marketing\/2024-12-11\/kingfluencers-trennt-sich-von-seinem-ceo\/","url":"https:\/\/www.organisator.ch\/marketing\/2024-12-11\/kingfluencers-trennt-sich-von-seinem-ceo\/","name":"Kingfluencers lascia il suo CEO - Organizzatore","isPartOf":{"@id":"https:\/\/www.organisator.ch\/#website"},"primaryImageOfPage":{"@id":"https:\/\/www.organisator.ch\/marketing\/2024-12-11\/kingfluencers-trennt-sich-von-seinem-ceo\/#primaryimage"},"image":{"@id":"https:\/\/www.organisator.ch\/marketing\/2024-12-11\/kingfluencers-trennt-sich-von-seinem-ceo\/#primaryimage"},"thumbnailUrl":"https:\/\/www.markt-kom.com\/wp-content\/uploads\/2024\/12\/yoeri-callebaut-kingfluencers.jpg","datePublished":"2024-12-11T00:10:47+00:00","dateModified":"2024-12-11T06:19:32+00:00","description":"Yoeri Callebaut non \u00e8 pi\u00f9 CEO di Kingfluencers. Dopo 4,5 anni, i due si separano. Chris Bitzer subentra ad interim.","breadcrumb":{"@id":"https:\/\/www.organisator.ch\/marketing\/2024-12-11\/kingfluencers-trennt-sich-von-seinem-ceo\/#breadcrumb"},"inLanguage":"it-IT","potentialAction":[{"@type":"ReadAction","target":["https:\/\/www.organisator.ch\/marketing\/2024-12-11\/kingfluencers-trennt-sich-von-seinem-ceo\/"]}]},{"@type":"ImageObject","inLanguage":"it-IT","@id":"https:\/\/www.organisator.ch\/marketing\/2024-12-11\/kingfluencers-trennt-sich-von-seinem-ceo\/#primaryimage","url":"https:\/\/www.markt-kom.com\/wp-content\/uploads\/2024\/12\/yoeri-callebaut-kingfluencers.jpg","contentUrl":"https:\/\/www.markt-kom.com\/wp-content\/uploads\/2024\/12\/yoeri-callebaut-kingfluencers.jpg"},{"@type":"BreadcrumbList","@id":"https:\/\/www.organisator.ch\/marketing\/2024-12-11\/kingfluencers-trennt-sich-von-seinem-ceo\/#breadcrumb","itemListElement":[{"@type":"ListItem","position":1,"name":"Home","item":"https:\/\/www.organisator.ch\/"},{"@type":"ListItem","position":2,"name":"Kingfluencers trennt sich von seinem CEO"}]},{"@type":"WebSite","@id":"https:\/\/www.organisator.ch\/#website","url":"https:\/\/www.organisator.ch\/","name":"Organizzatore","description":"Competente. Pratico. In 10 numeri all'anno, ORGANISATOR presenta i temi essenziali per i manager delle PMI.","publisher":{"@id":"https:\/\/www.organisator.ch\/#organization"},"potentialAction":[{"@type":"SearchAction","target":{"@type":"EntryPoint","urlTemplate":"https:\/\/www.organisator.ch\/?s={search_term_string}"},"query-input":{"@type":"PropertyValueSpecification","valueRequired":true,"valueName":"search_term_string"}}],"inLanguage":"it-IT"},{"@type":"Organization","@id":"https:\/\/www.organisator.ch\/#organization","name":"Organizzatore","url":"https:\/\/www.organisator.ch\/","logo":{"@type":"ImageObject","inLanguage":"it-IT","@id":"https:\/\/www.organisator.ch\/#\/schema\/logo\/image\/","url":"https:\/\/www.organisator.ch\/wp-content\/uploads\/2022\/01\/Logo_Organisator_Website.png","contentUrl":"https:\/\/www.organisator.ch\/wp-content\/uploads\/2022\/01\/Logo_Organisator_Website.png","width":800,"height":77,"caption":"Organisator"},"image":{"@id":"https:\/\/www.organisator.ch\/#\/schema\/logo\/image\/"},"sameAs":["https:\/\/www.facebook.com\/OrganisatorFachmagazin","https:\/\/www.linkedin.com\/showcase\/organisator-das-magazin-fr-kmu","https:\/\/www.xing.com\/news\/pages\/organisator-ch-695","https:\/\/www.youtube.com\/channel\/UCGP2Sq0iWaZwT3BdIAQFYpw"]},{"@type":"Person","@id":"https:\/\/www.organisator.ch\/#\/schema\/person\/4e51799071cd2dd1232ac003643ef5f0","name":"galledia","image":{"@type":"ImageObject","inLanguage":"it-IT","@id":"https:\/\/secure.gravatar.com\/avatar\/78a7f90c01fc2bfc875782a0d4922b37cde2cf184ce347b91316d23cd7f69a36?s=96&d=mm&r=g","url":"https:\/\/secure.gravatar.com\/avatar\/78a7f90c01fc2bfc875782a0d4922b37cde2cf184ce347b91316d23cd7f69a36?s=96&d=mm&r=g","contentUrl":"https:\/\/secure.gravatar.com\/avatar\/78a7f90c01fc2bfc875782a0d4922b37cde2cf184ce347b91316d23cd7f69a36?s=96&d=mm&r=g","caption":"galledia"},"sameAs":["https:\/\/x.com\/admin"],"url":"https:\/\/www.organisator.ch\/it\/author\/galledia\/"}]}},"_links":{"self":[{"href":"https:\/\/www.organisator.ch\/it\/wp-json\/wp\/v2\/posts\/34635","targetHints":{"allow":["GET"]}}],"collection":[{"href":"https:\/\/www.organisator.ch\/it\/wp-json\/wp\/v2\/posts"}],"about":[{"href":"https:\/\/www.organisator.ch\/it\/wp-json\/wp\/v2\/types\/post"}],"author":[{"embeddable":true,"href":"https:\/\/www.organisator.ch\/it\/wp-json\/wp\/v2\/users\/8"}],"replies":[{"embeddable":true,"href":"https:\/\/www.organisator.ch\/it\/wp-json\/wp\/v2\/comments?post=34635"}],"version-history":[{"count":4,"href":"https:\/\/www.organisator.ch\/it\/wp-json\/wp\/v2\/posts\/34635\/revisions"}],"predecessor-version":[{"id":34638,"href":"https:\/\/www.organisator.ch\/it\/wp-json\/wp\/v2\/posts\/34635\/revisions\/34638"}],"wp:attachment":[{"href":"https:\/\/www.organisator.ch\/it\/wp-json\/wp\/v2\/media?parent=34635"}],"wp:term":[{"taxonomy":"category","embeddable":true,"href":"https:\/\/www.organisator.ch\/it\/wp-json\/wp\/v2\/categories?post=34635"},{"taxonomy":"post_tag","embeddable":true,"href":"https:\/\/www.organisator.ch\/it\/wp-json\/wp\/v2\/tags?post=34635"}],"curies":[{"name":"wp","href":"https:\/\/api.w.org\/{rel}","templated":true}]}}