{"id":34668,"date":"2024-12-12T04:40:09","date_gmt":"2024-12-12T03:40:09","guid":{"rendered":"https:\/\/www.markt-kom.com\/?p=228069"},"modified":"2024-12-13T07:40:35","modified_gmt":"2024-12-13T06:40:35","slug":"sesamy-tritt-myty-bei-der-fokus-verschiebt-sich-zu-kooperationen-bei-denen-talents-echten-mehrwert-bieten","status":"publish","type":"post","link":"https:\/\/www.organisator.ch\/it\/marketing\/2024-12-12\/sesamy-tritt-myty-bei-der-fokus-verschiebt-sich-zu-kooperationen-bei-denen-talents-echten-mehrwert-bieten\/","title":{"rendered":"Sesamy si unisce a Myty: \"L'attenzione si sta spostando su collaborazioni in cui i talenti offrono un reale valore aggiunto\"."},"content":{"rendered":"<figure id=\"attachment_228070\" class=\"wp-caption aligncenter\" style=\"width: 1200px;\" aria-describedby=\"caption-attachment-228070\"><a href=\"https:\/\/www.markt-kom.com\/wp-content\/uploads\/2024\/12\/SamBergmann-Sesamy-Myty-Beitritt-Interview-muk.jpg\"><img class=\"size-full wp-image-228070\" src=\"https:\/\/www.markt-kom.com\/wp-content\/uploads\/2024\/12\/SamBergmann-Sesamy-Myty-Beitritt-Interview-muk.jpg\" sizes=\"(max-width: 1200px) 100vw, 1200px\" srcset=\"https:\/\/www.markt-kom.com\/wp-content\/uploads\/2024\/12\/SamBergmann-Sesamy-Myty-Beitritt-Interview-muk.jpg 1200w, https:\/\/www.markt-kom.com\/wp-content\/uploads\/2024\/12\/SamBergmann-Sesamy-Myty-Beitritt-Interview-muk-600x450.jpg 600w, https:\/\/www.markt-kom.com\/wp-content\/uploads\/2024\/12\/SamBergmann-Sesamy-Myty-Beitritt-Interview-muk-1024x768.jpg 1024w, https:\/\/www.markt-kom.com\/wp-content\/uploads\/2024\/12\/SamBergmann-Sesamy-Myty-Beitritt-Interview-muk-768x576.jpg 768w, https:\/\/www.markt-kom.com\/wp-content\/uploads\/2024\/12\/SamBergmann-Sesamy-Myty-Beitritt-Interview-muk-16x12.jpg 16w, https:\/\/www.markt-kom.com\/wp-content\/uploads\/2024\/12\/SamBergmann-Sesamy-Myty-Beitritt-Interview-muk-233x175.jpg 233w, https:\/\/www.markt-kom.com\/wp-content\/uploads\/2024\/12\/SamBergmann-Sesamy-Myty-Beitritt-Interview-muk-467x350.jpg 467w, https:\/\/www.markt-kom.com\/wp-content\/uploads\/2024\/12\/SamBergmann-Sesamy-Myty-Beitritt-Interview-muk-1000x750.jpg 1000w\" alt=\"\" width=\"1200\" height=\"900\" \/><\/a>\r\n<figcaption id=\"caption-attachment-228070\" class=\"wp-caption-text\">(Bild: zVg.; Collage: swi)<\/figcaption>\r\n<\/figure>\r\n<p>Sesamy ist mit Standorten in Berlin, M\u00fcnchen, Wien und Paris international vertreten. Die Agentur wurde 2019 von Samantha Bergmann in Berlin gegr\u00fcndet und versteht sich als \u00abMatchmaker\u00bb zwischen Talents und Marken. Im Fokus steht dabei eine Markenkommunikation, die Talents kreativ und authentisch integriert und durch individuelles Storytelling maximalen Impact erzielt.<\/p>\r\n<p>Mit Sesamy verst\u00e4rkt Myty seine Expertise im Social-Media- und Influencer-Marketing. Auch soll Sesamy zu einem f\u00fchrenden Akteur in der Talent- und Influencer-Branche entwickelt werden. Die Agentur erh\u00e4lt als Teil von Myty Zugang zu einem breiten Netzwerk und zus\u00e4tzlichen Ressourcen, um Kund:innen noch besser betreuen, neue M\u00e4rkte erschliessen und weitere Standorte aufbauen zu k\u00f6nnen.<\/p>\r\n<hr \/>\r\n<p><strong><em>m&amp;k<\/em><\/strong><strong>: Samantha Bermann, 2019 haben Sie Sesamy gegr\u00fcndet. Was hat Sie dazu bewogen?<\/strong><\/p>\r\n<p><strong>Samantha Bergmann:<\/strong> Meine Leidenschaft liegt darin, Neues zu schaffen. Vor Sesamy habe ich mehrere Unternehmen gegr\u00fcndet, darunter eine Agentur mit Freundinnen sowie eine Skincare-Marke f\u00fcr M\u00e4nner. Auch habe ich das B\u00fcro einer erfolgreichen Influencer-Agentur in New York aufgebaut und geleitet. Urspr\u00fcnglich wollte ich eine Karriere in der Modewelt verfolgen und assistierte Sara Moonves, heute Chefredakteurin des <em>W Magazine<\/em>, bei der <em>US Vogue<\/em>. Dort lernte ich nicht nur Durchhalteverm\u00f6gen, sondern auch den Umgang mit Talenten kennen. Diese Erfahrungen zeigten mir, wie viel Energie ich mir aus der Zusammenarbeit mit Kreativen ziehe. Gleichzeitig erkannte ich, dass meine Zukunft nicht im Publishing liegt \u2013 die digitale Welt erschien mir langfristig spannender.<\/p>\r\n<p>&nbsp;<\/p>\r\n<p><strong>So f\u00fchrte Ihr Weg ins Influencer-Marketing.<\/strong><\/p>\r\n<p>Mit Sesamy wollte ich eine Marktl\u00fccke in Deutschland schliessen, indem wir Talent Management und Social-Media-Marketing kombinieren. Anfangs haben wir uns auf Talent Management konzentriert, was eine echte L\u00fccke im deutschen Markt war. Die Nachfrage der Marken stieg kontinuierlich, da wir durch unsere Arbeit mit den Talents und tausenden Kampagnen echte Experten wurden. Vor zwei Jahren haben wir dann den Schritt gewagt und die Social-Media-Agentur innerhalb von Sesamy gestartet. Kurz darauf konnten wir namhafte Kunden wie Adidas, Pandora und Fielmann gewinnen.<\/p>\r\n<p>&nbsp;<\/p>\r\n<p><strong>Sesamy ist bereits in vier europ\u00e4ischen Metropolen vertreten. Wie haben Sie dieses schnelle internationale Wachstum in nur f\u00fcnf Jahren gemeistert?<\/strong><\/p>\r\n<p>Unser Erfolgsgeheimnis liegt darin, zuerst mit der Talentagentur zu starten und dann unser Angebot auf die Marken auszuweiten. Durch das Talent Management k\u00f6nnen wir schnell in den lokalen M\u00e4rkten lernen und verstehen, was dort funktioniert, welche Talents relevant sind und warum. Wir haben tausende Kampagnen mit Talenten in unserem Management durchgef\u00fchrt und arbeiten mit fast jeder Marke zusammen, die im Influencer Marketing aktiv ist. Dadurch verstehen wir die jeweiligen M\u00e4rkte sehr schnell.<\/p>\r\n<p><strong>\u00a0<\/strong><\/p>\r\n<p><strong>Welche Unterschiede sehen Sie in den verschiedenen M\u00e4rkten?<\/strong><\/p>\r\n<p>Unser Headquarter befindet sich in Berlin, wo Strategen, Social-Media-Spezialisten und Kreative arbeiten. In den einzelnen Hubs haben wir lokale Experten, die den Markt genau kennen, Beziehungen zu den Talents vor Ort aufbauen und wissen, wie Consumer, Talents und Follower lokal ticken. Zum Beispiel ist in der Schweiz die Sprachverteilung sehr fragmentiert. Wenn ein Talent auf seinen Social-Media-Kan\u00e4len haupts\u00e4chlich Franz\u00f6sisch spricht, zeigt die L\u00e4nderverteilung in den Insights oft Frankreich an, obwohl das Talent in der Schweiz lebt. Das bedeutet jedoch nicht, dass es nicht sinnvoll ist, das Talent f\u00fcr den Schweizer Markt zu buchen. Wir analysieren solche Insights genau, um die besten Strategien f\u00fcr jeden Markt zu entwickeln.<\/p>\r\n<p>&nbsp;<\/p>\r\n<p><strong>Ihre Agentur versteht sich als \u00abMatchmaker zwischen Talents und Marken\u00bb. Wie sieht dieser Prozess konkret aus?<\/strong><\/p>\r\n<p>Wir haben uns entschieden, Talent Management und Markenbetreuung unter einer Marke zu vereinen, anstatt sie aufzuteilen. Dadurch f\u00f6rdern wir den regelm\u00e4ssigen Austausch zwischen unseren beiden Expertenteams. Die Talents sind dabei f\u00fcr uns eine Erweiterung des Teams \u2013 wir beziehen sie aktiv in Ideen und Kampagnenkonzepte ein. Oft fragen wir sie nach ihrer Meinung zu unseren Ideen. Sie wissen das meist besser, schliesslich haben sie Millionen von Follower und eine riesige Community.<\/p>\r\n<p>&nbsp;<\/p>\r\n<p><strong>Was unterscheidet Sesamy von anderen Agenturen in diesem Bereich? <\/strong><\/p>\r\n<p>Gute Matchmaker sind gute Zuh\u00f6rer. Wir h\u00f6ren unseren Kunden zu, interpretieren ihre Erfahrungen und definieren die Ziele der Kampagne. Gleichzeitig h\u00f6ren wir den Talents zu, besprechen ihre Positionierungen und Content-Ideen und finden so das perfekte Match. Unser Ansatz kombiniert Erfahrung, Datenanalysen und aktives Zuh\u00f6ren. Wir durchforsten t\u00e4glich unser umfangreiches Netzwerk und bewerten Talents nicht nur anhand von Zahlen, sondern auch anhand unserer zahlreichen Erfahrungswerte. Diese methodische Vorgehensweise sorgt daf\u00fcr, dass wir zielgerichtete und effektive Kooperationen eingehen, anstatt auf Bauchgef\u00fchl oder einfache Suchtools zu setzen.<\/p>\r\n<p>&nbsp;<\/p>\r\n<p><strong>Die Influencer-Marketing-Branche entwickelt sich rasant. Welche Trends sehen Sie f\u00fcr die kommenden Jahre?<\/strong><\/p>\r\n<p>Der Fokus verschiebt sich zunehmend hin zu talentorientierten Kooperationen, bei denen Talents echten Mehrwert f\u00fcr ihre Community bieten. Es reicht nicht mehr, nur h\u00fcbsch zu sein oder Hauls zu filmen \u2013 Talents m\u00fcssen der Community etwas Wertvolles bieten, inspirieren und eine pers\u00f6nliche Handschrift haben.<\/p>\r\n<p>&nbsp;<\/p>\r\n<p><strong>Wie positioniert sich Sesamy, um diese Entwicklungen aktiv mitzugestalten?<\/strong><\/p>\r\n<p>Der Aufbau und die Pflege nachhaltiger Communities stehen im Vordergrund. Sei es \u00fcber Instagram-Broadcast-Channels, Substack, Podcasts oder Snapchat. Die reine Follower-Anzahl ist weniger wichtig als die Qualit\u00e4t der Interaktionen. Transparenz, insbesondere im Umgang mit KI, wird immer relevanter. Sesamy setzt auf authentische Geschichten und innovative Ans\u00e4tze, um diesen Trends gerecht zu werden. Wir legen Wert darauf, dass unsere Talents ihre Community aufbauen und ausbauen, indem sie echten Mehrwert bieten und nachhaltige Beziehungen zu ihren Followern pflegen.<\/p>\r\n<p>&nbsp;<\/p>\r\n<p><strong>Der Zusammenschluss mit der Myty Group ist ein wichtiger strategischer Schritt. Was waren die ausschlaggebenden Faktoren f\u00fcr diese Entscheidung?<\/strong><\/p>\r\n<p>Myty ist ein Accelerator, der unsere Vision teilt und in uns als Gr\u00fcnder und Vision\u00e4re investiert. Ich habe David Rost <em>[CEO der Myty Group, Anm. der Redaktion]<\/em> kennengelernt und wusste schnell, dass wir die gleichen Ziele und grosse Visionen haben. Entscheidend war f\u00fcr mich, dass Myty die Expertise der jeweiligen Agenturbranche sch\u00e4tzt und versteht, dass diese Expertise ihr gr\u00f6sstes Asset ist. Es wird viel vertraut, zugeh\u00f6rt. Und Synergien werden an den richtigen Stellen gefunden \u2013 in unserem Fall sofort mit der Social-Content-Agentur Monami oder der E-Commerce-Agentur Norisk.<\/p>\r\n<p>&nbsp;<\/p>\r\n<p><strong>Wie sehen diese Synergien konkret aus?<\/strong><\/p>\r\n<p>Gemeinsam haben wir bereits in den letzten Wochen Kampagnen umgesetzt und neue Kunden akquiriert. Ich bin \u00fcberzeugt, dass wir mit Myty zehnmal schneller unsere Ziele erreichen werden als mit anderen potenziellen Partnern im europ\u00e4ischen Raum. Die Power und das Know-how, das Myty mitbringt, sind enorm und er\u00f6ffnen uns neue M\u00f6glichkeiten f\u00fcr Wachstum und Innovation.<\/p>\r\n<p>&nbsp;<\/p>\r\n<p><strong>Was bedeutet dieser Zusammenschluss f\u00fcr Sie pers\u00f6nlich als Gr\u00fcnderin?<\/strong><\/p>\r\n<p>Die Integration in die Myty Group ist f\u00fcr mich ein wichtiger Meilenstein, sowohl pers\u00f6nlich als auch beruflich. Als Gr\u00fcnderin und CEO einer frauengef\u00fchrten Agentur er\u00f6ffnet mir dieser Schritt die wunderbare M\u00f6glichkeit, unser Influencer- und Social-Media-Marketing weiter zu st\u00e4rken und innovative Projekte zu realisieren, die bisher vielleicht unerreichbar schienen.<\/p>\r\n<p>&nbsp;<\/p>\r\n<p><strong>Wie sehen Sie Ihre eigene Rolle in der erweiterten Unternehmensstruktur? <\/strong><\/p>\r\n<p>Ich m\u00f6chte aktiv dazu beitragen, dass mehr Frauen in unserer Branche sichtbar sind und ihre Ideen und Visionen erfolgreich umsetzen k\u00f6nnen. Mit Myty an unserer Seite k\u00f6nnen wir Sesamy nun auch international ausbauen und neue M\u00e4rkte erschliessen.<\/p>\r\n<p>&nbsp;<\/p>\r\n<p><strong>Wie m\u00f6chten Sie dies erreichen?<\/strong><\/p>\r\n<p>Die Zusammenarbeit mit den inspirierenden Entrepreneuren und Entrepreneurinnen der Myty Group sowie das umfassende Support-System bieten uns die idealen Voraussetzungen, um gemeinsam zu wachsen und neue Massst\u00e4be im Influencer-Marketing zu setzen.<\/p>","protected":false},"excerpt":{"rendered":"<p>Il gruppo di agenzie Myty sta ampliando il proprio portafoglio con l'agenzia di gestione dei talenti e social media marketing Sesamy. m&amp;k ha parlato con la fondatrice Samantha Bergmann.<\/p>","protected":false},"author":8,"featured_media":0,"comment_status":"closed","ping_status":"closed","sticky":false,"template":"","format":"standard","meta":{"_acf_changed":false,"_yoast_wpseo_focuskw":"Sesamy und Myty Group","_yoast_wpseo_metadesc":"Sesamy schliesst sich der Myty Group an und st\u00e4rkt seine Expertise in Talent Management und Social-Media-Marketing.","articlekey":"","footnotes":""},"categories":[29],"tags":[4345,4351,4222,4942],"class_list":["post-34668","post","type-post","status-publish","format-standard","hentry","category-marketing","tag-business","tag-dexat","tag-myty","tag-sesamy"],"acf":[],"yoast_head":"<!-- This site is optimized with the Yoast SEO plugin v27.5 - https:\/\/yoast.com\/product\/yoast-seo-wordpress\/ -->\n<title>Sesamy tritt Myty bei: \u00abDer Fokus verschiebt sich zu Kooperationen, bei denen Talents echten Mehrwert bieten\u00bb - Organisator<\/title>\n<meta name=\"description\" content=\"Sesamy schliesst sich der Myty Group an und st\u00e4rkt seine Expertise in Talent Management und Social-Media-Marketing.\" \/>\n<meta name=\"robots\" content=\"index, follow, max-snippet:-1, max-image-preview:large, max-video-preview:-1\" \/>\n<link rel=\"canonical\" href=\"https:\/\/www.organisator.ch\/it\/marketing\/2024-12-12\/sesamy-tritt-myty-bei-der-fokus-verschiebt-sich-zu-kooperationen-bei-denen-talents-echten-mehrwert-bieten\/\" \/>\n<meta property=\"og:locale\" content=\"it_IT\" \/>\n<meta property=\"og:type\" content=\"article\" \/>\n<meta property=\"og:title\" content=\"Sesamy tritt Myty bei: \u00abDer Fokus verschiebt sich zu Kooperationen, bei denen Talents echten Mehrwert bieten\u00bb - Organisator\" \/>\n<meta property=\"og:description\" content=\"Sesamy schliesst sich der Myty Group an und st\u00e4rkt seine Expertise in Talent Management und Social-Media-Marketing.\" \/>\n<meta property=\"og:url\" content=\"https:\/\/www.organisator.ch\/it\/marketing\/2024-12-12\/sesamy-tritt-myty-bei-der-fokus-verschiebt-sich-zu-kooperationen-bei-denen-talents-echten-mehrwert-bieten\/\" \/>\n<meta property=\"og:site_name\" content=\"Organisator\" \/>\n<meta property=\"article:publisher\" content=\"https:\/\/www.facebook.com\/OrganisatorFachmagazin\" \/>\n<meta property=\"article:published_time\" content=\"2024-12-12T03:40:09+00:00\" \/>\n<meta property=\"article:modified_time\" content=\"2024-12-13T06:40:35+00:00\" \/>\n<meta name=\"author\" content=\"galledia\" \/>\n<meta name=\"twitter:card\" content=\"summary_large_image\" \/>\n<meta name=\"twitter:creator\" content=\"@admin\" \/>\n<script type=\"application\/ld+json\" class=\"yoast-schema-graph\">{\"@context\":\"https:\\\/\\\/schema.org\",\"@graph\":[{\"@type\":\"Article\",\"@id\":\"https:\\\/\\\/www.organisator.ch\\\/marketing\\\/2024-12-12\\\/sesamy-tritt-myty-bei-der-fokus-verschiebt-sich-zu-kooperationen-bei-denen-talents-echten-mehrwert-bieten\\\/#article\",\"isPartOf\":{\"@id\":\"https:\\\/\\\/www.organisator.ch\\\/marketing\\\/2024-12-12\\\/sesamy-tritt-myty-bei-der-fokus-verschiebt-sich-zu-kooperationen-bei-denen-talents-echten-mehrwert-bieten\\\/\"},\"author\":{\"name\":\"galledia\",\"@id\":\"https:\\\/\\\/www.organisator.ch\\\/#\\\/schema\\\/person\\\/4e51799071cd2dd1232ac003643ef5f0\"},\"headline\":\"Sesamy tritt Myty bei: \u00abDer Fokus verschiebt sich zu Kooperationen, bei denen Talents echten Mehrwert bieten\u00bb\",\"datePublished\":\"2024-12-12T03:40:09+00:00\",\"dateModified\":\"2024-12-13T06:40:35+00:00\",\"mainEntityOfPage\":{\"@id\":\"https:\\\/\\\/www.organisator.ch\\\/marketing\\\/2024-12-12\\\/sesamy-tritt-myty-bei-der-fokus-verschiebt-sich-zu-kooperationen-bei-denen-talents-echten-mehrwert-bieten\\\/\"},\"wordCount\":1248,\"publisher\":{\"@id\":\"https:\\\/\\\/www.organisator.ch\\\/#organization\"},\"image\":{\"@id\":\"https:\\\/\\\/www.organisator.ch\\\/marketing\\\/2024-12-12\\\/sesamy-tritt-myty-bei-der-fokus-verschiebt-sich-zu-kooperationen-bei-denen-talents-echten-mehrwert-bieten\\\/#primaryimage\"},\"thumbnailUrl\":\"https:\\\/\\\/www.markt-kom.com\\\/wp-content\\\/uploads\\\/2024\\\/12\\\/SamBergmann-Sesamy-Myty-Beitritt-Interview-muk.jpg\",\"keywords\":[\"Business\",\"DExAT\",\"Myty\",\"Sesamy\"],\"articleSection\":[\"MARKETING\"],\"inLanguage\":\"it-IT\"},{\"@type\":\"WebPage\",\"@id\":\"https:\\\/\\\/www.organisator.ch\\\/marketing\\\/2024-12-12\\\/sesamy-tritt-myty-bei-der-fokus-verschiebt-sich-zu-kooperationen-bei-denen-talents-echten-mehrwert-bieten\\\/\",\"url\":\"https:\\\/\\\/www.organisator.ch\\\/marketing\\\/2024-12-12\\\/sesamy-tritt-myty-bei-der-fokus-verschiebt-sich-zu-kooperationen-bei-denen-talents-echten-mehrwert-bieten\\\/\",\"name\":\"Sesamy tritt Myty bei: \u00abDer Fokus verschiebt sich zu Kooperationen, bei denen Talents echten Mehrwert bieten\u00bb - Organisator\",\"isPartOf\":{\"@id\":\"https:\\\/\\\/www.organisator.ch\\\/#website\"},\"primaryImageOfPage\":{\"@id\":\"https:\\\/\\\/www.organisator.ch\\\/marketing\\\/2024-12-12\\\/sesamy-tritt-myty-bei-der-fokus-verschiebt-sich-zu-kooperationen-bei-denen-talents-echten-mehrwert-bieten\\\/#primaryimage\"},\"image\":{\"@id\":\"https:\\\/\\\/www.organisator.ch\\\/marketing\\\/2024-12-12\\\/sesamy-tritt-myty-bei-der-fokus-verschiebt-sich-zu-kooperationen-bei-denen-talents-echten-mehrwert-bieten\\\/#primaryimage\"},\"thumbnailUrl\":\"https:\\\/\\\/www.markt-kom.com\\\/wp-content\\\/uploads\\\/2024\\\/12\\\/SamBergmann-Sesamy-Myty-Beitritt-Interview-muk.jpg\",\"datePublished\":\"2024-12-12T03:40:09+00:00\",\"dateModified\":\"2024-12-13T06:40:35+00:00\",\"description\":\"Sesamy schliesst sich der Myty Group an und st\u00e4rkt seine Expertise in Talent Management und Social-Media-Marketing.\",\"breadcrumb\":{\"@id\":\"https:\\\/\\\/www.organisator.ch\\\/marketing\\\/2024-12-12\\\/sesamy-tritt-myty-bei-der-fokus-verschiebt-sich-zu-kooperationen-bei-denen-talents-echten-mehrwert-bieten\\\/#breadcrumb\"},\"inLanguage\":\"it-IT\",\"potentialAction\":[{\"@type\":\"ReadAction\",\"target\":[\"https:\\\/\\\/www.organisator.ch\\\/marketing\\\/2024-12-12\\\/sesamy-tritt-myty-bei-der-fokus-verschiebt-sich-zu-kooperationen-bei-denen-talents-echten-mehrwert-bieten\\\/\"]}]},{\"@type\":\"ImageObject\",\"inLanguage\":\"it-IT\",\"@id\":\"https:\\\/\\\/www.organisator.ch\\\/marketing\\\/2024-12-12\\\/sesamy-tritt-myty-bei-der-fokus-verschiebt-sich-zu-kooperationen-bei-denen-talents-echten-mehrwert-bieten\\\/#primaryimage\",\"url\":\"https:\\\/\\\/www.markt-kom.com\\\/wp-content\\\/uploads\\\/2024\\\/12\\\/SamBergmann-Sesamy-Myty-Beitritt-Interview-muk.jpg\",\"contentUrl\":\"https:\\\/\\\/www.markt-kom.com\\\/wp-content\\\/uploads\\\/2024\\\/12\\\/SamBergmann-Sesamy-Myty-Beitritt-Interview-muk.jpg\"},{\"@type\":\"BreadcrumbList\",\"@id\":\"https:\\\/\\\/www.organisator.ch\\\/marketing\\\/2024-12-12\\\/sesamy-tritt-myty-bei-der-fokus-verschiebt-sich-zu-kooperationen-bei-denen-talents-echten-mehrwert-bieten\\\/#breadcrumb\",\"itemListElement\":[{\"@type\":\"ListItem\",\"position\":1,\"name\":\"Home\",\"item\":\"https:\\\/\\\/www.organisator.ch\\\/\"},{\"@type\":\"ListItem\",\"position\":2,\"name\":\"Sesamy tritt Myty bei: \u00abDer Fokus verschiebt sich zu Kooperationen, bei denen Talents echten Mehrwert bieten\u00bb\"}]},{\"@type\":\"WebSite\",\"@id\":\"https:\\\/\\\/www.organisator.ch\\\/#website\",\"url\":\"https:\\\/\\\/www.organisator.ch\\\/\",\"name\":\"Organisator\",\"description\":\"Kompetent. Praxisnah. Der ORGANISATOR bereitet in 10 Ausgaben pro Jahr die wesentlichen Themen f\u00fcr F\u00fchrungskr\u00e4fte von KMU auf.\",\"publisher\":{\"@id\":\"https:\\\/\\\/www.organisator.ch\\\/#organization\"},\"potentialAction\":[{\"@type\":\"SearchAction\",\"target\":{\"@type\":\"EntryPoint\",\"urlTemplate\":\"https:\\\/\\\/www.organisator.ch\\\/?s={search_term_string}\"},\"query-input\":{\"@type\":\"PropertyValueSpecification\",\"valueRequired\":true,\"valueName\":\"search_term_string\"}}],\"inLanguage\":\"it-IT\"},{\"@type\":\"Organization\",\"@id\":\"https:\\\/\\\/www.organisator.ch\\\/#organization\",\"name\":\"Organisator\",\"url\":\"https:\\\/\\\/www.organisator.ch\\\/\",\"logo\":{\"@type\":\"ImageObject\",\"inLanguage\":\"it-IT\",\"@id\":\"https:\\\/\\\/www.organisator.ch\\\/#\\\/schema\\\/logo\\\/image\\\/\",\"url\":\"https:\\\/\\\/www.organisator.ch\\\/wp-content\\\/uploads\\\/2022\\\/01\\\/Logo_Organisator_Website.png\",\"contentUrl\":\"https:\\\/\\\/www.organisator.ch\\\/wp-content\\\/uploads\\\/2022\\\/01\\\/Logo_Organisator_Website.png\",\"width\":800,\"height\":77,\"caption\":\"Organisator\"},\"image\":{\"@id\":\"https:\\\/\\\/www.organisator.ch\\\/#\\\/schema\\\/logo\\\/image\\\/\"},\"sameAs\":[\"https:\\\/\\\/www.facebook.com\\\/OrganisatorFachmagazin\",\"https:\\\/\\\/www.linkedin.com\\\/showcase\\\/organisator-das-magazin-fr-kmu\",\"https:\\\/\\\/www.xing.com\\\/news\\\/pages\\\/organisator-ch-695\",\"https:\\\/\\\/www.youtube.com\\\/channel\\\/UCGP2Sq0iWaZwT3BdIAQFYpw\"]},{\"@type\":\"Person\",\"@id\":\"https:\\\/\\\/www.organisator.ch\\\/#\\\/schema\\\/person\\\/4e51799071cd2dd1232ac003643ef5f0\",\"name\":\"galledia\",\"image\":{\"@type\":\"ImageObject\",\"inLanguage\":\"it-IT\",\"@id\":\"https:\\\/\\\/secure.gravatar.com\\\/avatar\\\/78a7f90c01fc2bfc875782a0d4922b37cde2cf184ce347b91316d23cd7f69a36?s=96&d=mm&r=g\",\"url\":\"https:\\\/\\\/secure.gravatar.com\\\/avatar\\\/78a7f90c01fc2bfc875782a0d4922b37cde2cf184ce347b91316d23cd7f69a36?s=96&d=mm&r=g\",\"contentUrl\":\"https:\\\/\\\/secure.gravatar.com\\\/avatar\\\/78a7f90c01fc2bfc875782a0d4922b37cde2cf184ce347b91316d23cd7f69a36?s=96&d=mm&r=g\",\"caption\":\"galledia\"},\"sameAs\":[\"https:\\\/\\\/x.com\\\/admin\"],\"url\":\"https:\\\/\\\/www.organisator.ch\\\/it\\\/author\\\/galledia\\\/\"}]}<\/script>\n<!-- \/ Yoast SEO plugin. -->","yoast_head_json":{"title":"Sesamy si unisce a Myty: \"L'attenzione si sta spostando su collaborazioni in cui i talenti aggiungono un valore reale\" - organizzatore","description":"Sesamy entra a far parte del Gruppo Myty e ne rafforza l'esperienza nella gestione dei talenti e nel social media marketing.","robots":{"index":"index","follow":"follow","max-snippet":"max-snippet:-1","max-image-preview":"max-image-preview:large","max-video-preview":"max-video-preview:-1"},"canonical":"https:\/\/www.organisator.ch\/it\/marketing\/2024-12-12\/sesamy-tritt-myty-bei-der-fokus-verschiebt-sich-zu-kooperationen-bei-denen-talents-echten-mehrwert-bieten\/","og_locale":"it_IT","og_type":"article","og_title":"Sesamy tritt Myty bei: \u00abDer Fokus verschiebt sich zu Kooperationen, bei denen Talents echten Mehrwert bieten\u00bb - Organisator","og_description":"Sesamy schliesst sich der Myty Group an und st\u00e4rkt seine Expertise in Talent Management und Social-Media-Marketing.","og_url":"https:\/\/www.organisator.ch\/it\/marketing\/2024-12-12\/sesamy-tritt-myty-bei-der-fokus-verschiebt-sich-zu-kooperationen-bei-denen-talents-echten-mehrwert-bieten\/","og_site_name":"Organisator","article_publisher":"https:\/\/www.facebook.com\/OrganisatorFachmagazin","article_published_time":"2024-12-12T03:40:09+00:00","article_modified_time":"2024-12-13T06:40:35+00:00","author":"galledia","twitter_card":"summary_large_image","twitter_creator":"@admin","schema":{"@context":"https:\/\/schema.org","@graph":[{"@type":"Article","@id":"https:\/\/www.organisator.ch\/marketing\/2024-12-12\/sesamy-tritt-myty-bei-der-fokus-verschiebt-sich-zu-kooperationen-bei-denen-talents-echten-mehrwert-bieten\/#article","isPartOf":{"@id":"https:\/\/www.organisator.ch\/marketing\/2024-12-12\/sesamy-tritt-myty-bei-der-fokus-verschiebt-sich-zu-kooperationen-bei-denen-talents-echten-mehrwert-bieten\/"},"author":{"name":"galledia","@id":"https:\/\/www.organisator.ch\/#\/schema\/person\/4e51799071cd2dd1232ac003643ef5f0"},"headline":"Sesamy tritt Myty bei: \u00abDer Fokus verschiebt sich zu Kooperationen, bei denen Talents echten Mehrwert bieten\u00bb","datePublished":"2024-12-12T03:40:09+00:00","dateModified":"2024-12-13T06:40:35+00:00","mainEntityOfPage":{"@id":"https:\/\/www.organisator.ch\/marketing\/2024-12-12\/sesamy-tritt-myty-bei-der-fokus-verschiebt-sich-zu-kooperationen-bei-denen-talents-echten-mehrwert-bieten\/"},"wordCount":1248,"publisher":{"@id":"https:\/\/www.organisator.ch\/#organization"},"image":{"@id":"https:\/\/www.organisator.ch\/marketing\/2024-12-12\/sesamy-tritt-myty-bei-der-fokus-verschiebt-sich-zu-kooperationen-bei-denen-talents-echten-mehrwert-bieten\/#primaryimage"},"thumbnailUrl":"https:\/\/www.markt-kom.com\/wp-content\/uploads\/2024\/12\/SamBergmann-Sesamy-Myty-Beitritt-Interview-muk.jpg","keywords":["Business","DExAT","Myty","Sesamy"],"articleSection":["MARKETING"],"inLanguage":"it-IT"},{"@type":"WebPage","@id":"https:\/\/www.organisator.ch\/marketing\/2024-12-12\/sesamy-tritt-myty-bei-der-fokus-verschiebt-sich-zu-kooperationen-bei-denen-talents-echten-mehrwert-bieten\/","url":"https:\/\/www.organisator.ch\/marketing\/2024-12-12\/sesamy-tritt-myty-bei-der-fokus-verschiebt-sich-zu-kooperationen-bei-denen-talents-echten-mehrwert-bieten\/","name":"Sesamy si unisce a Myty: \"L'attenzione si sta spostando su collaborazioni in cui i talenti aggiungono un valore reale\" - organizzatore","isPartOf":{"@id":"https:\/\/www.organisator.ch\/#website"},"primaryImageOfPage":{"@id":"https:\/\/www.organisator.ch\/marketing\/2024-12-12\/sesamy-tritt-myty-bei-der-fokus-verschiebt-sich-zu-kooperationen-bei-denen-talents-echten-mehrwert-bieten\/#primaryimage"},"image":{"@id":"https:\/\/www.organisator.ch\/marketing\/2024-12-12\/sesamy-tritt-myty-bei-der-fokus-verschiebt-sich-zu-kooperationen-bei-denen-talents-echten-mehrwert-bieten\/#primaryimage"},"thumbnailUrl":"https:\/\/www.markt-kom.com\/wp-content\/uploads\/2024\/12\/SamBergmann-Sesamy-Myty-Beitritt-Interview-muk.jpg","datePublished":"2024-12-12T03:40:09+00:00","dateModified":"2024-12-13T06:40:35+00:00","description":"Sesamy entra a far parte del Gruppo Myty e ne rafforza l'esperienza nella gestione dei talenti e nel social media marketing.","breadcrumb":{"@id":"https:\/\/www.organisator.ch\/marketing\/2024-12-12\/sesamy-tritt-myty-bei-der-fokus-verschiebt-sich-zu-kooperationen-bei-denen-talents-echten-mehrwert-bieten\/#breadcrumb"},"inLanguage":"it-IT","potentialAction":[{"@type":"ReadAction","target":["https:\/\/www.organisator.ch\/marketing\/2024-12-12\/sesamy-tritt-myty-bei-der-fokus-verschiebt-sich-zu-kooperationen-bei-denen-talents-echten-mehrwert-bieten\/"]}]},{"@type":"ImageObject","inLanguage":"it-IT","@id":"https:\/\/www.organisator.ch\/marketing\/2024-12-12\/sesamy-tritt-myty-bei-der-fokus-verschiebt-sich-zu-kooperationen-bei-denen-talents-echten-mehrwert-bieten\/#primaryimage","url":"https:\/\/www.markt-kom.com\/wp-content\/uploads\/2024\/12\/SamBergmann-Sesamy-Myty-Beitritt-Interview-muk.jpg","contentUrl":"https:\/\/www.markt-kom.com\/wp-content\/uploads\/2024\/12\/SamBergmann-Sesamy-Myty-Beitritt-Interview-muk.jpg"},{"@type":"BreadcrumbList","@id":"https:\/\/www.organisator.ch\/marketing\/2024-12-12\/sesamy-tritt-myty-bei-der-fokus-verschiebt-sich-zu-kooperationen-bei-denen-talents-echten-mehrwert-bieten\/#breadcrumb","itemListElement":[{"@type":"ListItem","position":1,"name":"Home","item":"https:\/\/www.organisator.ch\/"},{"@type":"ListItem","position":2,"name":"Sesamy tritt Myty bei: \u00abDer Fokus verschiebt sich zu Kooperationen, bei denen Talents echten Mehrwert bieten\u00bb"}]},{"@type":"WebSite","@id":"https:\/\/www.organisator.ch\/#website","url":"https:\/\/www.organisator.ch\/","name":"Organizzatore","description":"Competente. Pratico. In 10 numeri all'anno, ORGANISATOR presenta i temi essenziali per i manager delle PMI.","publisher":{"@id":"https:\/\/www.organisator.ch\/#organization"},"potentialAction":[{"@type":"SearchAction","target":{"@type":"EntryPoint","urlTemplate":"https:\/\/www.organisator.ch\/?s={search_term_string}"},"query-input":{"@type":"PropertyValueSpecification","valueRequired":true,"valueName":"search_term_string"}}],"inLanguage":"it-IT"},{"@type":"Organization","@id":"https:\/\/www.organisator.ch\/#organization","name":"Organizzatore","url":"https:\/\/www.organisator.ch\/","logo":{"@type":"ImageObject","inLanguage":"it-IT","@id":"https:\/\/www.organisator.ch\/#\/schema\/logo\/image\/","url":"https:\/\/www.organisator.ch\/wp-content\/uploads\/2022\/01\/Logo_Organisator_Website.png","contentUrl":"https:\/\/www.organisator.ch\/wp-content\/uploads\/2022\/01\/Logo_Organisator_Website.png","width":800,"height":77,"caption":"Organisator"},"image":{"@id":"https:\/\/www.organisator.ch\/#\/schema\/logo\/image\/"},"sameAs":["https:\/\/www.facebook.com\/OrganisatorFachmagazin","https:\/\/www.linkedin.com\/showcase\/organisator-das-magazin-fr-kmu","https:\/\/www.xing.com\/news\/pages\/organisator-ch-695","https:\/\/www.youtube.com\/channel\/UCGP2Sq0iWaZwT3BdIAQFYpw"]},{"@type":"Person","@id":"https:\/\/www.organisator.ch\/#\/schema\/person\/4e51799071cd2dd1232ac003643ef5f0","name":"galledia","image":{"@type":"ImageObject","inLanguage":"it-IT","@id":"https:\/\/secure.gravatar.com\/avatar\/78a7f90c01fc2bfc875782a0d4922b37cde2cf184ce347b91316d23cd7f69a36?s=96&d=mm&r=g","url":"https:\/\/secure.gravatar.com\/avatar\/78a7f90c01fc2bfc875782a0d4922b37cde2cf184ce347b91316d23cd7f69a36?s=96&d=mm&r=g","contentUrl":"https:\/\/secure.gravatar.com\/avatar\/78a7f90c01fc2bfc875782a0d4922b37cde2cf184ce347b91316d23cd7f69a36?s=96&d=mm&r=g","caption":"galledia"},"sameAs":["https:\/\/x.com\/admin"],"url":"https:\/\/www.organisator.ch\/it\/author\/galledia\/"}]}},"_links":{"self":[{"href":"https:\/\/www.organisator.ch\/it\/wp-json\/wp\/v2\/posts\/34668","targetHints":{"allow":["GET"]}}],"collection":[{"href":"https:\/\/www.organisator.ch\/it\/wp-json\/wp\/v2\/posts"}],"about":[{"href":"https:\/\/www.organisator.ch\/it\/wp-json\/wp\/v2\/types\/post"}],"author":[{"embeddable":true,"href":"https:\/\/www.organisator.ch\/it\/wp-json\/wp\/v2\/users\/8"}],"replies":[{"embeddable":true,"href":"https:\/\/www.organisator.ch\/it\/wp-json\/wp\/v2\/comments?post=34668"}],"version-history":[{"count":5,"href":"https:\/\/www.organisator.ch\/it\/wp-json\/wp\/v2\/posts\/34668\/revisions"}],"predecessor-version":[{"id":34701,"href":"https:\/\/www.organisator.ch\/it\/wp-json\/wp\/v2\/posts\/34668\/revisions\/34701"}],"wp:attachment":[{"href":"https:\/\/www.organisator.ch\/it\/wp-json\/wp\/v2\/media?parent=34668"}],"wp:term":[{"taxonomy":"category","embeddable":true,"href":"https:\/\/www.organisator.ch\/it\/wp-json\/wp\/v2\/categories?post=34668"},{"taxonomy":"post_tag","embeddable":true,"href":"https:\/\/www.organisator.ch\/it\/wp-json\/wp\/v2\/tags?post=34668"}],"curies":[{"name":"wp","href":"https:\/\/api.w.org\/{rel}","templated":true}]}}