{"id":34724,"date":"2024-12-15T12:11:24","date_gmt":"2024-12-15T11:11:24","guid":{"rendered":"https:\/\/www.markt-kom.com\/?p=228223"},"modified":"2024-12-16T07:38:58","modified_gmt":"2024-12-16T06:38:58","slug":"bundesrat-will-nazisymbole-im-oeffentlichen-raum-verbieten","status":"publish","type":"post","link":"https:\/\/www.organisator.ch\/it\/marketing\/2024-12-15\/bundesrat-will-nazisymbole-im-oeffentlichen-raum-verbieten\/","title":{"rendered":"Il Consiglio federale vuole vietare i simboli nazisti negli spazi pubblici"},"content":{"rendered":"<figure id=\"attachment_228224\" class=\"wp-caption aligncenter\" style=\"width: 1200px;\" aria-describedby=\"caption-attachment-228224\"><a href=\"https:\/\/www.markt-kom.com\/wp-content\/uploads\/2024\/12\/Beat-Jans-PK-Bundesrat-Nazisymbole.jpg\"><img class=\"size-full wp-image-228224\" src=\"https:\/\/www.markt-kom.com\/wp-content\/uploads\/2024\/12\/Beat-Jans-PK-Bundesrat-Nazisymbole.jpg\" sizes=\"(max-width: 1200px) 100vw, 1200px\" srcset=\"https:\/\/www.markt-kom.com\/wp-content\/uploads\/2024\/12\/Beat-Jans-PK-Bundesrat-Nazisymbole.jpg 1200w, https:\/\/www.markt-kom.com\/wp-content\/uploads\/2024\/12\/Beat-Jans-PK-Bundesrat-Nazisymbole-600x450.jpg 600w, https:\/\/www.markt-kom.com\/wp-content\/uploads\/2024\/12\/Beat-Jans-PK-Bundesrat-Nazisymbole-1024x768.jpg 1024w, https:\/\/www.markt-kom.com\/wp-content\/uploads\/2024\/12\/Beat-Jans-PK-Bundesrat-Nazisymbole-768x576.jpg 768w, https:\/\/www.markt-kom.com\/wp-content\/uploads\/2024\/12\/Beat-Jans-PK-Bundesrat-Nazisymbole-16x12.jpg 16w, https:\/\/www.markt-kom.com\/wp-content\/uploads\/2024\/12\/Beat-Jans-PK-Bundesrat-Nazisymbole-233x175.jpg 233w, https:\/\/www.markt-kom.com\/wp-content\/uploads\/2024\/12\/Beat-Jans-PK-Bundesrat-Nazisymbole-467x350.jpg 467w, https:\/\/www.markt-kom.com\/wp-content\/uploads\/2024\/12\/Beat-Jans-PK-Bundesrat-Nazisymbole-1000x750.jpg 1000w\" alt=\"\" width=\"1200\" height=\"900\" \/><\/a>\r\n<figcaption id=\"caption-attachment-228224\" class=\"wp-caption-text\">Beat Jans alla conferenza stampa di venerd\u00ec. (Screenshot: YouTube.com)<\/figcaption>\r\n<\/figure>\r\n<p>Il divieto dei simboli associati al Terzo Reich \u00e8 particolarmente urgente, ha dichiarato venerd\u00ec a Berna il ministro della Giustizia Beat Jans. Questo perch\u00e9 gli incidenti antisemiti sono aumentati in modo significativo, sia a livello mondiale che in Svizzera. I simboli che simboleggiano l'odio, la violenza e la sofferenza devono scomparire dalla sfera pubblica.<\/p>\r\n<p><iframe title=\"13.12.2024 - BR Jans: Legge federale\" src=\"https:\/\/www.youtube.com\/embed\/F99lv-0zVpc?feature=oembed\" width=\"768\" height=\"432\" frameborder=\"0\" allowfullscreen=\"allowfullscreen\"><\/iframe><\/p>\r\n<h3><strong>Il contesto decide<\/strong><\/h3>\r\n<p>La semplice esposizione di simboli nazisti in pubblico non costituisce oggi un reato, ha dichiarato Jans. Tuttavia, i simboli sono vietati in relazione alla pubblicit\u00e0 dell'ideologia che rappresentano o se vengono utilizzati contro persone o gruppi in modo spregiativo.<\/p>\r\n<p>Il Consiglio federale vuole vietare non solo le svastiche, i saluti hitleriani e le rune delle SS, ma anche codici numerici come \"18\" e \"88\", che potrebbero essere letti come \"Adolf Hitler\" o \"Heil Hitler\". Il contesto dovrebbe decidere quando tali simboli sono punibili.<\/p>\r\n<p>Le cifre stampate su una maglietta da calcio o da basket potrebbero ancora essere esposte, ha detto Jans rispondendo a una domanda dei giornalisti. Tra le altre cose, deve essere stabilita una prassi legale per l'uso di questi numeri. \u00c8 inoltre possibile presentare ricorso contro le multe inflitte.<\/p>\r\n<p>Il Consiglio federale prevede eccezioni al divieto per scopi educativi, artistici e giornalistici. Ad esempio, saranno consentiti i resoconti dei media sugli incidenti antisemiti. Sarebbero consentiti anche nelle lezioni di storia e nelle presentazioni satiriche e storiche.<\/p>\r\n<h3><strong>Rispetto per le altre culture<\/strong><\/h3>\r\n<p>Il Consiglio federale prevede anche eccezioni per i simboli delle religioni esistenti. La svastica \u00e8 un simbolo molto antico, scrive. In Asia, e in particolare in India, \u00e8 spesso associata all'induismo, al buddismo o al giainismo, scrive nella bozza del messaggio.<\/p>\r\n<p>Chiamata svastica in sanscrito, la svastica ha il significato di segno solare in queste culture ed \u00e8 vista come un \"portafortuna\". Il Consiglio federale vuole quindi esentare dal divieto i simboli religiosi esistenti che hanno un aspetto simile o identico ai simboli nazisti.<\/p>\r\n<p>Il Consiglio federale vuole proibire espressamente l'uso, l'uso, l'esposizione e la distribuzione di simboli nazionalsocialisti. Vuole anche vietare i graffiti con la svastica, ad esempio sui manifesti o sui muri delle case.<\/p>\r\n<h3><strong>Preservare la libert\u00e0 di espressione<\/strong><\/h3>\r\n<p>Le nuove disposizioni penali devono rispettare il diritto fondamentale alla libert\u00e0 di espressione, ha affermato Jans. Tuttavia, si tratta di porre chiari limiti a un'ideologia che non vuole consentire la libert\u00e0 di espressione, che diffonde odio e ingiustizia e che combatte praticamente contro il rispetto delle minoranze.<\/p>\r\n<p>Secondo il Consiglio federale, il divieto si applicherebbe anche allo spazio virtuale. Il problema \u00e8 che in questi casi gli autori sono spesso anonimi ed \u00e8 difficile trovarli.<\/p>\r\n<p>Con questa legge, il Consiglio federale intende adempiere a un mandato del Parlamento, almeno una parte iniziale. I consiglieri hanno anche chiesto di vietare i simboli estremisti, razzisti e che esaltano la violenza di altre ideologie. Il Consiglio federale intende attuarlo in una fase successiva.<\/p>\r\n<h3><strong>Prevista una legge indipendente<\/strong><\/h3>\r\n<p>Il Consiglio federale propone una legge separata per far rispettare il divieto. Scrive che questo \u00e8 il modo pi\u00f9 rapido per colmare le lacune della legislazione. Inoltre, sarebbe possibile punire le infrazioni con multe amministrative.<\/p>\r\n<p>Se la norma fosse invece inserita nel Codice penale, i pubblici ministeri e i tribunali dovrebbero occuparsi dei portatori di simboli nazisti. Secondo il Consiglio federale, ci\u00f2 aggraverebbe l'attuale sovraccarico del sistema giudiziario.<\/p>\r\n<p>La consultazione sulla legge sul divieto di utilizzo pubblico dei simboli nazionalsocialisti durer\u00e0 fino al 31 marzo 2025. <em>(SDA\/swi)<\/em><\/p>","protected":false},"excerpt":{"rendered":"<p>Il Consiglio federale vuole vietare l'uso e la distribuzione di simboli nazisti in pubblico. In futuro, i trasgressori saranno puniti con una multa di 200 franchi. Solo in una seconda fase, il Consiglio federale intende vietare anche altri simboli estremisti e di esaltazione della violenza.<\/p>","protected":false},"author":8,"featured_media":0,"comment_status":"closed","ping_status":"closed","sticky":false,"template":"","format":"standard","meta":{"_acf_changed":false,"_yoast_wpseo_focuskw":"Nazisymbole","_yoast_wpseo_metadesc":"Der Bundesrat plant ein Verbot von Nazisymbolen in der \u00d6ffentlichkeit. Verst\u00f6sse sollen mit einer Ordnungsbusse geahndet werden.","articlekey":"","footnotes":""},"categories":[29],"tags":[4343,386],"class_list":["post-34724","post","type-post","status-publish","format-standard","hentry","category-marketing","tag-markom","tag-politik"],"acf":[],"yoast_head":"<!-- This site is optimized with the Yoast SEO plugin v27.5 - https:\/\/yoast.com\/product\/yoast-seo-wordpress\/ -->\n<title>Bundesrat will Nazisymbole im \u00f6ffentlichen Raum verbieten - Organisator<\/title>\n<meta name=\"description\" content=\"Der Bundesrat plant ein Verbot von Nazisymbolen in der \u00d6ffentlichkeit. Verst\u00f6sse sollen mit einer Ordnungsbusse geahndet werden.\" \/>\n<meta name=\"robots\" content=\"index, follow, max-snippet:-1, max-image-preview:large, max-video-preview:-1\" \/>\n<link rel=\"canonical\" href=\"https:\/\/www.organisator.ch\/it\/marketing\/2024-12-15\/bundesrat-will-nazisymbole-im-oeffentlichen-raum-verbieten\/\" \/>\n<meta property=\"og:locale\" content=\"it_IT\" \/>\n<meta property=\"og:type\" content=\"article\" \/>\n<meta property=\"og:title\" content=\"Bundesrat will Nazisymbole im \u00f6ffentlichen Raum verbieten - Organisator\" \/>\n<meta property=\"og:description\" content=\"Der Bundesrat plant ein Verbot von Nazisymbolen in der \u00d6ffentlichkeit. Verst\u00f6sse sollen mit einer Ordnungsbusse geahndet werden.\" \/>\n<meta property=\"og:url\" content=\"https:\/\/www.organisator.ch\/it\/marketing\/2024-12-15\/bundesrat-will-nazisymbole-im-oeffentlichen-raum-verbieten\/\" \/>\n<meta property=\"og:site_name\" content=\"Organisator\" \/>\n<meta property=\"article:publisher\" content=\"https:\/\/www.facebook.com\/OrganisatorFachmagazin\" \/>\n<meta property=\"article:published_time\" content=\"2024-12-15T11:11:24+00:00\" \/>\n<meta property=\"article:modified_time\" content=\"2024-12-16T06:38:58+00:00\" \/>\n<meta name=\"author\" content=\"galledia\" \/>\n<meta name=\"twitter:card\" content=\"summary_large_image\" \/>\n<meta name=\"twitter:creator\" content=\"@admin\" \/>\n<script type=\"application\/ld+json\" class=\"yoast-schema-graph\">{\"@context\":\"https:\\\/\\\/schema.org\",\"@graph\":[{\"@type\":\"Article\",\"@id\":\"https:\\\/\\\/www.organisator.ch\\\/marketing\\\/2024-12-15\\\/bundesrat-will-nazisymbole-im-oeffentlichen-raum-verbieten\\\/#article\",\"isPartOf\":{\"@id\":\"https:\\\/\\\/www.organisator.ch\\\/marketing\\\/2024-12-15\\\/bundesrat-will-nazisymbole-im-oeffentlichen-raum-verbieten\\\/\"},\"author\":{\"name\":\"galledia\",\"@id\":\"https:\\\/\\\/www.organisator.ch\\\/#\\\/schema\\\/person\\\/4e51799071cd2dd1232ac003643ef5f0\"},\"headline\":\"Bundesrat will Nazisymbole im \u00f6ffentlichen Raum verbieten\",\"datePublished\":\"2024-12-15T11:11:24+00:00\",\"dateModified\":\"2024-12-16T06:38:58+00:00\",\"mainEntityOfPage\":{\"@id\":\"https:\\\/\\\/www.organisator.ch\\\/marketing\\\/2024-12-15\\\/bundesrat-will-nazisymbole-im-oeffentlichen-raum-verbieten\\\/\"},\"wordCount\":566,\"publisher\":{\"@id\":\"https:\\\/\\\/www.organisator.ch\\\/#organization\"},\"image\":{\"@id\":\"https:\\\/\\\/www.organisator.ch\\\/marketing\\\/2024-12-15\\\/bundesrat-will-nazisymbole-im-oeffentlichen-raum-verbieten\\\/#primaryimage\"},\"thumbnailUrl\":\"https:\\\/\\\/www.markt-kom.com\\\/wp-content\\\/uploads\\\/2024\\\/12\\\/Beat-Jans-PK-Bundesrat-Nazisymbole.jpg\",\"keywords\":[\"MarKom\",\"Politik\"],\"articleSection\":[\"MARKETING\"],\"inLanguage\":\"it-IT\"},{\"@type\":\"WebPage\",\"@id\":\"https:\\\/\\\/www.organisator.ch\\\/marketing\\\/2024-12-15\\\/bundesrat-will-nazisymbole-im-oeffentlichen-raum-verbieten\\\/\",\"url\":\"https:\\\/\\\/www.organisator.ch\\\/marketing\\\/2024-12-15\\\/bundesrat-will-nazisymbole-im-oeffentlichen-raum-verbieten\\\/\",\"name\":\"Bundesrat will Nazisymbole im \u00f6ffentlichen Raum verbieten - Organisator\",\"isPartOf\":{\"@id\":\"https:\\\/\\\/www.organisator.ch\\\/#website\"},\"primaryImageOfPage\":{\"@id\":\"https:\\\/\\\/www.organisator.ch\\\/marketing\\\/2024-12-15\\\/bundesrat-will-nazisymbole-im-oeffentlichen-raum-verbieten\\\/#primaryimage\"},\"image\":{\"@id\":\"https:\\\/\\\/www.organisator.ch\\\/marketing\\\/2024-12-15\\\/bundesrat-will-nazisymbole-im-oeffentlichen-raum-verbieten\\\/#primaryimage\"},\"thumbnailUrl\":\"https:\\\/\\\/www.markt-kom.com\\\/wp-content\\\/uploads\\\/2024\\\/12\\\/Beat-Jans-PK-Bundesrat-Nazisymbole.jpg\",\"datePublished\":\"2024-12-15T11:11:24+00:00\",\"dateModified\":\"2024-12-16T06:38:58+00:00\",\"description\":\"Der Bundesrat plant ein Verbot von Nazisymbolen in der \u00d6ffentlichkeit. Verst\u00f6sse sollen mit einer Ordnungsbusse geahndet werden.\",\"breadcrumb\":{\"@id\":\"https:\\\/\\\/www.organisator.ch\\\/marketing\\\/2024-12-15\\\/bundesrat-will-nazisymbole-im-oeffentlichen-raum-verbieten\\\/#breadcrumb\"},\"inLanguage\":\"it-IT\",\"potentialAction\":[{\"@type\":\"ReadAction\",\"target\":[\"https:\\\/\\\/www.organisator.ch\\\/marketing\\\/2024-12-15\\\/bundesrat-will-nazisymbole-im-oeffentlichen-raum-verbieten\\\/\"]}]},{\"@type\":\"ImageObject\",\"inLanguage\":\"it-IT\",\"@id\":\"https:\\\/\\\/www.organisator.ch\\\/marketing\\\/2024-12-15\\\/bundesrat-will-nazisymbole-im-oeffentlichen-raum-verbieten\\\/#primaryimage\",\"url\":\"https:\\\/\\\/www.markt-kom.com\\\/wp-content\\\/uploads\\\/2024\\\/12\\\/Beat-Jans-PK-Bundesrat-Nazisymbole.jpg\",\"contentUrl\":\"https:\\\/\\\/www.markt-kom.com\\\/wp-content\\\/uploads\\\/2024\\\/12\\\/Beat-Jans-PK-Bundesrat-Nazisymbole.jpg\"},{\"@type\":\"BreadcrumbList\",\"@id\":\"https:\\\/\\\/www.organisator.ch\\\/marketing\\\/2024-12-15\\\/bundesrat-will-nazisymbole-im-oeffentlichen-raum-verbieten\\\/#breadcrumb\",\"itemListElement\":[{\"@type\":\"ListItem\",\"position\":1,\"name\":\"Home\",\"item\":\"https:\\\/\\\/www.organisator.ch\\\/\"},{\"@type\":\"ListItem\",\"position\":2,\"name\":\"Bundesrat will Nazisymbole im \u00f6ffentlichen Raum verbieten\"}]},{\"@type\":\"WebSite\",\"@id\":\"https:\\\/\\\/www.organisator.ch\\\/#website\",\"url\":\"https:\\\/\\\/www.organisator.ch\\\/\",\"name\":\"Organisator\",\"description\":\"Kompetent. Praxisnah. Der ORGANISATOR bereitet in 10 Ausgaben pro Jahr die wesentlichen Themen f\u00fcr F\u00fchrungskr\u00e4fte von KMU auf.\",\"publisher\":{\"@id\":\"https:\\\/\\\/www.organisator.ch\\\/#organization\"},\"potentialAction\":[{\"@type\":\"SearchAction\",\"target\":{\"@type\":\"EntryPoint\",\"urlTemplate\":\"https:\\\/\\\/www.organisator.ch\\\/?s={search_term_string}\"},\"query-input\":{\"@type\":\"PropertyValueSpecification\",\"valueRequired\":true,\"valueName\":\"search_term_string\"}}],\"inLanguage\":\"it-IT\"},{\"@type\":\"Organization\",\"@id\":\"https:\\\/\\\/www.organisator.ch\\\/#organization\",\"name\":\"Organisator\",\"url\":\"https:\\\/\\\/www.organisator.ch\\\/\",\"logo\":{\"@type\":\"ImageObject\",\"inLanguage\":\"it-IT\",\"@id\":\"https:\\\/\\\/www.organisator.ch\\\/#\\\/schema\\\/logo\\\/image\\\/\",\"url\":\"https:\\\/\\\/www.organisator.ch\\\/wp-content\\\/uploads\\\/2022\\\/01\\\/Logo_Organisator_Website.png\",\"contentUrl\":\"https:\\\/\\\/www.organisator.ch\\\/wp-content\\\/uploads\\\/2022\\\/01\\\/Logo_Organisator_Website.png\",\"width\":800,\"height\":77,\"caption\":\"Organisator\"},\"image\":{\"@id\":\"https:\\\/\\\/www.organisator.ch\\\/#\\\/schema\\\/logo\\\/image\\\/\"},\"sameAs\":[\"https:\\\/\\\/www.facebook.com\\\/OrganisatorFachmagazin\",\"https:\\\/\\\/www.linkedin.com\\\/showcase\\\/organisator-das-magazin-fr-kmu\",\"https:\\\/\\\/www.xing.com\\\/news\\\/pages\\\/organisator-ch-695\",\"https:\\\/\\\/www.youtube.com\\\/channel\\\/UCGP2Sq0iWaZwT3BdIAQFYpw\"]},{\"@type\":\"Person\",\"@id\":\"https:\\\/\\\/www.organisator.ch\\\/#\\\/schema\\\/person\\\/4e51799071cd2dd1232ac003643ef5f0\",\"name\":\"galledia\",\"image\":{\"@type\":\"ImageObject\",\"inLanguage\":\"it-IT\",\"@id\":\"https:\\\/\\\/secure.gravatar.com\\\/avatar\\\/78a7f90c01fc2bfc875782a0d4922b37cde2cf184ce347b91316d23cd7f69a36?s=96&d=mm&r=g\",\"url\":\"https:\\\/\\\/secure.gravatar.com\\\/avatar\\\/78a7f90c01fc2bfc875782a0d4922b37cde2cf184ce347b91316d23cd7f69a36?s=96&d=mm&r=g\",\"contentUrl\":\"https:\\\/\\\/secure.gravatar.com\\\/avatar\\\/78a7f90c01fc2bfc875782a0d4922b37cde2cf184ce347b91316d23cd7f69a36?s=96&d=mm&r=g\",\"caption\":\"galledia\"},\"sameAs\":[\"https:\\\/\\\/x.com\\\/admin\"],\"url\":\"https:\\\/\\\/www.organisator.ch\\\/it\\\/author\\\/galledia\\\/\"}]}<\/script>\n<!-- \/ Yoast SEO plugin. -->","yoast_head_json":{"title":"Il Consiglio federale vuole vietare i simboli nazisti negli spazi pubblici - Organizzatore","description":"Il Consiglio federale intende vietare i simboli nazisti in pubblico. Le violazioni saranno punite con una multa.","robots":{"index":"index","follow":"follow","max-snippet":"max-snippet:-1","max-image-preview":"max-image-preview:large","max-video-preview":"max-video-preview:-1"},"canonical":"https:\/\/www.organisator.ch\/it\/marketing\/2024-12-15\/bundesrat-will-nazisymbole-im-oeffentlichen-raum-verbieten\/","og_locale":"it_IT","og_type":"article","og_title":"Bundesrat will Nazisymbole im \u00f6ffentlichen Raum verbieten - Organisator","og_description":"Der Bundesrat plant ein Verbot von Nazisymbolen in der \u00d6ffentlichkeit. Verst\u00f6sse sollen mit einer Ordnungsbusse geahndet werden.","og_url":"https:\/\/www.organisator.ch\/it\/marketing\/2024-12-15\/bundesrat-will-nazisymbole-im-oeffentlichen-raum-verbieten\/","og_site_name":"Organisator","article_publisher":"https:\/\/www.facebook.com\/OrganisatorFachmagazin","article_published_time":"2024-12-15T11:11:24+00:00","article_modified_time":"2024-12-16T06:38:58+00:00","author":"galledia","twitter_card":"summary_large_image","twitter_creator":"@admin","schema":{"@context":"https:\/\/schema.org","@graph":[{"@type":"Article","@id":"https:\/\/www.organisator.ch\/marketing\/2024-12-15\/bundesrat-will-nazisymbole-im-oeffentlichen-raum-verbieten\/#article","isPartOf":{"@id":"https:\/\/www.organisator.ch\/marketing\/2024-12-15\/bundesrat-will-nazisymbole-im-oeffentlichen-raum-verbieten\/"},"author":{"name":"galledia","@id":"https:\/\/www.organisator.ch\/#\/schema\/person\/4e51799071cd2dd1232ac003643ef5f0"},"headline":"Bundesrat will Nazisymbole im \u00f6ffentlichen Raum verbieten","datePublished":"2024-12-15T11:11:24+00:00","dateModified":"2024-12-16T06:38:58+00:00","mainEntityOfPage":{"@id":"https:\/\/www.organisator.ch\/marketing\/2024-12-15\/bundesrat-will-nazisymbole-im-oeffentlichen-raum-verbieten\/"},"wordCount":566,"publisher":{"@id":"https:\/\/www.organisator.ch\/#organization"},"image":{"@id":"https:\/\/www.organisator.ch\/marketing\/2024-12-15\/bundesrat-will-nazisymbole-im-oeffentlichen-raum-verbieten\/#primaryimage"},"thumbnailUrl":"https:\/\/www.markt-kom.com\/wp-content\/uploads\/2024\/12\/Beat-Jans-PK-Bundesrat-Nazisymbole.jpg","keywords":["MarKom","Politik"],"articleSection":["MARKETING"],"inLanguage":"it-IT"},{"@type":"WebPage","@id":"https:\/\/www.organisator.ch\/marketing\/2024-12-15\/bundesrat-will-nazisymbole-im-oeffentlichen-raum-verbieten\/","url":"https:\/\/www.organisator.ch\/marketing\/2024-12-15\/bundesrat-will-nazisymbole-im-oeffentlichen-raum-verbieten\/","name":"Il Consiglio federale vuole vietare i simboli nazisti negli spazi pubblici - Organizzatore","isPartOf":{"@id":"https:\/\/www.organisator.ch\/#website"},"primaryImageOfPage":{"@id":"https:\/\/www.organisator.ch\/marketing\/2024-12-15\/bundesrat-will-nazisymbole-im-oeffentlichen-raum-verbieten\/#primaryimage"},"image":{"@id":"https:\/\/www.organisator.ch\/marketing\/2024-12-15\/bundesrat-will-nazisymbole-im-oeffentlichen-raum-verbieten\/#primaryimage"},"thumbnailUrl":"https:\/\/www.markt-kom.com\/wp-content\/uploads\/2024\/12\/Beat-Jans-PK-Bundesrat-Nazisymbole.jpg","datePublished":"2024-12-15T11:11:24+00:00","dateModified":"2024-12-16T06:38:58+00:00","description":"Il Consiglio federale intende vietare i simboli nazisti in pubblico. Le violazioni saranno punite con una multa.","breadcrumb":{"@id":"https:\/\/www.organisator.ch\/marketing\/2024-12-15\/bundesrat-will-nazisymbole-im-oeffentlichen-raum-verbieten\/#breadcrumb"},"inLanguage":"it-IT","potentialAction":[{"@type":"ReadAction","target":["https:\/\/www.organisator.ch\/marketing\/2024-12-15\/bundesrat-will-nazisymbole-im-oeffentlichen-raum-verbieten\/"]}]},{"@type":"ImageObject","inLanguage":"it-IT","@id":"https:\/\/www.organisator.ch\/marketing\/2024-12-15\/bundesrat-will-nazisymbole-im-oeffentlichen-raum-verbieten\/#primaryimage","url":"https:\/\/www.markt-kom.com\/wp-content\/uploads\/2024\/12\/Beat-Jans-PK-Bundesrat-Nazisymbole.jpg","contentUrl":"https:\/\/www.markt-kom.com\/wp-content\/uploads\/2024\/12\/Beat-Jans-PK-Bundesrat-Nazisymbole.jpg"},{"@type":"BreadcrumbList","@id":"https:\/\/www.organisator.ch\/marketing\/2024-12-15\/bundesrat-will-nazisymbole-im-oeffentlichen-raum-verbieten\/#breadcrumb","itemListElement":[{"@type":"ListItem","position":1,"name":"Home","item":"https:\/\/www.organisator.ch\/"},{"@type":"ListItem","position":2,"name":"Bundesrat will Nazisymbole im \u00f6ffentlichen Raum verbieten"}]},{"@type":"WebSite","@id":"https:\/\/www.organisator.ch\/#website","url":"https:\/\/www.organisator.ch\/","name":"Organizzatore","description":"Competente. Pratico. In 10 numeri all'anno, ORGANISATOR presenta i temi essenziali per i manager delle PMI.","publisher":{"@id":"https:\/\/www.organisator.ch\/#organization"},"potentialAction":[{"@type":"SearchAction","target":{"@type":"EntryPoint","urlTemplate":"https:\/\/www.organisator.ch\/?s={search_term_string}"},"query-input":{"@type":"PropertyValueSpecification","valueRequired":true,"valueName":"search_term_string"}}],"inLanguage":"it-IT"},{"@type":"Organization","@id":"https:\/\/www.organisator.ch\/#organization","name":"Organizzatore","url":"https:\/\/www.organisator.ch\/","logo":{"@type":"ImageObject","inLanguage":"it-IT","@id":"https:\/\/www.organisator.ch\/#\/schema\/logo\/image\/","url":"https:\/\/www.organisator.ch\/wp-content\/uploads\/2022\/01\/Logo_Organisator_Website.png","contentUrl":"https:\/\/www.organisator.ch\/wp-content\/uploads\/2022\/01\/Logo_Organisator_Website.png","width":800,"height":77,"caption":"Organisator"},"image":{"@id":"https:\/\/www.organisator.ch\/#\/schema\/logo\/image\/"},"sameAs":["https:\/\/www.facebook.com\/OrganisatorFachmagazin","https:\/\/www.linkedin.com\/showcase\/organisator-das-magazin-fr-kmu","https:\/\/www.xing.com\/news\/pages\/organisator-ch-695","https:\/\/www.youtube.com\/channel\/UCGP2Sq0iWaZwT3BdIAQFYpw"]},{"@type":"Person","@id":"https:\/\/www.organisator.ch\/#\/schema\/person\/4e51799071cd2dd1232ac003643ef5f0","name":"galledia","image":{"@type":"ImageObject","inLanguage":"it-IT","@id":"https:\/\/secure.gravatar.com\/avatar\/78a7f90c01fc2bfc875782a0d4922b37cde2cf184ce347b91316d23cd7f69a36?s=96&d=mm&r=g","url":"https:\/\/secure.gravatar.com\/avatar\/78a7f90c01fc2bfc875782a0d4922b37cde2cf184ce347b91316d23cd7f69a36?s=96&d=mm&r=g","contentUrl":"https:\/\/secure.gravatar.com\/avatar\/78a7f90c01fc2bfc875782a0d4922b37cde2cf184ce347b91316d23cd7f69a36?s=96&d=mm&r=g","caption":"galledia"},"sameAs":["https:\/\/x.com\/admin"],"url":"https:\/\/www.organisator.ch\/it\/author\/galledia\/"}]}},"_links":{"self":[{"href":"https:\/\/www.organisator.ch\/it\/wp-json\/wp\/v2\/posts\/34724","targetHints":{"allow":["GET"]}}],"collection":[{"href":"https:\/\/www.organisator.ch\/it\/wp-json\/wp\/v2\/posts"}],"about":[{"href":"https:\/\/www.organisator.ch\/it\/wp-json\/wp\/v2\/types\/post"}],"author":[{"embeddable":true,"href":"https:\/\/www.organisator.ch\/it\/wp-json\/wp\/v2\/users\/8"}],"replies":[{"embeddable":true,"href":"https:\/\/www.organisator.ch\/it\/wp-json\/wp\/v2\/comments?post=34724"}],"version-history":[{"count":5,"href":"https:\/\/www.organisator.ch\/it\/wp-json\/wp\/v2\/posts\/34724\/revisions"}],"predecessor-version":[{"id":34733,"href":"https:\/\/www.organisator.ch\/it\/wp-json\/wp\/v2\/posts\/34724\/revisions\/34733"}],"wp:attachment":[{"href":"https:\/\/www.organisator.ch\/it\/wp-json\/wp\/v2\/media?parent=34724"}],"wp:term":[{"taxonomy":"category","embeddable":true,"href":"https:\/\/www.organisator.ch\/it\/wp-json\/wp\/v2\/categories?post=34724"},{"taxonomy":"post_tag","embeddable":true,"href":"https:\/\/www.organisator.ch\/it\/wp-json\/wp\/v2\/tags?post=34724"}],"curies":[{"name":"wp","href":"https:\/\/api.w.org\/{rel}","templated":true}]}}