{"id":34820,"date":"2024-12-18T07:16:43","date_gmt":"2024-12-18T06:16:43","guid":{"rendered":"https:\/\/www.markt-kom.com\/?p=228369"},"modified":"2024-12-18T08:20:03","modified_gmt":"2024-12-18T07:20:03","slug":"thjnk-zuerich-ist-neues-mitglied-von-lsa-leading-swiss-agencies","status":"publish","type":"post","link":"https:\/\/www.organisator.ch\/it\/marketing\/2024-12-18\/thjnk-zuerich-ist-neues-mitglied-von-lsa-leading-swiss-agencies\/","title":{"rendered":"Thjnk Zurich \u00e8 un nuovo membro di LSA Leading Swiss Agencies"},"content":{"rendered":"<figure id=\"attachment_217818\" class=\"wp-caption aligncenter\" style=\"width: 1200px;\" aria-describedby=\"caption-attachment-217818\"><a href=\"https:\/\/www.markt-kom.com\/wp-content\/uploads\/2024\/07\/Andrea-Bison-Thjnk-ZH-Kolumne-muk.jpg\"><img class=\"size-full wp-image-217818\" src=\"https:\/\/www.markt-kom.com\/wp-content\/uploads\/2024\/07\/Andrea-Bison-Thjnk-ZH-Kolumne-muk.jpg\" sizes=\"(max-width: 1200px) 100vw, 1200px\" srcset=\"https:\/\/www.markt-kom.com\/wp-content\/uploads\/2024\/07\/Andrea-Bison-Thjnk-ZH-Kolumne-muk.jpg 1200w, https:\/\/www.markt-kom.com\/wp-content\/uploads\/2024\/07\/Andrea-Bison-Thjnk-ZH-Kolumne-muk-600x450.jpg 600w, https:\/\/www.markt-kom.com\/wp-content\/uploads\/2024\/07\/Andrea-Bison-Thjnk-ZH-Kolumne-muk-1024x768.jpg 1024w, https:\/\/www.markt-kom.com\/wp-content\/uploads\/2024\/07\/Andrea-Bison-Thjnk-ZH-Kolumne-muk-768x576.jpg 768w, https:\/\/www.markt-kom.com\/wp-content\/uploads\/2024\/07\/Andrea-Bison-Thjnk-ZH-Kolumne-muk-16x12.jpg 16w, https:\/\/www.markt-kom.com\/wp-content\/uploads\/2024\/07\/Andrea-Bison-Thjnk-ZH-Kolumne-muk-233x175.jpg 233w, https:\/\/www.markt-kom.com\/wp-content\/uploads\/2024\/07\/Andrea-Bison-Thjnk-ZH-Kolumne-muk-467x350.jpg 467w, https:\/\/www.markt-kom.com\/wp-content\/uploads\/2024\/07\/Andrea-Bison-Thjnk-ZH-Kolumne-muk-1000x750.jpg 1000w\" alt=\"\" width=\"1200\" height=\"900\" \/><\/a>\r\n<figcaption id=\"caption-attachment-217818\" class=\"wp-caption-text\">Andrea Bison, Co-CEO di Thjnk Zurich e annunciatore dell'anno in carica. (Immagine: zVg.)<\/figcaption>\r\n<\/figure>\r\n<p>Con sede nel vivace quartiere Kreis 4 di Zurigo, l'agenzia, composta da 44 persone, serve aziende come Swiss, Ochsner Sport, Edelweiss, Helsana, Sunrise e, dal 2024, Migros. Il principio guida \"Un pensiero ha il potere di cambiare tutto\" \u00e8 sia il motto di Thjnk che la sua filosofia di vita, che si manifesta in \"strategie pionieristiche e soluzioni di comunicazione complete\", secondo un comunicato stampa della LSA.<\/p>\r\n<p>La gamma di servizi di Thjnk comprende strategia, campagne, design, contenuti, performance e AI. Grazie al suo pensiero visionario e a una comprensione profondamente radicata della trasformazione, l'agenzia si \u00e8 ritagliata un posto da protagonista nel panorama della comunicazione svizzera.<\/p>\r\n<p>Andrea Bison, co-fondatore e CO-CEO di Thjnk e <a href=\"https:\/\/www.markt-kom.com\/de\/markom\/awards\/andrea-bison-werberin-des-jahres-2024\/\" rel=\"noopener\">\"Inserzionista dell'anno 2024\"<\/a>\u00e8 lieta di entrare a far parte della LSA: \"Sar\u00e0 entusiasmante affrontare i temi e le sfide del nostro settore insieme alle altre agenzie della LSA e plasmare cos\u00ec attivamente il futuro del mondo della comunicazione svizzera\".<\/p>","protected":false},"excerpt":{"rendered":"<p>L'agenzia di strategia di marketing e comunicazione integrata Thjnk Zurich, gestita in proprio, \u00e8 membro di Leading Swiss Agencies LSA, l'associazione delle principali agenzie di comunicazione in Svizzera, dall'inizio di dicembre 2024.<\/p>","protected":false},"author":8,"featured_media":0,"comment_status":"closed","ping_status":"closed","sticky":false,"template":"","format":"standard","meta":{"_acf_changed":false,"_yoast_wpseo_focuskw":"Thjnk Z\u00fcrich","_yoast_wpseo_metadesc":"Thjnk Z\u00fcrich ist neues Mitglied der Leading Swiss Agencies. Die Agentur setzt auf Strategie, Kampagnen, Design und Transformation.","articlekey":"","footnotes":""},"categories":[29],"tags":[4345,3659,339,2873],"class_list":["post-34820","post","type-post","status-publish","format-standard","hentry","category-marketing","tag-business","tag-lsa-leading-swiss-agencies","tag-marketing","tag-thjnk-zuerich"],"acf":[],"yoast_head":"<!-- This site is optimized with the Yoast SEO plugin v27.4 - https:\/\/yoast.com\/product\/yoast-seo-wordpress\/ -->\n<title>Thjnk Z\u00fcrich ist neues Mitglied von LSA Leading Swiss Agencies - Organisator<\/title>\n<meta name=\"description\" content=\"Thjnk Z\u00fcrich ist neues Mitglied der Leading Swiss Agencies. Die Agentur setzt auf Strategie, Kampagnen, Design und Transformation.\" \/>\n<meta name=\"robots\" content=\"index, follow, max-snippet:-1, max-image-preview:large, max-video-preview:-1\" \/>\n<link rel=\"canonical\" href=\"https:\/\/www.organisator.ch\/it\/marketing\/2024-12-18\/thjnk-zuerich-ist-neues-mitglied-von-lsa-leading-swiss-agencies\/\" \/>\n<meta property=\"og:locale\" content=\"it_IT\" \/>\n<meta property=\"og:type\" content=\"article\" \/>\n<meta property=\"og:title\" content=\"Thjnk Z\u00fcrich ist neues Mitglied von LSA Leading Swiss Agencies - Organisator\" \/>\n<meta property=\"og:description\" content=\"Thjnk Z\u00fcrich ist neues Mitglied der Leading Swiss Agencies. Die Agentur setzt auf Strategie, Kampagnen, Design und Transformation.\" \/>\n<meta property=\"og:url\" content=\"https:\/\/www.organisator.ch\/it\/marketing\/2024-12-18\/thjnk-zuerich-ist-neues-mitglied-von-lsa-leading-swiss-agencies\/\" \/>\n<meta property=\"og:site_name\" content=\"Organisator\" \/>\n<meta property=\"article:publisher\" content=\"https:\/\/www.facebook.com\/OrganisatorFachmagazin\" \/>\n<meta property=\"article:published_time\" content=\"2024-12-18T06:16:43+00:00\" \/>\n<meta property=\"article:modified_time\" content=\"2024-12-18T07:20:03+00:00\" \/>\n<meta name=\"author\" content=\"galledia\" \/>\n<meta name=\"twitter:card\" content=\"summary_large_image\" \/>\n<meta name=\"twitter:creator\" content=\"@admin\" \/>\n<script type=\"application\/ld+json\" class=\"yoast-schema-graph\">{\"@context\":\"https:\\\/\\\/schema.org\",\"@graph\":[{\"@type\":\"Article\",\"@id\":\"https:\\\/\\\/www.organisator.ch\\\/marketing\\\/2024-12-18\\\/thjnk-zuerich-ist-neues-mitglied-von-lsa-leading-swiss-agencies\\\/#article\",\"isPartOf\":{\"@id\":\"https:\\\/\\\/www.organisator.ch\\\/marketing\\\/2024-12-18\\\/thjnk-zuerich-ist-neues-mitglied-von-lsa-leading-swiss-agencies\\\/\"},\"author\":{\"name\":\"galledia\",\"@id\":\"https:\\\/\\\/www.organisator.ch\\\/#\\\/schema\\\/person\\\/4e51799071cd2dd1232ac003643ef5f0\"},\"headline\":\"Thjnk Z\u00fcrich ist neues Mitglied von LSA Leading Swiss Agencies\",\"datePublished\":\"2024-12-18T06:16:43+00:00\",\"dateModified\":\"2024-12-18T07:20:03+00:00\",\"mainEntityOfPage\":{\"@id\":\"https:\\\/\\\/www.organisator.ch\\\/marketing\\\/2024-12-18\\\/thjnk-zuerich-ist-neues-mitglied-von-lsa-leading-swiss-agencies\\\/\"},\"wordCount\":168,\"publisher\":{\"@id\":\"https:\\\/\\\/www.organisator.ch\\\/#organization\"},\"image\":{\"@id\":\"https:\\\/\\\/www.organisator.ch\\\/marketing\\\/2024-12-18\\\/thjnk-zuerich-ist-neues-mitglied-von-lsa-leading-swiss-agencies\\\/#primaryimage\"},\"thumbnailUrl\":\"https:\\\/\\\/www.markt-kom.com\\\/wp-content\\\/uploads\\\/2024\\\/07\\\/Andrea-Bison-Thjnk-ZH-Kolumne-muk.jpg\",\"keywords\":[\"Business\",\"LSA Leading Swiss Agencies\",\"Marketing\",\"Thjnk Z\u00fcrich\"],\"articleSection\":[\"MARKETING\"],\"inLanguage\":\"it-IT\"},{\"@type\":\"WebPage\",\"@id\":\"https:\\\/\\\/www.organisator.ch\\\/marketing\\\/2024-12-18\\\/thjnk-zuerich-ist-neues-mitglied-von-lsa-leading-swiss-agencies\\\/\",\"url\":\"https:\\\/\\\/www.organisator.ch\\\/marketing\\\/2024-12-18\\\/thjnk-zuerich-ist-neues-mitglied-von-lsa-leading-swiss-agencies\\\/\",\"name\":\"Thjnk Z\u00fcrich ist neues Mitglied von LSA Leading Swiss Agencies - Organisator\",\"isPartOf\":{\"@id\":\"https:\\\/\\\/www.organisator.ch\\\/#website\"},\"primaryImageOfPage\":{\"@id\":\"https:\\\/\\\/www.organisator.ch\\\/marketing\\\/2024-12-18\\\/thjnk-zuerich-ist-neues-mitglied-von-lsa-leading-swiss-agencies\\\/#primaryimage\"},\"image\":{\"@id\":\"https:\\\/\\\/www.organisator.ch\\\/marketing\\\/2024-12-18\\\/thjnk-zuerich-ist-neues-mitglied-von-lsa-leading-swiss-agencies\\\/#primaryimage\"},\"thumbnailUrl\":\"https:\\\/\\\/www.markt-kom.com\\\/wp-content\\\/uploads\\\/2024\\\/07\\\/Andrea-Bison-Thjnk-ZH-Kolumne-muk.jpg\",\"datePublished\":\"2024-12-18T06:16:43+00:00\",\"dateModified\":\"2024-12-18T07:20:03+00:00\",\"description\":\"Thjnk Z\u00fcrich ist neues Mitglied der Leading Swiss Agencies. Die Agentur setzt auf Strategie, Kampagnen, Design und Transformation.\",\"breadcrumb\":{\"@id\":\"https:\\\/\\\/www.organisator.ch\\\/marketing\\\/2024-12-18\\\/thjnk-zuerich-ist-neues-mitglied-von-lsa-leading-swiss-agencies\\\/#breadcrumb\"},\"inLanguage\":\"it-IT\",\"potentialAction\":[{\"@type\":\"ReadAction\",\"target\":[\"https:\\\/\\\/www.organisator.ch\\\/marketing\\\/2024-12-18\\\/thjnk-zuerich-ist-neues-mitglied-von-lsa-leading-swiss-agencies\\\/\"]}]},{\"@type\":\"ImageObject\",\"inLanguage\":\"it-IT\",\"@id\":\"https:\\\/\\\/www.organisator.ch\\\/marketing\\\/2024-12-18\\\/thjnk-zuerich-ist-neues-mitglied-von-lsa-leading-swiss-agencies\\\/#primaryimage\",\"url\":\"https:\\\/\\\/www.markt-kom.com\\\/wp-content\\\/uploads\\\/2024\\\/07\\\/Andrea-Bison-Thjnk-ZH-Kolumne-muk.jpg\",\"contentUrl\":\"https:\\\/\\\/www.markt-kom.com\\\/wp-content\\\/uploads\\\/2024\\\/07\\\/Andrea-Bison-Thjnk-ZH-Kolumne-muk.jpg\"},{\"@type\":\"BreadcrumbList\",\"@id\":\"https:\\\/\\\/www.organisator.ch\\\/marketing\\\/2024-12-18\\\/thjnk-zuerich-ist-neues-mitglied-von-lsa-leading-swiss-agencies\\\/#breadcrumb\",\"itemListElement\":[{\"@type\":\"ListItem\",\"position\":1,\"name\":\"Home\",\"item\":\"https:\\\/\\\/www.organisator.ch\\\/\"},{\"@type\":\"ListItem\",\"position\":2,\"name\":\"Thjnk Z\u00fcrich ist neues Mitglied von LSA Leading Swiss Agencies\"}]},{\"@type\":\"WebSite\",\"@id\":\"https:\\\/\\\/www.organisator.ch\\\/#website\",\"url\":\"https:\\\/\\\/www.organisator.ch\\\/\",\"name\":\"Organisator\",\"description\":\"Kompetent. Praxisnah. Der ORGANISATOR bereitet in 10 Ausgaben pro Jahr die wesentlichen Themen f\u00fcr F\u00fchrungskr\u00e4fte von KMU auf.\",\"publisher\":{\"@id\":\"https:\\\/\\\/www.organisator.ch\\\/#organization\"},\"potentialAction\":[{\"@type\":\"SearchAction\",\"target\":{\"@type\":\"EntryPoint\",\"urlTemplate\":\"https:\\\/\\\/www.organisator.ch\\\/?s={search_term_string}\"},\"query-input\":{\"@type\":\"PropertyValueSpecification\",\"valueRequired\":true,\"valueName\":\"search_term_string\"}}],\"inLanguage\":\"it-IT\"},{\"@type\":\"Organization\",\"@id\":\"https:\\\/\\\/www.organisator.ch\\\/#organization\",\"name\":\"Organisator\",\"url\":\"https:\\\/\\\/www.organisator.ch\\\/\",\"logo\":{\"@type\":\"ImageObject\",\"inLanguage\":\"it-IT\",\"@id\":\"https:\\\/\\\/www.organisator.ch\\\/#\\\/schema\\\/logo\\\/image\\\/\",\"url\":\"https:\\\/\\\/www.organisator.ch\\\/wp-content\\\/uploads\\\/2022\\\/01\\\/Logo_Organisator_Website.png\",\"contentUrl\":\"https:\\\/\\\/www.organisator.ch\\\/wp-content\\\/uploads\\\/2022\\\/01\\\/Logo_Organisator_Website.png\",\"width\":800,\"height\":77,\"caption\":\"Organisator\"},\"image\":{\"@id\":\"https:\\\/\\\/www.organisator.ch\\\/#\\\/schema\\\/logo\\\/image\\\/\"},\"sameAs\":[\"https:\\\/\\\/www.facebook.com\\\/OrganisatorFachmagazin\",\"https:\\\/\\\/www.linkedin.com\\\/showcase\\\/organisator-das-magazin-fr-kmu\",\"https:\\\/\\\/www.xing.com\\\/news\\\/pages\\\/organisator-ch-695\",\"https:\\\/\\\/www.youtube.com\\\/channel\\\/UCGP2Sq0iWaZwT3BdIAQFYpw\"]},{\"@type\":\"Person\",\"@id\":\"https:\\\/\\\/www.organisator.ch\\\/#\\\/schema\\\/person\\\/4e51799071cd2dd1232ac003643ef5f0\",\"name\":\"galledia\",\"image\":{\"@type\":\"ImageObject\",\"inLanguage\":\"it-IT\",\"@id\":\"https:\\\/\\\/secure.gravatar.com\\\/avatar\\\/78a7f90c01fc2bfc875782a0d4922b37cde2cf184ce347b91316d23cd7f69a36?s=96&d=mm&r=g\",\"url\":\"https:\\\/\\\/secure.gravatar.com\\\/avatar\\\/78a7f90c01fc2bfc875782a0d4922b37cde2cf184ce347b91316d23cd7f69a36?s=96&d=mm&r=g\",\"contentUrl\":\"https:\\\/\\\/secure.gravatar.com\\\/avatar\\\/78a7f90c01fc2bfc875782a0d4922b37cde2cf184ce347b91316d23cd7f69a36?s=96&d=mm&r=g\",\"caption\":\"galledia\"},\"sameAs\":[\"https:\\\/\\\/x.com\\\/admin\"],\"url\":\"https:\\\/\\\/www.organisator.ch\\\/it\\\/author\\\/galledia\\\/\"}]}<\/script>\n<!-- \/ Yoast SEO plugin. -->","yoast_head_json":{"title":"Thjnk Zurigo \u00e8 un nuovo membro di LSA Leading Swiss Agencies - Organizzatore","description":"Thjnk Zurich \u00e8 un nuovo membro delle Leading Swiss Agencies. L'agenzia si occupa di strategia, campagne, design e trasformazione.","robots":{"index":"index","follow":"follow","max-snippet":"max-snippet:-1","max-image-preview":"max-image-preview:large","max-video-preview":"max-video-preview:-1"},"canonical":"https:\/\/www.organisator.ch\/it\/marketing\/2024-12-18\/thjnk-zuerich-ist-neues-mitglied-von-lsa-leading-swiss-agencies\/","og_locale":"it_IT","og_type":"article","og_title":"Thjnk Z\u00fcrich ist neues Mitglied von LSA Leading Swiss Agencies - Organisator","og_description":"Thjnk Z\u00fcrich ist neues Mitglied der Leading Swiss Agencies. Die Agentur setzt auf Strategie, Kampagnen, Design und Transformation.","og_url":"https:\/\/www.organisator.ch\/it\/marketing\/2024-12-18\/thjnk-zuerich-ist-neues-mitglied-von-lsa-leading-swiss-agencies\/","og_site_name":"Organisator","article_publisher":"https:\/\/www.facebook.com\/OrganisatorFachmagazin","article_published_time":"2024-12-18T06:16:43+00:00","article_modified_time":"2024-12-18T07:20:03+00:00","author":"galledia","twitter_card":"summary_large_image","twitter_creator":"@admin","schema":{"@context":"https:\/\/schema.org","@graph":[{"@type":"Article","@id":"https:\/\/www.organisator.ch\/marketing\/2024-12-18\/thjnk-zuerich-ist-neues-mitglied-von-lsa-leading-swiss-agencies\/#article","isPartOf":{"@id":"https:\/\/www.organisator.ch\/marketing\/2024-12-18\/thjnk-zuerich-ist-neues-mitglied-von-lsa-leading-swiss-agencies\/"},"author":{"name":"galledia","@id":"https:\/\/www.organisator.ch\/#\/schema\/person\/4e51799071cd2dd1232ac003643ef5f0"},"headline":"Thjnk Z\u00fcrich ist neues Mitglied von LSA Leading Swiss Agencies","datePublished":"2024-12-18T06:16:43+00:00","dateModified":"2024-12-18T07:20:03+00:00","mainEntityOfPage":{"@id":"https:\/\/www.organisator.ch\/marketing\/2024-12-18\/thjnk-zuerich-ist-neues-mitglied-von-lsa-leading-swiss-agencies\/"},"wordCount":168,"publisher":{"@id":"https:\/\/www.organisator.ch\/#organization"},"image":{"@id":"https:\/\/www.organisator.ch\/marketing\/2024-12-18\/thjnk-zuerich-ist-neues-mitglied-von-lsa-leading-swiss-agencies\/#primaryimage"},"thumbnailUrl":"https:\/\/www.markt-kom.com\/wp-content\/uploads\/2024\/07\/Andrea-Bison-Thjnk-ZH-Kolumne-muk.jpg","keywords":["Business","LSA Leading Swiss Agencies","Marketing","Thjnk Z\u00fcrich"],"articleSection":["MARKETING"],"inLanguage":"it-IT"},{"@type":"WebPage","@id":"https:\/\/www.organisator.ch\/marketing\/2024-12-18\/thjnk-zuerich-ist-neues-mitglied-von-lsa-leading-swiss-agencies\/","url":"https:\/\/www.organisator.ch\/marketing\/2024-12-18\/thjnk-zuerich-ist-neues-mitglied-von-lsa-leading-swiss-agencies\/","name":"Thjnk Zurigo \u00e8 un nuovo membro di LSA Leading Swiss Agencies - Organizzatore","isPartOf":{"@id":"https:\/\/www.organisator.ch\/#website"},"primaryImageOfPage":{"@id":"https:\/\/www.organisator.ch\/marketing\/2024-12-18\/thjnk-zuerich-ist-neues-mitglied-von-lsa-leading-swiss-agencies\/#primaryimage"},"image":{"@id":"https:\/\/www.organisator.ch\/marketing\/2024-12-18\/thjnk-zuerich-ist-neues-mitglied-von-lsa-leading-swiss-agencies\/#primaryimage"},"thumbnailUrl":"https:\/\/www.markt-kom.com\/wp-content\/uploads\/2024\/07\/Andrea-Bison-Thjnk-ZH-Kolumne-muk.jpg","datePublished":"2024-12-18T06:16:43+00:00","dateModified":"2024-12-18T07:20:03+00:00","description":"Thjnk Zurich \u00e8 un nuovo membro delle Leading Swiss Agencies. L'agenzia si occupa di strategia, campagne, design e trasformazione.","breadcrumb":{"@id":"https:\/\/www.organisator.ch\/marketing\/2024-12-18\/thjnk-zuerich-ist-neues-mitglied-von-lsa-leading-swiss-agencies\/#breadcrumb"},"inLanguage":"it-IT","potentialAction":[{"@type":"ReadAction","target":["https:\/\/www.organisator.ch\/marketing\/2024-12-18\/thjnk-zuerich-ist-neues-mitglied-von-lsa-leading-swiss-agencies\/"]}]},{"@type":"ImageObject","inLanguage":"it-IT","@id":"https:\/\/www.organisator.ch\/marketing\/2024-12-18\/thjnk-zuerich-ist-neues-mitglied-von-lsa-leading-swiss-agencies\/#primaryimage","url":"https:\/\/www.markt-kom.com\/wp-content\/uploads\/2024\/07\/Andrea-Bison-Thjnk-ZH-Kolumne-muk.jpg","contentUrl":"https:\/\/www.markt-kom.com\/wp-content\/uploads\/2024\/07\/Andrea-Bison-Thjnk-ZH-Kolumne-muk.jpg"},{"@type":"BreadcrumbList","@id":"https:\/\/www.organisator.ch\/marketing\/2024-12-18\/thjnk-zuerich-ist-neues-mitglied-von-lsa-leading-swiss-agencies\/#breadcrumb","itemListElement":[{"@type":"ListItem","position":1,"name":"Home","item":"https:\/\/www.organisator.ch\/"},{"@type":"ListItem","position":2,"name":"Thjnk Z\u00fcrich ist neues Mitglied von LSA Leading Swiss Agencies"}]},{"@type":"WebSite","@id":"https:\/\/www.organisator.ch\/#website","url":"https:\/\/www.organisator.ch\/","name":"Organizzatore","description":"Competente. Pratico. In 10 numeri all'anno, ORGANISATOR presenta i temi essenziali per i manager delle PMI.","publisher":{"@id":"https:\/\/www.organisator.ch\/#organization"},"potentialAction":[{"@type":"SearchAction","target":{"@type":"EntryPoint","urlTemplate":"https:\/\/www.organisator.ch\/?s={search_term_string}"},"query-input":{"@type":"PropertyValueSpecification","valueRequired":true,"valueName":"search_term_string"}}],"inLanguage":"it-IT"},{"@type":"Organization","@id":"https:\/\/www.organisator.ch\/#organization","name":"Organizzatore","url":"https:\/\/www.organisator.ch\/","logo":{"@type":"ImageObject","inLanguage":"it-IT","@id":"https:\/\/www.organisator.ch\/#\/schema\/logo\/image\/","url":"https:\/\/www.organisator.ch\/wp-content\/uploads\/2022\/01\/Logo_Organisator_Website.png","contentUrl":"https:\/\/www.organisator.ch\/wp-content\/uploads\/2022\/01\/Logo_Organisator_Website.png","width":800,"height":77,"caption":"Organisator"},"image":{"@id":"https:\/\/www.organisator.ch\/#\/schema\/logo\/image\/"},"sameAs":["https:\/\/www.facebook.com\/OrganisatorFachmagazin","https:\/\/www.linkedin.com\/showcase\/organisator-das-magazin-fr-kmu","https:\/\/www.xing.com\/news\/pages\/organisator-ch-695","https:\/\/www.youtube.com\/channel\/UCGP2Sq0iWaZwT3BdIAQFYpw"]},{"@type":"Person","@id":"https:\/\/www.organisator.ch\/#\/schema\/person\/4e51799071cd2dd1232ac003643ef5f0","name":"galledia","image":{"@type":"ImageObject","inLanguage":"it-IT","@id":"https:\/\/secure.gravatar.com\/avatar\/78a7f90c01fc2bfc875782a0d4922b37cde2cf184ce347b91316d23cd7f69a36?s=96&d=mm&r=g","url":"https:\/\/secure.gravatar.com\/avatar\/78a7f90c01fc2bfc875782a0d4922b37cde2cf184ce347b91316d23cd7f69a36?s=96&d=mm&r=g","contentUrl":"https:\/\/secure.gravatar.com\/avatar\/78a7f90c01fc2bfc875782a0d4922b37cde2cf184ce347b91316d23cd7f69a36?s=96&d=mm&r=g","caption":"galledia"},"sameAs":["https:\/\/x.com\/admin"],"url":"https:\/\/www.organisator.ch\/it\/author\/galledia\/"}]}},"_links":{"self":[{"href":"https:\/\/www.organisator.ch\/it\/wp-json\/wp\/v2\/posts\/34820","targetHints":{"allow":["GET"]}}],"collection":[{"href":"https:\/\/www.organisator.ch\/it\/wp-json\/wp\/v2\/posts"}],"about":[{"href":"https:\/\/www.organisator.ch\/it\/wp-json\/wp\/v2\/types\/post"}],"author":[{"embeddable":true,"href":"https:\/\/www.organisator.ch\/it\/wp-json\/wp\/v2\/users\/8"}],"replies":[{"embeddable":true,"href":"https:\/\/www.organisator.ch\/it\/wp-json\/wp\/v2\/comments?post=34820"}],"version-history":[{"count":5,"href":"https:\/\/www.organisator.ch\/it\/wp-json\/wp\/v2\/posts\/34820\/revisions"}],"predecessor-version":[{"id":34837,"href":"https:\/\/www.organisator.ch\/it\/wp-json\/wp\/v2\/posts\/34820\/revisions\/34837"}],"wp:attachment":[{"href":"https:\/\/www.organisator.ch\/it\/wp-json\/wp\/v2\/media?parent=34820"}],"wp:term":[{"taxonomy":"category","embeddable":true,"href":"https:\/\/www.organisator.ch\/it\/wp-json\/wp\/v2\/categories?post=34820"},{"taxonomy":"post_tag","embeddable":true,"href":"https:\/\/www.organisator.ch\/it\/wp-json\/wp\/v2\/tags?post=34820"}],"curies":[{"name":"wp","href":"https:\/\/api.w.org\/{rel}","templated":true}]}}