{"id":34858,"date":"2024-12-19T13:20:53","date_gmt":"2024-12-19T12:20:53","guid":{"rendered":"https:\/\/www.markt-kom.com\/?p=228420"},"modified":"2024-12-19T13:22:24","modified_gmt":"2024-12-19T12:22:24","slug":"feinheit-holt-lucas-bally-fuer-die-politische-strategieberatung","status":"publish","type":"post","link":"https:\/\/www.organisator.ch\/it\/marketing\/2024-12-19\/feinheit-holt-lucas-bally-fuer-die-politische-strategieberatung\/","title":{"rendered":"Feinheit si avvale di Lucas Bally per la consulenza strategica politica"},"content":{"rendered":"<figure id=\"attachment_228421\" class=\"wp-caption aligncenter\" style=\"width: 1200px;\" aria-describedby=\"caption-attachment-228421\"><a href=\"https:\/\/www.markt-kom.com\/wp-content\/uploads\/2024\/12\/20241218_Feinheit_Medienmitteilung_Lucas-Bally_zvg.jpg\"><img class=\"size-full wp-image-228421\" src=\"https:\/\/www.markt-kom.com\/wp-content\/uploads\/2024\/12\/20241218_Feinheit_Medienmitteilung_Lucas-Bally_zvg.jpg\" sizes=\"(max-width: 1200px) 100vw, 1200px\" srcset=\"https:\/\/www.markt-kom.com\/wp-content\/uploads\/2024\/12\/20241218_Feinheit_Medienmitteilung_Lucas-Bally_zvg.jpg 1200w, https:\/\/www.markt-kom.com\/wp-content\/uploads\/2024\/12\/20241218_Feinheit_Medienmitteilung_Lucas-Bally_zvg-600x450.jpg 600w, https:\/\/www.markt-kom.com\/wp-content\/uploads\/2024\/12\/20241218_Feinheit_Medienmitteilung_Lucas-Bally_zvg-1024x768.jpg 1024w, https:\/\/www.markt-kom.com\/wp-content\/uploads\/2024\/12\/20241218_Feinheit_Medienmitteilung_Lucas-Bally_zvg-768x576.jpg 768w, https:\/\/www.markt-kom.com\/wp-content\/uploads\/2024\/12\/20241218_Feinheit_Medienmitteilung_Lucas-Bally_zvg-16x12.jpg 16w, https:\/\/www.markt-kom.com\/wp-content\/uploads\/2024\/12\/20241218_Feinheit_Medienmitteilung_Lucas-Bally_zvg-233x175.jpg 233w, https:\/\/www.markt-kom.com\/wp-content\/uploads\/2024\/12\/20241218_Feinheit_Medienmitteilung_Lucas-Bally_zvg-467x350.jpg 467w, https:\/\/www.markt-kom.com\/wp-content\/uploads\/2024\/12\/20241218_Feinheit_Medienmitteilung_Lucas-Bally_zvg-1000x750.jpg 1000w\" alt=\"\" width=\"1200\" height=\"900\" \/><\/a>\r\n<figcaption id=\"caption-attachment-228421\" class=\"wp-caption-text\">(Immagine: zVg.)<\/figcaption>\r\n<\/figure>\r\n<p>Lucas Bally lavora come consulente di strategia e comunicazione presso Feinheit. Ha una vasta esperienza nella pubblica amministrazione. Bally ha lavorato per nove anni presso il Dipartimento Edilizia della Citt\u00e0 di Zurigo, da ultimo come responsabile della comunicazione. Di conseguenza, il 47enne conosce bene il sistema politico, il panorama mediatico e i processi amministrativi. \"Ci\u00f2 che mi attrae del mio nuovo ruolo alla Feinheit \u00e8 che posso agire al di l\u00e0 della scena politica comunale e lavorare su nuovi temi\", afferma Lucas Bally.<\/p>\r\n<h3><strong>Rinforzo importante<\/strong><\/h3>\r\n<p>La nomina di Lucas Bally arriva al momento giusto per l'agenzia: Feinheit ha annunciato all'inizio del 2024 che avrebbe rafforzato la sua consulenza di strategia politica per autorit\u00e0, organizzazioni e aziende. \"Lucas \u00e8 l'aggiunta ideale al team esistente. Con lui possiamo sfruttare ancora meglio i nostri punti di forza nell'analisi politica, nella strategia e nella comunicazione\", afferma Isabelle Bamert, partner dell'agenzia.<\/p>\r\n<p>Nato a Basilea, porta con s\u00e9 numerose altre competenze che pu\u00f2 utilizzare in Feinheit: Dopo aver conseguito un master in giornalismo, sociologia e informatica all'Universit\u00e0 di Zurigo, ha lavorato inizialmente per una start-up di Internet. Si \u00e8 poi trasferito alla Radiotelevisione svizzera, dove ha gestito progetti online e ha introdotto la prima strategia di social media trasversale a tutti i dipartimenti.<\/p>","protected":false},"excerpt":{"rendered":"<p>Feinheit si era prefissata l'obiettivo di espandere la propria consulenza strategica politica nel 2024. A tal fine, l'agenzia ha coinvolto Lucas Bally come membro del team di consulenza. In precedenza ha lavorato come responsabile della comunicazione presso il Dipartimento Edilizia della citt\u00e0 di Zurigo.<\/p>","protected":false},"author":8,"featured_media":0,"comment_status":"closed","ping_status":"closed","sticky":false,"template":"","format":"standard","meta":{"_acf_changed":false,"_yoast_wpseo_focuskw":"Lucas Bally","_yoast_wpseo_metadesc":"Feinheit verst\u00e4rkt das Team mit Lucas Bally, Experte f\u00fcr politische Strategieberatung. Ziel: Ausbau der Beratung f\u00fcr Beh\u00f6rden und Organisationen.","articlekey":"","footnotes":""},"categories":[29],"tags":[4345,4287,2853],"class_list":["post-34858","post","type-post","status-publish","format-standard","hentry","category-marketing","tag-business","tag-feinheit","tag-jobchange"],"acf":[],"yoast_head":"<!-- This site is optimized with the Yoast SEO plugin v27.4 - https:\/\/yoast.com\/product\/yoast-seo-wordpress\/ -->\n<title>Feinheit holt Lucas Bally f\u00fcr die politische Strategieberatung - Organisator<\/title>\n<meta name=\"description\" content=\"Feinheit verst\u00e4rkt das Team mit Lucas Bally, Experte f\u00fcr politische Strategieberatung. Ziel: Ausbau der Beratung f\u00fcr Beh\u00f6rden und Organisationen.\" \/>\n<meta name=\"robots\" content=\"index, follow, max-snippet:-1, max-image-preview:large, max-video-preview:-1\" \/>\n<link rel=\"canonical\" href=\"https:\/\/www.organisator.ch\/it\/marketing\/2024-12-19\/feinheit-holt-lucas-bally-fuer-die-politische-strategieberatung\/\" \/>\n<meta property=\"og:locale\" content=\"it_IT\" \/>\n<meta property=\"og:type\" content=\"article\" \/>\n<meta property=\"og:title\" content=\"Feinheit holt Lucas Bally f\u00fcr die politische Strategieberatung - Organisator\" \/>\n<meta property=\"og:description\" content=\"Feinheit verst\u00e4rkt das Team mit Lucas Bally, Experte f\u00fcr politische Strategieberatung. Ziel: Ausbau der Beratung f\u00fcr Beh\u00f6rden und Organisationen.\" \/>\n<meta property=\"og:url\" content=\"https:\/\/www.organisator.ch\/it\/marketing\/2024-12-19\/feinheit-holt-lucas-bally-fuer-die-politische-strategieberatung\/\" \/>\n<meta property=\"og:site_name\" content=\"Organisator\" \/>\n<meta property=\"article:publisher\" content=\"https:\/\/www.facebook.com\/OrganisatorFachmagazin\" \/>\n<meta property=\"article:published_time\" content=\"2024-12-19T12:20:53+00:00\" \/>\n<meta property=\"article:modified_time\" content=\"2024-12-19T12:22:24+00:00\" \/>\n<meta name=\"author\" content=\"galledia\" \/>\n<meta name=\"twitter:card\" content=\"summary_large_image\" \/>\n<meta name=\"twitter:creator\" content=\"@admin\" \/>\n<script type=\"application\/ld+json\" class=\"yoast-schema-graph\">{\"@context\":\"https:\\\/\\\/schema.org\",\"@graph\":[{\"@type\":\"Article\",\"@id\":\"https:\\\/\\\/www.organisator.ch\\\/marketing\\\/2024-12-19\\\/feinheit-holt-lucas-bally-fuer-die-politische-strategieberatung\\\/#article\",\"isPartOf\":{\"@id\":\"https:\\\/\\\/www.organisator.ch\\\/marketing\\\/2024-12-19\\\/feinheit-holt-lucas-bally-fuer-die-politische-strategieberatung\\\/\"},\"author\":{\"name\":\"galledia\",\"@id\":\"https:\\\/\\\/www.organisator.ch\\\/#\\\/schema\\\/person\\\/4e51799071cd2dd1232ac003643ef5f0\"},\"headline\":\"Feinheit holt Lucas Bally f\u00fcr die politische Strategieberatung\",\"datePublished\":\"2024-12-19T12:20:53+00:00\",\"dateModified\":\"2024-12-19T12:22:24+00:00\",\"mainEntityOfPage\":{\"@id\":\"https:\\\/\\\/www.organisator.ch\\\/marketing\\\/2024-12-19\\\/feinheit-holt-lucas-bally-fuer-die-politische-strategieberatung\\\/\"},\"wordCount\":214,\"publisher\":{\"@id\":\"https:\\\/\\\/www.organisator.ch\\\/#organization\"},\"image\":{\"@id\":\"https:\\\/\\\/www.organisator.ch\\\/marketing\\\/2024-12-19\\\/feinheit-holt-lucas-bally-fuer-die-politische-strategieberatung\\\/#primaryimage\"},\"thumbnailUrl\":\"https:\\\/\\\/www.markt-kom.com\\\/wp-content\\\/uploads\\\/2024\\\/12\\\/20241218_Feinheit_Medienmitteilung_Lucas-Bally_zvg.jpg\",\"keywords\":[\"Business\",\"Feinheit\",\"Jobchange\"],\"articleSection\":[\"MARKETING\"],\"inLanguage\":\"it-IT\"},{\"@type\":\"WebPage\",\"@id\":\"https:\\\/\\\/www.organisator.ch\\\/marketing\\\/2024-12-19\\\/feinheit-holt-lucas-bally-fuer-die-politische-strategieberatung\\\/\",\"url\":\"https:\\\/\\\/www.organisator.ch\\\/marketing\\\/2024-12-19\\\/feinheit-holt-lucas-bally-fuer-die-politische-strategieberatung\\\/\",\"name\":\"Feinheit holt Lucas Bally f\u00fcr die politische Strategieberatung - Organisator\",\"isPartOf\":{\"@id\":\"https:\\\/\\\/www.organisator.ch\\\/#website\"},\"primaryImageOfPage\":{\"@id\":\"https:\\\/\\\/www.organisator.ch\\\/marketing\\\/2024-12-19\\\/feinheit-holt-lucas-bally-fuer-die-politische-strategieberatung\\\/#primaryimage\"},\"image\":{\"@id\":\"https:\\\/\\\/www.organisator.ch\\\/marketing\\\/2024-12-19\\\/feinheit-holt-lucas-bally-fuer-die-politische-strategieberatung\\\/#primaryimage\"},\"thumbnailUrl\":\"https:\\\/\\\/www.markt-kom.com\\\/wp-content\\\/uploads\\\/2024\\\/12\\\/20241218_Feinheit_Medienmitteilung_Lucas-Bally_zvg.jpg\",\"datePublished\":\"2024-12-19T12:20:53+00:00\",\"dateModified\":\"2024-12-19T12:22:24+00:00\",\"description\":\"Feinheit verst\u00e4rkt das Team mit Lucas Bally, Experte f\u00fcr politische Strategieberatung. Ziel: Ausbau der Beratung f\u00fcr Beh\u00f6rden und Organisationen.\",\"breadcrumb\":{\"@id\":\"https:\\\/\\\/www.organisator.ch\\\/marketing\\\/2024-12-19\\\/feinheit-holt-lucas-bally-fuer-die-politische-strategieberatung\\\/#breadcrumb\"},\"inLanguage\":\"it-IT\",\"potentialAction\":[{\"@type\":\"ReadAction\",\"target\":[\"https:\\\/\\\/www.organisator.ch\\\/marketing\\\/2024-12-19\\\/feinheit-holt-lucas-bally-fuer-die-politische-strategieberatung\\\/\"]}]},{\"@type\":\"ImageObject\",\"inLanguage\":\"it-IT\",\"@id\":\"https:\\\/\\\/www.organisator.ch\\\/marketing\\\/2024-12-19\\\/feinheit-holt-lucas-bally-fuer-die-politische-strategieberatung\\\/#primaryimage\",\"url\":\"https:\\\/\\\/www.markt-kom.com\\\/wp-content\\\/uploads\\\/2024\\\/12\\\/20241218_Feinheit_Medienmitteilung_Lucas-Bally_zvg.jpg\",\"contentUrl\":\"https:\\\/\\\/www.markt-kom.com\\\/wp-content\\\/uploads\\\/2024\\\/12\\\/20241218_Feinheit_Medienmitteilung_Lucas-Bally_zvg.jpg\"},{\"@type\":\"BreadcrumbList\",\"@id\":\"https:\\\/\\\/www.organisator.ch\\\/marketing\\\/2024-12-19\\\/feinheit-holt-lucas-bally-fuer-die-politische-strategieberatung\\\/#breadcrumb\",\"itemListElement\":[{\"@type\":\"ListItem\",\"position\":1,\"name\":\"Home\",\"item\":\"https:\\\/\\\/www.organisator.ch\\\/\"},{\"@type\":\"ListItem\",\"position\":2,\"name\":\"Feinheit holt Lucas Bally f\u00fcr die politische Strategieberatung\"}]},{\"@type\":\"WebSite\",\"@id\":\"https:\\\/\\\/www.organisator.ch\\\/#website\",\"url\":\"https:\\\/\\\/www.organisator.ch\\\/\",\"name\":\"Organisator\",\"description\":\"Kompetent. Praxisnah. Der ORGANISATOR bereitet in 10 Ausgaben pro Jahr die wesentlichen Themen f\u00fcr F\u00fchrungskr\u00e4fte von KMU auf.\",\"publisher\":{\"@id\":\"https:\\\/\\\/www.organisator.ch\\\/#organization\"},\"potentialAction\":[{\"@type\":\"SearchAction\",\"target\":{\"@type\":\"EntryPoint\",\"urlTemplate\":\"https:\\\/\\\/www.organisator.ch\\\/?s={search_term_string}\"},\"query-input\":{\"@type\":\"PropertyValueSpecification\",\"valueRequired\":true,\"valueName\":\"search_term_string\"}}],\"inLanguage\":\"it-IT\"},{\"@type\":\"Organization\",\"@id\":\"https:\\\/\\\/www.organisator.ch\\\/#organization\",\"name\":\"Organisator\",\"url\":\"https:\\\/\\\/www.organisator.ch\\\/\",\"logo\":{\"@type\":\"ImageObject\",\"inLanguage\":\"it-IT\",\"@id\":\"https:\\\/\\\/www.organisator.ch\\\/#\\\/schema\\\/logo\\\/image\\\/\",\"url\":\"https:\\\/\\\/www.organisator.ch\\\/wp-content\\\/uploads\\\/2022\\\/01\\\/Logo_Organisator_Website.png\",\"contentUrl\":\"https:\\\/\\\/www.organisator.ch\\\/wp-content\\\/uploads\\\/2022\\\/01\\\/Logo_Organisator_Website.png\",\"width\":800,\"height\":77,\"caption\":\"Organisator\"},\"image\":{\"@id\":\"https:\\\/\\\/www.organisator.ch\\\/#\\\/schema\\\/logo\\\/image\\\/\"},\"sameAs\":[\"https:\\\/\\\/www.facebook.com\\\/OrganisatorFachmagazin\",\"https:\\\/\\\/www.linkedin.com\\\/showcase\\\/organisator-das-magazin-fr-kmu\",\"https:\\\/\\\/www.xing.com\\\/news\\\/pages\\\/organisator-ch-695\",\"https:\\\/\\\/www.youtube.com\\\/channel\\\/UCGP2Sq0iWaZwT3BdIAQFYpw\"]},{\"@type\":\"Person\",\"@id\":\"https:\\\/\\\/www.organisator.ch\\\/#\\\/schema\\\/person\\\/4e51799071cd2dd1232ac003643ef5f0\",\"name\":\"galledia\",\"image\":{\"@type\":\"ImageObject\",\"inLanguage\":\"it-IT\",\"@id\":\"https:\\\/\\\/secure.gravatar.com\\\/avatar\\\/78a7f90c01fc2bfc875782a0d4922b37cde2cf184ce347b91316d23cd7f69a36?s=96&d=mm&r=g\",\"url\":\"https:\\\/\\\/secure.gravatar.com\\\/avatar\\\/78a7f90c01fc2bfc875782a0d4922b37cde2cf184ce347b91316d23cd7f69a36?s=96&d=mm&r=g\",\"contentUrl\":\"https:\\\/\\\/secure.gravatar.com\\\/avatar\\\/78a7f90c01fc2bfc875782a0d4922b37cde2cf184ce347b91316d23cd7f69a36?s=96&d=mm&r=g\",\"caption\":\"galledia\"},\"sameAs\":[\"https:\\\/\\\/x.com\\\/admin\"],\"url\":\"https:\\\/\\\/www.organisator.ch\\\/it\\\/author\\\/galledia\\\/\"}]}<\/script>\n<!-- \/ Yoast SEO plugin. -->","yoast_head_json":{"title":"La Feinheit si avvale della consulenza di Lucas Bally per la strategia politica - Organizzatore","description":"Feinheit rafforza il team con Lucas Bally, esperto di consulenza strategica politica. Obiettivo: espansione della consulenza per autorit\u00e0 e organizzazioni.","robots":{"index":"index","follow":"follow","max-snippet":"max-snippet:-1","max-image-preview":"max-image-preview:large","max-video-preview":"max-video-preview:-1"},"canonical":"https:\/\/www.organisator.ch\/it\/marketing\/2024-12-19\/feinheit-holt-lucas-bally-fuer-die-politische-strategieberatung\/","og_locale":"it_IT","og_type":"article","og_title":"Feinheit holt Lucas Bally f\u00fcr die politische Strategieberatung - Organisator","og_description":"Feinheit verst\u00e4rkt das Team mit Lucas Bally, Experte f\u00fcr politische Strategieberatung. Ziel: Ausbau der Beratung f\u00fcr Beh\u00f6rden und Organisationen.","og_url":"https:\/\/www.organisator.ch\/it\/marketing\/2024-12-19\/feinheit-holt-lucas-bally-fuer-die-politische-strategieberatung\/","og_site_name":"Organisator","article_publisher":"https:\/\/www.facebook.com\/OrganisatorFachmagazin","article_published_time":"2024-12-19T12:20:53+00:00","article_modified_time":"2024-12-19T12:22:24+00:00","author":"galledia","twitter_card":"summary_large_image","twitter_creator":"@admin","schema":{"@context":"https:\/\/schema.org","@graph":[{"@type":"Article","@id":"https:\/\/www.organisator.ch\/marketing\/2024-12-19\/feinheit-holt-lucas-bally-fuer-die-politische-strategieberatung\/#article","isPartOf":{"@id":"https:\/\/www.organisator.ch\/marketing\/2024-12-19\/feinheit-holt-lucas-bally-fuer-die-politische-strategieberatung\/"},"author":{"name":"galledia","@id":"https:\/\/www.organisator.ch\/#\/schema\/person\/4e51799071cd2dd1232ac003643ef5f0"},"headline":"Feinheit holt Lucas Bally f\u00fcr die politische Strategieberatung","datePublished":"2024-12-19T12:20:53+00:00","dateModified":"2024-12-19T12:22:24+00:00","mainEntityOfPage":{"@id":"https:\/\/www.organisator.ch\/marketing\/2024-12-19\/feinheit-holt-lucas-bally-fuer-die-politische-strategieberatung\/"},"wordCount":214,"publisher":{"@id":"https:\/\/www.organisator.ch\/#organization"},"image":{"@id":"https:\/\/www.organisator.ch\/marketing\/2024-12-19\/feinheit-holt-lucas-bally-fuer-die-politische-strategieberatung\/#primaryimage"},"thumbnailUrl":"https:\/\/www.markt-kom.com\/wp-content\/uploads\/2024\/12\/20241218_Feinheit_Medienmitteilung_Lucas-Bally_zvg.jpg","keywords":["Business","Feinheit","Jobchange"],"articleSection":["MARKETING"],"inLanguage":"it-IT"},{"@type":"WebPage","@id":"https:\/\/www.organisator.ch\/marketing\/2024-12-19\/feinheit-holt-lucas-bally-fuer-die-politische-strategieberatung\/","url":"https:\/\/www.organisator.ch\/marketing\/2024-12-19\/feinheit-holt-lucas-bally-fuer-die-politische-strategieberatung\/","name":"La Feinheit si avvale della consulenza di Lucas Bally per la strategia politica - Organizzatore","isPartOf":{"@id":"https:\/\/www.organisator.ch\/#website"},"primaryImageOfPage":{"@id":"https:\/\/www.organisator.ch\/marketing\/2024-12-19\/feinheit-holt-lucas-bally-fuer-die-politische-strategieberatung\/#primaryimage"},"image":{"@id":"https:\/\/www.organisator.ch\/marketing\/2024-12-19\/feinheit-holt-lucas-bally-fuer-die-politische-strategieberatung\/#primaryimage"},"thumbnailUrl":"https:\/\/www.markt-kom.com\/wp-content\/uploads\/2024\/12\/20241218_Feinheit_Medienmitteilung_Lucas-Bally_zvg.jpg","datePublished":"2024-12-19T12:20:53+00:00","dateModified":"2024-12-19T12:22:24+00:00","description":"Feinheit rafforza il team con Lucas Bally, esperto di consulenza strategica politica. Obiettivo: espansione della consulenza per autorit\u00e0 e organizzazioni.","breadcrumb":{"@id":"https:\/\/www.organisator.ch\/marketing\/2024-12-19\/feinheit-holt-lucas-bally-fuer-die-politische-strategieberatung\/#breadcrumb"},"inLanguage":"it-IT","potentialAction":[{"@type":"ReadAction","target":["https:\/\/www.organisator.ch\/marketing\/2024-12-19\/feinheit-holt-lucas-bally-fuer-die-politische-strategieberatung\/"]}]},{"@type":"ImageObject","inLanguage":"it-IT","@id":"https:\/\/www.organisator.ch\/marketing\/2024-12-19\/feinheit-holt-lucas-bally-fuer-die-politische-strategieberatung\/#primaryimage","url":"https:\/\/www.markt-kom.com\/wp-content\/uploads\/2024\/12\/20241218_Feinheit_Medienmitteilung_Lucas-Bally_zvg.jpg","contentUrl":"https:\/\/www.markt-kom.com\/wp-content\/uploads\/2024\/12\/20241218_Feinheit_Medienmitteilung_Lucas-Bally_zvg.jpg"},{"@type":"BreadcrumbList","@id":"https:\/\/www.organisator.ch\/marketing\/2024-12-19\/feinheit-holt-lucas-bally-fuer-die-politische-strategieberatung\/#breadcrumb","itemListElement":[{"@type":"ListItem","position":1,"name":"Home","item":"https:\/\/www.organisator.ch\/"},{"@type":"ListItem","position":2,"name":"Feinheit holt Lucas Bally f\u00fcr die politische Strategieberatung"}]},{"@type":"WebSite","@id":"https:\/\/www.organisator.ch\/#website","url":"https:\/\/www.organisator.ch\/","name":"Organizzatore","description":"Competente. Pratico. In 10 numeri all'anno, ORGANISATOR presenta i temi essenziali per i manager delle PMI.","publisher":{"@id":"https:\/\/www.organisator.ch\/#organization"},"potentialAction":[{"@type":"SearchAction","target":{"@type":"EntryPoint","urlTemplate":"https:\/\/www.organisator.ch\/?s={search_term_string}"},"query-input":{"@type":"PropertyValueSpecification","valueRequired":true,"valueName":"search_term_string"}}],"inLanguage":"it-IT"},{"@type":"Organization","@id":"https:\/\/www.organisator.ch\/#organization","name":"Organizzatore","url":"https:\/\/www.organisator.ch\/","logo":{"@type":"ImageObject","inLanguage":"it-IT","@id":"https:\/\/www.organisator.ch\/#\/schema\/logo\/image\/","url":"https:\/\/www.organisator.ch\/wp-content\/uploads\/2022\/01\/Logo_Organisator_Website.png","contentUrl":"https:\/\/www.organisator.ch\/wp-content\/uploads\/2022\/01\/Logo_Organisator_Website.png","width":800,"height":77,"caption":"Organisator"},"image":{"@id":"https:\/\/www.organisator.ch\/#\/schema\/logo\/image\/"},"sameAs":["https:\/\/www.facebook.com\/OrganisatorFachmagazin","https:\/\/www.linkedin.com\/showcase\/organisator-das-magazin-fr-kmu","https:\/\/www.xing.com\/news\/pages\/organisator-ch-695","https:\/\/www.youtube.com\/channel\/UCGP2Sq0iWaZwT3BdIAQFYpw"]},{"@type":"Person","@id":"https:\/\/www.organisator.ch\/#\/schema\/person\/4e51799071cd2dd1232ac003643ef5f0","name":"galledia","image":{"@type":"ImageObject","inLanguage":"it-IT","@id":"https:\/\/secure.gravatar.com\/avatar\/78a7f90c01fc2bfc875782a0d4922b37cde2cf184ce347b91316d23cd7f69a36?s=96&d=mm&r=g","url":"https:\/\/secure.gravatar.com\/avatar\/78a7f90c01fc2bfc875782a0d4922b37cde2cf184ce347b91316d23cd7f69a36?s=96&d=mm&r=g","contentUrl":"https:\/\/secure.gravatar.com\/avatar\/78a7f90c01fc2bfc875782a0d4922b37cde2cf184ce347b91316d23cd7f69a36?s=96&d=mm&r=g","caption":"galledia"},"sameAs":["https:\/\/x.com\/admin"],"url":"https:\/\/www.organisator.ch\/it\/author\/galledia\/"}]}},"_links":{"self":[{"href":"https:\/\/www.organisator.ch\/it\/wp-json\/wp\/v2\/posts\/34858","targetHints":{"allow":["GET"]}}],"collection":[{"href":"https:\/\/www.organisator.ch\/it\/wp-json\/wp\/v2\/posts"}],"about":[{"href":"https:\/\/www.organisator.ch\/it\/wp-json\/wp\/v2\/types\/post"}],"author":[{"embeddable":true,"href":"https:\/\/www.organisator.ch\/it\/wp-json\/wp\/v2\/users\/8"}],"replies":[{"embeddable":true,"href":"https:\/\/www.organisator.ch\/it\/wp-json\/wp\/v2\/comments?post=34858"}],"version-history":[{"count":4,"href":"https:\/\/www.organisator.ch\/it\/wp-json\/wp\/v2\/posts\/34858\/revisions"}],"predecessor-version":[{"id":34879,"href":"https:\/\/www.organisator.ch\/it\/wp-json\/wp\/v2\/posts\/34858\/revisions\/34879"}],"wp:attachment":[{"href":"https:\/\/www.organisator.ch\/it\/wp-json\/wp\/v2\/media?parent=34858"}],"wp:term":[{"taxonomy":"category","embeddable":true,"href":"https:\/\/www.organisator.ch\/it\/wp-json\/wp\/v2\/categories?post=34858"},{"taxonomy":"post_tag","embeddable":true,"href":"https:\/\/www.organisator.ch\/it\/wp-json\/wp\/v2\/tags?post=34858"}],"curies":[{"name":"wp","href":"https:\/\/api.w.org\/{rel}","templated":true}]}}