{"id":3487,"date":"2018-04-23T08:05:44","date_gmt":"2018-04-23T06:05:44","guid":{"rendered":"https:\/\/www.organisator.ch\/?p=3487"},"modified":"2018-04-23T08:05:44","modified_gmt":"2018-04-23T06:05:44","slug":"randstad-award-feiert-5-jahr-jubilaeum","status":"publish","type":"post","link":"https:\/\/www.organisator.ch\/it\/human-resources\/hrm\/2018-04-23\/randstad-award-feiert-5-jahr-jubilaeum\/","title":{"rendered":"Il premio Randstad celebra un anniversario di 5 anni"},"content":{"rendered":"<figure id=\"attachment_3488\" aria-describedby=\"caption-attachment-3488\" style=\"width: 533px\" class=\"wp-caption alignnone\"><img loading=\"lazy\" decoding=\"async\" class=\"size-full wp-image-3488\" src=\"https:\/\/www.organisator.ch\/wp-content\/uploads\/2018\/04\/Randstad-Award-feiert-5-Jahr-Jubilaeum_Organisator.jpg\" alt=\"\" width=\"533\" height=\"480\" srcset=\"https:\/\/www.organisator.ch\/wp-content\/uploads\/2018\/04\/Randstad-Award-feiert-5-Jahr-Jubilaeum_Organisator.jpg 533w, https:\/\/www.organisator.ch\/wp-content\/uploads\/2018\/04\/Randstad-Award-feiert-5-Jahr-Jubilaeum_Organisator-13x12.jpg 13w, https:\/\/www.organisator.ch\/wp-content\/uploads\/2018\/04\/Randstad-Award-feiert-5-Jahr-Jubilaeum_Organisator-194x175.jpg 194w, https:\/\/www.organisator.ch\/wp-content\/uploads\/2018\/04\/Randstad-Award-feiert-5-Jahr-Jubilaeum_Organisator-389x350.jpg 389w, https:\/\/www.organisator.ch\/wp-content\/uploads\/2018\/04\/Randstad-Award-feiert-5-Jahr-Jubilaeum_Organisator-300x270.jpg 300w\" sizes=\"auto, (max-width: 533px) 100vw, 533px\" \/><figcaption id=\"caption-attachment-3488\" class=\"wp-caption-text\">Il 25 aprile verr\u00e0 consegnato il Randstad Award al datore di lavoro pi\u00f9 attraente. (Immagine: Randstad)<\/figcaption><\/figure>\n<p>Cosa conta davvero per i candidati quando cercano un nuovo datore di lavoro? Cosa spinge i dipendenti a rimanere o a lasciare il proprio lavoro? E quale azienda gli svizzeri considerano il datore di lavoro pi\u00f9 attraente del Paese? Queste domande sono esaminate nell'Employer Branding Study e troveranno risposta il 25 aprile in occasione della Randstad Award Night.<\/p>\n<h2><b>Nuovo vincitore<\/b><\/h2>\n<p>Negli ultimi cinque anni, il vincitore \u00e8 stato tre volte lo stesso: Google Svizzera. Quindi \u00e8 gi\u00e0 chiaro che nel 2018 ci sar\u00e0 un nuovo datore di lavoro pi\u00f9 attraente. Perch\u00e9 il regolamento prevede che un'azienda possa vincere solo tre volte nell'arco di cinque anni. Chi vincer\u00e0 il premio quest'anno sar\u00e0 annunciato il 25 aprile.<\/p>\n<h2><b>Il Premio Randstad - riconoscimento e incentivo<\/b><\/h2>\n<p>Il Randstad Award \u00e8 il premio assegnato ogni anno all'azienda con la migliore immagine di datore di lavoro. Per i vincitori, si tratta di un riconoscimento per l'attenta coltivazione del loro marchio. Ma il premio dovrebbe anche essere una motivazione per tutte le aziende a lavorare in modo permanente e intensivo sulla loro immagine di datori di lavoro attraenti.<b><\/b><\/p>\n<h2>Studio completo sull'employer branding<\/h2>\n<p>Nell'ambito di una ricerca mondiale sul marchio del datore di lavoro, ai potenziali dipendenti di et\u00e0 compresa tra i 18 e i 65 anni viene chiesto di valutare l'attrattiva delle 150 maggiori aziende del loro Paese. Alla fine il risultato \u00e8 il datore di lavoro pi\u00f9 attraente della Svizzera, che viene premiato con il Randstad Award durante l'esclusivo evento di networking. Lo studio fornisce risultati completi sull'employer branding e aiuta le aziende a capire come vengono percepite come datore di lavoro.<\/p>\n<p><em>Fonte: <a href=\"http:\/\/www.randstad.ch\">Randstad<\/a><\/em><\/p>","protected":false},"excerpt":{"rendered":"<p>Worauf kommt es Bewerbern wirklich an, wenn sie \u00a0nach einem neuen Arbeitgeber suchen? Was bewegt Mitarbeitende dazu, bei ihrem Job zu bleiben oder diesen zu verlassen? Und welches Unternehmen bewerten Schweizerinnen und Schweizer als attraktivsten Arbeitgeber des Landes? Diese Fragen werden in der Employer Branding Studie untersucht und am 25. April an der Randstad Award [&hellip;]<\/p>\n","protected":false},"author":4,"featured_media":3488,"comment_status":"open","ping_status":"open","sticky":false,"template":"","format":"standard","meta":{"_acf_changed":false,"_yoast_wpseo_focuskw":"Randstad Award","_yoast_wpseo_metadesc":"Am 25. April 2018 zeichnet Randstad zum f\u00fcnften Mal den attraktivsten Arbeitgeber der Schweiz mit dem Randstad Award aus. Welches Unternehmen dieses Jahr als Gewinner hervorgeht, wird im Rahmen einer feierlichen Award Verleihung und einem exklusiven Networking Event im \u00abAura\u00bb in Z\u00fcrich preisgegeben.","articlekey":"","footnotes":""},"categories":[26],"tags":[66,254,334,508],"class_list":["post-3487","post","type-post","status-publish","format-standard","has-post-thumbnail","hentry","category-hrm","tag-awards","tag-hrm","tag-management","tag-vermischtes"],"acf":[],"yoast_head":"<!-- This site is optimized with the Yoast SEO plugin v27.5 - https:\/\/yoast.com\/product\/yoast-seo-wordpress\/ -->\n<title>Randstad Award feiert 5-Jahr-Jubil\u00e4um - Organisator<\/title>\n<meta name=\"description\" content=\"Am 25. April 2018 zeichnet Randstad zum f\u00fcnften Mal den attraktivsten Arbeitgeber der Schweiz mit dem Randstad Award aus. Welches Unternehmen dieses Jahr als Gewinner hervorgeht, wird im Rahmen einer feierlichen Award Verleihung und einem exklusiven Networking Event im \u00abAura\u00bb in Z\u00fcrich preisgegeben.\" \/>\n<meta name=\"robots\" content=\"index, follow, max-snippet:-1, max-image-preview:large, max-video-preview:-1\" \/>\n<link rel=\"canonical\" href=\"https:\/\/www.organisator.ch\/it\/risorse-umane\/hrm\/2018-04-23\/randstad-award-feiert-5-jahr-jubilaeum\/\" \/>\n<meta property=\"og:locale\" content=\"it_IT\" \/>\n<meta property=\"og:type\" content=\"article\" \/>\n<meta property=\"og:title\" content=\"Randstad Award feiert 5-Jahr-Jubil\u00e4um\" \/>\n<meta property=\"og:description\" content=\"Am 25. April 2018 zeichnet Randstad zum f\u00fcnften Mal den attraktivsten Arbeitgeber der Schweiz mit dem #Randstad Award aus. Welches Unternehmen dieses Jahr als Gewinner hervorgeht, wird im Rahmen einer feierlichen Award Verleihung und einem exklusiven Networking Event im \u00abAura\u00bb in Z\u00fcrich preisgegeben.\" \/>\n<meta property=\"og:url\" content=\"https:\/\/www.organisator.ch\/it\/risorse-umane\/hrm\/2018-04-23\/randstad-award-feiert-5-jahr-jubilaeum\/\" \/>\n<meta property=\"og:site_name\" content=\"Organisator\" \/>\n<meta property=\"article:publisher\" content=\"https:\/\/www.facebook.com\/OrganisatorFachmagazin\" \/>\n<meta property=\"article:published_time\" content=\"2018-04-23T06:05:44+00:00\" \/>\n<meta property=\"og:image\" content=\"https:\/\/www.organisator.ch\/wp-content\/uploads\/2018\/04\/Randstad-Award-feiert-5-Jahr-Jubilaeum_Organisator.jpg\" \/>\n\t<meta property=\"og:image:width\" content=\"533\" \/>\n\t<meta property=\"og:image:height\" content=\"480\" \/>\n\t<meta property=\"og:image:type\" content=\"image\/jpeg\" \/>\n<meta name=\"author\" content=\"thomas.berner\" \/>\n<meta name=\"twitter:card\" content=\"summary_large_image\" \/>\n<meta name=\"twitter:title\" content=\"#RandstadAward feiert 5-Jahr-Jubil\u00e4um\" \/>\n<meta name=\"twitter:description\" content=\"Am 25. April 2018 zeichnet Randstad zum f\u00fcnften Mal den attraktivsten Arbeitgeber der Schweiz mit dem #RandstadAward aus. Welches Unternehmen dieses Jahr als Gewinner hervorgeht, wird im Rahmen einer feierlichen #Award-Verleihung und einem exklusiven Networking Event im \u00abAura\u00bb in Z\u00fcrich preisgegeben.\" \/>\n<meta name=\"twitter:image\" content=\"https:\/\/www.organisator.ch\/wp-content\/uploads\/2018\/04\/Randstad-Award-feiert-5-Jahr-Jubil\u00e4um_Organisator.jpg\" \/>\n<script type=\"application\/ld+json\" class=\"yoast-schema-graph\">{\"@context\":\"https:\\\/\\\/schema.org\",\"@graph\":[{\"@type\":\"Article\",\"@id\":\"https:\\\/\\\/www.organisator.ch\\\/human-resources\\\/hrm\\\/2018-04-23\\\/randstad-award-feiert-5-jahr-jubilaeum\\\/#article\",\"isPartOf\":{\"@id\":\"https:\\\/\\\/www.organisator.ch\\\/human-resources\\\/hrm\\\/2018-04-23\\\/randstad-award-feiert-5-jahr-jubilaeum\\\/\"},\"author\":{\"name\":\"thomas.berner\",\"@id\":\"https:\\\/\\\/www.organisator.ch\\\/#\\\/schema\\\/person\\\/6f650f90b2842cd4c0cc334b4e36f67e\"},\"headline\":\"Randstad Award feiert 5-Jahr-Jubil\u00e4um\",\"datePublished\":\"2018-04-23T06:05:44+00:00\",\"mainEntityOfPage\":{\"@id\":\"https:\\\/\\\/www.organisator.ch\\\/human-resources\\\/hrm\\\/2018-04-23\\\/randstad-award-feiert-5-jahr-jubilaeum\\\/\"},\"wordCount\":264,\"commentCount\":0,\"publisher\":{\"@id\":\"https:\\\/\\\/www.organisator.ch\\\/#organization\"},\"image\":{\"@id\":\"https:\\\/\\\/www.organisator.ch\\\/human-resources\\\/hrm\\\/2018-04-23\\\/randstad-award-feiert-5-jahr-jubilaeum\\\/#primaryimage\"},\"thumbnailUrl\":\"https:\\\/\\\/www.organisator.ch\\\/wp-content\\\/uploads\\\/2018\\\/04\\\/Randstad-Award-feiert-5-Jahr-Jubilaeum_Organisator.jpg\",\"keywords\":[\"Awards\",\"HRM\",\"Management\",\"Vermischtes\"],\"articleSection\":[\"HRM\"],\"inLanguage\":\"it-IT\"},{\"@type\":\"WebPage\",\"@id\":\"https:\\\/\\\/www.organisator.ch\\\/human-resources\\\/hrm\\\/2018-04-23\\\/randstad-award-feiert-5-jahr-jubilaeum\\\/\",\"url\":\"https:\\\/\\\/www.organisator.ch\\\/human-resources\\\/hrm\\\/2018-04-23\\\/randstad-award-feiert-5-jahr-jubilaeum\\\/\",\"name\":\"Randstad Award feiert 5-Jahr-Jubil\u00e4um - Organisator\",\"isPartOf\":{\"@id\":\"https:\\\/\\\/www.organisator.ch\\\/#website\"},\"primaryImageOfPage\":{\"@id\":\"https:\\\/\\\/www.organisator.ch\\\/human-resources\\\/hrm\\\/2018-04-23\\\/randstad-award-feiert-5-jahr-jubilaeum\\\/#primaryimage\"},\"image\":{\"@id\":\"https:\\\/\\\/www.organisator.ch\\\/human-resources\\\/hrm\\\/2018-04-23\\\/randstad-award-feiert-5-jahr-jubilaeum\\\/#primaryimage\"},\"thumbnailUrl\":\"https:\\\/\\\/www.organisator.ch\\\/wp-content\\\/uploads\\\/2018\\\/04\\\/Randstad-Award-feiert-5-Jahr-Jubilaeum_Organisator.jpg\",\"datePublished\":\"2018-04-23T06:05:44+00:00\",\"description\":\"Am 25. April 2018 zeichnet Randstad zum f\u00fcnften Mal den attraktivsten Arbeitgeber der Schweiz mit dem Randstad Award aus. Welches Unternehmen dieses Jahr als Gewinner hervorgeht, wird im Rahmen einer feierlichen Award Verleihung und einem exklusiven Networking Event im \u00abAura\u00bb in Z\u00fcrich preisgegeben.\",\"breadcrumb\":{\"@id\":\"https:\\\/\\\/www.organisator.ch\\\/human-resources\\\/hrm\\\/2018-04-23\\\/randstad-award-feiert-5-jahr-jubilaeum\\\/#breadcrumb\"},\"inLanguage\":\"it-IT\",\"potentialAction\":[{\"@type\":\"ReadAction\",\"target\":[\"https:\\\/\\\/www.organisator.ch\\\/human-resources\\\/hrm\\\/2018-04-23\\\/randstad-award-feiert-5-jahr-jubilaeum\\\/\"]}]},{\"@type\":\"ImageObject\",\"inLanguage\":\"it-IT\",\"@id\":\"https:\\\/\\\/www.organisator.ch\\\/human-resources\\\/hrm\\\/2018-04-23\\\/randstad-award-feiert-5-jahr-jubilaeum\\\/#primaryimage\",\"url\":\"https:\\\/\\\/www.organisator.ch\\\/wp-content\\\/uploads\\\/2018\\\/04\\\/Randstad-Award-feiert-5-Jahr-Jubilaeum_Organisator.jpg\",\"contentUrl\":\"https:\\\/\\\/www.organisator.ch\\\/wp-content\\\/uploads\\\/2018\\\/04\\\/Randstad-Award-feiert-5-Jahr-Jubilaeum_Organisator.jpg\",\"width\":533,\"height\":480,\"caption\":\"Am 25. April wird der Randstad Award an den attraktivsten Arbeitgeber verliehen. (Bild: Randstad)\"},{\"@type\":\"BreadcrumbList\",\"@id\":\"https:\\\/\\\/www.organisator.ch\\\/human-resources\\\/hrm\\\/2018-04-23\\\/randstad-award-feiert-5-jahr-jubilaeum\\\/#breadcrumb\",\"itemListElement\":[{\"@type\":\"ListItem\",\"position\":1,\"name\":\"Home\",\"item\":\"https:\\\/\\\/www.organisator.ch\\\/\"},{\"@type\":\"ListItem\",\"position\":2,\"name\":\"Randstad Award feiert 5-Jahr-Jubil\u00e4um\"}]},{\"@type\":\"WebSite\",\"@id\":\"https:\\\/\\\/www.organisator.ch\\\/#website\",\"url\":\"https:\\\/\\\/www.organisator.ch\\\/\",\"name\":\"Organisator\",\"description\":\"Kompetent. Praxisnah. Der ORGANISATOR bereitet in 10 Ausgaben pro Jahr die wesentlichen Themen f\u00fcr F\u00fchrungskr\u00e4fte von KMU auf.\",\"publisher\":{\"@id\":\"https:\\\/\\\/www.organisator.ch\\\/#organization\"},\"potentialAction\":[{\"@type\":\"SearchAction\",\"target\":{\"@type\":\"EntryPoint\",\"urlTemplate\":\"https:\\\/\\\/www.organisator.ch\\\/?s={search_term_string}\"},\"query-input\":{\"@type\":\"PropertyValueSpecification\",\"valueRequired\":true,\"valueName\":\"search_term_string\"}}],\"inLanguage\":\"it-IT\"},{\"@type\":\"Organization\",\"@id\":\"https:\\\/\\\/www.organisator.ch\\\/#organization\",\"name\":\"Organisator\",\"url\":\"https:\\\/\\\/www.organisator.ch\\\/\",\"logo\":{\"@type\":\"ImageObject\",\"inLanguage\":\"it-IT\",\"@id\":\"https:\\\/\\\/www.organisator.ch\\\/#\\\/schema\\\/logo\\\/image\\\/\",\"url\":\"https:\\\/\\\/www.organisator.ch\\\/wp-content\\\/uploads\\\/2022\\\/01\\\/Logo_Organisator_Website.png\",\"contentUrl\":\"https:\\\/\\\/www.organisator.ch\\\/wp-content\\\/uploads\\\/2022\\\/01\\\/Logo_Organisator_Website.png\",\"width\":800,\"height\":77,\"caption\":\"Organisator\"},\"image\":{\"@id\":\"https:\\\/\\\/www.organisator.ch\\\/#\\\/schema\\\/logo\\\/image\\\/\"},\"sameAs\":[\"https:\\\/\\\/www.facebook.com\\\/OrganisatorFachmagazin\",\"https:\\\/\\\/www.linkedin.com\\\/showcase\\\/organisator-das-magazin-fr-kmu\",\"https:\\\/\\\/www.xing.com\\\/news\\\/pages\\\/organisator-ch-695\",\"https:\\\/\\\/www.youtube.com\\\/channel\\\/UCGP2Sq0iWaZwT3BdIAQFYpw\"]},{\"@type\":\"Person\",\"@id\":\"https:\\\/\\\/www.organisator.ch\\\/#\\\/schema\\\/person\\\/6f650f90b2842cd4c0cc334b4e36f67e\",\"name\":\"thomas.berner\",\"image\":{\"@type\":\"ImageObject\",\"inLanguage\":\"it-IT\",\"@id\":\"https:\\\/\\\/secure.gravatar.com\\\/avatar\\\/ac5001d2a36cb6c6cd3e50789007ffca834b477b74a2144564522e944eabff61?s=96&d=mm&r=g\",\"url\":\"https:\\\/\\\/secure.gravatar.com\\\/avatar\\\/ac5001d2a36cb6c6cd3e50789007ffca834b477b74a2144564522e944eabff61?s=96&d=mm&r=g\",\"contentUrl\":\"https:\\\/\\\/secure.gravatar.com\\\/avatar\\\/ac5001d2a36cb6c6cd3e50789007ffca834b477b74a2144564522e944eabff61?s=96&d=mm&r=g\",\"caption\":\"thomas.berner\"},\"url\":\"https:\\\/\\\/www.organisator.ch\\\/it\\\/author\\\/thomas-berner\\\/\"}]}<\/script>\n<!-- \/ Yoast SEO plugin. -->","yoast_head_json":{"title":"Il Premio Randstad festeggia i 5 anni di attivit\u00e0 - Organizzatore","description":"Il 25 aprile 2018, Randstad consegner\u00e0 per la quinta volta il Randstad Award al datore di lavoro pi\u00f9 attraente della Svizzera. L'azienda vincitrice di quest'anno sar\u00e0 svelata nel corso di una festosa cerimonia di premiazione e di un esclusivo evento di networking presso l'\"Aura\" di Zurigo.","robots":{"index":"index","follow":"follow","max-snippet":"max-snippet:-1","max-image-preview":"max-image-preview:large","max-video-preview":"max-video-preview:-1"},"canonical":"https:\/\/www.organisator.ch\/it\/risorse-umane\/hrm\/2018-04-23\/randstad-award-feiert-5-jahr-jubilaeum\/","og_locale":"it_IT","og_type":"article","og_title":"Randstad Award feiert 5-Jahr-Jubil\u00e4um","og_description":"Am 25. April 2018 zeichnet Randstad zum f\u00fcnften Mal den attraktivsten Arbeitgeber der Schweiz mit dem #Randstad Award aus. Welches Unternehmen dieses Jahr als Gewinner hervorgeht, wird im Rahmen einer feierlichen Award Verleihung und einem exklusiven Networking Event im \u00abAura\u00bb in Z\u00fcrich preisgegeben.","og_url":"https:\/\/www.organisator.ch\/it\/risorse-umane\/hrm\/2018-04-23\/randstad-award-feiert-5-jahr-jubilaeum\/","og_site_name":"Organisator","article_publisher":"https:\/\/www.facebook.com\/OrganisatorFachmagazin","article_published_time":"2018-04-23T06:05:44+00:00","og_image":[{"width":533,"height":480,"url":"https:\/\/www.organisator.ch\/wp-content\/uploads\/2018\/04\/Randstad-Award-feiert-5-Jahr-Jubilaeum_Organisator.jpg","type":"image\/jpeg"}],"author":"thomas.berner","twitter_card":"summary_large_image","twitter_title":"#RandstadAward feiert 5-Jahr-Jubil\u00e4um","twitter_description":"Am 25. April 2018 zeichnet Randstad zum f\u00fcnften Mal den attraktivsten Arbeitgeber der Schweiz mit dem #RandstadAward aus. Welches Unternehmen dieses Jahr als Gewinner hervorgeht, wird im Rahmen einer feierlichen #Award-Verleihung und einem exklusiven Networking Event im \u00abAura\u00bb in Z\u00fcrich preisgegeben.","twitter_image":"https:\/\/www.organisator.ch\/wp-content\/uploads\/2018\/04\/Randstad-Award-feiert-5-Jahr-Jubil\u00e4um_Organisator.jpg","schema":{"@context":"https:\/\/schema.org","@graph":[{"@type":"Article","@id":"https:\/\/www.organisator.ch\/human-resources\/hrm\/2018-04-23\/randstad-award-feiert-5-jahr-jubilaeum\/#article","isPartOf":{"@id":"https:\/\/www.organisator.ch\/human-resources\/hrm\/2018-04-23\/randstad-award-feiert-5-jahr-jubilaeum\/"},"author":{"name":"thomas.berner","@id":"https:\/\/www.organisator.ch\/#\/schema\/person\/6f650f90b2842cd4c0cc334b4e36f67e"},"headline":"Randstad Award feiert 5-Jahr-Jubil\u00e4um","datePublished":"2018-04-23T06:05:44+00:00","mainEntityOfPage":{"@id":"https:\/\/www.organisator.ch\/human-resources\/hrm\/2018-04-23\/randstad-award-feiert-5-jahr-jubilaeum\/"},"wordCount":264,"commentCount":0,"publisher":{"@id":"https:\/\/www.organisator.ch\/#organization"},"image":{"@id":"https:\/\/www.organisator.ch\/human-resources\/hrm\/2018-04-23\/randstad-award-feiert-5-jahr-jubilaeum\/#primaryimage"},"thumbnailUrl":"https:\/\/www.organisator.ch\/wp-content\/uploads\/2018\/04\/Randstad-Award-feiert-5-Jahr-Jubilaeum_Organisator.jpg","keywords":["Awards","HRM","Management","Vermischtes"],"articleSection":["HRM"],"inLanguage":"it-IT"},{"@type":"WebPage","@id":"https:\/\/www.organisator.ch\/human-resources\/hrm\/2018-04-23\/randstad-award-feiert-5-jahr-jubilaeum\/","url":"https:\/\/www.organisator.ch\/human-resources\/hrm\/2018-04-23\/randstad-award-feiert-5-jahr-jubilaeum\/","name":"Il Premio Randstad festeggia i 5 anni di attivit\u00e0 - Organizzatore","isPartOf":{"@id":"https:\/\/www.organisator.ch\/#website"},"primaryImageOfPage":{"@id":"https:\/\/www.organisator.ch\/human-resources\/hrm\/2018-04-23\/randstad-award-feiert-5-jahr-jubilaeum\/#primaryimage"},"image":{"@id":"https:\/\/www.organisator.ch\/human-resources\/hrm\/2018-04-23\/randstad-award-feiert-5-jahr-jubilaeum\/#primaryimage"},"thumbnailUrl":"https:\/\/www.organisator.ch\/wp-content\/uploads\/2018\/04\/Randstad-Award-feiert-5-Jahr-Jubilaeum_Organisator.jpg","datePublished":"2018-04-23T06:05:44+00:00","description":"Il 25 aprile 2018, Randstad consegner\u00e0 per la quinta volta il Randstad Award al datore di lavoro pi\u00f9 attraente della Svizzera. L'azienda vincitrice di quest'anno sar\u00e0 svelata nel corso di una festosa cerimonia di premiazione e di un esclusivo evento di networking presso l'\"Aura\" di Zurigo.","breadcrumb":{"@id":"https:\/\/www.organisator.ch\/human-resources\/hrm\/2018-04-23\/randstad-award-feiert-5-jahr-jubilaeum\/#breadcrumb"},"inLanguage":"it-IT","potentialAction":[{"@type":"ReadAction","target":["https:\/\/www.organisator.ch\/human-resources\/hrm\/2018-04-23\/randstad-award-feiert-5-jahr-jubilaeum\/"]}]},{"@type":"ImageObject","inLanguage":"it-IT","@id":"https:\/\/www.organisator.ch\/human-resources\/hrm\/2018-04-23\/randstad-award-feiert-5-jahr-jubilaeum\/#primaryimage","url":"https:\/\/www.organisator.ch\/wp-content\/uploads\/2018\/04\/Randstad-Award-feiert-5-Jahr-Jubilaeum_Organisator.jpg","contentUrl":"https:\/\/www.organisator.ch\/wp-content\/uploads\/2018\/04\/Randstad-Award-feiert-5-Jahr-Jubilaeum_Organisator.jpg","width":533,"height":480,"caption":"Am 25. April wird der Randstad Award an den attraktivsten Arbeitgeber verliehen. (Bild: Randstad)"},{"@type":"BreadcrumbList","@id":"https:\/\/www.organisator.ch\/human-resources\/hrm\/2018-04-23\/randstad-award-feiert-5-jahr-jubilaeum\/#breadcrumb","itemListElement":[{"@type":"ListItem","position":1,"name":"Home","item":"https:\/\/www.organisator.ch\/"},{"@type":"ListItem","position":2,"name":"Randstad Award feiert 5-Jahr-Jubil\u00e4um"}]},{"@type":"WebSite","@id":"https:\/\/www.organisator.ch\/#website","url":"https:\/\/www.organisator.ch\/","name":"Organizzatore","description":"Competente. Pratico. In 10 numeri all'anno, ORGANISATOR presenta i temi essenziali per i manager delle PMI.","publisher":{"@id":"https:\/\/www.organisator.ch\/#organization"},"potentialAction":[{"@type":"SearchAction","target":{"@type":"EntryPoint","urlTemplate":"https:\/\/www.organisator.ch\/?s={search_term_string}"},"query-input":{"@type":"PropertyValueSpecification","valueRequired":true,"valueName":"search_term_string"}}],"inLanguage":"it-IT"},{"@type":"Organization","@id":"https:\/\/www.organisator.ch\/#organization","name":"Organizzatore","url":"https:\/\/www.organisator.ch\/","logo":{"@type":"ImageObject","inLanguage":"it-IT","@id":"https:\/\/www.organisator.ch\/#\/schema\/logo\/image\/","url":"https:\/\/www.organisator.ch\/wp-content\/uploads\/2022\/01\/Logo_Organisator_Website.png","contentUrl":"https:\/\/www.organisator.ch\/wp-content\/uploads\/2022\/01\/Logo_Organisator_Website.png","width":800,"height":77,"caption":"Organisator"},"image":{"@id":"https:\/\/www.organisator.ch\/#\/schema\/logo\/image\/"},"sameAs":["https:\/\/www.facebook.com\/OrganisatorFachmagazin","https:\/\/www.linkedin.com\/showcase\/organisator-das-magazin-fr-kmu","https:\/\/www.xing.com\/news\/pages\/organisator-ch-695","https:\/\/www.youtube.com\/channel\/UCGP2Sq0iWaZwT3BdIAQFYpw"]},{"@type":"Person","@id":"https:\/\/www.organisator.ch\/#\/schema\/person\/6f650f90b2842cd4c0cc334b4e36f67e","name":"Tommaso.berner","image":{"@type":"ImageObject","inLanguage":"it-IT","@id":"https:\/\/secure.gravatar.com\/avatar\/ac5001d2a36cb6c6cd3e50789007ffca834b477b74a2144564522e944eabff61?s=96&d=mm&r=g","url":"https:\/\/secure.gravatar.com\/avatar\/ac5001d2a36cb6c6cd3e50789007ffca834b477b74a2144564522e944eabff61?s=96&d=mm&r=g","contentUrl":"https:\/\/secure.gravatar.com\/avatar\/ac5001d2a36cb6c6cd3e50789007ffca834b477b74a2144564522e944eabff61?s=96&d=mm&r=g","caption":"thomas.berner"},"url":"https:\/\/www.organisator.ch\/it\/author\/thomas-berner\/"}]}},"_links":{"self":[{"href":"https:\/\/www.organisator.ch\/it\/wp-json\/wp\/v2\/posts\/3487","targetHints":{"allow":["GET"]}}],"collection":[{"href":"https:\/\/www.organisator.ch\/it\/wp-json\/wp\/v2\/posts"}],"about":[{"href":"https:\/\/www.organisator.ch\/it\/wp-json\/wp\/v2\/types\/post"}],"author":[{"embeddable":true,"href":"https:\/\/www.organisator.ch\/it\/wp-json\/wp\/v2\/users\/4"}],"replies":[{"embeddable":true,"href":"https:\/\/www.organisator.ch\/it\/wp-json\/wp\/v2\/comments?post=3487"}],"version-history":[{"count":0,"href":"https:\/\/www.organisator.ch\/it\/wp-json\/wp\/v2\/posts\/3487\/revisions"}],"wp:featuredmedia":[{"embeddable":true,"href":"https:\/\/www.organisator.ch\/it\/wp-json\/wp\/v2\/media\/3488"}],"wp:attachment":[{"href":"https:\/\/www.organisator.ch\/it\/wp-json\/wp\/v2\/media?parent=3487"}],"wp:term":[{"taxonomy":"category","embeddable":true,"href":"https:\/\/www.organisator.ch\/it\/wp-json\/wp\/v2\/categories?post=3487"},{"taxonomy":"post_tag","embeddable":true,"href":"https:\/\/www.organisator.ch\/it\/wp-json\/wp\/v2\/tags?post=3487"}],"curies":[{"name":"wp","href":"https:\/\/api.w.org\/{rel}","templated":true}]}}