{"id":349,"date":"2016-05-18T16:04:20","date_gmt":"2016-05-18T14:04:20","guid":{"rendered":"https:\/\/dev.umweltperspektiven.ch\/?p=349"},"modified":"2022-02-09T11:06:24","modified_gmt":"2022-02-09T10:06:24","slug":"sonnen-und-windenergie-schweiz-stark-abgeschlagen","status":"publish","type":"post","link":"https:\/\/www.organisator.ch\/it\/sustainability\/2016-05-18\/sonnen-und-windenergie-schweiz-stark-abgeschlagen\/","title":{"rendered":"Energia solare ed eolica: la Svizzera \u00e8 molto indietro"},"content":{"rendered":"<figure id=\"attachment_350\" aria-describedby=\"caption-attachment-350\" style=\"width: 680px\" class=\"wp-caption alignnone\"><a href=\"\/\/dev.umweltperspektiven.ch\/wp-content\/uploads\/2016\/12\/Sonnen-und-Windenergie-Schweiz-stark-abgeschlagen1-umweltperspektiven.jpg\"><img loading=\"lazy\" decoding=\"async\" class=\"wp-image-350 size-medium\" src=\"\/\/www.umweltperspektiven.ch\/wp-content\/uploads\/2016\/12\/Sonnen-und-Windenergie-Schweiz-stark-abgeschlagen1-umweltperspektiven.jpg\" alt=\"Se tutti i progetti della lista d&#039;attesa KEV fossero realizzati, sarebbe comunque sufficiente per il centrocampo.\" width=\"680\" height=\"454\" \/><\/a><figcaption id=\"caption-attachment-350\" class=\"wp-caption-text\">Se tutti i progetti della lista d'attesa KEV fossero realizzati, sarebbe comunque sufficiente per il centrocampo.<\/figcaption><\/figure>\n<p>SES ha confrontato la produzione pro capite di energia solare ed eolica nei paesi europei. In questa classifica dei paesi, la Svizzera si comporta male: solo 167 kWh di elettricit\u00e0 da energia solare ed eolica sono stati prodotti per abitante nel 2015. Questo \u00e8 poco meno del 2% del consumo annuale pro capite in Svizzera e molto meno di quanto \u00e8 stato prodotto nei paesi vicini. Se tutti i progetti della lista d'attesa KEV fossero gi\u00e0 stati realizzati, la Svizzera sarebbe ancora al centro del campo europeo.<\/p>\n<p><strong>Vagone scopa Svizzera<\/strong><br \/>\nRispetto ai paesi circostanti, la Svizzera \u00e8 all'ultimo posto. Anche paesi con condizioni geografiche simili alla Svizzera, per esempio la Repubblica Ceca (anche se con meno ore di sole) e l'Austria (un paese senza sbocco sul mare con una popolazione simile) producono pi\u00f9 elettricit\u00e0 dal vento e dal sole. In un contesto paneuropeo, la Svizzera non sta meglio: solo Slovenia, Slovacchia, Ungheria e Lettonia producono ancora meno elettricit\u00e0 dall'energia solare ed eolica. Almeno la Svizzera \u00e8 salita di un posto dal 2014. Nella classifica paneuropea, la Svizzera si trova ora al 25\u00b0 posto su 29. Se tutti i progetti in lista d'attesa KEV fossero gi\u00e0 stati realizzati, la Svizzera sarebbe ancora al centro del campo europeo.<\/p>\n<figure id=\"attachment_351\" aria-describedby=\"caption-attachment-351\" style=\"width: 680px\" class=\"wp-caption alignnone\"><a href=\"\/\/dev.umweltperspektiven.ch\/wp-content\/uploads\/2016\/12\/Sonnen-und-Windenergie-Schweiz-stark-abgeschlagen2-umweltperspektiven.png\"><img loading=\"lazy\" decoding=\"async\" class=\"wp-image-351 size-medium\" src=\"\/\/www.umweltperspektiven.ch\/wp-content\/uploads\/2016\/12\/Sonnen-und-Windenergie-Schweiz-stark-abgeschlagen2-umweltperspektiven.png\" alt=\"In un confronto diretto con i paesi circostanti, la Svizzera si trova all&#039;ultimo posto.\" width=\"680\" height=\"481\" \/><\/a><figcaption id=\"caption-attachment-351\" class=\"wp-caption-text\">In un confronto diretto con i paesi circostanti, la Svizzera si trova all'ultimo posto.<\/figcaption><\/figure>\n<p><strong>Centrale nucleare di Beznau 1 gi\u00e0 sostituita<\/strong><br \/>\nLo dimostra la scarsa posizione della Svizzera nella lista: L'espansione delle nuove energie rinnovabili \u00e8 necessaria affinch\u00e9 la Svizzera, che per il resto \u00e8 tecnicamente molto sviluppata, non rimanga indietro. Ma finora la politica ha frenato l'espansione. Il finanziamento di numerosi impianti solari ed eolici \u00e8 bloccato. Sulla lista d'attesa per la remunerazione compensativa dell'alimentazione (KEV), pi\u00f9 di 37.000 progetti sono in attesa di essere realizzati. Questi potrebbero produrre un totale di pi\u00f9 di tre terawattora di elettricit\u00e0 all'anno. Questo sostituirebbe gi\u00e0 la produzione annuale della centrale nucleare di Beznau 1, che \u00e8 attualmente fuori dalla rete a causa di problemi di sicurezza.<\/p>\n<p><strong>Senza lista d'attesa nel centrocampo europeo<\/strong><br \/>\nLa sovrattassa di rete per il finanziamento di questi progetti \u00e8 attualmente limitata a 1,3 centesimi per chilowattora. Ci\u00f2 significa che non \u00e8 possibile ridurre la lista d'attesa KEV. La Strategia energetica 2050 porta un leggero miglioramento: con un massimo legale di 2,3 centesimi per chilowattora, la lista d'attesa potrebbe essere ampiamente ridotta. Ne varrebbe la pena: se questi progetti venissero attuati ora, la Svizzera salirebbe almeno nella met\u00e0 campo europea e raggiungerebbe il 12\u00b0 posto su 29 nell'intera Europa, e addirittura il 5\u00b0 posto su 9 nel confronto con i paesi circostanti. \"La SES chiede quindi al parlamento svizzero di approvare la Strategia energetica 2050 nella votazione finale per togliere la Svizzera dal suo imbarazzante ultimo posto nella lista\", dice Myriam Planzer, responsabile del progetto alla SES.<\/p>\n<p>(SES)<\/p>","protected":false},"excerpt":{"rendered":"<p>Die SES hat die pro Kopf-Produktion von Solar- und Windkraftstrom der europ\u00e4ischen L\u00e4nder miteinander verglichen. Bei diesem L\u00e4nderranking schneidet die Schweiz schlecht ab: Gerade mal 167 kWh Strom aus Sonnen- und Windkraft wurden 2015 pro EinwohnerIn produziert. Das sind knapp 2 Prozent des j\u00e4hrlichen pro Kopf-Verbrauchs in der Schweiz und deutlich weniger als im umliegenden [&hellip;]<\/p>\n","protected":false},"author":1,"featured_media":9376,"comment_status":"open","ping_status":"open","sticky":false,"template":"","format":"standard","meta":{"_acf_changed":false,"_yoast_wpseo_focuskw":"Sonnen- und Windenergie","_yoast_wpseo_metadesc":"Sonnen- und Windenergie: Die Schweizerische Energiestiftung hat die Pro-Kopf-Produktion von Wind- und Solarstrom mit den umliegenden L\u00e4ndern verglichen.","articlekey":"","footnotes":""},"categories":[580],"tags":[1085,2113,2143,2569],"class_list":["post-349","post","type-post","status-publish","format-standard","has-post-thumbnail","hentry","category-sustainability","tag-energiestiftung","tag-ses","tag-solarenergie","tag-windenergie"],"acf":[],"yoast_head":"<!-- This site is optimized with the Yoast SEO plugin v27.4 - https:\/\/yoast.com\/product\/yoast-seo-wordpress\/ -->\n<title>Sonnen- und Windenergie: Schweiz stark abgeschlagen - Organisator<\/title>\n<meta name=\"description\" content=\"Sonnen- und Windenergie: Die Schweizerische Energiestiftung hat die Pro-Kopf-Produktion von Wind- und Solarstrom mit den umliegenden L\u00e4ndern verglichen.\" \/>\n<meta name=\"robots\" content=\"index, follow, max-snippet:-1, max-image-preview:large, max-video-preview:-1\" \/>\n<link rel=\"canonical\" href=\"https:\/\/www.organisator.ch\/it\/sostenibilita\/2016-05-18\/sonnen-und-windenergie-schweiz-stark-abgeschlagen\/\" \/>\n<meta property=\"og:locale\" content=\"it_IT\" \/>\n<meta property=\"og:type\" content=\"article\" \/>\n<meta property=\"og:title\" content=\"Sonnen- und Windenergie: Schweiz stark abgeschlagen - Organisator\" \/>\n<meta property=\"og:description\" content=\"Sonnen- und Windenergie: Die Schweizerische Energiestiftung hat die Pro-Kopf-Produktion von Wind- und Solarstrom mit den umliegenden L\u00e4ndern verglichen.\" \/>\n<meta property=\"og:url\" content=\"https:\/\/www.organisator.ch\/it\/sostenibilita\/2016-05-18\/sonnen-und-windenergie-schweiz-stark-abgeschlagen\/\" \/>\n<meta property=\"og:site_name\" content=\"Organisator\" \/>\n<meta property=\"article:publisher\" content=\"https:\/\/www.facebook.com\/OrganisatorFachmagazin\" \/>\n<meta property=\"article:published_time\" content=\"2016-05-18T14:04:20+00:00\" \/>\n<meta property=\"article:modified_time\" content=\"2022-02-09T10:06:24+00:00\" \/>\n<meta property=\"og:image\" content=\"https:\/\/www.organisator.ch\/wp-content\/uploads\/2016\/12\/Sonnen-und-Windenergie-Schweiz-stark-abgeschlagen1-umweltperspektiven-scaled.jpg\" \/>\n\t<meta property=\"og:image:width\" content=\"2560\" \/>\n\t<meta property=\"og:image:height\" content=\"1710\" \/>\n\t<meta property=\"og:image:type\" content=\"image\/jpeg\" \/>\n<meta name=\"author\" content=\"admin\" \/>\n<meta name=\"twitter:card\" content=\"summary_large_image\" \/>\n<script type=\"application\/ld+json\" class=\"yoast-schema-graph\">{\"@context\":\"https:\\\/\\\/schema.org\",\"@graph\":[{\"@type\":\"Article\",\"@id\":\"https:\\\/\\\/www.organisator.ch\\\/sustainability\\\/2016-05-18\\\/sonnen-und-windenergie-schweiz-stark-abgeschlagen\\\/#article\",\"isPartOf\":{\"@id\":\"https:\\\/\\\/www.organisator.ch\\\/sustainability\\\/2016-05-18\\\/sonnen-und-windenergie-schweiz-stark-abgeschlagen\\\/\"},\"author\":{\"name\":\"admin\",\"@id\":\"https:\\\/\\\/www.organisator.ch\\\/#\\\/schema\\\/person\\\/aa2bace6c5c5aad60102004a50c4eb1c\"},\"headline\":\"Sonnen- und Windenergie: Schweiz stark abgeschlagen\",\"datePublished\":\"2016-05-18T14:04:20+00:00\",\"dateModified\":\"2022-02-09T10:06:24+00:00\",\"mainEntityOfPage\":{\"@id\":\"https:\\\/\\\/www.organisator.ch\\\/sustainability\\\/2016-05-18\\\/sonnen-und-windenergie-schweiz-stark-abgeschlagen\\\/\"},\"wordCount\":459,\"commentCount\":0,\"publisher\":{\"@id\":\"https:\\\/\\\/www.organisator.ch\\\/#organization\"},\"image\":{\"@id\":\"https:\\\/\\\/www.organisator.ch\\\/sustainability\\\/2016-05-18\\\/sonnen-und-windenergie-schweiz-stark-abgeschlagen\\\/#primaryimage\"},\"thumbnailUrl\":\"https:\\\/\\\/www.organisator.ch\\\/wp-content\\\/uploads\\\/2016\\\/12\\\/Sonnen-und-Windenergie-Schweiz-stark-abgeschlagen1-umweltperspektiven-scaled.jpg\",\"keywords\":[\"Energiestiftung\",\"SES\",\"Solarenergie\",\"Windenergie\"],\"articleSection\":[\"SUSTAINABILITY\"],\"inLanguage\":\"it-IT\"},{\"@type\":\"WebPage\",\"@id\":\"https:\\\/\\\/www.organisator.ch\\\/sustainability\\\/2016-05-18\\\/sonnen-und-windenergie-schweiz-stark-abgeschlagen\\\/\",\"url\":\"https:\\\/\\\/www.organisator.ch\\\/sustainability\\\/2016-05-18\\\/sonnen-und-windenergie-schweiz-stark-abgeschlagen\\\/\",\"name\":\"Sonnen- und Windenergie: Schweiz stark abgeschlagen - Organisator\",\"isPartOf\":{\"@id\":\"https:\\\/\\\/www.organisator.ch\\\/#website\"},\"primaryImageOfPage\":{\"@id\":\"https:\\\/\\\/www.organisator.ch\\\/sustainability\\\/2016-05-18\\\/sonnen-und-windenergie-schweiz-stark-abgeschlagen\\\/#primaryimage\"},\"image\":{\"@id\":\"https:\\\/\\\/www.organisator.ch\\\/sustainability\\\/2016-05-18\\\/sonnen-und-windenergie-schweiz-stark-abgeschlagen\\\/#primaryimage\"},\"thumbnailUrl\":\"https:\\\/\\\/www.organisator.ch\\\/wp-content\\\/uploads\\\/2016\\\/12\\\/Sonnen-und-Windenergie-Schweiz-stark-abgeschlagen1-umweltperspektiven-scaled.jpg\",\"datePublished\":\"2016-05-18T14:04:20+00:00\",\"dateModified\":\"2022-02-09T10:06:24+00:00\",\"description\":\"Sonnen- und Windenergie: Die Schweizerische Energiestiftung hat die Pro-Kopf-Produktion von Wind- und Solarstrom mit den umliegenden L\u00e4ndern verglichen.\",\"breadcrumb\":{\"@id\":\"https:\\\/\\\/www.organisator.ch\\\/sustainability\\\/2016-05-18\\\/sonnen-und-windenergie-schweiz-stark-abgeschlagen\\\/#breadcrumb\"},\"inLanguage\":\"it-IT\",\"potentialAction\":[{\"@type\":\"ReadAction\",\"target\":[\"https:\\\/\\\/www.organisator.ch\\\/sustainability\\\/2016-05-18\\\/sonnen-und-windenergie-schweiz-stark-abgeschlagen\\\/\"]}]},{\"@type\":\"ImageObject\",\"inLanguage\":\"it-IT\",\"@id\":\"https:\\\/\\\/www.organisator.ch\\\/sustainability\\\/2016-05-18\\\/sonnen-und-windenergie-schweiz-stark-abgeschlagen\\\/#primaryimage\",\"url\":\"https:\\\/\\\/www.organisator.ch\\\/wp-content\\\/uploads\\\/2016\\\/12\\\/Sonnen-und-Windenergie-Schweiz-stark-abgeschlagen1-umweltperspektiven-scaled.jpg\",\"contentUrl\":\"https:\\\/\\\/www.organisator.ch\\\/wp-content\\\/uploads\\\/2016\\\/12\\\/Sonnen-und-Windenergie-Schweiz-stark-abgeschlagen1-umweltperspektiven-scaled.jpg\",\"width\":2560,\"height\":1710,\"caption\":\"W\u00e4ren alle Projekte auf der KEV-Warteliste realisiert, w\u00fcrde es immerhin f\u00fcr das Mittelfeld reichen.\"},{\"@type\":\"BreadcrumbList\",\"@id\":\"https:\\\/\\\/www.organisator.ch\\\/sustainability\\\/2016-05-18\\\/sonnen-und-windenergie-schweiz-stark-abgeschlagen\\\/#breadcrumb\",\"itemListElement\":[{\"@type\":\"ListItem\",\"position\":1,\"name\":\"Home\",\"item\":\"https:\\\/\\\/www.organisator.ch\\\/\"},{\"@type\":\"ListItem\",\"position\":2,\"name\":\"Sonnen- und Windenergie: Schweiz stark abgeschlagen\"}]},{\"@type\":\"WebSite\",\"@id\":\"https:\\\/\\\/www.organisator.ch\\\/#website\",\"url\":\"https:\\\/\\\/www.organisator.ch\\\/\",\"name\":\"Organisator\",\"description\":\"Kompetent. Praxisnah. Der ORGANISATOR bereitet in 10 Ausgaben pro Jahr die wesentlichen Themen f\u00fcr F\u00fchrungskr\u00e4fte von KMU auf.\",\"publisher\":{\"@id\":\"https:\\\/\\\/www.organisator.ch\\\/#organization\"},\"potentialAction\":[{\"@type\":\"SearchAction\",\"target\":{\"@type\":\"EntryPoint\",\"urlTemplate\":\"https:\\\/\\\/www.organisator.ch\\\/?s={search_term_string}\"},\"query-input\":{\"@type\":\"PropertyValueSpecification\",\"valueRequired\":true,\"valueName\":\"search_term_string\"}}],\"inLanguage\":\"it-IT\"},{\"@type\":\"Organization\",\"@id\":\"https:\\\/\\\/www.organisator.ch\\\/#organization\",\"name\":\"Organisator\",\"url\":\"https:\\\/\\\/www.organisator.ch\\\/\",\"logo\":{\"@type\":\"ImageObject\",\"inLanguage\":\"it-IT\",\"@id\":\"https:\\\/\\\/www.organisator.ch\\\/#\\\/schema\\\/logo\\\/image\\\/\",\"url\":\"https:\\\/\\\/www.organisator.ch\\\/wp-content\\\/uploads\\\/2022\\\/01\\\/Logo_Organisator_Website.png\",\"contentUrl\":\"https:\\\/\\\/www.organisator.ch\\\/wp-content\\\/uploads\\\/2022\\\/01\\\/Logo_Organisator_Website.png\",\"width\":800,\"height\":77,\"caption\":\"Organisator\"},\"image\":{\"@id\":\"https:\\\/\\\/www.organisator.ch\\\/#\\\/schema\\\/logo\\\/image\\\/\"},\"sameAs\":[\"https:\\\/\\\/www.facebook.com\\\/OrganisatorFachmagazin\",\"https:\\\/\\\/www.linkedin.com\\\/showcase\\\/organisator-das-magazin-fr-kmu\",\"https:\\\/\\\/www.xing.com\\\/news\\\/pages\\\/organisator-ch-695\",\"https:\\\/\\\/www.youtube.com\\\/channel\\\/UCGP2Sq0iWaZwT3BdIAQFYpw\"]},{\"@type\":\"Person\",\"@id\":\"https:\\\/\\\/www.organisator.ch\\\/#\\\/schema\\\/person\\\/aa2bace6c5c5aad60102004a50c4eb1c\",\"name\":\"admin\",\"image\":{\"@type\":\"ImageObject\",\"inLanguage\":\"it-IT\",\"@id\":\"https:\\\/\\\/secure.gravatar.com\\\/avatar\\\/ae2f4d718e6c49043e314ce431e7e645d646302a24a5ef5a8bc8e3f5a032e319?s=96&d=mm&r=g\",\"url\":\"https:\\\/\\\/secure.gravatar.com\\\/avatar\\\/ae2f4d718e6c49043e314ce431e7e645d646302a24a5ef5a8bc8e3f5a032e319?s=96&d=mm&r=g\",\"contentUrl\":\"https:\\\/\\\/secure.gravatar.com\\\/avatar\\\/ae2f4d718e6c49043e314ce431e7e645d646302a24a5ef5a8bc8e3f5a032e319?s=96&d=mm&r=g\",\"caption\":\"admin\"},\"sameAs\":[\"https:\\\/\\\/www.organisator.ch\"],\"url\":\"https:\\\/\\\/www.organisator.ch\\\/it\\\/author\\\/admin\\\/\"}]}<\/script>\n<!-- \/ Yoast SEO plugin. -->","yoast_head_json":{"title":"Energia solare ed eolica: la Svizzera \u00e8 in grave ritardo - Organizzatore","description":"Energia solare ed eolica: la Fondazione Svizzera per l'Energia ha confrontato la produzione pro capite di energia eolica e solare con quella dei Paesi limitrofi.","robots":{"index":"index","follow":"follow","max-snippet":"max-snippet:-1","max-image-preview":"max-image-preview:large","max-video-preview":"max-video-preview:-1"},"canonical":"https:\/\/www.organisator.ch\/it\/sostenibilita\/2016-05-18\/sonnen-und-windenergie-schweiz-stark-abgeschlagen\/","og_locale":"it_IT","og_type":"article","og_title":"Sonnen- und Windenergie: Schweiz stark abgeschlagen - Organisator","og_description":"Sonnen- und Windenergie: Die Schweizerische Energiestiftung hat die Pro-Kopf-Produktion von Wind- und Solarstrom mit den umliegenden L\u00e4ndern verglichen.","og_url":"https:\/\/www.organisator.ch\/it\/sostenibilita\/2016-05-18\/sonnen-und-windenergie-schweiz-stark-abgeschlagen\/","og_site_name":"Organisator","article_publisher":"https:\/\/www.facebook.com\/OrganisatorFachmagazin","article_published_time":"2016-05-18T14:04:20+00:00","article_modified_time":"2022-02-09T10:06:24+00:00","og_image":[{"width":2560,"height":1710,"url":"https:\/\/www.organisator.ch\/wp-content\/uploads\/2016\/12\/Sonnen-und-Windenergie-Schweiz-stark-abgeschlagen1-umweltperspektiven-scaled.jpg","type":"image\/jpeg"}],"author":"admin","twitter_card":"summary_large_image","schema":{"@context":"https:\/\/schema.org","@graph":[{"@type":"Article","@id":"https:\/\/www.organisator.ch\/sustainability\/2016-05-18\/sonnen-und-windenergie-schweiz-stark-abgeschlagen\/#article","isPartOf":{"@id":"https:\/\/www.organisator.ch\/sustainability\/2016-05-18\/sonnen-und-windenergie-schweiz-stark-abgeschlagen\/"},"author":{"name":"admin","@id":"https:\/\/www.organisator.ch\/#\/schema\/person\/aa2bace6c5c5aad60102004a50c4eb1c"},"headline":"Sonnen- und Windenergie: Schweiz stark abgeschlagen","datePublished":"2016-05-18T14:04:20+00:00","dateModified":"2022-02-09T10:06:24+00:00","mainEntityOfPage":{"@id":"https:\/\/www.organisator.ch\/sustainability\/2016-05-18\/sonnen-und-windenergie-schweiz-stark-abgeschlagen\/"},"wordCount":459,"commentCount":0,"publisher":{"@id":"https:\/\/www.organisator.ch\/#organization"},"image":{"@id":"https:\/\/www.organisator.ch\/sustainability\/2016-05-18\/sonnen-und-windenergie-schweiz-stark-abgeschlagen\/#primaryimage"},"thumbnailUrl":"https:\/\/www.organisator.ch\/wp-content\/uploads\/2016\/12\/Sonnen-und-Windenergie-Schweiz-stark-abgeschlagen1-umweltperspektiven-scaled.jpg","keywords":["Energiestiftung","SES","Solarenergie","Windenergie"],"articleSection":["SUSTAINABILITY"],"inLanguage":"it-IT"},{"@type":"WebPage","@id":"https:\/\/www.organisator.ch\/sustainability\/2016-05-18\/sonnen-und-windenergie-schweiz-stark-abgeschlagen\/","url":"https:\/\/www.organisator.ch\/sustainability\/2016-05-18\/sonnen-und-windenergie-schweiz-stark-abgeschlagen\/","name":"Energia solare ed eolica: la Svizzera \u00e8 in grave ritardo - Organizzatore","isPartOf":{"@id":"https:\/\/www.organisator.ch\/#website"},"primaryImageOfPage":{"@id":"https:\/\/www.organisator.ch\/sustainability\/2016-05-18\/sonnen-und-windenergie-schweiz-stark-abgeschlagen\/#primaryimage"},"image":{"@id":"https:\/\/www.organisator.ch\/sustainability\/2016-05-18\/sonnen-und-windenergie-schweiz-stark-abgeschlagen\/#primaryimage"},"thumbnailUrl":"https:\/\/www.organisator.ch\/wp-content\/uploads\/2016\/12\/Sonnen-und-Windenergie-Schweiz-stark-abgeschlagen1-umweltperspektiven-scaled.jpg","datePublished":"2016-05-18T14:04:20+00:00","dateModified":"2022-02-09T10:06:24+00:00","description":"Energia solare ed eolica: la Fondazione Svizzera per l'Energia ha confrontato la produzione pro capite di energia eolica e solare con quella dei Paesi limitrofi.","breadcrumb":{"@id":"https:\/\/www.organisator.ch\/sustainability\/2016-05-18\/sonnen-und-windenergie-schweiz-stark-abgeschlagen\/#breadcrumb"},"inLanguage":"it-IT","potentialAction":[{"@type":"ReadAction","target":["https:\/\/www.organisator.ch\/sustainability\/2016-05-18\/sonnen-und-windenergie-schweiz-stark-abgeschlagen\/"]}]},{"@type":"ImageObject","inLanguage":"it-IT","@id":"https:\/\/www.organisator.ch\/sustainability\/2016-05-18\/sonnen-und-windenergie-schweiz-stark-abgeschlagen\/#primaryimage","url":"https:\/\/www.organisator.ch\/wp-content\/uploads\/2016\/12\/Sonnen-und-Windenergie-Schweiz-stark-abgeschlagen1-umweltperspektiven-scaled.jpg","contentUrl":"https:\/\/www.organisator.ch\/wp-content\/uploads\/2016\/12\/Sonnen-und-Windenergie-Schweiz-stark-abgeschlagen1-umweltperspektiven-scaled.jpg","width":2560,"height":1710,"caption":"W\u00e4ren alle Projekte auf der KEV-Warteliste realisiert, w\u00fcrde es immerhin f\u00fcr das Mittelfeld reichen."},{"@type":"BreadcrumbList","@id":"https:\/\/www.organisator.ch\/sustainability\/2016-05-18\/sonnen-und-windenergie-schweiz-stark-abgeschlagen\/#breadcrumb","itemListElement":[{"@type":"ListItem","position":1,"name":"Home","item":"https:\/\/www.organisator.ch\/"},{"@type":"ListItem","position":2,"name":"Sonnen- und Windenergie: Schweiz stark abgeschlagen"}]},{"@type":"WebSite","@id":"https:\/\/www.organisator.ch\/#website","url":"https:\/\/www.organisator.ch\/","name":"Organizzatore","description":"Competente. Pratico. In 10 numeri all'anno, ORGANISATOR presenta i temi essenziali per i manager delle PMI.","publisher":{"@id":"https:\/\/www.organisator.ch\/#organization"},"potentialAction":[{"@type":"SearchAction","target":{"@type":"EntryPoint","urlTemplate":"https:\/\/www.organisator.ch\/?s={search_term_string}"},"query-input":{"@type":"PropertyValueSpecification","valueRequired":true,"valueName":"search_term_string"}}],"inLanguage":"it-IT"},{"@type":"Organization","@id":"https:\/\/www.organisator.ch\/#organization","name":"Organizzatore","url":"https:\/\/www.organisator.ch\/","logo":{"@type":"ImageObject","inLanguage":"it-IT","@id":"https:\/\/www.organisator.ch\/#\/schema\/logo\/image\/","url":"https:\/\/www.organisator.ch\/wp-content\/uploads\/2022\/01\/Logo_Organisator_Website.png","contentUrl":"https:\/\/www.organisator.ch\/wp-content\/uploads\/2022\/01\/Logo_Organisator_Website.png","width":800,"height":77,"caption":"Organisator"},"image":{"@id":"https:\/\/www.organisator.ch\/#\/schema\/logo\/image\/"},"sameAs":["https:\/\/www.facebook.com\/OrganisatorFachmagazin","https:\/\/www.linkedin.com\/showcase\/organisator-das-magazin-fr-kmu","https:\/\/www.xing.com\/news\/pages\/organisator-ch-695","https:\/\/www.youtube.com\/channel\/UCGP2Sq0iWaZwT3BdIAQFYpw"]},{"@type":"Person","@id":"https:\/\/www.organisator.ch\/#\/schema\/person\/aa2bace6c5c5aad60102004a50c4eb1c","name":"amministratore","image":{"@type":"ImageObject","inLanguage":"it-IT","@id":"https:\/\/secure.gravatar.com\/avatar\/ae2f4d718e6c49043e314ce431e7e645d646302a24a5ef5a8bc8e3f5a032e319?s=96&d=mm&r=g","url":"https:\/\/secure.gravatar.com\/avatar\/ae2f4d718e6c49043e314ce431e7e645d646302a24a5ef5a8bc8e3f5a032e319?s=96&d=mm&r=g","contentUrl":"https:\/\/secure.gravatar.com\/avatar\/ae2f4d718e6c49043e314ce431e7e645d646302a24a5ef5a8bc8e3f5a032e319?s=96&d=mm&r=g","caption":"admin"},"sameAs":["https:\/\/www.organisator.ch"],"url":"https:\/\/www.organisator.ch\/it\/author\/admin\/"}]}},"_links":{"self":[{"href":"https:\/\/www.organisator.ch\/it\/wp-json\/wp\/v2\/posts\/349","targetHints":{"allow":["GET"]}}],"collection":[{"href":"https:\/\/www.organisator.ch\/it\/wp-json\/wp\/v2\/posts"}],"about":[{"href":"https:\/\/www.organisator.ch\/it\/wp-json\/wp\/v2\/types\/post"}],"author":[{"embeddable":true,"href":"https:\/\/www.organisator.ch\/it\/wp-json\/wp\/v2\/users\/1"}],"replies":[{"embeddable":true,"href":"https:\/\/www.organisator.ch\/it\/wp-json\/wp\/v2\/comments?post=349"}],"version-history":[{"count":1,"href":"https:\/\/www.organisator.ch\/it\/wp-json\/wp\/v2\/posts\/349\/revisions"}],"predecessor-version":[{"id":10618,"href":"https:\/\/www.organisator.ch\/it\/wp-json\/wp\/v2\/posts\/349\/revisions\/10618"}],"wp:featuredmedia":[{"embeddable":true,"href":"https:\/\/www.organisator.ch\/it\/wp-json\/wp\/v2\/media\/9376"}],"wp:attachment":[{"href":"https:\/\/www.organisator.ch\/it\/wp-json\/wp\/v2\/media?parent=349"}],"wp:term":[{"taxonomy":"category","embeddable":true,"href":"https:\/\/www.organisator.ch\/it\/wp-json\/wp\/v2\/categories?post=349"},{"taxonomy":"post_tag","embeddable":true,"href":"https:\/\/www.organisator.ch\/it\/wp-json\/wp\/v2\/tags?post=349"}],"curies":[{"name":"wp","href":"https:\/\/api.w.org\/{rel}","templated":true}]}}