{"id":34931,"date":"2025-01-06T07:30:20","date_gmt":"2025-01-06T06:30:20","guid":{"rendered":"https:\/\/www.organisator.ch\/?p=34931"},"modified":"2025-01-20T12:00:19","modified_gmt":"2025-01-20T11:00:19","slug":"2024-bricht-erneut-den-firmengruendungsrekord","status":"publish","type":"post","link":"https:\/\/www.organisator.ch\/it\/management\/2025-01-06\/2024-bricht-erneut-den-firmengruendungsrekord\/","title":{"rendered":"2024 batte nuovamente il record di fondazione aziendale"},"content":{"rendered":"<figure id=\"attachment_34932\" aria-describedby=\"caption-attachment-34932\" style=\"width: 680px\" class=\"wp-caption alignnone\"><img loading=\"lazy\" decoding=\"async\" class=\"size-full wp-image-34932\" src=\"https:\/\/www.organisator.ch\/wp-content\/uploads\/2025\/01\/Firmengruendungsrekord_Bild1_ps.jpg\" alt=\"\" width=\"680\" height=\"464\" srcset=\"https:\/\/www.organisator.ch\/wp-content\/uploads\/2025\/01\/Firmengruendungsrekord_Bild1_ps.jpg 680w, https:\/\/www.organisator.ch\/wp-content\/uploads\/2025\/01\/Firmengruendungsrekord_Bild1_ps-18x12.jpg 18w, https:\/\/www.organisator.ch\/wp-content\/uploads\/2025\/01\/Firmengruendungsrekord_Bild1_ps-375x256.jpg 375w, https:\/\/www.organisator.ch\/wp-content\/uploads\/2025\/01\/Firmengruendungsrekord_Bild1_ps-513x350.jpg 513w\" sizes=\"auto, (max-width: 680px) 100vw, 680px\" \/><figcaption id=\"caption-attachment-34932\" class=\"wp-caption-text\">Mai come quest'anno sono state fondate cos\u00ec tante aziende in Svizzera. (Immagine: www.ifj.ch)<\/figcaption><\/figure>\n<p>Con 52.978 nuove imprese fondate, la Svizzera ha stabilito un nuovo record di start-up. Simon May, co-direttore generale dell'IFJ, spiega: \"Il continuo aumento delle start-up riflette il desiderio di molte persone di realizzarsi professionalmente e di essere indipendenti. In particolare, l'aumento del lavoro autonomo part-time offre a molti fondatori l'opportunit\u00e0 di fare il passo verso il lavoro autonomo con pochi rischi\". La Svizzera offre anche diversi programmi di sostegno del governo e del settore privato per aiutare i fondatori ad avviare la propria attivit\u00e0.<\/p>\n<h3><strong>Effetti positivi per l'economia svizzera<\/strong><\/h3>\n<p>Il numero crescente di start-up non \u00e8 solo un indicatore dello spirito imprenditoriale in Svizzera, ma ha anche conseguenze di vasta portata per l'economia. Creano nuovi posti di lavoro, promuovono la concorrenza e spingono l'innovazione. Secondo il Quadro europeo di valutazione dell'innovazione 2024, la Svizzera rimane il leader indiscusso dell'innovazione in Europa. Il crescente dinamismo della scena delle start-up rafforza le basi dell'economia svizzera e dimostra che la Svizzera rimane una piazza altamente competitiva. \"Un forte motore di start-up \u00e8 un fattore chiave per un'economia resiliente e innovativa\", sottolinea May.<\/p>\n<h3><strong>Le statistiche di avvio in dettaglio<\/strong><\/h3>\n<p>\u00c8 inoltre interessante notare che in entrambi gli anni record sono state fondate molte pi\u00f9 aziende all'inizio e alla fine dell'anno. E che i due anni record si sono equivalsi in termini di numero di start-up per trimestre. Un'analisi pi\u00f9 dettagliata delle cifre per il 2024 illustra ulteriormente l'attrattiva e il potenziale della Svizzera come sede di start-up.<\/p>\n<figure id=\"attachment_34933\" aria-describedby=\"caption-attachment-34933\" style=\"width: 680px\" class=\"wp-caption alignnone\"><img loading=\"lazy\" decoding=\"async\" class=\"size-full wp-image-34933\" src=\"https:\/\/www.organisator.ch\/wp-content\/uploads\/2025\/01\/Firmengruendungsrekord_Bild2_ps.jpg\" alt=\"\" width=\"680\" height=\"666\" srcset=\"https:\/\/www.organisator.ch\/wp-content\/uploads\/2025\/01\/Firmengruendungsrekord_Bild2_ps.jpg 680w, https:\/\/www.organisator.ch\/wp-content\/uploads\/2025\/01\/Firmengruendungsrekord_Bild2_ps-12x12.jpg 12w, https:\/\/www.organisator.ch\/wp-content\/uploads\/2025\/01\/Firmengruendungsrekord_Bild2_ps-306x300.jpg 306w, https:\/\/www.organisator.ch\/wp-content\/uploads\/2025\/01\/Firmengruendungsrekord_Bild2_ps-357x350.jpg 357w\" sizes=\"auto, (max-width: 680px) 100vw, 680px\" \/><figcaption id=\"caption-attachment-34933\" class=\"wp-caption-text\">L'analisi nazionale aggiornata quotidianamente dell'IFJ mostra come sono cambiate le formazioni aziendali in Svizzera nel 2024 rispetto all'anno precedente. (Immagine: Foglio ufficiale svizzero di commercio FUSC; analisi e grafico: IFJ Institut f\u00fcr Jungunternehmen AG)<\/figcaption><\/figure>\n<h3><strong>Il sentimento positivo nei confronti delle start-up prevale nelle principali regioni<\/strong><\/h3>\n<p>Nel 2024, la Svizzera sud-occidentale (+6,3%) \u00e8 la regione principale con la pi\u00f9 forte crescita di nuove start-up. Anche l'Espace Mittelland (+3,4%) e il Ticino (+3,0%) hanno registrato una crescita significativa rispetto allo stesso periodo dell'anno precedente. Una crescita moderata \u00e8 stata registrata nelle regioni della Svizzera centrale (+2,0%), Zurigo (+1,2%) e Svizzera orientale (+1,1%). La Svizzera nordoccidentale \u00e8 stata l'unica regione a registrare un calo di -1,0%.<\/p>\n<figure id=\"attachment_34934\" aria-describedby=\"caption-attachment-34934\" style=\"width: 680px\" class=\"wp-caption alignnone\"><img loading=\"lazy\" decoding=\"async\" class=\"size-full wp-image-34934\" src=\"https:\/\/www.organisator.ch\/wp-content\/uploads\/2025\/01\/Firmengruendungsrekord_Bild3_ps.jpg\" alt=\"\" width=\"680\" height=\"842\" srcset=\"https:\/\/www.organisator.ch\/wp-content\/uploads\/2025\/01\/Firmengruendungsrekord_Bild3_ps.jpg 680w, https:\/\/www.organisator.ch\/wp-content\/uploads\/2025\/01\/Firmengruendungsrekord_Bild3_ps-10x12.jpg 10w, https:\/\/www.organisator.ch\/wp-content\/uploads\/2025\/01\/Firmengruendungsrekord_Bild3_ps-242x300.jpg 242w, https:\/\/www.organisator.ch\/wp-content\/uploads\/2025\/01\/Firmengruendungsrekord_Bild3_ps-283x350.jpg 283w, https:\/\/www.organisator.ch\/wp-content\/uploads\/2025\/01\/Firmengruendungsrekord_Bild3_ps-646x800.jpg 646w\" sizes=\"auto, (max-width: 680px) 100vw, 680px\" \/><figcaption id=\"caption-attachment-34934\" class=\"wp-caption-text\">Una crescita moderata \u00e8 stata registrata nelle regioni della Svizzera centrale (+2,0%), Zurigo (+1,2%) e Svizzera orientale (+1,1%). (Immagine: Foglio ufficiale svizzero di commercio FUSC; analisi e grafico: IFJ Institut f\u00fcr Jungunternehmen AG)<\/figcaption><\/figure>\n<h3><strong>Cantoni con un alto tasso di avviamento<\/strong><\/h3>\n<p>In 19 cantoni il numero di nuove imprese \u00e8 aumentato nel 2024 rispetto allo stesso periodo dell'anno precedente. Questi sono attualmente i cantoni con una crescita nella formazione di imprese svizzere: Appenzello Interno (+25,0%), Uri (+13,1%), Appenzello Esterno (+12,8%), Friburgo (+11,5%), Vallese (+10,7%), Zugo (+6,0%), Vaud (+5,5%), San Gallo (+5,1%), Ginevra (+4.7%), Obvaldo (+4,1%), Glarona (+3,2%), Ticino (+3,0%), Berna (+2,6%), Nidvaldo (+1,3%), Zurigo (+1,2%), Giura (+1,1%), Svitto (+0,6%), Argovia (+0,5%) e Neuch\u00e2tel (+0,1%).<\/p>\n<h3><strong>In questi cantoni vengono fondate meno start-up.<\/strong><\/h3>\n<p>I cantoni con un leggero calo percentuale sono Basilea Citt\u00e0 (-0,8%), Grigioni (-0,8%), Soletta (-1,9%), Lucerna (-3,0%), Sciaffusa (-4,1%), Basilea Campagna (-4,9%) e Turgovia (-7,6%).<\/p>\n<h3><strong>Forme legali a confronto<\/strong><\/h3>\n<p>In Svizzera, le imprese individuali sono la forma giuridica in pi\u00f9 rapida crescita nel 2024, con una crescita di +3,4% rispetto allo stesso periodo dell'anno precedente. La societ\u00e0 per azioni (AG) segue con una solida crescita di +2,4%, mentre la societ\u00e0 a responsabilit\u00e0 limitata (GmbH) \u00e8 cresciuta di +1,5% e rimane la forma giuridica pi\u00f9 popolare per le start-up. La forma giuridica altrettanto rilevante della societ\u00e0 in nome collettivo ha registrato un calo di -1,2%.<\/p>\n<h3><strong>Confronto degli ultimi 10 anni<\/strong><\/h3>\n<p>Con il nuovo record di fondazione, l'anno 2024 mostra una tendenza molto positiva. In media, negli ultimi 10 anni, ogni anno sono state iscritte nel registro di commercio svizzero 46.552 nuove imprese. Con 52.978 nuove imprese, il 2024 ha registrato il livello pi\u00f9 alto ed \u00e8 ben al di sopra della media degli anni precedenti, con un +13,8 %.<\/p>\n<figure id=\"attachment_34935\" aria-describedby=\"caption-attachment-34935\" style=\"width: 680px\" class=\"wp-caption alignnone\"><img loading=\"lazy\" decoding=\"async\" class=\"size-full wp-image-34935\" src=\"https:\/\/www.organisator.ch\/wp-content\/uploads\/2025\/01\/Firmengruendungsrekord_Bild4_ps.jpg\" alt=\"\" width=\"680\" height=\"403\" srcset=\"https:\/\/www.organisator.ch\/wp-content\/uploads\/2025\/01\/Firmengruendungsrekord_Bild4_ps.jpg 680w, https:\/\/www.organisator.ch\/wp-content\/uploads\/2025\/01\/Firmengruendungsrekord_Bild4_ps-18x12.jpg 18w, https:\/\/www.organisator.ch\/wp-content\/uploads\/2025\/01\/Firmengruendungsrekord_Bild4_ps-375x222.jpg 375w, https:\/\/www.organisator.ch\/wp-content\/uploads\/2025\/01\/Firmengruendungsrekord_Bild4_ps-591x350.jpg 591w\" sizes=\"auto, (max-width: 680px) 100vw, 680px\" \/><figcaption id=\"caption-attachment-34935\" class=\"wp-caption-text\">L'anno 2024 ha stabilito un nuovo record con 52.978 nuovi avviamenti. Con un +13,8%, il numero \u00e8 nettamente superiore alla media degli ultimi 10 anni. (Immagine: Foglio ufficiale svizzero di commercio FUSC; analisi e grafico: IFJ Institut f\u00fcr Jungunternehmen AG)<\/figcaption><\/figure>\n<h3><strong>La maggior parte delle start-up viene fondata in questi settori<\/strong><\/h3>\n<p>I tre settori che sono saliti sul podio quest'anno sono l'artigianato (5.555 start-up), la consulenza (5.256 start-up) e il settore immobiliare (4.883 start-up). Seguono da vicino il commercio al dettaglio (4.585 start-up) e i servizi B2B e B2C (4.379 start-up). Tuttavia, \u00e8 interessante notare che il panorama svizzero delle start-up \u00e8 molto diversificato con i 21 settori categorizzati nel nostro studio. Con 5.555 nuove registrazioni, il settore di maggior successo, l'artigianato, rappresenta solo il 10,4% di start-up totali e illustra la diversit\u00e0 del panorama delle start-up.<\/p>\n<h3><strong>I fondatori svizzeri battono di nuovo il record di start-up<\/strong><\/h3>\n<p>Le cifre attuali per il 2024 lo confermano: La Svizzera rimane una piazza di prim'ordine per le giovani imprese e le start-up. La forza dell'economia svizzera e il suo potere innovativo sono dimostrati da un nuovo record nazionale di start-up di imprese. Nonostante le incertezze globali, il numero di start-up \u00e8 aumentato in modo significativo e ha persino superato il precedente anno record del 2023.<\/p>\n<p>Simon May spiega: \"Questo nuovo record di start-up illustra lo spirito imprenditoriale in Svizzera e la grande disponibilit\u00e0 a realizzare i propri sogni e a correre rischi imprenditoriali in un contesto nazionale relativamente stabile. L'importanza delle start-up per il buon funzionamento dell'economia \u00e8 illustrata anche dagli ultimi dati dell'UST. Ogni anno, l'8% di tutte le aziende svizzere \u00e8 di nuova costituzione. Pi\u00f9 di un dipendente su 10 lavora in un'azienda che ha meno di 10 anni. Il numero crescente di nuove imprese contribuisce in modo significativo alla creazione di nuovi posti di lavoro e alla tenuta economica della Svizzera. Grazie a un sistema politico stabile, a infrastrutture di prim'ordine e a programmi di sostegno mirati, la Svizzera pu\u00f2 guardare a un altro anno di successi.\"<\/p>\n<p>Sebbene il volume dei finanziamenti nel settore delle start-up tecnologiche sia ancora inferiore ai livelli record del 2021 e del 2022, vi sono diversi segnali positivi. Tra questi, l'aumento degli investimenti nei settori biotech e medtech, un numero crescente di iniziative di finanziamento e il fatto che Horizon Europe sar\u00e0 nuovamente aperto agli investimenti svizzeri a partire da gennaio 2025. Ci\u00f2 sottolinea la posizione di primo piano della Svizzera nell'ambiente globale dell'innovazione.<\/p>\n<p>Le prospettive per il 2025 sono promettenti. La trasformazione digitale con l'intelligenza artificiale e il forte spirito imprenditoriale continuano a rivitalizzare l'economia svizzera.<\/p>\n<p><em>Fonte:\u00a0<a href=\"http:\/\/www.ifj.ch\/\">www.ifj.ch<\/a><\/em><\/p>","protected":false},"excerpt":{"rendered":"<p>Sono arrivati i dati giornalieri sulle start-up per il 2024 e hanno stabilito un altro record. Mai come quest'anno sono state fondate cos\u00ec tante aziende in Svizzera. Secondo l'ultimo studio dell'Istituto IFJ per i giovani imprenditori \"Analisi nazionale delle costituzioni di imprese svizzere 2024\", sono state registrate 52.978 nuove imprese. Questo dato supera l'anno record del 2023, in cui era gi\u00e0 stato raggiunto un massimo di 51.637 start-up.<\/p>","protected":false},"author":80,"featured_media":34932,"comment_status":"closed","ping_status":"closed","sticky":false,"template":"","format":"standard","meta":{"_acf_changed":false,"_yoast_wpseo_focuskw":"Firmengr\u00fcndungsrekord","_yoast_wpseo_metadesc":"Mit 52'978 Neugr\u00fcndungen stellt die Schweiz 2024 einen neuen Rekord auf. Die steigende Gr\u00fcndungszahl st\u00e4rkt Innovation und Wirtschaft.","articlekey":"","footnotes":""},"categories":[28],"tags":[205,4048,424,2831,492],"class_list":["post-34931","post","type-post","status-publish","format-standard","has-post-thumbnail","hentry","category-management","tag-firmengruendungen","tag-gruendungsrekord","tag-schweiz","tag-startup","tag-unternehmen"],"acf":[],"yoast_head":"<!-- This site is optimized with the Yoast SEO plugin v27.4 - https:\/\/yoast.com\/product\/yoast-seo-wordpress\/ -->\n<title>2024 bricht erneut den Firmengr\u00fcndungsrekord - Organisator<\/title>\n<meta name=\"description\" content=\"Mit 52&#039;978 Neugr\u00fcndungen stellt die Schweiz 2024 einen neuen Rekord auf. Die steigende Gr\u00fcndungszahl st\u00e4rkt Innovation und Wirtschaft.\" \/>\n<meta name=\"robots\" content=\"index, follow, max-snippet:-1, max-image-preview:large, max-video-preview:-1\" \/>\n<link rel=\"canonical\" href=\"https:\/\/www.organisator.ch\/it\/gestione-2\/2025-01-06\/2024-bricht-erneut-den-firmengruendungsrekord\/\" \/>\n<meta property=\"og:locale\" content=\"it_IT\" \/>\n<meta property=\"og:type\" content=\"article\" \/>\n<meta property=\"og:title\" content=\"2024 bricht erneut den Firmengr\u00fcndungsrekord\" \/>\n<meta property=\"og:description\" content=\"Mit 52&#039;978 Neugr\u00fcndungen stellt die Schweiz 2024 einen neuen Rekord auf. Die steigende Gr\u00fcndungszahl st\u00e4rkt Innovation und Wirtschaft.\" \/>\n<meta property=\"og:url\" content=\"https:\/\/www.organisator.ch\/it\/gestione-2\/2025-01-06\/2024-bricht-erneut-den-firmengruendungsrekord\/\" \/>\n<meta property=\"og:site_name\" content=\"Organisator\" \/>\n<meta property=\"article:publisher\" content=\"https:\/\/www.facebook.com\/OrganisatorFachmagazin\" \/>\n<meta property=\"article:published_time\" content=\"2025-01-06T06:30:20+00:00\" \/>\n<meta property=\"article:modified_time\" content=\"2025-01-20T11:00:19+00:00\" \/>\n<meta property=\"og:image\" content=\"https:\/\/www.organisator.ch\/wp-content\/uploads\/2025\/01\/Firmengruendungsrekord_Bild1_ps.jpg\" \/>\n\t<meta property=\"og:image:width\" content=\"680\" \/>\n\t<meta property=\"og:image:height\" content=\"464\" \/>\n\t<meta property=\"og:image:type\" content=\"image\/jpeg\" \/>\n<meta name=\"author\" content=\"Dzana Muminovic\" \/>\n<meta name=\"twitter:card\" content=\"summary_large_image\" \/>\n<meta name=\"twitter:title\" content=\"2024 bricht erneut den Firmengr\u00fcndungsrekord\" \/>\n<meta name=\"twitter:description\" content=\"Mit 52&#039;978 #Neugr\u00fcndungen stellt die #Schweiz 2024 einen neuen #Rekord auf. Die steigende #Gr\u00fcndungszahl st\u00e4rkt #Innovation und #Wirtschaft.\" \/>\n<meta name=\"twitter:image\" content=\"https:\/\/www.organisator.ch\/wp-content\/uploads\/2025\/01\/Firmengruendungsrekord_Bild1_ps.jpg\" \/>\n<script type=\"application\/ld+json\" class=\"yoast-schema-graph\">{\"@context\":\"https:\\\/\\\/schema.org\",\"@graph\":[{\"@type\":\"Article\",\"@id\":\"https:\\\/\\\/www.organisator.ch\\\/management\\\/2025-01-06\\\/2024-bricht-erneut-den-firmengruendungsrekord\\\/#article\",\"isPartOf\":{\"@id\":\"https:\\\/\\\/www.organisator.ch\\\/management\\\/2025-01-06\\\/2024-bricht-erneut-den-firmengruendungsrekord\\\/\"},\"author\":{\"name\":\"Dzana Muminovic\",\"@id\":\"https:\\\/\\\/www.organisator.ch\\\/#\\\/schema\\\/person\\\/afccda3a71c06d4be2ed9100dd163db7\"},\"headline\":\"2024 bricht erneut den Firmengr\u00fcndungsrekord\",\"datePublished\":\"2025-01-06T06:30:20+00:00\",\"dateModified\":\"2025-01-20T11:00:19+00:00\",\"mainEntityOfPage\":{\"@id\":\"https:\\\/\\\/www.organisator.ch\\\/management\\\/2025-01-06\\\/2024-bricht-erneut-den-firmengruendungsrekord\\\/\"},\"wordCount\":1037,\"publisher\":{\"@id\":\"https:\\\/\\\/www.organisator.ch\\\/#organization\"},\"image\":{\"@id\":\"https:\\\/\\\/www.organisator.ch\\\/management\\\/2025-01-06\\\/2024-bricht-erneut-den-firmengruendungsrekord\\\/#primaryimage\"},\"thumbnailUrl\":\"https:\\\/\\\/www.organisator.ch\\\/wp-content\\\/uploads\\\/2025\\\/01\\\/Firmengruendungsrekord_Bild1_ps.jpg\",\"keywords\":[\"Firmengr\u00fcndungen\",\"Gr\u00fcndungsrekord\",\"Schweiz\",\"Startup\",\"Unternehmen\"],\"articleSection\":[\"MANAGEMENT\"],\"inLanguage\":\"it-IT\"},{\"@type\":\"WebPage\",\"@id\":\"https:\\\/\\\/www.organisator.ch\\\/management\\\/2025-01-06\\\/2024-bricht-erneut-den-firmengruendungsrekord\\\/\",\"url\":\"https:\\\/\\\/www.organisator.ch\\\/management\\\/2025-01-06\\\/2024-bricht-erneut-den-firmengruendungsrekord\\\/\",\"name\":\"2024 bricht erneut den Firmengr\u00fcndungsrekord - Organisator\",\"isPartOf\":{\"@id\":\"https:\\\/\\\/www.organisator.ch\\\/#website\"},\"primaryImageOfPage\":{\"@id\":\"https:\\\/\\\/www.organisator.ch\\\/management\\\/2025-01-06\\\/2024-bricht-erneut-den-firmengruendungsrekord\\\/#primaryimage\"},\"image\":{\"@id\":\"https:\\\/\\\/www.organisator.ch\\\/management\\\/2025-01-06\\\/2024-bricht-erneut-den-firmengruendungsrekord\\\/#primaryimage\"},\"thumbnailUrl\":\"https:\\\/\\\/www.organisator.ch\\\/wp-content\\\/uploads\\\/2025\\\/01\\\/Firmengruendungsrekord_Bild1_ps.jpg\",\"datePublished\":\"2025-01-06T06:30:20+00:00\",\"dateModified\":\"2025-01-20T11:00:19+00:00\",\"description\":\"Mit 52'978 Neugr\u00fcndungen stellt die Schweiz 2024 einen neuen Rekord auf. Die steigende Gr\u00fcndungszahl st\u00e4rkt Innovation und Wirtschaft.\",\"breadcrumb\":{\"@id\":\"https:\\\/\\\/www.organisator.ch\\\/management\\\/2025-01-06\\\/2024-bricht-erneut-den-firmengruendungsrekord\\\/#breadcrumb\"},\"inLanguage\":\"it-IT\",\"potentialAction\":[{\"@type\":\"ReadAction\",\"target\":[\"https:\\\/\\\/www.organisator.ch\\\/management\\\/2025-01-06\\\/2024-bricht-erneut-den-firmengruendungsrekord\\\/\"]}]},{\"@type\":\"ImageObject\",\"inLanguage\":\"it-IT\",\"@id\":\"https:\\\/\\\/www.organisator.ch\\\/management\\\/2025-01-06\\\/2024-bricht-erneut-den-firmengruendungsrekord\\\/#primaryimage\",\"url\":\"https:\\\/\\\/www.organisator.ch\\\/wp-content\\\/uploads\\\/2025\\\/01\\\/Firmengruendungsrekord_Bild1_ps.jpg\",\"contentUrl\":\"https:\\\/\\\/www.organisator.ch\\\/wp-content\\\/uploads\\\/2025\\\/01\\\/Firmengruendungsrekord_Bild1_ps.jpg\",\"width\":680,\"height\":464,\"caption\":\"Noch nie wurden in der Schweiz so viele Unternehmen gegr\u00fcndet wie in diesem Jahr. (Bild: www.ifj.ch)\"},{\"@type\":\"BreadcrumbList\",\"@id\":\"https:\\\/\\\/www.organisator.ch\\\/management\\\/2025-01-06\\\/2024-bricht-erneut-den-firmengruendungsrekord\\\/#breadcrumb\",\"itemListElement\":[{\"@type\":\"ListItem\",\"position\":1,\"name\":\"Home\",\"item\":\"https:\\\/\\\/www.organisator.ch\\\/\"},{\"@type\":\"ListItem\",\"position\":2,\"name\":\"2024 bricht erneut den Firmengr\u00fcndungsrekord\"}]},{\"@type\":\"WebSite\",\"@id\":\"https:\\\/\\\/www.organisator.ch\\\/#website\",\"url\":\"https:\\\/\\\/www.organisator.ch\\\/\",\"name\":\"Organisator\",\"description\":\"Kompetent. Praxisnah. Der ORGANISATOR bereitet in 10 Ausgaben pro Jahr die wesentlichen Themen f\u00fcr F\u00fchrungskr\u00e4fte von KMU auf.\",\"publisher\":{\"@id\":\"https:\\\/\\\/www.organisator.ch\\\/#organization\"},\"potentialAction\":[{\"@type\":\"SearchAction\",\"target\":{\"@type\":\"EntryPoint\",\"urlTemplate\":\"https:\\\/\\\/www.organisator.ch\\\/?s={search_term_string}\"},\"query-input\":{\"@type\":\"PropertyValueSpecification\",\"valueRequired\":true,\"valueName\":\"search_term_string\"}}],\"inLanguage\":\"it-IT\"},{\"@type\":\"Organization\",\"@id\":\"https:\\\/\\\/www.organisator.ch\\\/#organization\",\"name\":\"Organisator\",\"url\":\"https:\\\/\\\/www.organisator.ch\\\/\",\"logo\":{\"@type\":\"ImageObject\",\"inLanguage\":\"it-IT\",\"@id\":\"https:\\\/\\\/www.organisator.ch\\\/#\\\/schema\\\/logo\\\/image\\\/\",\"url\":\"https:\\\/\\\/www.organisator.ch\\\/wp-content\\\/uploads\\\/2022\\\/01\\\/Logo_Organisator_Website.png\",\"contentUrl\":\"https:\\\/\\\/www.organisator.ch\\\/wp-content\\\/uploads\\\/2022\\\/01\\\/Logo_Organisator_Website.png\",\"width\":800,\"height\":77,\"caption\":\"Organisator\"},\"image\":{\"@id\":\"https:\\\/\\\/www.organisator.ch\\\/#\\\/schema\\\/logo\\\/image\\\/\"},\"sameAs\":[\"https:\\\/\\\/www.facebook.com\\\/OrganisatorFachmagazin\",\"https:\\\/\\\/www.linkedin.com\\\/showcase\\\/organisator-das-magazin-fr-kmu\",\"https:\\\/\\\/www.xing.com\\\/news\\\/pages\\\/organisator-ch-695\",\"https:\\\/\\\/www.youtube.com\\\/channel\\\/UCGP2Sq0iWaZwT3BdIAQFYpw\"]},{\"@type\":\"Person\",\"@id\":\"https:\\\/\\\/www.organisator.ch\\\/#\\\/schema\\\/person\\\/afccda3a71c06d4be2ed9100dd163db7\",\"name\":\"Dzana Muminovic\",\"image\":{\"@type\":\"ImageObject\",\"inLanguage\":\"it-IT\",\"@id\":\"https:\\\/\\\/secure.gravatar.com\\\/avatar\\\/909c5c71aff4b38e88686f2ab2f1ba152571f394f41ed8bae431ea56ced93050?s=96&d=mm&r=g\",\"url\":\"https:\\\/\\\/secure.gravatar.com\\\/avatar\\\/909c5c71aff4b38e88686f2ab2f1ba152571f394f41ed8bae431ea56ced93050?s=96&d=mm&r=g\",\"contentUrl\":\"https:\\\/\\\/secure.gravatar.com\\\/avatar\\\/909c5c71aff4b38e88686f2ab2f1ba152571f394f41ed8bae431ea56ced93050?s=96&d=mm&r=g\",\"caption\":\"Dzana Muminovic\"},\"url\":\"https:\\\/\\\/www.organisator.ch\\\/it\\\/author\\\/dzana-muminovic\\\/\"}]}<\/script>\n<!-- \/ Yoast SEO plugin. -->","yoast_head_json":{"title":"2024 batte nuovamente il record di fondazione aziendale - organizzatore","description":"Con 52.978 start-up, la Svizzera stabilisce un nuovo record nel 2024. Il numero crescente di start-up rafforza l'innovazione e l'economia.","robots":{"index":"index","follow":"follow","max-snippet":"max-snippet:-1","max-image-preview":"max-image-preview:large","max-video-preview":"max-video-preview:-1"},"canonical":"https:\/\/www.organisator.ch\/it\/gestione-2\/2025-01-06\/2024-bricht-erneut-den-firmengruendungsrekord\/","og_locale":"it_IT","og_type":"article","og_title":"2024 bricht erneut den Firmengr\u00fcndungsrekord","og_description":"Mit 52'978 Neugr\u00fcndungen stellt die Schweiz 2024 einen neuen Rekord auf. Die steigende Gr\u00fcndungszahl st\u00e4rkt Innovation und Wirtschaft.","og_url":"https:\/\/www.organisator.ch\/it\/gestione-2\/2025-01-06\/2024-bricht-erneut-den-firmengruendungsrekord\/","og_site_name":"Organisator","article_publisher":"https:\/\/www.facebook.com\/OrganisatorFachmagazin","article_published_time":"2025-01-06T06:30:20+00:00","article_modified_time":"2025-01-20T11:00:19+00:00","og_image":[{"width":680,"height":464,"url":"https:\/\/www.organisator.ch\/wp-content\/uploads\/2025\/01\/Firmengruendungsrekord_Bild1_ps.jpg","type":"image\/jpeg"}],"author":"Dzana Muminovic","twitter_card":"summary_large_image","twitter_title":"2024 bricht erneut den Firmengr\u00fcndungsrekord","twitter_description":"Mit 52'978 #Neugr\u00fcndungen stellt die #Schweiz 2024 einen neuen #Rekord auf. Die steigende #Gr\u00fcndungszahl st\u00e4rkt #Innovation und #Wirtschaft.","twitter_image":"https:\/\/www.organisator.ch\/wp-content\/uploads\/2025\/01\/Firmengruendungsrekord_Bild1_ps.jpg","schema":{"@context":"https:\/\/schema.org","@graph":[{"@type":"Article","@id":"https:\/\/www.organisator.ch\/management\/2025-01-06\/2024-bricht-erneut-den-firmengruendungsrekord\/#article","isPartOf":{"@id":"https:\/\/www.organisator.ch\/management\/2025-01-06\/2024-bricht-erneut-den-firmengruendungsrekord\/"},"author":{"name":"Dzana Muminovic","@id":"https:\/\/www.organisator.ch\/#\/schema\/person\/afccda3a71c06d4be2ed9100dd163db7"},"headline":"2024 bricht erneut den Firmengr\u00fcndungsrekord","datePublished":"2025-01-06T06:30:20+00:00","dateModified":"2025-01-20T11:00:19+00:00","mainEntityOfPage":{"@id":"https:\/\/www.organisator.ch\/management\/2025-01-06\/2024-bricht-erneut-den-firmengruendungsrekord\/"},"wordCount":1037,"publisher":{"@id":"https:\/\/www.organisator.ch\/#organization"},"image":{"@id":"https:\/\/www.organisator.ch\/management\/2025-01-06\/2024-bricht-erneut-den-firmengruendungsrekord\/#primaryimage"},"thumbnailUrl":"https:\/\/www.organisator.ch\/wp-content\/uploads\/2025\/01\/Firmengruendungsrekord_Bild1_ps.jpg","keywords":["Firmengr\u00fcndungen","Gr\u00fcndungsrekord","Schweiz","Startup","Unternehmen"],"articleSection":["MANAGEMENT"],"inLanguage":"it-IT"},{"@type":"WebPage","@id":"https:\/\/www.organisator.ch\/management\/2025-01-06\/2024-bricht-erneut-den-firmengruendungsrekord\/","url":"https:\/\/www.organisator.ch\/management\/2025-01-06\/2024-bricht-erneut-den-firmengruendungsrekord\/","name":"2024 batte nuovamente il record di fondazione aziendale - organizzatore","isPartOf":{"@id":"https:\/\/www.organisator.ch\/#website"},"primaryImageOfPage":{"@id":"https:\/\/www.organisator.ch\/management\/2025-01-06\/2024-bricht-erneut-den-firmengruendungsrekord\/#primaryimage"},"image":{"@id":"https:\/\/www.organisator.ch\/management\/2025-01-06\/2024-bricht-erneut-den-firmengruendungsrekord\/#primaryimage"},"thumbnailUrl":"https:\/\/www.organisator.ch\/wp-content\/uploads\/2025\/01\/Firmengruendungsrekord_Bild1_ps.jpg","datePublished":"2025-01-06T06:30:20+00:00","dateModified":"2025-01-20T11:00:19+00:00","description":"Con 52.978 start-up, la Svizzera stabilisce un nuovo record nel 2024. Il numero crescente di start-up rafforza l'innovazione e l'economia.","breadcrumb":{"@id":"https:\/\/www.organisator.ch\/management\/2025-01-06\/2024-bricht-erneut-den-firmengruendungsrekord\/#breadcrumb"},"inLanguage":"it-IT","potentialAction":[{"@type":"ReadAction","target":["https:\/\/www.organisator.ch\/management\/2025-01-06\/2024-bricht-erneut-den-firmengruendungsrekord\/"]}]},{"@type":"ImageObject","inLanguage":"it-IT","@id":"https:\/\/www.organisator.ch\/management\/2025-01-06\/2024-bricht-erneut-den-firmengruendungsrekord\/#primaryimage","url":"https:\/\/www.organisator.ch\/wp-content\/uploads\/2025\/01\/Firmengruendungsrekord_Bild1_ps.jpg","contentUrl":"https:\/\/www.organisator.ch\/wp-content\/uploads\/2025\/01\/Firmengruendungsrekord_Bild1_ps.jpg","width":680,"height":464,"caption":"Noch nie wurden in der Schweiz so viele Unternehmen gegr\u00fcndet wie in diesem Jahr. (Bild: www.ifj.ch)"},{"@type":"BreadcrumbList","@id":"https:\/\/www.organisator.ch\/management\/2025-01-06\/2024-bricht-erneut-den-firmengruendungsrekord\/#breadcrumb","itemListElement":[{"@type":"ListItem","position":1,"name":"Home","item":"https:\/\/www.organisator.ch\/"},{"@type":"ListItem","position":2,"name":"2024 bricht erneut den Firmengr\u00fcndungsrekord"}]},{"@type":"WebSite","@id":"https:\/\/www.organisator.ch\/#website","url":"https:\/\/www.organisator.ch\/","name":"Organizzatore","description":"Competente. Pratico. In 10 numeri all'anno, ORGANISATOR presenta i temi essenziali per i manager delle PMI.","publisher":{"@id":"https:\/\/www.organisator.ch\/#organization"},"potentialAction":[{"@type":"SearchAction","target":{"@type":"EntryPoint","urlTemplate":"https:\/\/www.organisator.ch\/?s={search_term_string}"},"query-input":{"@type":"PropertyValueSpecification","valueRequired":true,"valueName":"search_term_string"}}],"inLanguage":"it-IT"},{"@type":"Organization","@id":"https:\/\/www.organisator.ch\/#organization","name":"Organizzatore","url":"https:\/\/www.organisator.ch\/","logo":{"@type":"ImageObject","inLanguage":"it-IT","@id":"https:\/\/www.organisator.ch\/#\/schema\/logo\/image\/","url":"https:\/\/www.organisator.ch\/wp-content\/uploads\/2022\/01\/Logo_Organisator_Website.png","contentUrl":"https:\/\/www.organisator.ch\/wp-content\/uploads\/2022\/01\/Logo_Organisator_Website.png","width":800,"height":77,"caption":"Organisator"},"image":{"@id":"https:\/\/www.organisator.ch\/#\/schema\/logo\/image\/"},"sameAs":["https:\/\/www.facebook.com\/OrganisatorFachmagazin","https:\/\/www.linkedin.com\/showcase\/organisator-das-magazin-fr-kmu","https:\/\/www.xing.com\/news\/pages\/organisator-ch-695","https:\/\/www.youtube.com\/channel\/UCGP2Sq0iWaZwT3BdIAQFYpw"]},{"@type":"Person","@id":"https:\/\/www.organisator.ch\/#\/schema\/person\/afccda3a71c06d4be2ed9100dd163db7","name":"Dzana Muminovic","image":{"@type":"ImageObject","inLanguage":"it-IT","@id":"https:\/\/secure.gravatar.com\/avatar\/909c5c71aff4b38e88686f2ab2f1ba152571f394f41ed8bae431ea56ced93050?s=96&d=mm&r=g","url":"https:\/\/secure.gravatar.com\/avatar\/909c5c71aff4b38e88686f2ab2f1ba152571f394f41ed8bae431ea56ced93050?s=96&d=mm&r=g","contentUrl":"https:\/\/secure.gravatar.com\/avatar\/909c5c71aff4b38e88686f2ab2f1ba152571f394f41ed8bae431ea56ced93050?s=96&d=mm&r=g","caption":"Dzana Muminovic"},"url":"https:\/\/www.organisator.ch\/it\/author\/dzana-muminovic\/"}]}},"_links":{"self":[{"href":"https:\/\/www.organisator.ch\/it\/wp-json\/wp\/v2\/posts\/34931","targetHints":{"allow":["GET"]}}],"collection":[{"href":"https:\/\/www.organisator.ch\/it\/wp-json\/wp\/v2\/posts"}],"about":[{"href":"https:\/\/www.organisator.ch\/it\/wp-json\/wp\/v2\/types\/post"}],"author":[{"embeddable":true,"href":"https:\/\/www.organisator.ch\/it\/wp-json\/wp\/v2\/users\/80"}],"replies":[{"embeddable":true,"href":"https:\/\/www.organisator.ch\/it\/wp-json\/wp\/v2\/comments?post=34931"}],"version-history":[{"count":6,"href":"https:\/\/www.organisator.ch\/it\/wp-json\/wp\/v2\/posts\/34931\/revisions"}],"predecessor-version":[{"id":35379,"href":"https:\/\/www.organisator.ch\/it\/wp-json\/wp\/v2\/posts\/34931\/revisions\/35379"}],"wp:featuredmedia":[{"embeddable":true,"href":"https:\/\/www.organisator.ch\/it\/wp-json\/wp\/v2\/media\/34932"}],"wp:attachment":[{"href":"https:\/\/www.organisator.ch\/it\/wp-json\/wp\/v2\/media?parent=34931"}],"wp:term":[{"taxonomy":"category","embeddable":true,"href":"https:\/\/www.organisator.ch\/it\/wp-json\/wp\/v2\/categories?post=34931"},{"taxonomy":"post_tag","embeddable":true,"href":"https:\/\/www.organisator.ch\/it\/wp-json\/wp\/v2\/tags?post=34931"}],"curies":[{"name":"wp","href":"https:\/\/api.w.org\/{rel}","templated":true}]}}